{"id":40081,"date":"2024-06-28T10:22:10","date_gmt":"2024-06-28T08:22:10","guid":{"rendered":"https:\/\/www.krafthand.de\/truck\/?p=40081"},"modified":"2024-06-28T11:12:36","modified_gmt":"2024-06-28T09:12:36","slug":"truck-grand-prix-nuerburgring-prometeon-sponsort-supertruck-awards","status":"publish","type":"post","link":"https:\/\/www.krafthand.de\/truck\/artikel\/truck-grand-prix-nuerburgring-prometeon-sponsort-supertruck-awards-40081\/","title":{"rendered":"ADAC-Truck-Grand-Prix: Prometeon sponsort SuperTruck-Awards und pr\u00e4sentiert sich auf Messe"},"content":{"rendered":"<p>Die Prometeon Tyre Deutschland gab die Teilnahme am 37. Int. ADAC Truck-Grand-Prix\u00a0 Deutschland bekannt. Dieses Jahr sei man wieder mit einem gro\u00dfen Stand bei der Industriemesse dabei, die flankierend zur Motorsportveranstaltung stattfindet. Zudem hat Prometeon das Sponsoring des &#8218;SuperTruck Awards&#8216; \u00fcbernommen, einer Auszeichnung, die in den Vorjahren unter dem Titel &#8218;Sch\u00f6nster-Truck-Award&#8216; gef\u00fchrt wurde.<\/p>\n<p>Im Rahmen der Industriemesse zeigt <a href=\"https:\/\/www.prometeon.com\/DE\/de_DE\" target=\"_blank\" rel=\"noopener\">Prometeon<\/a> unter anderem die Reifen der neuen Serie 02, die erstmals ohne Pirelli-Branding und damit eigenst\u00e4ndig daherkommen. Man kann sich \u00fcber die Vorz\u00fcge der Pneus und \u00fcber weitere Dienstleistungen von Prometeon, wie zum Beispiel das H\u00e4ndlernetzwerk &#8218;SuperTruck&#8216; informieren.\u00a0Mit dem &#8218;Prometeon SuperTruck Award&#8216; werden die Kreativit\u00e4t, die individuelle Gestaltung und die technische Umsetzung ausgezeichnet, die in entsprechend nominierten Trucks steckt. Der Award wird in den Kategorien History, Show und Working vergeben.<\/p>\n<blockquote><p>\u201eDer ADAC Truck-Grand-Prix bietet eine einmalige Gelegenheit, die Reifen unserer Serie-02 zu pr\u00e4sentieren. Der &#8218;Prometeon SuperTruck Award&#8216; unterstreicht unser Streben nach Exzellenz und Innovation&#8220;, so Tino Schunath, CEO der Prometeon Tyre Deutschland GmbH.<\/p><\/blockquote>\n<p>Die Bewerbungsphase f\u00fcr den <strong>&#8218;PROMETEON SuperTruck Award&#8216;<\/strong> wurde bereits Ende Mai er\u00f6ffnet. Eingeladen zur Teilnahme sind alle Trucks, die in den Camps des Truck-Grand-Prix registriert und mit einer Startnummer versehen sind. <strong>Die Voting-Phase l\u00e4uft noch bis zum 8. Juli<\/strong> \u00fcber die offiziellen Instagram- und Facebook-K\u00e4nale des <a href=\"https:\/\/truck-grand-prix.de\" target=\"_blank\" rel=\"noopener\">ADAC Truck-Grand-Prix<\/a><\/p>\n<p>&nbsp;<\/p>\n","protected":false},"excerpt":{"rendered":"<p>Die Prometeon Tyre Deutschland gab die Teilnahme am 37. Int. ADAC Truck-Grand-Prix\u00a0 Deutschland bekannt. Dieses Jahr sei man wieder mit einem gro\u00dfen Stand bei der Industriemesse dabei, die flankierend zur Motorsportveranstaltung stattfindet. Zudem hat Prometeon das Sponsoring des &#8218;SuperTruck Awards&#8216; \u00fcbernommen. <span class=\"excerpt-more__dots\">&#8230;<\/span> <a class=\"excerpt-more__link\" href=\"https:\/\/www.krafthand.de\/truck\/artikel\/truck-grand-prix-nuerburgring-prometeon-sponsort-supertruck-awards-40081\/\" >weiter<\/a><\/p>\n","protected":false},"author":9,"featured_media":40090,"comment_status":"closed","ping_status":"closed","sticky":false,"template":"","format":"standard","meta":{"footnotes":""},"categories":[4227,4236],"tags":[5158,99,145],"settings":[4766,3523],"class_list":["post-40081","post","type-post","status-publish","format-standard","has-post-thumbnail","hentry","category-rad-reifen-bremse","category-veranstaltungen","tag-prometeon","tag-reifen","tag-truck-grand-prix"],"yoast_head":"<!-- This site is optimized with the Yoast SEO plugin v27.3 - https:\/\/yoast.com\/product\/yoast-seo-wordpress\/ -->\n<title>ADAC-Truck-Grand-Prix: Prometeon sponsort SuperTruck-Awards und pr\u00e4sentiert sich auf Messe - Krafthand-Truck<\/title>\n<meta name=\"robots\" content=\"index, follow, max-snippet:-1, max-image-preview:large, max-video-preview:-1\" \/>\n<link rel=\"canonical\" href=\"https:\/\/www.krafthand.de\/truck\/artikel\/truck-grand-prix-nuerburgring-prometeon-sponsort-supertruck-awards-40081\/\" \/>\n<meta property=\"og:locale\" content=\"de_DE\" \/>\n<meta property=\"og:type\" content=\"article\" \/>\n<meta property=\"og:title\" content=\"ADAC-Truck-Grand-Prix: Prometeon sponsort SuperTruck-Awards und pr\u00e4sentiert sich auf Messe - Krafthand-Truck\" \/>\n<meta property=\"og:description\" content=\"Die Prometeon Tyre Deutschland gab die Teilnahme am 37. Int. ADAC Truck-Grand-Prix\u00a0 Deutschland bekannt. Dieses Jahr sei man wieder mit einem gro\u00dfen Stand bei der Industriemesse dabei, die flankierend zur Motorsportveranstaltung stattfindet. Zudem hat Prometeon das Sponsoring des &#039;SuperTruck Awards&#039; \u00fcbernommen. ... weiter\" \/>\n<meta property=\"og:url\" content=\"https:\/\/www.krafthand-truck.de\/artikel\/truck-grand-prix-nuerburgring-prometeon-sponsort-supertruck-awards-40081\/\" \/>\n<meta property=\"og:site_name\" content=\"Krafthand-Truck\" \/>\n<meta property=\"article:published_time\" content=\"2024-06-28T08:22:10+00:00\" \/>\n<meta property=\"article:modified_time\" content=\"2024-06-28T09:12:36+00:00\" \/>\n<meta property=\"og:image\" content=\"https:\/\/static.krafthand-truck.de\/uploads\/2024\/06\/Prometeon_ADAC-Truck-Grand-Prix_copyright-ADAC_2024.jpg\" \/>\n\t<meta property=\"og:image:width\" content=\"1080\" \/>\n\t<meta property=\"og:image:height\" content=\"720\" \/>\n\t<meta property=\"og:image:type\" content=\"image\/jpeg\" \/>\n<meta name=\"author\" content=\"georg.blenk@krafthand-medien.de\" \/>\n<meta name=\"twitter:card\" content=\"summary_large_image\" \/>\n<meta name=\"twitter:label1\" content=\"Verfasst von\" \/>\n\t<meta name=\"twitter:data1\" content=\"georg.blenk@krafthand-medien.de\" \/>\n\t<meta name=\"twitter:label2\" content=\"Gesch\u00e4tzte Lesezeit\" \/>\n\t<meta name=\"twitter:data2\" content=\"2\u00a0Minuten\" \/>\n<script type=\"application\/ld+json\" class=\"yoast-schema-graph\">{\"@context\":\"https:\\\/\\\/schema.org\",\"@graph\":[{\"@type\":\"Article\",\"@id\":\"https:\\\/\\\/www.krafthand.de\\\/truck\\\/artikel\\\/truck-grand-prix-nuerburgring-prometeon-sponsort-supertruck-awards-40081\\\/#article\",\"isPartOf\":{\"@id\":\"https:\\\/\\\/www.krafthand.de\\\/truck\\\/artikel\\\/truck-grand-prix-nuerburgring-prometeon-sponsort-supertruck-awards-40081\\\/\"},\"author\":{\"name\":\"georg.blenk@krafthand-medien.de\",\"@id\":\"https:\\\/\\\/www.krafthand.de\\\/truck\\\/#\\\/schema\\\/person\\\/51fa80b1c57034c4bf63f9f988fc24ce\"},\"headline\":\"ADAC-Truck-Grand-Prix: Prometeon sponsort SuperTruck-Awards und pr\u00e4sentiert sich auf Messe\",\"datePublished\":\"2024-06-28T08:22:10+00:00\",\"dateModified\":\"2024-06-28T09:12:36+00:00\",\"mainEntityOfPage\":{\"@id\":\"https:\\\/\\\/www.krafthand.de\\\/truck\\\/artikel\\\/truck-grand-prix-nuerburgring-prometeon-sponsort-supertruck-awards-40081\\\/\"},\"wordCount\":230,\"image\":{\"@id\":\"https:\\\/\\\/www.krafthand.de\\\/truck\\\/artikel\\\/truck-grand-prix-nuerburgring-prometeon-sponsort-supertruck-awards-40081\\\/#primaryimage\"},\"thumbnailUrl\":\"https:\\\/\\\/static.krafthand-truck.de\\\/uploads\\\/2024\\\/06\\\/Prometeon_ADAC-Truck-Grand-Prix_copyright-ADAC_2024.jpg\",\"keywords\":[\"Prometeon\",\"Reifen\",\"Truck-Grand-Prix\"],\"articleSection\":[\"Rad\\\/Reifen\\\/Bremse\",\"Veranstaltungen\\\/Messen\"],\"inLanguage\":\"de\"},{\"@type\":\"WebPage\",\"@id\":\"https:\\\/\\\/www.krafthand.de\\\/truck\\\/artikel\\\/truck-grand-prix-nuerburgring-prometeon-sponsort-supertruck-awards-40081\\\/\",\"url\":\"https:\\\/\\\/www.krafthand.de\\\/truck\\\/artikel\\\/truck-grand-prix-nuerburgring-prometeon-sponsort-supertruck-awards-40081\\\/\",\"name\":\"ADAC-Truck-Grand-Prix: Prometeon sponsort SuperTruck-Awards und pr\u00e4sentiert sich auf Messe - Krafthand-Truck\",\"isPartOf\":{\"@id\":\"https:\\\/\\\/www.krafthand.de\\\/truck\\\/#website\"},\"primaryImageOfPage\":{\"@id\":\"https:\\\/\\\/www.krafthand.de\\\/truck\\\/artikel\\\/truck-grand-prix-nuerburgring-prometeon-sponsort-supertruck-awards-40081\\\/#primaryimage\"},\"image\":{\"@id\":\"https:\\\/\\\/www.krafthand.de\\\/truck\\\/artikel\\\/truck-grand-prix-nuerburgring-prometeon-sponsort-supertruck-awards-40081\\\/#primaryimage\"},\"thumbnailUrl\":\"https:\\\/\\\/static.krafthand-truck.de\\\/uploads\\\/2024\\\/06\\\/Prometeon_ADAC-Truck-Grand-Prix_copyright-ADAC_2024.jpg\",\"datePublished\":\"2024-06-28T08:22:10+00:00\",\"dateModified\":\"2024-06-28T09:12:36+00:00\",\"author\":{\"@id\":\"https:\\\/\\\/www.krafthand.de\\\/truck\\\/#\\\/schema\\\/person\\\/51fa80b1c57034c4bf63f9f988fc24ce\"},\"breadcrumb\":{\"@id\":\"https:\\\/\\\/www.krafthand.de\\\/truck\\\/artikel\\\/truck-grand-prix-nuerburgring-prometeon-sponsort-supertruck-awards-40081\\\/#breadcrumb\"},\"inLanguage\":\"de\",\"potentialAction\":[{\"@type\":\"ReadAction\",\"target\":[\"https:\\\/\\\/www.krafthand.de\\\/truck\\\/artikel\\\/truck-grand-prix-nuerburgring-prometeon-sponsort-supertruck-awards-40081\\\/\"]}]},{\"@type\":\"ImageObject\",\"inLanguage\":\"de\",\"@id\":\"https:\\\/\\\/www.krafthand.de\\\/truck\\\/artikel\\\/truck-grand-prix-nuerburgring-prometeon-sponsort-supertruck-awards-40081\\\/#primaryimage\",\"url\":\"https:\\\/\\\/static.krafthand-truck.de\\\/uploads\\\/2024\\\/06\\\/Prometeon_ADAC-Truck-Grand-Prix_copyright-ADAC_2024.jpg\",\"contentUrl\":\"https:\\\/\\\/static.krafthand-truck.de\\\/uploads\\\/2024\\\/06\\\/Prometeon_ADAC-Truck-Grand-Prix_copyright-ADAC_2024.jpg\",\"width\":1080,\"height\":720},{\"@type\":\"BreadcrumbList\",\"@id\":\"https:\\\/\\\/www.krafthand.de\\\/truck\\\/artikel\\\/truck-grand-prix-nuerburgring-prometeon-sponsort-supertruck-awards-40081\\\/#breadcrumb\",\"itemListElement\":[{\"@type\":\"ListItem\",\"position\":1,\"name\":\"Krafthand-Truck\",\"item\":\"https:\\\/\\\/www.krafthand.de\\\/truck\\\/\"},{\"@type\":\"ListItem\",\"position\":2,\"name\":\"Nfz-Branche\",\"item\":\"https:\\\/\\\/www.krafthand.de\\\/truck\\\/kategorie\\\/branche\\\/\"},{\"@type\":\"ListItem\",\"position\":3,\"name\":\"Veranstaltungen\\\/Messen\",\"item\":\"https:\\\/\\\/www.krafthand.de\\\/truck\\\/kategorie\\\/branche\\\/veranstaltungen\\\/\"},{\"@type\":\"ListItem\",\"position\":4,\"name\":\"ADAC-Truck-Grand-Prix: Prometeon sponsort SuperTruck-Awards und pr\u00e4sentiert sich auf Messe\"}]},{\"@type\":\"WebSite\",\"@id\":\"https:\\\/\\\/www.krafthand.de\\\/truck\\\/#website\",\"url\":\"https:\\\/\\\/www.krafthand.de\\\/truck\\\/\",\"name\":\"Krafthand-Truck\",\"description\":\"\",\"potentialAction\":[{\"@type\":\"SearchAction\",\"target\":{\"@type\":\"EntryPoint\",\"urlTemplate\":\"https:\\\/\\\/www.krafthand.de\\\/truck\\\/?s={search_term_string}\"},\"query-input\":{\"@type\":\"PropertyValueSpecification\",\"valueRequired\":true,\"valueName\":\"search_term_string\"}}],\"inLanguage\":\"de\"},{\"@type\":\"Person\",\"@id\":\"https:\\\/\\\/www.krafthand.de\\\/truck\\\/#\\\/schema\\\/person\\\/51fa80b1c57034c4bf63f9f988fc24ce\",\"name\":\"georg.blenk@krafthand-medien.de\",\"image\":{\"@type\":\"ImageObject\",\"inLanguage\":\"de\",\"@id\":\"https:\\\/\\\/secure.gravatar.com\\\/avatar\\\/93713c30affe0aa95d3a4130e499bb1abee2eb31adbdd9ce2aa1543538490215?s=96&d=mm&r=g\",\"url\":\"https:\\\/\\\/secure.gravatar.com\\\/avatar\\\/93713c30affe0aa95d3a4130e499bb1abee2eb31adbdd9ce2aa1543538490215?s=96&d=mm&r=g\",\"contentUrl\":\"https:\\\/\\\/secure.gravatar.com\\\/avatar\\\/93713c30affe0aa95d3a4130e499bb1abee2eb31adbdd9ce2aa1543538490215?s=96&d=mm&r=g\",\"caption\":\"georg.blenk@krafthand-medien.de\"}}]}<\/script>\n<!-- \/ Yoast SEO plugin. -->","yoast_head_json":{"title":"ADAC-Truck-Grand-Prix: Prometeon sponsort SuperTruck-Awards und pr\u00e4sentiert sich auf Messe - Krafthand-Truck","robots":{"index":"index","follow":"follow","max-snippet":"max-snippet:-1","max-image-preview":"max-image-preview:large","max-video-preview":"max-video-preview:-1"},"canonical":"https:\/\/www.krafthand.de\/truck\/artikel\/truck-grand-prix-nuerburgring-prometeon-sponsort-supertruck-awards-40081\/","og_locale":"de_DE","og_type":"article","og_title":"ADAC-Truck-Grand-Prix: Prometeon sponsort SuperTruck-Awards und pr\u00e4sentiert sich auf Messe - Krafthand-Truck","og_description":"Die Prometeon Tyre Deutschland gab die Teilnahme am 37. Int. ADAC Truck-Grand-Prix\u00a0 Deutschland bekannt. Dieses Jahr sei man wieder mit einem gro\u00dfen Stand bei der Industriemesse dabei, die flankierend zur Motorsportveranstaltung stattfindet. Zudem hat Prometeon das Sponsoring des 'SuperTruck Awards' \u00fcbernommen. ... weiter","og_url":"https:\/\/www.krafthand-truck.de\/artikel\/truck-grand-prix-nuerburgring-prometeon-sponsort-supertruck-awards-40081\/","og_site_name":"Krafthand-Truck","article_published_time":"2024-06-28T08:22:10+00:00","article_modified_time":"2024-06-28T09:12:36+00:00","og_image":[{"width":1080,"height":720,"url":"https:\/\/static.krafthand-truck.de\/uploads\/2024\/06\/Prometeon_ADAC-Truck-Grand-Prix_copyright-ADAC_2024.jpg","type":"image\/jpeg"}],"author":"georg.blenk@krafthand-medien.de","twitter_card":"summary_large_image","twitter_misc":{"Verfasst von":"georg.blenk@krafthand-medien.de","Gesch\u00e4tzte Lesezeit":"2\u00a0Minuten"},"schema":{"@context":"https:\/\/schema.org","@graph":[{"@type":"Article","@id":"https:\/\/www.krafthand.de\/truck\/artikel\/truck-grand-prix-nuerburgring-prometeon-sponsort-supertruck-awards-40081\/#article","isPartOf":{"@id":"https:\/\/www.krafthand.de\/truck\/artikel\/truck-grand-prix-nuerburgring-prometeon-sponsort-supertruck-awards-40081\/"},"author":{"name":"georg.blenk@krafthand-medien.de","@id":"https:\/\/www.krafthand.de\/truck\/#\/schema\/person\/51fa80b1c57034c4bf63f9f988fc24ce"},"headline":"ADAC-Truck-Grand-Prix: Prometeon sponsort SuperTruck-Awards und pr\u00e4sentiert sich auf Messe","datePublished":"2024-06-28T08:22:10+00:00","dateModified":"2024-06-28T09:12:36+00:00","mainEntityOfPage":{"@id":"https:\/\/www.krafthand.de\/truck\/artikel\/truck-grand-prix-nuerburgring-prometeon-sponsort-supertruck-awards-40081\/"},"wordCount":230,"image":{"@id":"https:\/\/www.krafthand.de\/truck\/artikel\/truck-grand-prix-nuerburgring-prometeon-sponsort-supertruck-awards-40081\/#primaryimage"},"thumbnailUrl":"https:\/\/static.krafthand-truck.de\/uploads\/2024\/06\/Prometeon_ADAC-Truck-Grand-Prix_copyright-ADAC_2024.jpg","keywords":["Prometeon","Reifen","Truck-Grand-Prix"],"articleSection":["Rad\/Reifen\/Bremse","Veranstaltungen\/Messen"],"inLanguage":"de"},{"@type":"WebPage","@id":"https:\/\/www.krafthand.de\/truck\/artikel\/truck-grand-prix-nuerburgring-prometeon-sponsort-supertruck-awards-40081\/","url":"https:\/\/www.krafthand.de\/truck\/artikel\/truck-grand-prix-nuerburgring-prometeon-sponsort-supertruck-awards-40081\/","name":"ADAC-Truck-Grand-Prix: Prometeon sponsort SuperTruck-Awards und pr\u00e4sentiert sich auf Messe - Krafthand-Truck","isPartOf":{"@id":"https:\/\/www.krafthand.de\/truck\/#website"},"primaryImageOfPage":{"@id":"https:\/\/www.krafthand.de\/truck\/artikel\/truck-grand-prix-nuerburgring-prometeon-sponsort-supertruck-awards-40081\/#primaryimage"},"image":{"@id":"https:\/\/www.krafthand.de\/truck\/artikel\/truck-grand-prix-nuerburgring-prometeon-sponsort-supertruck-awards-40081\/#primaryimage"},"thumbnailUrl":"https:\/\/static.krafthand-truck.de\/uploads\/2024\/06\/Prometeon_ADAC-Truck-Grand-Prix_copyright-ADAC_2024.jpg","datePublished":"2024-06-28T08:22:10+00:00","dateModified":"2024-06-28T09:12:36+00:00","author":{"@id":"https:\/\/www.krafthand.de\/truck\/#\/schema\/person\/51fa80b1c57034c4bf63f9f988fc24ce"},"breadcrumb":{"@id":"https:\/\/www.krafthand.de\/truck\/artikel\/truck-grand-prix-nuerburgring-prometeon-sponsort-supertruck-awards-40081\/#breadcrumb"},"inLanguage":"de","potentialAction":[{"@type":"ReadAction","target":["https:\/\/www.krafthand.de\/truck\/artikel\/truck-grand-prix-nuerburgring-prometeon-sponsort-supertruck-awards-40081\/"]}]},{"@type":"ImageObject","inLanguage":"de","@id":"https:\/\/www.krafthand.de\/truck\/artikel\/truck-grand-prix-nuerburgring-prometeon-sponsort-supertruck-awards-40081\/#primaryimage","url":"https:\/\/static.krafthand-truck.de\/uploads\/2024\/06\/Prometeon_ADAC-Truck-Grand-Prix_copyright-ADAC_2024.jpg","contentUrl":"https:\/\/static.krafthand-truck.de\/uploads\/2024\/06\/Prometeon_ADAC-Truck-Grand-Prix_copyright-ADAC_2024.jpg","width":1080,"height":720},{"@type":"BreadcrumbList","@id":"https:\/\/www.krafthand.de\/truck\/artikel\/truck-grand-prix-nuerburgring-prometeon-sponsort-supertruck-awards-40081\/#breadcrumb","itemListElement":[{"@type":"ListItem","position":1,"name":"Krafthand-Truck","item":"https:\/\/www.krafthand.de\/truck\/"},{"@type":"ListItem","position":2,"name":"Nfz-Branche","item":"https:\/\/www.krafthand.de\/truck\/kategorie\/branche\/"},{"@type":"ListItem","position":3,"name":"Veranstaltungen\/Messen","item":"https:\/\/www.krafthand.de\/truck\/kategorie\/branche\/veranstaltungen\/"},{"@type":"ListItem","position":4,"name":"ADAC-Truck-Grand-Prix: Prometeon sponsort SuperTruck-Awards und pr\u00e4sentiert sich auf Messe"}]},{"@type":"WebSite","@id":"https:\/\/www.krafthand.de\/truck\/#website","url":"https:\/\/www.krafthand.de\/truck\/","name":"Krafthand-Truck","description":"","potentialAction":[{"@type":"SearchAction","target":{"@type":"EntryPoint","urlTemplate":"https:\/\/www.krafthand.de\/truck\/?s={search_term_string}"},"query-input":{"@type":"PropertyValueSpecification","valueRequired":true,"valueName":"search_term_string"}}],"inLanguage":"de"},{"@type":"Person","@id":"https:\/\/www.krafthand.de\/truck\/#\/schema\/person\/51fa80b1c57034c4bf63f9f988fc24ce","name":"georg.blenk@krafthand-medien.de","image":{"@type":"ImageObject","inLanguage":"de","@id":"https:\/\/secure.gravatar.com\/avatar\/93713c30affe0aa95d3a4130e499bb1abee2eb31adbdd9ce2aa1543538490215?s=96&d=mm&r=g","url":"https:\/\/secure.gravatar.com\/avatar\/93713c30affe0aa95d3a4130e499bb1abee2eb31adbdd9ce2aa1543538490215?s=96&d=mm&r=g","contentUrl":"https:\/\/secure.gravatar.com\/avatar\/93713c30affe0aa95d3a4130e499bb1abee2eb31adbdd9ce2aa1543538490215?s=96&d=mm&r=g","caption":"georg.blenk@krafthand-medien.de"}}]}},"_links":{"self":[{"href":"https:\/\/www.krafthand.de\/truck\/wp-json\/wp\/v2\/posts\/40081","targetHints":{"allow":["GET"]}}],"collection":[{"href":"https:\/\/www.krafthand.de\/truck\/wp-json\/wp\/v2\/posts"}],"about":[{"href":"https:\/\/www.krafthand.de\/truck\/wp-json\/wp\/v2\/types\/post"}],"author":[{"embeddable":true,"href":"https:\/\/www.krafthand.de\/truck\/wp-json\/wp\/v2\/users\/9"}],"replies":[{"embeddable":true,"href":"https:\/\/www.krafthand.de\/truck\/wp-json\/wp\/v2\/comments?post=40081"}],"version-history":[{"count":13,"href":"https:\/\/www.krafthand.de\/truck\/wp-json\/wp\/v2\/posts\/40081\/revisions"}],"predecessor-version":[{"id":40095,"href":"https:\/\/www.krafthand.de\/truck\/wp-json\/wp\/v2\/posts\/40081\/revisions\/40095"}],"wp:featuredmedia":[{"embeddable":true,"href":"https:\/\/www.krafthand.de\/truck\/wp-json\/wp\/v2\/media\/40090"}],"wp:attachment":[{"href":"https:\/\/www.krafthand.de\/truck\/wp-json\/wp\/v2\/media?parent=40081"}],"wp:term":[{"taxonomy":"category","embeddable":true,"href":"https:\/\/www.krafthand.de\/truck\/wp-json\/wp\/v2\/categories?post=40081"},{"taxonomy":"post_tag","embeddable":true,"href":"https:\/\/www.krafthand.de\/truck\/wp-json\/wp\/v2\/tags?post=40081"},{"taxonomy":"settings","embeddable":true,"href":"https:\/\/www.krafthand.de\/truck\/wp-json\/wp\/v2\/settings?post=40081"}],"curies":[{"name":"wp","href":"https:\/\/api.w.org\/{rel}","templated":true}]}}