{"id":40065,"date":"2024-06-24T11:42:00","date_gmt":"2024-06-24T09:42:00","guid":{"rendered":"https:\/\/www.krafthand.de\/truck\/?p=40065"},"modified":"2024-06-24T14:49:53","modified_gmt":"2024-06-24T12:49:53","slug":"neue-flottenmanagement-plattform-daf-stellt-paccar-connect-vor","status":"publish","type":"post","link":"https:\/\/www.krafthand.de\/truck\/artikel\/neue-flottenmanagement-plattform-daf-stellt-paccar-connect-vor-40065\/","title":{"rendered":"Neue Flottenmanagement-Plattform: DAF stellt PACCAR Connect vor"},"content":{"rendered":"<p>DAF hat k\u00fcrzlich mit PACCAR Connect eine neue Online-Flottenmanagement-Plattform vorgestellt. Dabei umfasst das Paket die Hard- und Software im Lkw, ein abnehmbares Tablet (optional) sowie ein Online-Portal. PACCAR Connect kann jederzeit und \u00fcberall Echtzeitinformationen zur Leistung einzelner Fahrzeuge und der gesamten Flotte sowie zu logistischen Prozessen und zur Leistung der Fahrer bereitstellen und so die Betreiber bei der Optimierung ihrer Rendite unterst\u00fctzen. Jeder neue DAF XB, XD, XF, XG und XG+ ist standardm\u00e4\u00dfig zehn Jahre lang mit PACCAR Connect verbunden, inklusive Software-Updates.<\/p>\n<h2>Auch Daten von Drittanbietern sind nutzbar<\/h2>\n<p>Einer der Vorteile von PACCAR Connect besteht laut DAF darin, dass bestehende Logistik-Anwendungen sogenannter \u201aDrittanbieter\u2018, auch Daten aus dem Online-Portal nutzen k\u00f6nnen. Dies erleichtere die \u00dcberwachung logistischer Prozesse \u00fcber einen Computer, einen Laptop oder Tablet. Dabei mache das Tablet die Arbeit f\u00fcr Fahrer einfacher und effizienter, da es die Connect Mobile Services mit dem DAF-Navigationssystem verbinden kann. Das bedeutet, dass neue Routen, die von der Zentrale des Betreibers erstellt werden, direkt an das DAF-Truck-Navigation-System gesendet werden k\u00f6nnen.<\/p>\n<h2>Fahrzeug-Infos und Reports<\/h2>\n<p>Mit <a href=\"https:\/\/www.daftrucks.de\/de-de\/daf-services\/verbundene-services\/portal-services\" target=\"_blank\" rel=\"noopener\">PACCAR Connect<\/a> lassen sich zudem alle Lkw- und Flottenleistungen online rund um die Uhr anzeigen oder \u00fcber den \u201aReport Scheduler\u2018 per E-Mail versenden. Die Routen- und Kraftstoffberichte k\u00f6nnen auf dem Dashboard entsprechend den individuellen Pr\u00e4ferenzen dargestellt werden. Um maximale Effizienz zu erreichen, nutzt PACCAR Connect auch Geofencing: Dabei wird die Zentrale benachrichtigt, wenn sich ein Lkw einem Lieferort n\u00e4hert oder nach einer Wartung bei einem DAF-Partner wieder voll einsatzf\u00e4hig ist.<\/p>\n<p>Flottenbesitzer, die weitere Informationen ben\u00f6tigen, k\u00f6nnen die optionalen Module \u201aEco Score\u2018 und \u201aVehicle Health\u2018 ausw\u00e4hlen. Ersteres bietet detaillierte Informationen \u00fcber die Leistung des Fahrers, w\u00e4hrend sich Letzteres auf den Zustand des Fahrzeugs konzentriert \u2013 einschlie\u00dflich Echtzeit-Armaturenbrettsignalen und einer Anzeige, wann die n\u00e4chste Wartung f\u00fcr das Fahrzeug erforderlich ist.<\/p>\n<p><i>Den Beitrag finden Sie auch in der Print-Ausgabe 2-2024 der <a href=\"https:\/\/www.krafthand.de\/truck\/magazin\/\" title=\"Zum Magazin\">Krafthand-Truck<\/a>.<\/i><\/p>\r\n\t\t\t\t<div class=\"post-author\">\r\n\t\t\t\t\t<div class=\"khm-cp-author clearfix\">\r\n\t\t\t\t\t\t<div class=\"khm-cp-author__content\">\r\n\t\t\t\t\t\t\t\tKontakt zum Autor:<br \/>\r\n\t\t\t\t\t\t\t\t<strong>Georg Blenk<\/strong>, 08247 \/ 3007-45 |  <a href=\"mailto:georg.blenk@krafthand-medien.de\">georg.blenk@krafthand-medien.de<\/a>\r\n\t\t\t\t\t\t\t<div class=\"khm-cp-author__image\">\r\n\t\t\t\t\t\t<img src=\"https:\/\/static.krafthand-truck.de\/uploads\/2021\/01\/Blenk_6104-250x300-1-removebg-preview.png\" class=\"img-responsive\">\r\n\t\t\t\t\t<\/div>\r\n\t\t\t\t\t\t<\/div>\r\n\t\t\t\t\t<\/div>\r\n\t\t\t\t<\/div>\r\n\t\t\t\t","protected":false},"excerpt":{"rendered":"<p>DAF hat k\u00fcrzlich mit PACCAR Connect eine neue Online-Flottenmanagement-Plattform vorgestellt. Dabei umfasst das Paket die Hard- und Software im Lkw, ein abnehmbares Tablet (optional) sowie ein Online-Portal. <span class=\"excerpt-more__dots\">&#8230;<\/span> <a class=\"excerpt-more__link\" href=\"https:\/\/www.krafthand.de\/truck\/artikel\/neue-flottenmanagement-plattform-daf-stellt-paccar-connect-vor-40065\/\" >weiter<\/a><\/p>\n","protected":false},"author":11,"featured_media":40066,"comment_status":"closed","ping_status":"closed","sticky":false,"template":"","format":"standard","meta":{"footnotes":""},"categories":[4233],"tags":[839,538,5125],"settings":[3524,4766,3523],"class_list":["post-40065","post","type-post","status-publish","format-standard","has-post-thumbnail","hentry","category-navigation","tag-daf","tag-flottenmanagement","tag-paccar"],"yoast_head":"<!-- This site is optimized with the Yoast SEO plugin v27.3 - https:\/\/yoast.com\/product\/yoast-seo-wordpress\/ -->\n<title>Neue Flottenmanagement-Plattform: DAF stellt PACCAR Connect vor - Krafthand-Truck<\/title>\n<meta name=\"description\" content=\"DAF hat k\u00fcrzlich mit PACCAR Connect eine neue Online-Flottenmanagement-Plattform vorgestellt.\" \/>\n<meta name=\"robots\" content=\"index, follow, max-snippet:-1, max-image-preview:large, max-video-preview:-1\" \/>\n<link rel=\"canonical\" href=\"https:\/\/www.krafthand.de\/truck\/artikel\/neue-flottenmanagement-plattform-daf-stellt-paccar-connect-vor-40065\/\" \/>\n<meta property=\"og:locale\" content=\"de_DE\" \/>\n<meta property=\"og:type\" content=\"article\" \/>\n<meta property=\"og:title\" content=\"Neue Flottenmanagement-Plattform: DAF stellt PACCAR Connect vor - Krafthand-Truck\" \/>\n<meta property=\"og:description\" content=\"DAF hat k\u00fcrzlich mit PACCAR Connect eine neue Online-Flottenmanagement-Plattform vorgestellt.\" \/>\n<meta property=\"og:url\" content=\"https:\/\/www.krafthand-truck.de\/artikel\/neue-flottenmanagement-plattform-daf-stellt-paccar-connect-vor-40065\/\" \/>\n<meta property=\"og:site_name\" content=\"Krafthand-Truck\" \/>\n<meta property=\"article:published_time\" content=\"2024-06-24T09:42:00+00:00\" \/>\n<meta property=\"article:modified_time\" content=\"2024-06-24T12:49:53+00:00\" \/>\n<meta property=\"og:image\" content=\"https:\/\/static.krafthand-truck.de\/uploads\/2024\/06\/02_2024_004.jpg\" \/>\n\t<meta property=\"og:image:width\" content=\"1400\" \/>\n\t<meta property=\"og:image:height\" content=\"510\" \/>\n\t<meta property=\"og:image:type\" content=\"image\/jpeg\" \/>\n<meta name=\"author\" content=\"Redaktion Truck\" \/>\n<meta name=\"twitter:card\" content=\"summary_large_image\" \/>\n<meta name=\"twitter:label1\" content=\"Verfasst von\" \/>\n\t<meta name=\"twitter:data1\" content=\"Redaktion Truck\" \/>\n\t<meta name=\"twitter:label2\" content=\"Gesch\u00e4tzte Lesezeit\" \/>\n\t<meta name=\"twitter:data2\" content=\"2\u00a0Minuten\" \/>\n<script type=\"application\/ld+json\" class=\"yoast-schema-graph\">{\"@context\":\"https:\\\/\\\/schema.org\",\"@graph\":[{\"@type\":\"Article\",\"@id\":\"https:\\\/\\\/www.krafthand.de\\\/truck\\\/artikel\\\/neue-flottenmanagement-plattform-daf-stellt-paccar-connect-vor-40065\\\/#article\",\"isPartOf\":{\"@id\":\"https:\\\/\\\/www.krafthand.de\\\/truck\\\/artikel\\\/neue-flottenmanagement-plattform-daf-stellt-paccar-connect-vor-40065\\\/\"},\"author\":{\"name\":\"Redaktion Truck\",\"@id\":\"https:\\\/\\\/www.krafthand.de\\\/truck\\\/#\\\/schema\\\/person\\\/5e47d727209575a4b89376746e24f02f\"},\"headline\":\"Neue Flottenmanagement-Plattform: DAF stellt PACCAR Connect vor\",\"datePublished\":\"2024-06-24T09:42:00+00:00\",\"dateModified\":\"2024-06-24T12:49:53+00:00\",\"mainEntityOfPage\":{\"@id\":\"https:\\\/\\\/www.krafthand.de\\\/truck\\\/artikel\\\/neue-flottenmanagement-plattform-daf-stellt-paccar-connect-vor-40065\\\/\"},\"wordCount\":310,\"image\":{\"@id\":\"https:\\\/\\\/www.krafthand.de\\\/truck\\\/artikel\\\/neue-flottenmanagement-plattform-daf-stellt-paccar-connect-vor-40065\\\/#primaryimage\"},\"thumbnailUrl\":\"https:\\\/\\\/static.krafthand-truck.de\\\/uploads\\\/2024\\\/06\\\/02_2024_004.jpg\",\"keywords\":[\"DAF\",\"Flottenmanagement\",\"Paccar\"],\"articleSection\":[\"Telematik \\\/ Navigation\"],\"inLanguage\":\"de\"},{\"@type\":\"WebPage\",\"@id\":\"https:\\\/\\\/www.krafthand.de\\\/truck\\\/artikel\\\/neue-flottenmanagement-plattform-daf-stellt-paccar-connect-vor-40065\\\/\",\"url\":\"https:\\\/\\\/www.krafthand.de\\\/truck\\\/artikel\\\/neue-flottenmanagement-plattform-daf-stellt-paccar-connect-vor-40065\\\/\",\"name\":\"Neue Flottenmanagement-Plattform: DAF stellt PACCAR Connect vor - Krafthand-Truck\",\"isPartOf\":{\"@id\":\"https:\\\/\\\/www.krafthand.de\\\/truck\\\/#website\"},\"primaryImageOfPage\":{\"@id\":\"https:\\\/\\\/www.krafthand.de\\\/truck\\\/artikel\\\/neue-flottenmanagement-plattform-daf-stellt-paccar-connect-vor-40065\\\/#primaryimage\"},\"image\":{\"@id\":\"https:\\\/\\\/www.krafthand.de\\\/truck\\\/artikel\\\/neue-flottenmanagement-plattform-daf-stellt-paccar-connect-vor-40065\\\/#primaryimage\"},\"thumbnailUrl\":\"https:\\\/\\\/static.krafthand-truck.de\\\/uploads\\\/2024\\\/06\\\/02_2024_004.jpg\",\"datePublished\":\"2024-06-24T09:42:00+00:00\",\"dateModified\":\"2024-06-24T12:49:53+00:00\",\"author\":{\"@id\":\"https:\\\/\\\/www.krafthand.de\\\/truck\\\/#\\\/schema\\\/person\\\/5e47d727209575a4b89376746e24f02f\"},\"description\":\"DAF hat k\u00fcrzlich mit PACCAR Connect eine neue Online-Flottenmanagement-Plattform vorgestellt.\",\"breadcrumb\":{\"@id\":\"https:\\\/\\\/www.krafthand.de\\\/truck\\\/artikel\\\/neue-flottenmanagement-plattform-daf-stellt-paccar-connect-vor-40065\\\/#breadcrumb\"},\"inLanguage\":\"de\",\"potentialAction\":[{\"@type\":\"ReadAction\",\"target\":[\"https:\\\/\\\/www.krafthand.de\\\/truck\\\/artikel\\\/neue-flottenmanagement-plattform-daf-stellt-paccar-connect-vor-40065\\\/\"]}]},{\"@type\":\"ImageObject\",\"inLanguage\":\"de\",\"@id\":\"https:\\\/\\\/www.krafthand.de\\\/truck\\\/artikel\\\/neue-flottenmanagement-plattform-daf-stellt-paccar-connect-vor-40065\\\/#primaryimage\",\"url\":\"https:\\\/\\\/static.krafthand-truck.de\\\/uploads\\\/2024\\\/06\\\/02_2024_004.jpg\",\"contentUrl\":\"https:\\\/\\\/static.krafthand-truck.de\\\/uploads\\\/2024\\\/06\\\/02_2024_004.jpg\",\"width\":1400,\"height\":510,\"caption\":\"DAF m\u00f6chte mit der Online-Flottenmanagement-Plattform PACCAR Connect die Flotteneffizienz optimieren. Bild: DAF\"},{\"@type\":\"BreadcrumbList\",\"@id\":\"https:\\\/\\\/www.krafthand.de\\\/truck\\\/artikel\\\/neue-flottenmanagement-plattform-daf-stellt-paccar-connect-vor-40065\\\/#breadcrumb\",\"itemListElement\":[{\"@type\":\"ListItem\",\"position\":1,\"name\":\"Krafthand-Truck\",\"item\":\"https:\\\/\\\/www.krafthand.de\\\/truck\\\/\"},{\"@type\":\"ListItem\",\"position\":2,\"name\":\"IT+Fuhrpark\",\"item\":\"https:\\\/\\\/www.krafthand.de\\\/truck\\\/kategorie\\\/fuhrpark\\\/\"},{\"@type\":\"ListItem\",\"position\":3,\"name\":\"Telematik \\\/ Navigation\",\"item\":\"https:\\\/\\\/www.krafthand.de\\\/truck\\\/kategorie\\\/fuhrpark\\\/navigation\\\/\"},{\"@type\":\"ListItem\",\"position\":4,\"name\":\"Neue Flottenmanagement-Plattform: DAF stellt PACCAR Connect vor\"}]},{\"@type\":\"WebSite\",\"@id\":\"https:\\\/\\\/www.krafthand.de\\\/truck\\\/#website\",\"url\":\"https:\\\/\\\/www.krafthand.de\\\/truck\\\/\",\"name\":\"Krafthand-Truck\",\"description\":\"\",\"potentialAction\":[{\"@type\":\"SearchAction\",\"target\":{\"@type\":\"EntryPoint\",\"urlTemplate\":\"https:\\\/\\\/www.krafthand.de\\\/truck\\\/?s={search_term_string}\"},\"query-input\":{\"@type\":\"PropertyValueSpecification\",\"valueRequired\":true,\"valueName\":\"search_term_string\"}}],\"inLanguage\":\"de\"},{\"@type\":\"Person\",\"@id\":\"https:\\\/\\\/www.krafthand.de\\\/truck\\\/#\\\/schema\\\/person\\\/5e47d727209575a4b89376746e24f02f\",\"name\":\"Redaktion Truck\",\"image\":{\"@type\":\"ImageObject\",\"inLanguage\":\"de\",\"@id\":\"https:\\\/\\\/secure.gravatar.com\\\/avatar\\\/64cedf5d293ad6eb6600c19e949d032ff0090f240174891ab1517d73ead05c87?s=96&d=mm&r=g\",\"url\":\"https:\\\/\\\/secure.gravatar.com\\\/avatar\\\/64cedf5d293ad6eb6600c19e949d032ff0090f240174891ab1517d73ead05c87?s=96&d=mm&r=g\",\"contentUrl\":\"https:\\\/\\\/secure.gravatar.com\\\/avatar\\\/64cedf5d293ad6eb6600c19e949d032ff0090f240174891ab1517d73ead05c87?s=96&d=mm&r=g\",\"caption\":\"Redaktion Truck\"}}]}<\/script>\n<!-- \/ Yoast SEO plugin. -->","yoast_head_json":{"title":"Neue Flottenmanagement-Plattform: DAF stellt PACCAR Connect vor - Krafthand-Truck","description":"DAF hat k\u00fcrzlich mit PACCAR Connect eine neue Online-Flottenmanagement-Plattform vorgestellt.","robots":{"index":"index","follow":"follow","max-snippet":"max-snippet:-1","max-image-preview":"max-image-preview:large","max-video-preview":"max-video-preview:-1"},"canonical":"https:\/\/www.krafthand.de\/truck\/artikel\/neue-flottenmanagement-plattform-daf-stellt-paccar-connect-vor-40065\/","og_locale":"de_DE","og_type":"article","og_title":"Neue Flottenmanagement-Plattform: DAF stellt PACCAR Connect vor - Krafthand-Truck","og_description":"DAF hat k\u00fcrzlich mit PACCAR Connect eine neue Online-Flottenmanagement-Plattform vorgestellt.","og_url":"https:\/\/www.krafthand-truck.de\/artikel\/neue-flottenmanagement-plattform-daf-stellt-paccar-connect-vor-40065\/","og_site_name":"Krafthand-Truck","article_published_time":"2024-06-24T09:42:00+00:00","article_modified_time":"2024-06-24T12:49:53+00:00","og_image":[{"width":1400,"height":510,"url":"https:\/\/static.krafthand-truck.de\/uploads\/2024\/06\/02_2024_004.jpg","type":"image\/jpeg"}],"author":"Redaktion Truck","twitter_card":"summary_large_image","twitter_misc":{"Verfasst von":"Redaktion Truck","Gesch\u00e4tzte Lesezeit":"2\u00a0Minuten"},"schema":{"@context":"https:\/\/schema.org","@graph":[{"@type":"Article","@id":"https:\/\/www.krafthand.de\/truck\/artikel\/neue-flottenmanagement-plattform-daf-stellt-paccar-connect-vor-40065\/#article","isPartOf":{"@id":"https:\/\/www.krafthand.de\/truck\/artikel\/neue-flottenmanagement-plattform-daf-stellt-paccar-connect-vor-40065\/"},"author":{"name":"Redaktion Truck","@id":"https:\/\/www.krafthand.de\/truck\/#\/schema\/person\/5e47d727209575a4b89376746e24f02f"},"headline":"Neue Flottenmanagement-Plattform: DAF stellt PACCAR Connect vor","datePublished":"2024-06-24T09:42:00+00:00","dateModified":"2024-06-24T12:49:53+00:00","mainEntityOfPage":{"@id":"https:\/\/www.krafthand.de\/truck\/artikel\/neue-flottenmanagement-plattform-daf-stellt-paccar-connect-vor-40065\/"},"wordCount":310,"image":{"@id":"https:\/\/www.krafthand.de\/truck\/artikel\/neue-flottenmanagement-plattform-daf-stellt-paccar-connect-vor-40065\/#primaryimage"},"thumbnailUrl":"https:\/\/static.krafthand-truck.de\/uploads\/2024\/06\/02_2024_004.jpg","keywords":["DAF","Flottenmanagement","Paccar"],"articleSection":["Telematik \/ Navigation"],"inLanguage":"de"},{"@type":"WebPage","@id":"https:\/\/www.krafthand.de\/truck\/artikel\/neue-flottenmanagement-plattform-daf-stellt-paccar-connect-vor-40065\/","url":"https:\/\/www.krafthand.de\/truck\/artikel\/neue-flottenmanagement-plattform-daf-stellt-paccar-connect-vor-40065\/","name":"Neue Flottenmanagement-Plattform: DAF stellt PACCAR Connect vor - Krafthand-Truck","isPartOf":{"@id":"https:\/\/www.krafthand.de\/truck\/#website"},"primaryImageOfPage":{"@id":"https:\/\/www.krafthand.de\/truck\/artikel\/neue-flottenmanagement-plattform-daf-stellt-paccar-connect-vor-40065\/#primaryimage"},"image":{"@id":"https:\/\/www.krafthand.de\/truck\/artikel\/neue-flottenmanagement-plattform-daf-stellt-paccar-connect-vor-40065\/#primaryimage"},"thumbnailUrl":"https:\/\/static.krafthand-truck.de\/uploads\/2024\/06\/02_2024_004.jpg","datePublished":"2024-06-24T09:42:00+00:00","dateModified":"2024-06-24T12:49:53+00:00","author":{"@id":"https:\/\/www.krafthand.de\/truck\/#\/schema\/person\/5e47d727209575a4b89376746e24f02f"},"description":"DAF hat k\u00fcrzlich mit PACCAR Connect eine neue Online-Flottenmanagement-Plattform vorgestellt.","breadcrumb":{"@id":"https:\/\/www.krafthand.de\/truck\/artikel\/neue-flottenmanagement-plattform-daf-stellt-paccar-connect-vor-40065\/#breadcrumb"},"inLanguage":"de","potentialAction":[{"@type":"ReadAction","target":["https:\/\/www.krafthand.de\/truck\/artikel\/neue-flottenmanagement-plattform-daf-stellt-paccar-connect-vor-40065\/"]}]},{"@type":"ImageObject","inLanguage":"de","@id":"https:\/\/www.krafthand.de\/truck\/artikel\/neue-flottenmanagement-plattform-daf-stellt-paccar-connect-vor-40065\/#primaryimage","url":"https:\/\/static.krafthand-truck.de\/uploads\/2024\/06\/02_2024_004.jpg","contentUrl":"https:\/\/static.krafthand-truck.de\/uploads\/2024\/06\/02_2024_004.jpg","width":1400,"height":510,"caption":"DAF m\u00f6chte mit der Online-Flottenmanagement-Plattform PACCAR Connect die Flotteneffizienz optimieren. Bild: DAF"},{"@type":"BreadcrumbList","@id":"https:\/\/www.krafthand.de\/truck\/artikel\/neue-flottenmanagement-plattform-daf-stellt-paccar-connect-vor-40065\/#breadcrumb","itemListElement":[{"@type":"ListItem","position":1,"name":"Krafthand-Truck","item":"https:\/\/www.krafthand.de\/truck\/"},{"@type":"ListItem","position":2,"name":"IT+Fuhrpark","item":"https:\/\/www.krafthand.de\/truck\/kategorie\/fuhrpark\/"},{"@type":"ListItem","position":3,"name":"Telematik \/ Navigation","item":"https:\/\/www.krafthand.de\/truck\/kategorie\/fuhrpark\/navigation\/"},{"@type":"ListItem","position":4,"name":"Neue Flottenmanagement-Plattform: DAF stellt PACCAR Connect vor"}]},{"@type":"WebSite","@id":"https:\/\/www.krafthand.de\/truck\/#website","url":"https:\/\/www.krafthand.de\/truck\/","name":"Krafthand-Truck","description":"","potentialAction":[{"@type":"SearchAction","target":{"@type":"EntryPoint","urlTemplate":"https:\/\/www.krafthand.de\/truck\/?s={search_term_string}"},"query-input":{"@type":"PropertyValueSpecification","valueRequired":true,"valueName":"search_term_string"}}],"inLanguage":"de"},{"@type":"Person","@id":"https:\/\/www.krafthand.de\/truck\/#\/schema\/person\/5e47d727209575a4b89376746e24f02f","name":"Redaktion Truck","image":{"@type":"ImageObject","inLanguage":"de","@id":"https:\/\/secure.gravatar.com\/avatar\/64cedf5d293ad6eb6600c19e949d032ff0090f240174891ab1517d73ead05c87?s=96&d=mm&r=g","url":"https:\/\/secure.gravatar.com\/avatar\/64cedf5d293ad6eb6600c19e949d032ff0090f240174891ab1517d73ead05c87?s=96&d=mm&r=g","contentUrl":"https:\/\/secure.gravatar.com\/avatar\/64cedf5d293ad6eb6600c19e949d032ff0090f240174891ab1517d73ead05c87?s=96&d=mm&r=g","caption":"Redaktion Truck"}}]}},"_links":{"self":[{"href":"https:\/\/www.krafthand.de\/truck\/wp-json\/wp\/v2\/posts\/40065","targetHints":{"allow":["GET"]}}],"collection":[{"href":"https:\/\/www.krafthand.de\/truck\/wp-json\/wp\/v2\/posts"}],"about":[{"href":"https:\/\/www.krafthand.de\/truck\/wp-json\/wp\/v2\/types\/post"}],"author":[{"embeddable":true,"href":"https:\/\/www.krafthand.de\/truck\/wp-json\/wp\/v2\/users\/11"}],"replies":[{"embeddable":true,"href":"https:\/\/www.krafthand.de\/truck\/wp-json\/wp\/v2\/comments?post=40065"}],"version-history":[{"count":3,"href":"https:\/\/www.krafthand.de\/truck\/wp-json\/wp\/v2\/posts\/40065\/revisions"}],"predecessor-version":[{"id":40069,"href":"https:\/\/www.krafthand.de\/truck\/wp-json\/wp\/v2\/posts\/40065\/revisions\/40069"}],"wp:featuredmedia":[{"embeddable":true,"href":"https:\/\/www.krafthand.de\/truck\/wp-json\/wp\/v2\/media\/40066"}],"wp:attachment":[{"href":"https:\/\/www.krafthand.de\/truck\/wp-json\/wp\/v2\/media?parent=40065"}],"wp:term":[{"taxonomy":"category","embeddable":true,"href":"https:\/\/www.krafthand.de\/truck\/wp-json\/wp\/v2\/categories?post=40065"},{"taxonomy":"post_tag","embeddable":true,"href":"https:\/\/www.krafthand.de\/truck\/wp-json\/wp\/v2\/tags?post=40065"},{"taxonomy":"settings","embeddable":true,"href":"https:\/\/www.krafthand.de\/truck\/wp-json\/wp\/v2\/settings?post=40065"}],"curies":[{"name":"wp","href":"https:\/\/api.w.org\/{rel}","templated":true}]}}