{"id":40046,"date":"2024-06-20T12:42:41","date_gmt":"2024-06-20T10:42:41","guid":{"rendered":"https:\/\/www.krafthand.de\/truck\/?p=40046"},"modified":"2024-06-20T12:46:26","modified_gmt":"2024-06-20T10:46:26","slug":"elektromobilitaet-erleben-die-neue-eactros-600-experience-world","status":"publish","type":"post","link":"https:\/\/www.krafthand.de\/truck\/artikel\/elektromobilitaet-erleben-die-neue-eactros-600-experience-world-40046\/","title":{"rendered":"Elektromobilit\u00e4t erleben: Die neue eActros 600-Experience World"},"content":{"rendered":"<p>Mit dem speziell f\u00fcr den batterieelektrischen Fernverkehr konzipierten Mercedes-Benz eActros 600 (die Serienproduktionsstart ist f\u00fcr Ende 2024 geplant), m\u00f6chte Mercedes-Benz Trucks eine neue \u00c4ra des Transportgewerbes einl\u00e4uten. Um potenzielle Kunden auf den Weg dorthin zu begleiten haben die Schwaben jetzt daf\u00fcr eigens die eActros 600 Experience World im Kundencenter in W\u00f6rth er\u00f6ffnet. Hier k\u00f6nnen Interessenten den vollelektrischen Lkw in den unterschiedlichsten medialen Formaten mit allen Informationen rund um das Fahrzeug, wie auch die damit verbundenen Services kennenlernen. Zugleich gew\u00e4hrt der Pavillon Einblicke in die Geschichte von Mercedes-Benz Trucks und das Werk des Unternehmens am Standort W\u00f6rth.<\/p>\n<h3>Architektur als Kontrapunkt<\/h3>\n<p>Die in ihrer Bauweise ganz bewusst als Kontrapunkt zum Kundencenter W\u00f6rth gestaltete eActros 600 Experience World steht laut Daimler-Truck f\u00fcr die Mobilit\u00e4t der Zukunft und soll den Paradigmenwechsel von Diesel zu Strom darstellen. So sollen organische Kurven, die Farbe Wei\u00df und nat\u00fcrliche Materialien die Welt des lokal CO2-neutralen Stra\u00dfeng\u00fctertransports der unmittelbaren Zukunft symbolisieren Der freistehende, selbst-tragende Pavillon kommt in Holzbauweise daher aus und steht durch seine runde Formgebung\u00a0 im Kontrast zum eher rechteckig gehaltenen Kundencenter. Die Rundungen der W\u00e4nde im Pavillon gehen ineinander \u00fcber, auf kompaktem Raum reihen sich im Innern mehrere Themeninseln aneinander. Das gesamte Erscheinungsbild des mit Materialien wie etwa Holzfaserplatten, Edelstahl, Kautschuk oder Glas gestalteten Pavillons soll zudem zu einem aufger\u00e4umten Erscheinungsbild beitragen und ist gleichsam angelehnt an das &#8218;cleane&#8216; Design des <a href=\"https:\/\/hub.mercedes-benz-trucks.com\/de\/de\/trucks\/eactros-600.html\" target=\"_blank\" rel=\"noopener\">eActros 600<\/a>.<\/p>\n<h3>Multimediale Pr\u00e4sentation<\/h3>\n<p>Den Auftakt f\u00fcr einen Besuch in der eActros 600 Experience World bildet ein Kino mit einem kurzen Imagefilm\u00a0 \u00fcber Mercedes-Benz Trucks und das Werk in W\u00f6rth. Es folgt eine Station mit gro\u00dfen Touchscreens, auf denen die Besucher die verschiedenen Aspekte zur E-Mobilit\u00e4t und zum eActros 600 erkunden k\u00f6nnen \u2013 insbesondere im Hinblick auf Komfort &amp; Design, Profitabilit\u00e4t, Nachhaltigkeit und Services wie das eConsulting. Au\u00dfen zeigt eine 23 Meter lange LED-Wand mehrere Filme zum eActros 600. Highlight des Pavillons ist laut Daimler-Truck schlie\u00dflich die Pr\u00e4sentation des Fahrzeugs in einem offenen Halbkreis auf einer Fl\u00e4che von 120 Quadratmetern mit einer 40 Quadratmeter gro\u00dfer LED-Wand und einer Lichtinstallation.<\/p>\n<h3>\u00d6ffnungszeiten und Testfahrten<\/h3>\n<p>Die eActros 600 Experience World kann zu den regul\u00e4ren \u00d6ffnungszeiten des Kundencenters im Mercedes-Benz Werk W\u00f6rth besucht werden. Sie ist dabei Teil eines Erlebnis-Kommunikations-Konzepts f\u00fcr die Kunden von Mercedes-Benz Trucks. Hierzu geh\u00f6ren f\u00fcr die kommenden zirka 18 Monate auch ein Fahrerlebnis mit dem eActros 600 auf ausgew\u00e4hlten Routen im S\u00fcdwesten f\u00fcr Kunden aus ganz Europa sowie F\u00fchrungen durch den eTruck Charging Park und durch das Montagewerk von Mercedes-Benz Trucks in W\u00f6rth.<\/p>\n\r\n\t\t\t\t<div class=\"post-author\">\r\n\t\t\t\t\t<div class=\"khm-cp-author clearfix\">\r\n\t\t\t\t\t\t<div class=\"khm-cp-author__content\">\r\n\t\t\t\t\t\t\t\tKontakt zum Autor:<br \/>\r\n\t\t\t\t\t\t\t\t<strong>Georg Blenk<\/strong>, 08247 \/ 3007-45 |  <a href=\"mailto:georg.blenk@krafthand-medien.de\">georg.blenk@krafthand-medien.de<\/a>\r\n\t\t\t\t\t\t\t<div class=\"khm-cp-author__image\">\r\n\t\t\t\t\t\t<img src=\"https:\/\/static.krafthand-truck.de\/uploads\/2021\/01\/Blenk_6104-250x300-1-removebg-preview.png\" class=\"img-responsive\">\r\n\t\t\t\t\t<\/div>\r\n\t\t\t\t\t\t<\/div>\r\n\t\t\t\t\t<\/div>\r\n\t\t\t\t<\/div>\r\n\t\t\t\t","protected":false},"excerpt":{"rendered":"<p>Mit dem speziell f\u00fcr den batterieelektrischen Fernverkehr konzipierten Mercedes-Benz eActros 600 (die Serienproduktionsstart ist f\u00fcr Ende 2024 geplant), m\u00f6chte Mercedes-Benz Trucks eine neue \u00c4ra des Transportgewerbes einl\u00e4uten. Um potenzielle Kunden auf den Weg dorthin zu begleiten haben die Schwaben jetzt daf\u00fcr eigens die eActros 600 Experience World im Kundencenter in W\u00f6rth er\u00f6ffnet. <span class=\"excerpt-more__dots\">&#8230;<\/span> <a class=\"excerpt-more__link\" href=\"https:\/\/www.krafthand.de\/truck\/artikel\/elektromobilitaet-erleben-die-neue-eactros-600-experience-world-40046\/\" >weiter<\/a><\/p>\n","protected":false},"author":9,"featured_media":40050,"comment_status":"closed","ping_status":"closed","sticky":false,"template":"","format":"standard","meta":{"footnotes":""},"categories":[4224,4235],"tags":[4177,5730,2069],"settings":[3524,4766,3523],"class_list":["post-40046","post","type-post","status-publish","format-standard","has-post-thumbnail","hentry","category-e-antrieb","category-unternehmen","tag-e-lkw","tag-eactros-600","tag-woerth"],"yoast_head":"<!-- This site is optimized with the Yoast SEO plugin v27.3 - https:\/\/yoast.com\/product\/yoast-seo-wordpress\/ -->\n<title>Die eActros 600 Experience World in W\u00f6rth I Krafthand-Truck<\/title>\n<meta name=\"description\" content=\"Um Kunden auf den Weg zum batterieelektrischen Fernverkehr zu begleiten hat Mercedes Benz Trucks die eActros 600 Experience World er\u00f6ffnet.\" \/>\n<meta name=\"robots\" content=\"index, follow, max-snippet:-1, max-image-preview:large, max-video-preview:-1\" \/>\n<link rel=\"canonical\" href=\"https:\/\/www.krafthand.de\/truck\/artikel\/elektromobilitaet-erleben-die-neue-eactros-600-experience-world-40046\/\" \/>\n<meta property=\"og:locale\" content=\"de_DE\" \/>\n<meta property=\"og:type\" content=\"article\" \/>\n<meta property=\"og:title\" content=\"Die eActros 600 Experience World in W\u00f6rth I Krafthand-Truck\" \/>\n<meta property=\"og:description\" content=\"Um Kunden auf den Weg zum batterieelektrischen Fernverkehr zu begleiten hat Mercedes Benz Trucks die eActros 600 Experience World er\u00f6ffnet.\" \/>\n<meta property=\"og:url\" content=\"https:\/\/www.krafthand-truck.de\/artikel\/elektromobilitaet-erleben-die-neue-eactros-600-experience-world-40046\/\" \/>\n<meta property=\"og:site_name\" content=\"Krafthand-Truck\" \/>\n<meta property=\"article:published_time\" content=\"2024-06-20T10:42:41+00:00\" \/>\n<meta property=\"article:modified_time\" content=\"2024-06-20T10:46:26+00:00\" \/>\n<meta property=\"og:image\" content=\"https:\/\/static.krafthand-truck.de\/uploads\/2024\/06\/eActros_Experience_World_Woerth.jpg\" \/>\n\t<meta property=\"og:image:width\" content=\"1200\" \/>\n\t<meta property=\"og:image:height\" content=\"609\" \/>\n\t<meta property=\"og:image:type\" content=\"image\/jpeg\" \/>\n<meta name=\"author\" content=\"georg.blenk@krafthand-medien.de\" \/>\n<meta name=\"twitter:card\" content=\"summary_large_image\" \/>\n<meta name=\"twitter:label1\" content=\"Verfasst von\" \/>\n\t<meta name=\"twitter:data1\" content=\"georg.blenk@krafthand-medien.de\" \/>\n\t<meta name=\"twitter:label2\" content=\"Gesch\u00e4tzte Lesezeit\" \/>\n\t<meta name=\"twitter:data2\" content=\"3\u00a0Minuten\" \/>\n<script type=\"application\/ld+json\" class=\"yoast-schema-graph\">{\"@context\":\"https:\\\/\\\/schema.org\",\"@graph\":[{\"@type\":\"Article\",\"@id\":\"https:\\\/\\\/www.krafthand.de\\\/truck\\\/artikel\\\/elektromobilitaet-erleben-die-neue-eactros-600-experience-world-40046\\\/#article\",\"isPartOf\":{\"@id\":\"https:\\\/\\\/www.krafthand.de\\\/truck\\\/artikel\\\/elektromobilitaet-erleben-die-neue-eactros-600-experience-world-40046\\\/\"},\"author\":{\"name\":\"georg.blenk@krafthand-medien.de\",\"@id\":\"https:\\\/\\\/www.krafthand.de\\\/truck\\\/#\\\/schema\\\/person\\\/51fa80b1c57034c4bf63f9f988fc24ce\"},\"headline\":\"Elektromobilit\u00e4t erleben: Die neue eActros 600-Experience World\",\"datePublished\":\"2024-06-20T10:42:41+00:00\",\"dateModified\":\"2024-06-20T10:46:26+00:00\",\"mainEntityOfPage\":{\"@id\":\"https:\\\/\\\/www.krafthand.de\\\/truck\\\/artikel\\\/elektromobilitaet-erleben-die-neue-eactros-600-experience-world-40046\\\/\"},\"wordCount\":441,\"image\":{\"@id\":\"https:\\\/\\\/www.krafthand.de\\\/truck\\\/artikel\\\/elektromobilitaet-erleben-die-neue-eactros-600-experience-world-40046\\\/#primaryimage\"},\"thumbnailUrl\":\"https:\\\/\\\/static.krafthand-truck.de\\\/uploads\\\/2024\\\/06\\\/eActros_Experience_World_Woerth.jpg\",\"keywords\":[\"E-Lkw\",\"eActros 600\",\"W\u00f6rth\"],\"articleSection\":[\"E-Antrieb (BEV\\\/FCEV)\",\"Unternehmen\"],\"inLanguage\":\"de\"},{\"@type\":\"WebPage\",\"@id\":\"https:\\\/\\\/www.krafthand.de\\\/truck\\\/artikel\\\/elektromobilitaet-erleben-die-neue-eactros-600-experience-world-40046\\\/\",\"url\":\"https:\\\/\\\/www.krafthand.de\\\/truck\\\/artikel\\\/elektromobilitaet-erleben-die-neue-eactros-600-experience-world-40046\\\/\",\"name\":\"Die eActros 600 Experience World in W\u00f6rth I Krafthand-Truck\",\"isPartOf\":{\"@id\":\"https:\\\/\\\/www.krafthand.de\\\/truck\\\/#website\"},\"primaryImageOfPage\":{\"@id\":\"https:\\\/\\\/www.krafthand.de\\\/truck\\\/artikel\\\/elektromobilitaet-erleben-die-neue-eactros-600-experience-world-40046\\\/#primaryimage\"},\"image\":{\"@id\":\"https:\\\/\\\/www.krafthand.de\\\/truck\\\/artikel\\\/elektromobilitaet-erleben-die-neue-eactros-600-experience-world-40046\\\/#primaryimage\"},\"thumbnailUrl\":\"https:\\\/\\\/static.krafthand-truck.de\\\/uploads\\\/2024\\\/06\\\/eActros_Experience_World_Woerth.jpg\",\"datePublished\":\"2024-06-20T10:42:41+00:00\",\"dateModified\":\"2024-06-20T10:46:26+00:00\",\"author\":{\"@id\":\"https:\\\/\\\/www.krafthand.de\\\/truck\\\/#\\\/schema\\\/person\\\/51fa80b1c57034c4bf63f9f988fc24ce\"},\"description\":\"Um Kunden auf den Weg zum batterieelektrischen Fernverkehr zu begleiten hat Mercedes Benz Trucks die eActros 600 Experience World er\u00f6ffnet.\",\"breadcrumb\":{\"@id\":\"https:\\\/\\\/www.krafthand.de\\\/truck\\\/artikel\\\/elektromobilitaet-erleben-die-neue-eactros-600-experience-world-40046\\\/#breadcrumb\"},\"inLanguage\":\"de\",\"potentialAction\":[{\"@type\":\"ReadAction\",\"target\":[\"https:\\\/\\\/www.krafthand.de\\\/truck\\\/artikel\\\/elektromobilitaet-erleben-die-neue-eactros-600-experience-world-40046\\\/\"]}]},{\"@type\":\"ImageObject\",\"inLanguage\":\"de\",\"@id\":\"https:\\\/\\\/www.krafthand.de\\\/truck\\\/artikel\\\/elektromobilitaet-erleben-die-neue-eactros-600-experience-world-40046\\\/#primaryimage\",\"url\":\"https:\\\/\\\/static.krafthand-truck.de\\\/uploads\\\/2024\\\/06\\\/eActros_Experience_World_Woerth.jpg\",\"contentUrl\":\"https:\\\/\\\/static.krafthand-truck.de\\\/uploads\\\/2024\\\/06\\\/eActros_Experience_World_Woerth.jpg\",\"width\":1200,\"height\":609},{\"@type\":\"BreadcrumbList\",\"@id\":\"https:\\\/\\\/www.krafthand.de\\\/truck\\\/artikel\\\/elektromobilitaet-erleben-die-neue-eactros-600-experience-world-40046\\\/#breadcrumb\",\"itemListElement\":[{\"@type\":\"ListItem\",\"position\":1,\"name\":\"Krafthand-Truck\",\"item\":\"https:\\\/\\\/www.krafthand.de\\\/truck\\\/\"},{\"@type\":\"ListItem\",\"position\":2,\"name\":\"Nfz-Branche\",\"item\":\"https:\\\/\\\/www.krafthand.de\\\/truck\\\/kategorie\\\/branche\\\/\"},{\"@type\":\"ListItem\",\"position\":3,\"name\":\"Unternehmen\",\"item\":\"https:\\\/\\\/www.krafthand.de\\\/truck\\\/kategorie\\\/branche\\\/unternehmen\\\/\"},{\"@type\":\"ListItem\",\"position\":4,\"name\":\"Elektromobilit\u00e4t erleben: Die neue eActros 600-Experience World\"}]},{\"@type\":\"WebSite\",\"@id\":\"https:\\\/\\\/www.krafthand.de\\\/truck\\\/#website\",\"url\":\"https:\\\/\\\/www.krafthand.de\\\/truck\\\/\",\"name\":\"Krafthand-Truck\",\"description\":\"\",\"potentialAction\":[{\"@type\":\"SearchAction\",\"target\":{\"@type\":\"EntryPoint\",\"urlTemplate\":\"https:\\\/\\\/www.krafthand.de\\\/truck\\\/?s={search_term_string}\"},\"query-input\":{\"@type\":\"PropertyValueSpecification\",\"valueRequired\":true,\"valueName\":\"search_term_string\"}}],\"inLanguage\":\"de\"},{\"@type\":\"Person\",\"@id\":\"https:\\\/\\\/www.krafthand.de\\\/truck\\\/#\\\/schema\\\/person\\\/51fa80b1c57034c4bf63f9f988fc24ce\",\"name\":\"georg.blenk@krafthand-medien.de\",\"image\":{\"@type\":\"ImageObject\",\"inLanguage\":\"de\",\"@id\":\"https:\\\/\\\/secure.gravatar.com\\\/avatar\\\/93713c30affe0aa95d3a4130e499bb1abee2eb31adbdd9ce2aa1543538490215?s=96&d=mm&r=g\",\"url\":\"https:\\\/\\\/secure.gravatar.com\\\/avatar\\\/93713c30affe0aa95d3a4130e499bb1abee2eb31adbdd9ce2aa1543538490215?s=96&d=mm&r=g\",\"contentUrl\":\"https:\\\/\\\/secure.gravatar.com\\\/avatar\\\/93713c30affe0aa95d3a4130e499bb1abee2eb31adbdd9ce2aa1543538490215?s=96&d=mm&r=g\",\"caption\":\"georg.blenk@krafthand-medien.de\"}}]}<\/script>\n<!-- \/ Yoast SEO plugin. -->","yoast_head_json":{"title":"Die eActros 600 Experience World in W\u00f6rth I Krafthand-Truck","description":"Um Kunden auf den Weg zum batterieelektrischen Fernverkehr zu begleiten hat Mercedes Benz Trucks die eActros 600 Experience World er\u00f6ffnet.","robots":{"index":"index","follow":"follow","max-snippet":"max-snippet:-1","max-image-preview":"max-image-preview:large","max-video-preview":"max-video-preview:-1"},"canonical":"https:\/\/www.krafthand.de\/truck\/artikel\/elektromobilitaet-erleben-die-neue-eactros-600-experience-world-40046\/","og_locale":"de_DE","og_type":"article","og_title":"Die eActros 600 Experience World in W\u00f6rth I Krafthand-Truck","og_description":"Um Kunden auf den Weg zum batterieelektrischen Fernverkehr zu begleiten hat Mercedes Benz Trucks die eActros 600 Experience World er\u00f6ffnet.","og_url":"https:\/\/www.krafthand-truck.de\/artikel\/elektromobilitaet-erleben-die-neue-eactros-600-experience-world-40046\/","og_site_name":"Krafthand-Truck","article_published_time":"2024-06-20T10:42:41+00:00","article_modified_time":"2024-06-20T10:46:26+00:00","og_image":[{"width":1200,"height":609,"url":"https:\/\/static.krafthand-truck.de\/uploads\/2024\/06\/eActros_Experience_World_Woerth.jpg","type":"image\/jpeg"}],"author":"georg.blenk@krafthand-medien.de","twitter_card":"summary_large_image","twitter_misc":{"Verfasst von":"georg.blenk@krafthand-medien.de","Gesch\u00e4tzte Lesezeit":"3\u00a0Minuten"},"schema":{"@context":"https:\/\/schema.org","@graph":[{"@type":"Article","@id":"https:\/\/www.krafthand.de\/truck\/artikel\/elektromobilitaet-erleben-die-neue-eactros-600-experience-world-40046\/#article","isPartOf":{"@id":"https:\/\/www.krafthand.de\/truck\/artikel\/elektromobilitaet-erleben-die-neue-eactros-600-experience-world-40046\/"},"author":{"name":"georg.blenk@krafthand-medien.de","@id":"https:\/\/www.krafthand.de\/truck\/#\/schema\/person\/51fa80b1c57034c4bf63f9f988fc24ce"},"headline":"Elektromobilit\u00e4t erleben: Die neue eActros 600-Experience World","datePublished":"2024-06-20T10:42:41+00:00","dateModified":"2024-06-20T10:46:26+00:00","mainEntityOfPage":{"@id":"https:\/\/www.krafthand.de\/truck\/artikel\/elektromobilitaet-erleben-die-neue-eactros-600-experience-world-40046\/"},"wordCount":441,"image":{"@id":"https:\/\/www.krafthand.de\/truck\/artikel\/elektromobilitaet-erleben-die-neue-eactros-600-experience-world-40046\/#primaryimage"},"thumbnailUrl":"https:\/\/static.krafthand-truck.de\/uploads\/2024\/06\/eActros_Experience_World_Woerth.jpg","keywords":["E-Lkw","eActros 600","W\u00f6rth"],"articleSection":["E-Antrieb (BEV\/FCEV)","Unternehmen"],"inLanguage":"de"},{"@type":"WebPage","@id":"https:\/\/www.krafthand.de\/truck\/artikel\/elektromobilitaet-erleben-die-neue-eactros-600-experience-world-40046\/","url":"https:\/\/www.krafthand.de\/truck\/artikel\/elektromobilitaet-erleben-die-neue-eactros-600-experience-world-40046\/","name":"Die eActros 600 Experience World in W\u00f6rth I Krafthand-Truck","isPartOf":{"@id":"https:\/\/www.krafthand.de\/truck\/#website"},"primaryImageOfPage":{"@id":"https:\/\/www.krafthand.de\/truck\/artikel\/elektromobilitaet-erleben-die-neue-eactros-600-experience-world-40046\/#primaryimage"},"image":{"@id":"https:\/\/www.krafthand.de\/truck\/artikel\/elektromobilitaet-erleben-die-neue-eactros-600-experience-world-40046\/#primaryimage"},"thumbnailUrl":"https:\/\/static.krafthand-truck.de\/uploads\/2024\/06\/eActros_Experience_World_Woerth.jpg","datePublished":"2024-06-20T10:42:41+00:00","dateModified":"2024-06-20T10:46:26+00:00","author":{"@id":"https:\/\/www.krafthand.de\/truck\/#\/schema\/person\/51fa80b1c57034c4bf63f9f988fc24ce"},"description":"Um Kunden auf den Weg zum batterieelektrischen Fernverkehr zu begleiten hat Mercedes Benz Trucks die eActros 600 Experience World er\u00f6ffnet.","breadcrumb":{"@id":"https:\/\/www.krafthand.de\/truck\/artikel\/elektromobilitaet-erleben-die-neue-eactros-600-experience-world-40046\/#breadcrumb"},"inLanguage":"de","potentialAction":[{"@type":"ReadAction","target":["https:\/\/www.krafthand.de\/truck\/artikel\/elektromobilitaet-erleben-die-neue-eactros-600-experience-world-40046\/"]}]},{"@type":"ImageObject","inLanguage":"de","@id":"https:\/\/www.krafthand.de\/truck\/artikel\/elektromobilitaet-erleben-die-neue-eactros-600-experience-world-40046\/#primaryimage","url":"https:\/\/static.krafthand-truck.de\/uploads\/2024\/06\/eActros_Experience_World_Woerth.jpg","contentUrl":"https:\/\/static.krafthand-truck.de\/uploads\/2024\/06\/eActros_Experience_World_Woerth.jpg","width":1200,"height":609},{"@type":"BreadcrumbList","@id":"https:\/\/www.krafthand.de\/truck\/artikel\/elektromobilitaet-erleben-die-neue-eactros-600-experience-world-40046\/#breadcrumb","itemListElement":[{"@type":"ListItem","position":1,"name":"Krafthand-Truck","item":"https:\/\/www.krafthand.de\/truck\/"},{"@type":"ListItem","position":2,"name":"Nfz-Branche","item":"https:\/\/www.krafthand.de\/truck\/kategorie\/branche\/"},{"@type":"ListItem","position":3,"name":"Unternehmen","item":"https:\/\/www.krafthand.de\/truck\/kategorie\/branche\/unternehmen\/"},{"@type":"ListItem","position":4,"name":"Elektromobilit\u00e4t erleben: Die neue eActros 600-Experience World"}]},{"@type":"WebSite","@id":"https:\/\/www.krafthand.de\/truck\/#website","url":"https:\/\/www.krafthand.de\/truck\/","name":"Krafthand-Truck","description":"","potentialAction":[{"@type":"SearchAction","target":{"@type":"EntryPoint","urlTemplate":"https:\/\/www.krafthand.de\/truck\/?s={search_term_string}"},"query-input":{"@type":"PropertyValueSpecification","valueRequired":true,"valueName":"search_term_string"}}],"inLanguage":"de"},{"@type":"Person","@id":"https:\/\/www.krafthand.de\/truck\/#\/schema\/person\/51fa80b1c57034c4bf63f9f988fc24ce","name":"georg.blenk@krafthand-medien.de","image":{"@type":"ImageObject","inLanguage":"de","@id":"https:\/\/secure.gravatar.com\/avatar\/93713c30affe0aa95d3a4130e499bb1abee2eb31adbdd9ce2aa1543538490215?s=96&d=mm&r=g","url":"https:\/\/secure.gravatar.com\/avatar\/93713c30affe0aa95d3a4130e499bb1abee2eb31adbdd9ce2aa1543538490215?s=96&d=mm&r=g","contentUrl":"https:\/\/secure.gravatar.com\/avatar\/93713c30affe0aa95d3a4130e499bb1abee2eb31adbdd9ce2aa1543538490215?s=96&d=mm&r=g","caption":"georg.blenk@krafthand-medien.de"}}]}},"_links":{"self":[{"href":"https:\/\/www.krafthand.de\/truck\/wp-json\/wp\/v2\/posts\/40046","targetHints":{"allow":["GET"]}}],"collection":[{"href":"https:\/\/www.krafthand.de\/truck\/wp-json\/wp\/v2\/posts"}],"about":[{"href":"https:\/\/www.krafthand.de\/truck\/wp-json\/wp\/v2\/types\/post"}],"author":[{"embeddable":true,"href":"https:\/\/www.krafthand.de\/truck\/wp-json\/wp\/v2\/users\/9"}],"replies":[{"embeddable":true,"href":"https:\/\/www.krafthand.de\/truck\/wp-json\/wp\/v2\/comments?post=40046"}],"version-history":[{"count":4,"href":"https:\/\/www.krafthand.de\/truck\/wp-json\/wp\/v2\/posts\/40046\/revisions"}],"predecessor-version":[{"id":40051,"href":"https:\/\/www.krafthand.de\/truck\/wp-json\/wp\/v2\/posts\/40046\/revisions\/40051"}],"wp:featuredmedia":[{"embeddable":true,"href":"https:\/\/www.krafthand.de\/truck\/wp-json\/wp\/v2\/media\/40050"}],"wp:attachment":[{"href":"https:\/\/www.krafthand.de\/truck\/wp-json\/wp\/v2\/media?parent=40046"}],"wp:term":[{"taxonomy":"category","embeddable":true,"href":"https:\/\/www.krafthand.de\/truck\/wp-json\/wp\/v2\/categories?post=40046"},{"taxonomy":"post_tag","embeddable":true,"href":"https:\/\/www.krafthand.de\/truck\/wp-json\/wp\/v2\/tags?post=40046"},{"taxonomy":"settings","embeddable":true,"href":"https:\/\/www.krafthand.de\/truck\/wp-json\/wp\/v2\/settings?post=40046"}],"curies":[{"name":"wp","href":"https:\/\/api.w.org\/{rel}","templated":true}]}}