{"id":39946,"date":"2024-06-11T09:30:29","date_gmt":"2024-06-11T07:30:29","guid":{"rendered":"https:\/\/www.krafthand.de\/truck\/?p=39946"},"modified":"2024-06-11T10:02:40","modified_gmt":"2024-06-11T08:02:40","slug":"daimler-truck-vom-prototypen-zur-serie-30-jahre-kem-in-mannheim","status":"publish","type":"post","link":"https:\/\/www.krafthand.de\/truck\/artikel\/daimler-truck-vom-prototypen-zur-serie-30-jahre-kem-in-mannheim-39946\/","title":{"rendered":"Daimler-Truck: Vom Prototypen zur Serie &#8211; 30 Jahre KEM in Mannheim"},"content":{"rendered":"<p>Seit nunmehr 30 Jahren ist das Kompetenzcenter f\u00fcr emissionsfreie Mobilit\u00e4t (KEM) in Mannheim die Anlauffabrik f\u00fcr Komponenten und Fahrzeuge mit alternativen Antrieben bei <a href=\"https:\/\/www.daimlertruck.com\" target=\"_blank\" rel=\"noopener\">Daimler Truck<\/a>. Das KEM baut als interner Entwicklungspartner Prototypen auf, produziert Kleinserien und bereitet Serienanl\u00e4ufe vor. Es schlie\u00dft damit die L\u00fccke zwischen der Entwicklung von E-Komponenten und -Fahrzeugen und der Gro\u00dfserienfertigung. \u00dcber 50 Ingenieure, Meister und Mechatroniker im KEM definieren neue Fertigungsprozesse und konzeptionieren Produktionslinien f\u00fcr Komponenten schadstoffarmer sowie emissionsfreier Fahrzeuge, wie etwa Batteriepacks, Batteriesysteme oder Brennstoffzellen-Aggregate sowie Wasserstoff-Tanksysteme.<\/p>\n<blockquote><p>\u201eIn unserer Branche ist es von gro\u00dfer Wichtigkeit, dass wir Innovationen in der Entwicklung und Produktion neuer Antriebstechnologien nicht nur schnell vorantreiben, sondern diese auch z\u00fcgig in die Serienfertigung \u00fcberf\u00fchren. Das KEM zeichnet sich durch genau diese Expertise und dieses Fachwissen aus. Im Rahmen der Transformation der Automobilindustrie ist das ein unsch\u00e4tzbarer Vorteil f\u00fcr uns.&#8220;, sagt Andreas Moch, Standortverantwortlicher Mercedes-Benz Werk Mannheim.<\/p><\/blockquote>\n<h3>Fertigung von Batteriesystemen im KEM<\/h3>\n<figure id=\"attachment_39951\" aria-describedby=\"caption-attachment-39951\" style=\"width: 420px\" class=\"wp-caption alignright\"><a href=\"https:\/\/static.krafthand-truck.de\/uploads\/2024\/06\/Mercedes_Benz_eCitaro_Bus_on_the_road.jpg\" target=\"_blank\" rel=\"noopener\"><img fetchpriority=\"high\" decoding=\"async\" class=\"wp-image-39951\" src=\"https:\/\/static.krafthand-truck.de\/uploads\/2024\/06\/Mercedes_Benz_eCitaro_Bus_on_the_road-300x190.jpg\" alt=\"\" width=\"420\" height=\"265\" srcset=\"https:\/\/static.krafthand-truck.de\/uploads\/2024\/06\/Mercedes_Benz_eCitaro_Bus_on_the_road-300x190.jpg 300w, https:\/\/static.krafthand-truck.de\/uploads\/2024\/06\/Mercedes_Benz_eCitaro_Bus_on_the_road-1024x647.jpg 1024w, https:\/\/static.krafthand-truck.de\/uploads\/2024\/06\/Mercedes_Benz_eCitaro_Bus_on_the_road-768x485.jpg 768w, https:\/\/static.krafthand-truck.de\/uploads\/2024\/06\/Mercedes_Benz_eCitaro_Bus_on_the_road.jpg 1200w\" sizes=\"(max-width: 420px) 100vw, 420px\" \/><\/a><figcaption id=\"caption-attachment-39951\" class=\"wp-caption-text\">Der eCitaro auf der Autobahn zwischen Passau und Vilshofen. Das Sch\u00f6ne: Man kann als &#8218;Hintermann&#8216; getrost die Fenster einen Spalt offen lassen. Bild: Georg Blenk<\/figcaption><\/figure>\n<p>Das Kompetenzzentrum f\u00fcr emissionsfreie Mobilit\u00e4t war bereits beim Hochlauf der Serienproduktion des vollelektrischen Stadtbusses Mercedes-Benz eCitaro beteiligt, der seit Ende 2018 in Mannheim gefertigt wird. Seither werden im KEM Batteriepakete zu sogenannten Hochvolt-Batterieclustern montiert und getestet. So ist es auch f\u00fcr die n\u00e4chste Generation von E-Bus-Batterien, die ab Mitte des Jahrzehnts zum Einsatz kommen wird, geplant. Die Batteriesysteme werden dann in der Busmontage auf das Dach sowie in den Motorraum der Stadtbusse auf- bzw. eingesetzt. Alle Mercedes-Benz eCitaro fuel cell Fahrzeuge \u2013 batterieelektrisch angetriebene Niederflurbusse mit Wasserstoff-Brennstoffzelle zur Verl\u00e4ngerung der Reichweite \u2013 kommen nach ihrer Fertigstellung im KEM vorbei: zur Erstbetankungen an der KEM-eigenen Wasserstoff-Bedruckungsstation.<\/p>\n<h3>Vorkonfektionierung von Batteriepacks<\/h3>\n<figure id=\"attachment_39956\" aria-describedby=\"caption-attachment-39956\" style=\"width: 420px\" class=\"wp-caption alignleft\"><a href=\"https:\/\/static.krafthand-truck.de\/uploads\/2024\/06\/Daimler_Truck_Betteriefertigung_Mannheim_KEP.jpg\" target=\"_blank\" rel=\"noopener\"><img decoding=\"async\" class=\"wp-image-39956\" src=\"https:\/\/static.krafthand-truck.de\/uploads\/2024\/06\/Daimler_Truck_Betteriefertigung_Mannheim_KEP-300x198.jpg\" alt=\"\" width=\"420\" height=\"277\" srcset=\"https:\/\/static.krafthand-truck.de\/uploads\/2024\/06\/Daimler_Truck_Betteriefertigung_Mannheim_KEP-300x198.jpg 300w, https:\/\/static.krafthand-truck.de\/uploads\/2024\/06\/Daimler_Truck_Betteriefertigung_Mannheim_KEP-1024x675.jpg 1024w, https:\/\/static.krafthand-truck.de\/uploads\/2024\/06\/Daimler_Truck_Betteriefertigung_Mannheim_KEP-768x506.jpg 768w, https:\/\/static.krafthand-truck.de\/uploads\/2024\/06\/Daimler_Truck_Betteriefertigung_Mannheim_KEP.jpg 1200w\" sizes=\"(max-width: 420px) 100vw, 420px\" \/><\/a><figcaption id=\"caption-attachment-39956\" class=\"wp-caption-text\">Nach der Komplettierung in Mannheim werden die Batterieeinheiten verladen. Bild: Daimler-Truck<\/figcaption><\/figure>\n<p>F\u00fcr die im gut 50 Kilometer entfernten Mercedes-Benz Werk W\u00f6rth aktuell produzierten E-Lkw, wie dem eActros 300\/400 und dem eEconic, werden im KEM in Mannheim einzelne Batteriemodule zu kompletten Hochvolt-Batterien (Pakete) verbaut und einer Funktionspr\u00fcfung unterzogen. Doch bevor aus den Modulen eine einsatzbereite Hochvolt-Batterie entsteht, werden die einzelnen Module in einem ersten Schritt in ein Batteriegeh\u00e4use gesetzt, dann mit weiteren Komponenten wie Stromschienen, Steuerger\u00e4ten und Kabeln verbunden. Im Anschluss erfolgt die Verkabelung der Hochvolt-Leitungss\u00e4tze und das Anbringen von Isolationsschichten, die h\u00f6chste Sicherheitsstandards gew\u00e4hrleisten. Abschlie\u00dfend wird die sogenannte Elektrik\/Elektronik-Box (E\/E-Box) auf das vormontierte Metallgeh\u00e4use angebracht, welche sp\u00e4ter die Schnittstelle zwischen Batterie und Fahrzeug bildet. Die E\/E-Box wird ebenfalls im KEM vormontiert. Nach einer finalen Funktions- und Dichtheitspr\u00fcfung der gesamten Hochvolt-Batterie erfolgt der Versand nach W\u00f6rth.<\/p>\n<h3>Pilotprojekt: Hochvolt-Batterien als Stromspeicher<\/h3>\n<p>Da emissionsfreie Mobilit\u00e4t nicht nur bei der erstmaligen Produktion von G\u00fctern ansetzt, sondern den gesamten Wirtschaftskreislauf in den Blick nimmt, pilotiert das KEM auch Anwendungen zum sogenannten 2nd-life, also einem &#8218;zweiten Leben&#8216;, von Hochvolt-Batterien und -Modulen als Stromspeicher: Das KEM besitzt einen Energiespeicher (ESS = Energy Storage System) im Rahmen einer Depot-Ladesystem Pilotanwendung f\u00fcr Kunden. Der Speicher aus Modulen von eActros 300\/400 und eEconic Batterien l\u00e4dt Lkw von Logistikdienstleistern des Werkes Mannheim mit gr\u00fcnem Strom aus der 3,2 MW Photovoltaik-Anlage, die rund 30.000 Quadratmeter des KEM-Dachs bedeckt.<\/p>\n<h3>Eine 30j\u00e4hrige Erfolgsgeschichte<\/h3>\n<p>Das Kompetenzcenter KEM in Mannheim wurde 1994 f\u00fcr emissionsfreie Nutzfahrzeuge (KEN) gegr\u00fcndet und war zun\u00e4chst eine reine Experimentierwerkstatt f\u00fcr neue Antriebe. Zu den ersten Projekten geh\u00f6rte 1996 die Fertigung von Transportern mit Elektroantrieb. Mit Blick auf die in den letzten Jahren zunehmende Relevanz alternativer Antriebe betont Robert Braun, Leiter Kompetenzcenter f\u00fcr emissionsfreie Mobilit\u00e4t: <em>\u201eIn den vergangenen 30 Jahren haben wir ausgesprochen viel Erfahrung mit verschiedenen Technologien gesammelt und sind mit dem daraus gewonnenen Wissen hervorragend f\u00fcr die Zukunft aufgestellt. Mit Stolz k\u00f6nnen wir sagen, dass in jedem Fahrzeug mit alternativem Antrieb von Daimler Truck auch ein St\u00fcck KEM-Expertise steckt.\u201c<\/em><\/p>\n<p><strong>Im \u00dcbrigen:<\/strong> In Mannheim erfand der Ingenieur Carl Benz am 29. Januar 1886 das erste Automobil der Welt \u2013 den Benz-Motorwagen (Patentnummer 37435). So schlie\u00dft sich der Kreis. 1908 wurde das heutige Mercedes-Benz Werk Mannheim in Mannheim-Waldhof auf dem Luzenberg gegr\u00fcndet.<\/p>\n\r\n\t\t\t\t<div class=\"post-author\">\r\n\t\t\t\t\t<div class=\"khm-cp-author clearfix\">\r\n\t\t\t\t\t\t<div class=\"khm-cp-author__content\">\r\n\t\t\t\t\t\t\t\tKontakt zum Autor:<br \/>\r\n\t\t\t\t\t\t\t\t<strong>Georg Blenk<\/strong>, 08247 \/ 3007-45 |  <a href=\"mailto:georg.blenk@krafthand-medien.de\">georg.blenk@krafthand-medien.de<\/a>\r\n\t\t\t\t\t\t\t<div class=\"khm-cp-author__image\">\r\n\t\t\t\t\t\t<img src=\"https:\/\/static.krafthand-truck.de\/uploads\/2021\/01\/Blenk_6104-250x300-1-removebg-preview.png\" class=\"img-responsive\">\r\n\t\t\t\t\t<\/div>\r\n\t\t\t\t\t\t<\/div>\r\n\t\t\t\t\t<\/div>\r\n\t\t\t\t<\/div>\r\n\t\t\t\t","protected":false},"excerpt":{"rendered":"<p>Seit nunmehr 30 Jahren ist das Kompetenzcenter f\u00fcr emissionsfreie Mobilit\u00e4t (KEM) in Mannheim die Anlauffabrik f\u00fcr Komponenten und Fahrzeuge mit alternativen Antrieben bei Daimler Truck. Das KEM baut als interner Entwicklungspartner Prototypen auf, produziert Kleinserien und bereitet Serienanl\u00e4ufe vor. <span class=\"excerpt-more__dots\">&#8230;<\/span> <a class=\"excerpt-more__link\" href=\"https:\/\/www.krafthand.de\/truck\/artikel\/daimler-truck-vom-prototypen-zur-serie-30-jahre-kem-in-mannheim-39946\/\" >weiter<\/a><\/p>\n","protected":false},"author":9,"featured_media":39953,"comment_status":"closed","ping_status":"closed","sticky":false,"template":"","format":"standard","meta":{"footnotes":""},"categories":[4913,4224,4915,4235],"tags":[4492,4177,4450,5972,5868,552,5973],"settings":[3524,3523],"class_list":["post-39946","post","type-post","status-publish","format-standard","has-post-thumbnail","hentry","category-alternative-kraftstoffe","category-e-antrieb","category-neue-fahrzeuge","category-unternehmen","tag-daimler-truck","tag-e-lkw","tag-eactros","tag-ecitaro","tag-eeconic","tag-entwicklung","tag-prototypenbau"],"yoast_head":"<!-- This site is optimized with the Yoast SEO plugin v27.3 - https:\/\/yoast.com\/product\/yoast-seo-wordpress\/ -->\n<title>Daimler-Truck: Vom Prototypen zur Serie - 30 Jahre KEM in Mannheim - Krafthand-Truck<\/title>\n<meta name=\"description\" content=\"Seit 30 Jahren ist das Kompetenzcenter f\u00fcr emissionsfreie Mobilit\u00e4t Anlauffabrik f\u00fcr Komponenten und Fahrzeuge mit alternativen Antrieben.\" \/>\n<meta name=\"robots\" content=\"index, follow, max-snippet:-1, max-image-preview:large, max-video-preview:-1\" \/>\n<link rel=\"canonical\" href=\"https:\/\/www.krafthand.de\/truck\/artikel\/daimler-truck-vom-prototypen-zur-serie-30-jahre-kem-in-mannheim-39946\/\" \/>\n<meta property=\"og:locale\" content=\"de_DE\" \/>\n<meta property=\"og:type\" content=\"article\" \/>\n<meta property=\"og:title\" content=\"Daimler-Truck: Vom Prototypen zur Serie - 30 Jahre KEM in Mannheim - Krafthand-Truck\" \/>\n<meta property=\"og:description\" content=\"Seit 30 Jahren ist das Kompetenzcenter f\u00fcr emissionsfreie Mobilit\u00e4t Anlauffabrik f\u00fcr Komponenten und Fahrzeuge mit alternativen Antrieben.\" \/>\n<meta property=\"og:url\" content=\"https:\/\/www.krafthand-truck.de\/artikel\/daimler-truck-vom-prototypen-zur-serie-30-jahre-kem-in-mannheim-39946\/\" \/>\n<meta property=\"og:site_name\" content=\"Krafthand-Truck\" \/>\n<meta property=\"article:published_time\" content=\"2024-06-11T07:30:29+00:00\" \/>\n<meta property=\"article:modified_time\" content=\"2024-06-11T08:02:40+00:00\" \/>\n<meta property=\"og:image\" content=\"https:\/\/static.krafthand-truck.de\/uploads\/2024\/06\/Daimler_Truck_KEM_Mannheim_Prototypen_Lkw.jpg\" \/>\n\t<meta property=\"og:image:width\" content=\"1200\" \/>\n\t<meta property=\"og:image:height\" content=\"637\" \/>\n\t<meta property=\"og:image:type\" content=\"image\/jpeg\" \/>\n<meta name=\"author\" content=\"georg.blenk@krafthand-medien.de\" \/>\n<meta name=\"twitter:card\" content=\"summary_large_image\" \/>\n<meta name=\"twitter:label1\" content=\"Verfasst von\" \/>\n\t<meta name=\"twitter:data1\" content=\"georg.blenk@krafthand-medien.de\" \/>\n\t<meta name=\"twitter:label2\" content=\"Gesch\u00e4tzte Lesezeit\" \/>\n\t<meta name=\"twitter:data2\" content=\"4\u00a0Minuten\" \/>\n<script type=\"application\/ld+json\" class=\"yoast-schema-graph\">{\"@context\":\"https:\\\/\\\/schema.org\",\"@graph\":[{\"@type\":\"Article\",\"@id\":\"https:\\\/\\\/www.krafthand.de\\\/truck\\\/artikel\\\/daimler-truck-vom-prototypen-zur-serie-30-jahre-kem-in-mannheim-39946\\\/#article\",\"isPartOf\":{\"@id\":\"https:\\\/\\\/www.krafthand.de\\\/truck\\\/artikel\\\/daimler-truck-vom-prototypen-zur-serie-30-jahre-kem-in-mannheim-39946\\\/\"},\"author\":{\"name\":\"georg.blenk@krafthand-medien.de\",\"@id\":\"https:\\\/\\\/www.krafthand.de\\\/truck\\\/#\\\/schema\\\/person\\\/51fa80b1c57034c4bf63f9f988fc24ce\"},\"headline\":\"Daimler-Truck: Vom Prototypen zur Serie &#8211; 30 Jahre KEM in Mannheim\",\"datePublished\":\"2024-06-11T07:30:29+00:00\",\"dateModified\":\"2024-06-11T08:02:40+00:00\",\"mainEntityOfPage\":{\"@id\":\"https:\\\/\\\/www.krafthand.de\\\/truck\\\/artikel\\\/daimler-truck-vom-prototypen-zur-serie-30-jahre-kem-in-mannheim-39946\\\/\"},\"wordCount\":709,\"image\":{\"@id\":\"https:\\\/\\\/www.krafthand.de\\\/truck\\\/artikel\\\/daimler-truck-vom-prototypen-zur-serie-30-jahre-kem-in-mannheim-39946\\\/#primaryimage\"},\"thumbnailUrl\":\"https:\\\/\\\/static.krafthand-truck.de\\\/uploads\\\/2024\\\/06\\\/Daimler_Truck_KEM_Mannheim_Prototypen_Lkw.jpg\",\"keywords\":[\"Daimler Truck\",\"E-Lkw\",\"eActros\",\"eCitaro\",\"eEconic\",\"Entwicklung\",\"Prototypenbau\"],\"articleSection\":[\"Alternative Kraftstoffe\",\"E-Antrieb (BEV\\\/FCEV)\",\"Neue Fahrzeuge\",\"Unternehmen\"],\"inLanguage\":\"de\"},{\"@type\":\"WebPage\",\"@id\":\"https:\\\/\\\/www.krafthand.de\\\/truck\\\/artikel\\\/daimler-truck-vom-prototypen-zur-serie-30-jahre-kem-in-mannheim-39946\\\/\",\"url\":\"https:\\\/\\\/www.krafthand.de\\\/truck\\\/artikel\\\/daimler-truck-vom-prototypen-zur-serie-30-jahre-kem-in-mannheim-39946\\\/\",\"name\":\"Daimler-Truck: Vom Prototypen zur Serie - 30 Jahre KEM in Mannheim - Krafthand-Truck\",\"isPartOf\":{\"@id\":\"https:\\\/\\\/www.krafthand.de\\\/truck\\\/#website\"},\"primaryImageOfPage\":{\"@id\":\"https:\\\/\\\/www.krafthand.de\\\/truck\\\/artikel\\\/daimler-truck-vom-prototypen-zur-serie-30-jahre-kem-in-mannheim-39946\\\/#primaryimage\"},\"image\":{\"@id\":\"https:\\\/\\\/www.krafthand.de\\\/truck\\\/artikel\\\/daimler-truck-vom-prototypen-zur-serie-30-jahre-kem-in-mannheim-39946\\\/#primaryimage\"},\"thumbnailUrl\":\"https:\\\/\\\/static.krafthand-truck.de\\\/uploads\\\/2024\\\/06\\\/Daimler_Truck_KEM_Mannheim_Prototypen_Lkw.jpg\",\"datePublished\":\"2024-06-11T07:30:29+00:00\",\"dateModified\":\"2024-06-11T08:02:40+00:00\",\"author\":{\"@id\":\"https:\\\/\\\/www.krafthand.de\\\/truck\\\/#\\\/schema\\\/person\\\/51fa80b1c57034c4bf63f9f988fc24ce\"},\"description\":\"Seit 30 Jahren ist das Kompetenzcenter f\u00fcr emissionsfreie Mobilit\u00e4t Anlauffabrik f\u00fcr Komponenten und Fahrzeuge mit alternativen Antrieben.\",\"breadcrumb\":{\"@id\":\"https:\\\/\\\/www.krafthand.de\\\/truck\\\/artikel\\\/daimler-truck-vom-prototypen-zur-serie-30-jahre-kem-in-mannheim-39946\\\/#breadcrumb\"},\"inLanguage\":\"de\",\"potentialAction\":[{\"@type\":\"ReadAction\",\"target\":[\"https:\\\/\\\/www.krafthand.de\\\/truck\\\/artikel\\\/daimler-truck-vom-prototypen-zur-serie-30-jahre-kem-in-mannheim-39946\\\/\"]}]},{\"@type\":\"ImageObject\",\"inLanguage\":\"de\",\"@id\":\"https:\\\/\\\/www.krafthand.de\\\/truck\\\/artikel\\\/daimler-truck-vom-prototypen-zur-serie-30-jahre-kem-in-mannheim-39946\\\/#primaryimage\",\"url\":\"https:\\\/\\\/static.krafthand-truck.de\\\/uploads\\\/2024\\\/06\\\/Daimler_Truck_KEM_Mannheim_Prototypen_Lkw.jpg\",\"contentUrl\":\"https:\\\/\\\/static.krafthand-truck.de\\\/uploads\\\/2024\\\/06\\\/Daimler_Truck_KEM_Mannheim_Prototypen_Lkw.jpg\",\"width\":1200,\"height\":637},{\"@type\":\"BreadcrumbList\",\"@id\":\"https:\\\/\\\/www.krafthand.de\\\/truck\\\/artikel\\\/daimler-truck-vom-prototypen-zur-serie-30-jahre-kem-in-mannheim-39946\\\/#breadcrumb\",\"itemListElement\":[{\"@type\":\"ListItem\",\"position\":1,\"name\":\"Krafthand-Truck\",\"item\":\"https:\\\/\\\/www.krafthand.de\\\/truck\\\/\"},{\"@type\":\"ListItem\",\"position\":2,\"name\":\"IT+Fuhrpark\",\"item\":\"https:\\\/\\\/www.krafthand.de\\\/truck\\\/kategorie\\\/fuhrpark\\\/\"},{\"@type\":\"ListItem\",\"position\":3,\"name\":\"Neue Fahrzeuge\",\"item\":\"https:\\\/\\\/www.krafthand.de\\\/truck\\\/kategorie\\\/fuhrpark\\\/neue-fahrzeuge\\\/\"},{\"@type\":\"ListItem\",\"position\":4,\"name\":\"Daimler-Truck: Vom Prototypen zur Serie &#8211; 30 Jahre KEM in Mannheim\"}]},{\"@type\":\"WebSite\",\"@id\":\"https:\\\/\\\/www.krafthand.de\\\/truck\\\/#website\",\"url\":\"https:\\\/\\\/www.krafthand.de\\\/truck\\\/\",\"name\":\"Krafthand-Truck\",\"description\":\"\",\"potentialAction\":[{\"@type\":\"SearchAction\",\"target\":{\"@type\":\"EntryPoint\",\"urlTemplate\":\"https:\\\/\\\/www.krafthand.de\\\/truck\\\/?s={search_term_string}\"},\"query-input\":{\"@type\":\"PropertyValueSpecification\",\"valueRequired\":true,\"valueName\":\"search_term_string\"}}],\"inLanguage\":\"de\"},{\"@type\":\"Person\",\"@id\":\"https:\\\/\\\/www.krafthand.de\\\/truck\\\/#\\\/schema\\\/person\\\/51fa80b1c57034c4bf63f9f988fc24ce\",\"name\":\"georg.blenk@krafthand-medien.de\",\"image\":{\"@type\":\"ImageObject\",\"inLanguage\":\"de\",\"@id\":\"https:\\\/\\\/secure.gravatar.com\\\/avatar\\\/93713c30affe0aa95d3a4130e499bb1abee2eb31adbdd9ce2aa1543538490215?s=96&d=mm&r=g\",\"url\":\"https:\\\/\\\/secure.gravatar.com\\\/avatar\\\/93713c30affe0aa95d3a4130e499bb1abee2eb31adbdd9ce2aa1543538490215?s=96&d=mm&r=g\",\"contentUrl\":\"https:\\\/\\\/secure.gravatar.com\\\/avatar\\\/93713c30affe0aa95d3a4130e499bb1abee2eb31adbdd9ce2aa1543538490215?s=96&d=mm&r=g\",\"caption\":\"georg.blenk@krafthand-medien.de\"}}]}<\/script>\n<!-- \/ Yoast SEO plugin. -->","yoast_head_json":{"title":"Daimler-Truck: Vom Prototypen zur Serie - 30 Jahre KEM in Mannheim - Krafthand-Truck","description":"Seit 30 Jahren ist das Kompetenzcenter f\u00fcr emissionsfreie Mobilit\u00e4t Anlauffabrik f\u00fcr Komponenten und Fahrzeuge mit alternativen Antrieben.","robots":{"index":"index","follow":"follow","max-snippet":"max-snippet:-1","max-image-preview":"max-image-preview:large","max-video-preview":"max-video-preview:-1"},"canonical":"https:\/\/www.krafthand.de\/truck\/artikel\/daimler-truck-vom-prototypen-zur-serie-30-jahre-kem-in-mannheim-39946\/","og_locale":"de_DE","og_type":"article","og_title":"Daimler-Truck: Vom Prototypen zur Serie - 30 Jahre KEM in Mannheim - Krafthand-Truck","og_description":"Seit 30 Jahren ist das Kompetenzcenter f\u00fcr emissionsfreie Mobilit\u00e4t Anlauffabrik f\u00fcr Komponenten und Fahrzeuge mit alternativen Antrieben.","og_url":"https:\/\/www.krafthand-truck.de\/artikel\/daimler-truck-vom-prototypen-zur-serie-30-jahre-kem-in-mannheim-39946\/","og_site_name":"Krafthand-Truck","article_published_time":"2024-06-11T07:30:29+00:00","article_modified_time":"2024-06-11T08:02:40+00:00","og_image":[{"width":1200,"height":637,"url":"https:\/\/static.krafthand-truck.de\/uploads\/2024\/06\/Daimler_Truck_KEM_Mannheim_Prototypen_Lkw.jpg","type":"image\/jpeg"}],"author":"georg.blenk@krafthand-medien.de","twitter_card":"summary_large_image","twitter_misc":{"Verfasst von":"georg.blenk@krafthand-medien.de","Gesch\u00e4tzte Lesezeit":"4\u00a0Minuten"},"schema":{"@context":"https:\/\/schema.org","@graph":[{"@type":"Article","@id":"https:\/\/www.krafthand.de\/truck\/artikel\/daimler-truck-vom-prototypen-zur-serie-30-jahre-kem-in-mannheim-39946\/#article","isPartOf":{"@id":"https:\/\/www.krafthand.de\/truck\/artikel\/daimler-truck-vom-prototypen-zur-serie-30-jahre-kem-in-mannheim-39946\/"},"author":{"name":"georg.blenk@krafthand-medien.de","@id":"https:\/\/www.krafthand.de\/truck\/#\/schema\/person\/51fa80b1c57034c4bf63f9f988fc24ce"},"headline":"Daimler-Truck: Vom Prototypen zur Serie &#8211; 30 Jahre KEM in Mannheim","datePublished":"2024-06-11T07:30:29+00:00","dateModified":"2024-06-11T08:02:40+00:00","mainEntityOfPage":{"@id":"https:\/\/www.krafthand.de\/truck\/artikel\/daimler-truck-vom-prototypen-zur-serie-30-jahre-kem-in-mannheim-39946\/"},"wordCount":709,"image":{"@id":"https:\/\/www.krafthand.de\/truck\/artikel\/daimler-truck-vom-prototypen-zur-serie-30-jahre-kem-in-mannheim-39946\/#primaryimage"},"thumbnailUrl":"https:\/\/static.krafthand-truck.de\/uploads\/2024\/06\/Daimler_Truck_KEM_Mannheim_Prototypen_Lkw.jpg","keywords":["Daimler Truck","E-Lkw","eActros","eCitaro","eEconic","Entwicklung","Prototypenbau"],"articleSection":["Alternative Kraftstoffe","E-Antrieb (BEV\/FCEV)","Neue Fahrzeuge","Unternehmen"],"inLanguage":"de"},{"@type":"WebPage","@id":"https:\/\/www.krafthand.de\/truck\/artikel\/daimler-truck-vom-prototypen-zur-serie-30-jahre-kem-in-mannheim-39946\/","url":"https:\/\/www.krafthand.de\/truck\/artikel\/daimler-truck-vom-prototypen-zur-serie-30-jahre-kem-in-mannheim-39946\/","name":"Daimler-Truck: Vom Prototypen zur Serie - 30 Jahre KEM in Mannheim - Krafthand-Truck","isPartOf":{"@id":"https:\/\/www.krafthand.de\/truck\/#website"},"primaryImageOfPage":{"@id":"https:\/\/www.krafthand.de\/truck\/artikel\/daimler-truck-vom-prototypen-zur-serie-30-jahre-kem-in-mannheim-39946\/#primaryimage"},"image":{"@id":"https:\/\/www.krafthand.de\/truck\/artikel\/daimler-truck-vom-prototypen-zur-serie-30-jahre-kem-in-mannheim-39946\/#primaryimage"},"thumbnailUrl":"https:\/\/static.krafthand-truck.de\/uploads\/2024\/06\/Daimler_Truck_KEM_Mannheim_Prototypen_Lkw.jpg","datePublished":"2024-06-11T07:30:29+00:00","dateModified":"2024-06-11T08:02:40+00:00","author":{"@id":"https:\/\/www.krafthand.de\/truck\/#\/schema\/person\/51fa80b1c57034c4bf63f9f988fc24ce"},"description":"Seit 30 Jahren ist das Kompetenzcenter f\u00fcr emissionsfreie Mobilit\u00e4t Anlauffabrik f\u00fcr Komponenten und Fahrzeuge mit alternativen Antrieben.","breadcrumb":{"@id":"https:\/\/www.krafthand.de\/truck\/artikel\/daimler-truck-vom-prototypen-zur-serie-30-jahre-kem-in-mannheim-39946\/#breadcrumb"},"inLanguage":"de","potentialAction":[{"@type":"ReadAction","target":["https:\/\/www.krafthand.de\/truck\/artikel\/daimler-truck-vom-prototypen-zur-serie-30-jahre-kem-in-mannheim-39946\/"]}]},{"@type":"ImageObject","inLanguage":"de","@id":"https:\/\/www.krafthand.de\/truck\/artikel\/daimler-truck-vom-prototypen-zur-serie-30-jahre-kem-in-mannheim-39946\/#primaryimage","url":"https:\/\/static.krafthand-truck.de\/uploads\/2024\/06\/Daimler_Truck_KEM_Mannheim_Prototypen_Lkw.jpg","contentUrl":"https:\/\/static.krafthand-truck.de\/uploads\/2024\/06\/Daimler_Truck_KEM_Mannheim_Prototypen_Lkw.jpg","width":1200,"height":637},{"@type":"BreadcrumbList","@id":"https:\/\/www.krafthand.de\/truck\/artikel\/daimler-truck-vom-prototypen-zur-serie-30-jahre-kem-in-mannheim-39946\/#breadcrumb","itemListElement":[{"@type":"ListItem","position":1,"name":"Krafthand-Truck","item":"https:\/\/www.krafthand.de\/truck\/"},{"@type":"ListItem","position":2,"name":"IT+Fuhrpark","item":"https:\/\/www.krafthand.de\/truck\/kategorie\/fuhrpark\/"},{"@type":"ListItem","position":3,"name":"Neue Fahrzeuge","item":"https:\/\/www.krafthand.de\/truck\/kategorie\/fuhrpark\/neue-fahrzeuge\/"},{"@type":"ListItem","position":4,"name":"Daimler-Truck: Vom Prototypen zur Serie &#8211; 30 Jahre KEM in Mannheim"}]},{"@type":"WebSite","@id":"https:\/\/www.krafthand.de\/truck\/#website","url":"https:\/\/www.krafthand.de\/truck\/","name":"Krafthand-Truck","description":"","potentialAction":[{"@type":"SearchAction","target":{"@type":"EntryPoint","urlTemplate":"https:\/\/www.krafthand.de\/truck\/?s={search_term_string}"},"query-input":{"@type":"PropertyValueSpecification","valueRequired":true,"valueName":"search_term_string"}}],"inLanguage":"de"},{"@type":"Person","@id":"https:\/\/www.krafthand.de\/truck\/#\/schema\/person\/51fa80b1c57034c4bf63f9f988fc24ce","name":"georg.blenk@krafthand-medien.de","image":{"@type":"ImageObject","inLanguage":"de","@id":"https:\/\/secure.gravatar.com\/avatar\/93713c30affe0aa95d3a4130e499bb1abee2eb31adbdd9ce2aa1543538490215?s=96&d=mm&r=g","url":"https:\/\/secure.gravatar.com\/avatar\/93713c30affe0aa95d3a4130e499bb1abee2eb31adbdd9ce2aa1543538490215?s=96&d=mm&r=g","contentUrl":"https:\/\/secure.gravatar.com\/avatar\/93713c30affe0aa95d3a4130e499bb1abee2eb31adbdd9ce2aa1543538490215?s=96&d=mm&r=g","caption":"georg.blenk@krafthand-medien.de"}}]}},"_links":{"self":[{"href":"https:\/\/www.krafthand.de\/truck\/wp-json\/wp\/v2\/posts\/39946","targetHints":{"allow":["GET"]}}],"collection":[{"href":"https:\/\/www.krafthand.de\/truck\/wp-json\/wp\/v2\/posts"}],"about":[{"href":"https:\/\/www.krafthand.de\/truck\/wp-json\/wp\/v2\/types\/post"}],"author":[{"embeddable":true,"href":"https:\/\/www.krafthand.de\/truck\/wp-json\/wp\/v2\/users\/9"}],"replies":[{"embeddable":true,"href":"https:\/\/www.krafthand.de\/truck\/wp-json\/wp\/v2\/comments?post=39946"}],"version-history":[{"count":14,"href":"https:\/\/www.krafthand.de\/truck\/wp-json\/wp\/v2\/posts\/39946\/revisions"}],"predecessor-version":[{"id":39963,"href":"https:\/\/www.krafthand.de\/truck\/wp-json\/wp\/v2\/posts\/39946\/revisions\/39963"}],"wp:featuredmedia":[{"embeddable":true,"href":"https:\/\/www.krafthand.de\/truck\/wp-json\/wp\/v2\/media\/39953"}],"wp:attachment":[{"href":"https:\/\/www.krafthand.de\/truck\/wp-json\/wp\/v2\/media?parent=39946"}],"wp:term":[{"taxonomy":"category","embeddable":true,"href":"https:\/\/www.krafthand.de\/truck\/wp-json\/wp\/v2\/categories?post=39946"},{"taxonomy":"post_tag","embeddable":true,"href":"https:\/\/www.krafthand.de\/truck\/wp-json\/wp\/v2\/tags?post=39946"},{"taxonomy":"settings","embeddable":true,"href":"https:\/\/www.krafthand.de\/truck\/wp-json\/wp\/v2\/settings?post=39946"}],"curies":[{"name":"wp","href":"https:\/\/api.w.org\/{rel}","templated":true}]}}