{"id":39919,"date":"2024-06-10T08:57:03","date_gmt":"2024-06-10T06:57:03","guid":{"rendered":"https:\/\/www.krafthand.de\/truck\/?p=39919"},"modified":"2024-06-14T11:49:26","modified_gmt":"2024-06-14T09:49:26","slug":"dekra-plausible-und-wahrheitsgemaesse-co2-emissionsdaten","status":"publish","type":"post","link":"https:\/\/www.krafthand.de\/truck\/artikel\/dekra-plausible-und-wahrheitsgemaesse-co2-emissionsdaten-39919\/","title":{"rendered":"DEKRA &#8211; Plausible und wahrheitsgem\u00e4\u00dfe CO2-Emissionsdaten"},"content":{"rendered":"<p>Die Pr\u00fcf- und Sachverst\u00e4ndigenorganisation DEKRA bietet jetzt akkreditierte Validierungs- und Verifizierungsdienstleistungen von Treibhausgaserkl\u00e4rungen auf Unternehmens- und Projektebene an. Die <a href=\"https:\/\/www.dekra-certification.de\/de\/startseite\/\" target=\"_blank\" rel=\"noopener\">DEKRA Certification GmbH<\/a> hat offiziell von der deutschen Akkreditierungsstelle (DAkkS) die Akkreditierung als Validierungs- und Verifizierungsstelle gem\u00e4\u00df der Norm DIN ISO\/IEC 17029:2020 mit DIN EN ISO 14065:2022 erhalten.<\/p>\n<p>CO2-Bilanzierung und die unabh\u00e4ngige \u00dcberpr\u00fcfung sind wichtige Instrumente f\u00fcr Unternehmen und Organisationen, die ihre Umweltauswirkungen verringern und ihre Nachhaltigkeitsziele erreichen wollen. Die Erkl\u00e4rung der Treibhausgas-Emissionen kann auf Unternehmensebene (Corporate-Carbon-Footprint), Projektebene (Project-Carbon-Footprint) oder auf Produktebene (Product-Carbon-Footprint) erstellt werden. Der Teil 3 der DIN EN ISO 14064 bietet eine systematische Herangehensweise hierf\u00fcr.<\/p>\n<p>Mit der Akkreditierung gew\u00e4hrleistet <a href=\"https:\/\/www.dekra.de\/de\/umweltkennzahlen\/\" target=\"_blank\" rel=\"noopener\">DEKRA<\/a>, dass Angaben gem\u00e4\u00df festgelegten Richtlinien unabh\u00e4ngig, unparteiisch und fachlich kompetent \u00fcberpr\u00fcft und best\u00e4tigt werden. Als akkreditierte Validierungs- und Verifizierungsstelle operiert DEKRA im gesetzlich geregelten Rahmen, der Unternehmen zur unabh\u00e4ngigen \u00dcberpr\u00fcfung ihrer Angaben durch akkreditierte Verifizierungsstellen verpflichtet, und auch im freiwilligen Bereich: dort gew\u00e4hrleisten Validierung und Verifizierung einen hohen Vertrauenswert von Informationen.<\/p>\n<p>Auf Basis der DIN EN ISO 14064-3 begleiten DEKRA Experten durch den gesamten Validierungs- und Verifizierungsprozess f\u00fcr folgende Anwendungsf\u00e4lle:<\/p>\n<ul>\n<li>Verifizierung Treibhausgaserkl\u00e4rung auf Unternehmensebene gem\u00e4\u00df DIN EN ISO 14064-1<\/li>\n<li>Validierung und Verifizierung der Berichterstattung \u00fcber Treibhausgas-minderungen und -reduktionen bei Klimaschutzprojekten gem\u00e4\u00df DIN EN ISO 14064-2<\/li>\n<\/ul>\n<p>Des Weiteren habe man laut DEKRA die Akkreditierung als Verifizierungsstelle zur Pr\u00fcfung von Treibhausgaserkl\u00e4rungen auf Produktebene gem\u00e4\u00df DIN EN ISO 14067 bei der DAkkS beantragt.<\/p>\n<p><i>Den Beitrag finden Sie auch in der Print-Ausgabe 2-2024 der <a href=\"https:\/\/www.krafthand.de\/truck\/magazin\/\" title=\"Zum Magazin\">Krafthand-Truck<\/a>.<\/i><\/p>","protected":false},"excerpt":{"rendered":"<p>Die Pr\u00fcf- und Sachverst\u00e4ndigenorganisation DEKRA bietet jetzt akkreditierte Validierungs- und Verifizierungsdienstleistungen von Treibhausgaserkl\u00e4rungen auf Unternehmens- und Projektebene an. <span class=\"excerpt-more__dots\">&#8230;<\/span> <a class=\"excerpt-more__link\" href=\"https:\/\/www.krafthand.de\/truck\/artikel\/dekra-plausible-und-wahrheitsgemaesse-co2-emissionsdaten-39919\/\" >weiter<\/a><\/p>\n","protected":false},"author":9,"featured_media":39921,"comment_status":"closed","ping_status":"closed","sticky":false,"template":"","format":"standard","meta":{"footnotes":""},"categories":[4235],"tags":[5964,5966,2151,5965],"settings":[3523],"class_list":["post-39919","post","type-post","status-publish","format-standard","has-post-thumbnail","hentry","category-unternehmen","tag-co2-emissionen","tag-dakks","tag-dekra","tag-validierung"],"yoast_head":"<!-- This site is optimized with the Yoast SEO plugin v27.3 - https:\/\/yoast.com\/product\/yoast-seo-wordpress\/ -->\n<title>DEKRA - Plausible und wahrheitsgem\u00e4\u00dfe CO2-Emissionsdaten - Krafthand-Truck<\/title>\n<meta name=\"description\" content=\"DEKRA bietet die Validierung und Verifizierung von Treibhausgaserkl\u00e4rungen auf Unternehmens- und Projektebene und ist jetzt zertifiziert.\" \/>\n<meta name=\"robots\" content=\"index, follow, max-snippet:-1, max-image-preview:large, max-video-preview:-1\" \/>\n<link rel=\"canonical\" href=\"https:\/\/www.krafthand.de\/truck\/artikel\/dekra-plausible-und-wahrheitsgemaesse-co2-emissionsdaten-39919\/\" \/>\n<meta property=\"og:locale\" content=\"de_DE\" \/>\n<meta property=\"og:type\" content=\"article\" \/>\n<meta property=\"og:title\" content=\"DEKRA - Plausible und wahrheitsgem\u00e4\u00dfe CO2-Emissionsdaten - Krafthand-Truck\" \/>\n<meta property=\"og:description\" content=\"DEKRA bietet die Validierung und Verifizierung von Treibhausgaserkl\u00e4rungen auf Unternehmens- und Projektebene und ist jetzt zertifiziert.\" \/>\n<meta property=\"og:url\" content=\"https:\/\/www.krafthand-truck.de\/artikel\/dekra-plausible-und-wahrheitsgemaesse-co2-emissionsdaten-39919\/\" \/>\n<meta property=\"og:site_name\" content=\"Krafthand-Truck\" \/>\n<meta property=\"article:published_time\" content=\"2024-06-10T06:57:03+00:00\" \/>\n<meta property=\"article:modified_time\" content=\"2024-06-14T09:49:26+00:00\" \/>\n<meta property=\"og:image\" content=\"https:\/\/static.krafthand-truck.de\/uploads\/2024\/06\/DEKRA_CO2_Validierung.jpg\" \/>\n\t<meta property=\"og:image:width\" content=\"1200\" \/>\n\t<meta property=\"og:image:height\" content=\"799\" \/>\n\t<meta property=\"og:image:type\" content=\"image\/jpeg\" \/>\n<meta name=\"author\" content=\"georg.blenk@krafthand-medien.de\" \/>\n<meta name=\"twitter:card\" content=\"summary_large_image\" \/>\n<meta name=\"twitter:label1\" content=\"Verfasst von\" \/>\n\t<meta name=\"twitter:data1\" content=\"georg.blenk@krafthand-medien.de\" \/>\n\t<meta name=\"twitter:label2\" content=\"Gesch\u00e4tzte Lesezeit\" \/>\n\t<meta name=\"twitter:data2\" content=\"2\u00a0Minuten\" \/>\n<script type=\"application\/ld+json\" class=\"yoast-schema-graph\">{\"@context\":\"https:\\\/\\\/schema.org\",\"@graph\":[{\"@type\":\"Article\",\"@id\":\"https:\\\/\\\/www.krafthand.de\\\/truck\\\/artikel\\\/dekra-plausible-und-wahrheitsgemaesse-co2-emissionsdaten-39919\\\/#article\",\"isPartOf\":{\"@id\":\"https:\\\/\\\/www.krafthand.de\\\/truck\\\/artikel\\\/dekra-plausible-und-wahrheitsgemaesse-co2-emissionsdaten-39919\\\/\"},\"author\":{\"name\":\"georg.blenk@krafthand-medien.de\",\"@id\":\"https:\\\/\\\/www.krafthand.de\\\/truck\\\/#\\\/schema\\\/person\\\/51fa80b1c57034c4bf63f9f988fc24ce\"},\"headline\":\"DEKRA &#8211; Plausible und wahrheitsgem\u00e4\u00dfe CO2-Emissionsdaten\",\"datePublished\":\"2024-06-10T06:57:03+00:00\",\"dateModified\":\"2024-06-14T09:49:26+00:00\",\"mainEntityOfPage\":{\"@id\":\"https:\\\/\\\/www.krafthand.de\\\/truck\\\/artikel\\\/dekra-plausible-und-wahrheitsgemaesse-co2-emissionsdaten-39919\\\/\"},\"wordCount\":247,\"image\":{\"@id\":\"https:\\\/\\\/www.krafthand.de\\\/truck\\\/artikel\\\/dekra-plausible-und-wahrheitsgemaesse-co2-emissionsdaten-39919\\\/#primaryimage\"},\"thumbnailUrl\":\"https:\\\/\\\/static.krafthand-truck.de\\\/uploads\\\/2024\\\/06\\\/DEKRA_CO2_Validierung.jpg\",\"keywords\":[\"CO2-Emissionen\",\"DAkkS\",\"Dekra\",\"Validierung\"],\"articleSection\":[\"Unternehmen\"],\"inLanguage\":\"de\"},{\"@type\":\"WebPage\",\"@id\":\"https:\\\/\\\/www.krafthand.de\\\/truck\\\/artikel\\\/dekra-plausible-und-wahrheitsgemaesse-co2-emissionsdaten-39919\\\/\",\"url\":\"https:\\\/\\\/www.krafthand.de\\\/truck\\\/artikel\\\/dekra-plausible-und-wahrheitsgemaesse-co2-emissionsdaten-39919\\\/\",\"name\":\"DEKRA - Plausible und wahrheitsgem\u00e4\u00dfe CO2-Emissionsdaten - Krafthand-Truck\",\"isPartOf\":{\"@id\":\"https:\\\/\\\/www.krafthand.de\\\/truck\\\/#website\"},\"primaryImageOfPage\":{\"@id\":\"https:\\\/\\\/www.krafthand.de\\\/truck\\\/artikel\\\/dekra-plausible-und-wahrheitsgemaesse-co2-emissionsdaten-39919\\\/#primaryimage\"},\"image\":{\"@id\":\"https:\\\/\\\/www.krafthand.de\\\/truck\\\/artikel\\\/dekra-plausible-und-wahrheitsgemaesse-co2-emissionsdaten-39919\\\/#primaryimage\"},\"thumbnailUrl\":\"https:\\\/\\\/static.krafthand-truck.de\\\/uploads\\\/2024\\\/06\\\/DEKRA_CO2_Validierung.jpg\",\"datePublished\":\"2024-06-10T06:57:03+00:00\",\"dateModified\":\"2024-06-14T09:49:26+00:00\",\"author\":{\"@id\":\"https:\\\/\\\/www.krafthand.de\\\/truck\\\/#\\\/schema\\\/person\\\/51fa80b1c57034c4bf63f9f988fc24ce\"},\"description\":\"DEKRA bietet die Validierung und Verifizierung von Treibhausgaserkl\u00e4rungen auf Unternehmens- und Projektebene und ist jetzt zertifiziert.\",\"breadcrumb\":{\"@id\":\"https:\\\/\\\/www.krafthand.de\\\/truck\\\/artikel\\\/dekra-plausible-und-wahrheitsgemaesse-co2-emissionsdaten-39919\\\/#breadcrumb\"},\"inLanguage\":\"de\",\"potentialAction\":[{\"@type\":\"ReadAction\",\"target\":[\"https:\\\/\\\/www.krafthand.de\\\/truck\\\/artikel\\\/dekra-plausible-und-wahrheitsgemaesse-co2-emissionsdaten-39919\\\/\"]}]},{\"@type\":\"ImageObject\",\"inLanguage\":\"de\",\"@id\":\"https:\\\/\\\/www.krafthand.de\\\/truck\\\/artikel\\\/dekra-plausible-und-wahrheitsgemaesse-co2-emissionsdaten-39919\\\/#primaryimage\",\"url\":\"https:\\\/\\\/static.krafthand-truck.de\\\/uploads\\\/2024\\\/06\\\/DEKRA_CO2_Validierung.jpg\",\"contentUrl\":\"https:\\\/\\\/static.krafthand-truck.de\\\/uploads\\\/2024\\\/06\\\/DEKRA_CO2_Validierung.jpg\",\"width\":1200,\"height\":799},{\"@type\":\"BreadcrumbList\",\"@id\":\"https:\\\/\\\/www.krafthand.de\\\/truck\\\/artikel\\\/dekra-plausible-und-wahrheitsgemaesse-co2-emissionsdaten-39919\\\/#breadcrumb\",\"itemListElement\":[{\"@type\":\"ListItem\",\"position\":1,\"name\":\"Krafthand-Truck\",\"item\":\"https:\\\/\\\/www.krafthand.de\\\/truck\\\/\"},{\"@type\":\"ListItem\",\"position\":2,\"name\":\"Nfz-Branche\",\"item\":\"https:\\\/\\\/www.krafthand.de\\\/truck\\\/kategorie\\\/branche\\\/\"},{\"@type\":\"ListItem\",\"position\":3,\"name\":\"Unternehmen\",\"item\":\"https:\\\/\\\/www.krafthand.de\\\/truck\\\/kategorie\\\/branche\\\/unternehmen\\\/\"},{\"@type\":\"ListItem\",\"position\":4,\"name\":\"DEKRA &#8211; Plausible und wahrheitsgem\u00e4\u00dfe CO2-Emissionsdaten\"}]},{\"@type\":\"WebSite\",\"@id\":\"https:\\\/\\\/www.krafthand.de\\\/truck\\\/#website\",\"url\":\"https:\\\/\\\/www.krafthand.de\\\/truck\\\/\",\"name\":\"Krafthand-Truck\",\"description\":\"\",\"potentialAction\":[{\"@type\":\"SearchAction\",\"target\":{\"@type\":\"EntryPoint\",\"urlTemplate\":\"https:\\\/\\\/www.krafthand.de\\\/truck\\\/?s={search_term_string}\"},\"query-input\":{\"@type\":\"PropertyValueSpecification\",\"valueRequired\":true,\"valueName\":\"search_term_string\"}}],\"inLanguage\":\"de\"},{\"@type\":\"Person\",\"@id\":\"https:\\\/\\\/www.krafthand.de\\\/truck\\\/#\\\/schema\\\/person\\\/51fa80b1c57034c4bf63f9f988fc24ce\",\"name\":\"georg.blenk@krafthand-medien.de\",\"image\":{\"@type\":\"ImageObject\",\"inLanguage\":\"de\",\"@id\":\"https:\\\/\\\/secure.gravatar.com\\\/avatar\\\/93713c30affe0aa95d3a4130e499bb1abee2eb31adbdd9ce2aa1543538490215?s=96&d=mm&r=g\",\"url\":\"https:\\\/\\\/secure.gravatar.com\\\/avatar\\\/93713c30affe0aa95d3a4130e499bb1abee2eb31adbdd9ce2aa1543538490215?s=96&d=mm&r=g\",\"contentUrl\":\"https:\\\/\\\/secure.gravatar.com\\\/avatar\\\/93713c30affe0aa95d3a4130e499bb1abee2eb31adbdd9ce2aa1543538490215?s=96&d=mm&r=g\",\"caption\":\"georg.blenk@krafthand-medien.de\"}}]}<\/script>\n<!-- \/ Yoast SEO plugin. -->","yoast_head_json":{"title":"DEKRA - Plausible und wahrheitsgem\u00e4\u00dfe CO2-Emissionsdaten - Krafthand-Truck","description":"DEKRA bietet die Validierung und Verifizierung von Treibhausgaserkl\u00e4rungen auf Unternehmens- und Projektebene und ist jetzt zertifiziert.","robots":{"index":"index","follow":"follow","max-snippet":"max-snippet:-1","max-image-preview":"max-image-preview:large","max-video-preview":"max-video-preview:-1"},"canonical":"https:\/\/www.krafthand.de\/truck\/artikel\/dekra-plausible-und-wahrheitsgemaesse-co2-emissionsdaten-39919\/","og_locale":"de_DE","og_type":"article","og_title":"DEKRA - Plausible und wahrheitsgem\u00e4\u00dfe CO2-Emissionsdaten - Krafthand-Truck","og_description":"DEKRA bietet die Validierung und Verifizierung von Treibhausgaserkl\u00e4rungen auf Unternehmens- und Projektebene und ist jetzt zertifiziert.","og_url":"https:\/\/www.krafthand-truck.de\/artikel\/dekra-plausible-und-wahrheitsgemaesse-co2-emissionsdaten-39919\/","og_site_name":"Krafthand-Truck","article_published_time":"2024-06-10T06:57:03+00:00","article_modified_time":"2024-06-14T09:49:26+00:00","og_image":[{"width":1200,"height":799,"url":"https:\/\/static.krafthand-truck.de\/uploads\/2024\/06\/DEKRA_CO2_Validierung.jpg","type":"image\/jpeg"}],"author":"georg.blenk@krafthand-medien.de","twitter_card":"summary_large_image","twitter_misc":{"Verfasst von":"georg.blenk@krafthand-medien.de","Gesch\u00e4tzte Lesezeit":"2\u00a0Minuten"},"schema":{"@context":"https:\/\/schema.org","@graph":[{"@type":"Article","@id":"https:\/\/www.krafthand.de\/truck\/artikel\/dekra-plausible-und-wahrheitsgemaesse-co2-emissionsdaten-39919\/#article","isPartOf":{"@id":"https:\/\/www.krafthand.de\/truck\/artikel\/dekra-plausible-und-wahrheitsgemaesse-co2-emissionsdaten-39919\/"},"author":{"name":"georg.blenk@krafthand-medien.de","@id":"https:\/\/www.krafthand.de\/truck\/#\/schema\/person\/51fa80b1c57034c4bf63f9f988fc24ce"},"headline":"DEKRA &#8211; Plausible und wahrheitsgem\u00e4\u00dfe CO2-Emissionsdaten","datePublished":"2024-06-10T06:57:03+00:00","dateModified":"2024-06-14T09:49:26+00:00","mainEntityOfPage":{"@id":"https:\/\/www.krafthand.de\/truck\/artikel\/dekra-plausible-und-wahrheitsgemaesse-co2-emissionsdaten-39919\/"},"wordCount":247,"image":{"@id":"https:\/\/www.krafthand.de\/truck\/artikel\/dekra-plausible-und-wahrheitsgemaesse-co2-emissionsdaten-39919\/#primaryimage"},"thumbnailUrl":"https:\/\/static.krafthand-truck.de\/uploads\/2024\/06\/DEKRA_CO2_Validierung.jpg","keywords":["CO2-Emissionen","DAkkS","Dekra","Validierung"],"articleSection":["Unternehmen"],"inLanguage":"de"},{"@type":"WebPage","@id":"https:\/\/www.krafthand.de\/truck\/artikel\/dekra-plausible-und-wahrheitsgemaesse-co2-emissionsdaten-39919\/","url":"https:\/\/www.krafthand.de\/truck\/artikel\/dekra-plausible-und-wahrheitsgemaesse-co2-emissionsdaten-39919\/","name":"DEKRA - Plausible und wahrheitsgem\u00e4\u00dfe CO2-Emissionsdaten - Krafthand-Truck","isPartOf":{"@id":"https:\/\/www.krafthand.de\/truck\/#website"},"primaryImageOfPage":{"@id":"https:\/\/www.krafthand.de\/truck\/artikel\/dekra-plausible-und-wahrheitsgemaesse-co2-emissionsdaten-39919\/#primaryimage"},"image":{"@id":"https:\/\/www.krafthand.de\/truck\/artikel\/dekra-plausible-und-wahrheitsgemaesse-co2-emissionsdaten-39919\/#primaryimage"},"thumbnailUrl":"https:\/\/static.krafthand-truck.de\/uploads\/2024\/06\/DEKRA_CO2_Validierung.jpg","datePublished":"2024-06-10T06:57:03+00:00","dateModified":"2024-06-14T09:49:26+00:00","author":{"@id":"https:\/\/www.krafthand.de\/truck\/#\/schema\/person\/51fa80b1c57034c4bf63f9f988fc24ce"},"description":"DEKRA bietet die Validierung und Verifizierung von Treibhausgaserkl\u00e4rungen auf Unternehmens- und Projektebene und ist jetzt zertifiziert.","breadcrumb":{"@id":"https:\/\/www.krafthand.de\/truck\/artikel\/dekra-plausible-und-wahrheitsgemaesse-co2-emissionsdaten-39919\/#breadcrumb"},"inLanguage":"de","potentialAction":[{"@type":"ReadAction","target":["https:\/\/www.krafthand.de\/truck\/artikel\/dekra-plausible-und-wahrheitsgemaesse-co2-emissionsdaten-39919\/"]}]},{"@type":"ImageObject","inLanguage":"de","@id":"https:\/\/www.krafthand.de\/truck\/artikel\/dekra-plausible-und-wahrheitsgemaesse-co2-emissionsdaten-39919\/#primaryimage","url":"https:\/\/static.krafthand-truck.de\/uploads\/2024\/06\/DEKRA_CO2_Validierung.jpg","contentUrl":"https:\/\/static.krafthand-truck.de\/uploads\/2024\/06\/DEKRA_CO2_Validierung.jpg","width":1200,"height":799},{"@type":"BreadcrumbList","@id":"https:\/\/www.krafthand.de\/truck\/artikel\/dekra-plausible-und-wahrheitsgemaesse-co2-emissionsdaten-39919\/#breadcrumb","itemListElement":[{"@type":"ListItem","position":1,"name":"Krafthand-Truck","item":"https:\/\/www.krafthand.de\/truck\/"},{"@type":"ListItem","position":2,"name":"Nfz-Branche","item":"https:\/\/www.krafthand.de\/truck\/kategorie\/branche\/"},{"@type":"ListItem","position":3,"name":"Unternehmen","item":"https:\/\/www.krafthand.de\/truck\/kategorie\/branche\/unternehmen\/"},{"@type":"ListItem","position":4,"name":"DEKRA &#8211; Plausible und wahrheitsgem\u00e4\u00dfe CO2-Emissionsdaten"}]},{"@type":"WebSite","@id":"https:\/\/www.krafthand.de\/truck\/#website","url":"https:\/\/www.krafthand.de\/truck\/","name":"Krafthand-Truck","description":"","potentialAction":[{"@type":"SearchAction","target":{"@type":"EntryPoint","urlTemplate":"https:\/\/www.krafthand.de\/truck\/?s={search_term_string}"},"query-input":{"@type":"PropertyValueSpecification","valueRequired":true,"valueName":"search_term_string"}}],"inLanguage":"de"},{"@type":"Person","@id":"https:\/\/www.krafthand.de\/truck\/#\/schema\/person\/51fa80b1c57034c4bf63f9f988fc24ce","name":"georg.blenk@krafthand-medien.de","image":{"@type":"ImageObject","inLanguage":"de","@id":"https:\/\/secure.gravatar.com\/avatar\/93713c30affe0aa95d3a4130e499bb1abee2eb31adbdd9ce2aa1543538490215?s=96&d=mm&r=g","url":"https:\/\/secure.gravatar.com\/avatar\/93713c30affe0aa95d3a4130e499bb1abee2eb31adbdd9ce2aa1543538490215?s=96&d=mm&r=g","contentUrl":"https:\/\/secure.gravatar.com\/avatar\/93713c30affe0aa95d3a4130e499bb1abee2eb31adbdd9ce2aa1543538490215?s=96&d=mm&r=g","caption":"georg.blenk@krafthand-medien.de"}}]}},"_links":{"self":[{"href":"https:\/\/www.krafthand.de\/truck\/wp-json\/wp\/v2\/posts\/39919","targetHints":{"allow":["GET"]}}],"collection":[{"href":"https:\/\/www.krafthand.de\/truck\/wp-json\/wp\/v2\/posts"}],"about":[{"href":"https:\/\/www.krafthand.de\/truck\/wp-json\/wp\/v2\/types\/post"}],"author":[{"embeddable":true,"href":"https:\/\/www.krafthand.de\/truck\/wp-json\/wp\/v2\/users\/9"}],"replies":[{"embeddable":true,"href":"https:\/\/www.krafthand.de\/truck\/wp-json\/wp\/v2\/comments?post=39919"}],"version-history":[{"count":4,"href":"https:\/\/www.krafthand.de\/truck\/wp-json\/wp\/v2\/posts\/39919\/revisions"}],"predecessor-version":[{"id":39924,"href":"https:\/\/www.krafthand.de\/truck\/wp-json\/wp\/v2\/posts\/39919\/revisions\/39924"}],"wp:featuredmedia":[{"embeddable":true,"href":"https:\/\/www.krafthand.de\/truck\/wp-json\/wp\/v2\/media\/39921"}],"wp:attachment":[{"href":"https:\/\/www.krafthand.de\/truck\/wp-json\/wp\/v2\/media?parent=39919"}],"wp:term":[{"taxonomy":"category","embeddable":true,"href":"https:\/\/www.krafthand.de\/truck\/wp-json\/wp\/v2\/categories?post=39919"},{"taxonomy":"post_tag","embeddable":true,"href":"https:\/\/www.krafthand.de\/truck\/wp-json\/wp\/v2\/tags?post=39919"},{"taxonomy":"settings","embeddable":true,"href":"https:\/\/www.krafthand.de\/truck\/wp-json\/wp\/v2\/settings?post=39919"}],"curies":[{"name":"wp","href":"https:\/\/api.w.org\/{rel}","templated":true}]}}