{"id":39883,"date":"2024-06-03T12:33:36","date_gmt":"2024-06-03T10:33:36","guid":{"rendered":"https:\/\/www.krafthand.de\/truck\/?p=39883"},"modified":"2024-06-04T10:37:06","modified_gmt":"2024-06-04T08:37:06","slug":"mehr-als-nutzfahrzeugteile-das-traditionsunternehmen-winkler","status":"publish","type":"post","link":"https:\/\/www.krafthand.de\/truck\/artikel\/mehr-als-nutzfahrzeugteile-das-traditionsunternehmen-winkler-39883\/","title":{"rendered":"Mehr als Nutzfahrzeugteile: Das Traditionsunternehmen winkler\u00a0"},"content":{"rendered":"<p>Die winkler-Unternehmensgruppe mit Hauptsitz in Stuttgart, ist heute einer der f\u00fchrenden Gro\u00dfh\u00e4ndler f\u00fcr Nutzfahrzeug-Ersatzteile in Europa. Mehr als 1.600 Mitarbeiter sorgen an mehr als 40 Standorten in Deutschland, \u00d6sterreich, Polen, Tschechien, der Schweiz und der Slowakei f\u00fcr die Betreuung von Nutzfahrzeughaltern, von Nfz-Werkst\u00e4tten, Omnibus- und Agrarunternehmen. Von drei der gr\u00f6\u00dften Zentrallager f\u00fcr Nfz-Teile in Europa mit mehr als 200.000 Ersatzteilen gelangt die Ware mit Hilfe eines entsprechenden Logistik- und Lieferkonzepts zum Kunden. <a href=\"https:\/\/winkler.com\/de\" target=\"_blank\" rel=\"noopener\">Winkler<\/a> ist Partner der <a href=\"https:\/\/www.carat-gruppe.de\" target=\"_blank\" rel=\"noopener\">Carat-Einkaufskooperation<\/a> und Mitglied im Gesamtverband Autoteile-Handel e.V. (<a href=\"https:\/\/www.gva.de\" target=\"_blank\" rel=\"noopener\">GVA<\/a>). Dabei unterst\u00fctzt das schw\u00e4bische Unternehmen auch die Kampagne \u201aRight to repair\u2018 \u2013 eine Initiative, die sich f\u00fcr den freien Pkw-\/Nfz-Teilehandel einsetzt. Im Jahr 2023 erwirtschaftete winkler eigenen Angaben zufolge einen Umsatz von 580 Millionen Euro.<\/p>\n<h3>Zur Geschichte<\/h3>\n<p>1901 macht sich Christian Winkler als Wagenschmied in Stuttgart selbstst\u00e4ndig. 1914 tritt Winklers \u00e4ltester Sohn Ludwig als Lehrling in den Betrieb ein. Sein j\u00fcngerer Bruder Wilhelm folgte nach. Im Laufe der zwanziger-Jahre konnte man sich bei zunehmender Automobilisierung durch Entwicklungsarbeiten und auch als Serienproduzent einen Namen als \u201aFedern-Winkler\u2018 machen.<br \/>\nNach 1945 beginnt der Wiederaufbau der Firma. Die beiden S\u00f6hne \u00fcbernehmen 1949, nach dem Tod des Gr\u00fcnders Christian Winkler, die Firma und treiben das Wachstum weiter voran.<br \/>\n1963 ist f\u00fcr winkler dann die tats\u00e4chliche Geburtsstunde als Gro\u00dfh\u00e4ndler f\u00fcr Nutzfahrzeugteile. Das Sortiment wird um Blattfedern, zugeh\u00f6riges Zubeh\u00f6r, Teile f\u00fcr Achsen, Lenkung und Bremse sowie Zuggabeln und Sattelkupplungen erweitert. Das Portfolio w\u00e4chst \u00fcber die Jahre stetig weiter. In den siebziger-Jahren kommen mit Karlsruhe, Freiburg und Ulm neue Standorte hinzu. Auch der Bereich Fahrzeugtechnik wird vergr\u00f6\u00dfert.<br \/>\nTats\u00e4chlich entwickelt sich winkler step-by-step zum Vollsortimenter, mit Betrieben in ganz Deutschland. 1987 wird das erste Zentrallager in Ulm er\u00f6ffnet, 1996 folgt das zweite in Kassel.<br \/>\nEin weiterer Meilenstein f\u00fcr das Unternehmen folgte im Jahr 2001, als winkler begann auch Ersatzteile f\u00fcr landwirtschaftliche Maschinen zu vertreiben und L\u00f6sungen f\u00fcr den Agrarbereich anzubieten. Im Jahr 2004 \u00fcbertr\u00e4gt der Enkel des Gr\u00fcnders, Hans Winkler, dem neuen Vorsitzenden der Gesch\u00e4ftsf\u00fchrung R\u00fcdiger Hahn die Verantwortung f\u00fcrs Unternehmen. 2015 zieht die Stuttgarter Zentrale in die Leitzstra\u00dfe, wo sie bis heute ihren Sitz hat. Heute leiten unter dem Vorsitz von R\u00fcdiger Hahn, Ralf Dannh\u00e4user (Gesch\u00e4ftsf\u00fchrung Vertrieb) und J\u00f6rg Rentschler (Gesch\u00e4ftsf\u00fchrer Produktmanagement und Marketing) die Geschicke des Unternehmens. Die gesamte Unternehmensf\u00fchrung besteht aus drei Gesch\u00e4ftsf\u00fchrern und f\u00fcnf Gesch\u00e4ftsleitern.<\/p>\n<h3>Umfangreiches Portfolio<\/h3>\n<figure id=\"attachment_39886\" aria-describedby=\"caption-attachment-39886\" style=\"width: 420px\" class=\"wp-caption alignleft\"><a href=\"https:\/\/static.krafthand-truck.de\/uploads\/2024\/06\/Winkler_Nutzfahrzeugteile_Online_Shop.jpg\" target=\"_blank\" rel=\"noopener\"><img fetchpriority=\"high\" decoding=\"async\" class=\"wp-image-39886\" src=\"https:\/\/static.krafthand-truck.de\/uploads\/2024\/06\/Winkler_Nutzfahrzeugteile_Online_Shop-300x202.jpg\" alt=\"\" width=\"420\" height=\"282\" srcset=\"https:\/\/static.krafthand-truck.de\/uploads\/2024\/06\/Winkler_Nutzfahrzeugteile_Online_Shop-300x202.jpg 300w, https:\/\/static.krafthand-truck.de\/uploads\/2024\/06\/Winkler_Nutzfahrzeugteile_Online_Shop-1024x688.jpg 1024w, https:\/\/static.krafthand-truck.de\/uploads\/2024\/06\/Winkler_Nutzfahrzeugteile_Online_Shop-768x516.jpg 768w, https:\/\/static.krafthand-truck.de\/uploads\/2024\/06\/Winkler_Nutzfahrzeugteile_Online_Shop.jpg 1200w\" sizes=\"(max-width: 420px) 100vw, 420px\" \/><\/a><figcaption id=\"caption-attachment-39886\" class=\"wp-caption-text\">Im Online-Shop werden auch Produkte der Eigenmarke \u201awinkler\u2018 wie Verschlei\u00dfteile, Batterien, Filtersysteme, Werkzeuge und Werkstattchemie angeboten.<\/figcaption><\/figure>\n<p>Allein der winkler-Katalog f\u00fcr Lkw-Teile ist heute 890 Seiten stark. Die Marken spiegeln das \u201aWho is Who\u2018 der Nfz-Zuliefer- und Ausr\u00fcsterbranche. Insgesamt sind es rund 1.000 Lieferanten und Partner und deren Produkte. Hinzu kommen aktuell 27 Fachkataloge, die s\u00e4mtliche relevante Themen und Nfz-Marken abdecken. F\u00fcr Nutzfahrzeughalter und Nfz-Werkst\u00e4tten sind es 18 Einzelkataloge \u2013 von Arbeitsschutz\/Sicherheit, \u00fcber Beleuchtung\/Elektrik, bis hin zu Hydraulik-Komponenten, Motor-\/Abgastechnik sowie Trailer-Teile. Den Lkw-Marken DAF, MAN, Mercedes-Benz und Scania sind eigenen Kataloge, mit entsprechenden Spezialteilen, gewidmet. Hinzu kommen umfangreiche Nachschlagewerke zum Thema Betriebseinrichtung, Werkstattausr\u00fcstung, Werkzeuge und Werkstattchemie.<\/p>\n<div class=\"infobox box-grey\"><\/p>\n<h3>Drei Fragen an J\u00f6rg Rentschler<\/h3>\n<p><strong>Rund 200.000 Artikel, drei gro\u00dfe Zentrallager, zeitnahe Auslieferung. Wie bew\u00e4ltigen Sie diese logistische Herausforderung?<\/strong><br \/>\nUm die Anforderungen zu meistern und die Erwartungen unserer Kunden tagt\u00e4glich zu erf\u00fcllen, setzen wir auf ein fortschrittliches Lagerverwaltungssystem sowie optimierte und teilweise automatisierte Lagerprozesse. In den drei Zentrallagern arbeiten unsere Teams eng mit kompetenten Transportdienstleistern zusammen. Au\u00dferdem sind wir mit 40 Verkaufsbetrieben mit einem jeweils angeschlossenen Lager und unserem Tagestourenkonzept auch regional vertreten. So k\u00f6nnen wir europaweit eine zeitnahe Zustellung unserer Produkte bei unseren Kunden gew\u00e4hrleisten.<\/p>\n<p><figure id=\"attachment_39887\" aria-describedby=\"caption-attachment-39887\" style=\"width: 220px\" class=\"wp-caption alignright\"><a href=\"https:\/\/static.krafthand-truck.de\/uploads\/2024\/06\/Winkler_Nutzfahrzeugteile_Joerg_Rentschler.jpg\" target=\"_blank\" rel=\"noopener\"><img decoding=\"async\" class=\"wp-image-39887\" src=\"https:\/\/static.krafthand-truck.de\/uploads\/2024\/06\/Winkler_Nutzfahrzeugteile_Joerg_Rentschler-230x300.jpg\" alt=\"\" width=\"220\" height=\"287\" srcset=\"https:\/\/static.krafthand-truck.de\/uploads\/2024\/06\/Winkler_Nutzfahrzeugteile_Joerg_Rentschler-230x300.jpg 230w, https:\/\/static.krafthand-truck.de\/uploads\/2024\/06\/Winkler_Nutzfahrzeugteile_Joerg_Rentschler-784x1024.jpg 784w, https:\/\/static.krafthand-truck.de\/uploads\/2024\/06\/Winkler_Nutzfahrzeugteile_Joerg_Rentschler-768x1003.jpg 768w, https:\/\/static.krafthand-truck.de\/uploads\/2024\/06\/Winkler_Nutzfahrzeugteile_Joerg_Rentschler.jpg 800w\" sizes=\"(max-width: 220px) 100vw, 220px\" \/><\/a><figcaption id=\"caption-attachment-39887\" class=\"wp-caption-text\"><em>\u201eWir arbeiten permanent an der Weiterentwicklung unseres Portfolios und haben dabei stets ein offenes Ohr was die Bed\u00fcrfnisse unserer Kunden angeht&#8220;, <\/em>so J\u00f6rg Rentschler, Gesch\u00e4ftsf\u00fchrer Produktmanagement und Marketing.<\/figcaption><\/figure><\/p>\n<p><strong>Sie setzen was ihr Portfolio angeht auch auf eine Eigenmarke?<\/strong><br \/>\nJa, wir setzen gro\u00dfen Wert darauf allen Bed\u00fcrfnissen unserer Kunden gerecht zu werden. Mit der Eigenmarke \u201awinkler\u2018 bieten wir zus\u00e4tzlich ein leistungsf\u00e4higes Programm, das auf die Bed\u00fcrfnisse unserer kostensensiblen Kunden ausgerichtet ist. Ein Nutzfahrzeug bringt nur dann Geld, wenn es f\u00e4hrt, es kostet Geld, wenn es in der Werkstatt steht. Auch bei der Eigenmarke \u201awinkler\u2018 steht jedoch die Qualit\u00e4t klar im Vordergrund.<\/p>\n<p><strong>Welche Produktkategorien in Hinblick auf Lkw versprechen zuk\u00fcnftig am meisten Wachstumspotenzial?<\/strong><br \/>\nWir sehen beispielsweise gro\u00dfe Chancen im Bereich der Mobilhydraulik. Hier bietet der Markt noch viel Potential. Grunds\u00e4tzlich existieren aber in nahezu allen Produktbereichen Wachstumschancen. Einen genauen Blick werfen wir zudem auf die Entwicklungen was den Motor und den Antriebsstrang angeht. Gegen den Trend haben wir in den letzten Jahren den Fokus auf den Ausbau unseres Sortiments in diesem Bereich gelegt und konnten damit entstandene L\u00fccken im Markt schlie\u00dfen. Dies betrifft auch die alternativen Antriebe. Wir m\u00f6chten das Teil m\u00f6glichst schon auf Lager haben, wenn es der Kunde zum ersten Mal ben\u00f6tigt. Ein weiterer Fokus liegt auf der Filtration. Auch hier sehen wir Wachstumschancen. Speziell im Bereich der Innenraumfiltration hat sich das Bewusstsein der Kunden in den letzten Jahren stark ge\u00e4ndert.<\/p>\n<p><\/div>\n<h3>Services rund um Nutzfahrzeuge<\/h3>\n<figure id=\"attachment_39894\" aria-describedby=\"caption-attachment-39894\" style=\"width: 220px\" class=\"wp-caption alignleft\"><a href=\"https:\/\/static.krafthand-truck.de\/uploads\/2024\/06\/Winkler_Nutzfahrzeugteile_Ralf_Dannhaeuser.jpg\" target=\"_blank\" rel=\"noopener\"><img decoding=\"async\" class=\"wp-image-39894\" src=\"https:\/\/static.krafthand-truck.de\/uploads\/2024\/06\/Winkler_Nutzfahrzeugteile_Ralf_Dannhaeuser-229x300.jpg\" alt=\"\" width=\"220\" height=\"288\" srcset=\"https:\/\/static.krafthand-truck.de\/uploads\/2024\/06\/Winkler_Nutzfahrzeugteile_Ralf_Dannhaeuser-229x300.jpg 229w, https:\/\/static.krafthand-truck.de\/uploads\/2024\/06\/Winkler_Nutzfahrzeugteile_Ralf_Dannhaeuser-782x1024.jpg 782w, https:\/\/static.krafthand-truck.de\/uploads\/2024\/06\/Winkler_Nutzfahrzeugteile_Ralf_Dannhaeuser-768x1005.jpg 768w, https:\/\/static.krafthand-truck.de\/uploads\/2024\/06\/Winkler_Nutzfahrzeugteile_Ralf_Dannhaeuser.jpg 800w\" sizes=\"(max-width: 220px) 100vw, 220px\" \/><\/a><figcaption id=\"caption-attachment-39894\" class=\"wp-caption-text\"><em>\u201eMit unseren Services setzen wir unsere Beratungsexpertise in direkt angewandte Praxis um. Wir haben das passende Werkzeug oder entwickeln speziell f\u00fcr unsere Kunden die Systeme und Elemente, die sie ben\u00f6tigen\u201c<\/em>, so Ralf Dannh\u00e4user, Gesch\u00e4ftsf\u00fchrer Vertrieb.<\/figcaption><\/figure>\n<p>Winkler verkauft nicht nur Ersatzteile, Zubeh\u00f6r und Werkstattausr\u00fcstung. Ein umfangreiches Serviceangebot erg\u00e4nzt das Portfolio. Dazu geh\u00f6ren beispielsweise individuelle Probleml\u00f6sungen, wie eine komplette Hydraulikanlage, ma\u00dfgefertigte Blattfedern oder der passende Schlauch.<br \/>\nHinzu kommt eine Vielzahl an Informationsunterlagen wie Anwenderbrosch\u00fcren mit Tipps und Tricks f\u00fcr den Werkstattalltag sowie das passende Equipment. Im Download-Center sind unterschiedliche Tabellen, Leitf\u00e4den und Ratgeber zu finden \u2013 von \u201aA\u2018 wie Arbeitsschutz \u00fcber die Erste Hilfe am Arbeitsplatz, Farbmischanlagen, Schadendiagnose an Kupplungen, bis \u201aZ\u2018 wie Zurrgurte. Nutzfahrzeugprofis im Innen- und Au\u00dfendienst gew\u00e4hrleisten eine individuelle Fachberatung, telefonisch oder vor Ort und unterst\u00fctzen bei der Identifikation der richtigen Komponenten oder bei einem konkreten Reparaturfall.<br \/>\nEin umfangreiches Schulungsangebot zu allen relevanten Themen rund um den Nutzfahrzeug-, Omnibus und Agrar-Service runden das Angebot von winkler ab. An rund 40 Standorten bieten hauseigene Trainer \u00fcber 150 Schulungen an. Unterst\u00fctzt wird winkler unter anderem von Partnern wie Bode, TAK, Bosch, TEXA, Knorr-Bremse und der ZF(pro)Academy. Letztere bietet diverse Weiterbildungen zu Druckluftsystemen von Wabco an.<\/p>\n<p>&nbsp;<\/p>\n<div class=\"gallery-container\"><div class=\"owl-carousel owl-theme\">\r\n        <div>\r\n        \t<img decoding=\"async\" src=\"https:\/\/static.krafthand-truck.de\/uploads\/2024\/06\/Winkler_Nutzfahrzeugteile_Schulungen-1024x609.jpg\" alt=\"\" \/>\r\n          <a href=\"https:\/\/static.krafthand-truck.de\/uploads\/2024\/06\/Winkler_Nutzfahrzeugteile_Schulungen-1024x609.jpg\" data-featherlight=\"gallery_69f55239c9fbd\" class=\"gallery-expand\" data-title=\"Das Schulungsangebot von winkler umfasst aktuell 28 Themenbereiche \u2013 von der Abgasnachbehandlung, \u00fcber den Klimaservice bis zu Arbeiten an Hochvoltsystemen.\"><i class=\"fa fa-expand\" aria-hidden=\"true\"><\/i><\/a>\r\n        \t<div class=\"gallery-caption wp-caption-text\"><p>Das Schulungsangebot von winkler umfasst aktuell 28 Themenbereiche \u2013 von der Abgasnachbehandlung, \u00fcber den Klimaservice bis zu Arbeiten an Hochvoltsystemen.<\/p>\n<\/div>\r\n        <\/div>\r\n        <div>\r\n        \t<img decoding=\"async\" src=\"https:\/\/static.krafthand-truck.de\/uploads\/2024\/06\/Winkler_Nutzfahrzeugteile_Beratung-1024x706.jpg\" alt=\"\" \/>\r\n          <a href=\"https:\/\/static.krafthand-truck.de\/uploads\/2024\/06\/Winkler_Nutzfahrzeugteile_Beratung-1024x706.jpg\" data-featherlight=\"gallery_69f55239c9fbd\" class=\"gallery-expand\" data-title=\"Winkler setzt auf individuelle Beratung, sei es telefonisch, per Chat oder auch direkt vor Ort.\"><i class=\"fa fa-expand\" aria-hidden=\"true\"><\/i><\/a>\r\n        \t<div class=\"gallery-caption wp-caption-text\"><p>Winkler setzt auf individuelle Beratung, sei es telefonisch, per Chat oder auch direkt vor Ort.<\/p>\n<\/div>\r\n        <\/div><\/div><\/div>\r\n\t<script>\r\n\t\tjQuery(document).ready(function($){\r\n      setTimeout(function(){\r\n  \t\t\t$(\".owl-carousel\").owlCarousel({\r\n  \t\t\t\tloop:true,\r\n    \t\t\tmargin:10,\r\n    \t\t\tresponsiveClass:true,\r\n    \t\t\titems:1,\r\n    \t\t\tautoHeight: true,\r\n          nav: true,\r\n          URLhashListener: true,\r\n          startPosition: \"URLHash\",\r\n          navText: [\r\n            \"<i class='fa fa-chevron-left'><\/i>\",\r\n            \"<i class='fa fa-chevron-right'><\/i>\"\r\n          ],\r\n  \t\t\t});\r\n      }, 2000);\r\n\t\t});\r\n\t<\/script>\r\n\t\n<h3>Beispiel: Fahrzeugdiagnose<\/h3>\n<p>Nutzfahrzeuge sind inzwischen hochkomplexe Rechner auf R\u00e4dern. Es kommen zahlreiche Computersysteme und Steuerger\u00e4te zum Einsatz, die auf immer komplexere Weise miteinander vernetzt sind. Notwendig wird das durch die vielen Assistenz- und Komfortfunktionen, auf die in modernen Nfz kaum noch verzichtet werden kann. Mit der Komplexit\u00e4t w\u00e4chst der Bedarf einer umfassenden Diagnose am Fahrzeug. Selbst vermeintlich einfache Arbeiten k\u00f6nnen heute nicht mehr ohne Diagnosesystem durchgef\u00fchrt werden. Beispiele sind der \u00d6l- oder K\u00fchlfl\u00fcssigkeitswechsel, das Zur\u00fccksetzen der Serviceanzeige, die Grundeinstellungen von Kupplungen oder Bremsbelag-Verschlei\u00dfanzeigen oder die Inbetriebnahme getauschter Steuerger\u00e4te. Winkler bietet auch im Bereich Diagnose entsprechende Schulungen an und h\u00e4lt entsprechende Diagnosetools inklusive Software, beispielsweise von Bosch oder TEXA vor.<\/p>\n<figure id=\"attachment_39898\" aria-describedby=\"caption-attachment-39898\" style=\"width: 420px\" class=\"wp-caption alignleft\"><a href=\"https:\/\/static.krafthand-truck.de\/uploads\/2024\/06\/Winkler_Nutzfahrzeugteile_Now_App.jpg\" target=\"_blank\" rel=\"noopener\"><img loading=\"lazy\" decoding=\"async\" class=\"wp-image-39898\" src=\"https:\/\/static.krafthand-truck.de\/uploads\/2024\/06\/Winkler_Nutzfahrzeugteile_Now_App-300x200.jpg\" alt=\"\" width=\"420\" height=\"280\" srcset=\"https:\/\/static.krafthand-truck.de\/uploads\/2024\/06\/Winkler_Nutzfahrzeugteile_Now_App-300x200.jpg 300w, https:\/\/static.krafthand-truck.de\/uploads\/2024\/06\/Winkler_Nutzfahrzeugteile_Now_App-1024x682.jpg 1024w, https:\/\/static.krafthand-truck.de\/uploads\/2024\/06\/Winkler_Nutzfahrzeugteile_Now_App-768x511.jpg 768w, https:\/\/static.krafthand-truck.de\/uploads\/2024\/06\/Winkler_Nutzfahrzeugteile_Now_App.jpg 1200w\" sizes=\"(max-width: 420px) 100vw, 420px\" \/><\/a><figcaption id=\"caption-attachment-39898\" class=\"wp-caption-text\">Mit der \u201awinkler NOW-App\u2018 bietet winkler einen mobilen Zusatzservice um Teile zu bestellen, inklusive zahlreichen informativen Add-Ons.<\/figcaption><\/figure>\n<h3>Online-Services<\/h3>\n<p>Mit dem Online-Teilekatalog und der selbst entwickelten Messenger- und Scan-App \u201awinkler NOW\u2018 bietet das Unternehmen zwei M\u00f6glichkeiten, um die Teileidentifikation und die korrekte Bestellung so einfach wie m\u00f6glich zu gestalten. Dabei sind im Online-Shop aktuell rund 150.000 Nfz-Teile, Werkzeuge und Betriebsmittel gelistet. Die Lieferung erfolgt \u00fcber die drei Zentrallager in Ulm, Kassel oder Wien oder von einem lokalen winkler-Standort aus, entweder per Tagestour, Paketdienst, Spedition, Nachtexpress oder in dringenden F\u00e4llen per Blitzkurier.<br \/>\nDie Messenger-Scan-App bietet nicht nur die direkte Anbindung zum Online-Shop um Teile zu bestellen, sondern auch Zusatzfunktionen wie den Fachberater-Chat (inklusive Produktinformationen mit Hilfe des \u201awinkler-Bots\u2018 und des Fachexperten-Netzwerks), ein umfassendes Scantool um Barcodes zu scannen sowie eine Schulungs\u00fcbersicht.<\/p>\n<div class=\"infobox box-grey\"><\/p>\n<h3><\/h3>\n<p><figure id=\"attachment_39900\" aria-describedby=\"caption-attachment-39900\" style=\"width: 140px\" class=\"wp-caption alignleft\"><a href=\"https:\/\/static.krafthand-truck.de\/uploads\/2024\/06\/Winkler_Nutzfahrzeugteile_Ruediger_Hahn.jpg\" target=\"_blank\" rel=\"noopener\"><img loading=\"lazy\" decoding=\"async\" class=\"wp-image-39900\" src=\"https:\/\/static.krafthand-truck.de\/uploads\/2024\/06\/Winkler_Nutzfahrzeugteile_Ruediger_Hahn-215x300.jpg\" alt=\"\" width=\"140\" height=\"195\" srcset=\"https:\/\/static.krafthand-truck.de\/uploads\/2024\/06\/Winkler_Nutzfahrzeugteile_Ruediger_Hahn-215x300.jpg 215w, https:\/\/static.krafthand-truck.de\/uploads\/2024\/06\/Winkler_Nutzfahrzeugteile_Ruediger_Hahn-734x1024.jpg 734w, https:\/\/static.krafthand-truck.de\/uploads\/2024\/06\/Winkler_Nutzfahrzeugteile_Ruediger_Hahn-768x1071.jpg 768w, https:\/\/static.krafthand-truck.de\/uploads\/2024\/06\/Winkler_Nutzfahrzeugteile_Ruediger_Hahn.jpg 800w\" sizes=\"(max-width: 140px) 100vw, 140px\" \/><\/a><figcaption id=\"caption-attachment-39900\" class=\"wp-caption-text\">R\u00fcdiger Hahn<\/figcaption><\/figure><\/p>\n<h3>Das Ohr am Markt<\/h3>\n<p><em>\u201eDie Bed\u00fcrfnisse unserer Kunden zu erkennen, ihre Anforderungen m\u00f6glichst zu \u00fcbertreffen und den Menschen in der Zusammenarbeit mit Know-how, bestem Service und stetiger Freundlichkeit zu begegnen, ist unser Anspruch. Dabei haben wir die Entwicklung der Fahrzeuge, die Antriebstechnologien sowie die Herausforderungen der Digitalisierung immer im Blick. Der Aspekt der Nachhaltigkeit wird dabei immer wichtiger\u201c<\/em>, so R\u00fcdiger Hahn, Vorsitzender der Gesch\u00e4ftsf\u00fchrung bei winkler.<\/p>\n<p><\/div>\n<p>&nbsp;<\/p>\n<p><i>Den Beitrag finden Sie auch in der Print-Ausgabe 2-2024 der <a href=\"https:\/\/www.krafthand.de\/truck\/magazin\/\" title=\"Zum Magazin\">Krafthand-Truck<\/a>.<\/i><\/p>\r\n\t\t\t\t<div class=\"post-author\">\r\n\t\t\t\t\t<div class=\"khm-cp-author clearfix\">\r\n\t\t\t\t\t\t<div class=\"khm-cp-author__content\">\r\n\t\t\t\t\t\t\t\tKontakt zum Autor:<br \/>\r\n\t\t\t\t\t\t\t\t<strong>Georg Blenk<\/strong>, 08247 \/ 3007-45 |  <a href=\"mailto:georg.blenk@krafthand-medien.de\">georg.blenk@krafthand-medien.de<\/a>\r\n\t\t\t\t\t\t\t<div class=\"khm-cp-author__image\">\r\n\t\t\t\t\t\t<img src=\"https:\/\/static.krafthand-truck.de\/uploads\/2021\/01\/Blenk_6104-250x300-1-removebg-preview.png\" class=\"img-responsive\">\r\n\t\t\t\t\t<\/div>\r\n\t\t\t\t\t\t<\/div>\r\n\t\t\t\t\t<\/div>\r\n\t\t\t\t<\/div>\r\n\t\t\t\t","protected":false},"excerpt":{"rendered":"<p>Die winkler-Unternehmensgruppe mit Hauptsitz in Stuttgart, ist heute einer der f\u00fchrenden Gro\u00dfh\u00e4ndler f\u00fcr Nutzfahrzeug-Ersatzteile in Europa. Mehr als 1.600 Mitarbeiter sorgen an mehr als 40 Standorten in Deutschland, \u00d6sterreich, Polen, Tschechien, der Schweiz und der Slowakei f\u00fcr die Betreuung von Nutzfahrzeughaltern, von Nfz-Werkst\u00e4tten, Omnibus- und Agrarunternehmen. Wir haben uns das Unternehmen genauer angesehen. <span class=\"excerpt-more__dots\">&#8230;<\/span> <a class=\"excerpt-more__link\" href=\"https:\/\/www.krafthand.de\/truck\/artikel\/mehr-als-nutzfahrzeugteile-das-traditionsunternehmen-winkler-39883\/\" >weiter<\/a><\/p>\n","protected":false},"author":9,"featured_media":39884,"comment_status":"closed","ping_status":"closed","sticky":false,"template":"","format":"standard","meta":{"footnotes":""},"categories":[4912,4235],"tags":[510,4847,460],"settings":[3524,4766,3523],"class_list":["post-39883","post","type-post","status-publish","format-standard","has-post-thumbnail","hentry","category-ersatzteile-zubehoer","category-unternehmen","tag-ersatzteile","tag-nfz-teile","tag-winkler"],"yoast_head":"<!-- This site is optimized with the Yoast SEO plugin v27.3 - https:\/\/yoast.com\/product\/yoast-seo-wordpress\/ -->\n<title>Mehr als Nutzfahrzeugteile: Das Traditionsunternehmen winkler\u00a0 - Krafthand-Truck<\/title>\n<meta name=\"description\" content=\"Die winkler-Unternehmensgruppe ist heute einer der f\u00fchrenden Gro\u00dfh\u00e4ndler f\u00fcr Nutzfahrzeug-Ersatzteile in Europa.\" \/>\n<meta name=\"robots\" content=\"index, follow, max-snippet:-1, max-image-preview:large, max-video-preview:-1\" \/>\n<link rel=\"canonical\" href=\"https:\/\/www.krafthand.de\/truck\/artikel\/mehr-als-nutzfahrzeugteile-das-traditionsunternehmen-winkler-39883\/\" \/>\n<meta property=\"og:locale\" content=\"de_DE\" \/>\n<meta property=\"og:type\" content=\"article\" \/>\n<meta property=\"og:title\" content=\"Mehr als Nutzfahrzeugteile: Das Traditionsunternehmen winkler\u00a0 - Krafthand-Truck\" \/>\n<meta property=\"og:description\" content=\"Die winkler-Unternehmensgruppe ist heute einer der f\u00fchrenden Gro\u00dfh\u00e4ndler f\u00fcr Nutzfahrzeug-Ersatzteile in Europa.\" \/>\n<meta property=\"og:url\" content=\"https:\/\/www.krafthand-truck.de\/artikel\/mehr-als-nutzfahrzeugteile-das-traditionsunternehmen-winkler-39883\/\" \/>\n<meta property=\"og:site_name\" content=\"Krafthand-Truck\" \/>\n<meta property=\"article:published_time\" content=\"2024-06-03T10:33:36+00:00\" \/>\n<meta property=\"article:modified_time\" content=\"2024-06-04T08:37:06+00:00\" \/>\n<meta property=\"og:image\" content=\"https:\/\/static.krafthand-truck.de\/uploads\/2024\/06\/Winkler_Nutzfahrzeugteile_Portfolio.jpg\" \/>\n\t<meta property=\"og:image:width\" content=\"1200\" \/>\n\t<meta property=\"og:image:height\" content=\"696\" \/>\n\t<meta property=\"og:image:type\" content=\"image\/jpeg\" \/>\n<meta name=\"author\" content=\"georg.blenk@krafthand-medien.de\" \/>\n<meta name=\"twitter:card\" content=\"summary_large_image\" \/>\n<meta name=\"twitter:label1\" content=\"Verfasst von\" \/>\n\t<meta name=\"twitter:data1\" content=\"georg.blenk@krafthand-medien.de\" \/>\n\t<meta name=\"twitter:label2\" content=\"Gesch\u00e4tzte Lesezeit\" \/>\n\t<meta name=\"twitter:data2\" content=\"9\u00a0Minuten\" \/>\n<script type=\"application\/ld+json\" class=\"yoast-schema-graph\">{\"@context\":\"https:\\\/\\\/schema.org\",\"@graph\":[{\"@type\":\"Article\",\"@id\":\"https:\\\/\\\/www.krafthand.de\\\/truck\\\/artikel\\\/mehr-als-nutzfahrzeugteile-das-traditionsunternehmen-winkler-39883\\\/#article\",\"isPartOf\":{\"@id\":\"https:\\\/\\\/www.krafthand.de\\\/truck\\\/artikel\\\/mehr-als-nutzfahrzeugteile-das-traditionsunternehmen-winkler-39883\\\/\"},\"author\":{\"name\":\"georg.blenk@krafthand-medien.de\",\"@id\":\"https:\\\/\\\/www.krafthand.de\\\/truck\\\/#\\\/schema\\\/person\\\/51fa80b1c57034c4bf63f9f988fc24ce\"},\"headline\":\"Mehr als Nutzfahrzeugteile: Das Traditionsunternehmen winkler\u00a0\",\"datePublished\":\"2024-06-03T10:33:36+00:00\",\"dateModified\":\"2024-06-04T08:37:06+00:00\",\"mainEntityOfPage\":{\"@id\":\"https:\\\/\\\/www.krafthand.de\\\/truck\\\/artikel\\\/mehr-als-nutzfahrzeugteile-das-traditionsunternehmen-winkler-39883\\\/\"},\"wordCount\":1456,\"image\":{\"@id\":\"https:\\\/\\\/www.krafthand.de\\\/truck\\\/artikel\\\/mehr-als-nutzfahrzeugteile-das-traditionsunternehmen-winkler-39883\\\/#primaryimage\"},\"thumbnailUrl\":\"https:\\\/\\\/static.krafthand-truck.de\\\/uploads\\\/2024\\\/06\\\/Winkler_Nutzfahrzeugteile_Portfolio.jpg\",\"keywords\":[\"Ersatzteile\",\"Nfz-Teile\",\"Winkler\"],\"articleSection\":[\"Ersatzteile\\\/Zubeh\u00f6r\",\"Unternehmen\"],\"inLanguage\":\"de\"},{\"@type\":\"WebPage\",\"@id\":\"https:\\\/\\\/www.krafthand.de\\\/truck\\\/artikel\\\/mehr-als-nutzfahrzeugteile-das-traditionsunternehmen-winkler-39883\\\/\",\"url\":\"https:\\\/\\\/www.krafthand.de\\\/truck\\\/artikel\\\/mehr-als-nutzfahrzeugteile-das-traditionsunternehmen-winkler-39883\\\/\",\"name\":\"Mehr als Nutzfahrzeugteile: Das Traditionsunternehmen winkler\u00a0 - Krafthand-Truck\",\"isPartOf\":{\"@id\":\"https:\\\/\\\/www.krafthand.de\\\/truck\\\/#website\"},\"primaryImageOfPage\":{\"@id\":\"https:\\\/\\\/www.krafthand.de\\\/truck\\\/artikel\\\/mehr-als-nutzfahrzeugteile-das-traditionsunternehmen-winkler-39883\\\/#primaryimage\"},\"image\":{\"@id\":\"https:\\\/\\\/www.krafthand.de\\\/truck\\\/artikel\\\/mehr-als-nutzfahrzeugteile-das-traditionsunternehmen-winkler-39883\\\/#primaryimage\"},\"thumbnailUrl\":\"https:\\\/\\\/static.krafthand-truck.de\\\/uploads\\\/2024\\\/06\\\/Winkler_Nutzfahrzeugteile_Portfolio.jpg\",\"datePublished\":\"2024-06-03T10:33:36+00:00\",\"dateModified\":\"2024-06-04T08:37:06+00:00\",\"author\":{\"@id\":\"https:\\\/\\\/www.krafthand.de\\\/truck\\\/#\\\/schema\\\/person\\\/51fa80b1c57034c4bf63f9f988fc24ce\"},\"description\":\"Die winkler-Unternehmensgruppe ist heute einer der f\u00fchrenden Gro\u00dfh\u00e4ndler f\u00fcr Nutzfahrzeug-Ersatzteile in Europa.\",\"breadcrumb\":{\"@id\":\"https:\\\/\\\/www.krafthand.de\\\/truck\\\/artikel\\\/mehr-als-nutzfahrzeugteile-das-traditionsunternehmen-winkler-39883\\\/#breadcrumb\"},\"inLanguage\":\"de\",\"potentialAction\":[{\"@type\":\"ReadAction\",\"target\":[\"https:\\\/\\\/www.krafthand.de\\\/truck\\\/artikel\\\/mehr-als-nutzfahrzeugteile-das-traditionsunternehmen-winkler-39883\\\/\"]}]},{\"@type\":\"ImageObject\",\"inLanguage\":\"de\",\"@id\":\"https:\\\/\\\/www.krafthand.de\\\/truck\\\/artikel\\\/mehr-als-nutzfahrzeugteile-das-traditionsunternehmen-winkler-39883\\\/#primaryimage\",\"url\":\"https:\\\/\\\/static.krafthand-truck.de\\\/uploads\\\/2024\\\/06\\\/Winkler_Nutzfahrzeugteile_Portfolio.jpg\",\"contentUrl\":\"https:\\\/\\\/static.krafthand-truck.de\\\/uploads\\\/2024\\\/06\\\/Winkler_Nutzfahrzeugteile_Portfolio.jpg\",\"width\":1200,\"height\":696},{\"@type\":\"BreadcrumbList\",\"@id\":\"https:\\\/\\\/www.krafthand.de\\\/truck\\\/artikel\\\/mehr-als-nutzfahrzeugteile-das-traditionsunternehmen-winkler-39883\\\/#breadcrumb\",\"itemListElement\":[{\"@type\":\"ListItem\",\"position\":1,\"name\":\"Krafthand-Truck\",\"item\":\"https:\\\/\\\/www.krafthand.de\\\/truck\\\/\"},{\"@type\":\"ListItem\",\"position\":2,\"name\":\"Nfz-Branche\",\"item\":\"https:\\\/\\\/www.krafthand.de\\\/truck\\\/kategorie\\\/branche\\\/\"},{\"@type\":\"ListItem\",\"position\":3,\"name\":\"Unternehmen\",\"item\":\"https:\\\/\\\/www.krafthand.de\\\/truck\\\/kategorie\\\/branche\\\/unternehmen\\\/\"},{\"@type\":\"ListItem\",\"position\":4,\"name\":\"Mehr als Nutzfahrzeugteile: Das Traditionsunternehmen winkler\u00a0\"}]},{\"@type\":\"WebSite\",\"@id\":\"https:\\\/\\\/www.krafthand.de\\\/truck\\\/#website\",\"url\":\"https:\\\/\\\/www.krafthand.de\\\/truck\\\/\",\"name\":\"Krafthand-Truck\",\"description\":\"\",\"potentialAction\":[{\"@type\":\"SearchAction\",\"target\":{\"@type\":\"EntryPoint\",\"urlTemplate\":\"https:\\\/\\\/www.krafthand.de\\\/truck\\\/?s={search_term_string}\"},\"query-input\":{\"@type\":\"PropertyValueSpecification\",\"valueRequired\":true,\"valueName\":\"search_term_string\"}}],\"inLanguage\":\"de\"},{\"@type\":\"Person\",\"@id\":\"https:\\\/\\\/www.krafthand.de\\\/truck\\\/#\\\/schema\\\/person\\\/51fa80b1c57034c4bf63f9f988fc24ce\",\"name\":\"georg.blenk@krafthand-medien.de\",\"image\":{\"@type\":\"ImageObject\",\"inLanguage\":\"de\",\"@id\":\"https:\\\/\\\/secure.gravatar.com\\\/avatar\\\/93713c30affe0aa95d3a4130e499bb1abee2eb31adbdd9ce2aa1543538490215?s=96&d=mm&r=g\",\"url\":\"https:\\\/\\\/secure.gravatar.com\\\/avatar\\\/93713c30affe0aa95d3a4130e499bb1abee2eb31adbdd9ce2aa1543538490215?s=96&d=mm&r=g\",\"contentUrl\":\"https:\\\/\\\/secure.gravatar.com\\\/avatar\\\/93713c30affe0aa95d3a4130e499bb1abee2eb31adbdd9ce2aa1543538490215?s=96&d=mm&r=g\",\"caption\":\"georg.blenk@krafthand-medien.de\"}}]}<\/script>\n<!-- \/ Yoast SEO plugin. -->","yoast_head_json":{"title":"Mehr als Nutzfahrzeugteile: Das Traditionsunternehmen winkler\u00a0 - Krafthand-Truck","description":"Die winkler-Unternehmensgruppe ist heute einer der f\u00fchrenden Gro\u00dfh\u00e4ndler f\u00fcr Nutzfahrzeug-Ersatzteile in Europa.","robots":{"index":"index","follow":"follow","max-snippet":"max-snippet:-1","max-image-preview":"max-image-preview:large","max-video-preview":"max-video-preview:-1"},"canonical":"https:\/\/www.krafthand.de\/truck\/artikel\/mehr-als-nutzfahrzeugteile-das-traditionsunternehmen-winkler-39883\/","og_locale":"de_DE","og_type":"article","og_title":"Mehr als Nutzfahrzeugteile: Das Traditionsunternehmen winkler\u00a0 - Krafthand-Truck","og_description":"Die winkler-Unternehmensgruppe ist heute einer der f\u00fchrenden Gro\u00dfh\u00e4ndler f\u00fcr Nutzfahrzeug-Ersatzteile in Europa.","og_url":"https:\/\/www.krafthand-truck.de\/artikel\/mehr-als-nutzfahrzeugteile-das-traditionsunternehmen-winkler-39883\/","og_site_name":"Krafthand-Truck","article_published_time":"2024-06-03T10:33:36+00:00","article_modified_time":"2024-06-04T08:37:06+00:00","og_image":[{"width":1200,"height":696,"url":"https:\/\/static.krafthand-truck.de\/uploads\/2024\/06\/Winkler_Nutzfahrzeugteile_Portfolio.jpg","type":"image\/jpeg"}],"author":"georg.blenk@krafthand-medien.de","twitter_card":"summary_large_image","twitter_misc":{"Verfasst von":"georg.blenk@krafthand-medien.de","Gesch\u00e4tzte Lesezeit":"9\u00a0Minuten"},"schema":{"@context":"https:\/\/schema.org","@graph":[{"@type":"Article","@id":"https:\/\/www.krafthand.de\/truck\/artikel\/mehr-als-nutzfahrzeugteile-das-traditionsunternehmen-winkler-39883\/#article","isPartOf":{"@id":"https:\/\/www.krafthand.de\/truck\/artikel\/mehr-als-nutzfahrzeugteile-das-traditionsunternehmen-winkler-39883\/"},"author":{"name":"georg.blenk@krafthand-medien.de","@id":"https:\/\/www.krafthand.de\/truck\/#\/schema\/person\/51fa80b1c57034c4bf63f9f988fc24ce"},"headline":"Mehr als Nutzfahrzeugteile: Das Traditionsunternehmen winkler\u00a0","datePublished":"2024-06-03T10:33:36+00:00","dateModified":"2024-06-04T08:37:06+00:00","mainEntityOfPage":{"@id":"https:\/\/www.krafthand.de\/truck\/artikel\/mehr-als-nutzfahrzeugteile-das-traditionsunternehmen-winkler-39883\/"},"wordCount":1456,"image":{"@id":"https:\/\/www.krafthand.de\/truck\/artikel\/mehr-als-nutzfahrzeugteile-das-traditionsunternehmen-winkler-39883\/#primaryimage"},"thumbnailUrl":"https:\/\/static.krafthand-truck.de\/uploads\/2024\/06\/Winkler_Nutzfahrzeugteile_Portfolio.jpg","keywords":["Ersatzteile","Nfz-Teile","Winkler"],"articleSection":["Ersatzteile\/Zubeh\u00f6r","Unternehmen"],"inLanguage":"de"},{"@type":"WebPage","@id":"https:\/\/www.krafthand.de\/truck\/artikel\/mehr-als-nutzfahrzeugteile-das-traditionsunternehmen-winkler-39883\/","url":"https:\/\/www.krafthand.de\/truck\/artikel\/mehr-als-nutzfahrzeugteile-das-traditionsunternehmen-winkler-39883\/","name":"Mehr als Nutzfahrzeugteile: Das Traditionsunternehmen winkler\u00a0 - Krafthand-Truck","isPartOf":{"@id":"https:\/\/www.krafthand.de\/truck\/#website"},"primaryImageOfPage":{"@id":"https:\/\/www.krafthand.de\/truck\/artikel\/mehr-als-nutzfahrzeugteile-das-traditionsunternehmen-winkler-39883\/#primaryimage"},"image":{"@id":"https:\/\/www.krafthand.de\/truck\/artikel\/mehr-als-nutzfahrzeugteile-das-traditionsunternehmen-winkler-39883\/#primaryimage"},"thumbnailUrl":"https:\/\/static.krafthand-truck.de\/uploads\/2024\/06\/Winkler_Nutzfahrzeugteile_Portfolio.jpg","datePublished":"2024-06-03T10:33:36+00:00","dateModified":"2024-06-04T08:37:06+00:00","author":{"@id":"https:\/\/www.krafthand.de\/truck\/#\/schema\/person\/51fa80b1c57034c4bf63f9f988fc24ce"},"description":"Die winkler-Unternehmensgruppe ist heute einer der f\u00fchrenden Gro\u00dfh\u00e4ndler f\u00fcr Nutzfahrzeug-Ersatzteile in Europa.","breadcrumb":{"@id":"https:\/\/www.krafthand.de\/truck\/artikel\/mehr-als-nutzfahrzeugteile-das-traditionsunternehmen-winkler-39883\/#breadcrumb"},"inLanguage":"de","potentialAction":[{"@type":"ReadAction","target":["https:\/\/www.krafthand.de\/truck\/artikel\/mehr-als-nutzfahrzeugteile-das-traditionsunternehmen-winkler-39883\/"]}]},{"@type":"ImageObject","inLanguage":"de","@id":"https:\/\/www.krafthand.de\/truck\/artikel\/mehr-als-nutzfahrzeugteile-das-traditionsunternehmen-winkler-39883\/#primaryimage","url":"https:\/\/static.krafthand-truck.de\/uploads\/2024\/06\/Winkler_Nutzfahrzeugteile_Portfolio.jpg","contentUrl":"https:\/\/static.krafthand-truck.de\/uploads\/2024\/06\/Winkler_Nutzfahrzeugteile_Portfolio.jpg","width":1200,"height":696},{"@type":"BreadcrumbList","@id":"https:\/\/www.krafthand.de\/truck\/artikel\/mehr-als-nutzfahrzeugteile-das-traditionsunternehmen-winkler-39883\/#breadcrumb","itemListElement":[{"@type":"ListItem","position":1,"name":"Krafthand-Truck","item":"https:\/\/www.krafthand.de\/truck\/"},{"@type":"ListItem","position":2,"name":"Nfz-Branche","item":"https:\/\/www.krafthand.de\/truck\/kategorie\/branche\/"},{"@type":"ListItem","position":3,"name":"Unternehmen","item":"https:\/\/www.krafthand.de\/truck\/kategorie\/branche\/unternehmen\/"},{"@type":"ListItem","position":4,"name":"Mehr als Nutzfahrzeugteile: Das Traditionsunternehmen winkler\u00a0"}]},{"@type":"WebSite","@id":"https:\/\/www.krafthand.de\/truck\/#website","url":"https:\/\/www.krafthand.de\/truck\/","name":"Krafthand-Truck","description":"","potentialAction":[{"@type":"SearchAction","target":{"@type":"EntryPoint","urlTemplate":"https:\/\/www.krafthand.de\/truck\/?s={search_term_string}"},"query-input":{"@type":"PropertyValueSpecification","valueRequired":true,"valueName":"search_term_string"}}],"inLanguage":"de"},{"@type":"Person","@id":"https:\/\/www.krafthand.de\/truck\/#\/schema\/person\/51fa80b1c57034c4bf63f9f988fc24ce","name":"georg.blenk@krafthand-medien.de","image":{"@type":"ImageObject","inLanguage":"de","@id":"https:\/\/secure.gravatar.com\/avatar\/93713c30affe0aa95d3a4130e499bb1abee2eb31adbdd9ce2aa1543538490215?s=96&d=mm&r=g","url":"https:\/\/secure.gravatar.com\/avatar\/93713c30affe0aa95d3a4130e499bb1abee2eb31adbdd9ce2aa1543538490215?s=96&d=mm&r=g","contentUrl":"https:\/\/secure.gravatar.com\/avatar\/93713c30affe0aa95d3a4130e499bb1abee2eb31adbdd9ce2aa1543538490215?s=96&d=mm&r=g","caption":"georg.blenk@krafthand-medien.de"}}]}},"_links":{"self":[{"href":"https:\/\/www.krafthand.de\/truck\/wp-json\/wp\/v2\/posts\/39883","targetHints":{"allow":["GET"]}}],"collection":[{"href":"https:\/\/www.krafthand.de\/truck\/wp-json\/wp\/v2\/posts"}],"about":[{"href":"https:\/\/www.krafthand.de\/truck\/wp-json\/wp\/v2\/types\/post"}],"author":[{"embeddable":true,"href":"https:\/\/www.krafthand.de\/truck\/wp-json\/wp\/v2\/users\/9"}],"replies":[{"embeddable":true,"href":"https:\/\/www.krafthand.de\/truck\/wp-json\/wp\/v2\/comments?post=39883"}],"version-history":[{"count":21,"href":"https:\/\/www.krafthand.de\/truck\/wp-json\/wp\/v2\/posts\/39883\/revisions"}],"predecessor-version":[{"id":39912,"href":"https:\/\/www.krafthand.de\/truck\/wp-json\/wp\/v2\/posts\/39883\/revisions\/39912"}],"wp:featuredmedia":[{"embeddable":true,"href":"https:\/\/www.krafthand.de\/truck\/wp-json\/wp\/v2\/media\/39884"}],"wp:attachment":[{"href":"https:\/\/www.krafthand.de\/truck\/wp-json\/wp\/v2\/media?parent=39883"}],"wp:term":[{"taxonomy":"category","embeddable":true,"href":"https:\/\/www.krafthand.de\/truck\/wp-json\/wp\/v2\/categories?post=39883"},{"taxonomy":"post_tag","embeddable":true,"href":"https:\/\/www.krafthand.de\/truck\/wp-json\/wp\/v2\/tags?post=39883"},{"taxonomy":"settings","embeddable":true,"href":"https:\/\/www.krafthand.de\/truck\/wp-json\/wp\/v2\/settings?post=39883"}],"curies":[{"name":"wp","href":"https:\/\/api.w.org\/{rel}","templated":true}]}}