{"id":39864,"date":"2024-05-31T11:15:06","date_gmt":"2024-05-31T09:15:06","guid":{"rendered":"https:\/\/www.krafthand.de\/truck\/?p=39864"},"modified":"2024-05-31T11:15:06","modified_gmt":"2024-05-31T09:15:06","slug":"iveco-ein-zweites-leben-fuer-lkw","status":"publish","type":"post","link":"https:\/\/www.krafthand.de\/truck\/artikel\/iveco-ein-zweites-leben-fuer-lkw-39864\/","title":{"rendered":"IVECO: Ein zweites Leben f\u00fcr Lkw"},"content":{"rendered":"<p>Der Lkw-Hersteller IVECO m\u00f6chte mit der neuen Marke \u201aCertified Pre-Owned\u2018 gebrauchten Lkw, darunter auch gebrauchten Elektrofahrzeugen, eine zweite Chance geben. Bereits 1995 hat man diesbez\u00fcglich die Marke \u201aUsed-Plus\u2018 eingef\u00fchrt, 2015 folgte \u201aOK-Trucks\u2018.<\/p>\n<h4>Die neue Marke \u201aCertified Pre-Owned\u2018 baut unter anderem auf folgende S\u00e4ulen auf:<\/h4>\n<ul>\n<li>IVECO Gebrauchtfahrzeuge durchlaufen vor dem Verkauf nach einem Standardverfahren eine Reihe von Kontrollen und \u00dcberpr\u00fcfungen, die die Zuverl\u00e4ssigkeit und Sicherheit garantieren.<\/li>\n<li>Um den Kundenanforderungen gerecht zu werden, sind die Fahrzeuge in drei Kategorien \u2013 Premium, Plus, Standard \u2013 eingeteilt, die sich an spezifischen Merkmalen wie Alter, Kilometerstand und Instandsetzungsarbeiten orientieren.<\/li>\n<li>Mit einem Team aus Fachleuten ist das <a href=\"https:\/\/www.iveco-preowned.de\" target=\"_blank\" rel=\"noopener\">\u201aCertified Pre-Owned\u2018-Netzwerk<\/a> in mehr als 25 L\u00e4ndern vertreten, die den Kunden bei der Auswahl eines Gebrauchtfahrzeugs unterst\u00fctzen.<\/li>\n<li>IVECO bietet eine europaweit g\u00fcltige Garantieverl\u00e4ngerung von bis zu 36 Monaten.<\/li>\n<li>Weitere Services sind darauf ausgelegt, die Betriebszeit durch Echtzeit-Monitoring des Fahrzeugs zu maximieren und durch Ferndiagnose, geplante Wartungen und Reparaturen sowie vorausschauende Wartungsma\u00dfnahmen bei Bedarf in der bevorzugten IVECO Werkstatt durchf\u00fchren zu lassen.<\/li>\n<li>Die Zuverl\u00e4ssigkeit der Fahrzeuge ist dank IVECO-Original-Ersatzteilen in Verbindung mit dem Einbau durch IVECO-Mechaniker hauseigen IVECO-zertifiziert.<\/li>\n<li>Entsprechende Telematik-Services tragen dazu bei, den Kraftstoffverbrauch zu senken, Routen zu optimieren und den Fahrstil durch Berichte und Analysen der Fahrzeugleistung zu verbessern.<\/li>\n<li>Im Bedarfsfall steht eine 24\/7-Hotline mit 2.000 Servicestellen in ganz Europa zur Verf\u00fcgung. Dar\u00fcber hinaus ist jede IVECO-Werkstatt in der Lage schnelle Unterst\u00fctzung zu bieten.<\/li>\n<\/ul>\n<p><i>Den Beitrag finden Sie auch in der Print-Ausgabe 2-2024 der <a href=\"https:\/\/www.krafthand.de\/truck\/magazin\/\" title=\"Zum Magazin\">Krafthand-Truck<\/a>.<\/i><\/p>","protected":false},"excerpt":{"rendered":"<p>Der Lkw-Hersteller IVECO m\u00f6chte mit der neuen Marke \u201aCertified Pre-Owned\u2018 gebrauchten Lkw, darunter auch gebrauchten Elektrofahrzeugen, eine zweite Chance geben. Bereits 1995 hat man diesbez\u00fcglich die Marke \u201aUsed-Plus\u2018 eingef\u00fchrt, 2015 folgte \u201aOK-Trucks\u2018. <span class=\"excerpt-more__dots\">&#8230;<\/span> <a class=\"excerpt-more__link\" href=\"https:\/\/www.krafthand.de\/truck\/artikel\/iveco-ein-zweites-leben-fuer-lkw-39864\/\" >weiter<\/a><\/p>\n","protected":false},"author":9,"featured_media":39867,"comment_status":"closed","ping_status":"closed","sticky":false,"template":"","format":"standard","meta":{"footnotes":""},"categories":[4230],"tags":[5960,5350,29],"settings":[4766,3523],"class_list":["post-39864","post","type-post","status-publish","format-standard","has-post-thumbnail","hentry","category-fuhrpark","tag-certified-pre-owned","tag-gebrauchtfahrzeuge","tag-iveco"],"yoast_head":"<!-- This site is optimized with the Yoast SEO plugin v27.3 - https:\/\/yoast.com\/product\/yoast-seo-wordpress\/ -->\n<title>IVECO: Ein zweites Leben f\u00fcr Lkw - Krafthand-Truck<\/title>\n<meta name=\"description\" content=\"IVECO m\u00f6chte mit der neuen Marke \u201aCertified Pre-Owned\u2018 gebrauchten Lkw, darunter auch gebrauchten E-Fahrzeugen, eine zweite Chance geben.\" \/>\n<meta name=\"robots\" content=\"index, follow, max-snippet:-1, max-image-preview:large, max-video-preview:-1\" \/>\n<link rel=\"canonical\" href=\"https:\/\/www.krafthand.de\/truck\/artikel\/iveco-ein-zweites-leben-fuer-lkw-39864\/\" \/>\n<meta property=\"og:locale\" content=\"de_DE\" \/>\n<meta property=\"og:type\" content=\"article\" \/>\n<meta property=\"og:title\" content=\"IVECO: Ein zweites Leben f\u00fcr Lkw - Krafthand-Truck\" \/>\n<meta property=\"og:description\" content=\"IVECO m\u00f6chte mit der neuen Marke \u201aCertified Pre-Owned\u2018 gebrauchten Lkw, darunter auch gebrauchten E-Fahrzeugen, eine zweite Chance geben.\" \/>\n<meta property=\"og:url\" content=\"https:\/\/www.krafthand-truck.de\/artikel\/iveco-ein-zweites-leben-fuer-lkw-39864\/\" \/>\n<meta property=\"og:site_name\" content=\"Krafthand-Truck\" \/>\n<meta property=\"article:published_time\" content=\"2024-05-31T09:15:06+00:00\" \/>\n<meta property=\"og:image\" content=\"https:\/\/static.krafthand-truck.de\/uploads\/2024\/05\/IVECO_Gebrauchtfahrzeuge.jpg\" \/>\n\t<meta property=\"og:image:width\" content=\"1200\" \/>\n\t<meta property=\"og:image:height\" content=\"709\" \/>\n\t<meta property=\"og:image:type\" content=\"image\/jpeg\" \/>\n<meta name=\"author\" content=\"georg.blenk@krafthand-medien.de\" \/>\n<meta name=\"twitter:card\" content=\"summary_large_image\" \/>\n<meta name=\"twitter:label1\" content=\"Verfasst von\" \/>\n\t<meta name=\"twitter:data1\" content=\"georg.blenk@krafthand-medien.de\" \/>\n\t<meta name=\"twitter:label2\" content=\"Gesch\u00e4tzte Lesezeit\" \/>\n\t<meta name=\"twitter:data2\" content=\"2\u00a0Minuten\" \/>\n<script type=\"application\/ld+json\" class=\"yoast-schema-graph\">{\"@context\":\"https:\\\/\\\/schema.org\",\"@graph\":[{\"@type\":\"Article\",\"@id\":\"https:\\\/\\\/www.krafthand.de\\\/truck\\\/artikel\\\/iveco-ein-zweites-leben-fuer-lkw-39864\\\/#article\",\"isPartOf\":{\"@id\":\"https:\\\/\\\/www.krafthand.de\\\/truck\\\/artikel\\\/iveco-ein-zweites-leben-fuer-lkw-39864\\\/\"},\"author\":{\"name\":\"georg.blenk@krafthand-medien.de\",\"@id\":\"https:\\\/\\\/www.krafthand.de\\\/truck\\\/#\\\/schema\\\/person\\\/51fa80b1c57034c4bf63f9f988fc24ce\"},\"headline\":\"IVECO: Ein zweites Leben f\u00fcr Lkw\",\"datePublished\":\"2024-05-31T09:15:06+00:00\",\"mainEntityOfPage\":{\"@id\":\"https:\\\/\\\/www.krafthand.de\\\/truck\\\/artikel\\\/iveco-ein-zweites-leben-fuer-lkw-39864\\\/\"},\"wordCount\":243,\"image\":{\"@id\":\"https:\\\/\\\/www.krafthand.de\\\/truck\\\/artikel\\\/iveco-ein-zweites-leben-fuer-lkw-39864\\\/#primaryimage\"},\"thumbnailUrl\":\"https:\\\/\\\/static.krafthand-truck.de\\\/uploads\\\/2024\\\/05\\\/IVECO_Gebrauchtfahrzeuge.jpg\",\"keywords\":[\"Certified-Pre-Owned\",\"Gebrauchtfahrzeuge\",\"Iveco\"],\"articleSection\":[\"IT+Fuhrpark\"],\"inLanguage\":\"de\"},{\"@type\":\"WebPage\",\"@id\":\"https:\\\/\\\/www.krafthand.de\\\/truck\\\/artikel\\\/iveco-ein-zweites-leben-fuer-lkw-39864\\\/\",\"url\":\"https:\\\/\\\/www.krafthand.de\\\/truck\\\/artikel\\\/iveco-ein-zweites-leben-fuer-lkw-39864\\\/\",\"name\":\"IVECO: Ein zweites Leben f\u00fcr Lkw - Krafthand-Truck\",\"isPartOf\":{\"@id\":\"https:\\\/\\\/www.krafthand.de\\\/truck\\\/#website\"},\"primaryImageOfPage\":{\"@id\":\"https:\\\/\\\/www.krafthand.de\\\/truck\\\/artikel\\\/iveco-ein-zweites-leben-fuer-lkw-39864\\\/#primaryimage\"},\"image\":{\"@id\":\"https:\\\/\\\/www.krafthand.de\\\/truck\\\/artikel\\\/iveco-ein-zweites-leben-fuer-lkw-39864\\\/#primaryimage\"},\"thumbnailUrl\":\"https:\\\/\\\/static.krafthand-truck.de\\\/uploads\\\/2024\\\/05\\\/IVECO_Gebrauchtfahrzeuge.jpg\",\"datePublished\":\"2024-05-31T09:15:06+00:00\",\"author\":{\"@id\":\"https:\\\/\\\/www.krafthand.de\\\/truck\\\/#\\\/schema\\\/person\\\/51fa80b1c57034c4bf63f9f988fc24ce\"},\"description\":\"IVECO m\u00f6chte mit der neuen Marke \u201aCertified Pre-Owned\u2018 gebrauchten Lkw, darunter auch gebrauchten E-Fahrzeugen, eine zweite Chance geben.\",\"breadcrumb\":{\"@id\":\"https:\\\/\\\/www.krafthand.de\\\/truck\\\/artikel\\\/iveco-ein-zweites-leben-fuer-lkw-39864\\\/#breadcrumb\"},\"inLanguage\":\"de\",\"potentialAction\":[{\"@type\":\"ReadAction\",\"target\":[\"https:\\\/\\\/www.krafthand.de\\\/truck\\\/artikel\\\/iveco-ein-zweites-leben-fuer-lkw-39864\\\/\"]}]},{\"@type\":\"ImageObject\",\"inLanguage\":\"de\",\"@id\":\"https:\\\/\\\/www.krafthand.de\\\/truck\\\/artikel\\\/iveco-ein-zweites-leben-fuer-lkw-39864\\\/#primaryimage\",\"url\":\"https:\\\/\\\/static.krafthand-truck.de\\\/uploads\\\/2024\\\/05\\\/IVECO_Gebrauchtfahrzeuge.jpg\",\"contentUrl\":\"https:\\\/\\\/static.krafthand-truck.de\\\/uploads\\\/2024\\\/05\\\/IVECO_Gebrauchtfahrzeuge.jpg\",\"width\":1200,\"height\":709},{\"@type\":\"BreadcrumbList\",\"@id\":\"https:\\\/\\\/www.krafthand.de\\\/truck\\\/artikel\\\/iveco-ein-zweites-leben-fuer-lkw-39864\\\/#breadcrumb\",\"itemListElement\":[{\"@type\":\"ListItem\",\"position\":1,\"name\":\"Krafthand-Truck\",\"item\":\"https:\\\/\\\/www.krafthand.de\\\/truck\\\/\"},{\"@type\":\"ListItem\",\"position\":2,\"name\":\"IT+Fuhrpark\",\"item\":\"https:\\\/\\\/www.krafthand.de\\\/truck\\\/kategorie\\\/fuhrpark\\\/\"},{\"@type\":\"ListItem\",\"position\":3,\"name\":\"IVECO: Ein zweites Leben f\u00fcr Lkw\"}]},{\"@type\":\"WebSite\",\"@id\":\"https:\\\/\\\/www.krafthand.de\\\/truck\\\/#website\",\"url\":\"https:\\\/\\\/www.krafthand.de\\\/truck\\\/\",\"name\":\"Krafthand-Truck\",\"description\":\"\",\"potentialAction\":[{\"@type\":\"SearchAction\",\"target\":{\"@type\":\"EntryPoint\",\"urlTemplate\":\"https:\\\/\\\/www.krafthand.de\\\/truck\\\/?s={search_term_string}\"},\"query-input\":{\"@type\":\"PropertyValueSpecification\",\"valueRequired\":true,\"valueName\":\"search_term_string\"}}],\"inLanguage\":\"de\"},{\"@type\":\"Person\",\"@id\":\"https:\\\/\\\/www.krafthand.de\\\/truck\\\/#\\\/schema\\\/person\\\/51fa80b1c57034c4bf63f9f988fc24ce\",\"name\":\"georg.blenk@krafthand-medien.de\",\"image\":{\"@type\":\"ImageObject\",\"inLanguage\":\"de\",\"@id\":\"https:\\\/\\\/secure.gravatar.com\\\/avatar\\\/93713c30affe0aa95d3a4130e499bb1abee2eb31adbdd9ce2aa1543538490215?s=96&d=mm&r=g\",\"url\":\"https:\\\/\\\/secure.gravatar.com\\\/avatar\\\/93713c30affe0aa95d3a4130e499bb1abee2eb31adbdd9ce2aa1543538490215?s=96&d=mm&r=g\",\"contentUrl\":\"https:\\\/\\\/secure.gravatar.com\\\/avatar\\\/93713c30affe0aa95d3a4130e499bb1abee2eb31adbdd9ce2aa1543538490215?s=96&d=mm&r=g\",\"caption\":\"georg.blenk@krafthand-medien.de\"}}]}<\/script>\n<!-- \/ Yoast SEO plugin. -->","yoast_head_json":{"title":"IVECO: Ein zweites Leben f\u00fcr Lkw - Krafthand-Truck","description":"IVECO m\u00f6chte mit der neuen Marke \u201aCertified Pre-Owned\u2018 gebrauchten Lkw, darunter auch gebrauchten E-Fahrzeugen, eine zweite Chance geben.","robots":{"index":"index","follow":"follow","max-snippet":"max-snippet:-1","max-image-preview":"max-image-preview:large","max-video-preview":"max-video-preview:-1"},"canonical":"https:\/\/www.krafthand.de\/truck\/artikel\/iveco-ein-zweites-leben-fuer-lkw-39864\/","og_locale":"de_DE","og_type":"article","og_title":"IVECO: Ein zweites Leben f\u00fcr Lkw - Krafthand-Truck","og_description":"IVECO m\u00f6chte mit der neuen Marke \u201aCertified Pre-Owned\u2018 gebrauchten Lkw, darunter auch gebrauchten E-Fahrzeugen, eine zweite Chance geben.","og_url":"https:\/\/www.krafthand-truck.de\/artikel\/iveco-ein-zweites-leben-fuer-lkw-39864\/","og_site_name":"Krafthand-Truck","article_published_time":"2024-05-31T09:15:06+00:00","og_image":[{"width":1200,"height":709,"url":"https:\/\/static.krafthand-truck.de\/uploads\/2024\/05\/IVECO_Gebrauchtfahrzeuge.jpg","type":"image\/jpeg"}],"author":"georg.blenk@krafthand-medien.de","twitter_card":"summary_large_image","twitter_misc":{"Verfasst von":"georg.blenk@krafthand-medien.de","Gesch\u00e4tzte Lesezeit":"2\u00a0Minuten"},"schema":{"@context":"https:\/\/schema.org","@graph":[{"@type":"Article","@id":"https:\/\/www.krafthand.de\/truck\/artikel\/iveco-ein-zweites-leben-fuer-lkw-39864\/#article","isPartOf":{"@id":"https:\/\/www.krafthand.de\/truck\/artikel\/iveco-ein-zweites-leben-fuer-lkw-39864\/"},"author":{"name":"georg.blenk@krafthand-medien.de","@id":"https:\/\/www.krafthand.de\/truck\/#\/schema\/person\/51fa80b1c57034c4bf63f9f988fc24ce"},"headline":"IVECO: Ein zweites Leben f\u00fcr Lkw","datePublished":"2024-05-31T09:15:06+00:00","mainEntityOfPage":{"@id":"https:\/\/www.krafthand.de\/truck\/artikel\/iveco-ein-zweites-leben-fuer-lkw-39864\/"},"wordCount":243,"image":{"@id":"https:\/\/www.krafthand.de\/truck\/artikel\/iveco-ein-zweites-leben-fuer-lkw-39864\/#primaryimage"},"thumbnailUrl":"https:\/\/static.krafthand-truck.de\/uploads\/2024\/05\/IVECO_Gebrauchtfahrzeuge.jpg","keywords":["Certified-Pre-Owned","Gebrauchtfahrzeuge","Iveco"],"articleSection":["IT+Fuhrpark"],"inLanguage":"de"},{"@type":"WebPage","@id":"https:\/\/www.krafthand.de\/truck\/artikel\/iveco-ein-zweites-leben-fuer-lkw-39864\/","url":"https:\/\/www.krafthand.de\/truck\/artikel\/iveco-ein-zweites-leben-fuer-lkw-39864\/","name":"IVECO: Ein zweites Leben f\u00fcr Lkw - Krafthand-Truck","isPartOf":{"@id":"https:\/\/www.krafthand.de\/truck\/#website"},"primaryImageOfPage":{"@id":"https:\/\/www.krafthand.de\/truck\/artikel\/iveco-ein-zweites-leben-fuer-lkw-39864\/#primaryimage"},"image":{"@id":"https:\/\/www.krafthand.de\/truck\/artikel\/iveco-ein-zweites-leben-fuer-lkw-39864\/#primaryimage"},"thumbnailUrl":"https:\/\/static.krafthand-truck.de\/uploads\/2024\/05\/IVECO_Gebrauchtfahrzeuge.jpg","datePublished":"2024-05-31T09:15:06+00:00","author":{"@id":"https:\/\/www.krafthand.de\/truck\/#\/schema\/person\/51fa80b1c57034c4bf63f9f988fc24ce"},"description":"IVECO m\u00f6chte mit der neuen Marke \u201aCertified Pre-Owned\u2018 gebrauchten Lkw, darunter auch gebrauchten E-Fahrzeugen, eine zweite Chance geben.","breadcrumb":{"@id":"https:\/\/www.krafthand.de\/truck\/artikel\/iveco-ein-zweites-leben-fuer-lkw-39864\/#breadcrumb"},"inLanguage":"de","potentialAction":[{"@type":"ReadAction","target":["https:\/\/www.krafthand.de\/truck\/artikel\/iveco-ein-zweites-leben-fuer-lkw-39864\/"]}]},{"@type":"ImageObject","inLanguage":"de","@id":"https:\/\/www.krafthand.de\/truck\/artikel\/iveco-ein-zweites-leben-fuer-lkw-39864\/#primaryimage","url":"https:\/\/static.krafthand-truck.de\/uploads\/2024\/05\/IVECO_Gebrauchtfahrzeuge.jpg","contentUrl":"https:\/\/static.krafthand-truck.de\/uploads\/2024\/05\/IVECO_Gebrauchtfahrzeuge.jpg","width":1200,"height":709},{"@type":"BreadcrumbList","@id":"https:\/\/www.krafthand.de\/truck\/artikel\/iveco-ein-zweites-leben-fuer-lkw-39864\/#breadcrumb","itemListElement":[{"@type":"ListItem","position":1,"name":"Krafthand-Truck","item":"https:\/\/www.krafthand.de\/truck\/"},{"@type":"ListItem","position":2,"name":"IT+Fuhrpark","item":"https:\/\/www.krafthand.de\/truck\/kategorie\/fuhrpark\/"},{"@type":"ListItem","position":3,"name":"IVECO: Ein zweites Leben f\u00fcr Lkw"}]},{"@type":"WebSite","@id":"https:\/\/www.krafthand.de\/truck\/#website","url":"https:\/\/www.krafthand.de\/truck\/","name":"Krafthand-Truck","description":"","potentialAction":[{"@type":"SearchAction","target":{"@type":"EntryPoint","urlTemplate":"https:\/\/www.krafthand.de\/truck\/?s={search_term_string}"},"query-input":{"@type":"PropertyValueSpecification","valueRequired":true,"valueName":"search_term_string"}}],"inLanguage":"de"},{"@type":"Person","@id":"https:\/\/www.krafthand.de\/truck\/#\/schema\/person\/51fa80b1c57034c4bf63f9f988fc24ce","name":"georg.blenk@krafthand-medien.de","image":{"@type":"ImageObject","inLanguage":"de","@id":"https:\/\/secure.gravatar.com\/avatar\/93713c30affe0aa95d3a4130e499bb1abee2eb31adbdd9ce2aa1543538490215?s=96&d=mm&r=g","url":"https:\/\/secure.gravatar.com\/avatar\/93713c30affe0aa95d3a4130e499bb1abee2eb31adbdd9ce2aa1543538490215?s=96&d=mm&r=g","contentUrl":"https:\/\/secure.gravatar.com\/avatar\/93713c30affe0aa95d3a4130e499bb1abee2eb31adbdd9ce2aa1543538490215?s=96&d=mm&r=g","caption":"georg.blenk@krafthand-medien.de"}}]}},"_links":{"self":[{"href":"https:\/\/www.krafthand.de\/truck\/wp-json\/wp\/v2\/posts\/39864","targetHints":{"allow":["GET"]}}],"collection":[{"href":"https:\/\/www.krafthand.de\/truck\/wp-json\/wp\/v2\/posts"}],"about":[{"href":"https:\/\/www.krafthand.de\/truck\/wp-json\/wp\/v2\/types\/post"}],"author":[{"embeddable":true,"href":"https:\/\/www.krafthand.de\/truck\/wp-json\/wp\/v2\/users\/9"}],"replies":[{"embeddable":true,"href":"https:\/\/www.krafthand.de\/truck\/wp-json\/wp\/v2\/comments?post=39864"}],"version-history":[{"count":3,"href":"https:\/\/www.krafthand.de\/truck\/wp-json\/wp\/v2\/posts\/39864\/revisions"}],"predecessor-version":[{"id":39868,"href":"https:\/\/www.krafthand.de\/truck\/wp-json\/wp\/v2\/posts\/39864\/revisions\/39868"}],"wp:featuredmedia":[{"embeddable":true,"href":"https:\/\/www.krafthand.de\/truck\/wp-json\/wp\/v2\/media\/39867"}],"wp:attachment":[{"href":"https:\/\/www.krafthand.de\/truck\/wp-json\/wp\/v2\/media?parent=39864"}],"wp:term":[{"taxonomy":"category","embeddable":true,"href":"https:\/\/www.krafthand.de\/truck\/wp-json\/wp\/v2\/categories?post=39864"},{"taxonomy":"post_tag","embeddable":true,"href":"https:\/\/www.krafthand.de\/truck\/wp-json\/wp\/v2\/tags?post=39864"},{"taxonomy":"settings","embeddable":true,"href":"https:\/\/www.krafthand.de\/truck\/wp-json\/wp\/v2\/settings?post=39864"}],"curies":[{"name":"wp","href":"https:\/\/api.w.org\/{rel}","templated":true}]}}