{"id":39825,"date":"2024-05-29T07:45:06","date_gmt":"2024-05-29T05:45:06","guid":{"rendered":"https:\/\/www.krafthand.de\/truck\/?p=39825"},"modified":"2024-05-29T09:34:49","modified_gmt":"2024-05-29T07:34:49","slug":"neuer-montagewagen-von-wuerth","status":"publish","type":"post","link":"https:\/\/www.krafthand.de\/truck\/artikel\/neuer-montagewagen-von-wuerth-39825\/","title":{"rendered":"Neuer Montagewagen von W\u00fcrth f\u00fcr schwere Lkw-Batterien"},"content":{"rendered":"<p>W\u00fcrth hat mit dem Montagewagen RB1 ein neu entwickeltes Hebewerkzeug im Programm, welches bei der Demontage und Montage von schweren Bauteilen wie Fahrzeugbatterien oder Katalysatoren eingesetzt werden kann. Der RB1 ist f\u00fcr die Entnahme von bis zu vier Batterien pro Arbeitsgang geeignet. Aufgrund des ausfahrbaren Kranarmes kann er auch tiefliegende Batterien bei Omnibussen und Trailern aufnehmen. F\u00fcr das Bewegen von Katalysatoren kann der Spanngurt f\u00fcr die Bremstrommeln aus dem BT2 Set genutzt werden.<\/p>\n<p>Das Anheben der Last erfolgt durch die Bet\u00e4tigung des Fu\u00dfpedals mit Schnellhubfunktion. F\u00fcr die Hydraulik wird keine Druckluft oder Strom ben\u00f6tigt. Eine gute Man\u00f6vrierf\u00e4higkeit gew\u00e4hrleisten laut <a href=\"https:\/\/www.wuerth.de\" target=\"_blank\" rel=\"noopener\">W\u00fcrth<\/a> zwei Lenkrollen und vier Schwerlast-Rollen. Der RB1 ist von einem Mechatroniker bedienbar.<br \/>\nZum Lieferumfang geh\u00f6ren eine Kranarmverl\u00e4ngerung, ein Batterie-Montageb\u00fcgel, ein Batterie-Montagegurt, eine Anschlagkette mit drei Sch\u00e4keln, eine doppelte Laufrolle, eine einfache Laufrolle sowie eine einfache Laufrolle mit Entnahmehaken. Dazu kommt eine Aufbewahrungstasche zur sicheren Lagerung des Zubeh\u00f6rs und der Montageteile. Der RB1 wiegt 98 Kilogramm und hat eine Hubh\u00f6he von 400 \u2013 1.800 mm. Die maximale Traglast betr\u00e4gt 100 kg ohne Kranarmverl\u00e4ngerung und 75 kg bei voll ausgefahrener Verl\u00e4ngerung.<\/p>\n<p><i>Den Beitrag finden Sie auch in der Print-Ausgabe 2-2024 der <a href=\"https:\/\/www.krafthand.de\/truck\/magazin\/\" title=\"Zum Magazin\">Krafthand-Truck<\/a>.<\/i><\/p>","protected":false},"excerpt":{"rendered":"<p>W\u00fcrth hat mit dem Montagewagen RB1 ein neu entwickeltes Hebewerkzeug im Programm, welches bei der Demontage und Montage von schweren Bauteilen wie Fahrzeugbatterien oder Katalysatoren eingesetzt werden kann. Der RB1 ist f\u00fcr die Entnahme von bis zu vier Batterien pro Arbeitsgang geeignet. <span class=\"excerpt-more__dots\">&#8230;<\/span> <a class=\"excerpt-more__link\" href=\"https:\/\/www.krafthand.de\/truck\/artikel\/neuer-montagewagen-von-wuerth-39825\/\" >weiter<\/a><\/p>\n","protected":false},"author":9,"featured_media":39827,"comment_status":"closed","ping_status":"closed","sticky":false,"template":"","format":"standard","meta":{"footnotes":""},"categories":[4220],"tags":[1502,965,5395,5957,322],"settings":[4766],"class_list":["post-39825","post","type-post","status-publish","format-standard","has-post-thumbnail","hentry","category-werkstattausruestung","tag-batterie","tag-katalysator","tag-montagewagen","tag-rb1","tag-wuerth"],"yoast_head":"<!-- This site is optimized with the Yoast SEO plugin v27.3 - https:\/\/yoast.com\/product\/yoast-seo-wordpress\/ -->\n<title>Neuer Montagewagen RB1 von W\u00fcrth I Krafthand-Truck<\/title>\n<meta name=\"description\" content=\"W\u00fcrth hat mit dem Montagewagen RB1 ein neu entwickeltes Hebewerkzeug f\u00fcr Lkw-Batterien oder Katalysatoren im Programm.\" \/>\n<meta name=\"robots\" content=\"index, follow, max-snippet:-1, max-image-preview:large, max-video-preview:-1\" \/>\n<link rel=\"canonical\" href=\"https:\/\/www.krafthand.de\/truck\/artikel\/neuer-montagewagen-von-wuerth-39825\/\" \/>\n<meta property=\"og:locale\" content=\"de_DE\" \/>\n<meta property=\"og:type\" content=\"article\" \/>\n<meta property=\"og:title\" content=\"Neuer Montagewagen RB1 von W\u00fcrth I Krafthand-Truck\" \/>\n<meta property=\"og:description\" content=\"W\u00fcrth hat mit dem Montagewagen RB1 ein neu entwickeltes Hebewerkzeug f\u00fcr Lkw-Batterien oder Katalysatoren im Programm.\" \/>\n<meta property=\"og:url\" content=\"https:\/\/www.krafthand-truck.de\/artikel\/neuer-montagewagen-von-wuerth-39825\/\" \/>\n<meta property=\"og:site_name\" content=\"Krafthand-Truck\" \/>\n<meta property=\"article:published_time\" content=\"2024-05-29T05:45:06+00:00\" \/>\n<meta property=\"article:modified_time\" content=\"2024-05-29T07:34:49+00:00\" \/>\n<meta property=\"og:image\" content=\"https:\/\/static.krafthand-truck.de\/uploads\/2024\/05\/Wuerth_Montagewagen_RB1_Lkw_Betterie.jpg\" \/>\n\t<meta property=\"og:image:width\" content=\"800\" \/>\n\t<meta property=\"og:image:height\" content=\"1048\" \/>\n\t<meta property=\"og:image:type\" content=\"image\/jpeg\" \/>\n<meta name=\"author\" content=\"georg.blenk@krafthand-medien.de\" \/>\n<meta name=\"twitter:card\" content=\"summary_large_image\" \/>\n<meta name=\"twitter:label1\" content=\"Verfasst von\" \/>\n\t<meta name=\"twitter:data1\" content=\"georg.blenk@krafthand-medien.de\" \/>\n\t<meta name=\"twitter:label2\" content=\"Gesch\u00e4tzte Lesezeit\" \/>\n\t<meta name=\"twitter:data2\" content=\"2\u00a0Minuten\" \/>\n<script type=\"application\/ld+json\" class=\"yoast-schema-graph\">{\"@context\":\"https:\\\/\\\/schema.org\",\"@graph\":[{\"@type\":\"Article\",\"@id\":\"https:\\\/\\\/www.krafthand.de\\\/truck\\\/artikel\\\/neuer-montagewagen-von-wuerth-39825\\\/#article\",\"isPartOf\":{\"@id\":\"https:\\\/\\\/www.krafthand.de\\\/truck\\\/artikel\\\/neuer-montagewagen-von-wuerth-39825\\\/\"},\"author\":{\"name\":\"georg.blenk@krafthand-medien.de\",\"@id\":\"https:\\\/\\\/www.krafthand.de\\\/truck\\\/#\\\/schema\\\/person\\\/51fa80b1c57034c4bf63f9f988fc24ce\"},\"headline\":\"Neuer Montagewagen von W\u00fcrth f\u00fcr schwere Lkw-Batterien\",\"datePublished\":\"2024-05-29T05:45:06+00:00\",\"dateModified\":\"2024-05-29T07:34:49+00:00\",\"mainEntityOfPage\":{\"@id\":\"https:\\\/\\\/www.krafthand.de\\\/truck\\\/artikel\\\/neuer-montagewagen-von-wuerth-39825\\\/\"},\"wordCount\":203,\"image\":{\"@id\":\"https:\\\/\\\/www.krafthand.de\\\/truck\\\/artikel\\\/neuer-montagewagen-von-wuerth-39825\\\/#primaryimage\"},\"thumbnailUrl\":\"https:\\\/\\\/static.krafthand-truck.de\\\/uploads\\\/2024\\\/05\\\/Wuerth_Montagewagen_RB1_Lkw_Betterie.jpg\",\"keywords\":[\"Batterie\",\"Katalysator\",\"Montagewagen\",\"RB1\",\"W\u00fcrth\"],\"articleSection\":[\"Werkstattausr\u00fcstung\"],\"inLanguage\":\"de\"},{\"@type\":\"WebPage\",\"@id\":\"https:\\\/\\\/www.krafthand.de\\\/truck\\\/artikel\\\/neuer-montagewagen-von-wuerth-39825\\\/\",\"url\":\"https:\\\/\\\/www.krafthand.de\\\/truck\\\/artikel\\\/neuer-montagewagen-von-wuerth-39825\\\/\",\"name\":\"Neuer Montagewagen RB1 von W\u00fcrth I Krafthand-Truck\",\"isPartOf\":{\"@id\":\"https:\\\/\\\/www.krafthand.de\\\/truck\\\/#website\"},\"primaryImageOfPage\":{\"@id\":\"https:\\\/\\\/www.krafthand.de\\\/truck\\\/artikel\\\/neuer-montagewagen-von-wuerth-39825\\\/#primaryimage\"},\"image\":{\"@id\":\"https:\\\/\\\/www.krafthand.de\\\/truck\\\/artikel\\\/neuer-montagewagen-von-wuerth-39825\\\/#primaryimage\"},\"thumbnailUrl\":\"https:\\\/\\\/static.krafthand-truck.de\\\/uploads\\\/2024\\\/05\\\/Wuerth_Montagewagen_RB1_Lkw_Betterie.jpg\",\"datePublished\":\"2024-05-29T05:45:06+00:00\",\"dateModified\":\"2024-05-29T07:34:49+00:00\",\"author\":{\"@id\":\"https:\\\/\\\/www.krafthand.de\\\/truck\\\/#\\\/schema\\\/person\\\/51fa80b1c57034c4bf63f9f988fc24ce\"},\"description\":\"W\u00fcrth hat mit dem Montagewagen RB1 ein neu entwickeltes Hebewerkzeug f\u00fcr Lkw-Batterien oder Katalysatoren im Programm.\",\"breadcrumb\":{\"@id\":\"https:\\\/\\\/www.krafthand.de\\\/truck\\\/artikel\\\/neuer-montagewagen-von-wuerth-39825\\\/#breadcrumb\"},\"inLanguage\":\"de\",\"potentialAction\":[{\"@type\":\"ReadAction\",\"target\":[\"https:\\\/\\\/www.krafthand.de\\\/truck\\\/artikel\\\/neuer-montagewagen-von-wuerth-39825\\\/\"]}]},{\"@type\":\"ImageObject\",\"inLanguage\":\"de\",\"@id\":\"https:\\\/\\\/www.krafthand.de\\\/truck\\\/artikel\\\/neuer-montagewagen-von-wuerth-39825\\\/#primaryimage\",\"url\":\"https:\\\/\\\/static.krafthand-truck.de\\\/uploads\\\/2024\\\/05\\\/Wuerth_Montagewagen_RB1_Lkw_Betterie.jpg\",\"contentUrl\":\"https:\\\/\\\/static.krafthand-truck.de\\\/uploads\\\/2024\\\/05\\\/Wuerth_Montagewagen_RB1_Lkw_Betterie.jpg\",\"width\":800,\"height\":1048},{\"@type\":\"BreadcrumbList\",\"@id\":\"https:\\\/\\\/www.krafthand.de\\\/truck\\\/artikel\\\/neuer-montagewagen-von-wuerth-39825\\\/#breadcrumb\",\"itemListElement\":[{\"@type\":\"ListItem\",\"position\":1,\"name\":\"Krafthand-Truck\",\"item\":\"https:\\\/\\\/www.krafthand.de\\\/truck\\\/\"},{\"@type\":\"ListItem\",\"position\":2,\"name\":\"Nfz-Service\",\"item\":\"https:\\\/\\\/www.krafthand.de\\\/truck\\\/kategorie\\\/nfz-service\\\/\"},{\"@type\":\"ListItem\",\"position\":3,\"name\":\"Werkstattausr\u00fcstung\",\"item\":\"https:\\\/\\\/www.krafthand.de\\\/truck\\\/kategorie\\\/nfz-service\\\/werkstattausruestung\\\/\"},{\"@type\":\"ListItem\",\"position\":4,\"name\":\"Neuer Montagewagen von W\u00fcrth f\u00fcr schwere Lkw-Batterien\"}]},{\"@type\":\"WebSite\",\"@id\":\"https:\\\/\\\/www.krafthand.de\\\/truck\\\/#website\",\"url\":\"https:\\\/\\\/www.krafthand.de\\\/truck\\\/\",\"name\":\"Krafthand-Truck\",\"description\":\"\",\"potentialAction\":[{\"@type\":\"SearchAction\",\"target\":{\"@type\":\"EntryPoint\",\"urlTemplate\":\"https:\\\/\\\/www.krafthand.de\\\/truck\\\/?s={search_term_string}\"},\"query-input\":{\"@type\":\"PropertyValueSpecification\",\"valueRequired\":true,\"valueName\":\"search_term_string\"}}],\"inLanguage\":\"de\"},{\"@type\":\"Person\",\"@id\":\"https:\\\/\\\/www.krafthand.de\\\/truck\\\/#\\\/schema\\\/person\\\/51fa80b1c57034c4bf63f9f988fc24ce\",\"name\":\"georg.blenk@krafthand-medien.de\",\"image\":{\"@type\":\"ImageObject\",\"inLanguage\":\"de\",\"@id\":\"https:\\\/\\\/secure.gravatar.com\\\/avatar\\\/93713c30affe0aa95d3a4130e499bb1abee2eb31adbdd9ce2aa1543538490215?s=96&d=mm&r=g\",\"url\":\"https:\\\/\\\/secure.gravatar.com\\\/avatar\\\/93713c30affe0aa95d3a4130e499bb1abee2eb31adbdd9ce2aa1543538490215?s=96&d=mm&r=g\",\"contentUrl\":\"https:\\\/\\\/secure.gravatar.com\\\/avatar\\\/93713c30affe0aa95d3a4130e499bb1abee2eb31adbdd9ce2aa1543538490215?s=96&d=mm&r=g\",\"caption\":\"georg.blenk@krafthand-medien.de\"}}]}<\/script>\n<!-- \/ Yoast SEO plugin. -->","yoast_head_json":{"title":"Neuer Montagewagen RB1 von W\u00fcrth I Krafthand-Truck","description":"W\u00fcrth hat mit dem Montagewagen RB1 ein neu entwickeltes Hebewerkzeug f\u00fcr Lkw-Batterien oder Katalysatoren im Programm.","robots":{"index":"index","follow":"follow","max-snippet":"max-snippet:-1","max-image-preview":"max-image-preview:large","max-video-preview":"max-video-preview:-1"},"canonical":"https:\/\/www.krafthand.de\/truck\/artikel\/neuer-montagewagen-von-wuerth-39825\/","og_locale":"de_DE","og_type":"article","og_title":"Neuer Montagewagen RB1 von W\u00fcrth I Krafthand-Truck","og_description":"W\u00fcrth hat mit dem Montagewagen RB1 ein neu entwickeltes Hebewerkzeug f\u00fcr Lkw-Batterien oder Katalysatoren im Programm.","og_url":"https:\/\/www.krafthand-truck.de\/artikel\/neuer-montagewagen-von-wuerth-39825\/","og_site_name":"Krafthand-Truck","article_published_time":"2024-05-29T05:45:06+00:00","article_modified_time":"2024-05-29T07:34:49+00:00","og_image":[{"width":800,"height":1048,"url":"https:\/\/static.krafthand-truck.de\/uploads\/2024\/05\/Wuerth_Montagewagen_RB1_Lkw_Betterie.jpg","type":"image\/jpeg"}],"author":"georg.blenk@krafthand-medien.de","twitter_card":"summary_large_image","twitter_misc":{"Verfasst von":"georg.blenk@krafthand-medien.de","Gesch\u00e4tzte Lesezeit":"2\u00a0Minuten"},"schema":{"@context":"https:\/\/schema.org","@graph":[{"@type":"Article","@id":"https:\/\/www.krafthand.de\/truck\/artikel\/neuer-montagewagen-von-wuerth-39825\/#article","isPartOf":{"@id":"https:\/\/www.krafthand.de\/truck\/artikel\/neuer-montagewagen-von-wuerth-39825\/"},"author":{"name":"georg.blenk@krafthand-medien.de","@id":"https:\/\/www.krafthand.de\/truck\/#\/schema\/person\/51fa80b1c57034c4bf63f9f988fc24ce"},"headline":"Neuer Montagewagen von W\u00fcrth f\u00fcr schwere Lkw-Batterien","datePublished":"2024-05-29T05:45:06+00:00","dateModified":"2024-05-29T07:34:49+00:00","mainEntityOfPage":{"@id":"https:\/\/www.krafthand.de\/truck\/artikel\/neuer-montagewagen-von-wuerth-39825\/"},"wordCount":203,"image":{"@id":"https:\/\/www.krafthand.de\/truck\/artikel\/neuer-montagewagen-von-wuerth-39825\/#primaryimage"},"thumbnailUrl":"https:\/\/static.krafthand-truck.de\/uploads\/2024\/05\/Wuerth_Montagewagen_RB1_Lkw_Betterie.jpg","keywords":["Batterie","Katalysator","Montagewagen","RB1","W\u00fcrth"],"articleSection":["Werkstattausr\u00fcstung"],"inLanguage":"de"},{"@type":"WebPage","@id":"https:\/\/www.krafthand.de\/truck\/artikel\/neuer-montagewagen-von-wuerth-39825\/","url":"https:\/\/www.krafthand.de\/truck\/artikel\/neuer-montagewagen-von-wuerth-39825\/","name":"Neuer Montagewagen RB1 von W\u00fcrth I Krafthand-Truck","isPartOf":{"@id":"https:\/\/www.krafthand.de\/truck\/#website"},"primaryImageOfPage":{"@id":"https:\/\/www.krafthand.de\/truck\/artikel\/neuer-montagewagen-von-wuerth-39825\/#primaryimage"},"image":{"@id":"https:\/\/www.krafthand.de\/truck\/artikel\/neuer-montagewagen-von-wuerth-39825\/#primaryimage"},"thumbnailUrl":"https:\/\/static.krafthand-truck.de\/uploads\/2024\/05\/Wuerth_Montagewagen_RB1_Lkw_Betterie.jpg","datePublished":"2024-05-29T05:45:06+00:00","dateModified":"2024-05-29T07:34:49+00:00","author":{"@id":"https:\/\/www.krafthand.de\/truck\/#\/schema\/person\/51fa80b1c57034c4bf63f9f988fc24ce"},"description":"W\u00fcrth hat mit dem Montagewagen RB1 ein neu entwickeltes Hebewerkzeug f\u00fcr Lkw-Batterien oder Katalysatoren im Programm.","breadcrumb":{"@id":"https:\/\/www.krafthand.de\/truck\/artikel\/neuer-montagewagen-von-wuerth-39825\/#breadcrumb"},"inLanguage":"de","potentialAction":[{"@type":"ReadAction","target":["https:\/\/www.krafthand.de\/truck\/artikel\/neuer-montagewagen-von-wuerth-39825\/"]}]},{"@type":"ImageObject","inLanguage":"de","@id":"https:\/\/www.krafthand.de\/truck\/artikel\/neuer-montagewagen-von-wuerth-39825\/#primaryimage","url":"https:\/\/static.krafthand-truck.de\/uploads\/2024\/05\/Wuerth_Montagewagen_RB1_Lkw_Betterie.jpg","contentUrl":"https:\/\/static.krafthand-truck.de\/uploads\/2024\/05\/Wuerth_Montagewagen_RB1_Lkw_Betterie.jpg","width":800,"height":1048},{"@type":"BreadcrumbList","@id":"https:\/\/www.krafthand.de\/truck\/artikel\/neuer-montagewagen-von-wuerth-39825\/#breadcrumb","itemListElement":[{"@type":"ListItem","position":1,"name":"Krafthand-Truck","item":"https:\/\/www.krafthand.de\/truck\/"},{"@type":"ListItem","position":2,"name":"Nfz-Service","item":"https:\/\/www.krafthand.de\/truck\/kategorie\/nfz-service\/"},{"@type":"ListItem","position":3,"name":"Werkstattausr\u00fcstung","item":"https:\/\/www.krafthand.de\/truck\/kategorie\/nfz-service\/werkstattausruestung\/"},{"@type":"ListItem","position":4,"name":"Neuer Montagewagen von W\u00fcrth f\u00fcr schwere Lkw-Batterien"}]},{"@type":"WebSite","@id":"https:\/\/www.krafthand.de\/truck\/#website","url":"https:\/\/www.krafthand.de\/truck\/","name":"Krafthand-Truck","description":"","potentialAction":[{"@type":"SearchAction","target":{"@type":"EntryPoint","urlTemplate":"https:\/\/www.krafthand.de\/truck\/?s={search_term_string}"},"query-input":{"@type":"PropertyValueSpecification","valueRequired":true,"valueName":"search_term_string"}}],"inLanguage":"de"},{"@type":"Person","@id":"https:\/\/www.krafthand.de\/truck\/#\/schema\/person\/51fa80b1c57034c4bf63f9f988fc24ce","name":"georg.blenk@krafthand-medien.de","image":{"@type":"ImageObject","inLanguage":"de","@id":"https:\/\/secure.gravatar.com\/avatar\/93713c30affe0aa95d3a4130e499bb1abee2eb31adbdd9ce2aa1543538490215?s=96&d=mm&r=g","url":"https:\/\/secure.gravatar.com\/avatar\/93713c30affe0aa95d3a4130e499bb1abee2eb31adbdd9ce2aa1543538490215?s=96&d=mm&r=g","contentUrl":"https:\/\/secure.gravatar.com\/avatar\/93713c30affe0aa95d3a4130e499bb1abee2eb31adbdd9ce2aa1543538490215?s=96&d=mm&r=g","caption":"georg.blenk@krafthand-medien.de"}}]}},"_links":{"self":[{"href":"https:\/\/www.krafthand.de\/truck\/wp-json\/wp\/v2\/posts\/39825","targetHints":{"allow":["GET"]}}],"collection":[{"href":"https:\/\/www.krafthand.de\/truck\/wp-json\/wp\/v2\/posts"}],"about":[{"href":"https:\/\/www.krafthand.de\/truck\/wp-json\/wp\/v2\/types\/post"}],"author":[{"embeddable":true,"href":"https:\/\/www.krafthand.de\/truck\/wp-json\/wp\/v2\/users\/9"}],"replies":[{"embeddable":true,"href":"https:\/\/www.krafthand.de\/truck\/wp-json\/wp\/v2\/comments?post=39825"}],"version-history":[{"count":3,"href":"https:\/\/www.krafthand.de\/truck\/wp-json\/wp\/v2\/posts\/39825\/revisions"}],"predecessor-version":[{"id":39829,"href":"https:\/\/www.krafthand.de\/truck\/wp-json\/wp\/v2\/posts\/39825\/revisions\/39829"}],"wp:featuredmedia":[{"embeddable":true,"href":"https:\/\/www.krafthand.de\/truck\/wp-json\/wp\/v2\/media\/39827"}],"wp:attachment":[{"href":"https:\/\/www.krafthand.de\/truck\/wp-json\/wp\/v2\/media?parent=39825"}],"wp:term":[{"taxonomy":"category","embeddable":true,"href":"https:\/\/www.krafthand.de\/truck\/wp-json\/wp\/v2\/categories?post=39825"},{"taxonomy":"post_tag","embeddable":true,"href":"https:\/\/www.krafthand.de\/truck\/wp-json\/wp\/v2\/tags?post=39825"},{"taxonomy":"settings","embeddable":true,"href":"https:\/\/www.krafthand.de\/truck\/wp-json\/wp\/v2\/settings?post=39825"}],"curies":[{"name":"wp","href":"https:\/\/api.w.org\/{rel}","templated":true}]}}