{"id":39795,"date":"2024-05-29T08:44:59","date_gmt":"2024-05-29T06:44:59","guid":{"rendered":"https:\/\/www.krafthand.de\/truck\/?p=39795"},"modified":"2024-05-29T08:44:59","modified_gmt":"2024-05-29T06:44:59","slug":"wenn-man-fragen-hat-moechte-man-nicht-lange-nach-einem-ansprechpartner-suchen","status":"publish","type":"post","link":"https:\/\/www.krafthand.de\/truck\/artikel\/wenn-man-fragen-hat-moechte-man-nicht-lange-nach-einem-ansprechpartner-suchen-39795\/","title":{"rendered":"\u201eWenn man Fragen hat, m\u00f6chte man nicht lange nach einem Ansprechpartner suchen.\u201c"},"content":{"rendered":"<p>Die MAHLE Aftermarket GmbH bietet f\u00fcr Lkw-Werkst\u00e4tten ein umfassendes Portfolio an Ersatzteilen und Systemkomponenten an. Dazu geh\u00f6ren Motorenteile, Turbolader, Filtersysteme, Dichtungen, Starter und Generatoren sowie Komponenten aus dem Bereich Motork\u00fchlung und Klimatisierung (Thermomanagement) f\u00fcr s\u00e4mtliche namhafte Lkw-Hersteller. Zu den Marken geh\u00f6ren unter anderen Mahle Original, Knecht-Filter, Behr und die Werkstattausr\u00fcstermarken MAHLE und Brain Bee. Auf Basis dieser Aftermarket-Kompetenz entstand 2014 die Business-Unit <a href=\"https:\/\/www.servicesolutions.mahle.com\/eu\/de\/\" target=\"_blank\" rel=\"noopener\">MAHLE Service-Solutions<\/a> mit mehreren europ\u00e4ischen Standorten, unter anderem in Donaueschingen. Der Fokus im Nfz-Bereich liegt auf Klimaservicestationen, Abgastestger\u00e4ten und Partikelz\u00e4hlern. Hinzu kommen Drehzahlmess- und Ozon-Desinfektionsger\u00e4te, mobile S\u00e4ulenheber (nur in Nordamerika) und eine Vielzahl an Spezialwerkzeugen. Zus\u00e4tzlich ist am Standort Donaueschingen der Service, die Hotline, das Lager sowie der Vertriebsinnendienst und das Schulungs-Center beheimatet. Wir haben mit Helmut H\u00e4ussermann, Leiter Service-Solutions Donaueschingen, \u00fcber seine T\u00e4tigkeit, den Lkw-Aftermarket, \u00fcber neue Produkte sowie \u00fcber Pers\u00f6nliches gesprochen.<\/p>\n<p class=\"text-question\">Herr H\u00e4ussermann, Sie sind seit Mai 2021 in Donaueschingen Leiter Service-Solutions bei MAHLE Aftermarket. Welche Rolle spielt dabei das Nutzfahrzeug-Segment?<\/p><p class=\"text-answer\"><\/p>\n<figure id=\"attachment_39805\" aria-describedby=\"caption-attachment-39805\" style=\"width: 420px\" class=\"wp-caption alignleft\"><a href=\"https:\/\/static.krafthand-truck.de\/uploads\/2024\/05\/MAHLE_Lkw_Aftermarket_Portfolio.jpg\" target=\"_blank\" rel=\"noopener\"><img fetchpriority=\"high\" decoding=\"async\" class=\"wp-image-39805\" src=\"https:\/\/static.krafthand-truck.de\/uploads\/2024\/05\/MAHLE_Lkw_Aftermarket_Portfolio-300x210.jpg\" alt=\"\" width=\"420\" height=\"294\" srcset=\"https:\/\/static.krafthand-truck.de\/uploads\/2024\/05\/MAHLE_Lkw_Aftermarket_Portfolio-300x210.jpg 300w, https:\/\/static.krafthand-truck.de\/uploads\/2024\/05\/MAHLE_Lkw_Aftermarket_Portfolio-1024x717.jpg 1024w, https:\/\/static.krafthand-truck.de\/uploads\/2024\/05\/MAHLE_Lkw_Aftermarket_Portfolio-768x538.jpg 768w, https:\/\/static.krafthand-truck.de\/uploads\/2024\/05\/MAHLE_Lkw_Aftermarket_Portfolio.jpg 1200w\" sizes=\"(max-width: 420px) 100vw, 420px\" \/><\/a><figcaption id=\"caption-attachment-39805\" class=\"wp-caption-text\">MAHLE hat f\u00fcr Lkw ein breites Produktsortiment rund um Motorenteile, Dichtungen, Filter, Starter und Generatoren, Motork\u00fchlung &amp; Klimatisierung, sowie E-Mobilit\u00e4t &amp; Elektronik im Angebot.<\/figcaption><\/figure>\n<p>Das Nutzfahrzeugsegment spielt bei uns eine wichtige Rolle. Wir bieten entsprechende Modellvarianten unserer Produkte f\u00fcr den Nfz-Markt an. Ich m\u00f6chte hier speziell die Datenbank f\u00fcr Nutzfahrzeuge hervorheben, die auf unseren Produkten vorinstalliert ist. So geben beispielsweise unsere Klimaserviceger\u00e4te immer die korrekte F\u00fcllmenge f\u00fcr die jeweiligen Fahrzeuge an. Dar\u00fcber hinaus haben wir verl\u00e4ngerte Schl\u00e4uche und gro\u00dfe K\u00e4ltemittelflasche f\u00fcr unsere Ger\u00e4te, um den schwierigen Zugang wie zum Beispiel zu Dachklimager\u00e4ten zu vereinfachen. Mit unserem breiten Produktportfolio, wir sprechen von 14 verschiedenen Ger\u00e4tevarianten f\u00fcr den Bereich Klima- und Abgasservice, werden wir den spezifischen Anforderungen von Nutzfahrzeugen und Sondermaschinen gerecht und sind daher der ideale Partner f\u00fcr Nutzfahrzeug-Werkst\u00e4tten. Zudem verfolgen wir eine konsequente Digitalisierungs- und Automatisierungsstrategie in der Logistik mit besonderen Vorteilen f\u00fcr Nutzfahrzeugkunden. So wollen wir unsere Kunden noch schneller und g\u00fcnstiger mit Ger\u00e4ten und Ersatzteilen beliefern und so Verz\u00f6gerungen und Stillst\u00e4nde absolut zu vermeiden.<\/p>\n<p class=\"text-question\">Wir gro\u00df ist Ihr Team und welche M\u00e4rkte bedienen Sie?<\/p><p class=\"text-answer\"><\/p>\n<p>Am Standort Donaueschingen arbeiten insgesamt 20 Mitarbeiterinnen und Mitarbeiter, aufgeteilt auf unser Serviceteam (Hotline, Trainings, Onlineschulungen und Vor-Ort-Service), das Vertriebsteam sowie speziell dem Customer-Care-Service. Wir bedienen von Donaueschingen aus die M\u00e4rkte Deutschland, \u00d6sterreich und Schweiz sowie die Beneluxstaaten.<\/p>\n<blockquote class=\"khm-quote\"><p>Ich versuche immer auf Augenh\u00f6he zu agieren und packe als Chef proaktiv mit an.<\/p><\/blockquote>\n<p class=\"text-question\">Wie w\u00fcrden Sie Ihren F\u00fchrungsstil beschreiben?<\/p><p class=\"text-answer\"><\/p>\n<p>Bei MAHLE stehen die Menschen immer an erster Stelle. Sie sind der wichtigste Faktor, wenn wir unsere Unternehmensziele erreichen und unsere Position als starker und verl\u00e4sslicher Partner f\u00fcr die freien Werkst\u00e4tten weiter st\u00e4rken wollen. Daher versuche ich immer auf Augenh\u00f6he zu agieren und packe auch als Chef proaktiv mit an. Dar\u00fcber hinaus setze ich mich f\u00fcr einen offenen Austausch ein. Meine Mitarbeiterinnen und Mitarbeiter k\u00f6nnen jederzeit mit ihrem Anliegen zu mir kommen. So schaffe ich Vertrauen und kann jeden Einzelnen richtig f\u00f6rdern, aber auch fordern. Es muss Transparenz herrschen, was die Aufgaben und Verantwortlichkeiten betrifft. Wenn jeder im Team seine eigenen Verantwortlichkeiten und die der anderen kennt, minimiert man das Risiko von Ineffizienz. So k\u00f6nnen wir uns als Team auf die wichtigste Aufgabe konzentrieren: Kundenn\u00e4he schaffen und den Bed\u00fcrfnissen gerecht werden.<\/p>\n<p class=\"text-question\">Es geht um Werkstattausr\u00fcstung. Welche Themen, welche Ger\u00e4te spielen bei MAHLE im Nfz-Bereich die Hauptrolle?<\/p><p class=\"text-answer\"><\/p>\n<figure id=\"attachment_39808\" aria-describedby=\"caption-attachment-39808\" style=\"width: 420px\" class=\"wp-caption alignright\"><a href=\"https:\/\/static.krafthand-truck.de\/uploads\/2024\/05\/MAHLE_Klimaservicegeraet_Arctic_Pro_Nfz.jpg\" target=\"_blank\" rel=\"noopener\"><img decoding=\"async\" class=\"wp-image-39808\" src=\"https:\/\/static.krafthand-truck.de\/uploads\/2024\/05\/MAHLE_Klimaservicegeraet_Arctic_Pro_Nfz-300x213.jpg\" alt=\"\" width=\"420\" height=\"299\" srcset=\"https:\/\/static.krafthand-truck.de\/uploads\/2024\/05\/MAHLE_Klimaservicegeraet_Arctic_Pro_Nfz-300x213.jpg 300w, https:\/\/static.krafthand-truck.de\/uploads\/2024\/05\/MAHLE_Klimaservicegeraet_Arctic_Pro_Nfz-1024x728.jpg 1024w, https:\/\/static.krafthand-truck.de\/uploads\/2024\/05\/MAHLE_Klimaservicegeraet_Arctic_Pro_Nfz-768x546.jpg 768w, https:\/\/static.krafthand-truck.de\/uploads\/2024\/05\/MAHLE_Klimaservicegeraet_Arctic_Pro_Nfz.jpg 1200w\" sizes=\"(max-width: 420px) 100vw, 420px\" \/><\/a><figcaption id=\"caption-attachment-39808\" class=\"wp-caption-text\">Das Klimaserviceger\u00e4t ACX 380 aus der ArcticPRO-Reihe.<\/figcaption><\/figure>\n<p>Genau wie in allen anderen Bereichen k\u00f6nnen sich unsere Kunden im Nutzfahrzeugsegment auf unser Know-how und die breite Expertise verlassen. Ein Erfolgsfaktor ist dabei unsere Erstausr\u00fcsterkompetenz bei nahezu allen Fahrzeugherstellern, in allen Fahrzeugsegmenten und Produktgruppen. Die zwei Themen, die bei MAHLE im Nfz-Bereich eine gro\u00dfe Rolle spielen, sind der Klimaservice und die Abgasmessung. Die Modellreihe ArcticPRO von MAHLE f\u00fcr den Klimaservice bietet Einsteiger-, Profi- und Premium-Modelle f\u00fcr die K\u00e4ltemittel R134a und R1234yf f\u00fcr Nutzfahrzeuge. Die Ger\u00e4te sind mit einer USB-Schnittstelle, WiFi, oder Bluetooth f\u00fcr die Ferndiagnose ausgestattet. Die Produktpalette unserer EmissionPRO-Serie erf\u00fcllt alle Anforderungen an die Abgaspr\u00fcfung und umfasst Gasanalysatoren und Tr\u00fcbungsmesser zur \u00dcberwachung der Abgassysteme von Benzin- und Dieselmotoren. Im Programm haben wir unter anderem den Partikelz\u00e4hler PMU 400, der den neuesten Pr\u00fcfregularien entspricht. Dank der eingesetzten Kondensations-Partikelz\u00e4hlung (CPC-Technologie) lassen sich einzelne Nanopartikel im Abgasstrom selbst bei niedrigen Konzentrationen pr\u00e4zise messen. Alle Ger\u00e4te der EmissionPRO-Serie sind f\u00fcr amtliche Pr\u00fcfungen und f\u00fcr die Analyse der Zusammensetzung der Emissionen geeignet.<\/p>\n<p class=\"text-question\">Wie sieht die Zusammenarbeit mit den Teileexperten von MAHLE-Aftermarket aus?<\/p><p class=\"text-answer\"><\/p>\n<p>\u201aOne MAHLE, One Team\u2018, diesen Gedanken leben wir. Wie genau sieht das in der Praxis aus? Wenn man Fragen zu einem Produkt hat, m\u00f6chte man nicht lange nach dem richtigen Ansprechpartner suchen. Daher gib es bei uns nur eine Rufnummer, die technische Hotline. Hier bekommen unsere Kunden alle Antworten auf ihre offenen Fragen zu unseren Fahrzeugersatzteilen und zur Werkstattausr\u00fcstung. Aber auch auf Messen und anderen Veranstaltungen findet eine enge Zusammenarbeit zwischen den Teileexperten und dem Service-Solutions Team statt. Wir treten nach au\u00dfen hin immer gemeinsam auf.<\/p>\n<p class=\"text-question\">Neben der Werkstattausr\u00fcstung bietet MAHLE Service-Solutions weitere Dienstleistungen an. Welche sind das?<\/p><p class=\"text-answer\"><\/p>\n<figure id=\"attachment_39810\" aria-describedby=\"caption-attachment-39810\" style=\"width: 420px\" class=\"wp-caption alignleft\"><a href=\"https:\/\/static.krafthand-truck.de\/uploads\/2024\/05\/MAHLE_Aftermarket_Schulungen.jpg\" target=\"_blank\" rel=\"noopener\"><img decoding=\"async\" class=\"wp-image-39810\" src=\"https:\/\/static.krafthand-truck.de\/uploads\/2024\/05\/MAHLE_Aftermarket_Schulungen-300x200.jpg\" alt=\"\" width=\"420\" height=\"280\" srcset=\"https:\/\/static.krafthand-truck.de\/uploads\/2024\/05\/MAHLE_Aftermarket_Schulungen-300x200.jpg 300w, https:\/\/static.krafthand-truck.de\/uploads\/2024\/05\/MAHLE_Aftermarket_Schulungen-1024x683.jpg 1024w, https:\/\/static.krafthand-truck.de\/uploads\/2024\/05\/MAHLE_Aftermarket_Schulungen-768x512.jpg 768w, https:\/\/static.krafthand-truck.de\/uploads\/2024\/05\/MAHLE_Aftermarket_Schulungen.jpg 1200w\" sizes=\"(max-width: 420px) 100vw, 420px\" \/><\/a><figcaption id=\"caption-attachment-39810\" class=\"wp-caption-text\">MAHLE-Aftermarket bietet ein umfangreiches Schulungsangebot an.<\/figcaption><\/figure>\n<p>Die Werkstattausr\u00fcstung ist quasi die Hardware. Dar\u00fcber hinaus bieten wir von der Erstinbetriebnahme, \u00fcber regelm\u00e4\u00dfigen Service bis hin zu Online-Trainings unseren Kunden ein Rundum-sorglos-Paket an \u2013 vom Sachkundenachweis f\u00fcr Klimaanlagen, \u00fcber Kalibrier- und Reparatur-Schulungen bis hin zur genannten Technischen Hotline. Au\u00dferdem sind unsere Ger\u00e4te Wlan-f\u00e4hig. So k\u00f6nnen wir uns direkt darauf schalten und eine Soforthilfe (Remote Service) anbieten.<\/p>\n<p class=\"text-question\">Die Entwicklung, speziell im Nfz-Bereich geht stark in Richtung batterieelektrischer Antrieb und Brennstoffzelle. Wir wirkt sich das auf die Diagnosetechnik aus?<\/p><p class=\"text-answer\"><\/p>\n<p>MAHLE-Aftermarket ist bereit f\u00fcr die E-Mobilit\u00e4t. Das Angebot von L\u00f6sungen f\u00fcr batterieelektrische- und andere Antriebe in Nutzfahrzeugen jenseits des Verbrennungsmotors wird konsequent ausgebaut. Mit L\u00f6sungen wie dem BatteryPRO Service-Solutions Portfolio und weiteren New-Mobility-Ans\u00e4tzen im Bereich Werkstattausr\u00fcstung und Parts m\u00f6chten wir die Werkst\u00e4tten fit f\u00fcr die Zukunft machen.<\/p>\n<p class=\"text-question\">Am Ende noch eine pers\u00f6nliche Frage: \u00dcber was haben Sie sich k\u00fcrzlich am meisten ge\u00e4rgert, \u00fcber was am meisten gefreut?<\/p><p class=\"text-answer\"><\/p>\n<figure id=\"attachment_39812\" aria-describedby=\"caption-attachment-39812\" style=\"width: 420px\" class=\"wp-caption alignright\"><a href=\"https:\/\/static.krafthand-truck.de\/uploads\/2024\/05\/MAHLE_Partikelzaehler.jpg\" target=\"_blank\" rel=\"noopener\"><img loading=\"lazy\" decoding=\"async\" class=\"wp-image-39812\" src=\"https:\/\/static.krafthand-truck.de\/uploads\/2024\/05\/MAHLE_Partikelzaehler-300x209.jpg\" alt=\"\" width=\"420\" height=\"292\" srcset=\"https:\/\/static.krafthand-truck.de\/uploads\/2024\/05\/MAHLE_Partikelzaehler-300x209.jpg 300w, https:\/\/static.krafthand-truck.de\/uploads\/2024\/05\/MAHLE_Partikelzaehler-1024x712.jpg 1024w, https:\/\/static.krafthand-truck.de\/uploads\/2024\/05\/MAHLE_Partikelzaehler-768x534.jpg 768w, https:\/\/static.krafthand-truck.de\/uploads\/2024\/05\/MAHLE_Partikelzaehler.jpg 1200w\" sizes=\"(max-width: 420px) 100vw, 420px\" \/><\/a><figcaption id=\"caption-attachment-39812\" class=\"wp-caption-text\">Der Kondensations-Partikelz\u00e4hler PMU 400.<\/figcaption><\/figure>\n<p>Ich habe mich \u00fcber die Art und Weise, wie die Diskussion \u00fcber das Verbot von K\u00e4ltemitteln gef\u00fchrt wird, ge\u00e4rgert. Wir bei MAHLE sind der Meinung, dass das Verbotsverfahren zu PFAS mit Augenma\u00df vorangetrieben werden soll. Gesundheitlich bedenkliche Stoffe m\u00fcssen laufend kritisch \u00fcberpr\u00fcft und gegebenenfalls auch verboten werden. Dies gilt auch f\u00fcr PFAS und sollte auf neue, noch nicht zugelassene Fahrzeugtypen Anwendung finden. Ausreichend zeitlicher Vorlauf f\u00fcr die Umsetzung und die Verf\u00fcgbarkeit von Alternativen sind dabei zentral, um den Hochlauf neuer Technologien nicht zu gef\u00e4hrden. Wartung und Ersatzteile sollten dauerhaft ausgenommen werden (\u201arepair-as-produced\u2018-Prinzip).<br \/>\nBesonders gefreut hat mich, dass wir einer der ersten auf dem Markt waren, die eine Zulassung f\u00fcr unseren Partikelz\u00e4hler (PMU400) bekommen haben und das Kundenfeedback dazu sehr positiv ausgefallen ist. Gelobt wurde vor allem, dass die Ger\u00e4te so exakte Messergebnisse liefern. Zum Schluss m\u00f6chte ich noch erw\u00e4hnen, dass ich sehr stolz auf unser Produktmanagement bin, dass sich sehr fr\u00fch um Service L\u00f6sungen f\u00fcr neue Marktanforderungen k\u00fcmmert. Dadurch haben wir eine hohe Akzeptanz und stetiges Wachstum unserer Produkte im Markt erreicht. Diesen Erfolg gilt es weiter zu schreiben.<\/p>\n<p><i>Den Beitrag finden Sie auch in der Print-Ausgabe 2-2024 der <a href=\"https:\/\/www.krafthand.de\/truck\/magazin\/\" title=\"Zum Magazin\">Krafthand-Truck<\/a>.<\/i><\/p>\r\n\t\t\t\t<div class=\"post-author\">\r\n\t\t\t\t\t<div class=\"khm-cp-author clearfix\">\r\n\t\t\t\t\t\t<div class=\"khm-cp-author__content\">\r\n\t\t\t\t\t\t\t\tKontakt zum Autor:<br \/>\r\n\t\t\t\t\t\t\t\t<strong>Georg Blenk<\/strong>, 08247 \/ 3007-45 |  <a href=\"mailto:georg.blenk@krafthand-medien.de\">georg.blenk@krafthand-medien.de<\/a>\r\n\t\t\t\t\t\t\t<div class=\"khm-cp-author__image\">\r\n\t\t\t\t\t\t<img src=\"https:\/\/static.krafthand-truck.de\/uploads\/2021\/01\/Blenk_6104-250x300-1-removebg-preview.png\" class=\"img-responsive\">\r\n\t\t\t\t\t<\/div>\r\n\t\t\t\t\t\t<\/div>\r\n\t\t\t\t\t<\/div>\r\n\t\t\t\t<\/div>\r\n\t\t\t\t","protected":false},"excerpt":{"rendered":"<p>Die MAHLE Aftermarket GmbH bietet f\u00fcr Lkw-Werkst\u00e4tten ein umfassendes Portfolio an Ersatzteilen, Systemkomponenten und Werkstattausr\u00fcstung an. Wir haben mit Helmut H\u00e4ussermann, Head of Service-Solutions bei MAHLE \u00fcber seine T\u00e4tigkeit, den Lkw-Aftermarket, \u00fcber neue Produkte sowie \u00fcber Pers\u00f6nliches gesprochen. <span class=\"excerpt-more__dots\">&#8230;<\/span> <a class=\"excerpt-more__link\" href=\"https:\/\/www.krafthand.de\/truck\/artikel\/wenn-man-fragen-hat-moechte-man-nicht-lange-nach-einem-ansprechpartner-suchen-39795\/\" >weiter<\/a><\/p>\n","protected":false},"author":9,"featured_media":39799,"comment_status":"closed","ping_status":"closed","sticky":false,"template":"","format":"standard","meta":{"footnotes":""},"categories":[4238,4220],"tags":[5955,80,1401,5186,5956],"settings":[3524,4766,3523],"class_list":["post-39795","post","type-post","status-publish","format-standard","has-post-thumbnail","hentry","category-koepfe","category-werkstattausruestung","tag-helmut-haeussermann","tag-klimaservice","tag-mahle","tag-partikelzaehler","tag-service-solutions"],"yoast_head":"<!-- This site is optimized with the Yoast SEO plugin v27.3 - https:\/\/yoast.com\/product\/yoast-seo-wordpress\/ -->\n<title>Interview mit Helmut H\u00e4ussermann I MAHLE I Krafthand-Truck<\/title>\n<meta name=\"description\" content=\"Im Gespr\u00e4ch mit Helmut H\u00e4ussermann, Head of Service-Solutions bei MAHLE \u00fcber den Nfz-Aftermarket und das Portfolio.\" \/>\n<meta name=\"robots\" content=\"index, follow, max-snippet:-1, max-image-preview:large, max-video-preview:-1\" \/>\n<link rel=\"canonical\" href=\"https:\/\/www.krafthand.de\/truck\/artikel\/wenn-man-fragen-hat-moechte-man-nicht-lange-nach-einem-ansprechpartner-suchen-39795\/\" \/>\n<meta property=\"og:locale\" content=\"de_DE\" \/>\n<meta property=\"og:type\" content=\"article\" \/>\n<meta property=\"og:title\" content=\"Interview mit Helmut H\u00e4ussermann I MAHLE I Krafthand-Truck\" \/>\n<meta property=\"og:description\" content=\"Im Gespr\u00e4ch mit Helmut H\u00e4ussermann, Head of Service-Solutions bei MAHLE \u00fcber den Nfz-Aftermarket und das Portfolio.\" \/>\n<meta property=\"og:url\" content=\"https:\/\/www.krafthand-truck.de\/artikel\/wenn-man-fragen-hat-moechte-man-nicht-lange-nach-einem-ansprechpartner-suchen-39795\/\" \/>\n<meta property=\"og:site_name\" content=\"Krafthand-Truck\" \/>\n<meta property=\"article:published_time\" content=\"2024-05-29T06:44:59+00:00\" \/>\n<meta property=\"og:image\" content=\"https:\/\/static.krafthand-truck.de\/uploads\/2024\/05\/MAHLE_Service_Solutions_Helmut_Haeussermann2.jpg\" \/>\n\t<meta property=\"og:image:width\" content=\"1200\" \/>\n\t<meta property=\"og:image:height\" content=\"622\" \/>\n\t<meta property=\"og:image:type\" content=\"image\/jpeg\" \/>\n<meta name=\"author\" content=\"georg.blenk@krafthand-medien.de\" \/>\n<meta name=\"twitter:card\" content=\"summary_large_image\" \/>\n<meta name=\"twitter:label1\" content=\"Verfasst von\" \/>\n\t<meta name=\"twitter:data1\" content=\"georg.blenk@krafthand-medien.de\" \/>\n\t<meta name=\"twitter:label2\" content=\"Gesch\u00e4tzte Lesezeit\" \/>\n\t<meta name=\"twitter:data2\" content=\"8\u00a0Minuten\" \/>\n<script type=\"application\/ld+json\" class=\"yoast-schema-graph\">{\"@context\":\"https:\\\/\\\/schema.org\",\"@graph\":[{\"@type\":\"Article\",\"@id\":\"https:\\\/\\\/www.krafthand.de\\\/truck\\\/artikel\\\/wenn-man-fragen-hat-moechte-man-nicht-lange-nach-einem-ansprechpartner-suchen-39795\\\/#article\",\"isPartOf\":{\"@id\":\"https:\\\/\\\/www.krafthand.de\\\/truck\\\/artikel\\\/wenn-man-fragen-hat-moechte-man-nicht-lange-nach-einem-ansprechpartner-suchen-39795\\\/\"},\"author\":{\"name\":\"georg.blenk@krafthand-medien.de\",\"@id\":\"https:\\\/\\\/www.krafthand.de\\\/truck\\\/#\\\/schema\\\/person\\\/51fa80b1c57034c4bf63f9f988fc24ce\"},\"headline\":\"\u201eWenn man Fragen hat, m\u00f6chte man nicht lange nach einem Ansprechpartner suchen.\u201c\",\"datePublished\":\"2024-05-29T06:44:59+00:00\",\"mainEntityOfPage\":{\"@id\":\"https:\\\/\\\/www.krafthand.de\\\/truck\\\/artikel\\\/wenn-man-fragen-hat-moechte-man-nicht-lange-nach-einem-ansprechpartner-suchen-39795\\\/\"},\"wordCount\":1326,\"image\":{\"@id\":\"https:\\\/\\\/www.krafthand.de\\\/truck\\\/artikel\\\/wenn-man-fragen-hat-moechte-man-nicht-lange-nach-einem-ansprechpartner-suchen-39795\\\/#primaryimage\"},\"thumbnailUrl\":\"https:\\\/\\\/static.krafthand-truck.de\\\/uploads\\\/2024\\\/05\\\/MAHLE_Service_Solutions_Helmut_Haeussermann2.jpg\",\"keywords\":[\"Helmut H\u00e4ussermann\",\"Klimaservice\",\"Mahle\",\"Partikelz\u00e4hler\",\"Service-Solutions\"],\"articleSection\":[\"K\u00f6pfe\\\/Personen\",\"Werkstattausr\u00fcstung\"],\"inLanguage\":\"de\"},{\"@type\":\"WebPage\",\"@id\":\"https:\\\/\\\/www.krafthand.de\\\/truck\\\/artikel\\\/wenn-man-fragen-hat-moechte-man-nicht-lange-nach-einem-ansprechpartner-suchen-39795\\\/\",\"url\":\"https:\\\/\\\/www.krafthand.de\\\/truck\\\/artikel\\\/wenn-man-fragen-hat-moechte-man-nicht-lange-nach-einem-ansprechpartner-suchen-39795\\\/\",\"name\":\"Interview mit Helmut H\u00e4ussermann I MAHLE I Krafthand-Truck\",\"isPartOf\":{\"@id\":\"https:\\\/\\\/www.krafthand.de\\\/truck\\\/#website\"},\"primaryImageOfPage\":{\"@id\":\"https:\\\/\\\/www.krafthand.de\\\/truck\\\/artikel\\\/wenn-man-fragen-hat-moechte-man-nicht-lange-nach-einem-ansprechpartner-suchen-39795\\\/#primaryimage\"},\"image\":{\"@id\":\"https:\\\/\\\/www.krafthand.de\\\/truck\\\/artikel\\\/wenn-man-fragen-hat-moechte-man-nicht-lange-nach-einem-ansprechpartner-suchen-39795\\\/#primaryimage\"},\"thumbnailUrl\":\"https:\\\/\\\/static.krafthand-truck.de\\\/uploads\\\/2024\\\/05\\\/MAHLE_Service_Solutions_Helmut_Haeussermann2.jpg\",\"datePublished\":\"2024-05-29T06:44:59+00:00\",\"author\":{\"@id\":\"https:\\\/\\\/www.krafthand.de\\\/truck\\\/#\\\/schema\\\/person\\\/51fa80b1c57034c4bf63f9f988fc24ce\"},\"description\":\"Im Gespr\u00e4ch mit Helmut H\u00e4ussermann, Head of Service-Solutions bei MAHLE \u00fcber den Nfz-Aftermarket und das Portfolio.\",\"breadcrumb\":{\"@id\":\"https:\\\/\\\/www.krafthand.de\\\/truck\\\/artikel\\\/wenn-man-fragen-hat-moechte-man-nicht-lange-nach-einem-ansprechpartner-suchen-39795\\\/#breadcrumb\"},\"inLanguage\":\"de\",\"potentialAction\":[{\"@type\":\"ReadAction\",\"target\":[\"https:\\\/\\\/www.krafthand.de\\\/truck\\\/artikel\\\/wenn-man-fragen-hat-moechte-man-nicht-lange-nach-einem-ansprechpartner-suchen-39795\\\/\"]}]},{\"@type\":\"ImageObject\",\"inLanguage\":\"de\",\"@id\":\"https:\\\/\\\/www.krafthand.de\\\/truck\\\/artikel\\\/wenn-man-fragen-hat-moechte-man-nicht-lange-nach-einem-ansprechpartner-suchen-39795\\\/#primaryimage\",\"url\":\"https:\\\/\\\/static.krafthand-truck.de\\\/uploads\\\/2024\\\/05\\\/MAHLE_Service_Solutions_Helmut_Haeussermann2.jpg\",\"contentUrl\":\"https:\\\/\\\/static.krafthand-truck.de\\\/uploads\\\/2024\\\/05\\\/MAHLE_Service_Solutions_Helmut_Haeussermann2.jpg\",\"width\":1200,\"height\":622},{\"@type\":\"BreadcrumbList\",\"@id\":\"https:\\\/\\\/www.krafthand.de\\\/truck\\\/artikel\\\/wenn-man-fragen-hat-moechte-man-nicht-lange-nach-einem-ansprechpartner-suchen-39795\\\/#breadcrumb\",\"itemListElement\":[{\"@type\":\"ListItem\",\"position\":1,\"name\":\"Krafthand-Truck\",\"item\":\"https:\\\/\\\/www.krafthand.de\\\/truck\\\/\"},{\"@type\":\"ListItem\",\"position\":2,\"name\":\"Nfz-Branche\",\"item\":\"https:\\\/\\\/www.krafthand.de\\\/truck\\\/kategorie\\\/branche\\\/\"},{\"@type\":\"ListItem\",\"position\":3,\"name\":\"K\u00f6pfe\\\/Personen\",\"item\":\"https:\\\/\\\/www.krafthand.de\\\/truck\\\/kategorie\\\/branche\\\/koepfe\\\/\"},{\"@type\":\"ListItem\",\"position\":4,\"name\":\"\u201eWenn man Fragen hat, m\u00f6chte man nicht lange nach einem Ansprechpartner suchen.\u201c\"}]},{\"@type\":\"WebSite\",\"@id\":\"https:\\\/\\\/www.krafthand.de\\\/truck\\\/#website\",\"url\":\"https:\\\/\\\/www.krafthand.de\\\/truck\\\/\",\"name\":\"Krafthand-Truck\",\"description\":\"\",\"potentialAction\":[{\"@type\":\"SearchAction\",\"target\":{\"@type\":\"EntryPoint\",\"urlTemplate\":\"https:\\\/\\\/www.krafthand.de\\\/truck\\\/?s={search_term_string}\"},\"query-input\":{\"@type\":\"PropertyValueSpecification\",\"valueRequired\":true,\"valueName\":\"search_term_string\"}}],\"inLanguage\":\"de\"},{\"@type\":\"Person\",\"@id\":\"https:\\\/\\\/www.krafthand.de\\\/truck\\\/#\\\/schema\\\/person\\\/51fa80b1c57034c4bf63f9f988fc24ce\",\"name\":\"georg.blenk@krafthand-medien.de\",\"image\":{\"@type\":\"ImageObject\",\"inLanguage\":\"de\",\"@id\":\"https:\\\/\\\/secure.gravatar.com\\\/avatar\\\/93713c30affe0aa95d3a4130e499bb1abee2eb31adbdd9ce2aa1543538490215?s=96&d=mm&r=g\",\"url\":\"https:\\\/\\\/secure.gravatar.com\\\/avatar\\\/93713c30affe0aa95d3a4130e499bb1abee2eb31adbdd9ce2aa1543538490215?s=96&d=mm&r=g\",\"contentUrl\":\"https:\\\/\\\/secure.gravatar.com\\\/avatar\\\/93713c30affe0aa95d3a4130e499bb1abee2eb31adbdd9ce2aa1543538490215?s=96&d=mm&r=g\",\"caption\":\"georg.blenk@krafthand-medien.de\"}}]}<\/script>\n<!-- \/ Yoast SEO plugin. -->","yoast_head_json":{"title":"Interview mit Helmut H\u00e4ussermann I MAHLE I Krafthand-Truck","description":"Im Gespr\u00e4ch mit Helmut H\u00e4ussermann, Head of Service-Solutions bei MAHLE \u00fcber den Nfz-Aftermarket und das Portfolio.","robots":{"index":"index","follow":"follow","max-snippet":"max-snippet:-1","max-image-preview":"max-image-preview:large","max-video-preview":"max-video-preview:-1"},"canonical":"https:\/\/www.krafthand.de\/truck\/artikel\/wenn-man-fragen-hat-moechte-man-nicht-lange-nach-einem-ansprechpartner-suchen-39795\/","og_locale":"de_DE","og_type":"article","og_title":"Interview mit Helmut H\u00e4ussermann I MAHLE I Krafthand-Truck","og_description":"Im Gespr\u00e4ch mit Helmut H\u00e4ussermann, Head of Service-Solutions bei MAHLE \u00fcber den Nfz-Aftermarket und das Portfolio.","og_url":"https:\/\/www.krafthand-truck.de\/artikel\/wenn-man-fragen-hat-moechte-man-nicht-lange-nach-einem-ansprechpartner-suchen-39795\/","og_site_name":"Krafthand-Truck","article_published_time":"2024-05-29T06:44:59+00:00","og_image":[{"width":1200,"height":622,"url":"https:\/\/static.krafthand-truck.de\/uploads\/2024\/05\/MAHLE_Service_Solutions_Helmut_Haeussermann2.jpg","type":"image\/jpeg"}],"author":"georg.blenk@krafthand-medien.de","twitter_card":"summary_large_image","twitter_misc":{"Verfasst von":"georg.blenk@krafthand-medien.de","Gesch\u00e4tzte Lesezeit":"8\u00a0Minuten"},"schema":{"@context":"https:\/\/schema.org","@graph":[{"@type":"Article","@id":"https:\/\/www.krafthand.de\/truck\/artikel\/wenn-man-fragen-hat-moechte-man-nicht-lange-nach-einem-ansprechpartner-suchen-39795\/#article","isPartOf":{"@id":"https:\/\/www.krafthand.de\/truck\/artikel\/wenn-man-fragen-hat-moechte-man-nicht-lange-nach-einem-ansprechpartner-suchen-39795\/"},"author":{"name":"georg.blenk@krafthand-medien.de","@id":"https:\/\/www.krafthand.de\/truck\/#\/schema\/person\/51fa80b1c57034c4bf63f9f988fc24ce"},"headline":"\u201eWenn man Fragen hat, m\u00f6chte man nicht lange nach einem Ansprechpartner suchen.\u201c","datePublished":"2024-05-29T06:44:59+00:00","mainEntityOfPage":{"@id":"https:\/\/www.krafthand.de\/truck\/artikel\/wenn-man-fragen-hat-moechte-man-nicht-lange-nach-einem-ansprechpartner-suchen-39795\/"},"wordCount":1326,"image":{"@id":"https:\/\/www.krafthand.de\/truck\/artikel\/wenn-man-fragen-hat-moechte-man-nicht-lange-nach-einem-ansprechpartner-suchen-39795\/#primaryimage"},"thumbnailUrl":"https:\/\/static.krafthand-truck.de\/uploads\/2024\/05\/MAHLE_Service_Solutions_Helmut_Haeussermann2.jpg","keywords":["Helmut H\u00e4ussermann","Klimaservice","Mahle","Partikelz\u00e4hler","Service-Solutions"],"articleSection":["K\u00f6pfe\/Personen","Werkstattausr\u00fcstung"],"inLanguage":"de"},{"@type":"WebPage","@id":"https:\/\/www.krafthand.de\/truck\/artikel\/wenn-man-fragen-hat-moechte-man-nicht-lange-nach-einem-ansprechpartner-suchen-39795\/","url":"https:\/\/www.krafthand.de\/truck\/artikel\/wenn-man-fragen-hat-moechte-man-nicht-lange-nach-einem-ansprechpartner-suchen-39795\/","name":"Interview mit Helmut H\u00e4ussermann I MAHLE I Krafthand-Truck","isPartOf":{"@id":"https:\/\/www.krafthand.de\/truck\/#website"},"primaryImageOfPage":{"@id":"https:\/\/www.krafthand.de\/truck\/artikel\/wenn-man-fragen-hat-moechte-man-nicht-lange-nach-einem-ansprechpartner-suchen-39795\/#primaryimage"},"image":{"@id":"https:\/\/www.krafthand.de\/truck\/artikel\/wenn-man-fragen-hat-moechte-man-nicht-lange-nach-einem-ansprechpartner-suchen-39795\/#primaryimage"},"thumbnailUrl":"https:\/\/static.krafthand-truck.de\/uploads\/2024\/05\/MAHLE_Service_Solutions_Helmut_Haeussermann2.jpg","datePublished":"2024-05-29T06:44:59+00:00","author":{"@id":"https:\/\/www.krafthand.de\/truck\/#\/schema\/person\/51fa80b1c57034c4bf63f9f988fc24ce"},"description":"Im Gespr\u00e4ch mit Helmut H\u00e4ussermann, Head of Service-Solutions bei MAHLE \u00fcber den Nfz-Aftermarket und das Portfolio.","breadcrumb":{"@id":"https:\/\/www.krafthand.de\/truck\/artikel\/wenn-man-fragen-hat-moechte-man-nicht-lange-nach-einem-ansprechpartner-suchen-39795\/#breadcrumb"},"inLanguage":"de","potentialAction":[{"@type":"ReadAction","target":["https:\/\/www.krafthand.de\/truck\/artikel\/wenn-man-fragen-hat-moechte-man-nicht-lange-nach-einem-ansprechpartner-suchen-39795\/"]}]},{"@type":"ImageObject","inLanguage":"de","@id":"https:\/\/www.krafthand.de\/truck\/artikel\/wenn-man-fragen-hat-moechte-man-nicht-lange-nach-einem-ansprechpartner-suchen-39795\/#primaryimage","url":"https:\/\/static.krafthand-truck.de\/uploads\/2024\/05\/MAHLE_Service_Solutions_Helmut_Haeussermann2.jpg","contentUrl":"https:\/\/static.krafthand-truck.de\/uploads\/2024\/05\/MAHLE_Service_Solutions_Helmut_Haeussermann2.jpg","width":1200,"height":622},{"@type":"BreadcrumbList","@id":"https:\/\/www.krafthand.de\/truck\/artikel\/wenn-man-fragen-hat-moechte-man-nicht-lange-nach-einem-ansprechpartner-suchen-39795\/#breadcrumb","itemListElement":[{"@type":"ListItem","position":1,"name":"Krafthand-Truck","item":"https:\/\/www.krafthand.de\/truck\/"},{"@type":"ListItem","position":2,"name":"Nfz-Branche","item":"https:\/\/www.krafthand.de\/truck\/kategorie\/branche\/"},{"@type":"ListItem","position":3,"name":"K\u00f6pfe\/Personen","item":"https:\/\/www.krafthand.de\/truck\/kategorie\/branche\/koepfe\/"},{"@type":"ListItem","position":4,"name":"\u201eWenn man Fragen hat, m\u00f6chte man nicht lange nach einem Ansprechpartner suchen.\u201c"}]},{"@type":"WebSite","@id":"https:\/\/www.krafthand.de\/truck\/#website","url":"https:\/\/www.krafthand.de\/truck\/","name":"Krafthand-Truck","description":"","potentialAction":[{"@type":"SearchAction","target":{"@type":"EntryPoint","urlTemplate":"https:\/\/www.krafthand.de\/truck\/?s={search_term_string}"},"query-input":{"@type":"PropertyValueSpecification","valueRequired":true,"valueName":"search_term_string"}}],"inLanguage":"de"},{"@type":"Person","@id":"https:\/\/www.krafthand.de\/truck\/#\/schema\/person\/51fa80b1c57034c4bf63f9f988fc24ce","name":"georg.blenk@krafthand-medien.de","image":{"@type":"ImageObject","inLanguage":"de","@id":"https:\/\/secure.gravatar.com\/avatar\/93713c30affe0aa95d3a4130e499bb1abee2eb31adbdd9ce2aa1543538490215?s=96&d=mm&r=g","url":"https:\/\/secure.gravatar.com\/avatar\/93713c30affe0aa95d3a4130e499bb1abee2eb31adbdd9ce2aa1543538490215?s=96&d=mm&r=g","contentUrl":"https:\/\/secure.gravatar.com\/avatar\/93713c30affe0aa95d3a4130e499bb1abee2eb31adbdd9ce2aa1543538490215?s=96&d=mm&r=g","caption":"georg.blenk@krafthand-medien.de"}}]}},"_links":{"self":[{"href":"https:\/\/www.krafthand.de\/truck\/wp-json\/wp\/v2\/posts\/39795","targetHints":{"allow":["GET"]}}],"collection":[{"href":"https:\/\/www.krafthand.de\/truck\/wp-json\/wp\/v2\/posts"}],"about":[{"href":"https:\/\/www.krafthand.de\/truck\/wp-json\/wp\/v2\/types\/post"}],"author":[{"embeddable":true,"href":"https:\/\/www.krafthand.de\/truck\/wp-json\/wp\/v2\/users\/9"}],"replies":[{"embeddable":true,"href":"https:\/\/www.krafthand.de\/truck\/wp-json\/wp\/v2\/comments?post=39795"}],"version-history":[{"count":16,"href":"https:\/\/www.krafthand.de\/truck\/wp-json\/wp\/v2\/posts\/39795\/revisions"}],"predecessor-version":[{"id":39817,"href":"https:\/\/www.krafthand.de\/truck\/wp-json\/wp\/v2\/posts\/39795\/revisions\/39817"}],"wp:featuredmedia":[{"embeddable":true,"href":"https:\/\/www.krafthand.de\/truck\/wp-json\/wp\/v2\/media\/39799"}],"wp:attachment":[{"href":"https:\/\/www.krafthand.de\/truck\/wp-json\/wp\/v2\/media?parent=39795"}],"wp:term":[{"taxonomy":"category","embeddable":true,"href":"https:\/\/www.krafthand.de\/truck\/wp-json\/wp\/v2\/categories?post=39795"},{"taxonomy":"post_tag","embeddable":true,"href":"https:\/\/www.krafthand.de\/truck\/wp-json\/wp\/v2\/tags?post=39795"},{"taxonomy":"settings","embeddable":true,"href":"https:\/\/www.krafthand.de\/truck\/wp-json\/wp\/v2\/settings?post=39795"}],"curies":[{"name":"wp","href":"https:\/\/api.w.org\/{rel}","templated":true}]}}