{"id":39767,"date":"2024-05-22T10:05:12","date_gmt":"2024-05-22T08:05:12","guid":{"rendered":"https:\/\/www.krafthand.de\/truck\/?p=39767"},"modified":"2024-05-22T10:07:23","modified_gmt":"2024-05-22T08:07:23","slug":"eine-starke-verbindung-die-zusammenarbeit-der-wm-se-mit-welte","status":"publish","type":"post","link":"https:\/\/www.krafthand.de\/truck\/artikel\/eine-starke-verbindung-die-zusammenarbeit-der-wm-se-mit-welte-39767\/","title":{"rendered":"Eine starke Verbindung: Die Zusammenarbeit der WM SE mit Welte"},"content":{"rendered":"<p>Der Nutzfahrzeug-Teilemarkt entwickelt sich hochdynamisch. Ver\u00e4nderungen in der globalen Marktstruktur erfordern immer schnellere Reaktionszeiten Zugleich f\u00fchrt die fortschreitende Konsolidierung des Marktes dazu, dass Unternehmen starke Partner ben\u00f6tigen, um im weltweiten Wettbewerb bestehen zu k\u00f6nnen. Wie agil Lieferanten reagieren und auf welche L\u00f6sungen sie setzen, ist von entscheidender Bedeutung. Wir haben mit Diana R\u00fcbsam, Vertriebsleiterin im Bereich NKW beim Gro\u00dfh\u00e4ndler <a href=\"https:\/\/www.wm.de\" target=\"_blank\" rel=\"noopener\">WM SE<\/a>, \u00fcber den Nutzfahrzeug-Teilemarkt und die Zusammenarbeit mit dem Gelenkwellen-Spezialisten <a href=\"https:\/\/www.welte-group.com\" target=\"_blank\" rel=\"noopener\">Welte<\/a> gesprochen.<\/p>\n<h3>Frau R\u00fcbsam, der Nfz-Teilemarkt ist stark in Bewegung. Hat sich auch das Bestellverhalten der Kunden ver\u00e4ndert?<\/h3>\n<figure id=\"attachment_39772\" aria-describedby=\"caption-attachment-39772\" style=\"width: 260px\" class=\"wp-caption alignright\"><a href=\"https:\/\/static.krafthand-truck.de\/uploads\/2024\/05\/WM_SE_Diana_Ruebsam_Ulf_Kueck_Welte_Teilehandel_Lkw.jpg\" target=\"_blank\" rel=\"noopener\"><img fetchpriority=\"high\" decoding=\"async\" class=\"wp-image-39772\" src=\"https:\/\/static.krafthand-truck.de\/uploads\/2024\/05\/WM_SE_Diana_Ruebsam_Ulf_Kueck_Welte_Teilehandel_Lkw-206x300.jpg\" alt=\"\" width=\"260\" height=\"378\" srcset=\"https:\/\/static.krafthand-truck.de\/uploads\/2024\/05\/WM_SE_Diana_Ruebsam_Ulf_Kueck_Welte_Teilehandel_Lkw-206x300.jpg 206w, https:\/\/static.krafthand-truck.de\/uploads\/2024\/05\/WM_SE_Diana_Ruebsam_Ulf_Kueck_Welte_Teilehandel_Lkw-704x1024.jpg 704w, https:\/\/static.krafthand-truck.de\/uploads\/2024\/05\/WM_SE_Diana_Ruebsam_Ulf_Kueck_Welte_Teilehandel_Lkw-768x1117.jpg 768w, https:\/\/static.krafthand-truck.de\/uploads\/2024\/05\/WM_SE_Diana_Ruebsam_Ulf_Kueck_Welte_Teilehandel_Lkw.jpg 800w\" sizes=\"(max-width: 260px) 100vw, 260px\" \/><\/a><figcaption id=\"caption-attachment-39772\" class=\"wp-caption-text\">Diana R\u00fcbsam zusammen mit Ulf K\u00fcck, Gesch\u00e4ftsf\u00fchrer der Welte Cardan-Service GmbH.<em> \u201eWelte unterst\u00fctzt uns auch mit seiner IT-Expertise\u201c<\/em>, so R\u00fcbsam. Bild: WM SE<\/figcaption><\/figure>\n<p>Gerade im Nutzfahrzeugbereich gestaltet sich das Bestellverhalten eher noch klassisch. Das hei\u00dft, es wird weiterhin sehr viel per Telefon bestellt. Viele Nfz-Werkst\u00e4tten setzen auf ihre vertrauten Ansprechpartner im Innendienst. Da bietet sich der Griff zum Telefonh\u00f6rer an, es ist der pers\u00f6nlichste und mitunter schnellste Weg. Jedoch w\u00e4chst die Zahl der Online-Bestellungen stetig. Gerade gr\u00f6\u00dfere Betriebe mit eigenen Eink\u00e4ufern nutzen die M\u00f6glichkeit, ihre Bestellungen digital abzuwickeln. Wir schaffen die Voraussetzungen, diesen Prozess so bequem wie m\u00f6glich zu gestalten. Zum Beispiel haben wir im Online-Teilekatalog WMKAT+ ein Programm mit der Bezeichnung \u201amyTruck\u2018 \u2013 integriert. Mit der Anwendung lassen sich Ersatzteile der wichtigsten Teilehersteller identifizieren und die Artikelnummern aufschl\u00fcsseln. Der Kunde kann auch mit der Fahrgestellnummer die Ersatzteile anhand von Explosionszeichnungen ausw\u00e4hlen. Die Verf\u00fcgbarkeit im Zentrallager oder im lokalen Verkaufshaus wird sofort angezeigt. Zus\u00e4tzlich ist es m\u00f6glich bei gewissen Achsherstellern \u00fcber die Achsnummer entsprechende Ersatzteile herauszusuchen. Kurzum: Wir bauen den digitalen Bereich kontinuierlich aus und stellen auch entsprechende Schnittstellen zur Verf\u00fcgung. Unter anderem unterst\u00fctzt uns der Spezialist f\u00fcr Gelenk- und Kardanwellen Welte mit seiner IT-Expertise dabei.<\/p>\n<h3>Wie kann man sich den Support von Welte vorstellen?<\/h3>\n<p>Besonders im Bereich der Online-Integration erweist sich Welte als \u00e4u\u00dferst hilfreich f\u00fcr uns. Die gr\u00f6\u00dfte Herausforderung besteht darin, branchenweit einheitliche Standards zu etablieren. Es werden im Markt eine Vielzahl unterschiedlicher Plattformen und ERP-Systeme genutzt, was die Integration von Informationen entsprechend erschwert. Daraus ergibt sich, dass wir um individuell programmierte Schnittstellen h\u00e4ufig nicht herumkommen. Welte kann auf ein leistungsstarkes Netzwerk von IT-Spezialisten zur\u00fcckgreifen und jede Schnittstelle auf beiden Seiten ma\u00dfgeschneidert anpassen. Zum Beispiel ist die TecCom-Anbindung gerade im Nfz-Bereich enorm wichtig.<\/p>\n<h3>Gibt es Unterschiede zwischen den Ersatzteilm\u00e4rkten f\u00fcr Pkw, Nutzfahrzeuge und Busse?<\/h3>\n<figure id=\"attachment_39774\" aria-describedby=\"caption-attachment-39774\" style=\"width: 420px\" class=\"wp-caption alignleft\"><a href=\"https:\/\/static.krafthand-truck.de\/uploads\/2024\/05\/WM_SE_Teilehandel_WMKat_Lkw_Welte.jpg\" target=\"_blank\" rel=\"noopener\"><img decoding=\"async\" class=\"wp-image-39774\" src=\"https:\/\/static.krafthand-truck.de\/uploads\/2024\/05\/WM_SE_Teilehandel_WMKat_Lkw_Welte-300x221.jpg\" alt=\"\" width=\"420\" height=\"309\" srcset=\"https:\/\/static.krafthand-truck.de\/uploads\/2024\/05\/WM_SE_Teilehandel_WMKat_Lkw_Welte-300x221.jpg 300w, https:\/\/static.krafthand-truck.de\/uploads\/2024\/05\/WM_SE_Teilehandel_WMKat_Lkw_Welte-1024x753.jpg 1024w, https:\/\/static.krafthand-truck.de\/uploads\/2024\/05\/WM_SE_Teilehandel_WMKat_Lkw_Welte-768x565.jpg 768w, https:\/\/static.krafthand-truck.de\/uploads\/2024\/05\/WM_SE_Teilehandel_WMKat_Lkw_Welte.jpg 1200w\" sizes=\"(max-width: 420px) 100vw, 420px\" \/><\/a><figcaption id=\"caption-attachment-39774\" class=\"wp-caption-text\">WMKat+ und MyTruck erm\u00f6glichen die exakte Teileidentifikation der \u201aBig 7\u2018 Lkw-Hersteller oder beispielsweise von Teilen von Welte, BPW oder SAF und vielen anderen. Hinzu kommt eine intelligente Fahrzeugverwaltung. Bild: WM SE<\/figcaption><\/figure>\n<p>Das Gesch\u00e4ft unterscheidet sich sehr. Das liegt vor allem daran, dass es im Pkw-Bereich deutlich einfacher ist, Ersatzteile zu identifizieren. Da gibt es klare Schl\u00fcsselnummern und auch die Auswahl \u00fcber Explosionszeichnungen ist selten ein Problem. Anders sieht es bei den Nutzfahrzeugen und vor allem bei Bussen aus. Hier sehen wir uns mit einer riesigen Zahl unterschiedlicher Aufbauer, Achsenhersteller oder Anbieter von Ladebordw\u00e4nden konfrontiert. Wir m\u00fcssen Achsnummern, Sattelplatten oder Gelenkwellen individuell heraussuchen und ausmessen. Entsprechend gr\u00f6\u00dfer und komplexer ist auch die Vielfalt der Lieferanten und Kataloge. F\u00fcr Busse gilt das erst recht. Manche Hersteller legen nicht offen, welche Ersatzteile in Ihren Fahrzeugen verbaut werden. In diesem Fall sind wir auf die Kundenkommunikation angewiesen, um dann die Ersatzteile konkret bestimmen zu k\u00f6nnen. Auch hier bietet uns Welte mit seinen Lieferanten eine enorme Unterst\u00fctzung.<\/p>\n<h3>Spiegeln sich diese Unterschiede auch in der Qualit\u00e4t der Produkte wider?<\/h3>\n<p>Nein, wir machen zwischen Pkw- und Nkw-Teilen keine Unterschiede. Unsere Kunden erwarten bei allen Produkten, die wir vertreiben, h\u00f6chste Qualit\u00e4t. Aus diesem Grund fahren wir eine klassische Zwei-Marken-Strategie. Das hei\u00dft, wir haben zum einen das First-Fitment-Produkt der Erstausr\u00fcstung im Angebot, zum anderen eine kosteng\u00fcnstigere Alternative. Die Alternative kommt dann zum Einsatz, wenn eine zeitwertgerechte Reparatur gefragt ist. Das Stichwort lautet: Total Cost of Ownership. Das gilt auch f\u00fcr unseren Gelenkwellenpartner Welte, der mit EDS und EDS Plus ein passendes Sortiment bietet.<\/p>\n<p>&nbsp;<\/p>\n<blockquote class=\"khm-quote\"><p> Wenn es etwa um die Identifikation der Ersatzteile oder die Auswahl der richtigen strategischen Lieferanten geht, ist WM heute schon sehr gut aufgestellt. <\/p><\/blockquote>\n<p>&nbsp;<\/p>\n<h3>WM ist einer der f\u00fchrenden Teilegro\u00dfh\u00e4ndler in Europa. Worauf legen Sie in der Beziehung zu Ihren Lieferanten besonderen Wert?<\/h3>\n<p>Eine gute Datenverf\u00fcgbarkeit ist das A und O. Daten so ausf\u00fchrlich bereitzustellen, wie Welte das tut, \u2013 inklusive korrekter Bebilderung und Beschreibung der Ersatzteile \u2013 ist sicherlich der wichtigste Faktor. Dar\u00fcber hinaus legen wir aber auch gro\u00dfen Wert auf Loyalit\u00e4t und Ehrlichkeit.<\/p>\n<h3>Haben Sie sich deshalb f\u00fcr die Welte-Group als Lieferanten im Bereich der Gelenkwellentechnik entschieden?<\/h3>\n<figure id=\"attachment_39776\" aria-describedby=\"caption-attachment-39776\" style=\"width: 320px\" class=\"wp-caption alignright\"><a href=\"https:\/\/static.krafthand-truck.de\/uploads\/2024\/05\/WM_SE_Gelenkwellen_Welte.jpg\" target=\"_blank\" rel=\"noopener\"><img decoding=\"async\" class=\"wp-image-39776\" src=\"https:\/\/static.krafthand-truck.de\/uploads\/2024\/05\/WM_SE_Gelenkwellen_Welte-300x261.jpg\" alt=\"\" width=\"320\" height=\"279\" srcset=\"https:\/\/static.krafthand-truck.de\/uploads\/2024\/05\/WM_SE_Gelenkwellen_Welte-300x261.jpg 300w, https:\/\/static.krafthand-truck.de\/uploads\/2024\/05\/WM_SE_Gelenkwellen_Welte-768x669.jpg 768w, https:\/\/static.krafthand-truck.de\/uploads\/2024\/05\/WM_SE_Gelenkwellen_Welte.jpg 1000w\" sizes=\"(max-width: 320px) 100vw, 320px\" \/><\/a><figcaption id=\"caption-attachment-39776\" class=\"wp-caption-text\">Welte bietet ein umfangreiches Programm an Gelenk- und Kardanwellen f\u00fcr Nutzfahrzeuge an, inklusive Repair-Service. Bild: Welte<\/figcaption><\/figure>\n<p>Egal, welche Frage wir an Welte richten, wir erhalten immer eine Antwort, die uns weiterbringt. Dazu kommt: Welte ist Vollsortimenter; wir erhalten also nicht nur Einzelteile, sondern auch komplette Wellen, gewinnen internationale Pr\u00e4senz und profitieren aufgrund der gro\u00dfen Lagerhaltung von einer schnellen Lieferung. Selbst bei besonderen Kundenw\u00fcnschen fertigt Welte die ben\u00f6tigten Teile schnell und zuverl\u00e4ssig an. Auch im digitalen Bereich konnten alle wichtigen Komponenten immer genau so umgesetzt werden, dass wir die Teile schnell in unser System integrieren konnten. Wir haben in Welte einen erfahrenen Partner f\u00fcr hochwertige Produkte, auf den wir uns verlassen k\u00f6nnen und der gemeinsam mit uns die Zukunft der Gelenkwellen gestalten will.<\/p>\n<h3>Wie blicken Sie als Teilegro\u00dfh\u00e4ndler auf die Zukunft im Nkw-Segment?<\/h3>\n<p>Nicht erst seit den zahlreichen globalen und \u00f6konomischen Krisen der letzten Jahre ist klar, dass Unternehmen einen Mehrwert bieten m\u00fcssen, wenn sie ihre Position im internationalen Umfeld auch in Zukunft behaupten wollen. Wir rechnen auch in naher Zukunft mit weiteren Lieferengp\u00e4ssen aufgrund diverser Umbr\u00fcche: Als Systemanbieter ist Welte darauf bestens vorbereitet und wirkt mit einer \u00fcberdurchschnittlichen Lagerhaltung entgegen. F\u00fcr uns und unsere Lieferanten bedeutet das letztendlich: Wir m\u00fcssen digitale Prozesse, Kapazit\u00e4ten, Kompetenzen und nat\u00fcrlich Sortimente kontinuierlich ausbauen.<br \/>\nEin weiteres wichtiges Zukunftsthema ist die Elektromobilit\u00e4t, die auch vor dem Nkw-Bereich nicht Halt macht. Gerade bei Ladetechniken und besonderen Batterien haben wir inzwischen viele Ersatzteile im Portfolio, die in den kommenden Jahren noch mehr angefragt werden. Wir sind also sehr gespannt, wie es in diesem Bereich weitergeht, konstatieren aber auch: Wenn es etwa um die Identifikation der Ersatzteile oder die Auswahl der richtigen strategischen Lieferanten geht, ist WM heute schon sehr gut aufgestellt.<\/p>\n<p><i>Den Beitrag finden Sie auch in der Print-Ausgabe 2-2024 der <a href=\"https:\/\/www.krafthand.de\/truck\/magazin\/\" title=\"Zum Magazin\">Krafthand-Truck<\/a>.<\/i><\/p>\r\n\t\t\t\t<div class=\"post-author\">\r\n\t\t\t\t\t<div class=\"khm-cp-author clearfix\">\r\n\t\t\t\t\t\t<div class=\"khm-cp-author__content\">\r\n\t\t\t\t\t\t\t\tKontakt zum Autor:<br \/>\r\n\t\t\t\t\t\t\t\t<strong>Georg Blenk<\/strong>, 08247 \/ 3007-45 |  <a href=\"mailto:georg.blenk@krafthand-medien.de\">georg.blenk@krafthand-medien.de<\/a>\r\n\t\t\t\t\t\t\t<div class=\"khm-cp-author__image\">\r\n\t\t\t\t\t\t<img src=\"https:\/\/static.krafthand-truck.de\/uploads\/2021\/01\/Blenk_6104-250x300-1-removebg-preview.png\" class=\"img-responsive\">\r\n\t\t\t\t\t<\/div>\r\n\t\t\t\t\t\t<\/div>\r\n\t\t\t\t\t<\/div>\r\n\t\t\t\t<\/div>\r\n\t\t\t\t","protected":false},"excerpt":{"rendered":"<p>Der Nutzfahrzeug-Teilemarkt entwickelt sich hochdynamisch. Ver\u00e4nderungen in der globalen Marktstruktur erfordern immer schnellere Reaktionszeiten. Zugleich f\u00fchrt die fortschreitende Konsolidierung des Marktes dazu, dass Unternehmen starke Partner ben\u00f6tigen. Wir haben mit Diana R\u00fcbsam, Vertriebsleiterin im Bereich NKW beim Gro\u00dfh\u00e4ndler WM SE, \u00fcber den Nutzfahrzeug-Teilemarkt und die Zusammenarbeit mit dem Gelenkwellen-Spezialisten Welte gesprochen. <span class=\"excerpt-more__dots\">&#8230;<\/span> <a class=\"excerpt-more__link\" href=\"https:\/\/www.krafthand.de\/truck\/artikel\/eine-starke-verbindung-die-zusammenarbeit-der-wm-se-mit-welte-39767\/\" >weiter<\/a><\/p>\n","protected":false},"author":9,"featured_media":39769,"comment_status":"closed","ping_status":"closed","sticky":false,"template":"","format":"standard","meta":{"footnotes":""},"categories":[4912,4235],"tags":[5153,5109,522,5949,4084],"settings":[3524,4766,3523],"class_list":["post-39767","post","type-post","status-publish","format-standard","has-post-thumbnail","hentry","category-ersatzteile-zubehoer","category-unternehmen","tag-gelenkwelle","tag-kardanwelle","tag-teilehandel","tag-welte","tag-wm-se"],"yoast_head":"<!-- This site is optimized with the Yoast SEO plugin v27.3 - https:\/\/yoast.com\/product\/yoast-seo-wordpress\/ -->\n<title>Der Nutzfahrzeug-Teilemarkt I WM SE I Welte I Krafthand-Truck<\/title>\n<meta name=\"description\" content=\"Im Gespr\u00e4ch mit Diana R\u00fcbsam, Vertriebsleiterin NKW beim der WM SE. Der Nutzfahrzeug-Teilemarkt und die Zusammenarbeit mit Welte.\" \/>\n<meta name=\"robots\" content=\"index, follow, max-snippet:-1, max-image-preview:large, max-video-preview:-1\" \/>\n<link rel=\"canonical\" href=\"https:\/\/www.krafthand.de\/truck\/artikel\/eine-starke-verbindung-die-zusammenarbeit-der-wm-se-mit-welte-39767\/\" \/>\n<meta property=\"og:locale\" content=\"de_DE\" \/>\n<meta property=\"og:type\" content=\"article\" \/>\n<meta property=\"og:title\" content=\"Der Nutzfahrzeug-Teilemarkt I WM SE I Welte I Krafthand-Truck\" \/>\n<meta property=\"og:description\" content=\"Im Gespr\u00e4ch mit Diana R\u00fcbsam, Vertriebsleiterin NKW beim der WM SE. Der Nutzfahrzeug-Teilemarkt und die Zusammenarbeit mit Welte.\" \/>\n<meta property=\"og:url\" content=\"https:\/\/www.krafthand-truck.de\/artikel\/eine-starke-verbindung-die-zusammenarbeit-der-wm-se-mit-welte-39767\/\" \/>\n<meta property=\"og:site_name\" content=\"Krafthand-Truck\" \/>\n<meta property=\"article:published_time\" content=\"2024-05-22T08:05:12+00:00\" \/>\n<meta property=\"article:modified_time\" content=\"2024-05-22T08:07:23+00:00\" \/>\n<meta property=\"og:image\" content=\"https:\/\/static.krafthand-truck.de\/uploads\/2024\/05\/WM_SE_Kardanwelle_Welte_Teilehandel_Lkw.jpg\" \/>\n\t<meta property=\"og:image:width\" content=\"1200\" \/>\n\t<meta property=\"og:image:height\" content=\"568\" \/>\n\t<meta property=\"og:image:type\" content=\"image\/jpeg\" \/>\n<meta name=\"author\" content=\"georg.blenk@krafthand-medien.de\" \/>\n<meta name=\"twitter:card\" content=\"summary_large_image\" \/>\n<meta name=\"twitter:label1\" content=\"Verfasst von\" \/>\n\t<meta name=\"twitter:data1\" content=\"georg.blenk@krafthand-medien.de\" \/>\n\t<meta name=\"twitter:label2\" content=\"Gesch\u00e4tzte Lesezeit\" \/>\n\t<meta name=\"twitter:data2\" content=\"7\u00a0Minuten\" \/>\n<script type=\"application\/ld+json\" class=\"yoast-schema-graph\">{\"@context\":\"https:\\\/\\\/schema.org\",\"@graph\":[{\"@type\":\"Article\",\"@id\":\"https:\\\/\\\/www.krafthand.de\\\/truck\\\/artikel\\\/eine-starke-verbindung-die-zusammenarbeit-der-wm-se-mit-welte-39767\\\/#article\",\"isPartOf\":{\"@id\":\"https:\\\/\\\/www.krafthand.de\\\/truck\\\/artikel\\\/eine-starke-verbindung-die-zusammenarbeit-der-wm-se-mit-welte-39767\\\/\"},\"author\":{\"name\":\"georg.blenk@krafthand-medien.de\",\"@id\":\"https:\\\/\\\/www.krafthand.de\\\/truck\\\/#\\\/schema\\\/person\\\/51fa80b1c57034c4bf63f9f988fc24ce\"},\"headline\":\"Eine starke Verbindung: Die Zusammenarbeit der WM SE mit Welte\",\"datePublished\":\"2024-05-22T08:05:12+00:00\",\"dateModified\":\"2024-05-22T08:07:23+00:00\",\"mainEntityOfPage\":{\"@id\":\"https:\\\/\\\/www.krafthand.de\\\/truck\\\/artikel\\\/eine-starke-verbindung-die-zusammenarbeit-der-wm-se-mit-welte-39767\\\/\"},\"wordCount\":1134,\"image\":{\"@id\":\"https:\\\/\\\/www.krafthand.de\\\/truck\\\/artikel\\\/eine-starke-verbindung-die-zusammenarbeit-der-wm-se-mit-welte-39767\\\/#primaryimage\"},\"thumbnailUrl\":\"https:\\\/\\\/static.krafthand-truck.de\\\/uploads\\\/2024\\\/05\\\/WM_SE_Kardanwelle_Welte_Teilehandel_Lkw.jpg\",\"keywords\":[\"Gelenkwelle\",\"Kardanwelle\",\"Teilehandel\",\"Welte\",\"WM SE\"],\"articleSection\":[\"Ersatzteile\\\/Zubeh\u00f6r\",\"Unternehmen\"],\"inLanguage\":\"de\"},{\"@type\":\"WebPage\",\"@id\":\"https:\\\/\\\/www.krafthand.de\\\/truck\\\/artikel\\\/eine-starke-verbindung-die-zusammenarbeit-der-wm-se-mit-welte-39767\\\/\",\"url\":\"https:\\\/\\\/www.krafthand.de\\\/truck\\\/artikel\\\/eine-starke-verbindung-die-zusammenarbeit-der-wm-se-mit-welte-39767\\\/\",\"name\":\"Der Nutzfahrzeug-Teilemarkt I WM SE I Welte I Krafthand-Truck\",\"isPartOf\":{\"@id\":\"https:\\\/\\\/www.krafthand.de\\\/truck\\\/#website\"},\"primaryImageOfPage\":{\"@id\":\"https:\\\/\\\/www.krafthand.de\\\/truck\\\/artikel\\\/eine-starke-verbindung-die-zusammenarbeit-der-wm-se-mit-welte-39767\\\/#primaryimage\"},\"image\":{\"@id\":\"https:\\\/\\\/www.krafthand.de\\\/truck\\\/artikel\\\/eine-starke-verbindung-die-zusammenarbeit-der-wm-se-mit-welte-39767\\\/#primaryimage\"},\"thumbnailUrl\":\"https:\\\/\\\/static.krafthand-truck.de\\\/uploads\\\/2024\\\/05\\\/WM_SE_Kardanwelle_Welte_Teilehandel_Lkw.jpg\",\"datePublished\":\"2024-05-22T08:05:12+00:00\",\"dateModified\":\"2024-05-22T08:07:23+00:00\",\"author\":{\"@id\":\"https:\\\/\\\/www.krafthand.de\\\/truck\\\/#\\\/schema\\\/person\\\/51fa80b1c57034c4bf63f9f988fc24ce\"},\"description\":\"Im Gespr\u00e4ch mit Diana R\u00fcbsam, Vertriebsleiterin NKW beim der WM SE. Der Nutzfahrzeug-Teilemarkt und die Zusammenarbeit mit Welte.\",\"breadcrumb\":{\"@id\":\"https:\\\/\\\/www.krafthand.de\\\/truck\\\/artikel\\\/eine-starke-verbindung-die-zusammenarbeit-der-wm-se-mit-welte-39767\\\/#breadcrumb\"},\"inLanguage\":\"de\",\"potentialAction\":[{\"@type\":\"ReadAction\",\"target\":[\"https:\\\/\\\/www.krafthand.de\\\/truck\\\/artikel\\\/eine-starke-verbindung-die-zusammenarbeit-der-wm-se-mit-welte-39767\\\/\"]}]},{\"@type\":\"ImageObject\",\"inLanguage\":\"de\",\"@id\":\"https:\\\/\\\/www.krafthand.de\\\/truck\\\/artikel\\\/eine-starke-verbindung-die-zusammenarbeit-der-wm-se-mit-welte-39767\\\/#primaryimage\",\"url\":\"https:\\\/\\\/static.krafthand-truck.de\\\/uploads\\\/2024\\\/05\\\/WM_SE_Kardanwelle_Welte_Teilehandel_Lkw.jpg\",\"contentUrl\":\"https:\\\/\\\/static.krafthand-truck.de\\\/uploads\\\/2024\\\/05\\\/WM_SE_Kardanwelle_Welte_Teilehandel_Lkw.jpg\",\"width\":1200,\"height\":568},{\"@type\":\"BreadcrumbList\",\"@id\":\"https:\\\/\\\/www.krafthand.de\\\/truck\\\/artikel\\\/eine-starke-verbindung-die-zusammenarbeit-der-wm-se-mit-welte-39767\\\/#breadcrumb\",\"itemListElement\":[{\"@type\":\"ListItem\",\"position\":1,\"name\":\"Krafthand-Truck\",\"item\":\"https:\\\/\\\/www.krafthand.de\\\/truck\\\/\"},{\"@type\":\"ListItem\",\"position\":2,\"name\":\"Nfz-Branche\",\"item\":\"https:\\\/\\\/www.krafthand.de\\\/truck\\\/kategorie\\\/branche\\\/\"},{\"@type\":\"ListItem\",\"position\":3,\"name\":\"Unternehmen\",\"item\":\"https:\\\/\\\/www.krafthand.de\\\/truck\\\/kategorie\\\/branche\\\/unternehmen\\\/\"},{\"@type\":\"ListItem\",\"position\":4,\"name\":\"Eine starke Verbindung: Die Zusammenarbeit der WM SE mit Welte\"}]},{\"@type\":\"WebSite\",\"@id\":\"https:\\\/\\\/www.krafthand.de\\\/truck\\\/#website\",\"url\":\"https:\\\/\\\/www.krafthand.de\\\/truck\\\/\",\"name\":\"Krafthand-Truck\",\"description\":\"\",\"potentialAction\":[{\"@type\":\"SearchAction\",\"target\":{\"@type\":\"EntryPoint\",\"urlTemplate\":\"https:\\\/\\\/www.krafthand.de\\\/truck\\\/?s={search_term_string}\"},\"query-input\":{\"@type\":\"PropertyValueSpecification\",\"valueRequired\":true,\"valueName\":\"search_term_string\"}}],\"inLanguage\":\"de\"},{\"@type\":\"Person\",\"@id\":\"https:\\\/\\\/www.krafthand.de\\\/truck\\\/#\\\/schema\\\/person\\\/51fa80b1c57034c4bf63f9f988fc24ce\",\"name\":\"georg.blenk@krafthand-medien.de\",\"image\":{\"@type\":\"ImageObject\",\"inLanguage\":\"de\",\"@id\":\"https:\\\/\\\/secure.gravatar.com\\\/avatar\\\/93713c30affe0aa95d3a4130e499bb1abee2eb31adbdd9ce2aa1543538490215?s=96&d=mm&r=g\",\"url\":\"https:\\\/\\\/secure.gravatar.com\\\/avatar\\\/93713c30affe0aa95d3a4130e499bb1abee2eb31adbdd9ce2aa1543538490215?s=96&d=mm&r=g\",\"contentUrl\":\"https:\\\/\\\/secure.gravatar.com\\\/avatar\\\/93713c30affe0aa95d3a4130e499bb1abee2eb31adbdd9ce2aa1543538490215?s=96&d=mm&r=g\",\"caption\":\"georg.blenk@krafthand-medien.de\"}}]}<\/script>\n<!-- \/ Yoast SEO plugin. -->","yoast_head_json":{"title":"Der Nutzfahrzeug-Teilemarkt I WM SE I Welte I Krafthand-Truck","description":"Im Gespr\u00e4ch mit Diana R\u00fcbsam, Vertriebsleiterin NKW beim der WM SE. Der Nutzfahrzeug-Teilemarkt und die Zusammenarbeit mit Welte.","robots":{"index":"index","follow":"follow","max-snippet":"max-snippet:-1","max-image-preview":"max-image-preview:large","max-video-preview":"max-video-preview:-1"},"canonical":"https:\/\/www.krafthand.de\/truck\/artikel\/eine-starke-verbindung-die-zusammenarbeit-der-wm-se-mit-welte-39767\/","og_locale":"de_DE","og_type":"article","og_title":"Der Nutzfahrzeug-Teilemarkt I WM SE I Welte I Krafthand-Truck","og_description":"Im Gespr\u00e4ch mit Diana R\u00fcbsam, Vertriebsleiterin NKW beim der WM SE. Der Nutzfahrzeug-Teilemarkt und die Zusammenarbeit mit Welte.","og_url":"https:\/\/www.krafthand-truck.de\/artikel\/eine-starke-verbindung-die-zusammenarbeit-der-wm-se-mit-welte-39767\/","og_site_name":"Krafthand-Truck","article_published_time":"2024-05-22T08:05:12+00:00","article_modified_time":"2024-05-22T08:07:23+00:00","og_image":[{"width":1200,"height":568,"url":"https:\/\/static.krafthand-truck.de\/uploads\/2024\/05\/WM_SE_Kardanwelle_Welte_Teilehandel_Lkw.jpg","type":"image\/jpeg"}],"author":"georg.blenk@krafthand-medien.de","twitter_card":"summary_large_image","twitter_misc":{"Verfasst von":"georg.blenk@krafthand-medien.de","Gesch\u00e4tzte Lesezeit":"7\u00a0Minuten"},"schema":{"@context":"https:\/\/schema.org","@graph":[{"@type":"Article","@id":"https:\/\/www.krafthand.de\/truck\/artikel\/eine-starke-verbindung-die-zusammenarbeit-der-wm-se-mit-welte-39767\/#article","isPartOf":{"@id":"https:\/\/www.krafthand.de\/truck\/artikel\/eine-starke-verbindung-die-zusammenarbeit-der-wm-se-mit-welte-39767\/"},"author":{"name":"georg.blenk@krafthand-medien.de","@id":"https:\/\/www.krafthand.de\/truck\/#\/schema\/person\/51fa80b1c57034c4bf63f9f988fc24ce"},"headline":"Eine starke Verbindung: Die Zusammenarbeit der WM SE mit Welte","datePublished":"2024-05-22T08:05:12+00:00","dateModified":"2024-05-22T08:07:23+00:00","mainEntityOfPage":{"@id":"https:\/\/www.krafthand.de\/truck\/artikel\/eine-starke-verbindung-die-zusammenarbeit-der-wm-se-mit-welte-39767\/"},"wordCount":1134,"image":{"@id":"https:\/\/www.krafthand.de\/truck\/artikel\/eine-starke-verbindung-die-zusammenarbeit-der-wm-se-mit-welte-39767\/#primaryimage"},"thumbnailUrl":"https:\/\/static.krafthand-truck.de\/uploads\/2024\/05\/WM_SE_Kardanwelle_Welte_Teilehandel_Lkw.jpg","keywords":["Gelenkwelle","Kardanwelle","Teilehandel","Welte","WM SE"],"articleSection":["Ersatzteile\/Zubeh\u00f6r","Unternehmen"],"inLanguage":"de"},{"@type":"WebPage","@id":"https:\/\/www.krafthand.de\/truck\/artikel\/eine-starke-verbindung-die-zusammenarbeit-der-wm-se-mit-welte-39767\/","url":"https:\/\/www.krafthand.de\/truck\/artikel\/eine-starke-verbindung-die-zusammenarbeit-der-wm-se-mit-welte-39767\/","name":"Der Nutzfahrzeug-Teilemarkt I WM SE I Welte I Krafthand-Truck","isPartOf":{"@id":"https:\/\/www.krafthand.de\/truck\/#website"},"primaryImageOfPage":{"@id":"https:\/\/www.krafthand.de\/truck\/artikel\/eine-starke-verbindung-die-zusammenarbeit-der-wm-se-mit-welte-39767\/#primaryimage"},"image":{"@id":"https:\/\/www.krafthand.de\/truck\/artikel\/eine-starke-verbindung-die-zusammenarbeit-der-wm-se-mit-welte-39767\/#primaryimage"},"thumbnailUrl":"https:\/\/static.krafthand-truck.de\/uploads\/2024\/05\/WM_SE_Kardanwelle_Welte_Teilehandel_Lkw.jpg","datePublished":"2024-05-22T08:05:12+00:00","dateModified":"2024-05-22T08:07:23+00:00","author":{"@id":"https:\/\/www.krafthand.de\/truck\/#\/schema\/person\/51fa80b1c57034c4bf63f9f988fc24ce"},"description":"Im Gespr\u00e4ch mit Diana R\u00fcbsam, Vertriebsleiterin NKW beim der WM SE. Der Nutzfahrzeug-Teilemarkt und die Zusammenarbeit mit Welte.","breadcrumb":{"@id":"https:\/\/www.krafthand.de\/truck\/artikel\/eine-starke-verbindung-die-zusammenarbeit-der-wm-se-mit-welte-39767\/#breadcrumb"},"inLanguage":"de","potentialAction":[{"@type":"ReadAction","target":["https:\/\/www.krafthand.de\/truck\/artikel\/eine-starke-verbindung-die-zusammenarbeit-der-wm-se-mit-welte-39767\/"]}]},{"@type":"ImageObject","inLanguage":"de","@id":"https:\/\/www.krafthand.de\/truck\/artikel\/eine-starke-verbindung-die-zusammenarbeit-der-wm-se-mit-welte-39767\/#primaryimage","url":"https:\/\/static.krafthand-truck.de\/uploads\/2024\/05\/WM_SE_Kardanwelle_Welte_Teilehandel_Lkw.jpg","contentUrl":"https:\/\/static.krafthand-truck.de\/uploads\/2024\/05\/WM_SE_Kardanwelle_Welte_Teilehandel_Lkw.jpg","width":1200,"height":568},{"@type":"BreadcrumbList","@id":"https:\/\/www.krafthand.de\/truck\/artikel\/eine-starke-verbindung-die-zusammenarbeit-der-wm-se-mit-welte-39767\/#breadcrumb","itemListElement":[{"@type":"ListItem","position":1,"name":"Krafthand-Truck","item":"https:\/\/www.krafthand.de\/truck\/"},{"@type":"ListItem","position":2,"name":"Nfz-Branche","item":"https:\/\/www.krafthand.de\/truck\/kategorie\/branche\/"},{"@type":"ListItem","position":3,"name":"Unternehmen","item":"https:\/\/www.krafthand.de\/truck\/kategorie\/branche\/unternehmen\/"},{"@type":"ListItem","position":4,"name":"Eine starke Verbindung: Die Zusammenarbeit der WM SE mit Welte"}]},{"@type":"WebSite","@id":"https:\/\/www.krafthand.de\/truck\/#website","url":"https:\/\/www.krafthand.de\/truck\/","name":"Krafthand-Truck","description":"","potentialAction":[{"@type":"SearchAction","target":{"@type":"EntryPoint","urlTemplate":"https:\/\/www.krafthand.de\/truck\/?s={search_term_string}"},"query-input":{"@type":"PropertyValueSpecification","valueRequired":true,"valueName":"search_term_string"}}],"inLanguage":"de"},{"@type":"Person","@id":"https:\/\/www.krafthand.de\/truck\/#\/schema\/person\/51fa80b1c57034c4bf63f9f988fc24ce","name":"georg.blenk@krafthand-medien.de","image":{"@type":"ImageObject","inLanguage":"de","@id":"https:\/\/secure.gravatar.com\/avatar\/93713c30affe0aa95d3a4130e499bb1abee2eb31adbdd9ce2aa1543538490215?s=96&d=mm&r=g","url":"https:\/\/secure.gravatar.com\/avatar\/93713c30affe0aa95d3a4130e499bb1abee2eb31adbdd9ce2aa1543538490215?s=96&d=mm&r=g","contentUrl":"https:\/\/secure.gravatar.com\/avatar\/93713c30affe0aa95d3a4130e499bb1abee2eb31adbdd9ce2aa1543538490215?s=96&d=mm&r=g","caption":"georg.blenk@krafthand-medien.de"}}]}},"_links":{"self":[{"href":"https:\/\/www.krafthand.de\/truck\/wp-json\/wp\/v2\/posts\/39767","targetHints":{"allow":["GET"]}}],"collection":[{"href":"https:\/\/www.krafthand.de\/truck\/wp-json\/wp\/v2\/posts"}],"about":[{"href":"https:\/\/www.krafthand.de\/truck\/wp-json\/wp\/v2\/types\/post"}],"author":[{"embeddable":true,"href":"https:\/\/www.krafthand.de\/truck\/wp-json\/wp\/v2\/users\/9"}],"replies":[{"embeddable":true,"href":"https:\/\/www.krafthand.de\/truck\/wp-json\/wp\/v2\/comments?post=39767"}],"version-history":[{"count":12,"href":"https:\/\/www.krafthand.de\/truck\/wp-json\/wp\/v2\/posts\/39767\/revisions"}],"predecessor-version":[{"id":39783,"href":"https:\/\/www.krafthand.de\/truck\/wp-json\/wp\/v2\/posts\/39767\/revisions\/39783"}],"wp:featuredmedia":[{"embeddable":true,"href":"https:\/\/www.krafthand.de\/truck\/wp-json\/wp\/v2\/media\/39769"}],"wp:attachment":[{"href":"https:\/\/www.krafthand.de\/truck\/wp-json\/wp\/v2\/media?parent=39767"}],"wp:term":[{"taxonomy":"category","embeddable":true,"href":"https:\/\/www.krafthand.de\/truck\/wp-json\/wp\/v2\/categories?post=39767"},{"taxonomy":"post_tag","embeddable":true,"href":"https:\/\/www.krafthand.de\/truck\/wp-json\/wp\/v2\/tags?post=39767"},{"taxonomy":"settings","embeddable":true,"href":"https:\/\/www.krafthand.de\/truck\/wp-json\/wp\/v2\/settings?post=39767"}],"curies":[{"name":"wp","href":"https:\/\/api.w.org\/{rel}","templated":true}]}}