{"id":39737,"date":"2024-05-17T11:41:40","date_gmt":"2024-05-17T09:41:40","guid":{"rendered":"https:\/\/www.krafthand.de\/truck\/?p=39737"},"modified":"2024-05-17T11:53:04","modified_gmt":"2024-05-17T09:53:04","slug":"kopfarbeit-hintergrundwissen-zur-zylinderkopfdichtung","status":"publish","type":"post","link":"https:\/\/www.krafthand.de\/truck\/artikel\/kopfarbeit-hintergrundwissen-zur-zylinderkopfdichtung-39737\/","title":{"rendered":"Kopfarbeit: Hintergrundwissen zur Zylinderkopfdichtung"},"content":{"rendered":"<p>Die Zylinderkopfdichtung sorgt f\u00fcr eine effiziente Verbrennung, indem sie den Verbrennungsraum zwischen Zylinderkopf und Motorblock abdichtet. Zus\u00e4tzlich sch\u00fctzt sie vor Lecks, die ernsthafte Sch\u00e4den verursachen k\u00f6nnen. Erkennt man einen innermotorischen Defekt zu sp\u00e4t, ist meist auch die Kopfdichtung in Mitleidenschaft gezogen. Das Risiko eines kapitalen Motorschadens steigt.<\/p>\n<h3>Fr\u00fcher war die Kopfdichtung ein Verschlei\u00dfprodukt<\/h3>\n<figure id=\"attachment_39740\" aria-describedby=\"caption-attachment-39740\" style=\"width: 200px\" class=\"wp-caption alignleft\"><a href=\"https:\/\/static.krafthand-truck.de\/uploads\/2024\/05\/ElringKlinger_Florian_Kiziak.jpg\" target=\"_blank\" rel=\"noopener\"><img fetchpriority=\"high\" decoding=\"async\" class=\"wp-image-39740\" src=\"https:\/\/static.krafthand-truck.de\/uploads\/2024\/05\/ElringKlinger_Florian_Kiziak-200x300.jpg\" alt=\"\" width=\"200\" height=\"300\" srcset=\"https:\/\/static.krafthand-truck.de\/uploads\/2024\/05\/ElringKlinger_Florian_Kiziak-200x300.jpg 200w, https:\/\/static.krafthand-truck.de\/uploads\/2024\/05\/ElringKlinger_Florian_Kiziak.jpg 621w\" sizes=\"(max-width: 200px) 100vw, 200px\" \/><\/a><figcaption id=\"caption-attachment-39740\" class=\"wp-caption-text\"><em>\u201eWir dichten quasi nur noch auf einem Centst\u00fcck rund um die Zylinderlaufuchsen ab und nicht mehr komplett rund um den Zylinderkopf, wie auf einem DIN-A4-Blatt\u201c<\/em>, erl\u00e4utert Florian Kiziak bildhaft.<\/figcaption><\/figure>\n<p><em>\u201eFr\u00fcher war die Zylinderkopfdichtung ein klassisches Verschlei\u00dfprodukt. Es handelte sich um Weichstoffdichtungen, sp\u00e4ter mit Gummierung. Heute h\u00e4lt eine Kopfdichtung dank komplexer Mehrlagen-Sandwichbauweise bis zu 1,2 Millionen Kilometer\u201c<\/em>, erkl\u00e4rt der technische Trainer beim Spezialisten f\u00fcr Dichtungstechnik ElringKlinger, Florian Kiziak. Voraussetzung ist allerdings, dass motorisch alles in Ordnung ist und beim Einbau nach einer Motorrevision alles richtig gemacht wurde. <em>\u201eWenn der Motor ein Problem aufweist und der Kopf abgenommen werden muss, ist in jedem Fall auch die Kopfdichtung zu erneuern\u201c<\/em>, so Kiziak. Im \u00dcbrigen wird heute der Brennraum bei schweren Lkw-Motoren \u00fcber den exakten Buchsen-\u00dcberstand und eine Sicke abgedichtet.<\/p>\n<h3>Hinweise auf eine defekte Kopfdichtung<\/h3>\n<p>Klassische Warnsignale, die auf eine defekte Zylinderkopfdichtung hinweisen, sind die \u00dcberhitzung oder ein Leistungsverlust des Motors. Auch der Austritt von wei\u00dfem Rauch aus dem Abgassystem durch K\u00fchlwassereintrag oder der Nachweis von \u00d6l im K\u00fchlwasser, deutet auf einen Defekt hin. Zur Eingrenzung des Problems dient zuerst einmal eine visuelle \u00dcberpr\u00fcfung der Dichtung auf Besch\u00e4digung oder \u00d6laustritt. Ist bei genauer Betrachtung von au\u00dfen nichts zu erkennen, folgt ein Kompressionstest und ein Drucktest des K\u00fchlsystems. Weisen die K\u00fchlfl\u00fcssigkeit oder das Motor\u00f6l Verunreinigung auf, kommt ebenfalls eine defekte Zylinderkopfdichtung als Ursache in Frage. <em>\u201eDoch im Grunde geht eine Kopfdichtung nicht ohne Fremdursache kaputt, es handelt sich immer um innermotorische Probleme oder um Defekte an der Peripherie, wie dem K\u00fchlsystem\u201c<\/em>, so Kiziak.<\/p>\n<p>&nbsp;<\/p>\n<figure id=\"attachment_39742\" aria-describedby=\"caption-attachment-39742\" style=\"width: 800px\" class=\"wp-caption aligncenter\"><img decoding=\"async\" class=\"wp-image-39742\" src=\"https:\/\/static.krafthand-truck.de\/uploads\/2024\/05\/ElringKlingerZylinderkopfdichtung_Lkw_Material-300x189.jpg\" alt=\"\" width=\"800\" height=\"503\" srcset=\"https:\/\/static.krafthand-truck.de\/uploads\/2024\/05\/ElringKlingerZylinderkopfdichtung_Lkw_Material-300x189.jpg 300w, https:\/\/static.krafthand-truck.de\/uploads\/2024\/05\/ElringKlingerZylinderkopfdichtung_Lkw_Material-1024x643.jpg 1024w, https:\/\/static.krafthand-truck.de\/uploads\/2024\/05\/ElringKlingerZylinderkopfdichtung_Lkw_Material-768x483.jpg 768w, https:\/\/static.krafthand-truck.de\/uploads\/2024\/05\/ElringKlingerZylinderkopfdichtung_Lkw_Material.jpg 1200w\" sizes=\"(max-width: 800px) 100vw, 800px\" \/><figcaption id=\"caption-attachment-39742\" class=\"wp-caption-text\">Zylinderkopfdichtungen bestehen aus gesickten, ein- oder mehrlagigen Elastomer-beschichteten Federstahllagen. Durch den modularen Aufbau (Beschichtung, Sicke und Stopper, hier sind es sieben Lagen) lassen sie sich ganz gezielt auf den jeweiligen Motor abstimmen. Die Dichtungen werden in Dettingen an der Ems gefertigt.<\/figcaption><\/figure>\n<h3><\/h3>\n<h3>Fachwissen Montage<\/h3>\n<p>Bei der Montage gibt es einiges zu beachten: So m\u00fcssen entsprechende Toleranzen eingehalten werden, der Block und der Kopf sollte auf Verzug gepr\u00fcft werden. Die Auflagefl\u00e4chen (dort wo die alte Dichtung \u201agearbeitet\u2018 hat), m\u00fcssen nach Abnahme der alten Dichtung (keine scharfkantigen Werkzeuge verwenden), gereinigt und im Zweifel plangeschliffen werden. <em>\u201eDas Umfeld wie der Dichtverbund und die Laufbuchsen-\u00dcberst\u00e4nde m\u00fcssen exakt passen, damit die Dichtung richtig funktioniert. Die Linienverpressung um die Zylinder herum hat eine Toleranz von rund 0,03-0,05 mm. Der passende Laufbuchsen-\u00dcberstand sollte im Bereich von 0,130-0,250mm liegen. Da ben\u00f6tigt man hochpr\u00e4zise Messuhren, um auf der sicheren Seite zu sein\u201c<\/em>, erkl\u00e4rt Kiziak. Dementsprechend werden Motorrevisionen bei schweren Lkw-Motoren auch meist von professionellen Motoreninstandsetzern erledigt. Sie sind auf entsprechende Marken spezialisiert und wissen exakt Bescheid. Als Hilfestellung liefert <a href=\"https:\/\/elringklinger.de\" target=\"_blank\" rel=\"noopener\">ElringKlinger<\/a> trotzdem zu jeder Dichtung auch ein Beilagenblatt, mit den wichtigsten Informationen zu Oberfl\u00e4chenrauigkeiten, den Toleranzen, zum korrekten Handling der Dichtung, den richtigen Schrauben sowie zur Anzugsreihenfolge, den Drehmomenten und Drehwinkeln. Im \u00dcbrigen: Moderne Kopfdichtungen werden \u201atrocken\u2018 aufgebracht, es d\u00fcrfen keine Dichtmittel verwendet werden!<\/p>\n<h3>Fehler bei der Montage<\/h3>\n<p>Es gilt auch Fehler zu vermeiden. So sollte der Zylinderkopf bei der Montage durch falsche Positionierung nicht mehrmals aufgesetzt werden. Dadurch k\u00f6nnte die Kopfdichtung \u00f6rtlich zu stark verpresst beziehungsweise durch die Kanten des Zylinderkopfs zerschnitten werden. Ein zu hoher Buchsen\u00fcberstand f\u00fchrt zu einer st\u00e4rkeren Verpressung und m\u00f6glichen Besch\u00e4digung der Dichtung, ein zu geringer \u00dcberstand kann zu K\u00fchlmittelaustritt f\u00fchren.<\/p>\n<p><i>Den Beitrag finden Sie auch in der Print-Ausgabe 2-2024 der <a href=\"https:\/\/www.krafthand.de\/truck\/magazin\/\" title=\"Zum Magazin\">Krafthand-Truck<\/a>.<\/i><\/p>\r\n\t\t\t\t<div class=\"post-author\">\r\n\t\t\t\t\t<div class=\"khm-cp-author clearfix\">\r\n\t\t\t\t\t\t<div class=\"khm-cp-author__content\">\r\n\t\t\t\t\t\t\t\tKontakt zum Autor:<br \/>\r\n\t\t\t\t\t\t\t\t<strong>Georg Blenk<\/strong>, 08247 \/ 3007-45 |  <a href=\"mailto:georg.blenk@krafthand-medien.de\">georg.blenk@krafthand-medien.de<\/a>\r\n\t\t\t\t\t\t\t<div class=\"khm-cp-author__image\">\r\n\t\t\t\t\t\t<img src=\"https:\/\/static.krafthand-truck.de\/uploads\/2021\/01\/Blenk_6104-250x300-1-removebg-preview.png\" class=\"img-responsive\">\r\n\t\t\t\t\t<\/div>\r\n\t\t\t\t\t\t<\/div>\r\n\t\t\t\t\t<\/div>\r\n\t\t\t\t<\/div>\r\n\t\t\t\t","protected":false},"excerpt":{"rendered":"<p>Die Zylinderkopfdichtung sorgt f\u00fcr eine effiziente Verbrennung, indem sie den Verbrennungsraum zwischen Zylinderkopf und Motorblock abdichtet. Zus\u00e4tzlich sch\u00fctzt sie vor Lecks, die ernsthafte Sch\u00e4den verursachen k\u00f6nnen. Erkennt man einen innermotorischen Defekt zu sp\u00e4t, ist meist auch die Kopfdichtung in Mitleidenschaft gezogen. Das Risiko eines kapitalen Motorschadens steigt. <span class=\"excerpt-more__dots\">&#8230;<\/span> <a class=\"excerpt-more__link\" href=\"https:\/\/www.krafthand.de\/truck\/artikel\/kopfarbeit-hintergrundwissen-zur-zylinderkopfdichtung-39737\/\" >weiter<\/a><\/p>\n","protected":false},"author":9,"featured_media":39739,"comment_status":"closed","ping_status":"closed","sticky":false,"template":"","format":"standard","meta":{"footnotes":""},"categories":[4223,4912,4218],"tags":[5944,5945,3687],"settings":[3524,4766,3523],"class_list":["post-39737","post","type-post","status-publish","format-standard","has-post-thumbnail","hentry","category-antrieb","category-ersatzteile-zubehoer","category-werkstattpraxis","tag-elringklinger","tag-florian-kiziak","tag-zylinderkopfdichtung"],"yoast_head":"<!-- This site is optimized with the Yoast SEO plugin v27.3 - https:\/\/yoast.com\/product\/yoast-seo-wordpress\/ -->\n<title>Hintergrundwissen zur Lkw-Zylinderkopfdichtung I Krafthand-Truck<\/title>\n<meta name=\"description\" content=\"Moderne Zylinderkopfdichtungen bestehen aus gesickten, ein- oder mehrlagigen Elastomer-beschichteten Federstahllagen.\" \/>\n<meta name=\"robots\" content=\"index, follow, max-snippet:-1, max-image-preview:large, max-video-preview:-1\" \/>\n<link rel=\"canonical\" href=\"https:\/\/www.krafthand.de\/truck\/artikel\/kopfarbeit-hintergrundwissen-zur-zylinderkopfdichtung-39737\/\" \/>\n<meta property=\"og:locale\" content=\"de_DE\" \/>\n<meta property=\"og:type\" content=\"article\" \/>\n<meta property=\"og:title\" content=\"Hintergrundwissen zur Lkw-Zylinderkopfdichtung I Krafthand-Truck\" \/>\n<meta property=\"og:description\" content=\"Moderne Zylinderkopfdichtungen bestehen aus gesickten, ein- oder mehrlagigen Elastomer-beschichteten Federstahllagen.\" \/>\n<meta property=\"og:url\" content=\"https:\/\/www.krafthand-truck.de\/artikel\/kopfarbeit-hintergrundwissen-zur-zylinderkopfdichtung-39737\/\" \/>\n<meta property=\"og:site_name\" content=\"Krafthand-Truck\" \/>\n<meta property=\"article:published_time\" content=\"2024-05-17T09:41:40+00:00\" \/>\n<meta property=\"article:modified_time\" content=\"2024-05-17T09:53:04+00:00\" \/>\n<meta property=\"og:image\" content=\"https:\/\/static.krafthand-truck.de\/uploads\/2024\/05\/ElringKlinger_Zylinderkopfdichtung_Lkw_01.jpg\" \/>\n\t<meta property=\"og:image:width\" content=\"1200\" \/>\n\t<meta property=\"og:image:height\" content=\"649\" \/>\n\t<meta property=\"og:image:type\" content=\"image\/jpeg\" \/>\n<meta name=\"author\" content=\"georg.blenk@krafthand-medien.de\" \/>\n<meta name=\"twitter:card\" content=\"summary_large_image\" \/>\n<meta name=\"twitter:label1\" content=\"Verfasst von\" \/>\n\t<meta name=\"twitter:data1\" content=\"georg.blenk@krafthand-medien.de\" \/>\n\t<meta name=\"twitter:label2\" content=\"Gesch\u00e4tzte Lesezeit\" \/>\n\t<meta name=\"twitter:data2\" content=\"4\u00a0Minuten\" \/>\n<script type=\"application\/ld+json\" class=\"yoast-schema-graph\">{\"@context\":\"https:\\\/\\\/schema.org\",\"@graph\":[{\"@type\":\"Article\",\"@id\":\"https:\\\/\\\/www.krafthand.de\\\/truck\\\/artikel\\\/kopfarbeit-hintergrundwissen-zur-zylinderkopfdichtung-39737\\\/#article\",\"isPartOf\":{\"@id\":\"https:\\\/\\\/www.krafthand.de\\\/truck\\\/artikel\\\/kopfarbeit-hintergrundwissen-zur-zylinderkopfdichtung-39737\\\/\"},\"author\":{\"name\":\"georg.blenk@krafthand-medien.de\",\"@id\":\"https:\\\/\\\/www.krafthand.de\\\/truck\\\/#\\\/schema\\\/person\\\/51fa80b1c57034c4bf63f9f988fc24ce\"},\"headline\":\"Kopfarbeit: Hintergrundwissen zur Zylinderkopfdichtung\",\"datePublished\":\"2024-05-17T09:41:40+00:00\",\"dateModified\":\"2024-05-17T09:53:04+00:00\",\"mainEntityOfPage\":{\"@id\":\"https:\\\/\\\/www.krafthand.de\\\/truck\\\/artikel\\\/kopfarbeit-hintergrundwissen-zur-zylinderkopfdichtung-39737\\\/\"},\"wordCount\":645,\"image\":{\"@id\":\"https:\\\/\\\/www.krafthand.de\\\/truck\\\/artikel\\\/kopfarbeit-hintergrundwissen-zur-zylinderkopfdichtung-39737\\\/#primaryimage\"},\"thumbnailUrl\":\"https:\\\/\\\/static.krafthand-truck.de\\\/uploads\\\/2024\\\/05\\\/ElringKlinger_Zylinderkopfdichtung_Lkw_01.jpg\",\"keywords\":[\"ElringKlinger\",\"Florian Kiziak\",\"Zylinderkopfdichtung\"],\"articleSection\":[\"Antrieb (Motor\\\/Getriebe)\",\"Ersatzteile\\\/Zubeh\u00f6r\",\"Werkstattpraxis\"],\"inLanguage\":\"de\"},{\"@type\":\"WebPage\",\"@id\":\"https:\\\/\\\/www.krafthand.de\\\/truck\\\/artikel\\\/kopfarbeit-hintergrundwissen-zur-zylinderkopfdichtung-39737\\\/\",\"url\":\"https:\\\/\\\/www.krafthand.de\\\/truck\\\/artikel\\\/kopfarbeit-hintergrundwissen-zur-zylinderkopfdichtung-39737\\\/\",\"name\":\"Hintergrundwissen zur Lkw-Zylinderkopfdichtung I Krafthand-Truck\",\"isPartOf\":{\"@id\":\"https:\\\/\\\/www.krafthand.de\\\/truck\\\/#website\"},\"primaryImageOfPage\":{\"@id\":\"https:\\\/\\\/www.krafthand.de\\\/truck\\\/artikel\\\/kopfarbeit-hintergrundwissen-zur-zylinderkopfdichtung-39737\\\/#primaryimage\"},\"image\":{\"@id\":\"https:\\\/\\\/www.krafthand.de\\\/truck\\\/artikel\\\/kopfarbeit-hintergrundwissen-zur-zylinderkopfdichtung-39737\\\/#primaryimage\"},\"thumbnailUrl\":\"https:\\\/\\\/static.krafthand-truck.de\\\/uploads\\\/2024\\\/05\\\/ElringKlinger_Zylinderkopfdichtung_Lkw_01.jpg\",\"datePublished\":\"2024-05-17T09:41:40+00:00\",\"dateModified\":\"2024-05-17T09:53:04+00:00\",\"author\":{\"@id\":\"https:\\\/\\\/www.krafthand.de\\\/truck\\\/#\\\/schema\\\/person\\\/51fa80b1c57034c4bf63f9f988fc24ce\"},\"description\":\"Moderne Zylinderkopfdichtungen bestehen aus gesickten, ein- oder mehrlagigen Elastomer-beschichteten Federstahllagen.\",\"breadcrumb\":{\"@id\":\"https:\\\/\\\/www.krafthand.de\\\/truck\\\/artikel\\\/kopfarbeit-hintergrundwissen-zur-zylinderkopfdichtung-39737\\\/#breadcrumb\"},\"inLanguage\":\"de\",\"potentialAction\":[{\"@type\":\"ReadAction\",\"target\":[\"https:\\\/\\\/www.krafthand.de\\\/truck\\\/artikel\\\/kopfarbeit-hintergrundwissen-zur-zylinderkopfdichtung-39737\\\/\"]}]},{\"@type\":\"ImageObject\",\"inLanguage\":\"de\",\"@id\":\"https:\\\/\\\/www.krafthand.de\\\/truck\\\/artikel\\\/kopfarbeit-hintergrundwissen-zur-zylinderkopfdichtung-39737\\\/#primaryimage\",\"url\":\"https:\\\/\\\/static.krafthand-truck.de\\\/uploads\\\/2024\\\/05\\\/ElringKlinger_Zylinderkopfdichtung_Lkw_01.jpg\",\"contentUrl\":\"https:\\\/\\\/static.krafthand-truck.de\\\/uploads\\\/2024\\\/05\\\/ElringKlinger_Zylinderkopfdichtung_Lkw_01.jpg\",\"width\":1200,\"height\":649},{\"@type\":\"BreadcrumbList\",\"@id\":\"https:\\\/\\\/www.krafthand.de\\\/truck\\\/artikel\\\/kopfarbeit-hintergrundwissen-zur-zylinderkopfdichtung-39737\\\/#breadcrumb\",\"itemListElement\":[{\"@type\":\"ListItem\",\"position\":1,\"name\":\"Krafthand-Truck\",\"item\":\"https:\\\/\\\/www.krafthand.de\\\/truck\\\/\"},{\"@type\":\"ListItem\",\"position\":2,\"name\":\"Nfz-Service\",\"item\":\"https:\\\/\\\/www.krafthand.de\\\/truck\\\/kategorie\\\/nfz-service\\\/\"},{\"@type\":\"ListItem\",\"position\":3,\"name\":\"Ersatzteile\\\/Zubeh\u00f6r\",\"item\":\"https:\\\/\\\/www.krafthand.de\\\/truck\\\/kategorie\\\/nfz-service\\\/ersatzteile-zubehoer\\\/\"},{\"@type\":\"ListItem\",\"position\":4,\"name\":\"Kopfarbeit: Hintergrundwissen zur Zylinderkopfdichtung\"}]},{\"@type\":\"WebSite\",\"@id\":\"https:\\\/\\\/www.krafthand.de\\\/truck\\\/#website\",\"url\":\"https:\\\/\\\/www.krafthand.de\\\/truck\\\/\",\"name\":\"Krafthand-Truck\",\"description\":\"\",\"potentialAction\":[{\"@type\":\"SearchAction\",\"target\":{\"@type\":\"EntryPoint\",\"urlTemplate\":\"https:\\\/\\\/www.krafthand.de\\\/truck\\\/?s={search_term_string}\"},\"query-input\":{\"@type\":\"PropertyValueSpecification\",\"valueRequired\":true,\"valueName\":\"search_term_string\"}}],\"inLanguage\":\"de\"},{\"@type\":\"Person\",\"@id\":\"https:\\\/\\\/www.krafthand.de\\\/truck\\\/#\\\/schema\\\/person\\\/51fa80b1c57034c4bf63f9f988fc24ce\",\"name\":\"georg.blenk@krafthand-medien.de\",\"image\":{\"@type\":\"ImageObject\",\"inLanguage\":\"de\",\"@id\":\"https:\\\/\\\/secure.gravatar.com\\\/avatar\\\/93713c30affe0aa95d3a4130e499bb1abee2eb31adbdd9ce2aa1543538490215?s=96&d=mm&r=g\",\"url\":\"https:\\\/\\\/secure.gravatar.com\\\/avatar\\\/93713c30affe0aa95d3a4130e499bb1abee2eb31adbdd9ce2aa1543538490215?s=96&d=mm&r=g\",\"contentUrl\":\"https:\\\/\\\/secure.gravatar.com\\\/avatar\\\/93713c30affe0aa95d3a4130e499bb1abee2eb31adbdd9ce2aa1543538490215?s=96&d=mm&r=g\",\"caption\":\"georg.blenk@krafthand-medien.de\"}}]}<\/script>\n<!-- \/ Yoast SEO plugin. -->","yoast_head_json":{"title":"Hintergrundwissen zur Lkw-Zylinderkopfdichtung I Krafthand-Truck","description":"Moderne Zylinderkopfdichtungen bestehen aus gesickten, ein- oder mehrlagigen Elastomer-beschichteten Federstahllagen.","robots":{"index":"index","follow":"follow","max-snippet":"max-snippet:-1","max-image-preview":"max-image-preview:large","max-video-preview":"max-video-preview:-1"},"canonical":"https:\/\/www.krafthand.de\/truck\/artikel\/kopfarbeit-hintergrundwissen-zur-zylinderkopfdichtung-39737\/","og_locale":"de_DE","og_type":"article","og_title":"Hintergrundwissen zur Lkw-Zylinderkopfdichtung I Krafthand-Truck","og_description":"Moderne Zylinderkopfdichtungen bestehen aus gesickten, ein- oder mehrlagigen Elastomer-beschichteten Federstahllagen.","og_url":"https:\/\/www.krafthand-truck.de\/artikel\/kopfarbeit-hintergrundwissen-zur-zylinderkopfdichtung-39737\/","og_site_name":"Krafthand-Truck","article_published_time":"2024-05-17T09:41:40+00:00","article_modified_time":"2024-05-17T09:53:04+00:00","og_image":[{"width":1200,"height":649,"url":"https:\/\/static.krafthand-truck.de\/uploads\/2024\/05\/ElringKlinger_Zylinderkopfdichtung_Lkw_01.jpg","type":"image\/jpeg"}],"author":"georg.blenk@krafthand-medien.de","twitter_card":"summary_large_image","twitter_misc":{"Verfasst von":"georg.blenk@krafthand-medien.de","Gesch\u00e4tzte Lesezeit":"4\u00a0Minuten"},"schema":{"@context":"https:\/\/schema.org","@graph":[{"@type":"Article","@id":"https:\/\/www.krafthand.de\/truck\/artikel\/kopfarbeit-hintergrundwissen-zur-zylinderkopfdichtung-39737\/#article","isPartOf":{"@id":"https:\/\/www.krafthand.de\/truck\/artikel\/kopfarbeit-hintergrundwissen-zur-zylinderkopfdichtung-39737\/"},"author":{"name":"georg.blenk@krafthand-medien.de","@id":"https:\/\/www.krafthand.de\/truck\/#\/schema\/person\/51fa80b1c57034c4bf63f9f988fc24ce"},"headline":"Kopfarbeit: Hintergrundwissen zur Zylinderkopfdichtung","datePublished":"2024-05-17T09:41:40+00:00","dateModified":"2024-05-17T09:53:04+00:00","mainEntityOfPage":{"@id":"https:\/\/www.krafthand.de\/truck\/artikel\/kopfarbeit-hintergrundwissen-zur-zylinderkopfdichtung-39737\/"},"wordCount":645,"image":{"@id":"https:\/\/www.krafthand.de\/truck\/artikel\/kopfarbeit-hintergrundwissen-zur-zylinderkopfdichtung-39737\/#primaryimage"},"thumbnailUrl":"https:\/\/static.krafthand-truck.de\/uploads\/2024\/05\/ElringKlinger_Zylinderkopfdichtung_Lkw_01.jpg","keywords":["ElringKlinger","Florian Kiziak","Zylinderkopfdichtung"],"articleSection":["Antrieb (Motor\/Getriebe)","Ersatzteile\/Zubeh\u00f6r","Werkstattpraxis"],"inLanguage":"de"},{"@type":"WebPage","@id":"https:\/\/www.krafthand.de\/truck\/artikel\/kopfarbeit-hintergrundwissen-zur-zylinderkopfdichtung-39737\/","url":"https:\/\/www.krafthand.de\/truck\/artikel\/kopfarbeit-hintergrundwissen-zur-zylinderkopfdichtung-39737\/","name":"Hintergrundwissen zur Lkw-Zylinderkopfdichtung I Krafthand-Truck","isPartOf":{"@id":"https:\/\/www.krafthand.de\/truck\/#website"},"primaryImageOfPage":{"@id":"https:\/\/www.krafthand.de\/truck\/artikel\/kopfarbeit-hintergrundwissen-zur-zylinderkopfdichtung-39737\/#primaryimage"},"image":{"@id":"https:\/\/www.krafthand.de\/truck\/artikel\/kopfarbeit-hintergrundwissen-zur-zylinderkopfdichtung-39737\/#primaryimage"},"thumbnailUrl":"https:\/\/static.krafthand-truck.de\/uploads\/2024\/05\/ElringKlinger_Zylinderkopfdichtung_Lkw_01.jpg","datePublished":"2024-05-17T09:41:40+00:00","dateModified":"2024-05-17T09:53:04+00:00","author":{"@id":"https:\/\/www.krafthand.de\/truck\/#\/schema\/person\/51fa80b1c57034c4bf63f9f988fc24ce"},"description":"Moderne Zylinderkopfdichtungen bestehen aus gesickten, ein- oder mehrlagigen Elastomer-beschichteten Federstahllagen.","breadcrumb":{"@id":"https:\/\/www.krafthand.de\/truck\/artikel\/kopfarbeit-hintergrundwissen-zur-zylinderkopfdichtung-39737\/#breadcrumb"},"inLanguage":"de","potentialAction":[{"@type":"ReadAction","target":["https:\/\/www.krafthand.de\/truck\/artikel\/kopfarbeit-hintergrundwissen-zur-zylinderkopfdichtung-39737\/"]}]},{"@type":"ImageObject","inLanguage":"de","@id":"https:\/\/www.krafthand.de\/truck\/artikel\/kopfarbeit-hintergrundwissen-zur-zylinderkopfdichtung-39737\/#primaryimage","url":"https:\/\/static.krafthand-truck.de\/uploads\/2024\/05\/ElringKlinger_Zylinderkopfdichtung_Lkw_01.jpg","contentUrl":"https:\/\/static.krafthand-truck.de\/uploads\/2024\/05\/ElringKlinger_Zylinderkopfdichtung_Lkw_01.jpg","width":1200,"height":649},{"@type":"BreadcrumbList","@id":"https:\/\/www.krafthand.de\/truck\/artikel\/kopfarbeit-hintergrundwissen-zur-zylinderkopfdichtung-39737\/#breadcrumb","itemListElement":[{"@type":"ListItem","position":1,"name":"Krafthand-Truck","item":"https:\/\/www.krafthand.de\/truck\/"},{"@type":"ListItem","position":2,"name":"Nfz-Service","item":"https:\/\/www.krafthand.de\/truck\/kategorie\/nfz-service\/"},{"@type":"ListItem","position":3,"name":"Ersatzteile\/Zubeh\u00f6r","item":"https:\/\/www.krafthand.de\/truck\/kategorie\/nfz-service\/ersatzteile-zubehoer\/"},{"@type":"ListItem","position":4,"name":"Kopfarbeit: Hintergrundwissen zur Zylinderkopfdichtung"}]},{"@type":"WebSite","@id":"https:\/\/www.krafthand.de\/truck\/#website","url":"https:\/\/www.krafthand.de\/truck\/","name":"Krafthand-Truck","description":"","potentialAction":[{"@type":"SearchAction","target":{"@type":"EntryPoint","urlTemplate":"https:\/\/www.krafthand.de\/truck\/?s={search_term_string}"},"query-input":{"@type":"PropertyValueSpecification","valueRequired":true,"valueName":"search_term_string"}}],"inLanguage":"de"},{"@type":"Person","@id":"https:\/\/www.krafthand.de\/truck\/#\/schema\/person\/51fa80b1c57034c4bf63f9f988fc24ce","name":"georg.blenk@krafthand-medien.de","image":{"@type":"ImageObject","inLanguage":"de","@id":"https:\/\/secure.gravatar.com\/avatar\/93713c30affe0aa95d3a4130e499bb1abee2eb31adbdd9ce2aa1543538490215?s=96&d=mm&r=g","url":"https:\/\/secure.gravatar.com\/avatar\/93713c30affe0aa95d3a4130e499bb1abee2eb31adbdd9ce2aa1543538490215?s=96&d=mm&r=g","contentUrl":"https:\/\/secure.gravatar.com\/avatar\/93713c30affe0aa95d3a4130e499bb1abee2eb31adbdd9ce2aa1543538490215?s=96&d=mm&r=g","caption":"georg.blenk@krafthand-medien.de"}}]}},"_links":{"self":[{"href":"https:\/\/www.krafthand.de\/truck\/wp-json\/wp\/v2\/posts\/39737","targetHints":{"allow":["GET"]}}],"collection":[{"href":"https:\/\/www.krafthand.de\/truck\/wp-json\/wp\/v2\/posts"}],"about":[{"href":"https:\/\/www.krafthand.de\/truck\/wp-json\/wp\/v2\/types\/post"}],"author":[{"embeddable":true,"href":"https:\/\/www.krafthand.de\/truck\/wp-json\/wp\/v2\/users\/9"}],"replies":[{"embeddable":true,"href":"https:\/\/www.krafthand.de\/truck\/wp-json\/wp\/v2\/comments?post=39737"}],"version-history":[{"count":10,"href":"https:\/\/www.krafthand.de\/truck\/wp-json\/wp\/v2\/posts\/39737\/revisions"}],"predecessor-version":[{"id":39750,"href":"https:\/\/www.krafthand.de\/truck\/wp-json\/wp\/v2\/posts\/39737\/revisions\/39750"}],"wp:featuredmedia":[{"embeddable":true,"href":"https:\/\/www.krafthand.de\/truck\/wp-json\/wp\/v2\/media\/39739"}],"wp:attachment":[{"href":"https:\/\/www.krafthand.de\/truck\/wp-json\/wp\/v2\/media?parent=39737"}],"wp:term":[{"taxonomy":"category","embeddable":true,"href":"https:\/\/www.krafthand.de\/truck\/wp-json\/wp\/v2\/categories?post=39737"},{"taxonomy":"post_tag","embeddable":true,"href":"https:\/\/www.krafthand.de\/truck\/wp-json\/wp\/v2\/tags?post=39737"},{"taxonomy":"settings","embeddable":true,"href":"https:\/\/www.krafthand.de\/truck\/wp-json\/wp\/v2\/settings?post=39737"}],"curies":[{"name":"wp","href":"https:\/\/api.w.org\/{rel}","templated":true}]}}