{"id":39722,"date":"2024-05-15T10:01:35","date_gmt":"2024-05-15T08:01:35","guid":{"rendered":"https:\/\/www.krafthand.de\/truck\/?p=39722"},"modified":"2025-12-02T11:10:32","modified_gmt":"2025-12-02T10:10:32","slug":"power2drive-neues-mobiles-schnellladegeraet-von-designwerk","status":"publish","type":"post","link":"https:\/\/www.krafthand.de\/truck\/artikel\/power2drive-neues-mobiles-schnellladegeraet-von-designwerk-39722\/","title":{"rendered":"Power2Drive: Neues, mobiles Schnellladeger\u00e4t von Designwerk"},"content":{"rendered":"<p>Die Designwerk Technologies AG baut nicht nur vollelektrische Nutzfahrzeuge, die bereits in zahlreichen Anwendungen, beispielsweise als M\u00fcllsammelfahrzeuge, auf den Stra\u00dfen unterwegs sind, sondern entwickelt auch mobile Schnelllade- und Speicherl\u00f6sungen im Megawattbereich. Das Unternehmen aus Winterthur in der Schweiz wurde bereits 2008 gegr\u00fcndet und profitiert seit 2021 von der Partnerschaft mit der VOLVO-Group, die sechzig Prozent am Unternehmen h\u00e4lt. So dient beispielsweise der Volvo FH als Basis f\u00fcr die elektrische Zugmaschine \u201aHigh Cab\u2018, die es in verschiedenen Varianten gibt.<\/p>\n<h3>Der MDC 88-920 Charger<\/h3>\n<p>Jetzt hat Designwerk mit dem MDC 88-920 Charger einen neuen, mobilen Schnelllader vorgestellt, der die gesteigerte Nachfrage, Nutzfahrzeuge mit einer Batteriekapazit\u00e4t von mehr als 500 Kilowattstunden zu laden, bedienen soll. Aufgrund des Einsatzes modernster SiC-Halbleiter mit geringen Schaltverlusten, einer ausgekl\u00fcgelten Schaltungstopologie und einer neuen Luftk\u00fchlung ist der Schnelllader der neuesten Generation laut <a href=\"https:\/\/www.designwerk.com\" target=\"_blank\" rel=\"noopener\">Designwerk<\/a> noch kompakter und besonders leistungsstark. So erm\u00f6glicht der MDC 88-920 eine dauerhaft hohe Ladeleistung von 84 Kilowatt bei bis zu 1.000 Volt Spannung. Bei einer Batteriekapazit\u00e4t von 400 Kilowatt erfolgt das Laden mit Gleichstrom in unter vier Stunden von zehn auf 80 Prozent des Batterieladestands (State-of-Charge, SOC), bei einer Batteriekapazit\u00e4t von 1.000 Kilowatt entsprechend in zirka zehn Stunden.<\/p>\n<blockquote><p>\u201eDie neueste Generation des mobilen Schnellladers ist kleiner und kompakter als ihr Vorg\u00e4ngermodell und kann gleichzeitig zwei Fahrzeuge mit jeweils 42 Kilowatt laden. Elektrische Fahrzeuge mit h\u00f6heren Batteriekapazit\u00e4ten wie beispielsweise Lastwagen, M\u00fcllsammel- oder Kanalreinigungsfahrzeuge k\u00f6nnen flexibel und \u00fcber Nacht geladen werden&#8220;, erkl\u00e4rt Thorben Maier, Leiter Vertrieb Ladetechnik bei Designwerk.<\/p><\/blockquote>\n<figure id=\"attachment_39725\" aria-describedby=\"caption-attachment-39725\" style=\"width: 420px\" class=\"wp-caption alignleft\"><a href=\"https:\/\/static.krafthand-truck.de\/uploads\/2024\/05\/Designwerk_mobiles_Ladegeraet_88_920.jpg\" target=\"_blank\" rel=\"noopener\"><img fetchpriority=\"high\" decoding=\"async\" class=\"wp-image-39725\" src=\"https:\/\/static.krafthand-truck.de\/uploads\/2024\/05\/Designwerk_mobiles_Ladegeraet_88_920-300x185.jpg\" alt=\"\" width=\"420\" height=\"259\" srcset=\"https:\/\/static.krafthand-truck.de\/uploads\/2024\/05\/Designwerk_mobiles_Ladegeraet_88_920-300x185.jpg 300w, https:\/\/static.krafthand-truck.de\/uploads\/2024\/05\/Designwerk_mobiles_Ladegeraet_88_920-1024x631.jpg 1024w, https:\/\/static.krafthand-truck.de\/uploads\/2024\/05\/Designwerk_mobiles_Ladegeraet_88_920-768x474.jpg 768w, https:\/\/static.krafthand-truck.de\/uploads\/2024\/05\/Designwerk_mobiles_Ladegeraet_88_920.jpg 1200w\" sizes=\"(max-width: 420px) 100vw, 420px\" \/><\/a><figcaption id=\"caption-attachment-39725\" class=\"wp-caption-text\">Der MDC 88-920 ist einfach zu bedienen und verf\u00fcgt \u00fcber die neuste Generation von Leistungselektronik.<\/figcaption><\/figure>\n<h3>Hohe Kompatibilit\u00e4t<\/h3>\n<p>Der MDC 88-920 soll auch durch seinen hohen Aktionsradius punkten. Mit dem Rollenset sei er, trotz seiner 183 Kg Gewicht, leicht zu transportieren und in Werkst\u00e4tten, Logistik- und Truck-Depots flexibel einsetzbar. Der Schnelllader verf\u00fcgt dar\u00fcber hinaus \u00fcber die neuste Generation von Leistungselektronik. Er bezieht an den g\u00e4ngigen Industriesteckdosenformaten CEE 63 und CEE125 Strom und kann Fahrzeuge mit den Ladestandards CCS Typ 1 und 2, CHAdeMO sowie dem chinesischen GB\/T-Standard laden. Zus\u00e4tzlich k\u00f6nnen die Ladestandards NACS und der neue Standard MCS eingebunden werden. Kommunen und Kunden, die am Haupt- und Nebenstandort unterschiedliche Anschl\u00fcsse haben, k\u00f6nnen schnell das Kabel tauschen. Anwender werden beim so beim Lademanagement unterst\u00fctzt. <em>\u201e\u00dcber Schnittstellen k\u00f6nnen zus\u00e4tzlich Ladevorg\u00e4nge analysiert und Diagnosen erstellt werden\u201c<\/em>, so Maier.<br \/>\nHinzu kommt: Anders als bei station\u00e4ren Ladestation ist die Ladesysteme von Designwerk kein Personal und finanzieller Aufwand f\u00fcr die Installation erforderlich. Die Einheit ist kann an eine handels\u00fcbliche CEE-Steckdose angeschlossen werden, ohne weitere Installationskosten.<\/p>\n<p>Das neue Schnellladeger\u00e4t MDC 88-920 ist erstmals auf der Fachmesse <a href=\"https:\/\/www.powertodrive.de\/start\" target=\"_blank\" rel=\"noopener\">Power2Drive<\/a> (19.-21.6.2024) in M\u00fcnchen zu sehen.<\/p>\n<p><i>Den Beitrag finden Sie auch in der Print-Ausgabe 2-2024 der <a href=\"https:\/\/www.krafthand.de\/truck\/magazin\/\" title=\"Zum Magazin\">Krafthand-Truck<\/a>.<\/i><\/p>\r\n\t\t\t\t<div class=\"post-author\">\r\n\t\t\t\t\t<div class=\"khm-cp-author clearfix\">\r\n\t\t\t\t\t\t<div class=\"khm-cp-author__content\">\r\n\t\t\t\t\t\t\t\tKontakt zum Autor:<br \/>\r\n\t\t\t\t\t\t\t\t<strong>Georg Blenk<\/strong>, 08247 \/ 3007-45 |  <a href=\"mailto:georg.blenk@krafthand-medien.de\">georg.blenk@krafthand-medien.de<\/a>\r\n\t\t\t\t\t\t\t<div class=\"khm-cp-author__image\">\r\n\t\t\t\t\t\t<img src=\"https:\/\/static.krafthand-truck.de\/uploads\/2021\/01\/Blenk_6104-250x300-1-removebg-preview.png\" class=\"img-responsive\">\r\n\t\t\t\t\t<\/div>\r\n\t\t\t\t\t\t<\/div>\r\n\t\t\t\t\t<\/div>\r\n\t\t\t\t<\/div>\r\n\t\t\t\t","protected":false},"excerpt":{"rendered":"<p>Designwerk hat mit dem MDC 88-920 Charger einen neuen, mobilen Schnelllader vorgestellt, der die gesteigerte Nachfrage, Nutzfahrzeuge mit einer Batteriekapazit\u00e4t von mehr als 500 Kilowattstunden zu laden, bedienen soll. Das Ger\u00e4t wird in M\u00fcnchen auf der Fachmesse &#8218;Power2Drive&#8216; erstmals zu sehen sein. <span class=\"excerpt-more__dots\">&#8230;<\/span> <a class=\"excerpt-more__link\" href=\"https:\/\/www.krafthand.de\/truck\/artikel\/power2drive-neues-mobiles-schnellladegeraet-von-designwerk-39722\/\" >weiter<\/a><\/p>\n","protected":false},"author":9,"featured_media":39723,"comment_status":"closed","ping_status":"closed","sticky":false,"template":"","format":"standard","meta":{"footnotes":""},"categories":[4224,6375,4236,4220],"tags":[5161,4177,5942,5943,5941],"settings":[3524,4766,3523],"class_list":["post-39722","post","type-post","status-publish","format-standard","has-post-thumbnail","hentry","category-e-antrieb","category-lade-tank-infrastruktur","category-veranstaltungen","category-werkstattausruestung","tag-designwerk","tag-e-lkw","tag-mdc-88-920","tag-megawattladen","tag-mobiles-ladegeraet"],"yoast_head":"<!-- This site is optimized with the Yoast SEO plugin v27.3 - https:\/\/yoast.com\/product\/yoast-seo-wordpress\/ -->\n<title>Power2Drive: Neues, mobiles Schnellladeger\u00e4t von Designwerk - Krafthand-Truck<\/title>\n<meta name=\"description\" content=\"Designwerk Technologies hat mit dem MDC 88-920 Charger einen neuen, mobilen Schnelllader f\u00fcr Lkw vorgestellt.\" \/>\n<meta name=\"robots\" content=\"index, follow, max-snippet:-1, max-image-preview:large, max-video-preview:-1\" \/>\n<link rel=\"canonical\" href=\"https:\/\/www.krafthand.de\/truck\/artikel\/power2drive-neues-mobiles-schnellladegeraet-von-designwerk-39722\/\" \/>\n<meta property=\"og:locale\" content=\"de_DE\" \/>\n<meta property=\"og:type\" content=\"article\" \/>\n<meta property=\"og:title\" content=\"Power2Drive: Neues, mobiles Schnellladeger\u00e4t von Designwerk - Krafthand-Truck\" \/>\n<meta property=\"og:description\" content=\"Designwerk Technologies hat mit dem MDC 88-920 Charger einen neuen, mobilen Schnelllader f\u00fcr Lkw vorgestellt.\" \/>\n<meta property=\"og:url\" content=\"https:\/\/www.krafthand-truck.de\/artikel\/power2drive-neues-mobiles-schnellladegeraet-von-designwerk-39722\/\" \/>\n<meta property=\"og:site_name\" content=\"Krafthand-Truck\" \/>\n<meta property=\"article:published_time\" content=\"2024-05-15T08:01:35+00:00\" \/>\n<meta property=\"article:modified_time\" content=\"2025-12-02T10:10:32+00:00\" \/>\n<meta property=\"og:image\" content=\"https:\/\/static.krafthand-truck.de\/uploads\/2024\/05\/Designwerk_mobile_Charger_MDC_98_920_eLkw.jpg\" \/>\n\t<meta property=\"og:image:width\" content=\"1200\" \/>\n\t<meta property=\"og:image:height\" content=\"587\" \/>\n\t<meta property=\"og:image:type\" content=\"image\/jpeg\" \/>\n<meta name=\"author\" content=\"georg.blenk@krafthand-medien.de\" \/>\n<meta name=\"twitter:card\" content=\"summary_large_image\" \/>\n<meta name=\"twitter:label1\" content=\"Verfasst von\" \/>\n\t<meta name=\"twitter:data1\" content=\"georg.blenk@krafthand-medien.de\" \/>\n\t<meta name=\"twitter:label2\" content=\"Gesch\u00e4tzte Lesezeit\" \/>\n\t<meta name=\"twitter:data2\" content=\"3\u00a0Minuten\" \/>\n<script type=\"application\/ld+json\" class=\"yoast-schema-graph\">{\"@context\":\"https:\\\/\\\/schema.org\",\"@graph\":[{\"@type\":\"Article\",\"@id\":\"https:\\\/\\\/www.krafthand.de\\\/truck\\\/artikel\\\/power2drive-neues-mobiles-schnellladegeraet-von-designwerk-39722\\\/#article\",\"isPartOf\":{\"@id\":\"https:\\\/\\\/www.krafthand.de\\\/truck\\\/artikel\\\/power2drive-neues-mobiles-schnellladegeraet-von-designwerk-39722\\\/\"},\"author\":{\"name\":\"georg.blenk@krafthand-medien.de\",\"@id\":\"https:\\\/\\\/www.krafthand.de\\\/truck\\\/#\\\/schema\\\/person\\\/51fa80b1c57034c4bf63f9f988fc24ce\"},\"headline\":\"Power2Drive: Neues, mobiles Schnellladeger\u00e4t von Designwerk\",\"datePublished\":\"2024-05-15T08:01:35+00:00\",\"dateModified\":\"2025-12-02T10:10:32+00:00\",\"mainEntityOfPage\":{\"@id\":\"https:\\\/\\\/www.krafthand.de\\\/truck\\\/artikel\\\/power2drive-neues-mobiles-schnellladegeraet-von-designwerk-39722\\\/\"},\"wordCount\":467,\"image\":{\"@id\":\"https:\\\/\\\/www.krafthand.de\\\/truck\\\/artikel\\\/power2drive-neues-mobiles-schnellladegeraet-von-designwerk-39722\\\/#primaryimage\"},\"thumbnailUrl\":\"https:\\\/\\\/static.krafthand-truck.de\\\/uploads\\\/2024\\\/05\\\/Designwerk_mobile_Charger_MDC_98_920_eLkw.jpg\",\"keywords\":[\"Designwerk\",\"E-Lkw\",\"MDC-88-920\",\"Megawattladen\",\"mobiles Ladeger\u00e4t\"],\"articleSection\":[\"E-Antrieb (BEV\\\/FCEV)\",\"Lade-\\\/Tank-Infrastruktur\",\"Veranstaltungen\\\/Messen\",\"Werkstattausr\u00fcstung\"],\"inLanguage\":\"de\"},{\"@type\":\"WebPage\",\"@id\":\"https:\\\/\\\/www.krafthand.de\\\/truck\\\/artikel\\\/power2drive-neues-mobiles-schnellladegeraet-von-designwerk-39722\\\/\",\"url\":\"https:\\\/\\\/www.krafthand.de\\\/truck\\\/artikel\\\/power2drive-neues-mobiles-schnellladegeraet-von-designwerk-39722\\\/\",\"name\":\"Power2Drive: Neues, mobiles Schnellladeger\u00e4t von Designwerk - Krafthand-Truck\",\"isPartOf\":{\"@id\":\"https:\\\/\\\/www.krafthand.de\\\/truck\\\/#website\"},\"primaryImageOfPage\":{\"@id\":\"https:\\\/\\\/www.krafthand.de\\\/truck\\\/artikel\\\/power2drive-neues-mobiles-schnellladegeraet-von-designwerk-39722\\\/#primaryimage\"},\"image\":{\"@id\":\"https:\\\/\\\/www.krafthand.de\\\/truck\\\/artikel\\\/power2drive-neues-mobiles-schnellladegeraet-von-designwerk-39722\\\/#primaryimage\"},\"thumbnailUrl\":\"https:\\\/\\\/static.krafthand-truck.de\\\/uploads\\\/2024\\\/05\\\/Designwerk_mobile_Charger_MDC_98_920_eLkw.jpg\",\"datePublished\":\"2024-05-15T08:01:35+00:00\",\"dateModified\":\"2025-12-02T10:10:32+00:00\",\"author\":{\"@id\":\"https:\\\/\\\/www.krafthand.de\\\/truck\\\/#\\\/schema\\\/person\\\/51fa80b1c57034c4bf63f9f988fc24ce\"},\"description\":\"Designwerk Technologies hat mit dem MDC 88-920 Charger einen neuen, mobilen Schnelllader f\u00fcr Lkw vorgestellt.\",\"breadcrumb\":{\"@id\":\"https:\\\/\\\/www.krafthand.de\\\/truck\\\/artikel\\\/power2drive-neues-mobiles-schnellladegeraet-von-designwerk-39722\\\/#breadcrumb\"},\"inLanguage\":\"de\",\"potentialAction\":[{\"@type\":\"ReadAction\",\"target\":[\"https:\\\/\\\/www.krafthand.de\\\/truck\\\/artikel\\\/power2drive-neues-mobiles-schnellladegeraet-von-designwerk-39722\\\/\"]}]},{\"@type\":\"ImageObject\",\"inLanguage\":\"de\",\"@id\":\"https:\\\/\\\/www.krafthand.de\\\/truck\\\/artikel\\\/power2drive-neues-mobiles-schnellladegeraet-von-designwerk-39722\\\/#primaryimage\",\"url\":\"https:\\\/\\\/static.krafthand-truck.de\\\/uploads\\\/2024\\\/05\\\/Designwerk_mobile_Charger_MDC_98_920_eLkw.jpg\",\"contentUrl\":\"https:\\\/\\\/static.krafthand-truck.de\\\/uploads\\\/2024\\\/05\\\/Designwerk_mobile_Charger_MDC_98_920_eLkw.jpg\",\"width\":1200,\"height\":587},{\"@type\":\"BreadcrumbList\",\"@id\":\"https:\\\/\\\/www.krafthand.de\\\/truck\\\/artikel\\\/power2drive-neues-mobiles-schnellladegeraet-von-designwerk-39722\\\/#breadcrumb\",\"itemListElement\":[{\"@type\":\"ListItem\",\"position\":1,\"name\":\"Krafthand-Truck\",\"item\":\"https:\\\/\\\/www.krafthand.de\\\/truck\\\/\"},{\"@type\":\"ListItem\",\"position\":2,\"name\":\"Nfz-Branche\",\"item\":\"https:\\\/\\\/www.krafthand.de\\\/truck\\\/kategorie\\\/branche\\\/\"},{\"@type\":\"ListItem\",\"position\":3,\"name\":\"Veranstaltungen\\\/Messen\",\"item\":\"https:\\\/\\\/www.krafthand.de\\\/truck\\\/kategorie\\\/branche\\\/veranstaltungen\\\/\"},{\"@type\":\"ListItem\",\"position\":4,\"name\":\"Power2Drive: Neues, mobiles Schnellladeger\u00e4t von Designwerk\"}]},{\"@type\":\"WebSite\",\"@id\":\"https:\\\/\\\/www.krafthand.de\\\/truck\\\/#website\",\"url\":\"https:\\\/\\\/www.krafthand.de\\\/truck\\\/\",\"name\":\"Krafthand-Truck\",\"description\":\"\",\"potentialAction\":[{\"@type\":\"SearchAction\",\"target\":{\"@type\":\"EntryPoint\",\"urlTemplate\":\"https:\\\/\\\/www.krafthand.de\\\/truck\\\/?s={search_term_string}\"},\"query-input\":{\"@type\":\"PropertyValueSpecification\",\"valueRequired\":true,\"valueName\":\"search_term_string\"}}],\"inLanguage\":\"de\"},{\"@type\":\"Person\",\"@id\":\"https:\\\/\\\/www.krafthand.de\\\/truck\\\/#\\\/schema\\\/person\\\/51fa80b1c57034c4bf63f9f988fc24ce\",\"name\":\"georg.blenk@krafthand-medien.de\",\"image\":{\"@type\":\"ImageObject\",\"inLanguage\":\"de\",\"@id\":\"https:\\\/\\\/secure.gravatar.com\\\/avatar\\\/93713c30affe0aa95d3a4130e499bb1abee2eb31adbdd9ce2aa1543538490215?s=96&d=mm&r=g\",\"url\":\"https:\\\/\\\/secure.gravatar.com\\\/avatar\\\/93713c30affe0aa95d3a4130e499bb1abee2eb31adbdd9ce2aa1543538490215?s=96&d=mm&r=g\",\"contentUrl\":\"https:\\\/\\\/secure.gravatar.com\\\/avatar\\\/93713c30affe0aa95d3a4130e499bb1abee2eb31adbdd9ce2aa1543538490215?s=96&d=mm&r=g\",\"caption\":\"georg.blenk@krafthand-medien.de\"}}]}<\/script>\n<!-- \/ Yoast SEO plugin. -->","yoast_head_json":{"title":"Power2Drive: Neues, mobiles Schnellladeger\u00e4t von Designwerk - Krafthand-Truck","description":"Designwerk Technologies hat mit dem MDC 88-920 Charger einen neuen, mobilen Schnelllader f\u00fcr Lkw vorgestellt.","robots":{"index":"index","follow":"follow","max-snippet":"max-snippet:-1","max-image-preview":"max-image-preview:large","max-video-preview":"max-video-preview:-1"},"canonical":"https:\/\/www.krafthand.de\/truck\/artikel\/power2drive-neues-mobiles-schnellladegeraet-von-designwerk-39722\/","og_locale":"de_DE","og_type":"article","og_title":"Power2Drive: Neues, mobiles Schnellladeger\u00e4t von Designwerk - Krafthand-Truck","og_description":"Designwerk Technologies hat mit dem MDC 88-920 Charger einen neuen, mobilen Schnelllader f\u00fcr Lkw vorgestellt.","og_url":"https:\/\/www.krafthand-truck.de\/artikel\/power2drive-neues-mobiles-schnellladegeraet-von-designwerk-39722\/","og_site_name":"Krafthand-Truck","article_published_time":"2024-05-15T08:01:35+00:00","article_modified_time":"2025-12-02T10:10:32+00:00","og_image":[{"width":1200,"height":587,"url":"https:\/\/static.krafthand-truck.de\/uploads\/2024\/05\/Designwerk_mobile_Charger_MDC_98_920_eLkw.jpg","type":"image\/jpeg"}],"author":"georg.blenk@krafthand-medien.de","twitter_card":"summary_large_image","twitter_misc":{"Verfasst von":"georg.blenk@krafthand-medien.de","Gesch\u00e4tzte Lesezeit":"3\u00a0Minuten"},"schema":{"@context":"https:\/\/schema.org","@graph":[{"@type":"Article","@id":"https:\/\/www.krafthand.de\/truck\/artikel\/power2drive-neues-mobiles-schnellladegeraet-von-designwerk-39722\/#article","isPartOf":{"@id":"https:\/\/www.krafthand.de\/truck\/artikel\/power2drive-neues-mobiles-schnellladegeraet-von-designwerk-39722\/"},"author":{"name":"georg.blenk@krafthand-medien.de","@id":"https:\/\/www.krafthand.de\/truck\/#\/schema\/person\/51fa80b1c57034c4bf63f9f988fc24ce"},"headline":"Power2Drive: Neues, mobiles Schnellladeger\u00e4t von Designwerk","datePublished":"2024-05-15T08:01:35+00:00","dateModified":"2025-12-02T10:10:32+00:00","mainEntityOfPage":{"@id":"https:\/\/www.krafthand.de\/truck\/artikel\/power2drive-neues-mobiles-schnellladegeraet-von-designwerk-39722\/"},"wordCount":467,"image":{"@id":"https:\/\/www.krafthand.de\/truck\/artikel\/power2drive-neues-mobiles-schnellladegeraet-von-designwerk-39722\/#primaryimage"},"thumbnailUrl":"https:\/\/static.krafthand-truck.de\/uploads\/2024\/05\/Designwerk_mobile_Charger_MDC_98_920_eLkw.jpg","keywords":["Designwerk","E-Lkw","MDC-88-920","Megawattladen","mobiles Ladeger\u00e4t"],"articleSection":["E-Antrieb (BEV\/FCEV)","Lade-\/Tank-Infrastruktur","Veranstaltungen\/Messen","Werkstattausr\u00fcstung"],"inLanguage":"de"},{"@type":"WebPage","@id":"https:\/\/www.krafthand.de\/truck\/artikel\/power2drive-neues-mobiles-schnellladegeraet-von-designwerk-39722\/","url":"https:\/\/www.krafthand.de\/truck\/artikel\/power2drive-neues-mobiles-schnellladegeraet-von-designwerk-39722\/","name":"Power2Drive: Neues, mobiles Schnellladeger\u00e4t von Designwerk - Krafthand-Truck","isPartOf":{"@id":"https:\/\/www.krafthand.de\/truck\/#website"},"primaryImageOfPage":{"@id":"https:\/\/www.krafthand.de\/truck\/artikel\/power2drive-neues-mobiles-schnellladegeraet-von-designwerk-39722\/#primaryimage"},"image":{"@id":"https:\/\/www.krafthand.de\/truck\/artikel\/power2drive-neues-mobiles-schnellladegeraet-von-designwerk-39722\/#primaryimage"},"thumbnailUrl":"https:\/\/static.krafthand-truck.de\/uploads\/2024\/05\/Designwerk_mobile_Charger_MDC_98_920_eLkw.jpg","datePublished":"2024-05-15T08:01:35+00:00","dateModified":"2025-12-02T10:10:32+00:00","author":{"@id":"https:\/\/www.krafthand.de\/truck\/#\/schema\/person\/51fa80b1c57034c4bf63f9f988fc24ce"},"description":"Designwerk Technologies hat mit dem MDC 88-920 Charger einen neuen, mobilen Schnelllader f\u00fcr Lkw vorgestellt.","breadcrumb":{"@id":"https:\/\/www.krafthand.de\/truck\/artikel\/power2drive-neues-mobiles-schnellladegeraet-von-designwerk-39722\/#breadcrumb"},"inLanguage":"de","potentialAction":[{"@type":"ReadAction","target":["https:\/\/www.krafthand.de\/truck\/artikel\/power2drive-neues-mobiles-schnellladegeraet-von-designwerk-39722\/"]}]},{"@type":"ImageObject","inLanguage":"de","@id":"https:\/\/www.krafthand.de\/truck\/artikel\/power2drive-neues-mobiles-schnellladegeraet-von-designwerk-39722\/#primaryimage","url":"https:\/\/static.krafthand-truck.de\/uploads\/2024\/05\/Designwerk_mobile_Charger_MDC_98_920_eLkw.jpg","contentUrl":"https:\/\/static.krafthand-truck.de\/uploads\/2024\/05\/Designwerk_mobile_Charger_MDC_98_920_eLkw.jpg","width":1200,"height":587},{"@type":"BreadcrumbList","@id":"https:\/\/www.krafthand.de\/truck\/artikel\/power2drive-neues-mobiles-schnellladegeraet-von-designwerk-39722\/#breadcrumb","itemListElement":[{"@type":"ListItem","position":1,"name":"Krafthand-Truck","item":"https:\/\/www.krafthand.de\/truck\/"},{"@type":"ListItem","position":2,"name":"Nfz-Branche","item":"https:\/\/www.krafthand.de\/truck\/kategorie\/branche\/"},{"@type":"ListItem","position":3,"name":"Veranstaltungen\/Messen","item":"https:\/\/www.krafthand.de\/truck\/kategorie\/branche\/veranstaltungen\/"},{"@type":"ListItem","position":4,"name":"Power2Drive: Neues, mobiles Schnellladeger\u00e4t von Designwerk"}]},{"@type":"WebSite","@id":"https:\/\/www.krafthand.de\/truck\/#website","url":"https:\/\/www.krafthand.de\/truck\/","name":"Krafthand-Truck","description":"","potentialAction":[{"@type":"SearchAction","target":{"@type":"EntryPoint","urlTemplate":"https:\/\/www.krafthand.de\/truck\/?s={search_term_string}"},"query-input":{"@type":"PropertyValueSpecification","valueRequired":true,"valueName":"search_term_string"}}],"inLanguage":"de"},{"@type":"Person","@id":"https:\/\/www.krafthand.de\/truck\/#\/schema\/person\/51fa80b1c57034c4bf63f9f988fc24ce","name":"georg.blenk@krafthand-medien.de","image":{"@type":"ImageObject","inLanguage":"de","@id":"https:\/\/secure.gravatar.com\/avatar\/93713c30affe0aa95d3a4130e499bb1abee2eb31adbdd9ce2aa1543538490215?s=96&d=mm&r=g","url":"https:\/\/secure.gravatar.com\/avatar\/93713c30affe0aa95d3a4130e499bb1abee2eb31adbdd9ce2aa1543538490215?s=96&d=mm&r=g","contentUrl":"https:\/\/secure.gravatar.com\/avatar\/93713c30affe0aa95d3a4130e499bb1abee2eb31adbdd9ce2aa1543538490215?s=96&d=mm&r=g","caption":"georg.blenk@krafthand-medien.de"}}]}},"_links":{"self":[{"href":"https:\/\/www.krafthand.de\/truck\/wp-json\/wp\/v2\/posts\/39722","targetHints":{"allow":["GET"]}}],"collection":[{"href":"https:\/\/www.krafthand.de\/truck\/wp-json\/wp\/v2\/posts"}],"about":[{"href":"https:\/\/www.krafthand.de\/truck\/wp-json\/wp\/v2\/types\/post"}],"author":[{"embeddable":true,"href":"https:\/\/www.krafthand.de\/truck\/wp-json\/wp\/v2\/users\/9"}],"replies":[{"embeddable":true,"href":"https:\/\/www.krafthand.de\/truck\/wp-json\/wp\/v2\/comments?post=39722"}],"version-history":[{"count":6,"href":"https:\/\/www.krafthand.de\/truck\/wp-json\/wp\/v2\/posts\/39722\/revisions"}],"predecessor-version":[{"id":39730,"href":"https:\/\/www.krafthand.de\/truck\/wp-json\/wp\/v2\/posts\/39722\/revisions\/39730"}],"wp:featuredmedia":[{"embeddable":true,"href":"https:\/\/www.krafthand.de\/truck\/wp-json\/wp\/v2\/media\/39723"}],"wp:attachment":[{"href":"https:\/\/www.krafthand.de\/truck\/wp-json\/wp\/v2\/media?parent=39722"}],"wp:term":[{"taxonomy":"category","embeddable":true,"href":"https:\/\/www.krafthand.de\/truck\/wp-json\/wp\/v2\/categories?post=39722"},{"taxonomy":"post_tag","embeddable":true,"href":"https:\/\/www.krafthand.de\/truck\/wp-json\/wp\/v2\/tags?post=39722"},{"taxonomy":"settings","embeddable":true,"href":"https:\/\/www.krafthand.de\/truck\/wp-json\/wp\/v2\/settings?post=39722"}],"curies":[{"name":"wp","href":"https:\/\/api.w.org\/{rel}","templated":true}]}}