{"id":39691,"date":"2024-05-10T15:19:28","date_gmt":"2024-05-10T13:19:28","guid":{"rendered":"https:\/\/www.krafthand.de\/truck\/?p=39691"},"modified":"2024-05-10T16:27:47","modified_gmt":"2024-05-10T14:27:47","slug":"nachhaltiger-schwerer-verteilerverkehr-forschungsprojekt-evtrailer2-erreicht-weiteren-meilenstein","status":"publish","type":"post","link":"https:\/\/www.krafthand.de\/truck\/artikel\/nachhaltiger-schwerer-verteilerverkehr-forschungsprojekt-evtrailer2-erreicht-weiteren-meilenstein-39691\/","title":{"rendered":"Nachhaltiger schwerer Verteilerverkehr: Forschungsprojekt &#8218;evTrailer2&#8216; erreicht weiteren Meilenstein"},"content":{"rendered":"<p>Das Verbundforschungsprojekt &#8218;evTrailer2&#8216; hat seinen zweiten Meilenstein erreicht: Alle neuen fachlichen Ideen des Projektteams zur Entwicklung und Integration von Hocheffizienztechnologien f\u00fcr die elektrischen Antriebs- und Energiesysteme sowie f\u00fcr mehr Fahrsicherheit schwerer Sattelz\u00fcge sind technisch ausgearbeitet. Der n\u00e4chste gro\u00dfe Schritt f\u00fcr das neue Elektrotraktionskonzept ist der Zusammenbau dieser technischen Komponenten in einen Sattelauflieger, der dadurch nachhaltig unterwegs sein kann. Damit sollen Fahrzeughersteller unterst\u00fctzt werden, die Treibhausgas-Emissionen von neuen Lkw bis 2025 im Durchschnitt um 15 Prozent und bis 2030 um 30 Prozent gegen\u00fcber dem Stand von 2019 zu senken.<\/p>\n<h3>Traktionskooperation zwischen Zugmaschine und Auflieger<\/h3>\n<p>Im Verbundforschungsprojekt &#8218;Elektrisches Antriebskooperations- und Energiesystem&#8216; f\u00fcr schwere Nutzfahrzeuge &#8211; &#8218;evTrailer2&#8216; &#8211; arbeitet ein Konsortium aus Industrie und Wissenschaft an Fortschritten hinsichtlich einer weiteren CO2-Minderung schwerer Sattelz\u00fcge (N3, Kraftfahrzeuge zur G\u00fcterbef\u00f6rderung \u00fcber zw\u00f6lf Tonnen) und der Fahrsicherheit. Die Forschungsgruppe will ein neues, bisher unerreichtes Effizienzniveau erreichen und das Konzept eines elektrisch angetriebenen, zur &#8218;Traktionskooperation&#8216; mit der Zugmaschine geeigneten Sattelaufliegers so weiterentwickeln, dass damit die THG-Minderungsziele, d. h. minus 30 Prozent f\u00fcr den Zeitraum nach 2030, bereits bei Projektende 2025 erreicht werden.<\/p>\n<h3>Hybrides Batteriesystem kombiniert Hochenergie- und Hochleistungszellen<\/h3>\n<p>Seit Anfang 2024 sind alle Ideen des Konsortiums ausgearbeitet. Unter anderem wurde am <a href=\"https:\/\/www.lbf.fraunhofer.de\" target=\"_blank\" rel=\"noopener\">Fraunhofer LBF<\/a> ein neues hybrides Batteriesystem entwickelt, das Hochenergie- und Hochleistungszellen kombiniert. Dies erm\u00f6glicht es dem Batteriesystem, kontinuierlich Strom bei geringer Leistung und kurzzeitig bei hohen Leistungen abzugeben und auch aufzunehmen. So kann der Anteil der rekuperierbaren Energie deutlich gesteigert werden, da hierf\u00fcr zum Beispiel bei Bergabfahren kurzzeitig hohe Str\u00f6me auftreten, die \u00fcber die Hochleistungszellen sicher aufgenommen werden k\u00f6nnen. Mit dem hybriden Batteriespeicher k\u00f6nnen Hochenergie- und Hochleistungszellen alterungsschonend genutzt werden, ohne Kompromisse bei der Energieabgabe und -aufnahme einzugehen.<\/p>\n<p>&nbsp;<\/p>\n<figure id=\"attachment_39694\" aria-describedby=\"caption-attachment-39694\" style=\"width: 800px\" class=\"wp-caption aligncenter\"><img fetchpriority=\"high\" decoding=\"async\" class=\"wp-image-39694\" src=\"https:\/\/static.krafthand-truck.de\/uploads\/2024\/05\/evTrailer2_TUD_vkm_Darmstadt_eTrailer-300x136.jpg\" alt=\"\" width=\"800\" height=\"363\" srcset=\"https:\/\/static.krafthand-truck.de\/uploads\/2024\/05\/evTrailer2_TUD_vkm_Darmstadt_eTrailer-300x136.jpg 300w, https:\/\/static.krafthand-truck.de\/uploads\/2024\/05\/evTrailer2_TUD_vkm_Darmstadt_eTrailer-768x349.jpg 768w, https:\/\/static.krafthand-truck.de\/uploads\/2024\/05\/evTrailer2_TUD_vkm_Darmstadt_eTrailer.jpg 960w\" sizes=\"(max-width: 800px) 100vw, 800px\" \/><figcaption id=\"caption-attachment-39694\" class=\"wp-caption-text\">Die intelligente Cloud-Betriebsstrategie aus dem Institut f\u00fcr Verbrennungskraftmaschinen und Fahrzeugantriebe der TU Darmstadt. Grafik: TU Darmstadt VKM<\/figcaption><\/figure>\n<p>&nbsp;<\/p>\n<h3>Betriebsstrategie geht online via Cloud an Trailer<\/h3>\n<p>Forschende am <a href=\"https:\/\/www.vkm.tu-darmstadt.de\/fachgebietvkm\/home_3\/index.de.jsp\" target=\"_blank\" rel=\"noopener\">Institut f\u00fcr Verbrennungskraftmaschinen und Fahrzeugantriebe (VKM)<\/a> der TU Darmstadt haben eine Cloud-basierte Betriebsstrategie zur Koordination der verschiedenen Komponenten und Energiefl\u00fcsse entwickelt. Auf einem Server wird mittels eines pr\u00e4diktiven Ansatzes der Leistungsbedarf f\u00fcr eine geplante Route berechnet und der Betrieb des Trailers hinsichtlich Effizienz und Fahrverhalten optimiert. Dabei werden m\u00f6gliche Pausen zum Zwischenladen der Batterie mit in Betracht gezogen und so geplant, dass sich daraus eine m\u00f6glichst hohe Einsparung beim Kraftstoffverbrauch<br \/>\nergibt. Das System stellt zudem sicher, dass die in der Batterie zur Verf\u00fcgung stehende elektrische Energie \u00fcber den Streckenverlauf voll ausgenutzt wird und in Streckenabschnitten eingesetzt wird, in denen zus\u00e4tzliche Leistung sinnvoll ist.<\/p>\n<h3>Trailer Control Unit und HV-Box als zentrale Steuereinheit<\/h3>\n<p>Die Applikation des zentralen Steuerger\u00e4tes &#8211; Trailer Control Unit (TCU) &#8211; hat der Industriepartner CuroCon entwickelt unter Verwendung eines neuen leistungsstarken Multicore Sicherheits-Steuerger\u00e4te, mit dem Ziel einer gr\u00f6\u00dftm\u00f6glichen Betriebsautarkie und \u2013flexibilit\u00e4t, der Optimierung der Fahrsicherheit schwerer Sattelz\u00fcge, und der Erh\u00f6hung von Fahrstabilit\u00e4t und Sicherheit des Sattelzugs durch radselektive Antriebsmomenten-Verteilung (Torque-Vectoring) an der elektrisch angetriebenen Achse des Sattelaufliegers.<br \/>\nZus\u00e4tzlich wird die TCU in Verbindung mit dem neu erstellten Bugrad ein eigenst\u00e4ndiges Rangieren des Trailers auf Betriebsgel\u00e4nden erm\u00f6glichen, in Verbindung mit der am Fahrzeug aufgebauten Photovoltaik-Anlage (PV) die Steuerung der Stromproduktion in das Energiesystem des Trailers realisieren, in Verbindung mit der neuen Cloudbasierenden Betriebsstrategie den effizienten Einsatz der vorhandenen Energien umsetzen und in Verbindung mit dem neuen schaltbaren Untersetzungsgetrieben die Ansteuerung der Gangstufen und der Freischaltkupplungen vollziehen.<\/p>\n<h3>Sono Motors entwickelt PV-System f\u00fcr Auflieger<\/h3>\n<p><a href=\"https:\/\/sonomotors.com\/de\/\" target=\"_blank\" rel=\"noopener\">Sono Motors<\/a> entwickelt im Forschungsprojekt evTrailer2 das PV-System f\u00fcr den Sattelauflieger. Dabei werden die Seitenw\u00e4nde und das Dach des Sattelaufliegers mit VAPV Modulen (Vehicle Applied Photovoltaics) mit einer installierten Leistung von bis zu 15kWp ausgestattet werden. Des Weiteren wird ein leistungsf\u00e4higes, intelligentes Hochvolt-Steuerger\u00e4t (Maximum power point tracker Central Unit) f\u00fcr die Optimierung der PV-Energieertr\u00e4ge entwickelt.<br \/>\nMit der vollst\u00e4ndig regenerativen Energieerzeugung sollen im Durchschnitt 40 kWh\/Tag am Standort M\u00fcnchen und bis zu 80 kWh an sonnigen Tagen erzielt werden.<\/p>\n<h3>&#8218;evTrailer2&#8216; im Fahrtestbetrieb auf der Stra\u00dfe<\/h3>\n<p>Ende 2024 sollen alle technischen Einzelkomponenten zusammengef\u00fcgt sein und ihr Zusammenspiel getestet werden. Voraussichtlich gegen Anfang 2025 wird der neu aufgebaute Drei-Achsen-Sattelauflieger mit Elektrotraktion und Energiespeicher zur kooperativen Antriebsunterst\u00fctzung von konventionellen Sattelz\u00fcgen f\u00fcr den Fahrtestbetrieb auf der Stra\u00dfe bereit sein. Hintergrund und mehr aktuelle Informationen zum Projekt: &#8218;evTrailer&#8216; sind hier zu finden.<\/p>\n\r\n\t\t\t\t<div class=\"post-author\">\r\n\t\t\t\t\t<div class=\"khm-cp-author clearfix\">\r\n\t\t\t\t\t\t<div class=\"khm-cp-author__content\">\r\n\t\t\t\t\t\t\t\tKontakt zum Autor:<br \/>\r\n\t\t\t\t\t\t\t\t<strong>Georg Blenk<\/strong>, 08247 \/ 3007-45 |  <a href=\"mailto:georg.blenk@krafthand-medien.de\">georg.blenk@krafthand-medien.de<\/a>\r\n\t\t\t\t\t\t\t<div class=\"khm-cp-author__image\">\r\n\t\t\t\t\t\t<img src=\"https:\/\/static.krafthand-truck.de\/uploads\/2021\/01\/Blenk_6104-250x300-1-removebg-preview.png\" class=\"img-responsive\">\r\n\t\t\t\t\t<\/div>\r\n\t\t\t\t\t\t<\/div>\r\n\t\t\t\t\t<\/div>\r\n\t\t\t\t<\/div>\r\n\t\t\t\t","protected":false},"excerpt":{"rendered":"<p>Das Verbundforschungsprojekt &#8218;evTrailer2&#8216; hat seinen zweiten Meilenstein erreicht: Alle neuen fachlichen Ideen des Projektteams zur Entwicklung und Integration von Hocheffizienztechnologien f\u00fcr die elektrischen Antriebs- und Energiesysteme sowie f\u00fcr mehr Fahrsicherheit schwerer Sattelz\u00fcge sind technisch ausgearbeitet. <span class=\"excerpt-more__dots\">&#8230;<\/span> <a class=\"excerpt-more__link\" href=\"https:\/\/www.krafthand.de\/truck\/artikel\/nachhaltiger-schwerer-verteilerverkehr-forschungsprojekt-evtrailer2-erreicht-weiteren-meilenstein-39691\/\" >weiter<\/a><\/p>\n","protected":false},"author":9,"featured_media":39693,"comment_status":"closed","ping_status":"closed","sticky":false,"template":"","format":"standard","meta":{"footnotes":""},"categories":[4224,4915],"tags":[5010,5937,4795,4470],"settings":[3524,4766,3523],"class_list":["post-39691","post","type-post","status-publish","format-standard","has-post-thumbnail","hentry","category-e-antrieb","category-neue-fahrzeuge","tag-etrailer","tag-evtrailer","tag-fraunhofer-lbf","tag-sono-motors"],"yoast_head":"<!-- This site is optimized with the Yoast SEO plugin v27.3 - https:\/\/yoast.com\/product\/yoast-seo-wordpress\/ -->\n<title>Nachhaltiger schwerer Verteilerverkehr: Forschungsprojekt &#039;evTrailer2&#039; erreicht weiteren Meilenstein - Krafthand-Truck<\/title>\n<meta name=\"description\" content=\"Das Verbundforschungsprojekt &#039;evTrailer2&#039; hat seinen zweiten Meilenstein erreicht. Es folgt der Einbau der Komponenten in einen Sattelauflieger.\" \/>\n<meta name=\"robots\" content=\"index, follow, max-snippet:-1, max-image-preview:large, max-video-preview:-1\" \/>\n<link rel=\"canonical\" href=\"https:\/\/www.krafthand.de\/truck\/artikel\/nachhaltiger-schwerer-verteilerverkehr-forschungsprojekt-evtrailer2-erreicht-weiteren-meilenstein-39691\/\" \/>\n<meta property=\"og:locale\" content=\"de_DE\" \/>\n<meta property=\"og:type\" content=\"article\" \/>\n<meta property=\"og:title\" content=\"Nachhaltiger schwerer Verteilerverkehr: Forschungsprojekt &#039;evTrailer2&#039; erreicht weiteren Meilenstein - Krafthand-Truck\" \/>\n<meta property=\"og:description\" content=\"Das Verbundforschungsprojekt &#039;evTrailer2&#039; hat seinen zweiten Meilenstein erreicht. Es folgt der Einbau der Komponenten in einen Sattelauflieger.\" \/>\n<meta property=\"og:url\" content=\"https:\/\/www.krafthand-truck.de\/artikel\/nachhaltiger-schwerer-verteilerverkehr-forschungsprojekt-evtrailer2-erreicht-weiteren-meilenstein-39691\/\" \/>\n<meta property=\"og:site_name\" content=\"Krafthand-Truck\" \/>\n<meta property=\"article:published_time\" content=\"2024-05-10T13:19:28+00:00\" \/>\n<meta property=\"article:modified_time\" content=\"2024-05-10T14:27:47+00:00\" \/>\n<meta property=\"og:image\" content=\"https:\/\/static.krafthand-truck.de\/uploads\/2024\/05\/evTrailer_eTrailer_Fraunhofer_LBF.jpg\" \/>\n\t<meta property=\"og:image:width\" content=\"1200\" \/>\n\t<meta property=\"og:image:height\" content=\"610\" \/>\n\t<meta property=\"og:image:type\" content=\"image\/jpeg\" \/>\n<meta name=\"author\" content=\"georg.blenk@krafthand-medien.de\" \/>\n<meta name=\"twitter:card\" content=\"summary_large_image\" \/>\n<meta name=\"twitter:label1\" content=\"Verfasst von\" \/>\n\t<meta name=\"twitter:data1\" content=\"georg.blenk@krafthand-medien.de\" \/>\n\t<meta name=\"twitter:label2\" content=\"Gesch\u00e4tzte Lesezeit\" \/>\n\t<meta name=\"twitter:data2\" content=\"5\u00a0Minuten\" \/>\n<script type=\"application\/ld+json\" class=\"yoast-schema-graph\">{\"@context\":\"https:\\\/\\\/schema.org\",\"@graph\":[{\"@type\":\"Article\",\"@id\":\"https:\\\/\\\/www.krafthand.de\\\/truck\\\/artikel\\\/nachhaltiger-schwerer-verteilerverkehr-forschungsprojekt-evtrailer2-erreicht-weiteren-meilenstein-39691\\\/#article\",\"isPartOf\":{\"@id\":\"https:\\\/\\\/www.krafthand.de\\\/truck\\\/artikel\\\/nachhaltiger-schwerer-verteilerverkehr-forschungsprojekt-evtrailer2-erreicht-weiteren-meilenstein-39691\\\/\"},\"author\":{\"name\":\"georg.blenk@krafthand-medien.de\",\"@id\":\"https:\\\/\\\/www.krafthand.de\\\/truck\\\/#\\\/schema\\\/person\\\/51fa80b1c57034c4bf63f9f988fc24ce\"},\"headline\":\"Nachhaltiger schwerer Verteilerverkehr: Forschungsprojekt &#8218;evTrailer2&#8216; erreicht weiteren Meilenstein\",\"datePublished\":\"2024-05-10T13:19:28+00:00\",\"dateModified\":\"2024-05-10T14:27:47+00:00\",\"mainEntityOfPage\":{\"@id\":\"https:\\\/\\\/www.krafthand.de\\\/truck\\\/artikel\\\/nachhaltiger-schwerer-verteilerverkehr-forschungsprojekt-evtrailer2-erreicht-weiteren-meilenstein-39691\\\/\"},\"wordCount\":736,\"image\":{\"@id\":\"https:\\\/\\\/www.krafthand.de\\\/truck\\\/artikel\\\/nachhaltiger-schwerer-verteilerverkehr-forschungsprojekt-evtrailer2-erreicht-weiteren-meilenstein-39691\\\/#primaryimage\"},\"thumbnailUrl\":\"https:\\\/\\\/static.krafthand-truck.de\\\/uploads\\\/2024\\\/05\\\/evTrailer_eTrailer_Fraunhofer_LBF.jpg\",\"keywords\":[\"eTrailer\",\"evTrailer\",\"Fraunhofer LBF\",\"Sono-Motors\"],\"articleSection\":[\"E-Antrieb (BEV\\\/FCEV)\",\"Neue Fahrzeuge\"],\"inLanguage\":\"de\"},{\"@type\":\"WebPage\",\"@id\":\"https:\\\/\\\/www.krafthand.de\\\/truck\\\/artikel\\\/nachhaltiger-schwerer-verteilerverkehr-forschungsprojekt-evtrailer2-erreicht-weiteren-meilenstein-39691\\\/\",\"url\":\"https:\\\/\\\/www.krafthand.de\\\/truck\\\/artikel\\\/nachhaltiger-schwerer-verteilerverkehr-forschungsprojekt-evtrailer2-erreicht-weiteren-meilenstein-39691\\\/\",\"name\":\"Nachhaltiger schwerer Verteilerverkehr: Forschungsprojekt 'evTrailer2' erreicht weiteren Meilenstein - Krafthand-Truck\",\"isPartOf\":{\"@id\":\"https:\\\/\\\/www.krafthand.de\\\/truck\\\/#website\"},\"primaryImageOfPage\":{\"@id\":\"https:\\\/\\\/www.krafthand.de\\\/truck\\\/artikel\\\/nachhaltiger-schwerer-verteilerverkehr-forschungsprojekt-evtrailer2-erreicht-weiteren-meilenstein-39691\\\/#primaryimage\"},\"image\":{\"@id\":\"https:\\\/\\\/www.krafthand.de\\\/truck\\\/artikel\\\/nachhaltiger-schwerer-verteilerverkehr-forschungsprojekt-evtrailer2-erreicht-weiteren-meilenstein-39691\\\/#primaryimage\"},\"thumbnailUrl\":\"https:\\\/\\\/static.krafthand-truck.de\\\/uploads\\\/2024\\\/05\\\/evTrailer_eTrailer_Fraunhofer_LBF.jpg\",\"datePublished\":\"2024-05-10T13:19:28+00:00\",\"dateModified\":\"2024-05-10T14:27:47+00:00\",\"author\":{\"@id\":\"https:\\\/\\\/www.krafthand.de\\\/truck\\\/#\\\/schema\\\/person\\\/51fa80b1c57034c4bf63f9f988fc24ce\"},\"description\":\"Das Verbundforschungsprojekt 'evTrailer2' hat seinen zweiten Meilenstein erreicht. Es folgt der Einbau der Komponenten in einen Sattelauflieger.\",\"breadcrumb\":{\"@id\":\"https:\\\/\\\/www.krafthand.de\\\/truck\\\/artikel\\\/nachhaltiger-schwerer-verteilerverkehr-forschungsprojekt-evtrailer2-erreicht-weiteren-meilenstein-39691\\\/#breadcrumb\"},\"inLanguage\":\"de\",\"potentialAction\":[{\"@type\":\"ReadAction\",\"target\":[\"https:\\\/\\\/www.krafthand.de\\\/truck\\\/artikel\\\/nachhaltiger-schwerer-verteilerverkehr-forschungsprojekt-evtrailer2-erreicht-weiteren-meilenstein-39691\\\/\"]}]},{\"@type\":\"ImageObject\",\"inLanguage\":\"de\",\"@id\":\"https:\\\/\\\/www.krafthand.de\\\/truck\\\/artikel\\\/nachhaltiger-schwerer-verteilerverkehr-forschungsprojekt-evtrailer2-erreicht-weiteren-meilenstein-39691\\\/#primaryimage\",\"url\":\"https:\\\/\\\/static.krafthand-truck.de\\\/uploads\\\/2024\\\/05\\\/evTrailer_eTrailer_Fraunhofer_LBF.jpg\",\"contentUrl\":\"https:\\\/\\\/static.krafthand-truck.de\\\/uploads\\\/2024\\\/05\\\/evTrailer_eTrailer_Fraunhofer_LBF.jpg\",\"width\":1200,\"height\":610},{\"@type\":\"BreadcrumbList\",\"@id\":\"https:\\\/\\\/www.krafthand.de\\\/truck\\\/artikel\\\/nachhaltiger-schwerer-verteilerverkehr-forschungsprojekt-evtrailer2-erreicht-weiteren-meilenstein-39691\\\/#breadcrumb\",\"itemListElement\":[{\"@type\":\"ListItem\",\"position\":1,\"name\":\"Krafthand-Truck\",\"item\":\"https:\\\/\\\/www.krafthand.de\\\/truck\\\/\"},{\"@type\":\"ListItem\",\"position\":2,\"name\":\"IT+Fuhrpark\",\"item\":\"https:\\\/\\\/www.krafthand.de\\\/truck\\\/kategorie\\\/fuhrpark\\\/\"},{\"@type\":\"ListItem\",\"position\":3,\"name\":\"Neue Fahrzeuge\",\"item\":\"https:\\\/\\\/www.krafthand.de\\\/truck\\\/kategorie\\\/fuhrpark\\\/neue-fahrzeuge\\\/\"},{\"@type\":\"ListItem\",\"position\":4,\"name\":\"Nachhaltiger schwerer Verteilerverkehr: Forschungsprojekt &#8218;evTrailer2&#8216; erreicht weiteren Meilenstein\"}]},{\"@type\":\"WebSite\",\"@id\":\"https:\\\/\\\/www.krafthand.de\\\/truck\\\/#website\",\"url\":\"https:\\\/\\\/www.krafthand.de\\\/truck\\\/\",\"name\":\"Krafthand-Truck\",\"description\":\"\",\"potentialAction\":[{\"@type\":\"SearchAction\",\"target\":{\"@type\":\"EntryPoint\",\"urlTemplate\":\"https:\\\/\\\/www.krafthand.de\\\/truck\\\/?s={search_term_string}\"},\"query-input\":{\"@type\":\"PropertyValueSpecification\",\"valueRequired\":true,\"valueName\":\"search_term_string\"}}],\"inLanguage\":\"de\"},{\"@type\":\"Person\",\"@id\":\"https:\\\/\\\/www.krafthand.de\\\/truck\\\/#\\\/schema\\\/person\\\/51fa80b1c57034c4bf63f9f988fc24ce\",\"name\":\"georg.blenk@krafthand-medien.de\",\"image\":{\"@type\":\"ImageObject\",\"inLanguage\":\"de\",\"@id\":\"https:\\\/\\\/secure.gravatar.com\\\/avatar\\\/93713c30affe0aa95d3a4130e499bb1abee2eb31adbdd9ce2aa1543538490215?s=96&d=mm&r=g\",\"url\":\"https:\\\/\\\/secure.gravatar.com\\\/avatar\\\/93713c30affe0aa95d3a4130e499bb1abee2eb31adbdd9ce2aa1543538490215?s=96&d=mm&r=g\",\"contentUrl\":\"https:\\\/\\\/secure.gravatar.com\\\/avatar\\\/93713c30affe0aa95d3a4130e499bb1abee2eb31adbdd9ce2aa1543538490215?s=96&d=mm&r=g\",\"caption\":\"georg.blenk@krafthand-medien.de\"}}]}<\/script>\n<!-- \/ Yoast SEO plugin. -->","yoast_head_json":{"title":"Nachhaltiger schwerer Verteilerverkehr: Forschungsprojekt 'evTrailer2' erreicht weiteren Meilenstein - Krafthand-Truck","description":"Das Verbundforschungsprojekt 'evTrailer2' hat seinen zweiten Meilenstein erreicht. Es folgt der Einbau der Komponenten in einen Sattelauflieger.","robots":{"index":"index","follow":"follow","max-snippet":"max-snippet:-1","max-image-preview":"max-image-preview:large","max-video-preview":"max-video-preview:-1"},"canonical":"https:\/\/www.krafthand.de\/truck\/artikel\/nachhaltiger-schwerer-verteilerverkehr-forschungsprojekt-evtrailer2-erreicht-weiteren-meilenstein-39691\/","og_locale":"de_DE","og_type":"article","og_title":"Nachhaltiger schwerer Verteilerverkehr: Forschungsprojekt 'evTrailer2' erreicht weiteren Meilenstein - Krafthand-Truck","og_description":"Das Verbundforschungsprojekt 'evTrailer2' hat seinen zweiten Meilenstein erreicht. Es folgt der Einbau der Komponenten in einen Sattelauflieger.","og_url":"https:\/\/www.krafthand-truck.de\/artikel\/nachhaltiger-schwerer-verteilerverkehr-forschungsprojekt-evtrailer2-erreicht-weiteren-meilenstein-39691\/","og_site_name":"Krafthand-Truck","article_published_time":"2024-05-10T13:19:28+00:00","article_modified_time":"2024-05-10T14:27:47+00:00","og_image":[{"width":1200,"height":610,"url":"https:\/\/static.krafthand-truck.de\/uploads\/2024\/05\/evTrailer_eTrailer_Fraunhofer_LBF.jpg","type":"image\/jpeg"}],"author":"georg.blenk@krafthand-medien.de","twitter_card":"summary_large_image","twitter_misc":{"Verfasst von":"georg.blenk@krafthand-medien.de","Gesch\u00e4tzte Lesezeit":"5\u00a0Minuten"},"schema":{"@context":"https:\/\/schema.org","@graph":[{"@type":"Article","@id":"https:\/\/www.krafthand.de\/truck\/artikel\/nachhaltiger-schwerer-verteilerverkehr-forschungsprojekt-evtrailer2-erreicht-weiteren-meilenstein-39691\/#article","isPartOf":{"@id":"https:\/\/www.krafthand.de\/truck\/artikel\/nachhaltiger-schwerer-verteilerverkehr-forschungsprojekt-evtrailer2-erreicht-weiteren-meilenstein-39691\/"},"author":{"name":"georg.blenk@krafthand-medien.de","@id":"https:\/\/www.krafthand.de\/truck\/#\/schema\/person\/51fa80b1c57034c4bf63f9f988fc24ce"},"headline":"Nachhaltiger schwerer Verteilerverkehr: Forschungsprojekt &#8218;evTrailer2&#8216; erreicht weiteren Meilenstein","datePublished":"2024-05-10T13:19:28+00:00","dateModified":"2024-05-10T14:27:47+00:00","mainEntityOfPage":{"@id":"https:\/\/www.krafthand.de\/truck\/artikel\/nachhaltiger-schwerer-verteilerverkehr-forschungsprojekt-evtrailer2-erreicht-weiteren-meilenstein-39691\/"},"wordCount":736,"image":{"@id":"https:\/\/www.krafthand.de\/truck\/artikel\/nachhaltiger-schwerer-verteilerverkehr-forschungsprojekt-evtrailer2-erreicht-weiteren-meilenstein-39691\/#primaryimage"},"thumbnailUrl":"https:\/\/static.krafthand-truck.de\/uploads\/2024\/05\/evTrailer_eTrailer_Fraunhofer_LBF.jpg","keywords":["eTrailer","evTrailer","Fraunhofer LBF","Sono-Motors"],"articleSection":["E-Antrieb (BEV\/FCEV)","Neue Fahrzeuge"],"inLanguage":"de"},{"@type":"WebPage","@id":"https:\/\/www.krafthand.de\/truck\/artikel\/nachhaltiger-schwerer-verteilerverkehr-forschungsprojekt-evtrailer2-erreicht-weiteren-meilenstein-39691\/","url":"https:\/\/www.krafthand.de\/truck\/artikel\/nachhaltiger-schwerer-verteilerverkehr-forschungsprojekt-evtrailer2-erreicht-weiteren-meilenstein-39691\/","name":"Nachhaltiger schwerer Verteilerverkehr: Forschungsprojekt 'evTrailer2' erreicht weiteren Meilenstein - Krafthand-Truck","isPartOf":{"@id":"https:\/\/www.krafthand.de\/truck\/#website"},"primaryImageOfPage":{"@id":"https:\/\/www.krafthand.de\/truck\/artikel\/nachhaltiger-schwerer-verteilerverkehr-forschungsprojekt-evtrailer2-erreicht-weiteren-meilenstein-39691\/#primaryimage"},"image":{"@id":"https:\/\/www.krafthand.de\/truck\/artikel\/nachhaltiger-schwerer-verteilerverkehr-forschungsprojekt-evtrailer2-erreicht-weiteren-meilenstein-39691\/#primaryimage"},"thumbnailUrl":"https:\/\/static.krafthand-truck.de\/uploads\/2024\/05\/evTrailer_eTrailer_Fraunhofer_LBF.jpg","datePublished":"2024-05-10T13:19:28+00:00","dateModified":"2024-05-10T14:27:47+00:00","author":{"@id":"https:\/\/www.krafthand.de\/truck\/#\/schema\/person\/51fa80b1c57034c4bf63f9f988fc24ce"},"description":"Das Verbundforschungsprojekt 'evTrailer2' hat seinen zweiten Meilenstein erreicht. Es folgt der Einbau der Komponenten in einen Sattelauflieger.","breadcrumb":{"@id":"https:\/\/www.krafthand.de\/truck\/artikel\/nachhaltiger-schwerer-verteilerverkehr-forschungsprojekt-evtrailer2-erreicht-weiteren-meilenstein-39691\/#breadcrumb"},"inLanguage":"de","potentialAction":[{"@type":"ReadAction","target":["https:\/\/www.krafthand.de\/truck\/artikel\/nachhaltiger-schwerer-verteilerverkehr-forschungsprojekt-evtrailer2-erreicht-weiteren-meilenstein-39691\/"]}]},{"@type":"ImageObject","inLanguage":"de","@id":"https:\/\/www.krafthand.de\/truck\/artikel\/nachhaltiger-schwerer-verteilerverkehr-forschungsprojekt-evtrailer2-erreicht-weiteren-meilenstein-39691\/#primaryimage","url":"https:\/\/static.krafthand-truck.de\/uploads\/2024\/05\/evTrailer_eTrailer_Fraunhofer_LBF.jpg","contentUrl":"https:\/\/static.krafthand-truck.de\/uploads\/2024\/05\/evTrailer_eTrailer_Fraunhofer_LBF.jpg","width":1200,"height":610},{"@type":"BreadcrumbList","@id":"https:\/\/www.krafthand.de\/truck\/artikel\/nachhaltiger-schwerer-verteilerverkehr-forschungsprojekt-evtrailer2-erreicht-weiteren-meilenstein-39691\/#breadcrumb","itemListElement":[{"@type":"ListItem","position":1,"name":"Krafthand-Truck","item":"https:\/\/www.krafthand.de\/truck\/"},{"@type":"ListItem","position":2,"name":"IT+Fuhrpark","item":"https:\/\/www.krafthand.de\/truck\/kategorie\/fuhrpark\/"},{"@type":"ListItem","position":3,"name":"Neue Fahrzeuge","item":"https:\/\/www.krafthand.de\/truck\/kategorie\/fuhrpark\/neue-fahrzeuge\/"},{"@type":"ListItem","position":4,"name":"Nachhaltiger schwerer Verteilerverkehr: Forschungsprojekt &#8218;evTrailer2&#8216; erreicht weiteren Meilenstein"}]},{"@type":"WebSite","@id":"https:\/\/www.krafthand.de\/truck\/#website","url":"https:\/\/www.krafthand.de\/truck\/","name":"Krafthand-Truck","description":"","potentialAction":[{"@type":"SearchAction","target":{"@type":"EntryPoint","urlTemplate":"https:\/\/www.krafthand.de\/truck\/?s={search_term_string}"},"query-input":{"@type":"PropertyValueSpecification","valueRequired":true,"valueName":"search_term_string"}}],"inLanguage":"de"},{"@type":"Person","@id":"https:\/\/www.krafthand.de\/truck\/#\/schema\/person\/51fa80b1c57034c4bf63f9f988fc24ce","name":"georg.blenk@krafthand-medien.de","image":{"@type":"ImageObject","inLanguage":"de","@id":"https:\/\/secure.gravatar.com\/avatar\/93713c30affe0aa95d3a4130e499bb1abee2eb31adbdd9ce2aa1543538490215?s=96&d=mm&r=g","url":"https:\/\/secure.gravatar.com\/avatar\/93713c30affe0aa95d3a4130e499bb1abee2eb31adbdd9ce2aa1543538490215?s=96&d=mm&r=g","contentUrl":"https:\/\/secure.gravatar.com\/avatar\/93713c30affe0aa95d3a4130e499bb1abee2eb31adbdd9ce2aa1543538490215?s=96&d=mm&r=g","caption":"georg.blenk@krafthand-medien.de"}}]}},"_links":{"self":[{"href":"https:\/\/www.krafthand.de\/truck\/wp-json\/wp\/v2\/posts\/39691","targetHints":{"allow":["GET"]}}],"collection":[{"href":"https:\/\/www.krafthand.de\/truck\/wp-json\/wp\/v2\/posts"}],"about":[{"href":"https:\/\/www.krafthand.de\/truck\/wp-json\/wp\/v2\/types\/post"}],"author":[{"embeddable":true,"href":"https:\/\/www.krafthand.de\/truck\/wp-json\/wp\/v2\/users\/9"}],"replies":[{"embeddable":true,"href":"https:\/\/www.krafthand.de\/truck\/wp-json\/wp\/v2\/comments?post=39691"}],"version-history":[{"count":6,"href":"https:\/\/www.krafthand.de\/truck\/wp-json\/wp\/v2\/posts\/39691\/revisions"}],"predecessor-version":[{"id":39699,"href":"https:\/\/www.krafthand.de\/truck\/wp-json\/wp\/v2\/posts\/39691\/revisions\/39699"}],"wp:featuredmedia":[{"embeddable":true,"href":"https:\/\/www.krafthand.de\/truck\/wp-json\/wp\/v2\/media\/39693"}],"wp:attachment":[{"href":"https:\/\/www.krafthand.de\/truck\/wp-json\/wp\/v2\/media?parent=39691"}],"wp:term":[{"taxonomy":"category","embeddable":true,"href":"https:\/\/www.krafthand.de\/truck\/wp-json\/wp\/v2\/categories?post=39691"},{"taxonomy":"post_tag","embeddable":true,"href":"https:\/\/www.krafthand.de\/truck\/wp-json\/wp\/v2\/tags?post=39691"},{"taxonomy":"settings","embeddable":true,"href":"https:\/\/www.krafthand.de\/truck\/wp-json\/wp\/v2\/settings?post=39691"}],"curies":[{"name":"wp","href":"https:\/\/api.w.org\/{rel}","templated":true}]}}