{"id":39675,"date":"2024-05-08T09:29:55","date_gmt":"2024-05-08T07:29:55","guid":{"rendered":"https:\/\/www.krafthand.de\/truck\/?p=39675"},"modified":"2024-05-08T14:30:43","modified_gmt":"2024-05-08T12:30:43","slug":"ledlenser-neuer-mobiler-montagestrahler-af8r-work","status":"publish","type":"post","link":"https:\/\/www.krafthand.de\/truck\/artikel\/ledlenser-neuer-mobiler-montagestrahler-af8r-work-39675\/","title":{"rendered":"Ledlenser: Neuer Montagestrahler AF8R Work"},"content":{"rendered":"<p>Der Spezialist f\u00fcr mobile LED-Beleuchtung Ledlenser, hat mit dem \u201aAF8R Work\u2018 aus der &#8218;Area-Light-Serie&#8216; einen neuen, leistungsf\u00e4higen Werkstattstrahler vorgestellt. Mit bis zu 4.000 Lumen (Lichtstrom) leuchtet der LED-Strahler gro\u00dffl\u00e4chig den Motor, den Antriebsstrang und den Unterboden von Lkw und Trailer in der Werkstatt aus oder ist nutzwertiger Begleiter im Falle einer Panne \u201aauf Achse\u2018.<\/p>\n<p>Die Multi-Concentrated-Light-Technologie, bei der die LEDs in Reflektorwannen in Waffelstruktur angeordnet sind, sorgt f\u00fcr eine maximale Lichtausbeute bei reduziertem Energieeinsatz. Das Licht kommt da an, wo es gebraucht wird, Blendeffekte werden minimiert. Eine Mischung aus warm- und kaltwei\u00dfen LEDs erzeugt dabei ein entsprechendes Lichtbild.<\/p>\n<p>Die Farbtemperatur ist f\u00fcnfstufig einstellbar und l\u00e4sst sich an die jeweilige Anforderung anpassen. Der leistungsstarke Akku kann per USB-C oder \u00fcber das Netzteil aufgeladen werden, letzteres auch w\u00e4hrend des Betriebs. Dank der Hybrid Power kann die AF8R Work demnach auch kabelgebunden genutzt werden.<\/p>\n<div class=\"gallery-container\"><div class=\"owl-carousel owl-theme\">\r\n        <div>\r\n        \t<img decoding=\"async\" src=\"https:\/\/static.krafthand-truck.de\/uploads\/2024\/05\/Ledlenser_Led_Werkstattstrahler_AF8R_Work_02-1024x654.jpg\" alt=\"\" \/>\r\n          <a href=\"https:\/\/static.krafthand-truck.de\/uploads\/2024\/05\/Ledlenser_Led_Werkstattstrahler_AF8R_Work_02-1024x654.jpg\" data-featherlight=\"gallery_69f5e37034146\" class=\"gallery-expand\" data-title=\"\u00dcber die Bedieneinheit auf der R\u00fcckseite des AF8R Work kann die Lichtleistung, die Farbtemperatur bzw. die Leuchtdauer eingestellt werden. Zus\u00e4tzlich wird der Zustand des Akkus angezeigt. Bild: Georg Blenk\"><i class=\"fa fa-expand\" aria-hidden=\"true\"><\/i><\/a>\r\n        \t<div class=\"gallery-caption wp-caption-text\"><p>\u00dcber die Bedieneinheit auf der R\u00fcckseite des AF8R Work kann die Lichtleistung, die Farbtemperatur bzw. die Leuchtdauer eingestellt werden. Zus\u00e4tzlich wird der Zustand des Akkus angezeigt. Bild: Georg Blenk<\/p>\n<\/div>\r\n        <\/div>\r\n        <div>\r\n        \t<img decoding=\"async\" src=\"https:\/\/static.krafthand-truck.de\/uploads\/2024\/05\/Ledlenser_Led_Werkstattstrahler_AF8R_Work_03-1024x670.jpg\" alt=\"\" \/>\r\n          <a href=\"https:\/\/static.krafthand-truck.de\/uploads\/2024\/05\/Ledlenser_Led_Werkstattstrahler_AF8R_Work_03-1024x670.jpg\" data-featherlight=\"gallery_69f5e37034146\" class=\"gallery-expand\" data-title=\"Der Arbeitsstrahler verf\u00fcgt \u00fcber einen robusten Halteb\u00fcgel, mit Magnethalter. Die LED-Einheit l\u00e4sst sich schwenkbar ausrichten. Bild: Georg Blenk\"><i class=\"fa fa-expand\" aria-hidden=\"true\"><\/i><\/a>\r\n        \t<div class=\"gallery-caption wp-caption-text\"><p>Der Arbeitsstrahler verf\u00fcgt \u00fcber einen robusten Halteb\u00fcgel, mit Magnethalter. Die LED-Einheit l\u00e4sst sich schwenkbar ausrichten. Bild: Georg Blenk<\/p>\n<\/div>\r\n        <\/div><\/div><\/div>\r\n\t<script>\r\n\t\tjQuery(document).ready(function($){\r\n      setTimeout(function(){\r\n  \t\t\t$(\".owl-carousel\").owlCarousel({\r\n  \t\t\t\tloop:true,\r\n    \t\t\tmargin:10,\r\n    \t\t\tresponsiveClass:true,\r\n    \t\t\titems:1,\r\n    \t\t\tautoHeight: true,\r\n          nav: true,\r\n          URLhashListener: true,\r\n          startPosition: \"URLHash\",\r\n          navText: [\r\n            \"<i class='fa fa-chevron-left'><\/i>\",\r\n            \"<i class='fa fa-chevron-right'><\/i>\"\r\n          ],\r\n  \t\t\t});\r\n      }, 2000);\r\n\t\t});\r\n\t<\/script>\r\n\t\n<p>Weitere Features des \u201aAF8R Work\u2018 sind die Restlaufzeitanzeige in Stunden, der abnehmbare Diffusor f\u00fcr homogenes Licht und die flexiblen Anbringungsm\u00f6glichkeiten via Magnet und Montageloch. Der LED-Strahler von <a href=\"https:\/\/ledlenser.com\/de-de\/area-lights-serie\/\" target=\"_blank\" rel=\"noopener\">Ledlenser<\/a> ist robust ausgef\u00fchrt und nach IP67 auch staub- und wassergesch\u00fctzt und wird in einem ebenfalls robusten Kunststoffkoffer geliefert.<\/p>\n<p><i>Den Beitrag finden Sie auch in der Print-Ausgabe 4-2024 der <a href=\"https:\/\/www.krafthand.de\/truck\/magazin\/\" title=\"Zum Magazin\">Krafthand-Truck<\/a>.<\/i><\/p>","protected":false},"excerpt":{"rendered":"<p>Ledlenser, der Spezialist f\u00fcr mobile LED-Beleuchtung, hat mit dem &#8218;AF8R Work&#8216; aus der &#8218;Area-Light-Serie&#8216; einen neuen, kraftvollen Werkstattstrahler eingef\u00fchrt. Mit einem Lichtstrom von bis zu 4.000 Lumen beleuchtet der LED-Strahler den Motor, den Antriebsstrang und den Unterboden von Lkw und Trailern in der Werkstatt gro\u00dffl\u00e4chig oder dient als n\u00fctzlicher Begleiter bei einer Panne unterwegs. <span class=\"excerpt-more__dots\">&#8230;<\/span> <a class=\"excerpt-more__link\" href=\"https:\/\/www.krafthand.de\/truck\/artikel\/ledlenser-neuer-mobiler-montagestrahler-af8r-work-39675\/\" >weiter<\/a><\/p>\n","protected":false},"author":9,"featured_media":39676,"comment_status":"closed","ping_status":"closed","sticky":false,"template":"","format":"standard","meta":{"footnotes":""},"categories":[4220],"tags":[5936,3566,4074,4128,5004],"settings":[4766],"class_list":["post-39675","post","type-post","status-publish","format-standard","has-post-thumbnail","hentry","category-werkstattausruestung","tag-af8r-work","tag-arbeitslampe","tag-led-strahler","tag-ledlenser","tag-werkstattlampe"],"yoast_head":"<!-- This site is optimized with the Yoast SEO plugin v27.3 - https:\/\/yoast.com\/product\/yoast-seo-wordpress\/ -->\n<title>Ledlenser: Neuer Montagestrahler AF8R Work - Krafthand-Truck<\/title>\n<meta name=\"description\" content=\"Ledlenser hat mit dem &#039;AF8R Work&#039; aus der &#039;Area-Light-Serie&#039; einen neuen, kraftvollen Werkstattstrahler eingef\u00fchrt.\" \/>\n<meta name=\"robots\" content=\"index, follow, max-snippet:-1, max-image-preview:large, max-video-preview:-1\" \/>\n<link rel=\"canonical\" href=\"https:\/\/www.krafthand.de\/truck\/artikel\/ledlenser-neuer-mobiler-montagestrahler-af8r-work-39675\/\" \/>\n<meta property=\"og:locale\" content=\"de_DE\" \/>\n<meta property=\"og:type\" content=\"article\" \/>\n<meta property=\"og:title\" content=\"Ledlenser: Neuer Montagestrahler AF8R Work - Krafthand-Truck\" \/>\n<meta property=\"og:description\" content=\"Ledlenser hat mit dem &#039;AF8R Work&#039; aus der &#039;Area-Light-Serie&#039; einen neuen, kraftvollen Werkstattstrahler eingef\u00fchrt.\" \/>\n<meta property=\"og:url\" content=\"https:\/\/www.krafthand-truck.de\/artikel\/ledlenser-neuer-mobiler-montagestrahler-af8r-work-39675\/\" \/>\n<meta property=\"og:site_name\" content=\"Krafthand-Truck\" \/>\n<meta property=\"article:published_time\" content=\"2024-05-08T07:29:55+00:00\" \/>\n<meta property=\"article:modified_time\" content=\"2024-05-08T12:30:43+00:00\" \/>\n<meta property=\"og:image\" content=\"https:\/\/static.krafthand-truck.de\/uploads\/2024\/05\/Ledlenser_Led_Werkstattstrahler_AF8R_Work.jpg\" \/>\n\t<meta property=\"og:image:width\" content=\"1200\" \/>\n\t<meta property=\"og:image:height\" content=\"787\" \/>\n\t<meta property=\"og:image:type\" content=\"image\/jpeg\" \/>\n<meta name=\"author\" content=\"georg.blenk@krafthand-medien.de\" \/>\n<meta name=\"twitter:card\" content=\"summary_large_image\" \/>\n<meta name=\"twitter:label1\" content=\"Verfasst von\" \/>\n\t<meta name=\"twitter:data1\" content=\"georg.blenk@krafthand-medien.de\" \/>\n\t<meta name=\"twitter:label2\" content=\"Gesch\u00e4tzte Lesezeit\" \/>\n\t<meta name=\"twitter:data2\" content=\"2\u00a0Minuten\" \/>\n<script type=\"application\/ld+json\" class=\"yoast-schema-graph\">{\"@context\":\"https:\\\/\\\/schema.org\",\"@graph\":[{\"@type\":\"Article\",\"@id\":\"https:\\\/\\\/www.krafthand.de\\\/truck\\\/artikel\\\/ledlenser-neuer-mobiler-montagestrahler-af8r-work-39675\\\/#article\",\"isPartOf\":{\"@id\":\"https:\\\/\\\/www.krafthand.de\\\/truck\\\/artikel\\\/ledlenser-neuer-mobiler-montagestrahler-af8r-work-39675\\\/\"},\"author\":{\"name\":\"georg.blenk@krafthand-medien.de\",\"@id\":\"https:\\\/\\\/www.krafthand.de\\\/truck\\\/#\\\/schema\\\/person\\\/51fa80b1c57034c4bf63f9f988fc24ce\"},\"headline\":\"Ledlenser: Neuer Montagestrahler AF8R Work\",\"datePublished\":\"2024-05-08T07:29:55+00:00\",\"dateModified\":\"2024-05-08T12:30:43+00:00\",\"mainEntityOfPage\":{\"@id\":\"https:\\\/\\\/www.krafthand.de\\\/truck\\\/artikel\\\/ledlenser-neuer-mobiler-montagestrahler-af8r-work-39675\\\/\"},\"wordCount\":210,\"image\":{\"@id\":\"https:\\\/\\\/www.krafthand.de\\\/truck\\\/artikel\\\/ledlenser-neuer-mobiler-montagestrahler-af8r-work-39675\\\/#primaryimage\"},\"thumbnailUrl\":\"https:\\\/\\\/static.krafthand-truck.de\\\/uploads\\\/2024\\\/05\\\/Ledlenser_Led_Werkstattstrahler_AF8R_Work.jpg\",\"keywords\":[\"AF8R Work\",\"Arbeitslampe\",\"LED-Strahler\",\"Ledlenser\",\"Werkstattlampe\"],\"articleSection\":[\"Werkstattausr\u00fcstung\"],\"inLanguage\":\"de\"},{\"@type\":\"WebPage\",\"@id\":\"https:\\\/\\\/www.krafthand.de\\\/truck\\\/artikel\\\/ledlenser-neuer-mobiler-montagestrahler-af8r-work-39675\\\/\",\"url\":\"https:\\\/\\\/www.krafthand.de\\\/truck\\\/artikel\\\/ledlenser-neuer-mobiler-montagestrahler-af8r-work-39675\\\/\",\"name\":\"Ledlenser: Neuer Montagestrahler AF8R Work - Krafthand-Truck\",\"isPartOf\":{\"@id\":\"https:\\\/\\\/www.krafthand.de\\\/truck\\\/#website\"},\"primaryImageOfPage\":{\"@id\":\"https:\\\/\\\/www.krafthand.de\\\/truck\\\/artikel\\\/ledlenser-neuer-mobiler-montagestrahler-af8r-work-39675\\\/#primaryimage\"},\"image\":{\"@id\":\"https:\\\/\\\/www.krafthand.de\\\/truck\\\/artikel\\\/ledlenser-neuer-mobiler-montagestrahler-af8r-work-39675\\\/#primaryimage\"},\"thumbnailUrl\":\"https:\\\/\\\/static.krafthand-truck.de\\\/uploads\\\/2024\\\/05\\\/Ledlenser_Led_Werkstattstrahler_AF8R_Work.jpg\",\"datePublished\":\"2024-05-08T07:29:55+00:00\",\"dateModified\":\"2024-05-08T12:30:43+00:00\",\"author\":{\"@id\":\"https:\\\/\\\/www.krafthand.de\\\/truck\\\/#\\\/schema\\\/person\\\/51fa80b1c57034c4bf63f9f988fc24ce\"},\"description\":\"Ledlenser hat mit dem 'AF8R Work' aus der 'Area-Light-Serie' einen neuen, kraftvollen Werkstattstrahler eingef\u00fchrt.\",\"breadcrumb\":{\"@id\":\"https:\\\/\\\/www.krafthand.de\\\/truck\\\/artikel\\\/ledlenser-neuer-mobiler-montagestrahler-af8r-work-39675\\\/#breadcrumb\"},\"inLanguage\":\"de\",\"potentialAction\":[{\"@type\":\"ReadAction\",\"target\":[\"https:\\\/\\\/www.krafthand.de\\\/truck\\\/artikel\\\/ledlenser-neuer-mobiler-montagestrahler-af8r-work-39675\\\/\"]}]},{\"@type\":\"ImageObject\",\"inLanguage\":\"de\",\"@id\":\"https:\\\/\\\/www.krafthand.de\\\/truck\\\/artikel\\\/ledlenser-neuer-mobiler-montagestrahler-af8r-work-39675\\\/#primaryimage\",\"url\":\"https:\\\/\\\/static.krafthand-truck.de\\\/uploads\\\/2024\\\/05\\\/Ledlenser_Led_Werkstattstrahler_AF8R_Work.jpg\",\"contentUrl\":\"https:\\\/\\\/static.krafthand-truck.de\\\/uploads\\\/2024\\\/05\\\/Ledlenser_Led_Werkstattstrahler_AF8R_Work.jpg\",\"width\":1200,\"height\":787},{\"@type\":\"BreadcrumbList\",\"@id\":\"https:\\\/\\\/www.krafthand.de\\\/truck\\\/artikel\\\/ledlenser-neuer-mobiler-montagestrahler-af8r-work-39675\\\/#breadcrumb\",\"itemListElement\":[{\"@type\":\"ListItem\",\"position\":1,\"name\":\"Krafthand-Truck\",\"item\":\"https:\\\/\\\/www.krafthand.de\\\/truck\\\/\"},{\"@type\":\"ListItem\",\"position\":2,\"name\":\"Nfz-Service\",\"item\":\"https:\\\/\\\/www.krafthand.de\\\/truck\\\/kategorie\\\/nfz-service\\\/\"},{\"@type\":\"ListItem\",\"position\":3,\"name\":\"Werkstattausr\u00fcstung\",\"item\":\"https:\\\/\\\/www.krafthand.de\\\/truck\\\/kategorie\\\/nfz-service\\\/werkstattausruestung\\\/\"},{\"@type\":\"ListItem\",\"position\":4,\"name\":\"Ledlenser: Neuer Montagestrahler AF8R Work\"}]},{\"@type\":\"WebSite\",\"@id\":\"https:\\\/\\\/www.krafthand.de\\\/truck\\\/#website\",\"url\":\"https:\\\/\\\/www.krafthand.de\\\/truck\\\/\",\"name\":\"Krafthand-Truck\",\"description\":\"\",\"potentialAction\":[{\"@type\":\"SearchAction\",\"target\":{\"@type\":\"EntryPoint\",\"urlTemplate\":\"https:\\\/\\\/www.krafthand.de\\\/truck\\\/?s={search_term_string}\"},\"query-input\":{\"@type\":\"PropertyValueSpecification\",\"valueRequired\":true,\"valueName\":\"search_term_string\"}}],\"inLanguage\":\"de\"},{\"@type\":\"Person\",\"@id\":\"https:\\\/\\\/www.krafthand.de\\\/truck\\\/#\\\/schema\\\/person\\\/51fa80b1c57034c4bf63f9f988fc24ce\",\"name\":\"georg.blenk@krafthand-medien.de\",\"image\":{\"@type\":\"ImageObject\",\"inLanguage\":\"de\",\"@id\":\"https:\\\/\\\/secure.gravatar.com\\\/avatar\\\/93713c30affe0aa95d3a4130e499bb1abee2eb31adbdd9ce2aa1543538490215?s=96&d=mm&r=g\",\"url\":\"https:\\\/\\\/secure.gravatar.com\\\/avatar\\\/93713c30affe0aa95d3a4130e499bb1abee2eb31adbdd9ce2aa1543538490215?s=96&d=mm&r=g\",\"contentUrl\":\"https:\\\/\\\/secure.gravatar.com\\\/avatar\\\/93713c30affe0aa95d3a4130e499bb1abee2eb31adbdd9ce2aa1543538490215?s=96&d=mm&r=g\",\"caption\":\"georg.blenk@krafthand-medien.de\"}}]}<\/script>\n<!-- \/ Yoast SEO plugin. -->","yoast_head_json":{"title":"Ledlenser: Neuer Montagestrahler AF8R Work - Krafthand-Truck","description":"Ledlenser hat mit dem 'AF8R Work' aus der 'Area-Light-Serie' einen neuen, kraftvollen Werkstattstrahler eingef\u00fchrt.","robots":{"index":"index","follow":"follow","max-snippet":"max-snippet:-1","max-image-preview":"max-image-preview:large","max-video-preview":"max-video-preview:-1"},"canonical":"https:\/\/www.krafthand.de\/truck\/artikel\/ledlenser-neuer-mobiler-montagestrahler-af8r-work-39675\/","og_locale":"de_DE","og_type":"article","og_title":"Ledlenser: Neuer Montagestrahler AF8R Work - Krafthand-Truck","og_description":"Ledlenser hat mit dem 'AF8R Work' aus der 'Area-Light-Serie' einen neuen, kraftvollen Werkstattstrahler eingef\u00fchrt.","og_url":"https:\/\/www.krafthand-truck.de\/artikel\/ledlenser-neuer-mobiler-montagestrahler-af8r-work-39675\/","og_site_name":"Krafthand-Truck","article_published_time":"2024-05-08T07:29:55+00:00","article_modified_time":"2024-05-08T12:30:43+00:00","og_image":[{"width":1200,"height":787,"url":"https:\/\/static.krafthand-truck.de\/uploads\/2024\/05\/Ledlenser_Led_Werkstattstrahler_AF8R_Work.jpg","type":"image\/jpeg"}],"author":"georg.blenk@krafthand-medien.de","twitter_card":"summary_large_image","twitter_misc":{"Verfasst von":"georg.blenk@krafthand-medien.de","Gesch\u00e4tzte Lesezeit":"2\u00a0Minuten"},"schema":{"@context":"https:\/\/schema.org","@graph":[{"@type":"Article","@id":"https:\/\/www.krafthand.de\/truck\/artikel\/ledlenser-neuer-mobiler-montagestrahler-af8r-work-39675\/#article","isPartOf":{"@id":"https:\/\/www.krafthand.de\/truck\/artikel\/ledlenser-neuer-mobiler-montagestrahler-af8r-work-39675\/"},"author":{"name":"georg.blenk@krafthand-medien.de","@id":"https:\/\/www.krafthand.de\/truck\/#\/schema\/person\/51fa80b1c57034c4bf63f9f988fc24ce"},"headline":"Ledlenser: Neuer Montagestrahler AF8R Work","datePublished":"2024-05-08T07:29:55+00:00","dateModified":"2024-05-08T12:30:43+00:00","mainEntityOfPage":{"@id":"https:\/\/www.krafthand.de\/truck\/artikel\/ledlenser-neuer-mobiler-montagestrahler-af8r-work-39675\/"},"wordCount":210,"image":{"@id":"https:\/\/www.krafthand.de\/truck\/artikel\/ledlenser-neuer-mobiler-montagestrahler-af8r-work-39675\/#primaryimage"},"thumbnailUrl":"https:\/\/static.krafthand-truck.de\/uploads\/2024\/05\/Ledlenser_Led_Werkstattstrahler_AF8R_Work.jpg","keywords":["AF8R Work","Arbeitslampe","LED-Strahler","Ledlenser","Werkstattlampe"],"articleSection":["Werkstattausr\u00fcstung"],"inLanguage":"de"},{"@type":"WebPage","@id":"https:\/\/www.krafthand.de\/truck\/artikel\/ledlenser-neuer-mobiler-montagestrahler-af8r-work-39675\/","url":"https:\/\/www.krafthand.de\/truck\/artikel\/ledlenser-neuer-mobiler-montagestrahler-af8r-work-39675\/","name":"Ledlenser: Neuer Montagestrahler AF8R Work - Krafthand-Truck","isPartOf":{"@id":"https:\/\/www.krafthand.de\/truck\/#website"},"primaryImageOfPage":{"@id":"https:\/\/www.krafthand.de\/truck\/artikel\/ledlenser-neuer-mobiler-montagestrahler-af8r-work-39675\/#primaryimage"},"image":{"@id":"https:\/\/www.krafthand.de\/truck\/artikel\/ledlenser-neuer-mobiler-montagestrahler-af8r-work-39675\/#primaryimage"},"thumbnailUrl":"https:\/\/static.krafthand-truck.de\/uploads\/2024\/05\/Ledlenser_Led_Werkstattstrahler_AF8R_Work.jpg","datePublished":"2024-05-08T07:29:55+00:00","dateModified":"2024-05-08T12:30:43+00:00","author":{"@id":"https:\/\/www.krafthand.de\/truck\/#\/schema\/person\/51fa80b1c57034c4bf63f9f988fc24ce"},"description":"Ledlenser hat mit dem 'AF8R Work' aus der 'Area-Light-Serie' einen neuen, kraftvollen Werkstattstrahler eingef\u00fchrt.","breadcrumb":{"@id":"https:\/\/www.krafthand.de\/truck\/artikel\/ledlenser-neuer-mobiler-montagestrahler-af8r-work-39675\/#breadcrumb"},"inLanguage":"de","potentialAction":[{"@type":"ReadAction","target":["https:\/\/www.krafthand.de\/truck\/artikel\/ledlenser-neuer-mobiler-montagestrahler-af8r-work-39675\/"]}]},{"@type":"ImageObject","inLanguage":"de","@id":"https:\/\/www.krafthand.de\/truck\/artikel\/ledlenser-neuer-mobiler-montagestrahler-af8r-work-39675\/#primaryimage","url":"https:\/\/static.krafthand-truck.de\/uploads\/2024\/05\/Ledlenser_Led_Werkstattstrahler_AF8R_Work.jpg","contentUrl":"https:\/\/static.krafthand-truck.de\/uploads\/2024\/05\/Ledlenser_Led_Werkstattstrahler_AF8R_Work.jpg","width":1200,"height":787},{"@type":"BreadcrumbList","@id":"https:\/\/www.krafthand.de\/truck\/artikel\/ledlenser-neuer-mobiler-montagestrahler-af8r-work-39675\/#breadcrumb","itemListElement":[{"@type":"ListItem","position":1,"name":"Krafthand-Truck","item":"https:\/\/www.krafthand.de\/truck\/"},{"@type":"ListItem","position":2,"name":"Nfz-Service","item":"https:\/\/www.krafthand.de\/truck\/kategorie\/nfz-service\/"},{"@type":"ListItem","position":3,"name":"Werkstattausr\u00fcstung","item":"https:\/\/www.krafthand.de\/truck\/kategorie\/nfz-service\/werkstattausruestung\/"},{"@type":"ListItem","position":4,"name":"Ledlenser: Neuer Montagestrahler AF8R Work"}]},{"@type":"WebSite","@id":"https:\/\/www.krafthand.de\/truck\/#website","url":"https:\/\/www.krafthand.de\/truck\/","name":"Krafthand-Truck","description":"","potentialAction":[{"@type":"SearchAction","target":{"@type":"EntryPoint","urlTemplate":"https:\/\/www.krafthand.de\/truck\/?s={search_term_string}"},"query-input":{"@type":"PropertyValueSpecification","valueRequired":true,"valueName":"search_term_string"}}],"inLanguage":"de"},{"@type":"Person","@id":"https:\/\/www.krafthand.de\/truck\/#\/schema\/person\/51fa80b1c57034c4bf63f9f988fc24ce","name":"georg.blenk@krafthand-medien.de","image":{"@type":"ImageObject","inLanguage":"de","@id":"https:\/\/secure.gravatar.com\/avatar\/93713c30affe0aa95d3a4130e499bb1abee2eb31adbdd9ce2aa1543538490215?s=96&d=mm&r=g","url":"https:\/\/secure.gravatar.com\/avatar\/93713c30affe0aa95d3a4130e499bb1abee2eb31adbdd9ce2aa1543538490215?s=96&d=mm&r=g","contentUrl":"https:\/\/secure.gravatar.com\/avatar\/93713c30affe0aa95d3a4130e499bb1abee2eb31adbdd9ce2aa1543538490215?s=96&d=mm&r=g","caption":"georg.blenk@krafthand-medien.de"}}]}},"_links":{"self":[{"href":"https:\/\/www.krafthand.de\/truck\/wp-json\/wp\/v2\/posts\/39675","targetHints":{"allow":["GET"]}}],"collection":[{"href":"https:\/\/www.krafthand.de\/truck\/wp-json\/wp\/v2\/posts"}],"about":[{"href":"https:\/\/www.krafthand.de\/truck\/wp-json\/wp\/v2\/types\/post"}],"author":[{"embeddable":true,"href":"https:\/\/www.krafthand.de\/truck\/wp-json\/wp\/v2\/users\/9"}],"replies":[{"embeddable":true,"href":"https:\/\/www.krafthand.de\/truck\/wp-json\/wp\/v2\/comments?post=39675"}],"version-history":[{"count":6,"href":"https:\/\/www.krafthand.de\/truck\/wp-json\/wp\/v2\/posts\/39675\/revisions"}],"predecessor-version":[{"id":39684,"href":"https:\/\/www.krafthand.de\/truck\/wp-json\/wp\/v2\/posts\/39675\/revisions\/39684"}],"wp:featuredmedia":[{"embeddable":true,"href":"https:\/\/www.krafthand.de\/truck\/wp-json\/wp\/v2\/media\/39676"}],"wp:attachment":[{"href":"https:\/\/www.krafthand.de\/truck\/wp-json\/wp\/v2\/media?parent=39675"}],"wp:term":[{"taxonomy":"category","embeddable":true,"href":"https:\/\/www.krafthand.de\/truck\/wp-json\/wp\/v2\/categories?post=39675"},{"taxonomy":"post_tag","embeddable":true,"href":"https:\/\/www.krafthand.de\/truck\/wp-json\/wp\/v2\/tags?post=39675"},{"taxonomy":"settings","embeddable":true,"href":"https:\/\/www.krafthand.de\/truck\/wp-json\/wp\/v2\/settings?post=39675"}],"curies":[{"name":"wp","href":"https:\/\/api.w.org\/{rel}","templated":true}]}}