{"id":39631,"date":"2024-05-07T11:07:30","date_gmt":"2024-05-07T09:07:30","guid":{"rendered":"https:\/\/www.krafthand.de\/truck\/?p=39631"},"modified":"2024-05-07T11:21:53","modified_gmt":"2024-05-07T09:21:53","slug":"saf-holland-faehrt-produktion-der-e-achse-saf-trakr-hoch","status":"publish","type":"post","link":"https:\/\/www.krafthand.de\/truck\/artikel\/saf-holland-faehrt-produktion-der-e-achse-saf-trakr-hoch-39631\/","title":{"rendered":"SAF Holland f\u00e4hrt Produktion der E-Achse SAF TRAKr weiter hoch"},"content":{"rendered":"<p>Nach einer mehrj\u00e4hrigen Testphase, startete im Oktober 2022 im Stammwerk in Bessenbach die Fertigung der Trailerachse SAF TRAKr in Verbindung mit dem INTRA-Fahrwerk . Jetzt wird die Produktion der E-Achse kontinuierlich weiter hochgefahren und die &#8218;TRAKr&#8216; schrittweise in den Markt eingef\u00fchrt. Zur Jahresmitte 2024 soll zudem das Portfolio um die Kombination mit dem MODUL-Fahrwerk erweitert werden.<\/p>\n<p>Der Einsatz von elektrifizierten Trailerachsen gewinnt bei emissionsarmen Transporten (etwa mit K\u00fchlaufliegern und bei innerst\u00e4dtischen\u00a0 Anwendungen) immer mehr an Bedeutung. Ein weiterer Innovationstreiber f\u00fcr die E-Technologie ist die VECTO-Verordnung (<a href=\"https:\/\/climate.ec.europa.eu\/eu-action\/transport\/road-transport-reducing-co2-emissions-vehicles\/vehicle-energy-consumption-calculation-tool-vecto_en\" target=\"_blank\" rel=\"noopener\">Vehicle Energy Consumption Calculation<\/a>). Zudem sind zeitnah mehr als 50 Null-Emissions-Zonen in Europa geplant, unter anderem in Berlin, Paris und London. Strengere L\u00e4rmschutznormen halten die Hersteller ebenfalls dazu an, deutlich leisere Fahrzeuge zu produzieren. Um die globale Erw\u00e4rmung wie geplant begrenzen zu k\u00f6nnen, m\u00fcssen au\u00dferdem CO2-Emissionen bis 2050 um bis zu 95 Prozent gesenkt werden.<\/p>\n<blockquote><p>\u201eHier sehen wir gro\u00dfe Chancen f\u00fcr elektrifizierte Trailerachsen: Sie reduzieren CO2- und Ger\u00e4uschemissionen und entsprechen damit gesetzlichen Anforderungen, zum Beispiel an n\u00e4chtliche K\u00fchltransporte im innerst\u00e4dtischen Lieferverkehr. Auch dem Branchentrend hin zu mehr \u2018green transport\u2018 tragen die E-Achsen Rechnung\u201c, s0 Olaf Drewes, Director Group Innovation Trailer bei SAF-HOLLAND.<\/p><\/blockquote>\n<h3>Einsatzgebiete der SAF TRAKr<\/h3>\n<p>Die Trailerachse SAF TRAKr nutzt die Rekuperation (Energier\u00fcckgewinnung), um die Emissionen und den Kraftstoffverbrauch des Gesamtzugs zu senken. Daf\u00fcr wandelt die zentral angeordnete Hochspannungs-Generatoreinheit die kinetische Energie des Trailers in elektrische Energie um. Die erzeugte Energie wird in einer Li-Ion-Batterie gespeichert und anschlie\u00dfend genutzt, um die elektrischen Verbraucher des Anh\u00e4ngers, etwa die K\u00fchlaggregate oder Pumpen, vollelektrisch zu betreiben.<br \/>\nHaupteinsatzgebiete sind K\u00fchlauflieger sowie Containerchassis f\u00fcr K\u00fchlcontainer, Lebensmittel-Tankwagen, Silofahrzeuge, Walking Floors oder Plateaufahrzeuge mit Kran. F\u00fcr Fahrer ist der rein elektrische Betrieb des K\u00fchlaggregates unterwegs ein sp\u00fcrbarer Komfortgewinn, denn so sind sie wesentlich weniger Ger\u00e4uschemissionen ausgesetzt. Die Rekuperationsachse wird im <a href=\"https:\/\/safholland.com\/de\/de\/\" target=\"_blank\" rel=\"noopener\">SAF-HOLLAND<\/a>-Werk im nordbayerischen Bessenbach produziert. Nach einer Einf\u00fchrung in den Europ\u00e4ischen Markt, ist 2023 der Vertrieb der SAF TRAKr in Australien und in Neuseeland angelaufen. In diesen M\u00e4rkten sind bereits Fahrzeuge mit SAF TRAKr auf den Stra\u00dfen. In weiteren Regionen, beispielsweise Nordamerika und Indien, kommt die Trailerachse derzeit in Testfahrzeugen zum Einsatz.<\/p>\n<h3>Wartung und Ersatzteilversorgung<\/h3>\n<p>Die Betriebsstrategie und die einzelnen Komponenten der SAF TRAKr sind laut SAF-HOLLAND optimal aufeinander abgestimmt, um eine hohe Wartungsfreundlichkeit zu gew\u00e4hrleisten. Zahlreiche Bauteile seien bereits fest in die E-Achse integriert. So k\u00f6nnten Fahrzeughersteller die SAF TRAKr mit nur wenig Aufwand montieren oder nachr\u00fcsten und dabei Standard-Schnittstellen nutzen.<br \/>\nUm beispielsweise Radk\u00f6pfe und R\u00e4der zu demontieren, m\u00fcssen weder das zentral angeordnete Getriebe mit dem daran angeflanschten Generator noch weitere HV-Komponenten demontiert werden. Verschlei\u00dfteile wie Bremsbel\u00e4ge oder Bremsscheiben sind identisch zu den Komponenten der nicht elektrifizierten Achsen von SAF-HOLLAND. Das vereinfache und sichere die Versorgung mit Ersatzteilen.<\/p>\n<h3>Modularer Aufbau<\/h3>\n<p>Die SAF TRAKr nutzt ein Hochvolt-Generatormodul f\u00fcr die elektrische Rekuperation, ihre maximale Leistung liegt systembedingt bei 17 kW. Die Achse ist f\u00fcr Achslasten von neun bis zehn Tonnen ausgelegt und wahlweise als wasser- oder luftgek\u00fchlte Variante verf\u00fcgbar. Sie ist erh\u00e4ltlich mit verschiedenen Scheiben-bremsen f\u00fcr 19,5\u2018\u2018- und 22,5\u2018\u2018-Singlebereifung sowie f\u00fcr das Fahrwerksystem SAF INTRA. Die Zwillingsbereifung sei in der Entwicklung. Ab Mitte 2024 ist die SAF TRAKr auch in Kombination mit dem MODUL Fahrwerk bestellbar. Der modulare Aufbau ist speziell f\u00fcr weltweit unterschiedliche Anforderungen der Wirtschaftsr\u00e4ume EMEA, AMERICAS und APAC konzipiert. Beim Rekuperationssystem kooperiert SAF-HOLLAND mit externen Partnern.<\/p>\n<h3>Generator arbeitet unabh\u00e4ngig vom Zugfahrzeug<\/h3>\n<p>Der Generator arbeitet unabh\u00e4ngig vom Zugfahrzeug im Fahrbetrieb und wird bei ABS-Bremseingriffen oder Fahrdynamik-Regelungen abgeschaltet, um die Fahrstabilit\u00e4t zu gew\u00e4hrleisten. Viele Fahrzeugbauer arbeiten derzeit an der Implementierung der Europ\u00e4ischen Typengenehmigung. Dies tr\u00e4gt zur Vereinfachung des Zulassungsprozesses bei. Bei einer Fahrzeuggeschwindigkeit von weniger als 15 km\/h wird der Generator ebenfalls deaktiviert, um das notwendige Anfahrmoment und damit den Kraftstoffverbrauch der Zugmaschine in diesen Phasen nicht zu erh\u00f6hen. Aufladeoptionen sind Energiegewinnung durch die Achse w\u00e4hrend der Fahrt sowie das Laden \u00fcber das externe Stromnetz im Stillstand, zum Beispiel beim Be- oder Entladen des Fahrzeugs.<\/p>\n","protected":false},"excerpt":{"rendered":"<p>Nach einer mehrj\u00e4hrigen Testphase, startete im Oktober 2022 im Stammwerk in Bessenbach die Fertigung der Trailerachse SAF TRAKr in Verbindung mit dem INTRA-Fahrwerk . Jetzt wird die Produktion der E-Achse kontinuierlich weiter hochgefahren und die &#8218;TRAKr&#8216; schrittweise in den Markt eingef\u00fchrt.  <span class=\"excerpt-more__dots\">&#8230;<\/span> <a class=\"excerpt-more__link\" href=\"https:\/\/www.krafthand.de\/truck\/artikel\/saf-holland-faehrt-produktion-der-e-achse-saf-trakr-hoch-39631\/\" >weiter<\/a><\/p>\n","protected":false},"author":9,"featured_media":39636,"comment_status":"closed","ping_status":"closed","sticky":false,"template":"","format":"standard","meta":{"footnotes":""},"categories":[4224,4914],"tags":[5140,5933,1111,4761,5433],"settings":[4766,3523],"class_list":["post-39631","post","type-post","status-publish","format-standard","has-post-thumbnail","hentry","category-e-antrieb","category-trailer-aufbauten","tag-e-achse","tag-rekuperation-e-trailer","tag-saf-holland","tag-trakr","tag-vecto"],"yoast_head":"<!-- This site is optimized with the Yoast SEO plugin v27.3 - https:\/\/yoast.com\/product\/yoast-seo-wordpress\/ -->\n<title>Rekuperationsachse TRAKr von SAF-HOLLAND I Krafthand-Truck<\/title>\n<meta name=\"description\" content=\"Die Produktion der E-Achse TRAKr wird kontinuierlich weiter hochgefahren, die E-Achse wird schrittweise in den Markt eingef\u00fchrt.\" \/>\n<meta name=\"robots\" content=\"index, follow, max-snippet:-1, max-image-preview:large, max-video-preview:-1\" \/>\n<link rel=\"canonical\" href=\"https:\/\/www.krafthand.de\/truck\/artikel\/saf-holland-faehrt-produktion-der-e-achse-saf-trakr-hoch-39631\/\" \/>\n<meta property=\"og:locale\" content=\"de_DE\" \/>\n<meta property=\"og:type\" content=\"article\" \/>\n<meta property=\"og:title\" content=\"Rekuperationsachse TRAKr von SAF-HOLLAND I Krafthand-Truck\" \/>\n<meta property=\"og:description\" content=\"Die Produktion der E-Achse TRAKr wird kontinuierlich weiter hochgefahren, die E-Achse wird schrittweise in den Markt eingef\u00fchrt.\" \/>\n<meta property=\"og:url\" content=\"https:\/\/www.krafthand-truck.de\/artikel\/saf-holland-faehrt-produktion-der-e-achse-saf-trakr-hoch-39631\/\" \/>\n<meta property=\"og:site_name\" content=\"Krafthand-Truck\" \/>\n<meta property=\"article:published_time\" content=\"2024-05-07T09:07:30+00:00\" \/>\n<meta property=\"article:modified_time\" content=\"2024-05-07T09:21:53+00:00\" \/>\n<meta property=\"og:image\" content=\"https:\/\/static.krafthand-truck.de\/uploads\/2024\/05\/SAF_HOLLAND_TRAKr_Rekuperationsachse_E_Achse_Trailer.jpg\" \/>\n\t<meta property=\"og:image:width\" content=\"1200\" \/>\n\t<meta property=\"og:image:height\" content=\"848\" \/>\n\t<meta property=\"og:image:type\" content=\"image\/jpeg\" \/>\n<meta name=\"author\" content=\"georg.blenk@krafthand-medien.de\" \/>\n<meta name=\"twitter:card\" content=\"summary_large_image\" \/>\n<meta name=\"twitter:label1\" content=\"Verfasst von\" \/>\n\t<meta name=\"twitter:data1\" content=\"georg.blenk@krafthand-medien.de\" \/>\n\t<meta name=\"twitter:label2\" content=\"Gesch\u00e4tzte Lesezeit\" \/>\n\t<meta name=\"twitter:data2\" content=\"4\u00a0Minuten\" \/>\n<script type=\"application\/ld+json\" class=\"yoast-schema-graph\">{\"@context\":\"https:\\\/\\\/schema.org\",\"@graph\":[{\"@type\":\"Article\",\"@id\":\"https:\\\/\\\/www.krafthand.de\\\/truck\\\/artikel\\\/saf-holland-faehrt-produktion-der-e-achse-saf-trakr-hoch-39631\\\/#article\",\"isPartOf\":{\"@id\":\"https:\\\/\\\/www.krafthand.de\\\/truck\\\/artikel\\\/saf-holland-faehrt-produktion-der-e-achse-saf-trakr-hoch-39631\\\/\"},\"author\":{\"name\":\"georg.blenk@krafthand-medien.de\",\"@id\":\"https:\\\/\\\/www.krafthand.de\\\/truck\\\/#\\\/schema\\\/person\\\/51fa80b1c57034c4bf63f9f988fc24ce\"},\"headline\":\"SAF Holland f\u00e4hrt Produktion der E-Achse SAF TRAKr weiter hoch\",\"datePublished\":\"2024-05-07T09:07:30+00:00\",\"dateModified\":\"2024-05-07T09:21:53+00:00\",\"mainEntityOfPage\":{\"@id\":\"https:\\\/\\\/www.krafthand.de\\\/truck\\\/artikel\\\/saf-holland-faehrt-produktion-der-e-achse-saf-trakr-hoch-39631\\\/\"},\"wordCount\":695,\"image\":{\"@id\":\"https:\\\/\\\/www.krafthand.de\\\/truck\\\/artikel\\\/saf-holland-faehrt-produktion-der-e-achse-saf-trakr-hoch-39631\\\/#primaryimage\"},\"thumbnailUrl\":\"https:\\\/\\\/static.krafthand-truck.de\\\/uploads\\\/2024\\\/05\\\/SAF_HOLLAND_TRAKr_Rekuperationsachse_E_Achse_Trailer.jpg\",\"keywords\":[\"e-Achse\",\"Rekuperation. E-Trailer\",\"SAF-HOLLAND\",\"TRAKr\",\"Vecto\"],\"articleSection\":[\"E-Antrieb (BEV\\\/FCEV)\",\"Trailer\\\/Aufbauten\"],\"inLanguage\":\"de\"},{\"@type\":\"WebPage\",\"@id\":\"https:\\\/\\\/www.krafthand.de\\\/truck\\\/artikel\\\/saf-holland-faehrt-produktion-der-e-achse-saf-trakr-hoch-39631\\\/\",\"url\":\"https:\\\/\\\/www.krafthand.de\\\/truck\\\/artikel\\\/saf-holland-faehrt-produktion-der-e-achse-saf-trakr-hoch-39631\\\/\",\"name\":\"Rekuperationsachse TRAKr von SAF-HOLLAND I Krafthand-Truck\",\"isPartOf\":{\"@id\":\"https:\\\/\\\/www.krafthand.de\\\/truck\\\/#website\"},\"primaryImageOfPage\":{\"@id\":\"https:\\\/\\\/www.krafthand.de\\\/truck\\\/artikel\\\/saf-holland-faehrt-produktion-der-e-achse-saf-trakr-hoch-39631\\\/#primaryimage\"},\"image\":{\"@id\":\"https:\\\/\\\/www.krafthand.de\\\/truck\\\/artikel\\\/saf-holland-faehrt-produktion-der-e-achse-saf-trakr-hoch-39631\\\/#primaryimage\"},\"thumbnailUrl\":\"https:\\\/\\\/static.krafthand-truck.de\\\/uploads\\\/2024\\\/05\\\/SAF_HOLLAND_TRAKr_Rekuperationsachse_E_Achse_Trailer.jpg\",\"datePublished\":\"2024-05-07T09:07:30+00:00\",\"dateModified\":\"2024-05-07T09:21:53+00:00\",\"author\":{\"@id\":\"https:\\\/\\\/www.krafthand.de\\\/truck\\\/#\\\/schema\\\/person\\\/51fa80b1c57034c4bf63f9f988fc24ce\"},\"description\":\"Die Produktion der E-Achse TRAKr wird kontinuierlich weiter hochgefahren, die E-Achse wird schrittweise in den Markt eingef\u00fchrt.\",\"breadcrumb\":{\"@id\":\"https:\\\/\\\/www.krafthand.de\\\/truck\\\/artikel\\\/saf-holland-faehrt-produktion-der-e-achse-saf-trakr-hoch-39631\\\/#breadcrumb\"},\"inLanguage\":\"de\",\"potentialAction\":[{\"@type\":\"ReadAction\",\"target\":[\"https:\\\/\\\/www.krafthand.de\\\/truck\\\/artikel\\\/saf-holland-faehrt-produktion-der-e-achse-saf-trakr-hoch-39631\\\/\"]}]},{\"@type\":\"ImageObject\",\"inLanguage\":\"de\",\"@id\":\"https:\\\/\\\/www.krafthand.de\\\/truck\\\/artikel\\\/saf-holland-faehrt-produktion-der-e-achse-saf-trakr-hoch-39631\\\/#primaryimage\",\"url\":\"https:\\\/\\\/static.krafthand-truck.de\\\/uploads\\\/2024\\\/05\\\/SAF_HOLLAND_TRAKr_Rekuperationsachse_E_Achse_Trailer.jpg\",\"contentUrl\":\"https:\\\/\\\/static.krafthand-truck.de\\\/uploads\\\/2024\\\/05\\\/SAF_HOLLAND_TRAKr_Rekuperationsachse_E_Achse_Trailer.jpg\",\"width\":1200,\"height\":848},{\"@type\":\"BreadcrumbList\",\"@id\":\"https:\\\/\\\/www.krafthand.de\\\/truck\\\/artikel\\\/saf-holland-faehrt-produktion-der-e-achse-saf-trakr-hoch-39631\\\/#breadcrumb\",\"itemListElement\":[{\"@type\":\"ListItem\",\"position\":1,\"name\":\"Krafthand-Truck\",\"item\":\"https:\\\/\\\/www.krafthand.de\\\/truck\\\/\"},{\"@type\":\"ListItem\",\"position\":2,\"name\":\"Nfz-Technik\",\"item\":\"https:\\\/\\\/www.krafthand.de\\\/truck\\\/kategorie\\\/nfz-technik\\\/\"},{\"@type\":\"ListItem\",\"position\":3,\"name\":\"E-Antrieb (BEV\\\/FCEV)\",\"item\":\"https:\\\/\\\/www.krafthand.de\\\/truck\\\/kategorie\\\/nfz-technik\\\/e-antrieb\\\/\"},{\"@type\":\"ListItem\",\"position\":4,\"name\":\"SAF Holland f\u00e4hrt Produktion der E-Achse SAF TRAKr weiter hoch\"}]},{\"@type\":\"WebSite\",\"@id\":\"https:\\\/\\\/www.krafthand.de\\\/truck\\\/#website\",\"url\":\"https:\\\/\\\/www.krafthand.de\\\/truck\\\/\",\"name\":\"Krafthand-Truck\",\"description\":\"\",\"potentialAction\":[{\"@type\":\"SearchAction\",\"target\":{\"@type\":\"EntryPoint\",\"urlTemplate\":\"https:\\\/\\\/www.krafthand.de\\\/truck\\\/?s={search_term_string}\"},\"query-input\":{\"@type\":\"PropertyValueSpecification\",\"valueRequired\":true,\"valueName\":\"search_term_string\"}}],\"inLanguage\":\"de\"},{\"@type\":\"Person\",\"@id\":\"https:\\\/\\\/www.krafthand.de\\\/truck\\\/#\\\/schema\\\/person\\\/51fa80b1c57034c4bf63f9f988fc24ce\",\"name\":\"georg.blenk@krafthand-medien.de\",\"image\":{\"@type\":\"ImageObject\",\"inLanguage\":\"de\",\"@id\":\"https:\\\/\\\/secure.gravatar.com\\\/avatar\\\/93713c30affe0aa95d3a4130e499bb1abee2eb31adbdd9ce2aa1543538490215?s=96&d=mm&r=g\",\"url\":\"https:\\\/\\\/secure.gravatar.com\\\/avatar\\\/93713c30affe0aa95d3a4130e499bb1abee2eb31adbdd9ce2aa1543538490215?s=96&d=mm&r=g\",\"contentUrl\":\"https:\\\/\\\/secure.gravatar.com\\\/avatar\\\/93713c30affe0aa95d3a4130e499bb1abee2eb31adbdd9ce2aa1543538490215?s=96&d=mm&r=g\",\"caption\":\"georg.blenk@krafthand-medien.de\"}}]}<\/script>\n<!-- \/ Yoast SEO plugin. -->","yoast_head_json":{"title":"Rekuperationsachse TRAKr von SAF-HOLLAND I Krafthand-Truck","description":"Die Produktion der E-Achse TRAKr wird kontinuierlich weiter hochgefahren, die E-Achse wird schrittweise in den Markt eingef\u00fchrt.","robots":{"index":"index","follow":"follow","max-snippet":"max-snippet:-1","max-image-preview":"max-image-preview:large","max-video-preview":"max-video-preview:-1"},"canonical":"https:\/\/www.krafthand.de\/truck\/artikel\/saf-holland-faehrt-produktion-der-e-achse-saf-trakr-hoch-39631\/","og_locale":"de_DE","og_type":"article","og_title":"Rekuperationsachse TRAKr von SAF-HOLLAND I Krafthand-Truck","og_description":"Die Produktion der E-Achse TRAKr wird kontinuierlich weiter hochgefahren, die E-Achse wird schrittweise in den Markt eingef\u00fchrt.","og_url":"https:\/\/www.krafthand-truck.de\/artikel\/saf-holland-faehrt-produktion-der-e-achse-saf-trakr-hoch-39631\/","og_site_name":"Krafthand-Truck","article_published_time":"2024-05-07T09:07:30+00:00","article_modified_time":"2024-05-07T09:21:53+00:00","og_image":[{"width":1200,"height":848,"url":"https:\/\/static.krafthand-truck.de\/uploads\/2024\/05\/SAF_HOLLAND_TRAKr_Rekuperationsachse_E_Achse_Trailer.jpg","type":"image\/jpeg"}],"author":"georg.blenk@krafthand-medien.de","twitter_card":"summary_large_image","twitter_misc":{"Verfasst von":"georg.blenk@krafthand-medien.de","Gesch\u00e4tzte Lesezeit":"4\u00a0Minuten"},"schema":{"@context":"https:\/\/schema.org","@graph":[{"@type":"Article","@id":"https:\/\/www.krafthand.de\/truck\/artikel\/saf-holland-faehrt-produktion-der-e-achse-saf-trakr-hoch-39631\/#article","isPartOf":{"@id":"https:\/\/www.krafthand.de\/truck\/artikel\/saf-holland-faehrt-produktion-der-e-achse-saf-trakr-hoch-39631\/"},"author":{"name":"georg.blenk@krafthand-medien.de","@id":"https:\/\/www.krafthand.de\/truck\/#\/schema\/person\/51fa80b1c57034c4bf63f9f988fc24ce"},"headline":"SAF Holland f\u00e4hrt Produktion der E-Achse SAF TRAKr weiter hoch","datePublished":"2024-05-07T09:07:30+00:00","dateModified":"2024-05-07T09:21:53+00:00","mainEntityOfPage":{"@id":"https:\/\/www.krafthand.de\/truck\/artikel\/saf-holland-faehrt-produktion-der-e-achse-saf-trakr-hoch-39631\/"},"wordCount":695,"image":{"@id":"https:\/\/www.krafthand.de\/truck\/artikel\/saf-holland-faehrt-produktion-der-e-achse-saf-trakr-hoch-39631\/#primaryimage"},"thumbnailUrl":"https:\/\/static.krafthand-truck.de\/uploads\/2024\/05\/SAF_HOLLAND_TRAKr_Rekuperationsachse_E_Achse_Trailer.jpg","keywords":["e-Achse","Rekuperation. E-Trailer","SAF-HOLLAND","TRAKr","Vecto"],"articleSection":["E-Antrieb (BEV\/FCEV)","Trailer\/Aufbauten"],"inLanguage":"de"},{"@type":"WebPage","@id":"https:\/\/www.krafthand.de\/truck\/artikel\/saf-holland-faehrt-produktion-der-e-achse-saf-trakr-hoch-39631\/","url":"https:\/\/www.krafthand.de\/truck\/artikel\/saf-holland-faehrt-produktion-der-e-achse-saf-trakr-hoch-39631\/","name":"Rekuperationsachse TRAKr von SAF-HOLLAND I Krafthand-Truck","isPartOf":{"@id":"https:\/\/www.krafthand.de\/truck\/#website"},"primaryImageOfPage":{"@id":"https:\/\/www.krafthand.de\/truck\/artikel\/saf-holland-faehrt-produktion-der-e-achse-saf-trakr-hoch-39631\/#primaryimage"},"image":{"@id":"https:\/\/www.krafthand.de\/truck\/artikel\/saf-holland-faehrt-produktion-der-e-achse-saf-trakr-hoch-39631\/#primaryimage"},"thumbnailUrl":"https:\/\/static.krafthand-truck.de\/uploads\/2024\/05\/SAF_HOLLAND_TRAKr_Rekuperationsachse_E_Achse_Trailer.jpg","datePublished":"2024-05-07T09:07:30+00:00","dateModified":"2024-05-07T09:21:53+00:00","author":{"@id":"https:\/\/www.krafthand.de\/truck\/#\/schema\/person\/51fa80b1c57034c4bf63f9f988fc24ce"},"description":"Die Produktion der E-Achse TRAKr wird kontinuierlich weiter hochgefahren, die E-Achse wird schrittweise in den Markt eingef\u00fchrt.","breadcrumb":{"@id":"https:\/\/www.krafthand.de\/truck\/artikel\/saf-holland-faehrt-produktion-der-e-achse-saf-trakr-hoch-39631\/#breadcrumb"},"inLanguage":"de","potentialAction":[{"@type":"ReadAction","target":["https:\/\/www.krafthand.de\/truck\/artikel\/saf-holland-faehrt-produktion-der-e-achse-saf-trakr-hoch-39631\/"]}]},{"@type":"ImageObject","inLanguage":"de","@id":"https:\/\/www.krafthand.de\/truck\/artikel\/saf-holland-faehrt-produktion-der-e-achse-saf-trakr-hoch-39631\/#primaryimage","url":"https:\/\/static.krafthand-truck.de\/uploads\/2024\/05\/SAF_HOLLAND_TRAKr_Rekuperationsachse_E_Achse_Trailer.jpg","contentUrl":"https:\/\/static.krafthand-truck.de\/uploads\/2024\/05\/SAF_HOLLAND_TRAKr_Rekuperationsachse_E_Achse_Trailer.jpg","width":1200,"height":848},{"@type":"BreadcrumbList","@id":"https:\/\/www.krafthand.de\/truck\/artikel\/saf-holland-faehrt-produktion-der-e-achse-saf-trakr-hoch-39631\/#breadcrumb","itemListElement":[{"@type":"ListItem","position":1,"name":"Krafthand-Truck","item":"https:\/\/www.krafthand.de\/truck\/"},{"@type":"ListItem","position":2,"name":"Nfz-Technik","item":"https:\/\/www.krafthand.de\/truck\/kategorie\/nfz-technik\/"},{"@type":"ListItem","position":3,"name":"E-Antrieb (BEV\/FCEV)","item":"https:\/\/www.krafthand.de\/truck\/kategorie\/nfz-technik\/e-antrieb\/"},{"@type":"ListItem","position":4,"name":"SAF Holland f\u00e4hrt Produktion der E-Achse SAF TRAKr weiter hoch"}]},{"@type":"WebSite","@id":"https:\/\/www.krafthand.de\/truck\/#website","url":"https:\/\/www.krafthand.de\/truck\/","name":"Krafthand-Truck","description":"","potentialAction":[{"@type":"SearchAction","target":{"@type":"EntryPoint","urlTemplate":"https:\/\/www.krafthand.de\/truck\/?s={search_term_string}"},"query-input":{"@type":"PropertyValueSpecification","valueRequired":true,"valueName":"search_term_string"}}],"inLanguage":"de"},{"@type":"Person","@id":"https:\/\/www.krafthand.de\/truck\/#\/schema\/person\/51fa80b1c57034c4bf63f9f988fc24ce","name":"georg.blenk@krafthand-medien.de","image":{"@type":"ImageObject","inLanguage":"de","@id":"https:\/\/secure.gravatar.com\/avatar\/93713c30affe0aa95d3a4130e499bb1abee2eb31adbdd9ce2aa1543538490215?s=96&d=mm&r=g","url":"https:\/\/secure.gravatar.com\/avatar\/93713c30affe0aa95d3a4130e499bb1abee2eb31adbdd9ce2aa1543538490215?s=96&d=mm&r=g","contentUrl":"https:\/\/secure.gravatar.com\/avatar\/93713c30affe0aa95d3a4130e499bb1abee2eb31adbdd9ce2aa1543538490215?s=96&d=mm&r=g","caption":"georg.blenk@krafthand-medien.de"}}]}},"_links":{"self":[{"href":"https:\/\/www.krafthand.de\/truck\/wp-json\/wp\/v2\/posts\/39631","targetHints":{"allow":["GET"]}}],"collection":[{"href":"https:\/\/www.krafthand.de\/truck\/wp-json\/wp\/v2\/posts"}],"about":[{"href":"https:\/\/www.krafthand.de\/truck\/wp-json\/wp\/v2\/types\/post"}],"author":[{"embeddable":true,"href":"https:\/\/www.krafthand.de\/truck\/wp-json\/wp\/v2\/users\/9"}],"replies":[{"embeddable":true,"href":"https:\/\/www.krafthand.de\/truck\/wp-json\/wp\/v2\/comments?post=39631"}],"version-history":[{"count":10,"href":"https:\/\/www.krafthand.de\/truck\/wp-json\/wp\/v2\/posts\/39631\/revisions"}],"predecessor-version":[{"id":39642,"href":"https:\/\/www.krafthand.de\/truck\/wp-json\/wp\/v2\/posts\/39631\/revisions\/39642"}],"wp:featuredmedia":[{"embeddable":true,"href":"https:\/\/www.krafthand.de\/truck\/wp-json\/wp\/v2\/media\/39636"}],"wp:attachment":[{"href":"https:\/\/www.krafthand.de\/truck\/wp-json\/wp\/v2\/media?parent=39631"}],"wp:term":[{"taxonomy":"category","embeddable":true,"href":"https:\/\/www.krafthand.de\/truck\/wp-json\/wp\/v2\/categories?post=39631"},{"taxonomy":"post_tag","embeddable":true,"href":"https:\/\/www.krafthand.de\/truck\/wp-json\/wp\/v2\/tags?post=39631"},{"taxonomy":"settings","embeddable":true,"href":"https:\/\/www.krafthand.de\/truck\/wp-json\/wp\/v2\/settings?post=39631"}],"curies":[{"name":"wp","href":"https:\/\/api.w.org\/{rel}","templated":true}]}}