{"id":39600,"date":"2024-04-30T16:08:27","date_gmt":"2024-04-30T14:08:27","guid":{"rendered":"https:\/\/www.krafthand.de\/truck\/?p=39600"},"modified":"2024-04-30T16:09:07","modified_gmt":"2024-04-30T14:09:07","slug":"ntn-mit-neuem-sortiment-an-radnabenlagern","status":"publish","type":"post","link":"https:\/\/www.krafthand.de\/truck\/artikel\/ntn-mit-neuem-sortiment-an-radnabenlagern-39600\/","title":{"rendered":"NTN mit neuem Sortiment an Radnabenlagern"},"content":{"rendered":"<p>NTN Europe hat ein neues Sortiment an Radnabenlagern f\u00fcr Lkw, Busse und Trailer eingef\u00fchrt. Die Lager sind bereits verf\u00fcgbar, entsprechen den OE-Standards und sollen den Einbau als Komplettmodul bei gleichzeitiger Gew\u00e4hrleistung einer optimalen Reparaturqualit\u00e4t erleichtern. Das Truck-Sortiment von <a href=\"https:\/\/www.ntn-snr.com\/de\" target=\"_blank\" rel=\"noopener\">NTN Europe<\/a> umfasste bisher mit Radlagern, Getriebe- und Differentiallagern und Generatorlagern drei Produktfamilien. Nun hat der japanische Hersteller eine vierten Produktreihe\u00a0hinzugef\u00fcgt.<\/p>\n<blockquote><p>&#8222;Durch den Austausch der gesamten Nabenlagereinheit und nicht nur des Radlagers ist die Komplettl\u00f6sung von NTN Europe schneller und einfacher aus- und einzubauen, was den Zeitaufwand f\u00fcr die Montage reduziert. Damit unterst\u00fctzt die Gruppe auch den aktuellen Trend unter den Werkst\u00e4tten, die lieber mit vorgefertigten Untereinheiten in Form von Kits arbeiten&#8220;, erkl\u00e4rt Romain Petellaz, Truck Product Line Manager, bei NTN Europe.<\/p><\/blockquote>\n<p>Zum jetzigen Zeitpunkt umfasst das neue Sortiment laut NTN 32 Referenzen, die 85 Prozent der in Europa zugelassenen Lkw abdecken sollen. NTN Europe konzentrierte sich dabei auf die gro\u00dfen Hersteller wie Volvo, Renault Truck, DAF, Mercedes-Benz, Scania, BPW und SAF. Trotzdem m\u00f6chte man das Angebot\u00a0 in den kommenden Monaten und Jahren entsprechend der Marktentwicklung schrittweise erweitern.<\/p>\n","protected":false},"excerpt":{"rendered":"<p>NTN Europe hat ein neues Sortiment an Radnabenlagern f\u00fcr Lkw, Busse und Trailer eingef\u00fchrt. Die Lager sind bereits verf\u00fcgbar, entsprechen den OE-Standards und sollen den Einbau als Komplettmodul bei gleichzeitiger Gew\u00e4hrleistung einer optimalen Reparaturqualit\u00e4t erleichtern. <span class=\"excerpt-more__dots\">&#8230;<\/span> <a class=\"excerpt-more__link\" href=\"https:\/\/www.krafthand.de\/truck\/artikel\/ntn-mit-neuem-sortiment-an-radnabenlagern-39600\/\" >weiter<\/a><\/p>\n","protected":false},"author":9,"featured_media":39605,"comment_status":"closed","ping_status":"closed","sticky":false,"template":"","format":"standard","meta":{"footnotes":""},"categories":[4912],"tags":[5931,1494,2644,5930],"settings":[4766,3523],"class_list":["post-39600","post","type-post","status-publish","format-standard","has-post-thumbnail","hentry","category-ersatzteile-zubehoer","tag-ntn","tag-radlager","tag-radnabe","tag-radnabenlager"],"yoast_head":"<!-- This site is optimized with the Yoast SEO plugin v27.3 - https:\/\/yoast.com\/product\/yoast-seo-wordpress\/ -->\n<title>NTN mit neuem Sortiment an Radnabenlagern - Krafthand-Truck<\/title>\n<meta name=\"description\" content=\"NTN Europe hat ein neues Sortiment an Radnabenlagern f\u00fcr Lkw, Busse und Trailer eingef\u00fchrt. Die Lager sind bereits verf\u00fcgbar.\" \/>\n<meta name=\"robots\" content=\"index, follow, max-snippet:-1, max-image-preview:large, max-video-preview:-1\" \/>\n<link rel=\"canonical\" href=\"https:\/\/www.krafthand.de\/truck\/artikel\/ntn-mit-neuem-sortiment-an-radnabenlagern-39600\/\" \/>\n<meta property=\"og:locale\" content=\"de_DE\" \/>\n<meta property=\"og:type\" content=\"article\" \/>\n<meta property=\"og:title\" content=\"NTN mit neuem Sortiment an Radnabenlagern - Krafthand-Truck\" \/>\n<meta property=\"og:description\" content=\"NTN Europe hat ein neues Sortiment an Radnabenlagern f\u00fcr Lkw, Busse und Trailer eingef\u00fchrt. Die Lager sind bereits verf\u00fcgbar.\" \/>\n<meta property=\"og:url\" content=\"https:\/\/www.krafthand-truck.de\/artikel\/ntn-mit-neuem-sortiment-an-radnabenlagern-39600\/\" \/>\n<meta property=\"og:site_name\" content=\"Krafthand-Truck\" \/>\n<meta property=\"article:published_time\" content=\"2024-04-30T14:08:27+00:00\" \/>\n<meta property=\"article:modified_time\" content=\"2024-04-30T14:09:07+00:00\" \/>\n<meta property=\"og:image\" content=\"https:\/\/static.krafthand-truck.de\/uploads\/2024\/04\/NTN_Radnabenlager_Lkw_Trailer.jpg\" \/>\n\t<meta property=\"og:image:width\" content=\"900\" \/>\n\t<meta property=\"og:image:height\" content=\"636\" \/>\n\t<meta property=\"og:image:type\" content=\"image\/jpeg\" \/>\n<meta name=\"author\" content=\"georg.blenk@krafthand-medien.de\" \/>\n<meta name=\"twitter:card\" content=\"summary_large_image\" \/>\n<meta name=\"twitter:label1\" content=\"Verfasst von\" \/>\n\t<meta name=\"twitter:data1\" content=\"georg.blenk@krafthand-medien.de\" \/>\n\t<meta name=\"twitter:label2\" content=\"Gesch\u00e4tzte Lesezeit\" \/>\n\t<meta name=\"twitter:data2\" content=\"1\u00a0Minute\" \/>\n<script type=\"application\/ld+json\" class=\"yoast-schema-graph\">{\"@context\":\"https:\\\/\\\/schema.org\",\"@graph\":[{\"@type\":\"Article\",\"@id\":\"https:\\\/\\\/www.krafthand.de\\\/truck\\\/artikel\\\/ntn-mit-neuem-sortiment-an-radnabenlagern-39600\\\/#article\",\"isPartOf\":{\"@id\":\"https:\\\/\\\/www.krafthand.de\\\/truck\\\/artikel\\\/ntn-mit-neuem-sortiment-an-radnabenlagern-39600\\\/\"},\"author\":{\"name\":\"georg.blenk@krafthand-medien.de\",\"@id\":\"https:\\\/\\\/www.krafthand.de\\\/truck\\\/#\\\/schema\\\/person\\\/51fa80b1c57034c4bf63f9f988fc24ce\"},\"headline\":\"NTN mit neuem Sortiment an Radnabenlagern\",\"datePublished\":\"2024-04-30T14:08:27+00:00\",\"dateModified\":\"2024-04-30T14:09:07+00:00\",\"mainEntityOfPage\":{\"@id\":\"https:\\\/\\\/www.krafthand.de\\\/truck\\\/artikel\\\/ntn-mit-neuem-sortiment-an-radnabenlagern-39600\\\/\"},\"wordCount\":194,\"image\":{\"@id\":\"https:\\\/\\\/www.krafthand.de\\\/truck\\\/artikel\\\/ntn-mit-neuem-sortiment-an-radnabenlagern-39600\\\/#primaryimage\"},\"thumbnailUrl\":\"https:\\\/\\\/static.krafthand-truck.de\\\/uploads\\\/2024\\\/04\\\/NTN_Radnabenlager_Lkw_Trailer.jpg\",\"keywords\":[\"NTN\",\"Radlager\",\"Radnabe\",\"Radnabenlager\"],\"articleSection\":[\"Ersatzteile\\\/Zubeh\u00f6r\"],\"inLanguage\":\"de\"},{\"@type\":\"WebPage\",\"@id\":\"https:\\\/\\\/www.krafthand.de\\\/truck\\\/artikel\\\/ntn-mit-neuem-sortiment-an-radnabenlagern-39600\\\/\",\"url\":\"https:\\\/\\\/www.krafthand.de\\\/truck\\\/artikel\\\/ntn-mit-neuem-sortiment-an-radnabenlagern-39600\\\/\",\"name\":\"NTN mit neuem Sortiment an Radnabenlagern - Krafthand-Truck\",\"isPartOf\":{\"@id\":\"https:\\\/\\\/www.krafthand.de\\\/truck\\\/#website\"},\"primaryImageOfPage\":{\"@id\":\"https:\\\/\\\/www.krafthand.de\\\/truck\\\/artikel\\\/ntn-mit-neuem-sortiment-an-radnabenlagern-39600\\\/#primaryimage\"},\"image\":{\"@id\":\"https:\\\/\\\/www.krafthand.de\\\/truck\\\/artikel\\\/ntn-mit-neuem-sortiment-an-radnabenlagern-39600\\\/#primaryimage\"},\"thumbnailUrl\":\"https:\\\/\\\/static.krafthand-truck.de\\\/uploads\\\/2024\\\/04\\\/NTN_Radnabenlager_Lkw_Trailer.jpg\",\"datePublished\":\"2024-04-30T14:08:27+00:00\",\"dateModified\":\"2024-04-30T14:09:07+00:00\",\"author\":{\"@id\":\"https:\\\/\\\/www.krafthand.de\\\/truck\\\/#\\\/schema\\\/person\\\/51fa80b1c57034c4bf63f9f988fc24ce\"},\"description\":\"NTN Europe hat ein neues Sortiment an Radnabenlagern f\u00fcr Lkw, Busse und Trailer eingef\u00fchrt. Die Lager sind bereits verf\u00fcgbar.\",\"breadcrumb\":{\"@id\":\"https:\\\/\\\/www.krafthand.de\\\/truck\\\/artikel\\\/ntn-mit-neuem-sortiment-an-radnabenlagern-39600\\\/#breadcrumb\"},\"inLanguage\":\"de\",\"potentialAction\":[{\"@type\":\"ReadAction\",\"target\":[\"https:\\\/\\\/www.krafthand.de\\\/truck\\\/artikel\\\/ntn-mit-neuem-sortiment-an-radnabenlagern-39600\\\/\"]}]},{\"@type\":\"ImageObject\",\"inLanguage\":\"de\",\"@id\":\"https:\\\/\\\/www.krafthand.de\\\/truck\\\/artikel\\\/ntn-mit-neuem-sortiment-an-radnabenlagern-39600\\\/#primaryimage\",\"url\":\"https:\\\/\\\/static.krafthand-truck.de\\\/uploads\\\/2024\\\/04\\\/NTN_Radnabenlager_Lkw_Trailer.jpg\",\"contentUrl\":\"https:\\\/\\\/static.krafthand-truck.de\\\/uploads\\\/2024\\\/04\\\/NTN_Radnabenlager_Lkw_Trailer.jpg\",\"width\":900,\"height\":636},{\"@type\":\"BreadcrumbList\",\"@id\":\"https:\\\/\\\/www.krafthand.de\\\/truck\\\/artikel\\\/ntn-mit-neuem-sortiment-an-radnabenlagern-39600\\\/#breadcrumb\",\"itemListElement\":[{\"@type\":\"ListItem\",\"position\":1,\"name\":\"Krafthand-Truck\",\"item\":\"https:\\\/\\\/www.krafthand.de\\\/truck\\\/\"},{\"@type\":\"ListItem\",\"position\":2,\"name\":\"Nfz-Service\",\"item\":\"https:\\\/\\\/www.krafthand.de\\\/truck\\\/kategorie\\\/nfz-service\\\/\"},{\"@type\":\"ListItem\",\"position\":3,\"name\":\"Ersatzteile\\\/Zubeh\u00f6r\",\"item\":\"https:\\\/\\\/www.krafthand.de\\\/truck\\\/kategorie\\\/nfz-service\\\/ersatzteile-zubehoer\\\/\"},{\"@type\":\"ListItem\",\"position\":4,\"name\":\"NTN mit neuem Sortiment an Radnabenlagern\"}]},{\"@type\":\"WebSite\",\"@id\":\"https:\\\/\\\/www.krafthand.de\\\/truck\\\/#website\",\"url\":\"https:\\\/\\\/www.krafthand.de\\\/truck\\\/\",\"name\":\"Krafthand-Truck\",\"description\":\"\",\"potentialAction\":[{\"@type\":\"SearchAction\",\"target\":{\"@type\":\"EntryPoint\",\"urlTemplate\":\"https:\\\/\\\/www.krafthand.de\\\/truck\\\/?s={search_term_string}\"},\"query-input\":{\"@type\":\"PropertyValueSpecification\",\"valueRequired\":true,\"valueName\":\"search_term_string\"}}],\"inLanguage\":\"de\"},{\"@type\":\"Person\",\"@id\":\"https:\\\/\\\/www.krafthand.de\\\/truck\\\/#\\\/schema\\\/person\\\/51fa80b1c57034c4bf63f9f988fc24ce\",\"name\":\"georg.blenk@krafthand-medien.de\",\"image\":{\"@type\":\"ImageObject\",\"inLanguage\":\"de\",\"@id\":\"https:\\\/\\\/secure.gravatar.com\\\/avatar\\\/93713c30affe0aa95d3a4130e499bb1abee2eb31adbdd9ce2aa1543538490215?s=96&d=mm&r=g\",\"url\":\"https:\\\/\\\/secure.gravatar.com\\\/avatar\\\/93713c30affe0aa95d3a4130e499bb1abee2eb31adbdd9ce2aa1543538490215?s=96&d=mm&r=g\",\"contentUrl\":\"https:\\\/\\\/secure.gravatar.com\\\/avatar\\\/93713c30affe0aa95d3a4130e499bb1abee2eb31adbdd9ce2aa1543538490215?s=96&d=mm&r=g\",\"caption\":\"georg.blenk@krafthand-medien.de\"}}]}<\/script>\n<!-- \/ Yoast SEO plugin. -->","yoast_head_json":{"title":"NTN mit neuem Sortiment an Radnabenlagern - Krafthand-Truck","description":"NTN Europe hat ein neues Sortiment an Radnabenlagern f\u00fcr Lkw, Busse und Trailer eingef\u00fchrt. Die Lager sind bereits verf\u00fcgbar.","robots":{"index":"index","follow":"follow","max-snippet":"max-snippet:-1","max-image-preview":"max-image-preview:large","max-video-preview":"max-video-preview:-1"},"canonical":"https:\/\/www.krafthand.de\/truck\/artikel\/ntn-mit-neuem-sortiment-an-radnabenlagern-39600\/","og_locale":"de_DE","og_type":"article","og_title":"NTN mit neuem Sortiment an Radnabenlagern - Krafthand-Truck","og_description":"NTN Europe hat ein neues Sortiment an Radnabenlagern f\u00fcr Lkw, Busse und Trailer eingef\u00fchrt. Die Lager sind bereits verf\u00fcgbar.","og_url":"https:\/\/www.krafthand-truck.de\/artikel\/ntn-mit-neuem-sortiment-an-radnabenlagern-39600\/","og_site_name":"Krafthand-Truck","article_published_time":"2024-04-30T14:08:27+00:00","article_modified_time":"2024-04-30T14:09:07+00:00","og_image":[{"width":900,"height":636,"url":"https:\/\/static.krafthand-truck.de\/uploads\/2024\/04\/NTN_Radnabenlager_Lkw_Trailer.jpg","type":"image\/jpeg"}],"author":"georg.blenk@krafthand-medien.de","twitter_card":"summary_large_image","twitter_misc":{"Verfasst von":"georg.blenk@krafthand-medien.de","Gesch\u00e4tzte Lesezeit":"1\u00a0Minute"},"schema":{"@context":"https:\/\/schema.org","@graph":[{"@type":"Article","@id":"https:\/\/www.krafthand.de\/truck\/artikel\/ntn-mit-neuem-sortiment-an-radnabenlagern-39600\/#article","isPartOf":{"@id":"https:\/\/www.krafthand.de\/truck\/artikel\/ntn-mit-neuem-sortiment-an-radnabenlagern-39600\/"},"author":{"name":"georg.blenk@krafthand-medien.de","@id":"https:\/\/www.krafthand.de\/truck\/#\/schema\/person\/51fa80b1c57034c4bf63f9f988fc24ce"},"headline":"NTN mit neuem Sortiment an Radnabenlagern","datePublished":"2024-04-30T14:08:27+00:00","dateModified":"2024-04-30T14:09:07+00:00","mainEntityOfPage":{"@id":"https:\/\/www.krafthand.de\/truck\/artikel\/ntn-mit-neuem-sortiment-an-radnabenlagern-39600\/"},"wordCount":194,"image":{"@id":"https:\/\/www.krafthand.de\/truck\/artikel\/ntn-mit-neuem-sortiment-an-radnabenlagern-39600\/#primaryimage"},"thumbnailUrl":"https:\/\/static.krafthand-truck.de\/uploads\/2024\/04\/NTN_Radnabenlager_Lkw_Trailer.jpg","keywords":["NTN","Radlager","Radnabe","Radnabenlager"],"articleSection":["Ersatzteile\/Zubeh\u00f6r"],"inLanguage":"de"},{"@type":"WebPage","@id":"https:\/\/www.krafthand.de\/truck\/artikel\/ntn-mit-neuem-sortiment-an-radnabenlagern-39600\/","url":"https:\/\/www.krafthand.de\/truck\/artikel\/ntn-mit-neuem-sortiment-an-radnabenlagern-39600\/","name":"NTN mit neuem Sortiment an Radnabenlagern - Krafthand-Truck","isPartOf":{"@id":"https:\/\/www.krafthand.de\/truck\/#website"},"primaryImageOfPage":{"@id":"https:\/\/www.krafthand.de\/truck\/artikel\/ntn-mit-neuem-sortiment-an-radnabenlagern-39600\/#primaryimage"},"image":{"@id":"https:\/\/www.krafthand.de\/truck\/artikel\/ntn-mit-neuem-sortiment-an-radnabenlagern-39600\/#primaryimage"},"thumbnailUrl":"https:\/\/static.krafthand-truck.de\/uploads\/2024\/04\/NTN_Radnabenlager_Lkw_Trailer.jpg","datePublished":"2024-04-30T14:08:27+00:00","dateModified":"2024-04-30T14:09:07+00:00","author":{"@id":"https:\/\/www.krafthand.de\/truck\/#\/schema\/person\/51fa80b1c57034c4bf63f9f988fc24ce"},"description":"NTN Europe hat ein neues Sortiment an Radnabenlagern f\u00fcr Lkw, Busse und Trailer eingef\u00fchrt. Die Lager sind bereits verf\u00fcgbar.","breadcrumb":{"@id":"https:\/\/www.krafthand.de\/truck\/artikel\/ntn-mit-neuem-sortiment-an-radnabenlagern-39600\/#breadcrumb"},"inLanguage":"de","potentialAction":[{"@type":"ReadAction","target":["https:\/\/www.krafthand.de\/truck\/artikel\/ntn-mit-neuem-sortiment-an-radnabenlagern-39600\/"]}]},{"@type":"ImageObject","inLanguage":"de","@id":"https:\/\/www.krafthand.de\/truck\/artikel\/ntn-mit-neuem-sortiment-an-radnabenlagern-39600\/#primaryimage","url":"https:\/\/static.krafthand-truck.de\/uploads\/2024\/04\/NTN_Radnabenlager_Lkw_Trailer.jpg","contentUrl":"https:\/\/static.krafthand-truck.de\/uploads\/2024\/04\/NTN_Radnabenlager_Lkw_Trailer.jpg","width":900,"height":636},{"@type":"BreadcrumbList","@id":"https:\/\/www.krafthand.de\/truck\/artikel\/ntn-mit-neuem-sortiment-an-radnabenlagern-39600\/#breadcrumb","itemListElement":[{"@type":"ListItem","position":1,"name":"Krafthand-Truck","item":"https:\/\/www.krafthand.de\/truck\/"},{"@type":"ListItem","position":2,"name":"Nfz-Service","item":"https:\/\/www.krafthand.de\/truck\/kategorie\/nfz-service\/"},{"@type":"ListItem","position":3,"name":"Ersatzteile\/Zubeh\u00f6r","item":"https:\/\/www.krafthand.de\/truck\/kategorie\/nfz-service\/ersatzteile-zubehoer\/"},{"@type":"ListItem","position":4,"name":"NTN mit neuem Sortiment an Radnabenlagern"}]},{"@type":"WebSite","@id":"https:\/\/www.krafthand.de\/truck\/#website","url":"https:\/\/www.krafthand.de\/truck\/","name":"Krafthand-Truck","description":"","potentialAction":[{"@type":"SearchAction","target":{"@type":"EntryPoint","urlTemplate":"https:\/\/www.krafthand.de\/truck\/?s={search_term_string}"},"query-input":{"@type":"PropertyValueSpecification","valueRequired":true,"valueName":"search_term_string"}}],"inLanguage":"de"},{"@type":"Person","@id":"https:\/\/www.krafthand.de\/truck\/#\/schema\/person\/51fa80b1c57034c4bf63f9f988fc24ce","name":"georg.blenk@krafthand-medien.de","image":{"@type":"ImageObject","inLanguage":"de","@id":"https:\/\/secure.gravatar.com\/avatar\/93713c30affe0aa95d3a4130e499bb1abee2eb31adbdd9ce2aa1543538490215?s=96&d=mm&r=g","url":"https:\/\/secure.gravatar.com\/avatar\/93713c30affe0aa95d3a4130e499bb1abee2eb31adbdd9ce2aa1543538490215?s=96&d=mm&r=g","contentUrl":"https:\/\/secure.gravatar.com\/avatar\/93713c30affe0aa95d3a4130e499bb1abee2eb31adbdd9ce2aa1543538490215?s=96&d=mm&r=g","caption":"georg.blenk@krafthand-medien.de"}}]}},"_links":{"self":[{"href":"https:\/\/www.krafthand.de\/truck\/wp-json\/wp\/v2\/posts\/39600","targetHints":{"allow":["GET"]}}],"collection":[{"href":"https:\/\/www.krafthand.de\/truck\/wp-json\/wp\/v2\/posts"}],"about":[{"href":"https:\/\/www.krafthand.de\/truck\/wp-json\/wp\/v2\/types\/post"}],"author":[{"embeddable":true,"href":"https:\/\/www.krafthand.de\/truck\/wp-json\/wp\/v2\/users\/9"}],"replies":[{"embeddable":true,"href":"https:\/\/www.krafthand.de\/truck\/wp-json\/wp\/v2\/comments?post=39600"}],"version-history":[{"count":6,"href":"https:\/\/www.krafthand.de\/truck\/wp-json\/wp\/v2\/posts\/39600\/revisions"}],"predecessor-version":[{"id":39607,"href":"https:\/\/www.krafthand.de\/truck\/wp-json\/wp\/v2\/posts\/39600\/revisions\/39607"}],"wp:featuredmedia":[{"embeddable":true,"href":"https:\/\/www.krafthand.de\/truck\/wp-json\/wp\/v2\/media\/39605"}],"wp:attachment":[{"href":"https:\/\/www.krafthand.de\/truck\/wp-json\/wp\/v2\/media?parent=39600"}],"wp:term":[{"taxonomy":"category","embeddable":true,"href":"https:\/\/www.krafthand.de\/truck\/wp-json\/wp\/v2\/categories?post=39600"},{"taxonomy":"post_tag","embeddable":true,"href":"https:\/\/www.krafthand.de\/truck\/wp-json\/wp\/v2\/tags?post=39600"},{"taxonomy":"settings","embeddable":true,"href":"https:\/\/www.krafthand.de\/truck\/wp-json\/wp\/v2\/settings?post=39600"}],"curies":[{"name":"wp","href":"https:\/\/api.w.org\/{rel}","templated":true}]}}