{"id":39433,"date":"2024-04-25T12:21:11","date_gmt":"2024-04-25T10:21:11","guid":{"rendered":"https:\/\/www.krafthand.de\/truck\/?p=39433"},"modified":"2025-12-02T11:10:01","modified_gmt":"2025-12-02T10:10:01","slug":"antriebswende-im-nfz-bereich-wir-muessen-endlich-die-rahmenbedingungen-verbessern","status":"publish","type":"post","link":"https:\/\/www.krafthand.de\/truck\/artikel\/antriebswende-im-nfz-bereich-wir-muessen-endlich-die-rahmenbedingungen-verbessern-39433\/","title":{"rendered":"Antriebswende: &#8222;Wir m\u00fcssen endlich die Rahmenbedingungen verbessern!&#8220;"},"content":{"rendered":"<p>Die Handelsblatt-Jahrestagung Nutzfahrzeuge 2024 brachte vieles zutage: Innovationskraft, Wandlungs- und Risikobereitschaft, vor allem aber auch eindringliche Appelle an die Politik. So waren sich (fast) alle anwesenden Akteure, Referentinnen und Referenten, einig: Es fehlten die entsprechenden Rahmenbedingungen um alternative Antriebe fl\u00e4chendeckend auszurollen. Schlie\u00dflich m\u00fcsse man die EU-Klimaschutzma\u00dfnahmen f\u00fcr den Stra\u00dfeng\u00fcterverkehr auch umsetzen k\u00f6nnen! Und die sind sportlich: Bis 2030 sollen die CO2-Emissionen um 45 Prozent, bis 2035 um 65 Prozent sowie bis 2040 um 90 Prozent (im Vergleich zu 2019) reduziert werden. Ein Drittel der Verkehrsleistung im schweren Stra\u00dfeng\u00fcterverkehr m\u00fcsse bis 2030 elektrisch erfolgen. Letzteres ist im &#8218;Gesamtkonzept Klimafreundliche Nutzfahrzeuge&#8216; des Bundesministeriums f\u00fcr Digitales und Verkehr (<a href=\"https:\/\/bmdv.bund.de\/DE\/Home\/home.html\" target=\"_blank\" rel=\"noopener\">BMDV<\/a>) nachzulesen. Bis 2050 wollen man im Stra\u00dfeng\u00fcterverkehr komplett CO2-frei unterwegs sein. Hehre Ziele, nur wie erreichen? Papier ist geduldig (und es wurde bereits sehr sehr viel Papier beschrieben). Quasi in Vorleistung gehen die OEM und die Zulieferer, ambitionierte Umr\u00fcster und manch Spediteur, der es sich leisten kann.<\/p>\n<h3><em>&#8222;Wir sind l\u00e4ngst aufgestellt&#8220;<\/em><\/h3>\n<p>Viele dieser Schwergewichte der Hersteller- und Zulieferindustrie waren mit Repr\u00e4sentanten in M\u00fcnchen vor Ort. Beeindruckend wie Unternehmen wie Daimler Truck, Bosch, BPW, DAF, Iveco, MAN, Volvo-Trucks, ZF oder Freudenberg, das Spagat zwischen der Entwicklung und Produktion &#8218;klassischer&#8216; Technologien und neuer Innovationen in Sachen BEV\/FECV hinbekommen. E-Lkw und Lkw mit Brennstoffzelle, inklusive notwendiger High-Tech-Komponenten sind serienreif, werden bereits produziert und an (Test-) Kunden ausgeliefert. Und da waren ja noch die Euro-7-Grenzwerte f\u00fcr Lkw. Auch hier bedarf es parallel teurer Entwicklungsarbeit.<\/p>\n<figure id=\"attachment_39538\" aria-describedby=\"caption-attachment-39538\" style=\"width: 380px\" class=\"wp-caption alignleft\"><a href=\"https:\/\/static.krafthand-truck.de\/uploads\/2024\/04\/Handelsblatt_Nutzfahrzeuge-2024-Alexander-Vlaskamp-CEO-MAN.jpg\" target=\"_blank\" rel=\"noopener\"><img fetchpriority=\"high\" decoding=\"async\" class=\"wp-image-39538\" src=\"https:\/\/static.krafthand-truck.de\/uploads\/2024\/04\/Handelsblatt_Nutzfahrzeuge-2024-Alexander-Vlaskamp-CEO-MAN-300x215.jpg\" alt=\"\" width=\"380\" height=\"272\" srcset=\"https:\/\/static.krafthand-truck.de\/uploads\/2024\/04\/Handelsblatt_Nutzfahrzeuge-2024-Alexander-Vlaskamp-CEO-MAN-300x215.jpg 300w, https:\/\/static.krafthand-truck.de\/uploads\/2024\/04\/Handelsblatt_Nutzfahrzeuge-2024-Alexander-Vlaskamp-CEO-MAN-1024x734.jpg 1024w, https:\/\/static.krafthand-truck.de\/uploads\/2024\/04\/Handelsblatt_Nutzfahrzeuge-2024-Alexander-Vlaskamp-CEO-MAN-768x550.jpg 768w, https:\/\/static.krafthand-truck.de\/uploads\/2024\/04\/Handelsblatt_Nutzfahrzeuge-2024-Alexander-Vlaskamp-CEO-MAN.jpg 1200w\" sizes=\"(max-width: 380px) 100vw, 380px\" \/><\/a><figcaption id=\"caption-attachment-39538\" class=\"wp-caption-text\">Alexander Vlaskamp in M\u00fcnchen. Bild: Handelsblatt Nutzfahrzeuge 2024 \/ Willi Noters<\/figcaption><\/figure>\n<p><em>&#8222;Wir als Hersteller sind startklar f\u00fcr die klimaneutrale Verkehrswende. Wir setzen auf die Elektrifizierung unseres Portfolios. Wir haben aber auch k\u00fcrzlich eine Kleinserie an Wasserstoff-Verbrennern, die jetzt EU-weit m\u00f6glich sind, aufgelegt. In der Traton-Gruppe investieren wir bis 2026 2,6 Milliarden in nachhaltige Transportl\u00f6sungen&#8220;<\/em>, so Alexander Vlaskamp, CEO von MAN und Mitglied des Vorstands der Traton AG.<\/p>\n<blockquote><p>&#8222;In der Traton-Gruppe investieren wir bis 2026 2,6 Milliarden&#8220;, so Alexander Vlaskamp.<\/p><\/blockquote>\n<figure id=\"attachment_39541\" aria-describedby=\"caption-attachment-39541\" style=\"width: 420px\" class=\"wp-caption alignright\"><a href=\"https:\/\/static.krafthand-truck.de\/uploads\/2024\/04\/Handelsblatt_Nutzfahrzeuge-2024-Stephan-Unger-CEO-Daimler-Trucks.jpg\" target=\"_blank\" rel=\"noopener\"><img decoding=\"async\" class=\"wp-image-39541\" src=\"https:\/\/static.krafthand-truck.de\/uploads\/2024\/04\/Handelsblatt_Nutzfahrzeuge-2024-Stephan-Unger-CEO-Daimler-Trucks-300x198.jpg\" alt=\"\" width=\"420\" height=\"277\" srcset=\"https:\/\/static.krafthand-truck.de\/uploads\/2024\/04\/Handelsblatt_Nutzfahrzeuge-2024-Stephan-Unger-CEO-Daimler-Trucks-300x198.jpg 300w, https:\/\/static.krafthand-truck.de\/uploads\/2024\/04\/Handelsblatt_Nutzfahrzeuge-2024-Stephan-Unger-CEO-Daimler-Trucks-1024x676.jpg 1024w, https:\/\/static.krafthand-truck.de\/uploads\/2024\/04\/Handelsblatt_Nutzfahrzeuge-2024-Stephan-Unger-CEO-Daimler-Trucks-768x507.jpg 768w, https:\/\/static.krafthand-truck.de\/uploads\/2024\/04\/Handelsblatt_Nutzfahrzeuge-2024-Stephan-Unger-CEO-Daimler-Trucks.jpg 1200w\" sizes=\"(max-width: 420px) 100vw, 420px\" \/><\/a><figcaption id=\"caption-attachment-39541\" class=\"wp-caption-text\">Stephan Unger. Bild: Handelsblatt Nutzfahrzeuge 2024 \/ Willi Noters<\/figcaption><\/figure>\n<p>Stephan Unger, Vorstandsmitglied der Daimler Truck AG und CEO Financial Services erg\u00e4nzt: <em>&#8222;Wir unterst\u00fctzen ganz klar das Pariser-Klimaabkommen. Wir sprechen also \u00fcber Dekarbonisierung, aber auch die Digitalisierung und Vernetzung spielt eine tragende Rolle. Dabei setzen wir auf batterieelektrische Fahrzeuge und zusammen mit <a href=\"https:\/\/www.krafthand.de\/truck\/artikel\/klares-bekenntnis-zu-wasserstoffbasierten-brennstoffzellen-27694\/\" target=\"_blank\" rel=\"noopener\">Cellcentric<\/a> (Joint-Venture von Daimler Truck und Volvo) auf Lkw mit Brennstoffzelle. Zus\u00e4tzlich investieren wir in den Wasserstoff-Verbrennungsmotor.&#8220;<\/em><\/p>\n<blockquote><p>&#8222;Das ganze System wird nur funktionieren, wenn die Infrastruktur passt. Wie sieht es mit dem Service aus von E-Lkw und FCEV? Empowering Future &#8211; wir brauchen allesamt eine finanzielle St\u00e4rke in den beteiligten Unternehmen&#8220;, so Stephan Unger.<\/p><\/blockquote>\n<figure id=\"attachment_39542\" aria-describedby=\"caption-attachment-39542\" style=\"width: 420px\" class=\"wp-caption alignleft\"><a href=\"https:\/\/static.krafthand-truck.de\/uploads\/2024\/04\/Handelsblatt_Nutzfahrzeuge-2024-Prof.-Dr_Peter_Laier_ZF.jpg\" target=\"_blank\" rel=\"noopener\"><img decoding=\"async\" class=\"wp-image-39542\" src=\"https:\/\/static.krafthand-truck.de\/uploads\/2024\/04\/Handelsblatt_Nutzfahrzeuge-2024-Prof.-Dr_Peter_Laier_ZF-300x197.jpg\" alt=\"\" width=\"420\" height=\"276\" srcset=\"https:\/\/static.krafthand-truck.de\/uploads\/2024\/04\/Handelsblatt_Nutzfahrzeuge-2024-Prof.-Dr_Peter_Laier_ZF-300x197.jpg 300w, https:\/\/static.krafthand-truck.de\/uploads\/2024\/04\/Handelsblatt_Nutzfahrzeuge-2024-Prof.-Dr_Peter_Laier_ZF-1024x672.jpg 1024w, https:\/\/static.krafthand-truck.de\/uploads\/2024\/04\/Handelsblatt_Nutzfahrzeuge-2024-Prof.-Dr_Peter_Laier_ZF-768x504.jpg 768w, https:\/\/static.krafthand-truck.de\/uploads\/2024\/04\/Handelsblatt_Nutzfahrzeuge-2024-Prof.-Dr_Peter_Laier_ZF.jpg 1200w\" sizes=\"(max-width: 420px) 100vw, 420px\" \/><\/a><figcaption id=\"caption-attachment-39542\" class=\"wp-caption-text\">Prof. Dr. Peter Laier. Handelsblatt Nutzfahrzeuge 2024 \/ Willi Noters<\/figcaption><\/figure>\n<p>Prof. Dr. Peter Laier, Mitglied des Vorstand der ZF-Group, beschreibt die Situation aus Sicht eines Zulieferers <em>&#8222;Die gr\u00f6\u00dfte Herausforderung sind die unterschiedlichen Antriebsarten, E-Antriebe, Lkw mit Brennstoffzelle, Diesel-, Wasserstoff- oder Gasverbrenner spielen eine Rolle. Die Anforderungen sind dabei alleine gar nicht zu meistern. Es bilden sich deshalb auch zahlreiche Partnerschaften und \u00d6kosysteme heraus, horizontal wie vertikal. Zudem haben wir bei ZF ein weitreichendes System-Know-How zum Thema Chassis, Antrieb (Getriebe), Bremse, Fahrdynamik und Digitalisierung.&#8220;<\/em><\/p>\n<blockquote><p><em>&#8222;Wir unterst\u00fctzen unsere Kunden als Systemlieferant mit einem modularen Baukasten, unabh\u00e4ngig von der Antriebsart&#8220;<\/em>, so Prof. Dr. Laier.<\/p><\/blockquote>\n<h3>Eine Wunschliste alleine reicht nicht aus!<\/h3>\n<p>&#8218;W\u00fcnsch Dir was&#8216;, so k\u00f6nnte das Motto der Bundesregierung lauten. Es werden Ziele ausgegeben, die praktisch alleine von Seiten der Industrie und gleich dreimal nicht von kleinen-mittelst\u00e4ndischen Speditionen zu stemmen sind. J\u00fcngst hat man das KsNI-F\u00f6rderprogramm auslaufen lassen (eine Milliarde Euro wurde bewilligt, der Topf war rasch ausgesch\u00f6pft). Eine deutlich h\u00f6here Maut kommt jetzt auf die Speditionen zu. Es sollen diejenigen weniger bezahlen, die auf alternative Antriebe setzen. Doch erstmal entstehen h\u00f6here Kosten. Ein neuer E-Lkw kostet bis zu 600.000 Euro. Wer soll das bezahlen? Eine Wunschliste alleine reicht also nicht aus. Es bedarf neuer, intelligenter Anreizsysteme, um Investitionen in neuen Lkw (BEV\/FCEV) auf Seiten der Speditionen zu f\u00f6rdern. In der Speditionsbranche wird ehedem l\u00e4ngst mit spitzem Bleistift gerechnet, die Margen sind klein. Die Mehreinnahmen der Lkw-Maut m\u00fcssen dringend direkt in den Ausbau der Infrastruktur und der Incentivierung der Speditionen flie\u00dfen.<\/p>\n<h3>Voll geladen?!<\/h3>\n<p>Beim Hochlauf von BEC und FCEV geht es ganz zentral um die Lade- und Tankinfrastruktur. Ja, es gibt jetzt die neue EU-Verordnung zum &#8222;Aufbau von Infrastruktur f\u00fcr alternative Kraftstoffe&#8220; (AFIR). Auch hier sind die Ziele hehr. Bis 2025 sollen Ladestationen f\u00fcr schwere Nutzfahrzeuge mit einer Ladeleistung von mindestens 350 kW alle 60 km entlang des TEN-V-Kernnetzes (Transeurop\u00e4isches Basis-Verkehrsnetz) und alle 100 km entlang dem TEN-V-Gesamtnetz (alle geplanten Verkehrsverbindungen mit Mehrwert) errichtet werden. Das Ziel ist eine vollst\u00e4ndige Netzabdeckung bis 2030. Zudem steht geschrieben, dass bis 2030 Wasserstofftankstellen, die sowohl Personenkraftwagen als auch schwere Nutzfahrzeuge versorgen k\u00f6nnen, in allen st\u00e4dtischen Knoten und alle 200 km entlang des TEN-V-Kernnetzes entstehen sollen.<\/p>\n<blockquote><p>&#8222;Die Zukunft wird zu einem ganz erheblichen Teil elektrisch sein. Dabei ist die Brennstoffzelle eine zus\u00e4tzliche Option, gerade f\u00fcr den Schwerlastverkehr auf der Langstrecke. Die AFIR ist zu ambitionslos und im Vergleich zu anderen europ\u00e4ischen L\u00e4ndern h\u00e4ngen wir weit hinterher. Der Staat sollte sich auf die Infrastruktur konzentrieren&#8220;, so Hildegard M\u00fcller, bei Ihrem Auftaktvortrag im Rahmen bei der Handelsblatt-Jahrestagung Nutzfahrzeuge.<\/p><\/blockquote>\n<p>Wie sieht es aktuell mit der Energieversorgung, dem Versorgungsnetz aus, mit der Beschleunigung von Genehmigungsverfahren? Wer tr\u00e4gt die Kosten? &#8222;Henne\/Ei. Nein, Es wird Zeit f\u00fcr ein klares politisches Commitment. Eier legen ist angezeigt!<\/p>\n<h3>Der Aftermarket<\/h3>\n<p>Einen Bereich den kaum jemand auf dem Schirm hat, ist der Nfz-Aftermarket mit den angeschlossenen Service-Werkst\u00e4tten. Stephan Unger von Daimler Truck hat das Thema in seinem Vortrag angesprochen. Manch Betreiber einer (freien) Nfz-Werkstatt fragt sich demnach: &#8222;Soll ich denn zuk\u00fcnftig Spezialist f\u00fcr Verbrenner, Elektro-, Brennstoffzellen-, Wasserstoff-, Gas-, HVO-Lkw sein? Die Antwort lautet &#8218;Jein&#8216;. Auch hier werden sich Unternehmer spezialisieren und ihre Nische und ihren USP finden. Die Industrie, die angeschlossenen Fachverb\u00e4nde und Innungen, m\u00fcssen das Thema aber dringend im Blick haben! (<a href=\"https:\/\/www.krafthand.de\/truck\/artikel\/antrieb-und-wandel-das-neue-berufsbild-nfz-mechantronikerin-34430\/\" target=\"_blank\" rel=\"noopener\">siehe auch Beitrag: &#8218;Das neue Berufsbild Nfz-Mechatroniker&#8220;<\/a>). Die Zukunft f\u00fcr das Berufsbild kann interessanter nicht sein!<\/p>\n<h3>Ideologiefreies Handeln<\/h3>\n<p>Am Ende des Tages geht es um die Einhaltung der CO2-Ziele, aber auch um Arbeitspl\u00e4tze, den Wirtschaftsstandort Deutschland im Allgemeinen. Wir haben die leistungsf\u00e4higsten Unternehmen, die besten Ingenieure und Facharbeiter, Mechatroniker. Wir sollten wegkommen von einer ideologisch-gepr\u00e4gten Debatte und dem ewig-dogmatischen Konkurrenzkampf zwischen verschiedenen Antriebsarten und Kraftstoffen. Ja, wir brauchen Vision\u00e4re, aber alles zu seiner Zeit! Jetzt sollten wir das tun was technisch machbar und versorgungstechnisch sinnvoll ist. Die Industrie ist aufgestellt, der Aftermarket ist innovativ und wird nachziehen, die Speditionen brauchen Support!<\/p>\n<blockquote><p>&#8222;Die Nfz-Werkst\u00e4tten stehen in der Startl\u00f6chern. Spannender wirds nicht!&#8220;<\/p><\/blockquote>\n<h3>Mein Appell<\/h3>\n<p>Mein Appell an ewig Gestrige und durchaus auch an Fantasten: Technologieoffenheit bedeutet <strong>nicht<\/strong>, wir lassen alles so wie es ist! Technologieoffenheit<strong> bedeutet<\/strong> <strong>technisch sinnvolle<\/strong> <strong>L\u00f6sungen, <\/strong>die <strong>jetzt<\/strong> verf\u00fcgbar sind, auch konsequent umzusetzen (Euro-7-Verbrenner, Biogas, HVO 100, Wasserstoffverbrenner). Nennen wir sie Verbesserungs-, Erg\u00e4nzungs- oder Br\u00fcckentechnologien. Batterieelektrische Antriebe sind bei Nutzfahrzeugen l\u00e4ngst gesetzt. Brennstoffzellen-Trucks erg\u00e4nzen die Antriebstechnologien im Schwerlast- und Langstreckenbereich.<\/p>\n<p>Es gibt noch viel zutun, packen wir es gemeinsam an! Und im \u00dcbrigen: Die Nfz-Werkst\u00e4tten stehen in der Startl\u00f6chern. Spannender wirds nicht!<\/p>\n<p>&nbsp;<\/p>\n\r\n\t\t\t\t<div class=\"post-author\">\r\n\t\t\t\t\t<div class=\"khm-cp-author clearfix\">\r\n\t\t\t\t\t\t<div class=\"khm-cp-author__content\">\r\n\t\t\t\t\t\t\t\tKontakt zum Autor:<br \/>\r\n\t\t\t\t\t\t\t\t<strong>Georg Blenk<\/strong>, 08247 \/ 3007-45 |  <a href=\"mailto:georg.blenk@krafthand-medien.de\">georg.blenk@krafthand-medien.de<\/a>\r\n\t\t\t\t\t\t\t<div class=\"khm-cp-author__image\">\r\n\t\t\t\t\t\t<img src=\"https:\/\/static.krafthand-truck.de\/uploads\/2021\/01\/Blenk_6104-250x300-1-removebg-preview.png\" class=\"img-responsive\">\r\n\t\t\t\t\t<\/div>\r\n\t\t\t\t\t\t<\/div>\r\n\t\t\t\t\t<\/div>\r\n\t\t\t\t<\/div>\r\n\t\t\t\t","protected":false},"excerpt":{"rendered":"<p>Die Handelsblatt-Jahrestagung Nutzfahrzeuge 2024 brachte vieles zutage: Innovationskraft, Wandlungs- und Risikobereitschaft, vor allem aber auch eindringliche Appelle an die Politik.\u00a0So waren sich (fast) alle anwesenden Akteure, Referentinnen und Referenten, einig: Es fehlten die entsprechenden Rahmenbedingungen um alternative Antriebe fl\u00e4chendeckend auszurollen. <span class=\"excerpt-more__dots\">&#8230;<\/span> <a class=\"excerpt-more__link\" href=\"https:\/\/www.krafthand.de\/truck\/artikel\/antriebswende-im-nfz-bereich-wir-muessen-endlich-die-rahmenbedingungen-verbessern-39433\/\" >weiter<\/a><\/p>\n","protected":false},"author":9,"featured_media":39546,"comment_status":"closed","ping_status":"closed","sticky":false,"template":"","format":"standard","meta":{"footnotes":""},"categories":[6375,4915,4235,4236],"tags":[5183,4492,2776,5927,4727,5928,556,187],"settings":[3524,4766,3523],"class_list":["post-39433","post","type-post","status-publish","format-standard","has-post-thumbnail","hentry","category-lade-tank-infrastruktur","category-neue-fahrzeuge","category-unternehmen","category-veranstaltungen","tag-alexander-vlaskamp","tag-daimler-truck","tag-dr-peter-laier","tag-handelsblatt-jahrestagung","tag-hildegard-mueller","tag-stephan-unger","tag-vda","tag-zf"],"yoast_head":"<!-- This site is optimized with the Yoast SEO plugin v27.3 - https:\/\/yoast.com\/product\/yoast-seo-wordpress\/ -->\n<title>Antriebswende: &quot;Wir m\u00fcssen endlich die Rahmenbedingungen verbessern!&quot; - Krafthand-Truck<\/title>\n<meta name=\"description\" content=\"Der Handelsblatt-Jahrestagung Nutzfahrzeuge 2024 brachte vieles zutage: Innovationskraft, Wandlungs- und Risikobereitschaft.\" \/>\n<meta name=\"robots\" content=\"index, follow, max-snippet:-1, max-image-preview:large, max-video-preview:-1\" \/>\n<link rel=\"canonical\" href=\"https:\/\/www.krafthand.de\/truck\/artikel\/antriebswende-im-nfz-bereich-wir-muessen-endlich-die-rahmenbedingungen-verbessern-39433\/\" \/>\n<meta property=\"og:locale\" content=\"de_DE\" \/>\n<meta property=\"og:type\" content=\"article\" \/>\n<meta property=\"og:title\" content=\"Antriebswende: &quot;Wir m\u00fcssen endlich die Rahmenbedingungen verbessern!&quot; - Krafthand-Truck\" \/>\n<meta property=\"og:description\" content=\"Der Handelsblatt-Jahrestagung Nutzfahrzeuge 2024 brachte vieles zutage: Innovationskraft, Wandlungs- und Risikobereitschaft.\" \/>\n<meta property=\"og:url\" content=\"https:\/\/www.krafthand-truck.de\/artikel\/antriebswende-im-nfz-bereich-wir-muessen-endlich-die-rahmenbedingungen-verbessern-39433\/\" \/>\n<meta property=\"og:site_name\" content=\"Krafthand-Truck\" \/>\n<meta property=\"article:published_time\" content=\"2024-04-25T10:21:11+00:00\" \/>\n<meta property=\"article:modified_time\" content=\"2025-12-02T10:10:01+00:00\" \/>\n<meta property=\"og:image\" content=\"https:\/\/static.krafthand-truck.de\/uploads\/2024\/04\/Handelsblatt_Nutzfahrzeuge-2024-Hildegard-Mueller-VDA_Krafthand_Truck.jpg\" \/>\n\t<meta property=\"og:image:width\" content=\"1200\" \/>\n\t<meta property=\"og:image:height\" content=\"758\" \/>\n\t<meta property=\"og:image:type\" content=\"image\/jpeg\" \/>\n<meta name=\"author\" content=\"georg.blenk@krafthand-medien.de\" \/>\n<meta name=\"twitter:card\" content=\"summary_large_image\" \/>\n<meta name=\"twitter:label1\" content=\"Verfasst von\" \/>\n\t<meta name=\"twitter:data1\" content=\"georg.blenk@krafthand-medien.de\" \/>\n\t<meta name=\"twitter:label2\" content=\"Gesch\u00e4tzte Lesezeit\" \/>\n\t<meta name=\"twitter:data2\" content=\"7\u00a0Minuten\" \/>\n<script type=\"application\/ld+json\" class=\"yoast-schema-graph\">{\"@context\":\"https:\\\/\\\/schema.org\",\"@graph\":[{\"@type\":\"Article\",\"@id\":\"https:\\\/\\\/www.krafthand.de\\\/truck\\\/artikel\\\/antriebswende-im-nfz-bereich-wir-muessen-endlich-die-rahmenbedingungen-verbessern-39433\\\/#article\",\"isPartOf\":{\"@id\":\"https:\\\/\\\/www.krafthand.de\\\/truck\\\/artikel\\\/antriebswende-im-nfz-bereich-wir-muessen-endlich-die-rahmenbedingungen-verbessern-39433\\\/\"},\"author\":{\"name\":\"georg.blenk@krafthand-medien.de\",\"@id\":\"https:\\\/\\\/www.krafthand.de\\\/truck\\\/#\\\/schema\\\/person\\\/51fa80b1c57034c4bf63f9f988fc24ce\"},\"headline\":\"Antriebswende: &#8222;Wir m\u00fcssen endlich die Rahmenbedingungen verbessern!&#8220;\",\"datePublished\":\"2024-04-25T10:21:11+00:00\",\"dateModified\":\"2025-12-02T10:10:01+00:00\",\"mainEntityOfPage\":{\"@id\":\"https:\\\/\\\/www.krafthand.de\\\/truck\\\/artikel\\\/antriebswende-im-nfz-bereich-wir-muessen-endlich-die-rahmenbedingungen-verbessern-39433\\\/\"},\"wordCount\":1234,\"image\":{\"@id\":\"https:\\\/\\\/www.krafthand.de\\\/truck\\\/artikel\\\/antriebswende-im-nfz-bereich-wir-muessen-endlich-die-rahmenbedingungen-verbessern-39433\\\/#primaryimage\"},\"thumbnailUrl\":\"https:\\\/\\\/static.krafthand-truck.de\\\/uploads\\\/2024\\\/04\\\/Handelsblatt_Nutzfahrzeuge-2024-Hildegard-Mueller-VDA_Krafthand_Truck.jpg\",\"keywords\":[\"Alexander Vlaskamp\",\"Daimler Truck\",\"Dr. Peter Laier\",\"Handelsblatt-Jahrestagung\",\"Hildegard M\u00fcller\",\"Stephan Unger\",\"VDA\",\"ZF\"],\"articleSection\":[\"Lade-\\\/Tank-Infrastruktur\",\"Neue Fahrzeuge\",\"Unternehmen\",\"Veranstaltungen\\\/Messen\"],\"inLanguage\":\"de\"},{\"@type\":\"WebPage\",\"@id\":\"https:\\\/\\\/www.krafthand.de\\\/truck\\\/artikel\\\/antriebswende-im-nfz-bereich-wir-muessen-endlich-die-rahmenbedingungen-verbessern-39433\\\/\",\"url\":\"https:\\\/\\\/www.krafthand.de\\\/truck\\\/artikel\\\/antriebswende-im-nfz-bereich-wir-muessen-endlich-die-rahmenbedingungen-verbessern-39433\\\/\",\"name\":\"Antriebswende: \\\"Wir m\u00fcssen endlich die Rahmenbedingungen verbessern!\\\" - Krafthand-Truck\",\"isPartOf\":{\"@id\":\"https:\\\/\\\/www.krafthand.de\\\/truck\\\/#website\"},\"primaryImageOfPage\":{\"@id\":\"https:\\\/\\\/www.krafthand.de\\\/truck\\\/artikel\\\/antriebswende-im-nfz-bereich-wir-muessen-endlich-die-rahmenbedingungen-verbessern-39433\\\/#primaryimage\"},\"image\":{\"@id\":\"https:\\\/\\\/www.krafthand.de\\\/truck\\\/artikel\\\/antriebswende-im-nfz-bereich-wir-muessen-endlich-die-rahmenbedingungen-verbessern-39433\\\/#primaryimage\"},\"thumbnailUrl\":\"https:\\\/\\\/static.krafthand-truck.de\\\/uploads\\\/2024\\\/04\\\/Handelsblatt_Nutzfahrzeuge-2024-Hildegard-Mueller-VDA_Krafthand_Truck.jpg\",\"datePublished\":\"2024-04-25T10:21:11+00:00\",\"dateModified\":\"2025-12-02T10:10:01+00:00\",\"author\":{\"@id\":\"https:\\\/\\\/www.krafthand.de\\\/truck\\\/#\\\/schema\\\/person\\\/51fa80b1c57034c4bf63f9f988fc24ce\"},\"description\":\"Der Handelsblatt-Jahrestagung Nutzfahrzeuge 2024 brachte vieles zutage: Innovationskraft, Wandlungs- und Risikobereitschaft.\",\"breadcrumb\":{\"@id\":\"https:\\\/\\\/www.krafthand.de\\\/truck\\\/artikel\\\/antriebswende-im-nfz-bereich-wir-muessen-endlich-die-rahmenbedingungen-verbessern-39433\\\/#breadcrumb\"},\"inLanguage\":\"de\",\"potentialAction\":[{\"@type\":\"ReadAction\",\"target\":[\"https:\\\/\\\/www.krafthand.de\\\/truck\\\/artikel\\\/antriebswende-im-nfz-bereich-wir-muessen-endlich-die-rahmenbedingungen-verbessern-39433\\\/\"]}]},{\"@type\":\"ImageObject\",\"inLanguage\":\"de\",\"@id\":\"https:\\\/\\\/www.krafthand.de\\\/truck\\\/artikel\\\/antriebswende-im-nfz-bereich-wir-muessen-endlich-die-rahmenbedingungen-verbessern-39433\\\/#primaryimage\",\"url\":\"https:\\\/\\\/static.krafthand-truck.de\\\/uploads\\\/2024\\\/04\\\/Handelsblatt_Nutzfahrzeuge-2024-Hildegard-Mueller-VDA_Krafthand_Truck.jpg\",\"contentUrl\":\"https:\\\/\\\/static.krafthand-truck.de\\\/uploads\\\/2024\\\/04\\\/Handelsblatt_Nutzfahrzeuge-2024-Hildegard-Mueller-VDA_Krafthand_Truck.jpg\",\"width\":1200,\"height\":758},{\"@type\":\"BreadcrumbList\",\"@id\":\"https:\\\/\\\/www.krafthand.de\\\/truck\\\/artikel\\\/antriebswende-im-nfz-bereich-wir-muessen-endlich-die-rahmenbedingungen-verbessern-39433\\\/#breadcrumb\",\"itemListElement\":[{\"@type\":\"ListItem\",\"position\":1,\"name\":\"Krafthand-Truck\",\"item\":\"https:\\\/\\\/www.krafthand.de\\\/truck\\\/\"},{\"@type\":\"ListItem\",\"position\":2,\"name\":\"Nfz-Branche\",\"item\":\"https:\\\/\\\/www.krafthand.de\\\/truck\\\/kategorie\\\/branche\\\/\"},{\"@type\":\"ListItem\",\"position\":3,\"name\":\"Veranstaltungen\\\/Messen\",\"item\":\"https:\\\/\\\/www.krafthand.de\\\/truck\\\/kategorie\\\/branche\\\/veranstaltungen\\\/\"},{\"@type\":\"ListItem\",\"position\":4,\"name\":\"Antriebswende: &#8222;Wir m\u00fcssen endlich die Rahmenbedingungen verbessern!&#8220;\"}]},{\"@type\":\"WebSite\",\"@id\":\"https:\\\/\\\/www.krafthand.de\\\/truck\\\/#website\",\"url\":\"https:\\\/\\\/www.krafthand.de\\\/truck\\\/\",\"name\":\"Krafthand-Truck\",\"description\":\"\",\"potentialAction\":[{\"@type\":\"SearchAction\",\"target\":{\"@type\":\"EntryPoint\",\"urlTemplate\":\"https:\\\/\\\/www.krafthand.de\\\/truck\\\/?s={search_term_string}\"},\"query-input\":{\"@type\":\"PropertyValueSpecification\",\"valueRequired\":true,\"valueName\":\"search_term_string\"}}],\"inLanguage\":\"de\"},{\"@type\":\"Person\",\"@id\":\"https:\\\/\\\/www.krafthand.de\\\/truck\\\/#\\\/schema\\\/person\\\/51fa80b1c57034c4bf63f9f988fc24ce\",\"name\":\"georg.blenk@krafthand-medien.de\",\"image\":{\"@type\":\"ImageObject\",\"inLanguage\":\"de\",\"@id\":\"https:\\\/\\\/secure.gravatar.com\\\/avatar\\\/93713c30affe0aa95d3a4130e499bb1abee2eb31adbdd9ce2aa1543538490215?s=96&d=mm&r=g\",\"url\":\"https:\\\/\\\/secure.gravatar.com\\\/avatar\\\/93713c30affe0aa95d3a4130e499bb1abee2eb31adbdd9ce2aa1543538490215?s=96&d=mm&r=g\",\"contentUrl\":\"https:\\\/\\\/secure.gravatar.com\\\/avatar\\\/93713c30affe0aa95d3a4130e499bb1abee2eb31adbdd9ce2aa1543538490215?s=96&d=mm&r=g\",\"caption\":\"georg.blenk@krafthand-medien.de\"}}]}<\/script>\n<!-- \/ Yoast SEO plugin. -->","yoast_head_json":{"title":"Antriebswende: \"Wir m\u00fcssen endlich die Rahmenbedingungen verbessern!\" - Krafthand-Truck","description":"Der Handelsblatt-Jahrestagung Nutzfahrzeuge 2024 brachte vieles zutage: Innovationskraft, Wandlungs- und Risikobereitschaft.","robots":{"index":"index","follow":"follow","max-snippet":"max-snippet:-1","max-image-preview":"max-image-preview:large","max-video-preview":"max-video-preview:-1"},"canonical":"https:\/\/www.krafthand.de\/truck\/artikel\/antriebswende-im-nfz-bereich-wir-muessen-endlich-die-rahmenbedingungen-verbessern-39433\/","og_locale":"de_DE","og_type":"article","og_title":"Antriebswende: \"Wir m\u00fcssen endlich die Rahmenbedingungen verbessern!\" - Krafthand-Truck","og_description":"Der Handelsblatt-Jahrestagung Nutzfahrzeuge 2024 brachte vieles zutage: Innovationskraft, Wandlungs- und Risikobereitschaft.","og_url":"https:\/\/www.krafthand-truck.de\/artikel\/antriebswende-im-nfz-bereich-wir-muessen-endlich-die-rahmenbedingungen-verbessern-39433\/","og_site_name":"Krafthand-Truck","article_published_time":"2024-04-25T10:21:11+00:00","article_modified_time":"2025-12-02T10:10:01+00:00","og_image":[{"width":1200,"height":758,"url":"https:\/\/static.krafthand-truck.de\/uploads\/2024\/04\/Handelsblatt_Nutzfahrzeuge-2024-Hildegard-Mueller-VDA_Krafthand_Truck.jpg","type":"image\/jpeg"}],"author":"georg.blenk@krafthand-medien.de","twitter_card":"summary_large_image","twitter_misc":{"Verfasst von":"georg.blenk@krafthand-medien.de","Gesch\u00e4tzte Lesezeit":"7\u00a0Minuten"},"schema":{"@context":"https:\/\/schema.org","@graph":[{"@type":"Article","@id":"https:\/\/www.krafthand.de\/truck\/artikel\/antriebswende-im-nfz-bereich-wir-muessen-endlich-die-rahmenbedingungen-verbessern-39433\/#article","isPartOf":{"@id":"https:\/\/www.krafthand.de\/truck\/artikel\/antriebswende-im-nfz-bereich-wir-muessen-endlich-die-rahmenbedingungen-verbessern-39433\/"},"author":{"name":"georg.blenk@krafthand-medien.de","@id":"https:\/\/www.krafthand.de\/truck\/#\/schema\/person\/51fa80b1c57034c4bf63f9f988fc24ce"},"headline":"Antriebswende: &#8222;Wir m\u00fcssen endlich die Rahmenbedingungen verbessern!&#8220;","datePublished":"2024-04-25T10:21:11+00:00","dateModified":"2025-12-02T10:10:01+00:00","mainEntityOfPage":{"@id":"https:\/\/www.krafthand.de\/truck\/artikel\/antriebswende-im-nfz-bereich-wir-muessen-endlich-die-rahmenbedingungen-verbessern-39433\/"},"wordCount":1234,"image":{"@id":"https:\/\/www.krafthand.de\/truck\/artikel\/antriebswende-im-nfz-bereich-wir-muessen-endlich-die-rahmenbedingungen-verbessern-39433\/#primaryimage"},"thumbnailUrl":"https:\/\/static.krafthand-truck.de\/uploads\/2024\/04\/Handelsblatt_Nutzfahrzeuge-2024-Hildegard-Mueller-VDA_Krafthand_Truck.jpg","keywords":["Alexander Vlaskamp","Daimler Truck","Dr. Peter Laier","Handelsblatt-Jahrestagung","Hildegard M\u00fcller","Stephan Unger","VDA","ZF"],"articleSection":["Lade-\/Tank-Infrastruktur","Neue Fahrzeuge","Unternehmen","Veranstaltungen\/Messen"],"inLanguage":"de"},{"@type":"WebPage","@id":"https:\/\/www.krafthand.de\/truck\/artikel\/antriebswende-im-nfz-bereich-wir-muessen-endlich-die-rahmenbedingungen-verbessern-39433\/","url":"https:\/\/www.krafthand.de\/truck\/artikel\/antriebswende-im-nfz-bereich-wir-muessen-endlich-die-rahmenbedingungen-verbessern-39433\/","name":"Antriebswende: \"Wir m\u00fcssen endlich die Rahmenbedingungen verbessern!\" - Krafthand-Truck","isPartOf":{"@id":"https:\/\/www.krafthand.de\/truck\/#website"},"primaryImageOfPage":{"@id":"https:\/\/www.krafthand.de\/truck\/artikel\/antriebswende-im-nfz-bereich-wir-muessen-endlich-die-rahmenbedingungen-verbessern-39433\/#primaryimage"},"image":{"@id":"https:\/\/www.krafthand.de\/truck\/artikel\/antriebswende-im-nfz-bereich-wir-muessen-endlich-die-rahmenbedingungen-verbessern-39433\/#primaryimage"},"thumbnailUrl":"https:\/\/static.krafthand-truck.de\/uploads\/2024\/04\/Handelsblatt_Nutzfahrzeuge-2024-Hildegard-Mueller-VDA_Krafthand_Truck.jpg","datePublished":"2024-04-25T10:21:11+00:00","dateModified":"2025-12-02T10:10:01+00:00","author":{"@id":"https:\/\/www.krafthand.de\/truck\/#\/schema\/person\/51fa80b1c57034c4bf63f9f988fc24ce"},"description":"Der Handelsblatt-Jahrestagung Nutzfahrzeuge 2024 brachte vieles zutage: Innovationskraft, Wandlungs- und Risikobereitschaft.","breadcrumb":{"@id":"https:\/\/www.krafthand.de\/truck\/artikel\/antriebswende-im-nfz-bereich-wir-muessen-endlich-die-rahmenbedingungen-verbessern-39433\/#breadcrumb"},"inLanguage":"de","potentialAction":[{"@type":"ReadAction","target":["https:\/\/www.krafthand.de\/truck\/artikel\/antriebswende-im-nfz-bereich-wir-muessen-endlich-die-rahmenbedingungen-verbessern-39433\/"]}]},{"@type":"ImageObject","inLanguage":"de","@id":"https:\/\/www.krafthand.de\/truck\/artikel\/antriebswende-im-nfz-bereich-wir-muessen-endlich-die-rahmenbedingungen-verbessern-39433\/#primaryimage","url":"https:\/\/static.krafthand-truck.de\/uploads\/2024\/04\/Handelsblatt_Nutzfahrzeuge-2024-Hildegard-Mueller-VDA_Krafthand_Truck.jpg","contentUrl":"https:\/\/static.krafthand-truck.de\/uploads\/2024\/04\/Handelsblatt_Nutzfahrzeuge-2024-Hildegard-Mueller-VDA_Krafthand_Truck.jpg","width":1200,"height":758},{"@type":"BreadcrumbList","@id":"https:\/\/www.krafthand.de\/truck\/artikel\/antriebswende-im-nfz-bereich-wir-muessen-endlich-die-rahmenbedingungen-verbessern-39433\/#breadcrumb","itemListElement":[{"@type":"ListItem","position":1,"name":"Krafthand-Truck","item":"https:\/\/www.krafthand.de\/truck\/"},{"@type":"ListItem","position":2,"name":"Nfz-Branche","item":"https:\/\/www.krafthand.de\/truck\/kategorie\/branche\/"},{"@type":"ListItem","position":3,"name":"Veranstaltungen\/Messen","item":"https:\/\/www.krafthand.de\/truck\/kategorie\/branche\/veranstaltungen\/"},{"@type":"ListItem","position":4,"name":"Antriebswende: &#8222;Wir m\u00fcssen endlich die Rahmenbedingungen verbessern!&#8220;"}]},{"@type":"WebSite","@id":"https:\/\/www.krafthand.de\/truck\/#website","url":"https:\/\/www.krafthand.de\/truck\/","name":"Krafthand-Truck","description":"","potentialAction":[{"@type":"SearchAction","target":{"@type":"EntryPoint","urlTemplate":"https:\/\/www.krafthand.de\/truck\/?s={search_term_string}"},"query-input":{"@type":"PropertyValueSpecification","valueRequired":true,"valueName":"search_term_string"}}],"inLanguage":"de"},{"@type":"Person","@id":"https:\/\/www.krafthand.de\/truck\/#\/schema\/person\/51fa80b1c57034c4bf63f9f988fc24ce","name":"georg.blenk@krafthand-medien.de","image":{"@type":"ImageObject","inLanguage":"de","@id":"https:\/\/secure.gravatar.com\/avatar\/93713c30affe0aa95d3a4130e499bb1abee2eb31adbdd9ce2aa1543538490215?s=96&d=mm&r=g","url":"https:\/\/secure.gravatar.com\/avatar\/93713c30affe0aa95d3a4130e499bb1abee2eb31adbdd9ce2aa1543538490215?s=96&d=mm&r=g","contentUrl":"https:\/\/secure.gravatar.com\/avatar\/93713c30affe0aa95d3a4130e499bb1abee2eb31adbdd9ce2aa1543538490215?s=96&d=mm&r=g","caption":"georg.blenk@krafthand-medien.de"}}]}},"_links":{"self":[{"href":"https:\/\/www.krafthand.de\/truck\/wp-json\/wp\/v2\/posts\/39433","targetHints":{"allow":["GET"]}}],"collection":[{"href":"https:\/\/www.krafthand.de\/truck\/wp-json\/wp\/v2\/posts"}],"about":[{"href":"https:\/\/www.krafthand.de\/truck\/wp-json\/wp\/v2\/types\/post"}],"author":[{"embeddable":true,"href":"https:\/\/www.krafthand.de\/truck\/wp-json\/wp\/v2\/users\/9"}],"replies":[{"embeddable":true,"href":"https:\/\/www.krafthand.de\/truck\/wp-json\/wp\/v2\/comments?post=39433"}],"version-history":[{"count":147,"href":"https:\/\/www.krafthand.de\/truck\/wp-json\/wp\/v2\/posts\/39433\/revisions"}],"predecessor-version":[{"id":39630,"href":"https:\/\/www.krafthand.de\/truck\/wp-json\/wp\/v2\/posts\/39433\/revisions\/39630"}],"wp:featuredmedia":[{"embeddable":true,"href":"https:\/\/www.krafthand.de\/truck\/wp-json\/wp\/v2\/media\/39546"}],"wp:attachment":[{"href":"https:\/\/www.krafthand.de\/truck\/wp-json\/wp\/v2\/media?parent=39433"}],"wp:term":[{"taxonomy":"category","embeddable":true,"href":"https:\/\/www.krafthand.de\/truck\/wp-json\/wp\/v2\/categories?post=39433"},{"taxonomy":"post_tag","embeddable":true,"href":"https:\/\/www.krafthand.de\/truck\/wp-json\/wp\/v2\/tags?post=39433"},{"taxonomy":"settings","embeddable":true,"href":"https:\/\/www.krafthand.de\/truck\/wp-json\/wp\/v2\/settings?post=39433"}],"curies":[{"name":"wp","href":"https:\/\/api.w.org\/{rel}","templated":true}]}}