{"id":39381,"date":"2024-04-17T08:49:48","date_gmt":"2024-04-17T06:49:48","guid":{"rendered":"https:\/\/www.krafthand.de\/truck\/?p=39381"},"modified":"2024-04-17T08:49:48","modified_gmt":"2024-04-17T06:49:48","slug":"kaercher-trockeneisstrahler-mit-richtig-power","status":"publish","type":"post","link":"https:\/\/www.krafthand.de\/truck\/artikel\/kaercher-trockeneisstrahler-mit-richtig-power-39381\/","title":{"rendered":"K\u00e4rcher: Trockeneisstrahler mit richtig Power"},"content":{"rendered":"<p>Trockeneisstrahler werden genutzt, um stark verschmutzte oder verrostete Bauteile zu reinigen. Das neue Trockeneisstrahlger\u00e4t IB 10\/15 L2P Advanced von K\u00e4rcher erzeugt dabei selbst die Trockeneispellets und liefert im Vergleich zum kleineren Modell mit der gleichen Menge CO2 60 Prozent mehr Trockeneis. Bei Verwendung einer gr\u00f6\u00dferen D\u00fcse verdoppelt sich die Reinigungsleistung. Damit eignet sich das Ger\u00e4t laut K\u00e4rcher auch f\u00fcr sehr hartn\u00e4ckige Verschmutzungen. Das einfache Bedienkonzept erlaube die Anwendung ohne Spezialausbildung.<\/p>\n<h3>Trockeneis wird produziert wenn es gebraucht wird<\/h3>\n<p>In gr\u00f6\u00dferen Betrieben wird Trockeneis f\u00fcr die Reinigung auf Vorrat verf\u00fcgbar gehalten, denn damit lassen sich r\u00fcckstandsfrei und ohne Wasser auch empfindliche Bauteile reinigen. Meist wird jedoch das Trockeneis gar nicht oder nicht komplett aufgebraucht, da die Pellets nach ein paar Tagen zu Gas sublimieren und die Reinigungswirkung nachl\u00e4sst. Eine Verschwendung derart verhindert das neue Trockeneisstrahlger\u00e4t <a href=\"https:\/\/www.kaercher.com\/de\/professional\/trockeneisreinigung.html\" target=\"_blank\" rel=\"noopener\">IB 10\/15 L2P Advanced<\/a>. Es produziert das Trockeneis vor Ort und kann genau dann eingesetzt werden, wenn Bedarf besteht. Zudem reduziert sich der logistische Aufwand auf ein Minimum: Fl\u00fcssiges CO2 als Ausgangsmaterial l\u00e4sst sich verlustfrei in Flaschen lagern. Dar\u00fcber hinaus werden lediglich ein Druckluftnetz oder ein kompakter Kompressor ben\u00f6tigt.<\/p>\n<h3>Bei empfindlichen Fl\u00e4chen kommt eine kleinere D\u00fcse zum Einsatz<\/h3>\n<p>Um die Reinigungsleistung zu steigern, nutzt K\u00e4rcher beim IB 10\/15 L2P Advanced einen W\u00e4rmetauscher, der das zugef\u00fchrte CO2 k\u00fchlt. Je k\u00e4lter es ist, desto h\u00f6her ist die Umwandlungsrate vom fl\u00fcssigen Zustand in den Feststoff, also die ben\u00f6tigten Pellets. Bei empfindlichen oder kleineren Fl\u00e4chen kommt die kleinere 3mm-D\u00fcse mit entsprechend geringerer Leistung zum Einsatz.<\/p>\n<h3>Unterschiedliches Zubeh\u00f6r<\/h3>\n<p>Der neue Trockeneisstrahler kommt mit unterschiedlichem Zubeh\u00f6r daher. Dazu geh\u00f6ren ein Adapter zur einfachen Verbindung von Flasche und Ger\u00e4t, ein Spritzschutz, der gel\u00f6sten Schmutz abf\u00e4ngt sowie ein Flaschenwagen und eine Halterung f\u00fcr die Schutzkappe der Gasflaschen.<br \/>\nGenerell sei die Handhabung beider Trockeneisstrahlger\u00e4te einfach und angenehm f\u00fcr den Anwender. Die ergonomisch gestaltete Strahlpistole sei auch f\u00fcr das Arbeiten in engen, verwinkelten Bereichen ausgelegt. Durch eine intuitive Ger\u00e4testeuerung sowie verschiedene Assistenzsysteme, beispielsweise zur \u00dcberpr\u00fcfung von Mindestdruck, korrektem Anschluss der<br \/>\nKabel oder \u00dcberhitzungsgefahr, ist die Maschine leicht zu bedienen. Grunds\u00e4tzlich m\u00fcssten aber laut K\u00e4rcher die \u00fcblichen Sicherheitsvorschriften beim Umgang mit Trockeneisstrahlger\u00e4ten beachtet, eine Pers\u00f6nliche Schutzausr\u00fcstung (PSA) m\u00fcsse stets getragen werden.<\/p>\n<p><i>Den Beitrag finden Sie auch in der Print-Ausgabe 2-2024 der <a href=\"https:\/\/www.krafthand.de\/truck\/magazin\/\" title=\"Zum Magazin\">Krafthand-Truck<\/a>.<\/i><\/p>","protected":false},"excerpt":{"rendered":"<p>Trockeneisstrahler werden genutzt, um stark verschmutzte oder verrostete Bauteile zu reinigen. Das neue Trockeneisstrahlger\u00e4t IB 10\/15 L2P Advanced von K\u00e4rcher erzeugt dabei selbst die Trockeneispellets und liefert im Vergleich zum kleineren Modell mit der gleichen Menge CO2 60 Prozent mehr Trockeneis. <span class=\"excerpt-more__dots\">&#8230;<\/span> <a class=\"excerpt-more__link\" href=\"https:\/\/www.krafthand.de\/truck\/artikel\/kaercher-trockeneisstrahler-mit-richtig-power-39381\/\" >weiter<\/a><\/p>\n","protected":false},"author":9,"featured_media":39382,"comment_status":"closed","ping_status":"closed","sticky":false,"template":"","format":"standard","meta":{"footnotes":""},"categories":[4220],"tags":[3190,5301,5917],"settings":[4766,3523],"class_list":["post-39381","post","type-post","status-publish","format-standard","has-post-thumbnail","hentry","category-werkstattausruestung","tag-kaercher","tag-trockeneis","tag-trockeneisstrahlgeraet"],"yoast_head":"<!-- This site is optimized with the Yoast SEO plugin v27.3 - https:\/\/yoast.com\/product\/yoast-seo-wordpress\/ -->\n<title>K\u00e4rcher: Trockeneisstrahler mit richtig Power - Krafthand-Truck<\/title>\n<meta name=\"description\" content=\"Teilereinigung: Das neue Trockeneisstrahlger\u00e4t IB 10\/15 L2P Advanced von K\u00e4rcher erzeugt selbst die Trockeneispellets.\" \/>\n<meta name=\"robots\" content=\"index, follow, max-snippet:-1, max-image-preview:large, max-video-preview:-1\" \/>\n<link rel=\"canonical\" href=\"https:\/\/www.krafthand.de\/truck\/artikel\/kaercher-trockeneisstrahler-mit-richtig-power-39381\/\" \/>\n<meta property=\"og:locale\" content=\"de_DE\" \/>\n<meta property=\"og:type\" content=\"article\" \/>\n<meta property=\"og:title\" content=\"K\u00e4rcher: Trockeneisstrahler mit richtig Power - Krafthand-Truck\" \/>\n<meta property=\"og:description\" content=\"Teilereinigung: Das neue Trockeneisstrahlger\u00e4t IB 10\/15 L2P Advanced von K\u00e4rcher erzeugt selbst die Trockeneispellets.\" \/>\n<meta property=\"og:url\" content=\"https:\/\/www.krafthand-truck.de\/artikel\/kaercher-trockeneisstrahler-mit-richtig-power-39381\/\" \/>\n<meta property=\"og:site_name\" content=\"Krafthand-Truck\" \/>\n<meta property=\"article:published_time\" content=\"2024-04-17T06:49:48+00:00\" \/>\n<meta property=\"og:image\" content=\"https:\/\/static.krafthand-truck.de\/uploads\/2024\/04\/Kaercher_Trockeneisstrahlgeraet.jpg\" \/>\n\t<meta property=\"og:image:width\" content=\"800\" \/>\n\t<meta property=\"og:image:height\" content=\"1045\" \/>\n\t<meta property=\"og:image:type\" content=\"image\/jpeg\" \/>\n<meta name=\"author\" content=\"georg.blenk@krafthand-medien.de\" \/>\n<meta name=\"twitter:card\" content=\"summary_large_image\" \/>\n<meta name=\"twitter:label1\" content=\"Verfasst von\" \/>\n\t<meta name=\"twitter:data1\" content=\"georg.blenk@krafthand-medien.de\" \/>\n\t<meta name=\"twitter:label2\" content=\"Gesch\u00e4tzte Lesezeit\" \/>\n\t<meta name=\"twitter:data2\" content=\"3\u00a0Minuten\" \/>\n<script type=\"application\/ld+json\" class=\"yoast-schema-graph\">{\"@context\":\"https:\\\/\\\/schema.org\",\"@graph\":[{\"@type\":\"Article\",\"@id\":\"https:\\\/\\\/www.krafthand.de\\\/truck\\\/artikel\\\/kaercher-trockeneisstrahler-mit-richtig-power-39381\\\/#article\",\"isPartOf\":{\"@id\":\"https:\\\/\\\/www.krafthand.de\\\/truck\\\/artikel\\\/kaercher-trockeneisstrahler-mit-richtig-power-39381\\\/\"},\"author\":{\"name\":\"georg.blenk@krafthand-medien.de\",\"@id\":\"https:\\\/\\\/www.krafthand.de\\\/truck\\\/#\\\/schema\\\/person\\\/51fa80b1c57034c4bf63f9f988fc24ce\"},\"headline\":\"K\u00e4rcher: Trockeneisstrahler mit richtig Power\",\"datePublished\":\"2024-04-17T06:49:48+00:00\",\"mainEntityOfPage\":{\"@id\":\"https:\\\/\\\/www.krafthand.de\\\/truck\\\/artikel\\\/kaercher-trockeneisstrahler-mit-richtig-power-39381\\\/\"},\"wordCount\":407,\"image\":{\"@id\":\"https:\\\/\\\/www.krafthand.de\\\/truck\\\/artikel\\\/kaercher-trockeneisstrahler-mit-richtig-power-39381\\\/#primaryimage\"},\"thumbnailUrl\":\"https:\\\/\\\/static.krafthand-truck.de\\\/uploads\\\/2024\\\/04\\\/Kaercher_Trockeneisstrahlgeraet.jpg\",\"keywords\":[\"K\u00e4rcher\",\"Trockeneis\",\"Trockeneisstrahlger\u00e4t\"],\"articleSection\":[\"Werkstattausr\u00fcstung\"],\"inLanguage\":\"de\"},{\"@type\":\"WebPage\",\"@id\":\"https:\\\/\\\/www.krafthand.de\\\/truck\\\/artikel\\\/kaercher-trockeneisstrahler-mit-richtig-power-39381\\\/\",\"url\":\"https:\\\/\\\/www.krafthand.de\\\/truck\\\/artikel\\\/kaercher-trockeneisstrahler-mit-richtig-power-39381\\\/\",\"name\":\"K\u00e4rcher: Trockeneisstrahler mit richtig Power - Krafthand-Truck\",\"isPartOf\":{\"@id\":\"https:\\\/\\\/www.krafthand.de\\\/truck\\\/#website\"},\"primaryImageOfPage\":{\"@id\":\"https:\\\/\\\/www.krafthand.de\\\/truck\\\/artikel\\\/kaercher-trockeneisstrahler-mit-richtig-power-39381\\\/#primaryimage\"},\"image\":{\"@id\":\"https:\\\/\\\/www.krafthand.de\\\/truck\\\/artikel\\\/kaercher-trockeneisstrahler-mit-richtig-power-39381\\\/#primaryimage\"},\"thumbnailUrl\":\"https:\\\/\\\/static.krafthand-truck.de\\\/uploads\\\/2024\\\/04\\\/Kaercher_Trockeneisstrahlgeraet.jpg\",\"datePublished\":\"2024-04-17T06:49:48+00:00\",\"author\":{\"@id\":\"https:\\\/\\\/www.krafthand.de\\\/truck\\\/#\\\/schema\\\/person\\\/51fa80b1c57034c4bf63f9f988fc24ce\"},\"description\":\"Teilereinigung: Das neue Trockeneisstrahlger\u00e4t IB 10\\\/15 L2P Advanced von K\u00e4rcher erzeugt selbst die Trockeneispellets.\",\"breadcrumb\":{\"@id\":\"https:\\\/\\\/www.krafthand.de\\\/truck\\\/artikel\\\/kaercher-trockeneisstrahler-mit-richtig-power-39381\\\/#breadcrumb\"},\"inLanguage\":\"de\",\"potentialAction\":[{\"@type\":\"ReadAction\",\"target\":[\"https:\\\/\\\/www.krafthand.de\\\/truck\\\/artikel\\\/kaercher-trockeneisstrahler-mit-richtig-power-39381\\\/\"]}]},{\"@type\":\"ImageObject\",\"inLanguage\":\"de\",\"@id\":\"https:\\\/\\\/www.krafthand.de\\\/truck\\\/artikel\\\/kaercher-trockeneisstrahler-mit-richtig-power-39381\\\/#primaryimage\",\"url\":\"https:\\\/\\\/static.krafthand-truck.de\\\/uploads\\\/2024\\\/04\\\/Kaercher_Trockeneisstrahlgeraet.jpg\",\"contentUrl\":\"https:\\\/\\\/static.krafthand-truck.de\\\/uploads\\\/2024\\\/04\\\/Kaercher_Trockeneisstrahlgeraet.jpg\",\"width\":800,\"height\":1045},{\"@type\":\"BreadcrumbList\",\"@id\":\"https:\\\/\\\/www.krafthand.de\\\/truck\\\/artikel\\\/kaercher-trockeneisstrahler-mit-richtig-power-39381\\\/#breadcrumb\",\"itemListElement\":[{\"@type\":\"ListItem\",\"position\":1,\"name\":\"Krafthand-Truck\",\"item\":\"https:\\\/\\\/www.krafthand.de\\\/truck\\\/\"},{\"@type\":\"ListItem\",\"position\":2,\"name\":\"Nfz-Service\",\"item\":\"https:\\\/\\\/www.krafthand.de\\\/truck\\\/kategorie\\\/nfz-service\\\/\"},{\"@type\":\"ListItem\",\"position\":3,\"name\":\"Werkstattausr\u00fcstung\",\"item\":\"https:\\\/\\\/www.krafthand.de\\\/truck\\\/kategorie\\\/nfz-service\\\/werkstattausruestung\\\/\"},{\"@type\":\"ListItem\",\"position\":4,\"name\":\"K\u00e4rcher: Trockeneisstrahler mit richtig Power\"}]},{\"@type\":\"WebSite\",\"@id\":\"https:\\\/\\\/www.krafthand.de\\\/truck\\\/#website\",\"url\":\"https:\\\/\\\/www.krafthand.de\\\/truck\\\/\",\"name\":\"Krafthand-Truck\",\"description\":\"\",\"potentialAction\":[{\"@type\":\"SearchAction\",\"target\":{\"@type\":\"EntryPoint\",\"urlTemplate\":\"https:\\\/\\\/www.krafthand.de\\\/truck\\\/?s={search_term_string}\"},\"query-input\":{\"@type\":\"PropertyValueSpecification\",\"valueRequired\":true,\"valueName\":\"search_term_string\"}}],\"inLanguage\":\"de\"},{\"@type\":\"Person\",\"@id\":\"https:\\\/\\\/www.krafthand.de\\\/truck\\\/#\\\/schema\\\/person\\\/51fa80b1c57034c4bf63f9f988fc24ce\",\"name\":\"georg.blenk@krafthand-medien.de\",\"image\":{\"@type\":\"ImageObject\",\"inLanguage\":\"de\",\"@id\":\"https:\\\/\\\/secure.gravatar.com\\\/avatar\\\/93713c30affe0aa95d3a4130e499bb1abee2eb31adbdd9ce2aa1543538490215?s=96&d=mm&r=g\",\"url\":\"https:\\\/\\\/secure.gravatar.com\\\/avatar\\\/93713c30affe0aa95d3a4130e499bb1abee2eb31adbdd9ce2aa1543538490215?s=96&d=mm&r=g\",\"contentUrl\":\"https:\\\/\\\/secure.gravatar.com\\\/avatar\\\/93713c30affe0aa95d3a4130e499bb1abee2eb31adbdd9ce2aa1543538490215?s=96&d=mm&r=g\",\"caption\":\"georg.blenk@krafthand-medien.de\"}}]}<\/script>\n<!-- \/ Yoast SEO plugin. -->","yoast_head_json":{"title":"K\u00e4rcher: Trockeneisstrahler mit richtig Power - Krafthand-Truck","description":"Teilereinigung: Das neue Trockeneisstrahlger\u00e4t IB 10\/15 L2P Advanced von K\u00e4rcher erzeugt selbst die Trockeneispellets.","robots":{"index":"index","follow":"follow","max-snippet":"max-snippet:-1","max-image-preview":"max-image-preview:large","max-video-preview":"max-video-preview:-1"},"canonical":"https:\/\/www.krafthand.de\/truck\/artikel\/kaercher-trockeneisstrahler-mit-richtig-power-39381\/","og_locale":"de_DE","og_type":"article","og_title":"K\u00e4rcher: Trockeneisstrahler mit richtig Power - Krafthand-Truck","og_description":"Teilereinigung: Das neue Trockeneisstrahlger\u00e4t IB 10\/15 L2P Advanced von K\u00e4rcher erzeugt selbst die Trockeneispellets.","og_url":"https:\/\/www.krafthand-truck.de\/artikel\/kaercher-trockeneisstrahler-mit-richtig-power-39381\/","og_site_name":"Krafthand-Truck","article_published_time":"2024-04-17T06:49:48+00:00","og_image":[{"width":800,"height":1045,"url":"https:\/\/static.krafthand-truck.de\/uploads\/2024\/04\/Kaercher_Trockeneisstrahlgeraet.jpg","type":"image\/jpeg"}],"author":"georg.blenk@krafthand-medien.de","twitter_card":"summary_large_image","twitter_misc":{"Verfasst von":"georg.blenk@krafthand-medien.de","Gesch\u00e4tzte Lesezeit":"3\u00a0Minuten"},"schema":{"@context":"https:\/\/schema.org","@graph":[{"@type":"Article","@id":"https:\/\/www.krafthand.de\/truck\/artikel\/kaercher-trockeneisstrahler-mit-richtig-power-39381\/#article","isPartOf":{"@id":"https:\/\/www.krafthand.de\/truck\/artikel\/kaercher-trockeneisstrahler-mit-richtig-power-39381\/"},"author":{"name":"georg.blenk@krafthand-medien.de","@id":"https:\/\/www.krafthand.de\/truck\/#\/schema\/person\/51fa80b1c57034c4bf63f9f988fc24ce"},"headline":"K\u00e4rcher: Trockeneisstrahler mit richtig Power","datePublished":"2024-04-17T06:49:48+00:00","mainEntityOfPage":{"@id":"https:\/\/www.krafthand.de\/truck\/artikel\/kaercher-trockeneisstrahler-mit-richtig-power-39381\/"},"wordCount":407,"image":{"@id":"https:\/\/www.krafthand.de\/truck\/artikel\/kaercher-trockeneisstrahler-mit-richtig-power-39381\/#primaryimage"},"thumbnailUrl":"https:\/\/static.krafthand-truck.de\/uploads\/2024\/04\/Kaercher_Trockeneisstrahlgeraet.jpg","keywords":["K\u00e4rcher","Trockeneis","Trockeneisstrahlger\u00e4t"],"articleSection":["Werkstattausr\u00fcstung"],"inLanguage":"de"},{"@type":"WebPage","@id":"https:\/\/www.krafthand.de\/truck\/artikel\/kaercher-trockeneisstrahler-mit-richtig-power-39381\/","url":"https:\/\/www.krafthand.de\/truck\/artikel\/kaercher-trockeneisstrahler-mit-richtig-power-39381\/","name":"K\u00e4rcher: Trockeneisstrahler mit richtig Power - Krafthand-Truck","isPartOf":{"@id":"https:\/\/www.krafthand.de\/truck\/#website"},"primaryImageOfPage":{"@id":"https:\/\/www.krafthand.de\/truck\/artikel\/kaercher-trockeneisstrahler-mit-richtig-power-39381\/#primaryimage"},"image":{"@id":"https:\/\/www.krafthand.de\/truck\/artikel\/kaercher-trockeneisstrahler-mit-richtig-power-39381\/#primaryimage"},"thumbnailUrl":"https:\/\/static.krafthand-truck.de\/uploads\/2024\/04\/Kaercher_Trockeneisstrahlgeraet.jpg","datePublished":"2024-04-17T06:49:48+00:00","author":{"@id":"https:\/\/www.krafthand.de\/truck\/#\/schema\/person\/51fa80b1c57034c4bf63f9f988fc24ce"},"description":"Teilereinigung: Das neue Trockeneisstrahlger\u00e4t IB 10\/15 L2P Advanced von K\u00e4rcher erzeugt selbst die Trockeneispellets.","breadcrumb":{"@id":"https:\/\/www.krafthand.de\/truck\/artikel\/kaercher-trockeneisstrahler-mit-richtig-power-39381\/#breadcrumb"},"inLanguage":"de","potentialAction":[{"@type":"ReadAction","target":["https:\/\/www.krafthand.de\/truck\/artikel\/kaercher-trockeneisstrahler-mit-richtig-power-39381\/"]}]},{"@type":"ImageObject","inLanguage":"de","@id":"https:\/\/www.krafthand.de\/truck\/artikel\/kaercher-trockeneisstrahler-mit-richtig-power-39381\/#primaryimage","url":"https:\/\/static.krafthand-truck.de\/uploads\/2024\/04\/Kaercher_Trockeneisstrahlgeraet.jpg","contentUrl":"https:\/\/static.krafthand-truck.de\/uploads\/2024\/04\/Kaercher_Trockeneisstrahlgeraet.jpg","width":800,"height":1045},{"@type":"BreadcrumbList","@id":"https:\/\/www.krafthand.de\/truck\/artikel\/kaercher-trockeneisstrahler-mit-richtig-power-39381\/#breadcrumb","itemListElement":[{"@type":"ListItem","position":1,"name":"Krafthand-Truck","item":"https:\/\/www.krafthand.de\/truck\/"},{"@type":"ListItem","position":2,"name":"Nfz-Service","item":"https:\/\/www.krafthand.de\/truck\/kategorie\/nfz-service\/"},{"@type":"ListItem","position":3,"name":"Werkstattausr\u00fcstung","item":"https:\/\/www.krafthand.de\/truck\/kategorie\/nfz-service\/werkstattausruestung\/"},{"@type":"ListItem","position":4,"name":"K\u00e4rcher: Trockeneisstrahler mit richtig Power"}]},{"@type":"WebSite","@id":"https:\/\/www.krafthand.de\/truck\/#website","url":"https:\/\/www.krafthand.de\/truck\/","name":"Krafthand-Truck","description":"","potentialAction":[{"@type":"SearchAction","target":{"@type":"EntryPoint","urlTemplate":"https:\/\/www.krafthand.de\/truck\/?s={search_term_string}"},"query-input":{"@type":"PropertyValueSpecification","valueRequired":true,"valueName":"search_term_string"}}],"inLanguage":"de"},{"@type":"Person","@id":"https:\/\/www.krafthand.de\/truck\/#\/schema\/person\/51fa80b1c57034c4bf63f9f988fc24ce","name":"georg.blenk@krafthand-medien.de","image":{"@type":"ImageObject","inLanguage":"de","@id":"https:\/\/secure.gravatar.com\/avatar\/93713c30affe0aa95d3a4130e499bb1abee2eb31adbdd9ce2aa1543538490215?s=96&d=mm&r=g","url":"https:\/\/secure.gravatar.com\/avatar\/93713c30affe0aa95d3a4130e499bb1abee2eb31adbdd9ce2aa1543538490215?s=96&d=mm&r=g","contentUrl":"https:\/\/secure.gravatar.com\/avatar\/93713c30affe0aa95d3a4130e499bb1abee2eb31adbdd9ce2aa1543538490215?s=96&d=mm&r=g","caption":"georg.blenk@krafthand-medien.de"}}]}},"_links":{"self":[{"href":"https:\/\/www.krafthand.de\/truck\/wp-json\/wp\/v2\/posts\/39381","targetHints":{"allow":["GET"]}}],"collection":[{"href":"https:\/\/www.krafthand.de\/truck\/wp-json\/wp\/v2\/posts"}],"about":[{"href":"https:\/\/www.krafthand.de\/truck\/wp-json\/wp\/v2\/types\/post"}],"author":[{"embeddable":true,"href":"https:\/\/www.krafthand.de\/truck\/wp-json\/wp\/v2\/users\/9"}],"replies":[{"embeddable":true,"href":"https:\/\/www.krafthand.de\/truck\/wp-json\/wp\/v2\/comments?post=39381"}],"version-history":[{"count":1,"href":"https:\/\/www.krafthand.de\/truck\/wp-json\/wp\/v2\/posts\/39381\/revisions"}],"predecessor-version":[{"id":39383,"href":"https:\/\/www.krafthand.de\/truck\/wp-json\/wp\/v2\/posts\/39381\/revisions\/39383"}],"wp:featuredmedia":[{"embeddable":true,"href":"https:\/\/www.krafthand.de\/truck\/wp-json\/wp\/v2\/media\/39382"}],"wp:attachment":[{"href":"https:\/\/www.krafthand.de\/truck\/wp-json\/wp\/v2\/media?parent=39381"}],"wp:term":[{"taxonomy":"category","embeddable":true,"href":"https:\/\/www.krafthand.de\/truck\/wp-json\/wp\/v2\/categories?post=39381"},{"taxonomy":"post_tag","embeddable":true,"href":"https:\/\/www.krafthand.de\/truck\/wp-json\/wp\/v2\/tags?post=39381"},{"taxonomy":"settings","embeddable":true,"href":"https:\/\/www.krafthand.de\/truck\/wp-json\/wp\/v2\/settings?post=39381"}],"curies":[{"name":"wp","href":"https:\/\/api.w.org\/{rel}","templated":true}]}}