{"id":39372,"date":"2024-04-15T16:10:24","date_gmt":"2024-04-15T14:10:24","guid":{"rendered":"https:\/\/www.krafthand.de\/truck\/?p=39372"},"modified":"2024-04-15T16:16:04","modified_gmt":"2024-04-15T14:16:04","slug":"daimler-truck-neuer-servicestandort-in-aschheim-bei-muenchen","status":"publish","type":"post","link":"https:\/\/www.krafthand.de\/truck\/artikel\/daimler-truck-neuer-servicestandort-in-aschheim-bei-muenchen-39372\/","title":{"rendered":"Daimler Truck: Spatenstich f\u00fcr neues Nutzfahrzeugzentrum in Aschheim bei M\u00fcnchen"},"content":{"rendered":"<p>In Aschheim bei M\u00fcnchen entsteht ein neues Daimler Truck Nutzfahrzeugzentrum. Am vergangenen Freitag fand im Beisein des stellvertretenden B\u00fcrgermeisters von Aschheim, Robert Ertl der offizielle Spatenstich statt. F\u00fcr den Bauherren Daimler Truck Real Estate nahm Mathea Hala als Projektleiterin an der Veranstaltung teil. Als Verantwortliche f\u00fcr den konzerneignen Vertrieb waren Volker H\u00fcntrup und Stefan Heinz anwesend. Markus Mitterhusen, Centerleiter des Betriebes, hat die G\u00e4ste als lokal Verantwortlicher begr\u00fc\u00dft und die wichtigsten Informationen des Bauvorhabens vorgestellt.<\/p>\n<p>Das Nutzfahrzeugzentrum in Aschheim entsteht auf einem 44.500 Quadratmeter gro\u00dfen Grundst\u00fcck an der Klausnerstra\u00dfe 44-48 im Gewerbegebiet. Der Standort wird von Beginn an auch auf Nutzfahrzeuge, die von Batterie- und Brennstoffzellen-Technologie angetrieben werden, ausgelegt sein. Ab 2025 soll in Aschheim der Vertrieb und Service von Lkw der Marken Mercedes-Benz und FUSO sowie Service von Bussen der Marken Mercedes-Benz und Setra und von Mercedes-Benz Transportern angeboten werden. Der Standort wird zudem als Mietst\u00fctzpunkt f\u00fcr CharterWay-Fahrzeuge fungieren.<\/p>\n<figure id=\"attachment_39376\" aria-describedby=\"caption-attachment-39376\" style=\"width: 420px\" class=\"wp-caption alignleft\"><a href=\"https:\/\/static.krafthand-truck.de\/uploads\/2024\/04\/Daimler_Truck_Nutzfahrzeugzentrum_Aschheim.jpg\" target=\"_blank\" rel=\"noopener\"><img fetchpriority=\"high\" decoding=\"async\" class=\"wp-image-39376\" src=\"https:\/\/static.krafthand-truck.de\/uploads\/2024\/04\/Daimler_Truck_Nutzfahrzeugzentrum_Aschheim-300x200.jpg\" alt=\"\" width=\"420\" height=\"280\" srcset=\"https:\/\/static.krafthand-truck.de\/uploads\/2024\/04\/Daimler_Truck_Nutzfahrzeugzentrum_Aschheim-300x200.jpg 300w, https:\/\/static.krafthand-truck.de\/uploads\/2024\/04\/Daimler_Truck_Nutzfahrzeugzentrum_Aschheim-1024x683.jpg 1024w, https:\/\/static.krafthand-truck.de\/uploads\/2024\/04\/Daimler_Truck_Nutzfahrzeugzentrum_Aschheim-768x512.jpg 768w, https:\/\/static.krafthand-truck.de\/uploads\/2024\/04\/Daimler_Truck_Nutzfahrzeugzentrum_Aschheim.jpg 1200w\" sizes=\"(max-width: 420px) 100vw, 420px\" \/><\/a><figcaption id=\"caption-attachment-39376\" class=\"wp-caption-text\">Der neue Betrieb soll auf einer Werkstattfl\u00e4che von rund 3.200 Quadratmetern durch modernste Technik \u00fcberzeugen.<\/figcaption><\/figure>\n<p>Im Neubau werden rund 100 Mitarbeiterinnen und Mitarbeiter eine individuelle und umfassende Betreuung der <a href=\"https:\/\/www.mercedes-benz-trucks.com\/de_DE\/home.html\" target=\"_blank\" rel=\"noopener\">Mercedes-Benz<\/a> Nutzfahrzeugkunden aus der Region in hochmodernem Ambiente bieten. Die Lage direkt an der A99 an der Anschlussstelle Kirchheim bei M\u00fcnchen erm\u00f6glicht eine optimale Anbindung an die bereits vorhandene Infrastruktur &#8211; auch f\u00fcr den Fernverkehr.<br \/>\nBesonders im Service-Bereich soll der Betrieb auf einer <strong>Werkstattfl\u00e4che von rund 3.200 Quadratmetern<\/strong> durch modernste Technik \u00fcberzeugen, zum Beispiel durch einen hochmodernen Dacharbeitsplatz f\u00fcr Busse oder optimal ausgestattete Hochvoltarbeitspl\u00e4tze, die speziell f\u00fcr die Reparaturen von Elektrofahrzeugen vorgesehen sind.<\/p>\n<blockquote><p>\u201eDie Weiterentwicklung des konzerneigenen Vertriebsnetzes ist ein wichtiger Baustein unserer Strategie. In den vergangenen Monaten haben wir f\u00fcnf weitere Nutzfahrzeugzentren in Betrieb genommen: in Haan bei Wuppertal, Piacenza und Brescia in Italien, Velk\u00fd T\u00fdnec in Tschechien und zuletzt im M\u00e4rz in Stuttgart. Der Bau beziehungsweise die Modernisierung weiterer Standorte in Hamburg, W\u00fcrzburg und Koblenz ist in Planung.Das Lkw-Gesch\u00e4ft ist grunds\u00e4tzlich sehr komplex, beratungsintensiv und durch starke Beziehungen zwischen uns und unseren Kunden gepr\u00e4gt. \u00dcber unsere konzerneigenen Handelsbetriebe und Standorte stehen wir im engen Austausch mit unseren Kunden und k\u00f6nnen unsere Produkte und Services st\u00e4ndig kundengerecht weiterentwickeln. Wir sind aus diesem Grund zutiefst davon \u00fcberzeugt, dass unsere Own Retail Betriebe auch in Zukunft erfolgskritisch f\u00fcr unser Gesch\u00e4ft sind und investieren weiter massiv in die Zukunft unserer Standorte&#8220;, so Volker H\u00fcntrup, Leiter Own Retail Europa bei Mercedes-Benz Trucks.<\/p><\/blockquote>\n","protected":false},"excerpt":{"rendered":"<p>In Aschheim bei M\u00fcnchen entsteht ein neues Daimler Truck Nutzfahrzeugzentrum. Am vergangenen Freitag fand im Beisein des stellvertretenden B\u00fcrgermeisters von Aschheim, Robert Ertl der offizielle Spatenstich statt. F\u00fcr den Bauherren Daimler Truck Real Estate nahm Mathea Hala als Projektleiterin an der Veranstaltung teil. Als Verantwortliche f\u00fcr den konzerneignen Vertrieb waren Volker H\u00fcntrup und Stefan Heinz <span class=\"excerpt-more__dots\">&#8230;<\/span> <a class=\"excerpt-more__link\" href=\"https:\/\/www.krafthand.de\/truck\/artikel\/daimler-truck-neuer-servicestandort-in-aschheim-bei-muenchen-39372\/\" >weiter<\/a><\/p>\n","protected":false},"author":9,"featured_media":39375,"comment_status":"closed","ping_status":"closed","sticky":false,"template":"","format":"standard","meta":{"footnotes":""},"categories":[4235],"tags":[5916,4492,5879,1153],"settings":[4766,3523],"class_list":["post-39372","post","type-post","status-publish","format-standard","has-post-thumbnail","hentry","category-unternehmen","tag-aschheim","tag-daimler-truck","tag-lkw-service","tag-nutzfahrzeugzentrum"],"yoast_head":"<!-- This site is optimized with the Yoast SEO plugin v27.3 - https:\/\/yoast.com\/product\/yoast-seo-wordpress\/ -->\n<title>Daimler Truck: Spatenstich f\u00fcr neues Nutzfahrzeugzentrum in Aschheim bei M\u00fcnchen - Krafthand-Truck<\/title>\n<meta name=\"robots\" content=\"index, follow, max-snippet:-1, max-image-preview:large, max-video-preview:-1\" \/>\n<link rel=\"canonical\" href=\"https:\/\/www.krafthand.de\/truck\/artikel\/daimler-truck-neuer-servicestandort-in-aschheim-bei-muenchen-39372\/\" \/>\n<meta property=\"og:locale\" content=\"de_DE\" \/>\n<meta property=\"og:type\" content=\"article\" \/>\n<meta property=\"og:title\" content=\"Daimler Truck: Spatenstich f\u00fcr neues Nutzfahrzeugzentrum in Aschheim bei M\u00fcnchen - Krafthand-Truck\" \/>\n<meta property=\"og:description\" content=\"In Aschheim bei M\u00fcnchen entsteht ein neues Daimler Truck Nutzfahrzeugzentrum. Am vergangenen Freitag fand im Beisein des stellvertretenden B\u00fcrgermeisters von Aschheim, Robert Ertl der offizielle Spatenstich statt. F\u00fcr den Bauherren Daimler Truck Real Estate nahm Mathea Hala als Projektleiterin an der Veranstaltung teil. Als Verantwortliche f\u00fcr den konzerneignen Vertrieb waren Volker H\u00fcntrup und Stefan Heinz ... weiter\" \/>\n<meta property=\"og:url\" content=\"https:\/\/www.krafthand-truck.de\/artikel\/daimler-truck-neuer-servicestandort-in-aschheim-bei-muenchen-39372\/\" \/>\n<meta property=\"og:site_name\" content=\"Krafthand-Truck\" \/>\n<meta property=\"article:published_time\" content=\"2024-04-15T14:10:24+00:00\" \/>\n<meta property=\"article:modified_time\" content=\"2024-04-15T14:16:04+00:00\" \/>\n<meta property=\"og:image\" content=\"https:\/\/static.krafthand-truck.de\/uploads\/2024\/04\/Daimler_Truck_Spatenstich_Servicezentrum_Aschheim.jpg\" \/>\n\t<meta property=\"og:image:width\" content=\"1200\" \/>\n\t<meta property=\"og:image:height\" content=\"826\" \/>\n\t<meta property=\"og:image:type\" content=\"image\/jpeg\" \/>\n<meta name=\"author\" content=\"georg.blenk@krafthand-medien.de\" \/>\n<meta name=\"twitter:card\" content=\"summary_large_image\" \/>\n<meta name=\"twitter:label1\" content=\"Verfasst von\" \/>\n\t<meta name=\"twitter:data1\" content=\"georg.blenk@krafthand-medien.de\" \/>\n\t<meta name=\"twitter:label2\" content=\"Gesch\u00e4tzte Lesezeit\" \/>\n\t<meta name=\"twitter:data2\" content=\"2\u00a0Minuten\" \/>\n<script type=\"application\/ld+json\" class=\"yoast-schema-graph\">{\"@context\":\"https:\\\/\\\/schema.org\",\"@graph\":[{\"@type\":\"Article\",\"@id\":\"https:\\\/\\\/www.krafthand.de\\\/truck\\\/artikel\\\/daimler-truck-neuer-servicestandort-in-aschheim-bei-muenchen-39372\\\/#article\",\"isPartOf\":{\"@id\":\"https:\\\/\\\/www.krafthand.de\\\/truck\\\/artikel\\\/daimler-truck-neuer-servicestandort-in-aschheim-bei-muenchen-39372\\\/\"},\"author\":{\"name\":\"georg.blenk@krafthand-medien.de\",\"@id\":\"https:\\\/\\\/www.krafthand.de\\\/truck\\\/#\\\/schema\\\/person\\\/51fa80b1c57034c4bf63f9f988fc24ce\"},\"headline\":\"Daimler Truck: Spatenstich f\u00fcr neues Nutzfahrzeugzentrum in Aschheim bei M\u00fcnchen\",\"datePublished\":\"2024-04-15T14:10:24+00:00\",\"dateModified\":\"2024-04-15T14:16:04+00:00\",\"mainEntityOfPage\":{\"@id\":\"https:\\\/\\\/www.krafthand.de\\\/truck\\\/artikel\\\/daimler-truck-neuer-servicestandort-in-aschheim-bei-muenchen-39372\\\/\"},\"wordCount\":435,\"image\":{\"@id\":\"https:\\\/\\\/www.krafthand.de\\\/truck\\\/artikel\\\/daimler-truck-neuer-servicestandort-in-aschheim-bei-muenchen-39372\\\/#primaryimage\"},\"thumbnailUrl\":\"https:\\\/\\\/static.krafthand-truck.de\\\/uploads\\\/2024\\\/04\\\/Daimler_Truck_Spatenstich_Servicezentrum_Aschheim.jpg\",\"keywords\":[\"Aschheim\",\"Daimler Truck\",\"Lkw-Service\",\"Nutzfahrzeugzentrum\"],\"articleSection\":[\"Unternehmen\"],\"inLanguage\":\"de\"},{\"@type\":\"WebPage\",\"@id\":\"https:\\\/\\\/www.krafthand.de\\\/truck\\\/artikel\\\/daimler-truck-neuer-servicestandort-in-aschheim-bei-muenchen-39372\\\/\",\"url\":\"https:\\\/\\\/www.krafthand.de\\\/truck\\\/artikel\\\/daimler-truck-neuer-servicestandort-in-aschheim-bei-muenchen-39372\\\/\",\"name\":\"Daimler Truck: Spatenstich f\u00fcr neues Nutzfahrzeugzentrum in Aschheim bei M\u00fcnchen - Krafthand-Truck\",\"isPartOf\":{\"@id\":\"https:\\\/\\\/www.krafthand.de\\\/truck\\\/#website\"},\"primaryImageOfPage\":{\"@id\":\"https:\\\/\\\/www.krafthand.de\\\/truck\\\/artikel\\\/daimler-truck-neuer-servicestandort-in-aschheim-bei-muenchen-39372\\\/#primaryimage\"},\"image\":{\"@id\":\"https:\\\/\\\/www.krafthand.de\\\/truck\\\/artikel\\\/daimler-truck-neuer-servicestandort-in-aschheim-bei-muenchen-39372\\\/#primaryimage\"},\"thumbnailUrl\":\"https:\\\/\\\/static.krafthand-truck.de\\\/uploads\\\/2024\\\/04\\\/Daimler_Truck_Spatenstich_Servicezentrum_Aschheim.jpg\",\"datePublished\":\"2024-04-15T14:10:24+00:00\",\"dateModified\":\"2024-04-15T14:16:04+00:00\",\"author\":{\"@id\":\"https:\\\/\\\/www.krafthand.de\\\/truck\\\/#\\\/schema\\\/person\\\/51fa80b1c57034c4bf63f9f988fc24ce\"},\"breadcrumb\":{\"@id\":\"https:\\\/\\\/www.krafthand.de\\\/truck\\\/artikel\\\/daimler-truck-neuer-servicestandort-in-aschheim-bei-muenchen-39372\\\/#breadcrumb\"},\"inLanguage\":\"de\",\"potentialAction\":[{\"@type\":\"ReadAction\",\"target\":[\"https:\\\/\\\/www.krafthand.de\\\/truck\\\/artikel\\\/daimler-truck-neuer-servicestandort-in-aschheim-bei-muenchen-39372\\\/\"]}]},{\"@type\":\"ImageObject\",\"inLanguage\":\"de\",\"@id\":\"https:\\\/\\\/www.krafthand.de\\\/truck\\\/artikel\\\/daimler-truck-neuer-servicestandort-in-aschheim-bei-muenchen-39372\\\/#primaryimage\",\"url\":\"https:\\\/\\\/static.krafthand-truck.de\\\/uploads\\\/2024\\\/04\\\/Daimler_Truck_Spatenstich_Servicezentrum_Aschheim.jpg\",\"contentUrl\":\"https:\\\/\\\/static.krafthand-truck.de\\\/uploads\\\/2024\\\/04\\\/Daimler_Truck_Spatenstich_Servicezentrum_Aschheim.jpg\",\"width\":1200,\"height\":826},{\"@type\":\"BreadcrumbList\",\"@id\":\"https:\\\/\\\/www.krafthand.de\\\/truck\\\/artikel\\\/daimler-truck-neuer-servicestandort-in-aschheim-bei-muenchen-39372\\\/#breadcrumb\",\"itemListElement\":[{\"@type\":\"ListItem\",\"position\":1,\"name\":\"Krafthand-Truck\",\"item\":\"https:\\\/\\\/www.krafthand.de\\\/truck\\\/\"},{\"@type\":\"ListItem\",\"position\":2,\"name\":\"Nfz-Branche\",\"item\":\"https:\\\/\\\/www.krafthand.de\\\/truck\\\/kategorie\\\/branche\\\/\"},{\"@type\":\"ListItem\",\"position\":3,\"name\":\"Unternehmen\",\"item\":\"https:\\\/\\\/www.krafthand.de\\\/truck\\\/kategorie\\\/branche\\\/unternehmen\\\/\"},{\"@type\":\"ListItem\",\"position\":4,\"name\":\"Daimler Truck: Spatenstich f\u00fcr neues Nutzfahrzeugzentrum in Aschheim bei M\u00fcnchen\"}]},{\"@type\":\"WebSite\",\"@id\":\"https:\\\/\\\/www.krafthand.de\\\/truck\\\/#website\",\"url\":\"https:\\\/\\\/www.krafthand.de\\\/truck\\\/\",\"name\":\"Krafthand-Truck\",\"description\":\"\",\"potentialAction\":[{\"@type\":\"SearchAction\",\"target\":{\"@type\":\"EntryPoint\",\"urlTemplate\":\"https:\\\/\\\/www.krafthand.de\\\/truck\\\/?s={search_term_string}\"},\"query-input\":{\"@type\":\"PropertyValueSpecification\",\"valueRequired\":true,\"valueName\":\"search_term_string\"}}],\"inLanguage\":\"de\"},{\"@type\":\"Person\",\"@id\":\"https:\\\/\\\/www.krafthand.de\\\/truck\\\/#\\\/schema\\\/person\\\/51fa80b1c57034c4bf63f9f988fc24ce\",\"name\":\"georg.blenk@krafthand-medien.de\",\"image\":{\"@type\":\"ImageObject\",\"inLanguage\":\"de\",\"@id\":\"https:\\\/\\\/secure.gravatar.com\\\/avatar\\\/93713c30affe0aa95d3a4130e499bb1abee2eb31adbdd9ce2aa1543538490215?s=96&d=mm&r=g\",\"url\":\"https:\\\/\\\/secure.gravatar.com\\\/avatar\\\/93713c30affe0aa95d3a4130e499bb1abee2eb31adbdd9ce2aa1543538490215?s=96&d=mm&r=g\",\"contentUrl\":\"https:\\\/\\\/secure.gravatar.com\\\/avatar\\\/93713c30affe0aa95d3a4130e499bb1abee2eb31adbdd9ce2aa1543538490215?s=96&d=mm&r=g\",\"caption\":\"georg.blenk@krafthand-medien.de\"}}]}<\/script>\n<!-- \/ Yoast SEO plugin. -->","yoast_head_json":{"title":"Daimler Truck: Spatenstich f\u00fcr neues Nutzfahrzeugzentrum in Aschheim bei M\u00fcnchen - Krafthand-Truck","robots":{"index":"index","follow":"follow","max-snippet":"max-snippet:-1","max-image-preview":"max-image-preview:large","max-video-preview":"max-video-preview:-1"},"canonical":"https:\/\/www.krafthand.de\/truck\/artikel\/daimler-truck-neuer-servicestandort-in-aschheim-bei-muenchen-39372\/","og_locale":"de_DE","og_type":"article","og_title":"Daimler Truck: Spatenstich f\u00fcr neues Nutzfahrzeugzentrum in Aschheim bei M\u00fcnchen - Krafthand-Truck","og_description":"In Aschheim bei M\u00fcnchen entsteht ein neues Daimler Truck Nutzfahrzeugzentrum. Am vergangenen Freitag fand im Beisein des stellvertretenden B\u00fcrgermeisters von Aschheim, Robert Ertl der offizielle Spatenstich statt. F\u00fcr den Bauherren Daimler Truck Real Estate nahm Mathea Hala als Projektleiterin an der Veranstaltung teil. Als Verantwortliche f\u00fcr den konzerneignen Vertrieb waren Volker H\u00fcntrup und Stefan Heinz ... weiter","og_url":"https:\/\/www.krafthand-truck.de\/artikel\/daimler-truck-neuer-servicestandort-in-aschheim-bei-muenchen-39372\/","og_site_name":"Krafthand-Truck","article_published_time":"2024-04-15T14:10:24+00:00","article_modified_time":"2024-04-15T14:16:04+00:00","og_image":[{"width":1200,"height":826,"url":"https:\/\/static.krafthand-truck.de\/uploads\/2024\/04\/Daimler_Truck_Spatenstich_Servicezentrum_Aschheim.jpg","type":"image\/jpeg"}],"author":"georg.blenk@krafthand-medien.de","twitter_card":"summary_large_image","twitter_misc":{"Verfasst von":"georg.blenk@krafthand-medien.de","Gesch\u00e4tzte Lesezeit":"2\u00a0Minuten"},"schema":{"@context":"https:\/\/schema.org","@graph":[{"@type":"Article","@id":"https:\/\/www.krafthand.de\/truck\/artikel\/daimler-truck-neuer-servicestandort-in-aschheim-bei-muenchen-39372\/#article","isPartOf":{"@id":"https:\/\/www.krafthand.de\/truck\/artikel\/daimler-truck-neuer-servicestandort-in-aschheim-bei-muenchen-39372\/"},"author":{"name":"georg.blenk@krafthand-medien.de","@id":"https:\/\/www.krafthand.de\/truck\/#\/schema\/person\/51fa80b1c57034c4bf63f9f988fc24ce"},"headline":"Daimler Truck: Spatenstich f\u00fcr neues Nutzfahrzeugzentrum in Aschheim bei M\u00fcnchen","datePublished":"2024-04-15T14:10:24+00:00","dateModified":"2024-04-15T14:16:04+00:00","mainEntityOfPage":{"@id":"https:\/\/www.krafthand.de\/truck\/artikel\/daimler-truck-neuer-servicestandort-in-aschheim-bei-muenchen-39372\/"},"wordCount":435,"image":{"@id":"https:\/\/www.krafthand.de\/truck\/artikel\/daimler-truck-neuer-servicestandort-in-aschheim-bei-muenchen-39372\/#primaryimage"},"thumbnailUrl":"https:\/\/static.krafthand-truck.de\/uploads\/2024\/04\/Daimler_Truck_Spatenstich_Servicezentrum_Aschheim.jpg","keywords":["Aschheim","Daimler Truck","Lkw-Service","Nutzfahrzeugzentrum"],"articleSection":["Unternehmen"],"inLanguage":"de"},{"@type":"WebPage","@id":"https:\/\/www.krafthand.de\/truck\/artikel\/daimler-truck-neuer-servicestandort-in-aschheim-bei-muenchen-39372\/","url":"https:\/\/www.krafthand.de\/truck\/artikel\/daimler-truck-neuer-servicestandort-in-aschheim-bei-muenchen-39372\/","name":"Daimler Truck: Spatenstich f\u00fcr neues Nutzfahrzeugzentrum in Aschheim bei M\u00fcnchen - Krafthand-Truck","isPartOf":{"@id":"https:\/\/www.krafthand.de\/truck\/#website"},"primaryImageOfPage":{"@id":"https:\/\/www.krafthand.de\/truck\/artikel\/daimler-truck-neuer-servicestandort-in-aschheim-bei-muenchen-39372\/#primaryimage"},"image":{"@id":"https:\/\/www.krafthand.de\/truck\/artikel\/daimler-truck-neuer-servicestandort-in-aschheim-bei-muenchen-39372\/#primaryimage"},"thumbnailUrl":"https:\/\/static.krafthand-truck.de\/uploads\/2024\/04\/Daimler_Truck_Spatenstich_Servicezentrum_Aschheim.jpg","datePublished":"2024-04-15T14:10:24+00:00","dateModified":"2024-04-15T14:16:04+00:00","author":{"@id":"https:\/\/www.krafthand.de\/truck\/#\/schema\/person\/51fa80b1c57034c4bf63f9f988fc24ce"},"breadcrumb":{"@id":"https:\/\/www.krafthand.de\/truck\/artikel\/daimler-truck-neuer-servicestandort-in-aschheim-bei-muenchen-39372\/#breadcrumb"},"inLanguage":"de","potentialAction":[{"@type":"ReadAction","target":["https:\/\/www.krafthand.de\/truck\/artikel\/daimler-truck-neuer-servicestandort-in-aschheim-bei-muenchen-39372\/"]}]},{"@type":"ImageObject","inLanguage":"de","@id":"https:\/\/www.krafthand.de\/truck\/artikel\/daimler-truck-neuer-servicestandort-in-aschheim-bei-muenchen-39372\/#primaryimage","url":"https:\/\/static.krafthand-truck.de\/uploads\/2024\/04\/Daimler_Truck_Spatenstich_Servicezentrum_Aschheim.jpg","contentUrl":"https:\/\/static.krafthand-truck.de\/uploads\/2024\/04\/Daimler_Truck_Spatenstich_Servicezentrum_Aschheim.jpg","width":1200,"height":826},{"@type":"BreadcrumbList","@id":"https:\/\/www.krafthand.de\/truck\/artikel\/daimler-truck-neuer-servicestandort-in-aschheim-bei-muenchen-39372\/#breadcrumb","itemListElement":[{"@type":"ListItem","position":1,"name":"Krafthand-Truck","item":"https:\/\/www.krafthand.de\/truck\/"},{"@type":"ListItem","position":2,"name":"Nfz-Branche","item":"https:\/\/www.krafthand.de\/truck\/kategorie\/branche\/"},{"@type":"ListItem","position":3,"name":"Unternehmen","item":"https:\/\/www.krafthand.de\/truck\/kategorie\/branche\/unternehmen\/"},{"@type":"ListItem","position":4,"name":"Daimler Truck: Spatenstich f\u00fcr neues Nutzfahrzeugzentrum in Aschheim bei M\u00fcnchen"}]},{"@type":"WebSite","@id":"https:\/\/www.krafthand.de\/truck\/#website","url":"https:\/\/www.krafthand.de\/truck\/","name":"Krafthand-Truck","description":"","potentialAction":[{"@type":"SearchAction","target":{"@type":"EntryPoint","urlTemplate":"https:\/\/www.krafthand.de\/truck\/?s={search_term_string}"},"query-input":{"@type":"PropertyValueSpecification","valueRequired":true,"valueName":"search_term_string"}}],"inLanguage":"de"},{"@type":"Person","@id":"https:\/\/www.krafthand.de\/truck\/#\/schema\/person\/51fa80b1c57034c4bf63f9f988fc24ce","name":"georg.blenk@krafthand-medien.de","image":{"@type":"ImageObject","inLanguage":"de","@id":"https:\/\/secure.gravatar.com\/avatar\/93713c30affe0aa95d3a4130e499bb1abee2eb31adbdd9ce2aa1543538490215?s=96&d=mm&r=g","url":"https:\/\/secure.gravatar.com\/avatar\/93713c30affe0aa95d3a4130e499bb1abee2eb31adbdd9ce2aa1543538490215?s=96&d=mm&r=g","contentUrl":"https:\/\/secure.gravatar.com\/avatar\/93713c30affe0aa95d3a4130e499bb1abee2eb31adbdd9ce2aa1543538490215?s=96&d=mm&r=g","caption":"georg.blenk@krafthand-medien.de"}}]}},"_links":{"self":[{"href":"https:\/\/www.krafthand.de\/truck\/wp-json\/wp\/v2\/posts\/39372","targetHints":{"allow":["GET"]}}],"collection":[{"href":"https:\/\/www.krafthand.de\/truck\/wp-json\/wp\/v2\/posts"}],"about":[{"href":"https:\/\/www.krafthand.de\/truck\/wp-json\/wp\/v2\/types\/post"}],"author":[{"embeddable":true,"href":"https:\/\/www.krafthand.de\/truck\/wp-json\/wp\/v2\/users\/9"}],"replies":[{"embeddable":true,"href":"https:\/\/www.krafthand.de\/truck\/wp-json\/wp\/v2\/comments?post=39372"}],"version-history":[{"count":6,"href":"https:\/\/www.krafthand.de\/truck\/wp-json\/wp\/v2\/posts\/39372\/revisions"}],"predecessor-version":[{"id":39380,"href":"https:\/\/www.krafthand.de\/truck\/wp-json\/wp\/v2\/posts\/39372\/revisions\/39380"}],"wp:featuredmedia":[{"embeddable":true,"href":"https:\/\/www.krafthand.de\/truck\/wp-json\/wp\/v2\/media\/39375"}],"wp:attachment":[{"href":"https:\/\/www.krafthand.de\/truck\/wp-json\/wp\/v2\/media?parent=39372"}],"wp:term":[{"taxonomy":"category","embeddable":true,"href":"https:\/\/www.krafthand.de\/truck\/wp-json\/wp\/v2\/categories?post=39372"},{"taxonomy":"post_tag","embeddable":true,"href":"https:\/\/www.krafthand.de\/truck\/wp-json\/wp\/v2\/tags?post=39372"},{"taxonomy":"settings","embeddable":true,"href":"https:\/\/www.krafthand.de\/truck\/wp-json\/wp\/v2\/settings?post=39372"}],"curies":[{"name":"wp","href":"https:\/\/api.w.org\/{rel}","templated":true}]}}