{"id":39355,"date":"2024-04-12T12:39:47","date_gmt":"2024-04-12T10:39:47","guid":{"rendered":"https:\/\/www.krafthand.de\/truck\/?p=39355"},"modified":"2024-04-12T12:42:19","modified_gmt":"2024-04-12T10:42:19","slug":"man-umfangreiche-erweiterung-des-etruck-portfolios","status":"publish","type":"post","link":"https:\/\/www.krafthand.de\/truck\/artikel\/man-umfangreiche-erweiterung-des-etruck-portfolios-39355\/","title":{"rendered":"MAN: Umfangreiche Erweiterung des eTruck-Portfolios"},"content":{"rendered":"<p>MAN Truck &amp; Bus erweitert das eTruck-Portfolio f\u00fcr seine Kunden deutlich. Die Zahl konfigurierbarer eTruck-Varianten soll laut MAN zufolge auf \u00fcber eine Million (!) von zuvor drei festgelegten Kundenkombinationen ansteigen. Die neuen Fahrgestell-Versionen des eTGX und eTGS lassen sich demnach mit einer Vielzahl an Radst\u00e4nden, Fahrerhausversionen, Motor-Leistungsklassen, Batteriekombinationen, Ladeanschlusspositionen und zahlreichen weiteren branchentypischen Ausstattungen hochgradig individuell konfigurieren.<\/p>\n<h3>Neues Fahrgestellangebot zur IFAT<\/h3>\n<p><a href=\"https:\/\/www.man.eu\/de\/de\/homepage.html\" target=\"_blank\" rel=\"noopener\">MAN<\/a> f\u00fchrt das neue 4&#215;2- und 6&#215;2-Fahrgestellangebot p\u00fcnktlich zur <a href=\"https:\/\/ifat.de\/de\/\" target=\"_blank\" rel=\"noopener\">IFAT<\/a> ein, der Weltleitmesse f\u00fcr Wasser , Abwasser-, Abfall- und Rohstoffwirtschaft, die vom 13. bis 17. Mai 2024 in M\u00fcnchen stattfindet. Die Fahrgestell-Versionen des eTGX und eTGS sind laut MAN die ideale Fahrzeugbasis f\u00fcr die gro\u00dfe Vielfalt der Einsatzbedarfe in Kommunal- und Versorgungswirtschaft. MAN prognostiziert zudem eine Nutzungsdauer von bis zu 1,6 Millionen Kilometern oder bis zu 15 Jahren, je nach Art der Anwendung. Die verbauten Batterien seien langlebig und f\u00fcr den Einsatz in Kommunen \u00e4u\u00dferst geeignet.<\/p>\n<h3>Aufbaul\u00f6sungen und Nebenantriebe<\/h3>\n<p>Der eTGX oder der eTGS k\u00f6nnen mit drei, vier, f\u00fcnf oder sechs modular kombinierbaren und variabel positionierbaren Batterien best\u00fcckt werden. Die 18- bis 28 Tonnen-Fahrgestelle bieten mit ihren wahlweise 333, 449 oder 544 elektrischen PS genug Leistung. Hinzu kommen laut MAN flexible Freir\u00e4ume f\u00fcr Aufbaukomponenten am Fahrzeugrahmen, eine Vielzahl an mechanischen und elektrischen Antrieben f\u00fcr Aufbaufunktionen in verschiedenen Leistungsklassen und bis zu neun verschiedene Radst\u00e4nde. M\u00f6glich sind zudem sechs Fahrerhausvarianten, gelenkte und ungelenkte Nachlaufachsen, Blattluft- und Volluftfederungen, speziell auf die jeweilige Anwendung abgestimmte Fahrprogramme und zahlreiche weitere branchentypische Ausstattungen.<br \/>\nAbfallsammelfahrzeuge als Heck- oder Seitenlader, Abroll- und Absetzkipper zum Beispiel f\u00fcr Bauschuttmulden, Pritschenfahrzeuge, Dreiseitenkipper und Krankipper f\u00fcr den Baustofftransport aber auch Schneer\u00e4umfahrzeuge oder Hubarbeitsb\u00fchnen seien neben vielen anderen Aufbaul\u00f6sungen damit auf den neuen MAN eTruck-Fahrgestellen unkompliziert realisierbar.<br \/>\nAuch f\u00fcr den k\u00fcrzesten Radstand von 3,75 Meter sind f\u00fcnf Batterien mit bis zu 400 kWh nutzbarer Kapazit\u00e4t verf\u00fcgbar. Das entspricht laut MAN bis zu 500 Kilometern <strong>Reichweite<\/strong> ohne Zwischenladen. Typische Tagesfahrleistungen in Kommunal- und Entsorgungsanwendungen sind so auch mit geringerer Batterieanzahl m\u00f6glich. Im Gegenzug steigt die verf\u00fcgbare Nutzlast um bis zu 2.400 Kilogramm.<\/p>\n<h3>eMobility-Beratung von MAN<\/h3>\n<p>Passend zum neuen eTruck Angebot pr\u00e4sentiert MAN auf der IFAT das 360 Grad eMobility-Consulting. Die Beratung zum Umstieg auf Elektromobilit\u00e4t umfasst unter anderem kundenspezifische Analysen zu Fahrzeugeinsatz und Ladeinfrastrukturbedarf. \u00dcber Kooperationen mit Ladeinfrastrukturausr\u00fcstern geh\u00f6ren auch die Lades\u00e4ulen selbst zum Angebot. Zudem stehen speziell auf Elektromobilit\u00e4t und den Bedarf der Umwelttechnologie-Branche zugeschnittene Servicevertr\u00e4ge und Finanzierungsl\u00f6sungen sowie zahlreiche digitale Services f\u00fcr den Einsatz der neuen Elektro-L\u00f6wen bereit.<\/p>\n<h3>Was MAN auf der IFAT zeigt<\/h3>\n<p>Neben einem neuen MAN eTGS mit Abrollkipperaufbau zeigt MAN auf der IFAT seine Fahrzeug-Expertise f\u00fcr verschiedenste Umwelttechnik-Aufbauten auch anhand konventionell angetriebener Exponate. Ein kompakter und wendiger Abfallsammler f\u00fcr Innenst\u00e4dte und Fu\u00dfg\u00e4ngerzonen auf Basis des Transporters MAN TGE und ein TGM mit Winterdienstausr\u00fcstung vertreten die Tonnageklassen von 3,5 bis 18 Tonnen. Das Angebot an branchenspezifischen Anpassungen von Fahrgestell und Kabine stellt MAN Individual auf der IFAT vor.<br \/>\nAls Premiere im Bereich der Sicherheits- und Assistenzsysteme pr\u00e4sentiert MAN auf der Messe die Vereinbarkeit von Notbremsassistenzfunktion und Schneepfluganbauplatte. M\u00f6glich macht dies ein neu positionierter Radarsensor, der nicht von der an der Fahrzeugfront montierten Platte verdeckt wird. Weitere MAN Fahrzeuge mit innovativen Aufbaul\u00f6sungen sind auf den St\u00e4nden der Aufbauhersteller sowie in der Live-Demonstration \u201eVAK Truck in Action\u201c auf dem Messegel\u00e4nde zu sehen.<\/p>\n\r\n\t\t\t\t<div class=\"post-author\">\r\n\t\t\t\t\t<div class=\"khm-cp-author clearfix\">\r\n\t\t\t\t\t\t<div class=\"khm-cp-author__content\">\r\n\t\t\t\t\t\t\t\tKontakt zum Autor:<br \/>\r\n\t\t\t\t\t\t\t\t<strong>Georg Blenk<\/strong>, 08247 \/ 3007-45 |  <a href=\"mailto:georg.blenk@krafthand-medien.de\">georg.blenk@krafthand-medien.de<\/a>\r\n\t\t\t\t\t\t\t<div class=\"khm-cp-author__image\">\r\n\t\t\t\t\t\t<img src=\"https:\/\/static.krafthand-truck.de\/uploads\/2021\/01\/Blenk_6104-250x300-1-removebg-preview.png\" class=\"img-responsive\">\r\n\t\t\t\t\t<\/div>\r\n\t\t\t\t\t\t<\/div>\r\n\t\t\t\t\t<\/div>\r\n\t\t\t\t<\/div>\r\n\t\t\t\t","protected":false},"excerpt":{"rendered":"<p>MAN Truck &#038; Bus erweitert das eTruck-Portfolio f\u00fcr seine Kunden deutlich. Die Zahl konfigurierbarer eTruck-Varianten soll laut MAN zufolge auf \u00fcber eine Million von zuvor drei festgelegten Kundenkombinationen ansteigen. Ausgesuchte Fahrzeuge f\u00fcr den kommunalen Einsatz sind auf der Messe IFAT im Mai in M\u00fcnchen zu sehen. <span class=\"excerpt-more__dots\">&#8230;<\/span> <a class=\"excerpt-more__link\" href=\"https:\/\/www.krafthand.de\/truck\/artikel\/man-umfangreiche-erweiterung-des-etruck-portfolios-39355\/\" >weiter<\/a><\/p>\n","protected":false},"author":9,"featured_media":39357,"comment_status":"closed","ping_status":"closed","sticky":false,"template":"","format":"standard","meta":{"footnotes":""},"categories":[4224,4915,4236],"tags":[4177,5913,5912,152],"settings":[3524,4766,3523],"class_list":["post-39355","post","type-post","status-publish","format-standard","has-post-thumbnail","hentry","category-e-antrieb","category-neue-fahrzeuge","category-veranstaltungen","tag-e-lkw","tag-etgs","tag-etgx","tag-man"],"yoast_head":"<!-- This site is optimized with the Yoast SEO plugin v27.3 - https:\/\/yoast.com\/product\/yoast-seo-wordpress\/ -->\n<title>MAN: Umfangreiche Erweiterung des eTruck-Portfolios - Krafthand-Truck<\/title>\n<meta name=\"description\" content=\"MAN Truck &amp; Bus erweitert das eTruck-Portfolio f\u00fcr seine Kunden deutlich. Ausgesuchte Farzeuge sind auf IFAT in M\u00fcnchen zu sehen.\" \/>\n<meta name=\"robots\" content=\"index, follow, max-snippet:-1, max-image-preview:large, max-video-preview:-1\" \/>\n<link rel=\"canonical\" href=\"https:\/\/www.krafthand.de\/truck\/artikel\/man-umfangreiche-erweiterung-des-etruck-portfolios-39355\/\" \/>\n<meta property=\"og:locale\" content=\"de_DE\" \/>\n<meta property=\"og:type\" content=\"article\" \/>\n<meta property=\"og:title\" content=\"MAN: Umfangreiche Erweiterung des eTruck-Portfolios - Krafthand-Truck\" \/>\n<meta property=\"og:description\" content=\"MAN Truck &amp; Bus erweitert das eTruck-Portfolio f\u00fcr seine Kunden deutlich. Ausgesuchte Farzeuge sind auf IFAT in M\u00fcnchen zu sehen.\" \/>\n<meta property=\"og:url\" content=\"https:\/\/www.krafthand-truck.de\/artikel\/man-umfangreiche-erweiterung-des-etruck-portfolios-39355\/\" \/>\n<meta property=\"og:site_name\" content=\"Krafthand-Truck\" \/>\n<meta property=\"article:published_time\" content=\"2024-04-12T10:39:47+00:00\" \/>\n<meta property=\"article:modified_time\" content=\"2024-04-12T10:42:19+00:00\" \/>\n<meta property=\"og:image\" content=\"https:\/\/static.krafthand-truck.de\/uploads\/2024\/04\/MAN_eTruck_IFAT.jpg\" \/>\n\t<meta property=\"og:image:width\" content=\"1200\" \/>\n\t<meta property=\"og:image:height\" content=\"606\" \/>\n\t<meta property=\"og:image:type\" content=\"image\/jpeg\" \/>\n<meta name=\"author\" content=\"georg.blenk@krafthand-medien.de\" \/>\n<meta name=\"twitter:card\" content=\"summary_large_image\" \/>\n<meta name=\"twitter:label1\" content=\"Verfasst von\" \/>\n\t<meta name=\"twitter:data1\" content=\"georg.blenk@krafthand-medien.de\" \/>\n\t<meta name=\"twitter:label2\" content=\"Gesch\u00e4tzte Lesezeit\" \/>\n\t<meta name=\"twitter:data2\" content=\"4\u00a0Minuten\" \/>\n<script type=\"application\/ld+json\" class=\"yoast-schema-graph\">{\"@context\":\"https:\\\/\\\/schema.org\",\"@graph\":[{\"@type\":\"Article\",\"@id\":\"https:\\\/\\\/www.krafthand.de\\\/truck\\\/artikel\\\/man-umfangreiche-erweiterung-des-etruck-portfolios-39355\\\/#article\",\"isPartOf\":{\"@id\":\"https:\\\/\\\/www.krafthand.de\\\/truck\\\/artikel\\\/man-umfangreiche-erweiterung-des-etruck-portfolios-39355\\\/\"},\"author\":{\"name\":\"georg.blenk@krafthand-medien.de\",\"@id\":\"https:\\\/\\\/www.krafthand.de\\\/truck\\\/#\\\/schema\\\/person\\\/51fa80b1c57034c4bf63f9f988fc24ce\"},\"headline\":\"MAN: Umfangreiche Erweiterung des eTruck-Portfolios\",\"datePublished\":\"2024-04-12T10:39:47+00:00\",\"dateModified\":\"2024-04-12T10:42:19+00:00\",\"mainEntityOfPage\":{\"@id\":\"https:\\\/\\\/www.krafthand.de\\\/truck\\\/artikel\\\/man-umfangreiche-erweiterung-des-etruck-portfolios-39355\\\/\"},\"wordCount\":573,\"image\":{\"@id\":\"https:\\\/\\\/www.krafthand.de\\\/truck\\\/artikel\\\/man-umfangreiche-erweiterung-des-etruck-portfolios-39355\\\/#primaryimage\"},\"thumbnailUrl\":\"https:\\\/\\\/static.krafthand-truck.de\\\/uploads\\\/2024\\\/04\\\/MAN_eTruck_IFAT.jpg\",\"keywords\":[\"E-Lkw\",\"eTGS\",\"eTGX\",\"MAN\"],\"articleSection\":[\"E-Antrieb (BEV\\\/FCEV)\",\"Neue Fahrzeuge\",\"Veranstaltungen\\\/Messen\"],\"inLanguage\":\"de\"},{\"@type\":\"WebPage\",\"@id\":\"https:\\\/\\\/www.krafthand.de\\\/truck\\\/artikel\\\/man-umfangreiche-erweiterung-des-etruck-portfolios-39355\\\/\",\"url\":\"https:\\\/\\\/www.krafthand.de\\\/truck\\\/artikel\\\/man-umfangreiche-erweiterung-des-etruck-portfolios-39355\\\/\",\"name\":\"MAN: Umfangreiche Erweiterung des eTruck-Portfolios - Krafthand-Truck\",\"isPartOf\":{\"@id\":\"https:\\\/\\\/www.krafthand.de\\\/truck\\\/#website\"},\"primaryImageOfPage\":{\"@id\":\"https:\\\/\\\/www.krafthand.de\\\/truck\\\/artikel\\\/man-umfangreiche-erweiterung-des-etruck-portfolios-39355\\\/#primaryimage\"},\"image\":{\"@id\":\"https:\\\/\\\/www.krafthand.de\\\/truck\\\/artikel\\\/man-umfangreiche-erweiterung-des-etruck-portfolios-39355\\\/#primaryimage\"},\"thumbnailUrl\":\"https:\\\/\\\/static.krafthand-truck.de\\\/uploads\\\/2024\\\/04\\\/MAN_eTruck_IFAT.jpg\",\"datePublished\":\"2024-04-12T10:39:47+00:00\",\"dateModified\":\"2024-04-12T10:42:19+00:00\",\"author\":{\"@id\":\"https:\\\/\\\/www.krafthand.de\\\/truck\\\/#\\\/schema\\\/person\\\/51fa80b1c57034c4bf63f9f988fc24ce\"},\"description\":\"MAN Truck & Bus erweitert das eTruck-Portfolio f\u00fcr seine Kunden deutlich. Ausgesuchte Farzeuge sind auf IFAT in M\u00fcnchen zu sehen.\",\"breadcrumb\":{\"@id\":\"https:\\\/\\\/www.krafthand.de\\\/truck\\\/artikel\\\/man-umfangreiche-erweiterung-des-etruck-portfolios-39355\\\/#breadcrumb\"},\"inLanguage\":\"de\",\"potentialAction\":[{\"@type\":\"ReadAction\",\"target\":[\"https:\\\/\\\/www.krafthand.de\\\/truck\\\/artikel\\\/man-umfangreiche-erweiterung-des-etruck-portfolios-39355\\\/\"]}]},{\"@type\":\"ImageObject\",\"inLanguage\":\"de\",\"@id\":\"https:\\\/\\\/www.krafthand.de\\\/truck\\\/artikel\\\/man-umfangreiche-erweiterung-des-etruck-portfolios-39355\\\/#primaryimage\",\"url\":\"https:\\\/\\\/static.krafthand-truck.de\\\/uploads\\\/2024\\\/04\\\/MAN_eTruck_IFAT.jpg\",\"contentUrl\":\"https:\\\/\\\/static.krafthand-truck.de\\\/uploads\\\/2024\\\/04\\\/MAN_eTruck_IFAT.jpg\",\"width\":1200,\"height\":606},{\"@type\":\"BreadcrumbList\",\"@id\":\"https:\\\/\\\/www.krafthand.de\\\/truck\\\/artikel\\\/man-umfangreiche-erweiterung-des-etruck-portfolios-39355\\\/#breadcrumb\",\"itemListElement\":[{\"@type\":\"ListItem\",\"position\":1,\"name\":\"Krafthand-Truck\",\"item\":\"https:\\\/\\\/www.krafthand.de\\\/truck\\\/\"},{\"@type\":\"ListItem\",\"position\":2,\"name\":\"IT+Fuhrpark\",\"item\":\"https:\\\/\\\/www.krafthand.de\\\/truck\\\/kategorie\\\/fuhrpark\\\/\"},{\"@type\":\"ListItem\",\"position\":3,\"name\":\"Neue Fahrzeuge\",\"item\":\"https:\\\/\\\/www.krafthand.de\\\/truck\\\/kategorie\\\/fuhrpark\\\/neue-fahrzeuge\\\/\"},{\"@type\":\"ListItem\",\"position\":4,\"name\":\"MAN: Umfangreiche Erweiterung des eTruck-Portfolios\"}]},{\"@type\":\"WebSite\",\"@id\":\"https:\\\/\\\/www.krafthand.de\\\/truck\\\/#website\",\"url\":\"https:\\\/\\\/www.krafthand.de\\\/truck\\\/\",\"name\":\"Krafthand-Truck\",\"description\":\"\",\"potentialAction\":[{\"@type\":\"SearchAction\",\"target\":{\"@type\":\"EntryPoint\",\"urlTemplate\":\"https:\\\/\\\/www.krafthand.de\\\/truck\\\/?s={search_term_string}\"},\"query-input\":{\"@type\":\"PropertyValueSpecification\",\"valueRequired\":true,\"valueName\":\"search_term_string\"}}],\"inLanguage\":\"de\"},{\"@type\":\"Person\",\"@id\":\"https:\\\/\\\/www.krafthand.de\\\/truck\\\/#\\\/schema\\\/person\\\/51fa80b1c57034c4bf63f9f988fc24ce\",\"name\":\"georg.blenk@krafthand-medien.de\",\"image\":{\"@type\":\"ImageObject\",\"inLanguage\":\"de\",\"@id\":\"https:\\\/\\\/secure.gravatar.com\\\/avatar\\\/93713c30affe0aa95d3a4130e499bb1abee2eb31adbdd9ce2aa1543538490215?s=96&d=mm&r=g\",\"url\":\"https:\\\/\\\/secure.gravatar.com\\\/avatar\\\/93713c30affe0aa95d3a4130e499bb1abee2eb31adbdd9ce2aa1543538490215?s=96&d=mm&r=g\",\"contentUrl\":\"https:\\\/\\\/secure.gravatar.com\\\/avatar\\\/93713c30affe0aa95d3a4130e499bb1abee2eb31adbdd9ce2aa1543538490215?s=96&d=mm&r=g\",\"caption\":\"georg.blenk@krafthand-medien.de\"}}]}<\/script>\n<!-- \/ Yoast SEO plugin. -->","yoast_head_json":{"title":"MAN: Umfangreiche Erweiterung des eTruck-Portfolios - Krafthand-Truck","description":"MAN Truck & Bus erweitert das eTruck-Portfolio f\u00fcr seine Kunden deutlich. Ausgesuchte Farzeuge sind auf IFAT in M\u00fcnchen zu sehen.","robots":{"index":"index","follow":"follow","max-snippet":"max-snippet:-1","max-image-preview":"max-image-preview:large","max-video-preview":"max-video-preview:-1"},"canonical":"https:\/\/www.krafthand.de\/truck\/artikel\/man-umfangreiche-erweiterung-des-etruck-portfolios-39355\/","og_locale":"de_DE","og_type":"article","og_title":"MAN: Umfangreiche Erweiterung des eTruck-Portfolios - Krafthand-Truck","og_description":"MAN Truck & Bus erweitert das eTruck-Portfolio f\u00fcr seine Kunden deutlich. Ausgesuchte Farzeuge sind auf IFAT in M\u00fcnchen zu sehen.","og_url":"https:\/\/www.krafthand-truck.de\/artikel\/man-umfangreiche-erweiterung-des-etruck-portfolios-39355\/","og_site_name":"Krafthand-Truck","article_published_time":"2024-04-12T10:39:47+00:00","article_modified_time":"2024-04-12T10:42:19+00:00","og_image":[{"width":1200,"height":606,"url":"https:\/\/static.krafthand-truck.de\/uploads\/2024\/04\/MAN_eTruck_IFAT.jpg","type":"image\/jpeg"}],"author":"georg.blenk@krafthand-medien.de","twitter_card":"summary_large_image","twitter_misc":{"Verfasst von":"georg.blenk@krafthand-medien.de","Gesch\u00e4tzte Lesezeit":"4\u00a0Minuten"},"schema":{"@context":"https:\/\/schema.org","@graph":[{"@type":"Article","@id":"https:\/\/www.krafthand.de\/truck\/artikel\/man-umfangreiche-erweiterung-des-etruck-portfolios-39355\/#article","isPartOf":{"@id":"https:\/\/www.krafthand.de\/truck\/artikel\/man-umfangreiche-erweiterung-des-etruck-portfolios-39355\/"},"author":{"name":"georg.blenk@krafthand-medien.de","@id":"https:\/\/www.krafthand.de\/truck\/#\/schema\/person\/51fa80b1c57034c4bf63f9f988fc24ce"},"headline":"MAN: Umfangreiche Erweiterung des eTruck-Portfolios","datePublished":"2024-04-12T10:39:47+00:00","dateModified":"2024-04-12T10:42:19+00:00","mainEntityOfPage":{"@id":"https:\/\/www.krafthand.de\/truck\/artikel\/man-umfangreiche-erweiterung-des-etruck-portfolios-39355\/"},"wordCount":573,"image":{"@id":"https:\/\/www.krafthand.de\/truck\/artikel\/man-umfangreiche-erweiterung-des-etruck-portfolios-39355\/#primaryimage"},"thumbnailUrl":"https:\/\/static.krafthand-truck.de\/uploads\/2024\/04\/MAN_eTruck_IFAT.jpg","keywords":["E-Lkw","eTGS","eTGX","MAN"],"articleSection":["E-Antrieb (BEV\/FCEV)","Neue Fahrzeuge","Veranstaltungen\/Messen"],"inLanguage":"de"},{"@type":"WebPage","@id":"https:\/\/www.krafthand.de\/truck\/artikel\/man-umfangreiche-erweiterung-des-etruck-portfolios-39355\/","url":"https:\/\/www.krafthand.de\/truck\/artikel\/man-umfangreiche-erweiterung-des-etruck-portfolios-39355\/","name":"MAN: Umfangreiche Erweiterung des eTruck-Portfolios - Krafthand-Truck","isPartOf":{"@id":"https:\/\/www.krafthand.de\/truck\/#website"},"primaryImageOfPage":{"@id":"https:\/\/www.krafthand.de\/truck\/artikel\/man-umfangreiche-erweiterung-des-etruck-portfolios-39355\/#primaryimage"},"image":{"@id":"https:\/\/www.krafthand.de\/truck\/artikel\/man-umfangreiche-erweiterung-des-etruck-portfolios-39355\/#primaryimage"},"thumbnailUrl":"https:\/\/static.krafthand-truck.de\/uploads\/2024\/04\/MAN_eTruck_IFAT.jpg","datePublished":"2024-04-12T10:39:47+00:00","dateModified":"2024-04-12T10:42:19+00:00","author":{"@id":"https:\/\/www.krafthand.de\/truck\/#\/schema\/person\/51fa80b1c57034c4bf63f9f988fc24ce"},"description":"MAN Truck & Bus erweitert das eTruck-Portfolio f\u00fcr seine Kunden deutlich. Ausgesuchte Farzeuge sind auf IFAT in M\u00fcnchen zu sehen.","breadcrumb":{"@id":"https:\/\/www.krafthand.de\/truck\/artikel\/man-umfangreiche-erweiterung-des-etruck-portfolios-39355\/#breadcrumb"},"inLanguage":"de","potentialAction":[{"@type":"ReadAction","target":["https:\/\/www.krafthand.de\/truck\/artikel\/man-umfangreiche-erweiterung-des-etruck-portfolios-39355\/"]}]},{"@type":"ImageObject","inLanguage":"de","@id":"https:\/\/www.krafthand.de\/truck\/artikel\/man-umfangreiche-erweiterung-des-etruck-portfolios-39355\/#primaryimage","url":"https:\/\/static.krafthand-truck.de\/uploads\/2024\/04\/MAN_eTruck_IFAT.jpg","contentUrl":"https:\/\/static.krafthand-truck.de\/uploads\/2024\/04\/MAN_eTruck_IFAT.jpg","width":1200,"height":606},{"@type":"BreadcrumbList","@id":"https:\/\/www.krafthand.de\/truck\/artikel\/man-umfangreiche-erweiterung-des-etruck-portfolios-39355\/#breadcrumb","itemListElement":[{"@type":"ListItem","position":1,"name":"Krafthand-Truck","item":"https:\/\/www.krafthand.de\/truck\/"},{"@type":"ListItem","position":2,"name":"IT+Fuhrpark","item":"https:\/\/www.krafthand.de\/truck\/kategorie\/fuhrpark\/"},{"@type":"ListItem","position":3,"name":"Neue Fahrzeuge","item":"https:\/\/www.krafthand.de\/truck\/kategorie\/fuhrpark\/neue-fahrzeuge\/"},{"@type":"ListItem","position":4,"name":"MAN: Umfangreiche Erweiterung des eTruck-Portfolios"}]},{"@type":"WebSite","@id":"https:\/\/www.krafthand.de\/truck\/#website","url":"https:\/\/www.krafthand.de\/truck\/","name":"Krafthand-Truck","description":"","potentialAction":[{"@type":"SearchAction","target":{"@type":"EntryPoint","urlTemplate":"https:\/\/www.krafthand.de\/truck\/?s={search_term_string}"},"query-input":{"@type":"PropertyValueSpecification","valueRequired":true,"valueName":"search_term_string"}}],"inLanguage":"de"},{"@type":"Person","@id":"https:\/\/www.krafthand.de\/truck\/#\/schema\/person\/51fa80b1c57034c4bf63f9f988fc24ce","name":"georg.blenk@krafthand-medien.de","image":{"@type":"ImageObject","inLanguage":"de","@id":"https:\/\/secure.gravatar.com\/avatar\/93713c30affe0aa95d3a4130e499bb1abee2eb31adbdd9ce2aa1543538490215?s=96&d=mm&r=g","url":"https:\/\/secure.gravatar.com\/avatar\/93713c30affe0aa95d3a4130e499bb1abee2eb31adbdd9ce2aa1543538490215?s=96&d=mm&r=g","contentUrl":"https:\/\/secure.gravatar.com\/avatar\/93713c30affe0aa95d3a4130e499bb1abee2eb31adbdd9ce2aa1543538490215?s=96&d=mm&r=g","caption":"georg.blenk@krafthand-medien.de"}}]}},"_links":{"self":[{"href":"https:\/\/www.krafthand.de\/truck\/wp-json\/wp\/v2\/posts\/39355","targetHints":{"allow":["GET"]}}],"collection":[{"href":"https:\/\/www.krafthand.de\/truck\/wp-json\/wp\/v2\/posts"}],"about":[{"href":"https:\/\/www.krafthand.de\/truck\/wp-json\/wp\/v2\/types\/post"}],"author":[{"embeddable":true,"href":"https:\/\/www.krafthand.de\/truck\/wp-json\/wp\/v2\/users\/9"}],"replies":[{"embeddable":true,"href":"https:\/\/www.krafthand.de\/truck\/wp-json\/wp\/v2\/comments?post=39355"}],"version-history":[{"count":7,"href":"https:\/\/www.krafthand.de\/truck\/wp-json\/wp\/v2\/posts\/39355\/revisions"}],"predecessor-version":[{"id":39363,"href":"https:\/\/www.krafthand.de\/truck\/wp-json\/wp\/v2\/posts\/39355\/revisions\/39363"}],"wp:featuredmedia":[{"embeddable":true,"href":"https:\/\/www.krafthand.de\/truck\/wp-json\/wp\/v2\/media\/39357"}],"wp:attachment":[{"href":"https:\/\/www.krafthand.de\/truck\/wp-json\/wp\/v2\/media?parent=39355"}],"wp:term":[{"taxonomy":"category","embeddable":true,"href":"https:\/\/www.krafthand.de\/truck\/wp-json\/wp\/v2\/categories?post=39355"},{"taxonomy":"post_tag","embeddable":true,"href":"https:\/\/www.krafthand.de\/truck\/wp-json\/wp\/v2\/tags?post=39355"},{"taxonomy":"settings","embeddable":true,"href":"https:\/\/www.krafthand.de\/truck\/wp-json\/wp\/v2\/settings?post=39355"}],"curies":[{"name":"wp","href":"https:\/\/api.w.org\/{rel}","templated":true}]}}