{"id":39343,"date":"2024-04-09T16:17:10","date_gmt":"2024-04-09T14:17:10","guid":{"rendered":"https:\/\/www.krafthand.de\/truck\/?p=39343"},"modified":"2024-04-12T12:40:36","modified_gmt":"2024-04-12T10:40:36","slug":"paccar-parts-ersatzteilmarke-trp-feiert-30-jaehriges-jubilaeum","status":"publish","type":"post","link":"https:\/\/www.krafthand.de\/truck\/artikel\/paccar-parts-ersatzteilmarke-trp-feiert-30-jaehriges-jubilaeum-39343\/","title":{"rendered":"Paccar-Parts: Ersatzteilmarke TRP feiert 30-j\u00e4hriges Jubil\u00e4um"},"content":{"rendered":"<p>TRP, die Eigenmarke von Paccar-Parts f\u00fcr Ersatzteile f\u00fcr Lkw-, Anh\u00e4nger- und Busmodelle, feierte k\u00fcrzlich ihr 30-j\u00e4hriges Bestehen. TRP bietet \u00fcber ein globales Netzwerk aus 18 Teilevertriebszentren und mehr als 2.300 H\u00e4ndlerbetrieben von DAF, Kenworth und Peterbilt sowie TRP-Niederlassungen, eine Auswahl von mehr als 157.000 Teilen f\u00fcr Lkw und Trailer s\u00e4mtlicher Marken an.<\/p>\n<h3>Gegr\u00fcndet 1994<\/h3>\n<p><a href=\"https:\/\/trp.eu\/de-DE\" target=\"_blank\" rel=\"noopener\">TRP<\/a> wurde auf Kundenwunsch hin Teile f\u00fcr alle Lkw- und Trailermarken anzubieten 1994 in Europa gegr\u00fcndet. \u00dcber die <a href=\"https:\/\/www.daftrucks.de\/de-de\" target=\"_blank\" rel=\"noopener\">DAF<\/a>-Partner bot die Marke eine Reihe zuverl\u00e4ssiger Teile an, die f\u00fcr einen Gro\u00dfteil der Ausr\u00fcstung geeignet sind, um individuelle Kundenanforderungen zu erf\u00fcllen. Im Laufe der Zeit wurde das Programm global erweitert und bietet mittlerweile eine umfassende L\u00f6sung f\u00fcr Betreiber und Flotten zum Erwerb von Teilen f\u00fcr Lkw, Anh\u00e4nger und Bussen s\u00e4mtlicher g\u00e4ngiger Marken.<\/p>\n<h3>300 TRP-Niederlassungen<\/h3>\n<p>TRP-Teile k\u00f6nnen in den H\u00e4ndlerbetrieben von Kenworth, Peterbilt und <a href=\"https:\/\/www.krafthand.de\/truck\/artikel\/daf-startet-durch-die-produktion-des-xd-und-xf-electric-laeuft-an-35667\/\" target=\"_blank\" rel=\"noopener\">DAF<\/a> weltweit, online sowie in den speziellen TRP-Niederlassungen bezogen werden. Das TRP-Netzwerk er\u00f6ffnete 2013 seine erste Niederlassung in Polen. Ende 2014 gab es bereits 18 TRP-Niederlassungen in Europa, Mexiko und Lateinamerika. 2015 wurde die erste nordamerikanische TRP-Niederlassung in Kansas City (Missouri) er\u00f6ffnet. Noch im selben Jahr hat TRP Niederlassungen in Neuseeland und Mauritius gegr\u00fcndet. 2016 kamen 41 neue Standorte hinzu, wodurch sich die globale Pr\u00e4senz unter anderem auf Irland, Ungarn, Australien und Kanada ausweitete. Auch in den letzten Jahren hat TRP stetig neue Niederlassungen in den USA, Kanada, Europa und Lateinamerika gegr\u00fcndet. Mittlerweile gibt es mehr als 300 TRP-Niederlassungen in 45 L\u00e4ndern weltweit.<\/p>\n<h3>Teileverf\u00fcgbarkeit und Versand<\/h3>\n<p>Auch in Europa erfolgt der Vertrieb von TRP-Teilen \u00fcber strategisch gelegene Vertriebszentren, die eine Lieferung \u00fcber Nacht an das H\u00e4ndlernetzwerk von DAF und TRP erm\u00f6glichen. DAF verwaltet die Best\u00e4nde seiner Partner zentral, um eine rasche Teileverf\u00fcgbarkeit zu gew\u00e4hrleisten. F\u00fcr eine noch bessere Verf\u00fcgbarkeit von Ersatzteilen f\u00fcr DAF-Partner und -Kunden in Deutschland, der Schweiz und im Osten Frankreichs baut <a href=\"https:\/\/www.paccarparts.com\" target=\"_blank\" rel=\"noopener\">Paccar-Parts<\/a> ein neues europ\u00e4isches Vertriebszentrum im bayerischen Ma\u00dfbach, dass voraussichtlich im vierten Quartal dieses Jahres seine T\u00fcren \u00f6ffnen wird.<\/p>\n<blockquote><p>\u201eWir haben das Ziel, die Marke TRP in den kommenden Jahren zu erweitern\u201c, so Dick Leek, General Manager PACCAR Parts Europe. \u201eW\u00e4hrend wir unser Produktangebot und die Anzahl der Vertriebsstellen weiter ausbauen, werden wir auch weiterhin hochwertige Teile namhafter Lieferanten zu einem wettbewerbsf\u00e4higen Preis in k\u00fcrzester Zeit bereitstellen.\u201c<\/p><\/blockquote>\n","protected":false},"excerpt":{"rendered":"<p>TRP, die Eigenmarke von Paccar-Parts f\u00fcr Ersatzteile f\u00fcr Lkw-, Anh\u00e4nger- und Busmodelle, feierte k\u00fcrzlich ihr 30-j\u00e4hriges Bestehen. TRP bietet \u00fcber ein globales Netzwerk aus 18 Teilevertriebszentren und mehr als 2.300 H\u00e4ndlerbetrieben von DAF, Kenworth und Peterbilt sowie TRP-Niederlassungen, eine Auswahl von mehr als 157.000 Teilen f\u00fcr Lkw und Trailer s\u00e4mtlicher Marken an. <span class=\"excerpt-more__dots\">&#8230;<\/span> <a class=\"excerpt-more__link\" href=\"https:\/\/www.krafthand.de\/truck\/artikel\/paccar-parts-ersatzteilmarke-trp-feiert-30-jaehriges-jubilaeum-39343\/\" >weiter<\/a><\/p>\n","protected":false},"author":9,"featured_media":39348,"comment_status":"closed","ping_status":"closed","sticky":false,"template":"","format":"standard","meta":{"footnotes":""},"categories":[4912,4235],"tags":[839,510,5125,5911],"settings":[3523],"class_list":["post-39343","post","type-post","status-publish","format-standard","has-post-thumbnail","hentry","category-ersatzteile-zubehoer","category-unternehmen","tag-daf","tag-ersatzteile","tag-paccar","tag-trp"],"yoast_head":"<!-- This site is optimized with the Yoast SEO plugin v27.3 - https:\/\/yoast.com\/product\/yoast-seo-wordpress\/ -->\n<title>Paccar-Parts: Ersatzteilmarke TRP feiert 30-j\u00e4hriges Jubil\u00e4um - Krafthand-Truck<\/title>\n<meta name=\"description\" content=\"TRP, die Eigenmarke von Paccar-Parts f\u00fcr Ersatzteile f\u00fcr Lkw-, Anh\u00e4nger- und Busmodelle, feierte k\u00fcrzlich ihr 30-j\u00e4hriges Bestehen.\" \/>\n<meta name=\"robots\" content=\"index, follow, max-snippet:-1, max-image-preview:large, max-video-preview:-1\" \/>\n<link rel=\"canonical\" href=\"https:\/\/www.krafthand.de\/truck\/artikel\/paccar-parts-ersatzteilmarke-trp-feiert-30-jaehriges-jubilaeum-39343\/\" \/>\n<meta property=\"og:locale\" content=\"de_DE\" \/>\n<meta property=\"og:type\" content=\"article\" \/>\n<meta property=\"og:title\" content=\"Paccar-Parts: Ersatzteilmarke TRP feiert 30-j\u00e4hriges Jubil\u00e4um - Krafthand-Truck\" \/>\n<meta property=\"og:description\" content=\"TRP, die Eigenmarke von Paccar-Parts f\u00fcr Ersatzteile f\u00fcr Lkw-, Anh\u00e4nger- und Busmodelle, feierte k\u00fcrzlich ihr 30-j\u00e4hriges Bestehen.\" \/>\n<meta property=\"og:url\" content=\"https:\/\/www.krafthand-truck.de\/artikel\/paccar-parts-ersatzteilmarke-trp-feiert-30-jaehriges-jubilaeum-39343\/\" \/>\n<meta property=\"og:site_name\" content=\"Krafthand-Truck\" \/>\n<meta property=\"article:published_time\" content=\"2024-04-09T14:17:10+00:00\" \/>\n<meta property=\"article:modified_time\" content=\"2024-04-12T10:40:36+00:00\" \/>\n<meta property=\"og:image\" content=\"https:\/\/static.krafthand-truck.de\/uploads\/2024\/04\/TRP_Ersatzteile_Paccar_DAF.jpg\" \/>\n\t<meta property=\"og:image:width\" content=\"1200\" \/>\n\t<meta property=\"og:image:height\" content=\"406\" \/>\n\t<meta property=\"og:image:type\" content=\"image\/jpeg\" \/>\n<meta name=\"author\" content=\"georg.blenk@krafthand-medien.de\" \/>\n<meta name=\"twitter:card\" content=\"summary_large_image\" \/>\n<meta name=\"twitter:label1\" content=\"Verfasst von\" \/>\n\t<meta name=\"twitter:data1\" content=\"georg.blenk@krafthand-medien.de\" \/>\n\t<meta name=\"twitter:label2\" content=\"Gesch\u00e4tzte Lesezeit\" \/>\n\t<meta name=\"twitter:data2\" content=\"2\u00a0Minuten\" \/>\n<script type=\"application\/ld+json\" class=\"yoast-schema-graph\">{\"@context\":\"https:\\\/\\\/schema.org\",\"@graph\":[{\"@type\":\"Article\",\"@id\":\"https:\\\/\\\/www.krafthand.de\\\/truck\\\/artikel\\\/paccar-parts-ersatzteilmarke-trp-feiert-30-jaehriges-jubilaeum-39343\\\/#article\",\"isPartOf\":{\"@id\":\"https:\\\/\\\/www.krafthand.de\\\/truck\\\/artikel\\\/paccar-parts-ersatzteilmarke-trp-feiert-30-jaehriges-jubilaeum-39343\\\/\"},\"author\":{\"name\":\"georg.blenk@krafthand-medien.de\",\"@id\":\"https:\\\/\\\/www.krafthand.de\\\/truck\\\/#\\\/schema\\\/person\\\/51fa80b1c57034c4bf63f9f988fc24ce\"},\"headline\":\"Paccar-Parts: Ersatzteilmarke TRP feiert 30-j\u00e4hriges Jubil\u00e4um\",\"datePublished\":\"2024-04-09T14:17:10+00:00\",\"dateModified\":\"2024-04-12T10:40:36+00:00\",\"mainEntityOfPage\":{\"@id\":\"https:\\\/\\\/www.krafthand.de\\\/truck\\\/artikel\\\/paccar-parts-ersatzteilmarke-trp-feiert-30-jaehriges-jubilaeum-39343\\\/\"},\"wordCount\":406,\"image\":{\"@id\":\"https:\\\/\\\/www.krafthand.de\\\/truck\\\/artikel\\\/paccar-parts-ersatzteilmarke-trp-feiert-30-jaehriges-jubilaeum-39343\\\/#primaryimage\"},\"thumbnailUrl\":\"https:\\\/\\\/static.krafthand-truck.de\\\/uploads\\\/2024\\\/04\\\/TRP_Ersatzteile_Paccar_DAF.jpg\",\"keywords\":[\"DAF\",\"Ersatzteile\",\"Paccar\",\"TRP\"],\"articleSection\":[\"Ersatzteile\\\/Zubeh\u00f6r\",\"Unternehmen\"],\"inLanguage\":\"de\"},{\"@type\":\"WebPage\",\"@id\":\"https:\\\/\\\/www.krafthand.de\\\/truck\\\/artikel\\\/paccar-parts-ersatzteilmarke-trp-feiert-30-jaehriges-jubilaeum-39343\\\/\",\"url\":\"https:\\\/\\\/www.krafthand.de\\\/truck\\\/artikel\\\/paccar-parts-ersatzteilmarke-trp-feiert-30-jaehriges-jubilaeum-39343\\\/\",\"name\":\"Paccar-Parts: Ersatzteilmarke TRP feiert 30-j\u00e4hriges Jubil\u00e4um - Krafthand-Truck\",\"isPartOf\":{\"@id\":\"https:\\\/\\\/www.krafthand.de\\\/truck\\\/#website\"},\"primaryImageOfPage\":{\"@id\":\"https:\\\/\\\/www.krafthand.de\\\/truck\\\/artikel\\\/paccar-parts-ersatzteilmarke-trp-feiert-30-jaehriges-jubilaeum-39343\\\/#primaryimage\"},\"image\":{\"@id\":\"https:\\\/\\\/www.krafthand.de\\\/truck\\\/artikel\\\/paccar-parts-ersatzteilmarke-trp-feiert-30-jaehriges-jubilaeum-39343\\\/#primaryimage\"},\"thumbnailUrl\":\"https:\\\/\\\/static.krafthand-truck.de\\\/uploads\\\/2024\\\/04\\\/TRP_Ersatzteile_Paccar_DAF.jpg\",\"datePublished\":\"2024-04-09T14:17:10+00:00\",\"dateModified\":\"2024-04-12T10:40:36+00:00\",\"author\":{\"@id\":\"https:\\\/\\\/www.krafthand.de\\\/truck\\\/#\\\/schema\\\/person\\\/51fa80b1c57034c4bf63f9f988fc24ce\"},\"description\":\"TRP, die Eigenmarke von Paccar-Parts f\u00fcr Ersatzteile f\u00fcr Lkw-, Anh\u00e4nger- und Busmodelle, feierte k\u00fcrzlich ihr 30-j\u00e4hriges Bestehen.\",\"breadcrumb\":{\"@id\":\"https:\\\/\\\/www.krafthand.de\\\/truck\\\/artikel\\\/paccar-parts-ersatzteilmarke-trp-feiert-30-jaehriges-jubilaeum-39343\\\/#breadcrumb\"},\"inLanguage\":\"de\",\"potentialAction\":[{\"@type\":\"ReadAction\",\"target\":[\"https:\\\/\\\/www.krafthand.de\\\/truck\\\/artikel\\\/paccar-parts-ersatzteilmarke-trp-feiert-30-jaehriges-jubilaeum-39343\\\/\"]}]},{\"@type\":\"ImageObject\",\"inLanguage\":\"de\",\"@id\":\"https:\\\/\\\/www.krafthand.de\\\/truck\\\/artikel\\\/paccar-parts-ersatzteilmarke-trp-feiert-30-jaehriges-jubilaeum-39343\\\/#primaryimage\",\"url\":\"https:\\\/\\\/static.krafthand-truck.de\\\/uploads\\\/2024\\\/04\\\/TRP_Ersatzteile_Paccar_DAF.jpg\",\"contentUrl\":\"https:\\\/\\\/static.krafthand-truck.de\\\/uploads\\\/2024\\\/04\\\/TRP_Ersatzteile_Paccar_DAF.jpg\",\"width\":1200,\"height\":406},{\"@type\":\"BreadcrumbList\",\"@id\":\"https:\\\/\\\/www.krafthand.de\\\/truck\\\/artikel\\\/paccar-parts-ersatzteilmarke-trp-feiert-30-jaehriges-jubilaeum-39343\\\/#breadcrumb\",\"itemListElement\":[{\"@type\":\"ListItem\",\"position\":1,\"name\":\"Krafthand-Truck\",\"item\":\"https:\\\/\\\/www.krafthand.de\\\/truck\\\/\"},{\"@type\":\"ListItem\",\"position\":2,\"name\":\"Nfz-Branche\",\"item\":\"https:\\\/\\\/www.krafthand.de\\\/truck\\\/kategorie\\\/branche\\\/\"},{\"@type\":\"ListItem\",\"position\":3,\"name\":\"Unternehmen\",\"item\":\"https:\\\/\\\/www.krafthand.de\\\/truck\\\/kategorie\\\/branche\\\/unternehmen\\\/\"},{\"@type\":\"ListItem\",\"position\":4,\"name\":\"Paccar-Parts: Ersatzteilmarke TRP feiert 30-j\u00e4hriges Jubil\u00e4um\"}]},{\"@type\":\"WebSite\",\"@id\":\"https:\\\/\\\/www.krafthand.de\\\/truck\\\/#website\",\"url\":\"https:\\\/\\\/www.krafthand.de\\\/truck\\\/\",\"name\":\"Krafthand-Truck\",\"description\":\"\",\"potentialAction\":[{\"@type\":\"SearchAction\",\"target\":{\"@type\":\"EntryPoint\",\"urlTemplate\":\"https:\\\/\\\/www.krafthand.de\\\/truck\\\/?s={search_term_string}\"},\"query-input\":{\"@type\":\"PropertyValueSpecification\",\"valueRequired\":true,\"valueName\":\"search_term_string\"}}],\"inLanguage\":\"de\"},{\"@type\":\"Person\",\"@id\":\"https:\\\/\\\/www.krafthand.de\\\/truck\\\/#\\\/schema\\\/person\\\/51fa80b1c57034c4bf63f9f988fc24ce\",\"name\":\"georg.blenk@krafthand-medien.de\",\"image\":{\"@type\":\"ImageObject\",\"inLanguage\":\"de\",\"@id\":\"https:\\\/\\\/secure.gravatar.com\\\/avatar\\\/93713c30affe0aa95d3a4130e499bb1abee2eb31adbdd9ce2aa1543538490215?s=96&d=mm&r=g\",\"url\":\"https:\\\/\\\/secure.gravatar.com\\\/avatar\\\/93713c30affe0aa95d3a4130e499bb1abee2eb31adbdd9ce2aa1543538490215?s=96&d=mm&r=g\",\"contentUrl\":\"https:\\\/\\\/secure.gravatar.com\\\/avatar\\\/93713c30affe0aa95d3a4130e499bb1abee2eb31adbdd9ce2aa1543538490215?s=96&d=mm&r=g\",\"caption\":\"georg.blenk@krafthand-medien.de\"}}]}<\/script>\n<!-- \/ Yoast SEO plugin. -->","yoast_head_json":{"title":"Paccar-Parts: Ersatzteilmarke TRP feiert 30-j\u00e4hriges Jubil\u00e4um - Krafthand-Truck","description":"TRP, die Eigenmarke von Paccar-Parts f\u00fcr Ersatzteile f\u00fcr Lkw-, Anh\u00e4nger- und Busmodelle, feierte k\u00fcrzlich ihr 30-j\u00e4hriges Bestehen.","robots":{"index":"index","follow":"follow","max-snippet":"max-snippet:-1","max-image-preview":"max-image-preview:large","max-video-preview":"max-video-preview:-1"},"canonical":"https:\/\/www.krafthand.de\/truck\/artikel\/paccar-parts-ersatzteilmarke-trp-feiert-30-jaehriges-jubilaeum-39343\/","og_locale":"de_DE","og_type":"article","og_title":"Paccar-Parts: Ersatzteilmarke TRP feiert 30-j\u00e4hriges Jubil\u00e4um - Krafthand-Truck","og_description":"TRP, die Eigenmarke von Paccar-Parts f\u00fcr Ersatzteile f\u00fcr Lkw-, Anh\u00e4nger- und Busmodelle, feierte k\u00fcrzlich ihr 30-j\u00e4hriges Bestehen.","og_url":"https:\/\/www.krafthand-truck.de\/artikel\/paccar-parts-ersatzteilmarke-trp-feiert-30-jaehriges-jubilaeum-39343\/","og_site_name":"Krafthand-Truck","article_published_time":"2024-04-09T14:17:10+00:00","article_modified_time":"2024-04-12T10:40:36+00:00","og_image":[{"width":1200,"height":406,"url":"https:\/\/static.krafthand-truck.de\/uploads\/2024\/04\/TRP_Ersatzteile_Paccar_DAF.jpg","type":"image\/jpeg"}],"author":"georg.blenk@krafthand-medien.de","twitter_card":"summary_large_image","twitter_misc":{"Verfasst von":"georg.blenk@krafthand-medien.de","Gesch\u00e4tzte Lesezeit":"2\u00a0Minuten"},"schema":{"@context":"https:\/\/schema.org","@graph":[{"@type":"Article","@id":"https:\/\/www.krafthand.de\/truck\/artikel\/paccar-parts-ersatzteilmarke-trp-feiert-30-jaehriges-jubilaeum-39343\/#article","isPartOf":{"@id":"https:\/\/www.krafthand.de\/truck\/artikel\/paccar-parts-ersatzteilmarke-trp-feiert-30-jaehriges-jubilaeum-39343\/"},"author":{"name":"georg.blenk@krafthand-medien.de","@id":"https:\/\/www.krafthand.de\/truck\/#\/schema\/person\/51fa80b1c57034c4bf63f9f988fc24ce"},"headline":"Paccar-Parts: Ersatzteilmarke TRP feiert 30-j\u00e4hriges Jubil\u00e4um","datePublished":"2024-04-09T14:17:10+00:00","dateModified":"2024-04-12T10:40:36+00:00","mainEntityOfPage":{"@id":"https:\/\/www.krafthand.de\/truck\/artikel\/paccar-parts-ersatzteilmarke-trp-feiert-30-jaehriges-jubilaeum-39343\/"},"wordCount":406,"image":{"@id":"https:\/\/www.krafthand.de\/truck\/artikel\/paccar-parts-ersatzteilmarke-trp-feiert-30-jaehriges-jubilaeum-39343\/#primaryimage"},"thumbnailUrl":"https:\/\/static.krafthand-truck.de\/uploads\/2024\/04\/TRP_Ersatzteile_Paccar_DAF.jpg","keywords":["DAF","Ersatzteile","Paccar","TRP"],"articleSection":["Ersatzteile\/Zubeh\u00f6r","Unternehmen"],"inLanguage":"de"},{"@type":"WebPage","@id":"https:\/\/www.krafthand.de\/truck\/artikel\/paccar-parts-ersatzteilmarke-trp-feiert-30-jaehriges-jubilaeum-39343\/","url":"https:\/\/www.krafthand.de\/truck\/artikel\/paccar-parts-ersatzteilmarke-trp-feiert-30-jaehriges-jubilaeum-39343\/","name":"Paccar-Parts: Ersatzteilmarke TRP feiert 30-j\u00e4hriges Jubil\u00e4um - Krafthand-Truck","isPartOf":{"@id":"https:\/\/www.krafthand.de\/truck\/#website"},"primaryImageOfPage":{"@id":"https:\/\/www.krafthand.de\/truck\/artikel\/paccar-parts-ersatzteilmarke-trp-feiert-30-jaehriges-jubilaeum-39343\/#primaryimage"},"image":{"@id":"https:\/\/www.krafthand.de\/truck\/artikel\/paccar-parts-ersatzteilmarke-trp-feiert-30-jaehriges-jubilaeum-39343\/#primaryimage"},"thumbnailUrl":"https:\/\/static.krafthand-truck.de\/uploads\/2024\/04\/TRP_Ersatzteile_Paccar_DAF.jpg","datePublished":"2024-04-09T14:17:10+00:00","dateModified":"2024-04-12T10:40:36+00:00","author":{"@id":"https:\/\/www.krafthand.de\/truck\/#\/schema\/person\/51fa80b1c57034c4bf63f9f988fc24ce"},"description":"TRP, die Eigenmarke von Paccar-Parts f\u00fcr Ersatzteile f\u00fcr Lkw-, Anh\u00e4nger- und Busmodelle, feierte k\u00fcrzlich ihr 30-j\u00e4hriges Bestehen.","breadcrumb":{"@id":"https:\/\/www.krafthand.de\/truck\/artikel\/paccar-parts-ersatzteilmarke-trp-feiert-30-jaehriges-jubilaeum-39343\/#breadcrumb"},"inLanguage":"de","potentialAction":[{"@type":"ReadAction","target":["https:\/\/www.krafthand.de\/truck\/artikel\/paccar-parts-ersatzteilmarke-trp-feiert-30-jaehriges-jubilaeum-39343\/"]}]},{"@type":"ImageObject","inLanguage":"de","@id":"https:\/\/www.krafthand.de\/truck\/artikel\/paccar-parts-ersatzteilmarke-trp-feiert-30-jaehriges-jubilaeum-39343\/#primaryimage","url":"https:\/\/static.krafthand-truck.de\/uploads\/2024\/04\/TRP_Ersatzteile_Paccar_DAF.jpg","contentUrl":"https:\/\/static.krafthand-truck.de\/uploads\/2024\/04\/TRP_Ersatzteile_Paccar_DAF.jpg","width":1200,"height":406},{"@type":"BreadcrumbList","@id":"https:\/\/www.krafthand.de\/truck\/artikel\/paccar-parts-ersatzteilmarke-trp-feiert-30-jaehriges-jubilaeum-39343\/#breadcrumb","itemListElement":[{"@type":"ListItem","position":1,"name":"Krafthand-Truck","item":"https:\/\/www.krafthand.de\/truck\/"},{"@type":"ListItem","position":2,"name":"Nfz-Branche","item":"https:\/\/www.krafthand.de\/truck\/kategorie\/branche\/"},{"@type":"ListItem","position":3,"name":"Unternehmen","item":"https:\/\/www.krafthand.de\/truck\/kategorie\/branche\/unternehmen\/"},{"@type":"ListItem","position":4,"name":"Paccar-Parts: Ersatzteilmarke TRP feiert 30-j\u00e4hriges Jubil\u00e4um"}]},{"@type":"WebSite","@id":"https:\/\/www.krafthand.de\/truck\/#website","url":"https:\/\/www.krafthand.de\/truck\/","name":"Krafthand-Truck","description":"","potentialAction":[{"@type":"SearchAction","target":{"@type":"EntryPoint","urlTemplate":"https:\/\/www.krafthand.de\/truck\/?s={search_term_string}"},"query-input":{"@type":"PropertyValueSpecification","valueRequired":true,"valueName":"search_term_string"}}],"inLanguage":"de"},{"@type":"Person","@id":"https:\/\/www.krafthand.de\/truck\/#\/schema\/person\/51fa80b1c57034c4bf63f9f988fc24ce","name":"georg.blenk@krafthand-medien.de","image":{"@type":"ImageObject","inLanguage":"de","@id":"https:\/\/secure.gravatar.com\/avatar\/93713c30affe0aa95d3a4130e499bb1abee2eb31adbdd9ce2aa1543538490215?s=96&d=mm&r=g","url":"https:\/\/secure.gravatar.com\/avatar\/93713c30affe0aa95d3a4130e499bb1abee2eb31adbdd9ce2aa1543538490215?s=96&d=mm&r=g","contentUrl":"https:\/\/secure.gravatar.com\/avatar\/93713c30affe0aa95d3a4130e499bb1abee2eb31adbdd9ce2aa1543538490215?s=96&d=mm&r=g","caption":"georg.blenk@krafthand-medien.de"}}]}},"_links":{"self":[{"href":"https:\/\/www.krafthand.de\/truck\/wp-json\/wp\/v2\/posts\/39343","targetHints":{"allow":["GET"]}}],"collection":[{"href":"https:\/\/www.krafthand.de\/truck\/wp-json\/wp\/v2\/posts"}],"about":[{"href":"https:\/\/www.krafthand.de\/truck\/wp-json\/wp\/v2\/types\/post"}],"author":[{"embeddable":true,"href":"https:\/\/www.krafthand.de\/truck\/wp-json\/wp\/v2\/users\/9"}],"replies":[{"embeddable":true,"href":"https:\/\/www.krafthand.de\/truck\/wp-json\/wp\/v2\/comments?post=39343"}],"version-history":[{"count":9,"href":"https:\/\/www.krafthand.de\/truck\/wp-json\/wp\/v2\/posts\/39343\/revisions"}],"predecessor-version":[{"id":39353,"href":"https:\/\/www.krafthand.de\/truck\/wp-json\/wp\/v2\/posts\/39343\/revisions\/39353"}],"wp:featuredmedia":[{"embeddable":true,"href":"https:\/\/www.krafthand.de\/truck\/wp-json\/wp\/v2\/media\/39348"}],"wp:attachment":[{"href":"https:\/\/www.krafthand.de\/truck\/wp-json\/wp\/v2\/media?parent=39343"}],"wp:term":[{"taxonomy":"category","embeddable":true,"href":"https:\/\/www.krafthand.de\/truck\/wp-json\/wp\/v2\/categories?post=39343"},{"taxonomy":"post_tag","embeddable":true,"href":"https:\/\/www.krafthand.de\/truck\/wp-json\/wp\/v2\/tags?post=39343"},{"taxonomy":"settings","embeddable":true,"href":"https:\/\/www.krafthand.de\/truck\/wp-json\/wp\/v2\/settings?post=39343"}],"curies":[{"name":"wp","href":"https:\/\/api.w.org\/{rel}","templated":true}]}}