{"id":39312,"date":"2024-04-08T16:33:18","date_gmt":"2024-04-08T14:33:18","guid":{"rendered":"https:\/\/www.krafthand.de\/truck\/?p=39312"},"modified":"2024-04-08T17:05:57","modified_gmt":"2024-04-08T15:05:57","slug":"volta-trucks-bereitet-sich-auf-ein-comeback-in-ausgewaehlten-europaeischen-maerkten-vor","status":"publish","type":"post","link":"https:\/\/www.krafthand.de\/truck\/artikel\/volta-trucks-bereitet-sich-auf-ein-comeback-in-ausgewaehlten-europaeischen-maerkten-vor-39312\/","title":{"rendered":"Volta Trucks bereitet sich auf ein Comeback in ausgew\u00e4hlten europ\u00e4ischen M\u00e4rkten vor."},"content":{"rendered":"<p>Volta Trucks wurde am 1. Dezember 2023 wiederbelebt, 48 Tage nachdem das Unternehmen am 17. Oktober des vergangenen Jahres Insolvenz angemeldet hatte. Seitdem arbeitet Luxor Capital, der neue Eigent\u00fcmer und langj\u00e4hrige Finanzgeber, mit einer Gruppe erfahrener Mitarbeitenden daran, das Unternehmen wieder aufzubauen und laut Angaben einen vereinfachten und kapitaleffizienteren Gesch\u00e4ftsplan zu entwickeln.<\/p>\n<p>Das neue Unternehmen, <a href=\"https:\/\/voltatrucks.com\/\" target=\"_blank\" rel=\"noopener\">Volta Commercial Vehicles Ltd<\/a>, ist in Gro\u00dfbritannien registriert. Die Aktivit\u00e4ten zur Wiedereinf\u00fchrung sind bereits angelaufen und rund 150 Mitarbeitende setzen sich daf\u00fcr ein, den Volta Zero zur\u00fcck auf die Stra\u00dfe und zu den Kunden in Europa zu bringen. Die Fahrzeugentwicklung f\u00fcr die Serienproduktion der 16- und 18-Tonnen-Versionen des Volta Zero sei in vollem Gange und darauf ausgelegt, die neuen GSR-2-Normen (General Safety Regulation) bis zum Inkrafttreten im Juli 2024 zu erf\u00fcllen. Auch erste Kundentests im Echtbetrieb h\u00e4tten in Gro\u00dfbritannien begonnen. Im zweiten Quartal soll dann eine gr\u00f6\u00dfere Fahrzeugflotte verf\u00fcgbar sein, die auch Deutschland, Frankreich, die nordischen L\u00e4nder und \u00d6sterreich abdeckt. Die gemeinsame Planung mit <a href=\"https:\/\/www.krafthand.de\/truck\/artikel\/steyr-automotive-bestaetigt-schritt-zur-fortfuehrung-der-volta-trucks-produktion-38954\/\" target=\"_blank\" rel=\"noopener\">Steyr Automotive<\/a> in \u00d6sterreich sieht laut Volta-Trucks die Wiederaufnahme der Serienproduktion noch in diesem Jahr vor.<\/p>\n<blockquote><p>\u201eWir wollen die Auftr\u00e4ge bestehender Kunden abwickeln, die Lieferkette neu zusammenstellen, eine entscheidende Finanzierungsrunde abschlie\u00dfen und sicherstellen, dass die Serienfahrzeuge zur Auslieferung bereit sind. Zurzeit befinden wir uns in Gespr\u00e4chen mit unseren Lieferanten und Partnern, um genau diese Ziele zu erreichen. Wir haben viel aus unserer schwierigen Reise gelernt und gehen gest\u00e4rkt und fokussierter denn je daraus hervor\u201c, so Essa Al-Saleh, CEO der neuen Volta Trucks Commercial Vehicles Ltd.<\/p><\/blockquote>\n<p>Die Luxor Capital Group unterst\u00fctzt einen Finanzierungsplan, der eine Runde der Wandelfinanzierung (Convertible Financing) im kommenden Monat und eine gr\u00f6\u00dfere Serie-A-Runde f\u00fcr Investoren gegen Mitte des Jahres umfassen soll. Dies wird Volta Trucks durch die Phase der Serienproduktion und der Umsetzung von Kundenauftr\u00e4gen und -lieferungen f\u00fchren.<\/p>\n<blockquote><p>\u201eIn den letzten Monaten haben wir unseren urspr\u00fcnglichen Gesch\u00e4ftsplan analysiert und hart an der Vereinfachung unseres Businessmodells gearbeitet. Den Schwerpunkt haben wir hier auf eine schnelle Markteinf\u00fchrung, Kapitaleffizienz und Rentabilit\u00e4t gelegt. Volta Trucks in seiner neuen Form wird ein innovatives \u201eChassis-Cab\u201c-Produkt anbieten, das durch ein ma\u00dfgeschneidertes Wartungs- und Serviceangebot sowie Partnerschaften mit zertifizierten Aufbauherstellern unterst\u00fctzt wird. Wir glauben, dass dies die unmittelbaren Bed\u00fcrfnisse unserer Kunden am besten erf\u00fcllt und den \u00dcbergang zur Elektrifizierung erleichtert&#8220;, erkl\u00e4rt Essa Al-Saleh.<\/p><\/blockquote>\n<p>Volta freut sich auch auf die Zusammenarbeit mit seinen Kunden, um den Volta Zero w\u00e4hrend der Olympischen Spiele in Paris auf die Stra\u00dfe zu bringen. <em>\u201eDie Stadt Paris hat sich zum Ziel gesetzt, die gr\u00fcnsten Olympischen Spiele aller Zeiten zu veranstalten. Dies ist also eine perfekte Gelegenheit f\u00fcr unsere Logistik- und Verbrauchermarkenkunden, die Zukunft der urbanen Logistik der \u00d6ffentlichkeit zu pr\u00e4sentieren&#8220;<\/em>, so Essa Al Saleh abschlie\u00dfend.<\/p>\n","protected":false},"excerpt":{"rendered":"<p>Volta Trucks wurde am 1. Dezember 2023 wiederbelebt, 48 Tage nachdem das Unternehmen am 17. Oktober des vergangenen Jahres Insolvenz angemeldet hatte. Seitdem arbeitet Luxor Capital, der neue Eigent\u00fcmer und langj\u00e4hrige Finanzgeber, mit einer Gruppe erfahrener Mitarbeitenden daran, das Unternehmen wieder aufzubauen und laut Angaben einen vereinfachten und kapitaleffizienteren Gesch\u00e4ftsplan zu entwickeln. Die Produktion soll bei Steyr Automotive in Graz wieder anlaufen. <span class=\"excerpt-more__dots\">&#8230;<\/span> <a class=\"excerpt-more__link\" href=\"https:\/\/www.krafthand.de\/truck\/artikel\/volta-trucks-bereitet-sich-auf-ein-comeback-in-ausgewaehlten-europaeischen-maerkten-vor-39312\/\" >weiter<\/a><\/p>\n","protected":false},"author":9,"featured_media":33865,"comment_status":"closed","ping_status":"closed","sticky":false,"template":"","format":"standard","meta":{"footnotes":""},"categories":[4224,4915,4235],"tags":[5909,5875,4175,4176],"settings":[3523],"class_list":["post-39312","post","type-post","status-publish","format-standard","has-post-thumbnail","hentry","category-e-antrieb","category-neue-fahrzeuge","category-unternehmen","tag-essa-al-saleh","tag-steyr-automotive","tag-volta-zero","tag-volta-trucks"],"yoast_head":"<!-- This site is optimized with the Yoast SEO plugin v27.3 - https:\/\/yoast.com\/product\/yoast-seo-wordpress\/ -->\n<title>Volta Trucks bereitet sich auf ein Comeback in ausgew\u00e4hlten europ\u00e4ischen M\u00e4rkten vor. - Krafthand-Truck<\/title>\n<meta name=\"robots\" content=\"index, follow, max-snippet:-1, max-image-preview:large, max-video-preview:-1\" \/>\n<link rel=\"canonical\" href=\"https:\/\/www.krafthand.de\/truck\/artikel\/volta-trucks-bereitet-sich-auf-ein-comeback-in-ausgewaehlten-europaeischen-maerkten-vor-39312\/\" \/>\n<meta property=\"og:locale\" content=\"de_DE\" \/>\n<meta property=\"og:type\" content=\"article\" \/>\n<meta property=\"og:title\" content=\"Volta Trucks bereitet sich auf ein Comeback in ausgew\u00e4hlten europ\u00e4ischen M\u00e4rkten vor. - Krafthand-Truck\" \/>\n<meta property=\"og:description\" content=\"Volta Trucks wurde am 1. Dezember 2023 wiederbelebt, 48 Tage nachdem das Unternehmen am 17. Oktober des vergangenen Jahres Insolvenz angemeldet hatte. Seitdem arbeitet Luxor Capital, der neue Eigent\u00fcmer und langj\u00e4hrige Finanzgeber, mit einer Gruppe erfahrener Mitarbeitenden daran, das Unternehmen wieder aufzubauen und laut Angaben einen vereinfachten und kapitaleffizienteren Gesch\u00e4ftsplan zu entwickeln. Die Produktion soll bei Steyr Automotive in Graz wieder anlaufen. ... weiter\" \/>\n<meta property=\"og:url\" content=\"https:\/\/www.krafthand-truck.de\/artikel\/volta-trucks-bereitet-sich-auf-ein-comeback-in-ausgewaehlten-europaeischen-maerkten-vor-39312\/\" \/>\n<meta property=\"og:site_name\" content=\"Krafthand-Truck\" \/>\n<meta property=\"article:published_time\" content=\"2024-04-08T14:33:18+00:00\" \/>\n<meta property=\"article:modified_time\" content=\"2024-04-08T15:05:57+00:00\" \/>\n<meta property=\"og:image\" content=\"https:\/\/static.krafthand-truck.de\/uploads\/2022\/09\/Volta_Zero_IAA_Transportation_Blenk_Georg_Krafthand_Truck.jpg\" \/>\n\t<meta property=\"og:image:width\" content=\"1200\" \/>\n\t<meta property=\"og:image:height\" content=\"784\" \/>\n\t<meta property=\"og:image:type\" content=\"image\/jpeg\" \/>\n<meta name=\"author\" content=\"georg.blenk@krafthand-medien.de\" \/>\n<meta name=\"twitter:card\" content=\"summary_large_image\" \/>\n<meta name=\"twitter:label1\" content=\"Verfasst von\" \/>\n\t<meta name=\"twitter:data1\" content=\"georg.blenk@krafthand-medien.de\" \/>\n\t<meta name=\"twitter:label2\" content=\"Gesch\u00e4tzte Lesezeit\" \/>\n\t<meta name=\"twitter:data2\" content=\"2\u00a0Minuten\" \/>\n<script type=\"application\/ld+json\" class=\"yoast-schema-graph\">{\"@context\":\"https:\\\/\\\/schema.org\",\"@graph\":[{\"@type\":\"Article\",\"@id\":\"https:\\\/\\\/www.krafthand.de\\\/truck\\\/artikel\\\/volta-trucks-bereitet-sich-auf-ein-comeback-in-ausgewaehlten-europaeischen-maerkten-vor-39312\\\/#article\",\"isPartOf\":{\"@id\":\"https:\\\/\\\/www.krafthand.de\\\/truck\\\/artikel\\\/volta-trucks-bereitet-sich-auf-ein-comeback-in-ausgewaehlten-europaeischen-maerkten-vor-39312\\\/\"},\"author\":{\"name\":\"georg.blenk@krafthand-medien.de\",\"@id\":\"https:\\\/\\\/www.krafthand.de\\\/truck\\\/#\\\/schema\\\/person\\\/51fa80b1c57034c4bf63f9f988fc24ce\"},\"headline\":\"Volta Trucks bereitet sich auf ein Comeback in ausgew\u00e4hlten europ\u00e4ischen M\u00e4rkten vor.\",\"datePublished\":\"2024-04-08T14:33:18+00:00\",\"dateModified\":\"2024-04-08T15:05:57+00:00\",\"mainEntityOfPage\":{\"@id\":\"https:\\\/\\\/www.krafthand.de\\\/truck\\\/artikel\\\/volta-trucks-bereitet-sich-auf-ein-comeback-in-ausgewaehlten-europaeischen-maerkten-vor-39312\\\/\"},\"wordCount\":484,\"image\":{\"@id\":\"https:\\\/\\\/www.krafthand.de\\\/truck\\\/artikel\\\/volta-trucks-bereitet-sich-auf-ein-comeback-in-ausgewaehlten-europaeischen-maerkten-vor-39312\\\/#primaryimage\"},\"thumbnailUrl\":\"https:\\\/\\\/static.krafthand-truck.de\\\/uploads\\\/2022\\\/09\\\/Volta_Zero_IAA_Transportation_Blenk_Georg_Krafthand_Truck.jpg\",\"keywords\":[\"Essa Al-Saleh\",\"Steyr Automotive\",\"Volta Zero\",\"Volta-Trucks\"],\"articleSection\":[\"E-Antrieb (BEV\\\/FCEV)\",\"Neue Fahrzeuge\",\"Unternehmen\"],\"inLanguage\":\"de\"},{\"@type\":\"WebPage\",\"@id\":\"https:\\\/\\\/www.krafthand.de\\\/truck\\\/artikel\\\/volta-trucks-bereitet-sich-auf-ein-comeback-in-ausgewaehlten-europaeischen-maerkten-vor-39312\\\/\",\"url\":\"https:\\\/\\\/www.krafthand.de\\\/truck\\\/artikel\\\/volta-trucks-bereitet-sich-auf-ein-comeback-in-ausgewaehlten-europaeischen-maerkten-vor-39312\\\/\",\"name\":\"Volta Trucks bereitet sich auf ein Comeback in ausgew\u00e4hlten europ\u00e4ischen M\u00e4rkten vor. - Krafthand-Truck\",\"isPartOf\":{\"@id\":\"https:\\\/\\\/www.krafthand.de\\\/truck\\\/#website\"},\"primaryImageOfPage\":{\"@id\":\"https:\\\/\\\/www.krafthand.de\\\/truck\\\/artikel\\\/volta-trucks-bereitet-sich-auf-ein-comeback-in-ausgewaehlten-europaeischen-maerkten-vor-39312\\\/#primaryimage\"},\"image\":{\"@id\":\"https:\\\/\\\/www.krafthand.de\\\/truck\\\/artikel\\\/volta-trucks-bereitet-sich-auf-ein-comeback-in-ausgewaehlten-europaeischen-maerkten-vor-39312\\\/#primaryimage\"},\"thumbnailUrl\":\"https:\\\/\\\/static.krafthand-truck.de\\\/uploads\\\/2022\\\/09\\\/Volta_Zero_IAA_Transportation_Blenk_Georg_Krafthand_Truck.jpg\",\"datePublished\":\"2024-04-08T14:33:18+00:00\",\"dateModified\":\"2024-04-08T15:05:57+00:00\",\"author\":{\"@id\":\"https:\\\/\\\/www.krafthand.de\\\/truck\\\/#\\\/schema\\\/person\\\/51fa80b1c57034c4bf63f9f988fc24ce\"},\"breadcrumb\":{\"@id\":\"https:\\\/\\\/www.krafthand.de\\\/truck\\\/artikel\\\/volta-trucks-bereitet-sich-auf-ein-comeback-in-ausgewaehlten-europaeischen-maerkten-vor-39312\\\/#breadcrumb\"},\"inLanguage\":\"de\",\"potentialAction\":[{\"@type\":\"ReadAction\",\"target\":[\"https:\\\/\\\/www.krafthand.de\\\/truck\\\/artikel\\\/volta-trucks-bereitet-sich-auf-ein-comeback-in-ausgewaehlten-europaeischen-maerkten-vor-39312\\\/\"]}]},{\"@type\":\"ImageObject\",\"inLanguage\":\"de\",\"@id\":\"https:\\\/\\\/www.krafthand.de\\\/truck\\\/artikel\\\/volta-trucks-bereitet-sich-auf-ein-comeback-in-ausgewaehlten-europaeischen-maerkten-vor-39312\\\/#primaryimage\",\"url\":\"https:\\\/\\\/static.krafthand-truck.de\\\/uploads\\\/2022\\\/09\\\/Volta_Zero_IAA_Transportation_Blenk_Georg_Krafthand_Truck.jpg\",\"contentUrl\":\"https:\\\/\\\/static.krafthand-truck.de\\\/uploads\\\/2022\\\/09\\\/Volta_Zero_IAA_Transportation_Blenk_Georg_Krafthand_Truck.jpg\",\"width\":1200,\"height\":784,\"caption\":\"Ein Vorserienfahrzeug des Volta Zero auf der IAA Transportation in Hannover. Bild: Georg Blenk\"},{\"@type\":\"BreadcrumbList\",\"@id\":\"https:\\\/\\\/www.krafthand.de\\\/truck\\\/artikel\\\/volta-trucks-bereitet-sich-auf-ein-comeback-in-ausgewaehlten-europaeischen-maerkten-vor-39312\\\/#breadcrumb\",\"itemListElement\":[{\"@type\":\"ListItem\",\"position\":1,\"name\":\"Krafthand-Truck\",\"item\":\"https:\\\/\\\/www.krafthand.de\\\/truck\\\/\"},{\"@type\":\"ListItem\",\"position\":2,\"name\":\"IT+Fuhrpark\",\"item\":\"https:\\\/\\\/www.krafthand.de\\\/truck\\\/kategorie\\\/fuhrpark\\\/\"},{\"@type\":\"ListItem\",\"position\":3,\"name\":\"Neue Fahrzeuge\",\"item\":\"https:\\\/\\\/www.krafthand.de\\\/truck\\\/kategorie\\\/fuhrpark\\\/neue-fahrzeuge\\\/\"},{\"@type\":\"ListItem\",\"position\":4,\"name\":\"Volta Trucks bereitet sich auf ein Comeback in ausgew\u00e4hlten europ\u00e4ischen M\u00e4rkten vor.\"}]},{\"@type\":\"WebSite\",\"@id\":\"https:\\\/\\\/www.krafthand.de\\\/truck\\\/#website\",\"url\":\"https:\\\/\\\/www.krafthand.de\\\/truck\\\/\",\"name\":\"Krafthand-Truck\",\"description\":\"\",\"potentialAction\":[{\"@type\":\"SearchAction\",\"target\":{\"@type\":\"EntryPoint\",\"urlTemplate\":\"https:\\\/\\\/www.krafthand.de\\\/truck\\\/?s={search_term_string}\"},\"query-input\":{\"@type\":\"PropertyValueSpecification\",\"valueRequired\":true,\"valueName\":\"search_term_string\"}}],\"inLanguage\":\"de\"},{\"@type\":\"Person\",\"@id\":\"https:\\\/\\\/www.krafthand.de\\\/truck\\\/#\\\/schema\\\/person\\\/51fa80b1c57034c4bf63f9f988fc24ce\",\"name\":\"georg.blenk@krafthand-medien.de\",\"image\":{\"@type\":\"ImageObject\",\"inLanguage\":\"de\",\"@id\":\"https:\\\/\\\/secure.gravatar.com\\\/avatar\\\/93713c30affe0aa95d3a4130e499bb1abee2eb31adbdd9ce2aa1543538490215?s=96&d=mm&r=g\",\"url\":\"https:\\\/\\\/secure.gravatar.com\\\/avatar\\\/93713c30affe0aa95d3a4130e499bb1abee2eb31adbdd9ce2aa1543538490215?s=96&d=mm&r=g\",\"contentUrl\":\"https:\\\/\\\/secure.gravatar.com\\\/avatar\\\/93713c30affe0aa95d3a4130e499bb1abee2eb31adbdd9ce2aa1543538490215?s=96&d=mm&r=g\",\"caption\":\"georg.blenk@krafthand-medien.de\"}}]}<\/script>\n<!-- \/ Yoast SEO plugin. -->","yoast_head_json":{"title":"Volta Trucks bereitet sich auf ein Comeback in ausgew\u00e4hlten europ\u00e4ischen M\u00e4rkten vor. - Krafthand-Truck","robots":{"index":"index","follow":"follow","max-snippet":"max-snippet:-1","max-image-preview":"max-image-preview:large","max-video-preview":"max-video-preview:-1"},"canonical":"https:\/\/www.krafthand.de\/truck\/artikel\/volta-trucks-bereitet-sich-auf-ein-comeback-in-ausgewaehlten-europaeischen-maerkten-vor-39312\/","og_locale":"de_DE","og_type":"article","og_title":"Volta Trucks bereitet sich auf ein Comeback in ausgew\u00e4hlten europ\u00e4ischen M\u00e4rkten vor. - Krafthand-Truck","og_description":"Volta Trucks wurde am 1. Dezember 2023 wiederbelebt, 48 Tage nachdem das Unternehmen am 17. Oktober des vergangenen Jahres Insolvenz angemeldet hatte. Seitdem arbeitet Luxor Capital, der neue Eigent\u00fcmer und langj\u00e4hrige Finanzgeber, mit einer Gruppe erfahrener Mitarbeitenden daran, das Unternehmen wieder aufzubauen und laut Angaben einen vereinfachten und kapitaleffizienteren Gesch\u00e4ftsplan zu entwickeln. Die Produktion soll bei Steyr Automotive in Graz wieder anlaufen. ... weiter","og_url":"https:\/\/www.krafthand-truck.de\/artikel\/volta-trucks-bereitet-sich-auf-ein-comeback-in-ausgewaehlten-europaeischen-maerkten-vor-39312\/","og_site_name":"Krafthand-Truck","article_published_time":"2024-04-08T14:33:18+00:00","article_modified_time":"2024-04-08T15:05:57+00:00","og_image":[{"width":1200,"height":784,"url":"https:\/\/static.krafthand-truck.de\/uploads\/2022\/09\/Volta_Zero_IAA_Transportation_Blenk_Georg_Krafthand_Truck.jpg","type":"image\/jpeg"}],"author":"georg.blenk@krafthand-medien.de","twitter_card":"summary_large_image","twitter_misc":{"Verfasst von":"georg.blenk@krafthand-medien.de","Gesch\u00e4tzte Lesezeit":"2\u00a0Minuten"},"schema":{"@context":"https:\/\/schema.org","@graph":[{"@type":"Article","@id":"https:\/\/www.krafthand.de\/truck\/artikel\/volta-trucks-bereitet-sich-auf-ein-comeback-in-ausgewaehlten-europaeischen-maerkten-vor-39312\/#article","isPartOf":{"@id":"https:\/\/www.krafthand.de\/truck\/artikel\/volta-trucks-bereitet-sich-auf-ein-comeback-in-ausgewaehlten-europaeischen-maerkten-vor-39312\/"},"author":{"name":"georg.blenk@krafthand-medien.de","@id":"https:\/\/www.krafthand.de\/truck\/#\/schema\/person\/51fa80b1c57034c4bf63f9f988fc24ce"},"headline":"Volta Trucks bereitet sich auf ein Comeback in ausgew\u00e4hlten europ\u00e4ischen M\u00e4rkten vor.","datePublished":"2024-04-08T14:33:18+00:00","dateModified":"2024-04-08T15:05:57+00:00","mainEntityOfPage":{"@id":"https:\/\/www.krafthand.de\/truck\/artikel\/volta-trucks-bereitet-sich-auf-ein-comeback-in-ausgewaehlten-europaeischen-maerkten-vor-39312\/"},"wordCount":484,"image":{"@id":"https:\/\/www.krafthand.de\/truck\/artikel\/volta-trucks-bereitet-sich-auf-ein-comeback-in-ausgewaehlten-europaeischen-maerkten-vor-39312\/#primaryimage"},"thumbnailUrl":"https:\/\/static.krafthand-truck.de\/uploads\/2022\/09\/Volta_Zero_IAA_Transportation_Blenk_Georg_Krafthand_Truck.jpg","keywords":["Essa Al-Saleh","Steyr Automotive","Volta Zero","Volta-Trucks"],"articleSection":["E-Antrieb (BEV\/FCEV)","Neue Fahrzeuge","Unternehmen"],"inLanguage":"de"},{"@type":"WebPage","@id":"https:\/\/www.krafthand.de\/truck\/artikel\/volta-trucks-bereitet-sich-auf-ein-comeback-in-ausgewaehlten-europaeischen-maerkten-vor-39312\/","url":"https:\/\/www.krafthand.de\/truck\/artikel\/volta-trucks-bereitet-sich-auf-ein-comeback-in-ausgewaehlten-europaeischen-maerkten-vor-39312\/","name":"Volta Trucks bereitet sich auf ein Comeback in ausgew\u00e4hlten europ\u00e4ischen M\u00e4rkten vor. - Krafthand-Truck","isPartOf":{"@id":"https:\/\/www.krafthand.de\/truck\/#website"},"primaryImageOfPage":{"@id":"https:\/\/www.krafthand.de\/truck\/artikel\/volta-trucks-bereitet-sich-auf-ein-comeback-in-ausgewaehlten-europaeischen-maerkten-vor-39312\/#primaryimage"},"image":{"@id":"https:\/\/www.krafthand.de\/truck\/artikel\/volta-trucks-bereitet-sich-auf-ein-comeback-in-ausgewaehlten-europaeischen-maerkten-vor-39312\/#primaryimage"},"thumbnailUrl":"https:\/\/static.krafthand-truck.de\/uploads\/2022\/09\/Volta_Zero_IAA_Transportation_Blenk_Georg_Krafthand_Truck.jpg","datePublished":"2024-04-08T14:33:18+00:00","dateModified":"2024-04-08T15:05:57+00:00","author":{"@id":"https:\/\/www.krafthand.de\/truck\/#\/schema\/person\/51fa80b1c57034c4bf63f9f988fc24ce"},"breadcrumb":{"@id":"https:\/\/www.krafthand.de\/truck\/artikel\/volta-trucks-bereitet-sich-auf-ein-comeback-in-ausgewaehlten-europaeischen-maerkten-vor-39312\/#breadcrumb"},"inLanguage":"de","potentialAction":[{"@type":"ReadAction","target":["https:\/\/www.krafthand.de\/truck\/artikel\/volta-trucks-bereitet-sich-auf-ein-comeback-in-ausgewaehlten-europaeischen-maerkten-vor-39312\/"]}]},{"@type":"ImageObject","inLanguage":"de","@id":"https:\/\/www.krafthand.de\/truck\/artikel\/volta-trucks-bereitet-sich-auf-ein-comeback-in-ausgewaehlten-europaeischen-maerkten-vor-39312\/#primaryimage","url":"https:\/\/static.krafthand-truck.de\/uploads\/2022\/09\/Volta_Zero_IAA_Transportation_Blenk_Georg_Krafthand_Truck.jpg","contentUrl":"https:\/\/static.krafthand-truck.de\/uploads\/2022\/09\/Volta_Zero_IAA_Transportation_Blenk_Georg_Krafthand_Truck.jpg","width":1200,"height":784,"caption":"Ein Vorserienfahrzeug des Volta Zero auf der IAA Transportation in Hannover. Bild: Georg Blenk"},{"@type":"BreadcrumbList","@id":"https:\/\/www.krafthand.de\/truck\/artikel\/volta-trucks-bereitet-sich-auf-ein-comeback-in-ausgewaehlten-europaeischen-maerkten-vor-39312\/#breadcrumb","itemListElement":[{"@type":"ListItem","position":1,"name":"Krafthand-Truck","item":"https:\/\/www.krafthand.de\/truck\/"},{"@type":"ListItem","position":2,"name":"IT+Fuhrpark","item":"https:\/\/www.krafthand.de\/truck\/kategorie\/fuhrpark\/"},{"@type":"ListItem","position":3,"name":"Neue Fahrzeuge","item":"https:\/\/www.krafthand.de\/truck\/kategorie\/fuhrpark\/neue-fahrzeuge\/"},{"@type":"ListItem","position":4,"name":"Volta Trucks bereitet sich auf ein Comeback in ausgew\u00e4hlten europ\u00e4ischen M\u00e4rkten vor."}]},{"@type":"WebSite","@id":"https:\/\/www.krafthand.de\/truck\/#website","url":"https:\/\/www.krafthand.de\/truck\/","name":"Krafthand-Truck","description":"","potentialAction":[{"@type":"SearchAction","target":{"@type":"EntryPoint","urlTemplate":"https:\/\/www.krafthand.de\/truck\/?s={search_term_string}"},"query-input":{"@type":"PropertyValueSpecification","valueRequired":true,"valueName":"search_term_string"}}],"inLanguage":"de"},{"@type":"Person","@id":"https:\/\/www.krafthand.de\/truck\/#\/schema\/person\/51fa80b1c57034c4bf63f9f988fc24ce","name":"georg.blenk@krafthand-medien.de","image":{"@type":"ImageObject","inLanguage":"de","@id":"https:\/\/secure.gravatar.com\/avatar\/93713c30affe0aa95d3a4130e499bb1abee2eb31adbdd9ce2aa1543538490215?s=96&d=mm&r=g","url":"https:\/\/secure.gravatar.com\/avatar\/93713c30affe0aa95d3a4130e499bb1abee2eb31adbdd9ce2aa1543538490215?s=96&d=mm&r=g","contentUrl":"https:\/\/secure.gravatar.com\/avatar\/93713c30affe0aa95d3a4130e499bb1abee2eb31adbdd9ce2aa1543538490215?s=96&d=mm&r=g","caption":"georg.blenk@krafthand-medien.de"}}]}},"_links":{"self":[{"href":"https:\/\/www.krafthand.de\/truck\/wp-json\/wp\/v2\/posts\/39312","targetHints":{"allow":["GET"]}}],"collection":[{"href":"https:\/\/www.krafthand.de\/truck\/wp-json\/wp\/v2\/posts"}],"about":[{"href":"https:\/\/www.krafthand.de\/truck\/wp-json\/wp\/v2\/types\/post"}],"author":[{"embeddable":true,"href":"https:\/\/www.krafthand.de\/truck\/wp-json\/wp\/v2\/users\/9"}],"replies":[{"embeddable":true,"href":"https:\/\/www.krafthand.de\/truck\/wp-json\/wp\/v2\/comments?post=39312"}],"version-history":[{"count":5,"href":"https:\/\/www.krafthand.de\/truck\/wp-json\/wp\/v2\/posts\/39312\/revisions"}],"predecessor-version":[{"id":39317,"href":"https:\/\/www.krafthand.de\/truck\/wp-json\/wp\/v2\/posts\/39312\/revisions\/39317"}],"wp:featuredmedia":[{"embeddable":true,"href":"https:\/\/www.krafthand.de\/truck\/wp-json\/wp\/v2\/media\/33865"}],"wp:attachment":[{"href":"https:\/\/www.krafthand.de\/truck\/wp-json\/wp\/v2\/media?parent=39312"}],"wp:term":[{"taxonomy":"category","embeddable":true,"href":"https:\/\/www.krafthand.de\/truck\/wp-json\/wp\/v2\/categories?post=39312"},{"taxonomy":"post_tag","embeddable":true,"href":"https:\/\/www.krafthand.de\/truck\/wp-json\/wp\/v2\/tags?post=39312"},{"taxonomy":"settings","embeddable":true,"href":"https:\/\/www.krafthand.de\/truck\/wp-json\/wp\/v2\/settings?post=39312"}],"curies":[{"name":"wp","href":"https:\/\/api.w.org\/{rel}","templated":true}]}}