{"id":39276,"date":"2024-03-27T09:10:59","date_gmt":"2024-03-27T08:10:59","guid":{"rendered":"https:\/\/www.krafthand.de\/truck\/?p=39276"},"modified":"2024-03-27T10:00:20","modified_gmt":"2024-03-27T09:00:20","slug":"andreas-bawart-klassische-batterien-werden-auch-in-zukunft-benoetigt","status":"publish","type":"post","link":"https:\/\/www.krafthand.de\/truck\/artikel\/andreas-bawart-klassische-batterien-werden-auch-in-zukunft-benoetigt-39276\/","title":{"rendered":"Andreas Bawart: \u201eKlassische Batterien werden auch in Zukunft ben\u00f6tigt\u201c"},"content":{"rendered":"<p>Die Anforderungen an Nutzfahrzeugbatterien sind in den letzten Jahren gestiegen. Neben der Versorgung des Anlassers, der Start-Stopp-Funktion, sind sie f\u00fcr zahlreiche Sicherheits- und Komfortanwendungen sowie f\u00fcr die Versorgung des gesamten Bordnetzes verantwortlich. Zudem dient die Fahrerkabine auch als \u00dcbernachtungsm\u00f6glichkeit, Standklimaanlagen und Heizungen gelten nach wie vor als Stromfresser. Der \u00f6sterreichische Batterien-Spezialist <a href=\"https:\/\/www.bannerbatterien.com\/de-de\/Home\" target=\"_blank\" rel=\"noopener\">Banner<\/a> bietet neben klassischen Blei-S\u00e4ure-Batterien deshalb auch sogenannte Buffalo-Bull AGM-Lkw-Batterien (210 Ah) in der Standardbatteriegr\u00f6\u00dfe C an. Die Abmessungen entsprechen der DIN-Norm EN 50342-4:2009.<\/p>\n<h2>Zyklenfest und robust<\/h2>\n<figure id=\"attachment_39277\" aria-describedby=\"caption-attachment-39277\" style=\"width: 220px\" class=\"wp-caption alignleft\"><a href=\"https:\/\/static.krafthand-truck.de\/uploads\/2024\/03\/01_2024_010_2.jpg\" target=\"_blank\" rel=\"noopener\"><img fetchpriority=\"high\" decoding=\"async\" class=\"wp-image-39277\" src=\"https:\/\/static.krafthand-truck.de\/uploads\/2024\/03\/01_2024_010_2-213x300.jpg\" alt=\"\" width=\"220\" height=\"310\" srcset=\"https:\/\/static.krafthand-truck.de\/uploads\/2024\/03\/01_2024_010_2-213x300.jpg 213w, https:\/\/static.krafthand-truck.de\/uploads\/2024\/03\/01_2024_010_2-727x1024.jpg 727w, https:\/\/static.krafthand-truck.de\/uploads\/2024\/03\/01_2024_010_2-768x1082.jpg 768w, https:\/\/static.krafthand-truck.de\/uploads\/2024\/03\/01_2024_010_2.jpg 852w\" sizes=\"(max-width: 220px) 100vw, 220px\" \/><\/a><figcaption id=\"caption-attachment-39277\" class=\"wp-caption-text\"><em>&#8222;Insgesamt sehen wir auch in Zukunft Wachstumsm\u00f6glichkeiten f\u00fcr Starter- und Versorgerbatterien. Wir wollen weiterhin auch Marktanteile im Pkw-\/Nfz-Aftermarket gewinnen&#8220;<\/em>, so Andreas Bawart.<\/figcaption><\/figure>\n<p>Der Unterschied zu konventionellen SHD-Batterien (SHD=Super-Heavy-Duty) besteht in der AGM- (Absorbent-Glass-Mat) Technologie, die Batteries\u00e4ure ist in einem Glasvlies gebunden, soweit so gut. Der Vorteil: Das Glasvlies verhindert einen Kapazit\u00e4tsverlust durch S\u00e4ureschichtung und gew\u00e4hrleistet eine dreifach-h\u00f6here Zyklenfestigkeit sowie eine verbesserte Korrosionsbest\u00e4ndigkeit. Zudem sind AGM-Batterien aufgrund einer speziellen Satzfixierung r\u00fcttelfester, auch beim Einbau im Heck (Integral-Heckverbau, Euro 5\/6). Hinzu kommt eine verbesserte Ladungsaufnahme, die Regler-spannung des Fahrzeugs ist auch f\u00fcr tiefentladene Batterien ausreichend. Ein sogenannter ESD-Stopfen (Electro-Static-Discharge) sorgt f\u00fcr den Kurzschlussschutz. Laut Banner laden Buffalo Bull AGM-Batterien innerhalb von neun Stunden w\u00e4hrend des Fahrens bei niedriger Spannung (14,3 V\/Batterie) auf. Dadurch k\u00f6nnten bei bis zu sieben \u00dcbernachtungen auch eine gr\u00f6\u00dfere Anzahl an elektrischen Verbrauchern betrieben werden.<\/p>\n<h2>Klassische Batterien werden<br \/>\nweiterentwickelt<\/h2>\n<p>Banner Batterien arbeitet auch k\u00fcnftig an der permanenten Optimierung seiner Blei-S\u00e4ure-Starter- und Bordnetzbatterien. Dazu geh\u00f6ren eben auch die AGM-Varianten. <em>\u201eF\u00fcr die Pkw-\/Nfz-Hersteller geht die aktuelle und k\u00fcnftige Entwicklung zwar in Richtung E-Mobilit\u00e4t. Das bedeutet aber nicht, dass damit klassische Blei-S\u00e4ure-Batterien ausgedient haben\u201c<\/em>, so Andreas Bawart, Kaufm\u00e4nnischer Gesch\u00e4ftsf\u00fchrer der Banner Gruppe. Seiner Einsch\u00e4tzung nach werden Fahrzeuge mit Verbrennungsmotor auch k\u00fcnftig einen erheblichen Anteil am Nachr\u00fcstmarkt ausmachen.<\/p>\n<p><i>Den Beitrag finden Sie auch in der Print-Ausgabe 1-2024 der <a href=\"https:\/\/www.krafthand.de\/truck\/magazin\/\" title=\"Zum Magazin\">Krafthand-Truck<\/a>.<\/i><\/p>","protected":false},"excerpt":{"rendered":"<p>Die Anforderungen an Nutzfahrzeugbatterien sind in den letzten Jahren gestiegen. Neben der Versorgung des Anlassers, der Start-Stopp-Funktion, sind sie f\u00fcr zahlreiche Sicherheits- und Komfortanwendungen sowie f\u00fcr die Versorgung des gesamten Bordnetzes verantwortlich. <span class=\"excerpt-more__dots\">&#8230;<\/span> <a class=\"excerpt-more__link\" href=\"https:\/\/www.krafthand.de\/truck\/artikel\/andreas-bawart-klassische-batterien-werden-auch-in-zukunft-benoetigt-39276\/\" >weiter<\/a><\/p>\n","protected":false},"author":11,"featured_media":39282,"comment_status":"closed","ping_status":"closed","sticky":false,"template":"","format":"standard","meta":{"footnotes":""},"categories":[4912],"tags":[5906,3493,1502],"settings":[4766,3523],"class_list":["post-39276","post","type-post","status-publish","format-standard","has-post-thumbnail","hentry","category-ersatzteile-zubehoer","tag-andreas-bawart","tag-banner","tag-batterie"],"yoast_head":"<!-- This site is optimized with the Yoast SEO plugin v27.3 - https:\/\/yoast.com\/product\/yoast-seo-wordpress\/ -->\n<title>Klassische Batterien werden auch in Zukunft ben\u00f6tigt.<\/title>\n<meta name=\"description\" content=\"Andreas Bawart, Banner: Klassische Batterien werden bei Pkw und Nfz auch in Zukunft ben\u00f6tigt.\" \/>\n<meta name=\"robots\" content=\"index, follow, max-snippet:-1, max-image-preview:large, max-video-preview:-1\" \/>\n<link rel=\"canonical\" href=\"https:\/\/www.krafthand.de\/truck\/artikel\/andreas-bawart-klassische-batterien-werden-auch-in-zukunft-benoetigt-39276\/\" \/>\n<meta property=\"og:locale\" content=\"de_DE\" \/>\n<meta property=\"og:type\" content=\"article\" \/>\n<meta property=\"og:title\" content=\"Klassische Batterien werden auch in Zukunft ben\u00f6tigt.\" \/>\n<meta property=\"og:description\" content=\"Andreas Bawart, Banner: Klassische Batterien werden bei Pkw und Nfz auch in Zukunft ben\u00f6tigt.\" \/>\n<meta property=\"og:url\" content=\"https:\/\/www.krafthand-truck.de\/artikel\/andreas-bawart-klassische-batterien-werden-auch-in-zukunft-benoetigt-39276\/\" \/>\n<meta property=\"og:site_name\" content=\"Krafthand-Truck\" \/>\n<meta property=\"article:published_time\" content=\"2024-03-27T08:10:59+00:00\" \/>\n<meta property=\"article:modified_time\" content=\"2024-03-27T09:00:20+00:00\" \/>\n<meta property=\"og:image\" content=\"https:\/\/static.krafthand-truck.de\/uploads\/2024\/03\/Banner_Buffalo_Bull_AGM_Lkw_Batterie.jpg\" \/>\n\t<meta property=\"og:image:width\" content=\"1200\" \/>\n\t<meta property=\"og:image:height\" content=\"800\" \/>\n\t<meta property=\"og:image:type\" content=\"image\/jpeg\" \/>\n<meta name=\"author\" content=\"Redaktion Truck\" \/>\n<meta name=\"twitter:card\" content=\"summary_large_image\" \/>\n<meta name=\"twitter:label1\" content=\"Verfasst von\" \/>\n\t<meta name=\"twitter:data1\" content=\"Redaktion Truck\" \/>\n\t<meta name=\"twitter:label2\" content=\"Gesch\u00e4tzte Lesezeit\" \/>\n\t<meta name=\"twitter:data2\" content=\"3\u00a0Minuten\" \/>\n<script type=\"application\/ld+json\" class=\"yoast-schema-graph\">{\"@context\":\"https:\\\/\\\/schema.org\",\"@graph\":[{\"@type\":\"Article\",\"@id\":\"https:\\\/\\\/www.krafthand.de\\\/truck\\\/artikel\\\/andreas-bawart-klassische-batterien-werden-auch-in-zukunft-benoetigt-39276\\\/#article\",\"isPartOf\":{\"@id\":\"https:\\\/\\\/www.krafthand.de\\\/truck\\\/artikel\\\/andreas-bawart-klassische-batterien-werden-auch-in-zukunft-benoetigt-39276\\\/\"},\"author\":{\"name\":\"Redaktion Truck\",\"@id\":\"https:\\\/\\\/www.krafthand.de\\\/truck\\\/#\\\/schema\\\/person\\\/5e47d727209575a4b89376746e24f02f\"},\"headline\":\"Andreas Bawart: \u201eKlassische Batterien werden auch in Zukunft ben\u00f6tigt\u201c\",\"datePublished\":\"2024-03-27T08:10:59+00:00\",\"dateModified\":\"2024-03-27T09:00:20+00:00\",\"mainEntityOfPage\":{\"@id\":\"https:\\\/\\\/www.krafthand.de\\\/truck\\\/artikel\\\/andreas-bawart-klassische-batterien-werden-auch-in-zukunft-benoetigt-39276\\\/\"},\"wordCount\":333,\"image\":{\"@id\":\"https:\\\/\\\/www.krafthand.de\\\/truck\\\/artikel\\\/andreas-bawart-klassische-batterien-werden-auch-in-zukunft-benoetigt-39276\\\/#primaryimage\"},\"thumbnailUrl\":\"https:\\\/\\\/static.krafthand-truck.de\\\/uploads\\\/2024\\\/03\\\/Banner_Buffalo_Bull_AGM_Lkw_Batterie.jpg\",\"keywords\":[\"Andreas Bawart\",\"Banner\",\"Batterie\"],\"articleSection\":[\"Ersatzteile\\\/Zubeh\u00f6r\"],\"inLanguage\":\"de\"},{\"@type\":\"WebPage\",\"@id\":\"https:\\\/\\\/www.krafthand.de\\\/truck\\\/artikel\\\/andreas-bawart-klassische-batterien-werden-auch-in-zukunft-benoetigt-39276\\\/\",\"url\":\"https:\\\/\\\/www.krafthand.de\\\/truck\\\/artikel\\\/andreas-bawart-klassische-batterien-werden-auch-in-zukunft-benoetigt-39276\\\/\",\"name\":\"Klassische Batterien werden auch in Zukunft ben\u00f6tigt.\",\"isPartOf\":{\"@id\":\"https:\\\/\\\/www.krafthand.de\\\/truck\\\/#website\"},\"primaryImageOfPage\":{\"@id\":\"https:\\\/\\\/www.krafthand.de\\\/truck\\\/artikel\\\/andreas-bawart-klassische-batterien-werden-auch-in-zukunft-benoetigt-39276\\\/#primaryimage\"},\"image\":{\"@id\":\"https:\\\/\\\/www.krafthand.de\\\/truck\\\/artikel\\\/andreas-bawart-klassische-batterien-werden-auch-in-zukunft-benoetigt-39276\\\/#primaryimage\"},\"thumbnailUrl\":\"https:\\\/\\\/static.krafthand-truck.de\\\/uploads\\\/2024\\\/03\\\/Banner_Buffalo_Bull_AGM_Lkw_Batterie.jpg\",\"datePublished\":\"2024-03-27T08:10:59+00:00\",\"dateModified\":\"2024-03-27T09:00:20+00:00\",\"author\":{\"@id\":\"https:\\\/\\\/www.krafthand.de\\\/truck\\\/#\\\/schema\\\/person\\\/5e47d727209575a4b89376746e24f02f\"},\"description\":\"Andreas Bawart, Banner: Klassische Batterien werden bei Pkw und Nfz auch in Zukunft ben\u00f6tigt.\",\"breadcrumb\":{\"@id\":\"https:\\\/\\\/www.krafthand.de\\\/truck\\\/artikel\\\/andreas-bawart-klassische-batterien-werden-auch-in-zukunft-benoetigt-39276\\\/#breadcrumb\"},\"inLanguage\":\"de\",\"potentialAction\":[{\"@type\":\"ReadAction\",\"target\":[\"https:\\\/\\\/www.krafthand.de\\\/truck\\\/artikel\\\/andreas-bawart-klassische-batterien-werden-auch-in-zukunft-benoetigt-39276\\\/\"]}]},{\"@type\":\"ImageObject\",\"inLanguage\":\"de\",\"@id\":\"https:\\\/\\\/www.krafthand.de\\\/truck\\\/artikel\\\/andreas-bawart-klassische-batterien-werden-auch-in-zukunft-benoetigt-39276\\\/#primaryimage\",\"url\":\"https:\\\/\\\/static.krafthand-truck.de\\\/uploads\\\/2024\\\/03\\\/Banner_Buffalo_Bull_AGM_Lkw_Batterie.jpg\",\"contentUrl\":\"https:\\\/\\\/static.krafthand-truck.de\\\/uploads\\\/2024\\\/03\\\/Banner_Buffalo_Bull_AGM_Lkw_Batterie.jpg\",\"width\":1200,\"height\":800},{\"@type\":\"BreadcrumbList\",\"@id\":\"https:\\\/\\\/www.krafthand.de\\\/truck\\\/artikel\\\/andreas-bawart-klassische-batterien-werden-auch-in-zukunft-benoetigt-39276\\\/#breadcrumb\",\"itemListElement\":[{\"@type\":\"ListItem\",\"position\":1,\"name\":\"Krafthand-Truck\",\"item\":\"https:\\\/\\\/www.krafthand.de\\\/truck\\\/\"},{\"@type\":\"ListItem\",\"position\":2,\"name\":\"Nfz-Service\",\"item\":\"https:\\\/\\\/www.krafthand.de\\\/truck\\\/kategorie\\\/nfz-service\\\/\"},{\"@type\":\"ListItem\",\"position\":3,\"name\":\"Ersatzteile\\\/Zubeh\u00f6r\",\"item\":\"https:\\\/\\\/www.krafthand.de\\\/truck\\\/kategorie\\\/nfz-service\\\/ersatzteile-zubehoer\\\/\"},{\"@type\":\"ListItem\",\"position\":4,\"name\":\"Andreas Bawart: \u201eKlassische Batterien werden auch in Zukunft ben\u00f6tigt\u201c\"}]},{\"@type\":\"WebSite\",\"@id\":\"https:\\\/\\\/www.krafthand.de\\\/truck\\\/#website\",\"url\":\"https:\\\/\\\/www.krafthand.de\\\/truck\\\/\",\"name\":\"Krafthand-Truck\",\"description\":\"\",\"potentialAction\":[{\"@type\":\"SearchAction\",\"target\":{\"@type\":\"EntryPoint\",\"urlTemplate\":\"https:\\\/\\\/www.krafthand.de\\\/truck\\\/?s={search_term_string}\"},\"query-input\":{\"@type\":\"PropertyValueSpecification\",\"valueRequired\":true,\"valueName\":\"search_term_string\"}}],\"inLanguage\":\"de\"},{\"@type\":\"Person\",\"@id\":\"https:\\\/\\\/www.krafthand.de\\\/truck\\\/#\\\/schema\\\/person\\\/5e47d727209575a4b89376746e24f02f\",\"name\":\"Redaktion Truck\",\"image\":{\"@type\":\"ImageObject\",\"inLanguage\":\"de\",\"@id\":\"https:\\\/\\\/secure.gravatar.com\\\/avatar\\\/64cedf5d293ad6eb6600c19e949d032ff0090f240174891ab1517d73ead05c87?s=96&d=mm&r=g\",\"url\":\"https:\\\/\\\/secure.gravatar.com\\\/avatar\\\/64cedf5d293ad6eb6600c19e949d032ff0090f240174891ab1517d73ead05c87?s=96&d=mm&r=g\",\"contentUrl\":\"https:\\\/\\\/secure.gravatar.com\\\/avatar\\\/64cedf5d293ad6eb6600c19e949d032ff0090f240174891ab1517d73ead05c87?s=96&d=mm&r=g\",\"caption\":\"Redaktion Truck\"}}]}<\/script>\n<!-- \/ Yoast SEO plugin. -->","yoast_head_json":{"title":"Klassische Batterien werden auch in Zukunft ben\u00f6tigt.","description":"Andreas Bawart, Banner: Klassische Batterien werden bei Pkw und Nfz auch in Zukunft ben\u00f6tigt.","robots":{"index":"index","follow":"follow","max-snippet":"max-snippet:-1","max-image-preview":"max-image-preview:large","max-video-preview":"max-video-preview:-1"},"canonical":"https:\/\/www.krafthand.de\/truck\/artikel\/andreas-bawart-klassische-batterien-werden-auch-in-zukunft-benoetigt-39276\/","og_locale":"de_DE","og_type":"article","og_title":"Klassische Batterien werden auch in Zukunft ben\u00f6tigt.","og_description":"Andreas Bawart, Banner: Klassische Batterien werden bei Pkw und Nfz auch in Zukunft ben\u00f6tigt.","og_url":"https:\/\/www.krafthand-truck.de\/artikel\/andreas-bawart-klassische-batterien-werden-auch-in-zukunft-benoetigt-39276\/","og_site_name":"Krafthand-Truck","article_published_time":"2024-03-27T08:10:59+00:00","article_modified_time":"2024-03-27T09:00:20+00:00","og_image":[{"width":1200,"height":800,"url":"https:\/\/static.krafthand-truck.de\/uploads\/2024\/03\/Banner_Buffalo_Bull_AGM_Lkw_Batterie.jpg","type":"image\/jpeg"}],"author":"Redaktion Truck","twitter_card":"summary_large_image","twitter_misc":{"Verfasst von":"Redaktion Truck","Gesch\u00e4tzte Lesezeit":"3\u00a0Minuten"},"schema":{"@context":"https:\/\/schema.org","@graph":[{"@type":"Article","@id":"https:\/\/www.krafthand.de\/truck\/artikel\/andreas-bawart-klassische-batterien-werden-auch-in-zukunft-benoetigt-39276\/#article","isPartOf":{"@id":"https:\/\/www.krafthand.de\/truck\/artikel\/andreas-bawart-klassische-batterien-werden-auch-in-zukunft-benoetigt-39276\/"},"author":{"name":"Redaktion Truck","@id":"https:\/\/www.krafthand.de\/truck\/#\/schema\/person\/5e47d727209575a4b89376746e24f02f"},"headline":"Andreas Bawart: \u201eKlassische Batterien werden auch in Zukunft ben\u00f6tigt\u201c","datePublished":"2024-03-27T08:10:59+00:00","dateModified":"2024-03-27T09:00:20+00:00","mainEntityOfPage":{"@id":"https:\/\/www.krafthand.de\/truck\/artikel\/andreas-bawart-klassische-batterien-werden-auch-in-zukunft-benoetigt-39276\/"},"wordCount":333,"image":{"@id":"https:\/\/www.krafthand.de\/truck\/artikel\/andreas-bawart-klassische-batterien-werden-auch-in-zukunft-benoetigt-39276\/#primaryimage"},"thumbnailUrl":"https:\/\/static.krafthand-truck.de\/uploads\/2024\/03\/Banner_Buffalo_Bull_AGM_Lkw_Batterie.jpg","keywords":["Andreas Bawart","Banner","Batterie"],"articleSection":["Ersatzteile\/Zubeh\u00f6r"],"inLanguage":"de"},{"@type":"WebPage","@id":"https:\/\/www.krafthand.de\/truck\/artikel\/andreas-bawart-klassische-batterien-werden-auch-in-zukunft-benoetigt-39276\/","url":"https:\/\/www.krafthand.de\/truck\/artikel\/andreas-bawart-klassische-batterien-werden-auch-in-zukunft-benoetigt-39276\/","name":"Klassische Batterien werden auch in Zukunft ben\u00f6tigt.","isPartOf":{"@id":"https:\/\/www.krafthand.de\/truck\/#website"},"primaryImageOfPage":{"@id":"https:\/\/www.krafthand.de\/truck\/artikel\/andreas-bawart-klassische-batterien-werden-auch-in-zukunft-benoetigt-39276\/#primaryimage"},"image":{"@id":"https:\/\/www.krafthand.de\/truck\/artikel\/andreas-bawart-klassische-batterien-werden-auch-in-zukunft-benoetigt-39276\/#primaryimage"},"thumbnailUrl":"https:\/\/static.krafthand-truck.de\/uploads\/2024\/03\/Banner_Buffalo_Bull_AGM_Lkw_Batterie.jpg","datePublished":"2024-03-27T08:10:59+00:00","dateModified":"2024-03-27T09:00:20+00:00","author":{"@id":"https:\/\/www.krafthand.de\/truck\/#\/schema\/person\/5e47d727209575a4b89376746e24f02f"},"description":"Andreas Bawart, Banner: Klassische Batterien werden bei Pkw und Nfz auch in Zukunft ben\u00f6tigt.","breadcrumb":{"@id":"https:\/\/www.krafthand.de\/truck\/artikel\/andreas-bawart-klassische-batterien-werden-auch-in-zukunft-benoetigt-39276\/#breadcrumb"},"inLanguage":"de","potentialAction":[{"@type":"ReadAction","target":["https:\/\/www.krafthand.de\/truck\/artikel\/andreas-bawart-klassische-batterien-werden-auch-in-zukunft-benoetigt-39276\/"]}]},{"@type":"ImageObject","inLanguage":"de","@id":"https:\/\/www.krafthand.de\/truck\/artikel\/andreas-bawart-klassische-batterien-werden-auch-in-zukunft-benoetigt-39276\/#primaryimage","url":"https:\/\/static.krafthand-truck.de\/uploads\/2024\/03\/Banner_Buffalo_Bull_AGM_Lkw_Batterie.jpg","contentUrl":"https:\/\/static.krafthand-truck.de\/uploads\/2024\/03\/Banner_Buffalo_Bull_AGM_Lkw_Batterie.jpg","width":1200,"height":800},{"@type":"BreadcrumbList","@id":"https:\/\/www.krafthand.de\/truck\/artikel\/andreas-bawart-klassische-batterien-werden-auch-in-zukunft-benoetigt-39276\/#breadcrumb","itemListElement":[{"@type":"ListItem","position":1,"name":"Krafthand-Truck","item":"https:\/\/www.krafthand.de\/truck\/"},{"@type":"ListItem","position":2,"name":"Nfz-Service","item":"https:\/\/www.krafthand.de\/truck\/kategorie\/nfz-service\/"},{"@type":"ListItem","position":3,"name":"Ersatzteile\/Zubeh\u00f6r","item":"https:\/\/www.krafthand.de\/truck\/kategorie\/nfz-service\/ersatzteile-zubehoer\/"},{"@type":"ListItem","position":4,"name":"Andreas Bawart: \u201eKlassische Batterien werden auch in Zukunft ben\u00f6tigt\u201c"}]},{"@type":"WebSite","@id":"https:\/\/www.krafthand.de\/truck\/#website","url":"https:\/\/www.krafthand.de\/truck\/","name":"Krafthand-Truck","description":"","potentialAction":[{"@type":"SearchAction","target":{"@type":"EntryPoint","urlTemplate":"https:\/\/www.krafthand.de\/truck\/?s={search_term_string}"},"query-input":{"@type":"PropertyValueSpecification","valueRequired":true,"valueName":"search_term_string"}}],"inLanguage":"de"},{"@type":"Person","@id":"https:\/\/www.krafthand.de\/truck\/#\/schema\/person\/5e47d727209575a4b89376746e24f02f","name":"Redaktion Truck","image":{"@type":"ImageObject","inLanguage":"de","@id":"https:\/\/secure.gravatar.com\/avatar\/64cedf5d293ad6eb6600c19e949d032ff0090f240174891ab1517d73ead05c87?s=96&d=mm&r=g","url":"https:\/\/secure.gravatar.com\/avatar\/64cedf5d293ad6eb6600c19e949d032ff0090f240174891ab1517d73ead05c87?s=96&d=mm&r=g","contentUrl":"https:\/\/secure.gravatar.com\/avatar\/64cedf5d293ad6eb6600c19e949d032ff0090f240174891ab1517d73ead05c87?s=96&d=mm&r=g","caption":"Redaktion Truck"}}]}},"_links":{"self":[{"href":"https:\/\/www.krafthand.de\/truck\/wp-json\/wp\/v2\/posts\/39276","targetHints":{"allow":["GET"]}}],"collection":[{"href":"https:\/\/www.krafthand.de\/truck\/wp-json\/wp\/v2\/posts"}],"about":[{"href":"https:\/\/www.krafthand.de\/truck\/wp-json\/wp\/v2\/types\/post"}],"author":[{"embeddable":true,"href":"https:\/\/www.krafthand.de\/truck\/wp-json\/wp\/v2\/users\/11"}],"replies":[{"embeddable":true,"href":"https:\/\/www.krafthand.de\/truck\/wp-json\/wp\/v2\/comments?post=39276"}],"version-history":[{"count":3,"href":"https:\/\/www.krafthand.de\/truck\/wp-json\/wp\/v2\/posts\/39276\/revisions"}],"predecessor-version":[{"id":39281,"href":"https:\/\/www.krafthand.de\/truck\/wp-json\/wp\/v2\/posts\/39276\/revisions\/39281"}],"wp:featuredmedia":[{"embeddable":true,"href":"https:\/\/www.krafthand.de\/truck\/wp-json\/wp\/v2\/media\/39282"}],"wp:attachment":[{"href":"https:\/\/www.krafthand.de\/truck\/wp-json\/wp\/v2\/media?parent=39276"}],"wp:term":[{"taxonomy":"category","embeddable":true,"href":"https:\/\/www.krafthand.de\/truck\/wp-json\/wp\/v2\/categories?post=39276"},{"taxonomy":"post_tag","embeddable":true,"href":"https:\/\/www.krafthand.de\/truck\/wp-json\/wp\/v2\/tags?post=39276"},{"taxonomy":"settings","embeddable":true,"href":"https:\/\/www.krafthand.de\/truck\/wp-json\/wp\/v2\/settings?post=39276"}],"curies":[{"name":"wp","href":"https:\/\/api.w.org\/{rel}","templated":true}]}}