{"id":39247,"date":"2024-03-25T10:32:55","date_gmt":"2024-03-25T09:32:55","guid":{"rendered":"https:\/\/www.krafthand.de\/truck\/?p=39247"},"modified":"2024-03-25T10:33:25","modified_gmt":"2024-03-25T09:33:25","slug":"der-volvo-fh-aero-i-fh-16-neues-gesicht-und-neuer-motor","status":"publish","type":"post","link":"https:\/\/www.krafthand.de\/truck\/artikel\/der-volvo-fh-aero-i-fh-16-neues-gesicht-und-neuer-motor-39247\/","title":{"rendered":"Der Volvo FH Aero I FH 16: Neues Gesicht und neuer Motor"},"content":{"rendered":"<p>Die FH-Baureihe von Volvo hat mit dem Volvo FH Aero ein neues Familienmitglied bekommen. Der Lkw ist in vier Varianten erh\u00e4ltlich, darunter eine Biokraftstoffversion und die batterieelektrische Version FH Electric. Mit der verbesserten Aerodynamik soll der neue Volvo FH Aero um bis zu f\u00fcnf Prozent an Energie und Emissionen einsparen. Dar\u00fcber hinaus spendierte Volvo dem FH 16 einen v\u00f6llig neuen Motor. Die Lkw-Modelle der Aero-Reihe werden schrittweise in den Jahren 2024-2025 in folgenden Versionen auf den Markt gebracht: <a href=\"https:\/\/www.volvotrucks.de\/de-de\/\" target=\"_blank\" rel=\"noopener\">Volvo FH Aero<\/a>, Volvo FH Aero Electric, Volvo FH Aero Gas-Powered und Volvo FH16 Aero.<\/p>\n<h2>Die neue, aerodynamische Formgebung<\/h2>\n<p>Die Front des Fahrerhauses beim Volvo FH Aero wurde im Vergleich zum normalen FH um 24 Zentimeter verl\u00e4ngert. Diese Erweiterung hat quasi ma\u00dfgeblich dazu beigetragen, dass das Lkw-Fahrerhaus aerodynamischer geworden ist. Die verbesserte Form sorgt nicht nur f\u00fcr einen geringeren Kraftstoffverbrauch, sondern auch f\u00fcr eine bessere Fahrstabilit\u00e4t bei Wind. Die verbesserte Aerodynamik kommt auch dem FH Aero Electric durch bessere Eigenschaften im Freilauf zugute. Das neue Gesicht tr\u00e4gt zudem ein gro\u00dfes, markantes Volvo-Logo sowie das Volvo Spread Word Mark, um zu zeigen, dass es sich um das neueste Modell von Volvo Trucks handelt.<\/p>\n<h2>Kameras anstelle von Spiegel<\/h2>\n<figure id=\"attachment_39249\" aria-describedby=\"caption-attachment-39249\" style=\"width: 420px\" class=\"wp-caption alignleft\"><a href=\"https:\/\/static.krafthand-truck.de\/uploads\/2024\/03\/01_2024_011_2.jpg\" target=\"_blank\" rel=\"noopener\"><img fetchpriority=\"high\" decoding=\"async\" class=\"wp-image-39249\" src=\"https:\/\/static.krafthand-truck.de\/uploads\/2024\/03\/01_2024_011_2-300x198.jpg\" alt=\"\" width=\"420\" height=\"277\" srcset=\"https:\/\/static.krafthand-truck.de\/uploads\/2024\/03\/01_2024_011_2-300x198.jpg 300w, https:\/\/static.krafthand-truck.de\/uploads\/2024\/03\/01_2024_011_2-1024x675.jpg 1024w, https:\/\/static.krafthand-truck.de\/uploads\/2024\/03\/01_2024_011_2-768x506.jpg 768w, https:\/\/static.krafthand-truck.de\/uploads\/2024\/03\/01_2024_011_2-1320x870.jpg 1320w, https:\/\/static.krafthand-truck.de\/uploads\/2024\/03\/01_2024_011_2.jpg 1400w\" sizes=\"(max-width: 420px) 100vw, 420px\" \/><\/a><figcaption id=\"caption-attachment-39249\" class=\"wp-caption-text\">Das neue Kamera-System des Volvo FH Aero verbessert die Aerodynamik und sorgt f\u00fcr zus\u00e4tzliche Sicherheit.<\/figcaption><\/figure>\n<p>Was Daimler-Truck mit der <a href=\"https:\/\/www.krafthand.de\/truck\/artikel\/mirror-cam-generation-ii-mercedes-benz-trucks-entwickelt-kamerasystem-weiter-32264\/\" target=\"_blank\" rel=\"noopener\">Mirror-Cam<\/a> schon l\u00e4nger anbietet, hat jetzt auch Volvo umgesetzt. Das neue Kamera-Monitor-System, das anstelle herk\u00f6mmlicher Au\u00dfenspiegel eingesetzt wird, verbessert die <a href=\"https:\/\/www.krafthand.de\/truck\/artikel\/die-summe-aller-teile-in-der-verbesserung-der-aerodynamik-liegt-enormes-potenzial-37839\/\" target=\"_blank\" rel=\"noopener\">Aerodynamik<\/a> zus\u00e4tzlich, aber vor allem vergr\u00f6\u00dfert es das Sichtfeld des Fahrers. Auch bei Regen, Dunkelheit und bei direkter Sonneneinstrahlung hat das System eine positive Auswirkung auf die Sicht. Beim Fahren mit einem Anh\u00e4nger verf\u00fcgt das Kamerasystem \u00fcber eine automatische Schwenkfunktion, die dem abbiegenden Anh\u00e4nger folgt.<\/p>\n<h2>Weitere Features<\/h2>\n<p>Der FH Aero kommt mit weiteren neuen Features daher. So st\u00fctzt sich die weiterentwickelte I-See-Technologie von Volvo auf eine cloudbasierte topografische Karte, um die Fahrweise zu optimieren und mehr Fahrzeit im Tempomat-Modus zu erm\u00f6glichen. Dies soll sowohl Energie einsparen als auch ein entspannteres Fahren erm\u00f6glichen. Neue, patentierte Bremsen mit schleppfreien Bremsscheiben (drag free brake pads) verl\u00e4ngern laut Volvo die Lebensdauer der Bremsen und reduzieren gleichzeitig den Energieverbrauch sowie die Emissionen. Auch das Infotainment- und Navigations-System, das je nach individuellen Bed\u00fcrfnissen angepasst werden kann, wurde \u00fcberarbeitet. Zum neuen Innenraum geh\u00f6ren zudem auch eine integrierte Mikrowelle und USB-C-Steckdosen. Die \u201aMy Business Apps\u2018 von Volvo wurden in weiteren M\u00e4rkten eingef\u00fchrt. Dabei handelt es sich um einen abonnementbasierten Dienst, der es erm\u00f6glicht, gesch\u00e4ftsbezogene Apps von verschiedenen Anbietern herunterzuladen und auf dem Seitendisplay des Lkw zu nutzen. Last but not least liefert ein neuer Reifen\u00fcberwachungs-Service \u00fcber Volvo-Connect einen vollst\u00e4ndigen \u00dcberblick \u00fcber den Zustand der Pneus von Lkw und den Anh\u00e4nger.<\/p>\n<h2>Neuer 17-Liter Euro-6-Motor<\/h2>\n<figure id=\"attachment_39250\" aria-describedby=\"caption-attachment-39250\" style=\"width: 420px\" class=\"wp-caption alignright\"><a href=\"https:\/\/static.krafthand-truck.de\/uploads\/2024\/03\/01_2024_011_3.jpg\" target=\"_blank\" rel=\"noopener\"><img decoding=\"async\" class=\"wp-image-39250\" src=\"https:\/\/static.krafthand-truck.de\/uploads\/2024\/03\/01_2024_011_3-300x245.jpg\" alt=\"\" width=\"420\" height=\"344\" srcset=\"https:\/\/static.krafthand-truck.de\/uploads\/2024\/03\/01_2024_011_3-300x245.jpg 300w, https:\/\/static.krafthand-truck.de\/uploads\/2024\/03\/01_2024_011_3-1024x837.jpg 1024w, https:\/\/static.krafthand-truck.de\/uploads\/2024\/03\/01_2024_011_3-768x628.jpg 768w, https:\/\/static.krafthand-truck.de\/uploads\/2024\/03\/01_2024_011_3-1320x1080.jpg 1320w, https:\/\/static.krafthand-truck.de\/uploads\/2024\/03\/01_2024_011_3.jpg 1400w\" sizes=\"(max-width: 420px) 100vw, 420px\" \/><\/a><figcaption id=\"caption-attachment-39250\" class=\"wp-caption-text\">In der Topversion liefert der neue D17-Motor satte 780 PS.<\/figcaption><\/figure>\n<p>Volvo hat dem FH 16 und dem FH 16 Aero mit dem D17 auch einen brandneuen Motor spendiert. Das Aggregat ist in drei Leistungsstufen erh\u00e4ltlich: 600 PS, 700 PS und 780 PS. Das Drehmoment wurde auf 3.000, 3.400 und 3.800 Nm in der Topversion erh\u00f6ht. Die h\u00f6heren Leistungs- und Drehmomentwerte f\u00fchren laut Volvo zu einem schnellerem Ansprechverhalten des Motors, einem besserem Fahrverhalten und einer verbesserten Kraftstoffeffizienz.<\/p>\n<p>Der D17 kommt zudem mit einem Einzelturbolader daher, der das Ansprechverhalten des Motors steigert und die Fahreigenschaften verbessert. Die patentierte Wellenkolben-Konstruktion von Volvo soll die Verbrennung optimieren und die Emissionen reduzieren, w\u00e4hrend das neue Einspritzsystem einen optimalen Kraftstoffverbrauch gew\u00e4hrleistet und der erh\u00f6hte Zylinderspitzendruck eine hohe Leistungsabgabe erm\u00f6glicht.<\/p>\n<p>Der neue Motor ist auch f\u00fcr den Betrieb mit Biokraftstoffen zertifiziert, die 700-PS-Version f\u00fcr den Betrieb mit 100 Prozent Biodiesel RME (B100). Zudem hat Volvo das Getriebe \u00fcberarbeitet, um die hohen Drehmomente zu bew\u00e4ltigen. Verkaufsstart f\u00fcr den Volvo FH16 mit dem neuen Motor ist Mitte 2024. Die Produktion soll in der zweiten H\u00e4lfte des Jahres 2024 f\u00fcr die europ\u00e4ischen M\u00e4rkte und Australien anlaufen.<\/p>\n<p><i>Den Beitrag finden Sie auch in der Print-Ausgabe 1-2024 der <a href=\"https:\/\/www.krafthand.de\/truck\/magazin\/\" title=\"Zum Magazin\">Krafthand-Truck<\/a>.<\/i><\/p>\r\n\t\t\t\t<div class=\"post-author\">\r\n\t\t\t\t\t<div class=\"khm-cp-author clearfix\">\r\n\t\t\t\t\t\t<div class=\"khm-cp-author__content\">\r\n\t\t\t\t\t\t\t\tKontakt zum Autor:<br \/>\r\n\t\t\t\t\t\t\t\t<strong>Georg Blenk<\/strong>, 08247 \/ 3007-45 |  <a href=\"mailto:georg.blenk@krafthand-medien.de\">georg.blenk@krafthand-medien.de<\/a>\r\n\t\t\t\t\t\t\t<div class=\"khm-cp-author__image\">\r\n\t\t\t\t\t\t<img src=\"https:\/\/static.krafthand-truck.de\/uploads\/2021\/01\/Blenk_6104-250x300-1-removebg-preview.png\" class=\"img-responsive\">\r\n\t\t\t\t\t<\/div>\r\n\t\t\t\t\t\t<\/div>\r\n\t\t\t\t\t<\/div>\r\n\t\t\t\t<\/div>\r\n\t\t\t\t","protected":false},"excerpt":{"rendered":"<p>Die FH-Baureihe von Volvo hat mit dem Volvo FH Aero ein neues Familienmitglied bekommen. Der Lkw ist in vier Varianten erh\u00e4ltlich, darunter eine Biokraftstoffversion und die batterieelektrische Version FH Electric. Mit der verbesserten Aerodynamik soll der neue Volvo FH Aero um bis zu f\u00fcnf Prozent an Energie und Emissionen einsparen. Dar\u00fcber hinaus spendierte Volvo dem FH 16 einen v\u00f6llig neuen Motor. <span class=\"excerpt-more__dots\">&#8230;<\/span> <a class=\"excerpt-more__link\" href=\"https:\/\/www.krafthand.de\/truck\/artikel\/der-volvo-fh-aero-i-fh-16-neues-gesicht-und-neuer-motor-39247\/\" >weiter<\/a><\/p>\n","protected":false},"author":11,"featured_media":39248,"comment_status":"closed","ping_status":"closed","sticky":false,"template":"","format":"standard","meta":{"footnotes":""},"categories":[4223,4224,4915],"tags":[],"settings":[3524,4766,3523],"class_list":["post-39247","post","type-post","status-publish","format-standard","has-post-thumbnail","hentry","category-antrieb","category-e-antrieb","category-neue-fahrzeuge"],"yoast_head":"<!-- This site is optimized with the Yoast SEO plugin v27.3 - https:\/\/yoast.com\/product\/yoast-seo-wordpress\/ -->\n<title>Der neue Volvo FH Aero I Krafthand-Truck<\/title>\n<meta name=\"description\" content=\"Die FH-Baureihe von Volvo hat mit dem Volvo FH Aero ein neues Familienmitglied bekommen. Der FH 16 ist mit neuem Motor am Start.\" \/>\n<meta name=\"robots\" content=\"index, follow, max-snippet:-1, max-image-preview:large, max-video-preview:-1\" \/>\n<link rel=\"canonical\" href=\"https:\/\/www.krafthand.de\/truck\/artikel\/der-volvo-fh-aero-i-fh-16-neues-gesicht-und-neuer-motor-39247\/\" \/>\n<meta property=\"og:locale\" content=\"de_DE\" \/>\n<meta property=\"og:type\" content=\"article\" \/>\n<meta property=\"og:title\" content=\"Der neue Volvo FH Aero I Krafthand-Truck\" \/>\n<meta property=\"og:description\" content=\"Die FH-Baureihe von Volvo hat mit dem Volvo FH Aero ein neues Familienmitglied bekommen. Der FH 16 ist mit neuem Motor am Start.\" \/>\n<meta property=\"og:url\" content=\"https:\/\/www.krafthand-truck.de\/artikel\/der-volvo-fh-aero-i-fh-16-neues-gesicht-und-neuer-motor-39247\/\" \/>\n<meta property=\"og:site_name\" content=\"Krafthand-Truck\" \/>\n<meta property=\"article:published_time\" content=\"2024-03-25T09:32:55+00:00\" \/>\n<meta property=\"article:modified_time\" content=\"2024-03-25T09:33:25+00:00\" \/>\n<meta property=\"og:image\" content=\"https:\/\/static.krafthand-truck.de\/uploads\/2024\/03\/01_2024_011_1.jpg\" \/>\n\t<meta property=\"og:image:width\" content=\"1400\" \/>\n\t<meta property=\"og:image:height\" content=\"720\" \/>\n\t<meta property=\"og:image:type\" content=\"image\/jpeg\" \/>\n<meta name=\"author\" content=\"Redaktion Truck\" \/>\n<meta name=\"twitter:card\" content=\"summary_large_image\" \/>\n<meta name=\"twitter:label1\" content=\"Verfasst von\" \/>\n\t<meta name=\"twitter:data1\" content=\"Redaktion Truck\" \/>\n\t<meta name=\"twitter:label2\" content=\"Gesch\u00e4tzte Lesezeit\" \/>\n\t<meta name=\"twitter:data2\" content=\"5\u00a0Minuten\" \/>\n<script type=\"application\/ld+json\" class=\"yoast-schema-graph\">{\"@context\":\"https:\\\/\\\/schema.org\",\"@graph\":[{\"@type\":\"Article\",\"@id\":\"https:\\\/\\\/www.krafthand.de\\\/truck\\\/artikel\\\/der-volvo-fh-aero-i-fh-16-neues-gesicht-und-neuer-motor-39247\\\/#article\",\"isPartOf\":{\"@id\":\"https:\\\/\\\/www.krafthand.de\\\/truck\\\/artikel\\\/der-volvo-fh-aero-i-fh-16-neues-gesicht-und-neuer-motor-39247\\\/\"},\"author\":{\"name\":\"Redaktion Truck\",\"@id\":\"https:\\\/\\\/www.krafthand.de\\\/truck\\\/#\\\/schema\\\/person\\\/5e47d727209575a4b89376746e24f02f\"},\"headline\":\"Der Volvo FH Aero I FH 16: Neues Gesicht und neuer Motor\",\"datePublished\":\"2024-03-25T09:32:55+00:00\",\"dateModified\":\"2024-03-25T09:33:25+00:00\",\"mainEntityOfPage\":{\"@id\":\"https:\\\/\\\/www.krafthand.de\\\/truck\\\/artikel\\\/der-volvo-fh-aero-i-fh-16-neues-gesicht-und-neuer-motor-39247\\\/\"},\"wordCount\":687,\"image\":{\"@id\":\"https:\\\/\\\/www.krafthand.de\\\/truck\\\/artikel\\\/der-volvo-fh-aero-i-fh-16-neues-gesicht-und-neuer-motor-39247\\\/#primaryimage\"},\"thumbnailUrl\":\"https:\\\/\\\/static.krafthand-truck.de\\\/uploads\\\/2024\\\/03\\\/01_2024_011_1.jpg\",\"articleSection\":[\"Antrieb (Motor\\\/Getriebe)\",\"E-Antrieb (BEV\\\/FCEV)\",\"Neue Fahrzeuge\"],\"inLanguage\":\"de\"},{\"@type\":\"WebPage\",\"@id\":\"https:\\\/\\\/www.krafthand.de\\\/truck\\\/artikel\\\/der-volvo-fh-aero-i-fh-16-neues-gesicht-und-neuer-motor-39247\\\/\",\"url\":\"https:\\\/\\\/www.krafthand.de\\\/truck\\\/artikel\\\/der-volvo-fh-aero-i-fh-16-neues-gesicht-und-neuer-motor-39247\\\/\",\"name\":\"Der neue Volvo FH Aero I Krafthand-Truck\",\"isPartOf\":{\"@id\":\"https:\\\/\\\/www.krafthand.de\\\/truck\\\/#website\"},\"primaryImageOfPage\":{\"@id\":\"https:\\\/\\\/www.krafthand.de\\\/truck\\\/artikel\\\/der-volvo-fh-aero-i-fh-16-neues-gesicht-und-neuer-motor-39247\\\/#primaryimage\"},\"image\":{\"@id\":\"https:\\\/\\\/www.krafthand.de\\\/truck\\\/artikel\\\/der-volvo-fh-aero-i-fh-16-neues-gesicht-und-neuer-motor-39247\\\/#primaryimage\"},\"thumbnailUrl\":\"https:\\\/\\\/static.krafthand-truck.de\\\/uploads\\\/2024\\\/03\\\/01_2024_011_1.jpg\",\"datePublished\":\"2024-03-25T09:32:55+00:00\",\"dateModified\":\"2024-03-25T09:33:25+00:00\",\"author\":{\"@id\":\"https:\\\/\\\/www.krafthand.de\\\/truck\\\/#\\\/schema\\\/person\\\/5e47d727209575a4b89376746e24f02f\"},\"description\":\"Die FH-Baureihe von Volvo hat mit dem Volvo FH Aero ein neues Familienmitglied bekommen. Der FH 16 ist mit neuem Motor am Start.\",\"breadcrumb\":{\"@id\":\"https:\\\/\\\/www.krafthand.de\\\/truck\\\/artikel\\\/der-volvo-fh-aero-i-fh-16-neues-gesicht-und-neuer-motor-39247\\\/#breadcrumb\"},\"inLanguage\":\"de\",\"potentialAction\":[{\"@type\":\"ReadAction\",\"target\":[\"https:\\\/\\\/www.krafthand.de\\\/truck\\\/artikel\\\/der-volvo-fh-aero-i-fh-16-neues-gesicht-und-neuer-motor-39247\\\/\"]}]},{\"@type\":\"ImageObject\",\"inLanguage\":\"de\",\"@id\":\"https:\\\/\\\/www.krafthand.de\\\/truck\\\/artikel\\\/der-volvo-fh-aero-i-fh-16-neues-gesicht-und-neuer-motor-39247\\\/#primaryimage\",\"url\":\"https:\\\/\\\/static.krafthand-truck.de\\\/uploads\\\/2024\\\/03\\\/01_2024_011_1.jpg\",\"contentUrl\":\"https:\\\/\\\/static.krafthand-truck.de\\\/uploads\\\/2024\\\/03\\\/01_2024_011_1.jpg\",\"width\":1400,\"height\":720,\"caption\":\"Das Fahrerhaus des neuen FH Aero wurde um 24 Zentimeter verl\u00e4ngert. Bilder: Volvo\"},{\"@type\":\"BreadcrumbList\",\"@id\":\"https:\\\/\\\/www.krafthand.de\\\/truck\\\/artikel\\\/der-volvo-fh-aero-i-fh-16-neues-gesicht-und-neuer-motor-39247\\\/#breadcrumb\",\"itemListElement\":[{\"@type\":\"ListItem\",\"position\":1,\"name\":\"Krafthand-Truck\",\"item\":\"https:\\\/\\\/www.krafthand.de\\\/truck\\\/\"},{\"@type\":\"ListItem\",\"position\":2,\"name\":\"IT+Fuhrpark\",\"item\":\"https:\\\/\\\/www.krafthand.de\\\/truck\\\/kategorie\\\/fuhrpark\\\/\"},{\"@type\":\"ListItem\",\"position\":3,\"name\":\"Neue Fahrzeuge\",\"item\":\"https:\\\/\\\/www.krafthand.de\\\/truck\\\/kategorie\\\/fuhrpark\\\/neue-fahrzeuge\\\/\"},{\"@type\":\"ListItem\",\"position\":4,\"name\":\"Der Volvo FH Aero I FH 16: Neues Gesicht und neuer Motor\"}]},{\"@type\":\"WebSite\",\"@id\":\"https:\\\/\\\/www.krafthand.de\\\/truck\\\/#website\",\"url\":\"https:\\\/\\\/www.krafthand.de\\\/truck\\\/\",\"name\":\"Krafthand-Truck\",\"description\":\"\",\"potentialAction\":[{\"@type\":\"SearchAction\",\"target\":{\"@type\":\"EntryPoint\",\"urlTemplate\":\"https:\\\/\\\/www.krafthand.de\\\/truck\\\/?s={search_term_string}\"},\"query-input\":{\"@type\":\"PropertyValueSpecification\",\"valueRequired\":true,\"valueName\":\"search_term_string\"}}],\"inLanguage\":\"de\"},{\"@type\":\"Person\",\"@id\":\"https:\\\/\\\/www.krafthand.de\\\/truck\\\/#\\\/schema\\\/person\\\/5e47d727209575a4b89376746e24f02f\",\"name\":\"Redaktion Truck\",\"image\":{\"@type\":\"ImageObject\",\"inLanguage\":\"de\",\"@id\":\"https:\\\/\\\/secure.gravatar.com\\\/avatar\\\/64cedf5d293ad6eb6600c19e949d032ff0090f240174891ab1517d73ead05c87?s=96&d=mm&r=g\",\"url\":\"https:\\\/\\\/secure.gravatar.com\\\/avatar\\\/64cedf5d293ad6eb6600c19e949d032ff0090f240174891ab1517d73ead05c87?s=96&d=mm&r=g\",\"contentUrl\":\"https:\\\/\\\/secure.gravatar.com\\\/avatar\\\/64cedf5d293ad6eb6600c19e949d032ff0090f240174891ab1517d73ead05c87?s=96&d=mm&r=g\",\"caption\":\"Redaktion Truck\"}}]}<\/script>\n<!-- \/ Yoast SEO plugin. -->","yoast_head_json":{"title":"Der neue Volvo FH Aero I Krafthand-Truck","description":"Die FH-Baureihe von Volvo hat mit dem Volvo FH Aero ein neues Familienmitglied bekommen. Der FH 16 ist mit neuem Motor am Start.","robots":{"index":"index","follow":"follow","max-snippet":"max-snippet:-1","max-image-preview":"max-image-preview:large","max-video-preview":"max-video-preview:-1"},"canonical":"https:\/\/www.krafthand.de\/truck\/artikel\/der-volvo-fh-aero-i-fh-16-neues-gesicht-und-neuer-motor-39247\/","og_locale":"de_DE","og_type":"article","og_title":"Der neue Volvo FH Aero I Krafthand-Truck","og_description":"Die FH-Baureihe von Volvo hat mit dem Volvo FH Aero ein neues Familienmitglied bekommen. Der FH 16 ist mit neuem Motor am Start.","og_url":"https:\/\/www.krafthand-truck.de\/artikel\/der-volvo-fh-aero-i-fh-16-neues-gesicht-und-neuer-motor-39247\/","og_site_name":"Krafthand-Truck","article_published_time":"2024-03-25T09:32:55+00:00","article_modified_time":"2024-03-25T09:33:25+00:00","og_image":[{"width":1400,"height":720,"url":"https:\/\/static.krafthand-truck.de\/uploads\/2024\/03\/01_2024_011_1.jpg","type":"image\/jpeg"}],"author":"Redaktion Truck","twitter_card":"summary_large_image","twitter_misc":{"Verfasst von":"Redaktion Truck","Gesch\u00e4tzte Lesezeit":"5\u00a0Minuten"},"schema":{"@context":"https:\/\/schema.org","@graph":[{"@type":"Article","@id":"https:\/\/www.krafthand.de\/truck\/artikel\/der-volvo-fh-aero-i-fh-16-neues-gesicht-und-neuer-motor-39247\/#article","isPartOf":{"@id":"https:\/\/www.krafthand.de\/truck\/artikel\/der-volvo-fh-aero-i-fh-16-neues-gesicht-und-neuer-motor-39247\/"},"author":{"name":"Redaktion Truck","@id":"https:\/\/www.krafthand.de\/truck\/#\/schema\/person\/5e47d727209575a4b89376746e24f02f"},"headline":"Der Volvo FH Aero I FH 16: Neues Gesicht und neuer Motor","datePublished":"2024-03-25T09:32:55+00:00","dateModified":"2024-03-25T09:33:25+00:00","mainEntityOfPage":{"@id":"https:\/\/www.krafthand.de\/truck\/artikel\/der-volvo-fh-aero-i-fh-16-neues-gesicht-und-neuer-motor-39247\/"},"wordCount":687,"image":{"@id":"https:\/\/www.krafthand.de\/truck\/artikel\/der-volvo-fh-aero-i-fh-16-neues-gesicht-und-neuer-motor-39247\/#primaryimage"},"thumbnailUrl":"https:\/\/static.krafthand-truck.de\/uploads\/2024\/03\/01_2024_011_1.jpg","articleSection":["Antrieb (Motor\/Getriebe)","E-Antrieb (BEV\/FCEV)","Neue Fahrzeuge"],"inLanguage":"de"},{"@type":"WebPage","@id":"https:\/\/www.krafthand.de\/truck\/artikel\/der-volvo-fh-aero-i-fh-16-neues-gesicht-und-neuer-motor-39247\/","url":"https:\/\/www.krafthand.de\/truck\/artikel\/der-volvo-fh-aero-i-fh-16-neues-gesicht-und-neuer-motor-39247\/","name":"Der neue Volvo FH Aero I Krafthand-Truck","isPartOf":{"@id":"https:\/\/www.krafthand.de\/truck\/#website"},"primaryImageOfPage":{"@id":"https:\/\/www.krafthand.de\/truck\/artikel\/der-volvo-fh-aero-i-fh-16-neues-gesicht-und-neuer-motor-39247\/#primaryimage"},"image":{"@id":"https:\/\/www.krafthand.de\/truck\/artikel\/der-volvo-fh-aero-i-fh-16-neues-gesicht-und-neuer-motor-39247\/#primaryimage"},"thumbnailUrl":"https:\/\/static.krafthand-truck.de\/uploads\/2024\/03\/01_2024_011_1.jpg","datePublished":"2024-03-25T09:32:55+00:00","dateModified":"2024-03-25T09:33:25+00:00","author":{"@id":"https:\/\/www.krafthand.de\/truck\/#\/schema\/person\/5e47d727209575a4b89376746e24f02f"},"description":"Die FH-Baureihe von Volvo hat mit dem Volvo FH Aero ein neues Familienmitglied bekommen. Der FH 16 ist mit neuem Motor am Start.","breadcrumb":{"@id":"https:\/\/www.krafthand.de\/truck\/artikel\/der-volvo-fh-aero-i-fh-16-neues-gesicht-und-neuer-motor-39247\/#breadcrumb"},"inLanguage":"de","potentialAction":[{"@type":"ReadAction","target":["https:\/\/www.krafthand.de\/truck\/artikel\/der-volvo-fh-aero-i-fh-16-neues-gesicht-und-neuer-motor-39247\/"]}]},{"@type":"ImageObject","inLanguage":"de","@id":"https:\/\/www.krafthand.de\/truck\/artikel\/der-volvo-fh-aero-i-fh-16-neues-gesicht-und-neuer-motor-39247\/#primaryimage","url":"https:\/\/static.krafthand-truck.de\/uploads\/2024\/03\/01_2024_011_1.jpg","contentUrl":"https:\/\/static.krafthand-truck.de\/uploads\/2024\/03\/01_2024_011_1.jpg","width":1400,"height":720,"caption":"Das Fahrerhaus des neuen FH Aero wurde um 24 Zentimeter verl\u00e4ngert. Bilder: Volvo"},{"@type":"BreadcrumbList","@id":"https:\/\/www.krafthand.de\/truck\/artikel\/der-volvo-fh-aero-i-fh-16-neues-gesicht-und-neuer-motor-39247\/#breadcrumb","itemListElement":[{"@type":"ListItem","position":1,"name":"Krafthand-Truck","item":"https:\/\/www.krafthand.de\/truck\/"},{"@type":"ListItem","position":2,"name":"IT+Fuhrpark","item":"https:\/\/www.krafthand.de\/truck\/kategorie\/fuhrpark\/"},{"@type":"ListItem","position":3,"name":"Neue Fahrzeuge","item":"https:\/\/www.krafthand.de\/truck\/kategorie\/fuhrpark\/neue-fahrzeuge\/"},{"@type":"ListItem","position":4,"name":"Der Volvo FH Aero I FH 16: Neues Gesicht und neuer Motor"}]},{"@type":"WebSite","@id":"https:\/\/www.krafthand.de\/truck\/#website","url":"https:\/\/www.krafthand.de\/truck\/","name":"Krafthand-Truck","description":"","potentialAction":[{"@type":"SearchAction","target":{"@type":"EntryPoint","urlTemplate":"https:\/\/www.krafthand.de\/truck\/?s={search_term_string}"},"query-input":{"@type":"PropertyValueSpecification","valueRequired":true,"valueName":"search_term_string"}}],"inLanguage":"de"},{"@type":"Person","@id":"https:\/\/www.krafthand.de\/truck\/#\/schema\/person\/5e47d727209575a4b89376746e24f02f","name":"Redaktion Truck","image":{"@type":"ImageObject","inLanguage":"de","@id":"https:\/\/secure.gravatar.com\/avatar\/64cedf5d293ad6eb6600c19e949d032ff0090f240174891ab1517d73ead05c87?s=96&d=mm&r=g","url":"https:\/\/secure.gravatar.com\/avatar\/64cedf5d293ad6eb6600c19e949d032ff0090f240174891ab1517d73ead05c87?s=96&d=mm&r=g","contentUrl":"https:\/\/secure.gravatar.com\/avatar\/64cedf5d293ad6eb6600c19e949d032ff0090f240174891ab1517d73ead05c87?s=96&d=mm&r=g","caption":"Redaktion Truck"}}]}},"_links":{"self":[{"href":"https:\/\/www.krafthand.de\/truck\/wp-json\/wp\/v2\/posts\/39247","targetHints":{"allow":["GET"]}}],"collection":[{"href":"https:\/\/www.krafthand.de\/truck\/wp-json\/wp\/v2\/posts"}],"about":[{"href":"https:\/\/www.krafthand.de\/truck\/wp-json\/wp\/v2\/types\/post"}],"author":[{"embeddable":true,"href":"https:\/\/www.krafthand.de\/truck\/wp-json\/wp\/v2\/users\/11"}],"replies":[{"embeddable":true,"href":"https:\/\/www.krafthand.de\/truck\/wp-json\/wp\/v2\/comments?post=39247"}],"version-history":[{"count":3,"href":"https:\/\/www.krafthand.de\/truck\/wp-json\/wp\/v2\/posts\/39247\/revisions"}],"predecessor-version":[{"id":39253,"href":"https:\/\/www.krafthand.de\/truck\/wp-json\/wp\/v2\/posts\/39247\/revisions\/39253"}],"wp:featuredmedia":[{"embeddable":true,"href":"https:\/\/www.krafthand.de\/truck\/wp-json\/wp\/v2\/media\/39248"}],"wp:attachment":[{"href":"https:\/\/www.krafthand.de\/truck\/wp-json\/wp\/v2\/media?parent=39247"}],"wp:term":[{"taxonomy":"category","embeddable":true,"href":"https:\/\/www.krafthand.de\/truck\/wp-json\/wp\/v2\/categories?post=39247"},{"taxonomy":"post_tag","embeddable":true,"href":"https:\/\/www.krafthand.de\/truck\/wp-json\/wp\/v2\/tags?post=39247"},{"taxonomy":"settings","embeddable":true,"href":"https:\/\/www.krafthand.de\/truck\/wp-json\/wp\/v2\/settings?post=39247"}],"curies":[{"name":"wp","href":"https:\/\/api.w.org\/{rel}","templated":true}]}}