{"id":39197,"date":"2024-03-20T08:32:34","date_gmt":"2024-03-20T07:32:34","guid":{"rendered":"https:\/\/www.krafthand.de\/truck\/?p=39197"},"modified":"2024-03-20T08:35:27","modified_gmt":"2024-03-20T07:35:27","slug":"artikeldatenbank-herthbuss-setzt-auf-cloud-anwendung","status":"publish","type":"post","link":"https:\/\/www.krafthand.de\/truck\/artikel\/artikeldatenbank-herthbuss-setzt-auf-cloud-anwendung-39197\/","title":{"rendered":"Artikeldatenbank: Herth+Buss setzt auf Cloud-Anwendung"},"content":{"rendered":"<p>Der Ersatzteilespezialist aus Heusenstamm Herth+Buss, setzt auf eine neue Artikeldatenbank basierend auf der Azure-Cloud von Microsoft. Die Informationen zu s\u00e4mtlichen lieferbaren Positionen sind somit jederzeit f\u00fcr die Mitarbeiter zug\u00e4nglich und k\u00f6nnen an zentraler Stelle gepflegt werden. Damit fallen laut Herth+Buss keine zus\u00e4tzlichen Kosten f\u00fcr Wartung, Hard- und Software im Haus an. Die Nutzung der Azure Cloud sei durch die Erreichbarkeit der CPDM-Datenbank mit einer Garantie von ungef\u00e4hr 99,5 Prozent gew\u00e4hrleistet. Dadurch werden Ausfallzeiten im t\u00e4glichen Betrieb praktisch eliminiert, was zu einer kontinuierlichen, reibungslosen Erf\u00fcllung der betrieblichen Anforderungen f\u00fchrt.<br \/>\nAls Cloud-Anwendung erm\u00f6gliche die Datenbank zudem eine flexible Skalierung der Ressourcen je nach Bedarf. Bei zus\u00e4tzlichem Rechenbedarf kann die erforderliche Leistung sofort und flexibel hinzugef\u00fcgt oder entfernt werden. Dadurch bleibt die Leistungsf\u00e4higkeit der Datenbank stets optimal, w\u00e4hrend Ressourcen gleichzeitig effizient genutzt werden.<br \/>\nDas Benutzermanagement der CPDM-Datenbank wird \u00fcber die Active Directory von Herth+Buss durchgef\u00fchrt. Dadurch k\u00f6nnen die Benutzerkonten und Zugriffsrechte einfach und effektiv intern verwaltet werden. <a href=\"https:\/\/herthundbuss.com\" target=\"_blank\" rel=\"noopener\">Herth+Buss<\/a> hat zus\u00e4tzlich Ma\u00dfnahmen ergriffen, um die Leistung der Datenbank auch bei Exporten\/Importen, die eine bestimmte Gr\u00f6\u00dfe \u00fcberschreiten, sicherzustellen. Diese werden ausgelagert, um sicherzustellen, dass die Nutzer weiterarbeiten k\u00f6nnen, ohne dass die Performance beeintr\u00e4chtigt wird. Dies gilt auch f\u00fcr Vollupdates wie beispielsweise der TecDoc-Daten.<\/p>\n","protected":false},"excerpt":{"rendered":"<p>Der Ersatzteilespezialist aus Heusenstamm Herth+Buss, setzt auf eine neue Artikeldatenbank basierend auf der Azure-Cloud von Microsoft. Die Informationen zu s\u00e4mtlichen lieferbaren Positionen sind somit jederzeit f\u00fcr die Mitarbeiter zug\u00e4nglich und k\u00f6nnen an zentraler Stelle gepflegt werden. <span class=\"excerpt-more__dots\">&#8230;<\/span> <a class=\"excerpt-more__link\" href=\"https:\/\/www.krafthand.de\/truck\/artikel\/artikeldatenbank-herthbuss-setzt-auf-cloud-anwendung-39197\/\" >weiter<\/a><\/p>\n","protected":false},"author":9,"featured_media":39205,"comment_status":"closed","ping_status":"closed","sticky":false,"template":"","format":"standard","meta":{"footnotes":""},"categories":[4912,4235],"tags":[5897,2720,5764,5898,454],"settings":[4766,3523],"class_list":["post-39197","post","type-post","status-publish","format-standard","has-post-thumbnail","hentry","category-ersatzteile-zubehoer","category-unternehmen","tag-cloud","tag-herthbuss","tag-lkw-teile","tag-microsoft-azure","tag-zubehoer"],"yoast_head":"<!-- This site is optimized with the Yoast SEO plugin v27.3 - https:\/\/yoast.com\/product\/yoast-seo-wordpress\/ -->\n<title>Artikeldatenbank: Herth+Buss setzt auf Cloud-Anwendung - Krafthand-Truck<\/title>\n<meta name=\"description\" content=\"Der Ersatzteilspezialist Herth+Buss setzt auf eine neue Artikeldatenbank basierend auf der Azure-Cloud von Microsoft.\" \/>\n<meta name=\"robots\" content=\"index, follow, max-snippet:-1, max-image-preview:large, max-video-preview:-1\" \/>\n<link rel=\"canonical\" href=\"https:\/\/www.krafthand.de\/truck\/artikel\/artikeldatenbank-herthbuss-setzt-auf-cloud-anwendung-39197\/\" \/>\n<meta property=\"og:locale\" content=\"de_DE\" \/>\n<meta property=\"og:type\" content=\"article\" \/>\n<meta property=\"og:title\" content=\"Artikeldatenbank: Herth+Buss setzt auf Cloud-Anwendung - Krafthand-Truck\" \/>\n<meta property=\"og:description\" content=\"Der Ersatzteilspezialist Herth+Buss setzt auf eine neue Artikeldatenbank basierend auf der Azure-Cloud von Microsoft.\" \/>\n<meta property=\"og:url\" content=\"https:\/\/www.krafthand-truck.de\/artikel\/artikeldatenbank-herthbuss-setzt-auf-cloud-anwendung-39197\/\" \/>\n<meta property=\"og:site_name\" content=\"Krafthand-Truck\" \/>\n<meta property=\"article:published_time\" content=\"2024-03-20T07:32:34+00:00\" \/>\n<meta property=\"article:modified_time\" content=\"2024-03-20T07:35:27+00:00\" \/>\n<meta property=\"og:image\" content=\"https:\/\/static.krafthand-truck.de\/uploads\/2024\/03\/Herth_Buss_Artikeldatenbank_Cloud.jpg\" \/>\n\t<meta property=\"og:image:width\" content=\"1200\" \/>\n\t<meta property=\"og:image:height\" content=\"821\" \/>\n\t<meta property=\"og:image:type\" content=\"image\/jpeg\" \/>\n<meta name=\"author\" content=\"georg.blenk@krafthand-medien.de\" \/>\n<meta name=\"twitter:card\" content=\"summary_large_image\" \/>\n<meta name=\"twitter:label1\" content=\"Verfasst von\" \/>\n\t<meta name=\"twitter:data1\" content=\"georg.blenk@krafthand-medien.de\" \/>\n\t<meta name=\"twitter:label2\" content=\"Gesch\u00e4tzte Lesezeit\" \/>\n\t<meta name=\"twitter:data2\" content=\"2\u00a0Minuten\" \/>\n<script type=\"application\/ld+json\" class=\"yoast-schema-graph\">{\"@context\":\"https:\\\/\\\/schema.org\",\"@graph\":[{\"@type\":\"Article\",\"@id\":\"https:\\\/\\\/www.krafthand.de\\\/truck\\\/artikel\\\/artikeldatenbank-herthbuss-setzt-auf-cloud-anwendung-39197\\\/#article\",\"isPartOf\":{\"@id\":\"https:\\\/\\\/www.krafthand.de\\\/truck\\\/artikel\\\/artikeldatenbank-herthbuss-setzt-auf-cloud-anwendung-39197\\\/\"},\"author\":{\"name\":\"georg.blenk@krafthand-medien.de\",\"@id\":\"https:\\\/\\\/www.krafthand.de\\\/truck\\\/#\\\/schema\\\/person\\\/51fa80b1c57034c4bf63f9f988fc24ce\"},\"headline\":\"Artikeldatenbank: Herth+Buss setzt auf Cloud-Anwendung\",\"datePublished\":\"2024-03-20T07:32:34+00:00\",\"dateModified\":\"2024-03-20T07:35:27+00:00\",\"mainEntityOfPage\":{\"@id\":\"https:\\\/\\\/www.krafthand.de\\\/truck\\\/artikel\\\/artikeldatenbank-herthbuss-setzt-auf-cloud-anwendung-39197\\\/\"},\"wordCount\":232,\"image\":{\"@id\":\"https:\\\/\\\/www.krafthand.de\\\/truck\\\/artikel\\\/artikeldatenbank-herthbuss-setzt-auf-cloud-anwendung-39197\\\/#primaryimage\"},\"thumbnailUrl\":\"https:\\\/\\\/static.krafthand-truck.de\\\/uploads\\\/2024\\\/03\\\/Herth_Buss_Artikeldatenbank_Cloud.jpg\",\"keywords\":[\"Cloud\",\"Herth+Buss\",\"Lkw-Teile\",\"Microsoft Azure\",\"Zubeh\u00f6r\"],\"articleSection\":[\"Ersatzteile\\\/Zubeh\u00f6r\",\"Unternehmen\"],\"inLanguage\":\"de\"},{\"@type\":\"WebPage\",\"@id\":\"https:\\\/\\\/www.krafthand.de\\\/truck\\\/artikel\\\/artikeldatenbank-herthbuss-setzt-auf-cloud-anwendung-39197\\\/\",\"url\":\"https:\\\/\\\/www.krafthand.de\\\/truck\\\/artikel\\\/artikeldatenbank-herthbuss-setzt-auf-cloud-anwendung-39197\\\/\",\"name\":\"Artikeldatenbank: Herth+Buss setzt auf Cloud-Anwendung - Krafthand-Truck\",\"isPartOf\":{\"@id\":\"https:\\\/\\\/www.krafthand.de\\\/truck\\\/#website\"},\"primaryImageOfPage\":{\"@id\":\"https:\\\/\\\/www.krafthand.de\\\/truck\\\/artikel\\\/artikeldatenbank-herthbuss-setzt-auf-cloud-anwendung-39197\\\/#primaryimage\"},\"image\":{\"@id\":\"https:\\\/\\\/www.krafthand.de\\\/truck\\\/artikel\\\/artikeldatenbank-herthbuss-setzt-auf-cloud-anwendung-39197\\\/#primaryimage\"},\"thumbnailUrl\":\"https:\\\/\\\/static.krafthand-truck.de\\\/uploads\\\/2024\\\/03\\\/Herth_Buss_Artikeldatenbank_Cloud.jpg\",\"datePublished\":\"2024-03-20T07:32:34+00:00\",\"dateModified\":\"2024-03-20T07:35:27+00:00\",\"author\":{\"@id\":\"https:\\\/\\\/www.krafthand.de\\\/truck\\\/#\\\/schema\\\/person\\\/51fa80b1c57034c4bf63f9f988fc24ce\"},\"description\":\"Der Ersatzteilspezialist Herth+Buss setzt auf eine neue Artikeldatenbank basierend auf der Azure-Cloud von Microsoft.\",\"breadcrumb\":{\"@id\":\"https:\\\/\\\/www.krafthand.de\\\/truck\\\/artikel\\\/artikeldatenbank-herthbuss-setzt-auf-cloud-anwendung-39197\\\/#breadcrumb\"},\"inLanguage\":\"de\",\"potentialAction\":[{\"@type\":\"ReadAction\",\"target\":[\"https:\\\/\\\/www.krafthand.de\\\/truck\\\/artikel\\\/artikeldatenbank-herthbuss-setzt-auf-cloud-anwendung-39197\\\/\"]}]},{\"@type\":\"ImageObject\",\"inLanguage\":\"de\",\"@id\":\"https:\\\/\\\/www.krafthand.de\\\/truck\\\/artikel\\\/artikeldatenbank-herthbuss-setzt-auf-cloud-anwendung-39197\\\/#primaryimage\",\"url\":\"https:\\\/\\\/static.krafthand-truck.de\\\/uploads\\\/2024\\\/03\\\/Herth_Buss_Artikeldatenbank_Cloud.jpg\",\"contentUrl\":\"https:\\\/\\\/static.krafthand-truck.de\\\/uploads\\\/2024\\\/03\\\/Herth_Buss_Artikeldatenbank_Cloud.jpg\",\"width\":1200,\"height\":821},{\"@type\":\"BreadcrumbList\",\"@id\":\"https:\\\/\\\/www.krafthand.de\\\/truck\\\/artikel\\\/artikeldatenbank-herthbuss-setzt-auf-cloud-anwendung-39197\\\/#breadcrumb\",\"itemListElement\":[{\"@type\":\"ListItem\",\"position\":1,\"name\":\"Krafthand-Truck\",\"item\":\"https:\\\/\\\/www.krafthand.de\\\/truck\\\/\"},{\"@type\":\"ListItem\",\"position\":2,\"name\":\"Nfz-Branche\",\"item\":\"https:\\\/\\\/www.krafthand.de\\\/truck\\\/kategorie\\\/branche\\\/\"},{\"@type\":\"ListItem\",\"position\":3,\"name\":\"Unternehmen\",\"item\":\"https:\\\/\\\/www.krafthand.de\\\/truck\\\/kategorie\\\/branche\\\/unternehmen\\\/\"},{\"@type\":\"ListItem\",\"position\":4,\"name\":\"Artikeldatenbank: Herth+Buss setzt auf Cloud-Anwendung\"}]},{\"@type\":\"WebSite\",\"@id\":\"https:\\\/\\\/www.krafthand.de\\\/truck\\\/#website\",\"url\":\"https:\\\/\\\/www.krafthand.de\\\/truck\\\/\",\"name\":\"Krafthand-Truck\",\"description\":\"\",\"potentialAction\":[{\"@type\":\"SearchAction\",\"target\":{\"@type\":\"EntryPoint\",\"urlTemplate\":\"https:\\\/\\\/www.krafthand.de\\\/truck\\\/?s={search_term_string}\"},\"query-input\":{\"@type\":\"PropertyValueSpecification\",\"valueRequired\":true,\"valueName\":\"search_term_string\"}}],\"inLanguage\":\"de\"},{\"@type\":\"Person\",\"@id\":\"https:\\\/\\\/www.krafthand.de\\\/truck\\\/#\\\/schema\\\/person\\\/51fa80b1c57034c4bf63f9f988fc24ce\",\"name\":\"georg.blenk@krafthand-medien.de\",\"image\":{\"@type\":\"ImageObject\",\"inLanguage\":\"de\",\"@id\":\"https:\\\/\\\/secure.gravatar.com\\\/avatar\\\/93713c30affe0aa95d3a4130e499bb1abee2eb31adbdd9ce2aa1543538490215?s=96&d=mm&r=g\",\"url\":\"https:\\\/\\\/secure.gravatar.com\\\/avatar\\\/93713c30affe0aa95d3a4130e499bb1abee2eb31adbdd9ce2aa1543538490215?s=96&d=mm&r=g\",\"contentUrl\":\"https:\\\/\\\/secure.gravatar.com\\\/avatar\\\/93713c30affe0aa95d3a4130e499bb1abee2eb31adbdd9ce2aa1543538490215?s=96&d=mm&r=g\",\"caption\":\"georg.blenk@krafthand-medien.de\"}}]}<\/script>\n<!-- \/ Yoast SEO plugin. -->","yoast_head_json":{"title":"Artikeldatenbank: Herth+Buss setzt auf Cloud-Anwendung - Krafthand-Truck","description":"Der Ersatzteilspezialist Herth+Buss setzt auf eine neue Artikeldatenbank basierend auf der Azure-Cloud von Microsoft.","robots":{"index":"index","follow":"follow","max-snippet":"max-snippet:-1","max-image-preview":"max-image-preview:large","max-video-preview":"max-video-preview:-1"},"canonical":"https:\/\/www.krafthand.de\/truck\/artikel\/artikeldatenbank-herthbuss-setzt-auf-cloud-anwendung-39197\/","og_locale":"de_DE","og_type":"article","og_title":"Artikeldatenbank: Herth+Buss setzt auf Cloud-Anwendung - Krafthand-Truck","og_description":"Der Ersatzteilspezialist Herth+Buss setzt auf eine neue Artikeldatenbank basierend auf der Azure-Cloud von Microsoft.","og_url":"https:\/\/www.krafthand-truck.de\/artikel\/artikeldatenbank-herthbuss-setzt-auf-cloud-anwendung-39197\/","og_site_name":"Krafthand-Truck","article_published_time":"2024-03-20T07:32:34+00:00","article_modified_time":"2024-03-20T07:35:27+00:00","og_image":[{"width":1200,"height":821,"url":"https:\/\/static.krafthand-truck.de\/uploads\/2024\/03\/Herth_Buss_Artikeldatenbank_Cloud.jpg","type":"image\/jpeg"}],"author":"georg.blenk@krafthand-medien.de","twitter_card":"summary_large_image","twitter_misc":{"Verfasst von":"georg.blenk@krafthand-medien.de","Gesch\u00e4tzte Lesezeit":"2\u00a0Minuten"},"schema":{"@context":"https:\/\/schema.org","@graph":[{"@type":"Article","@id":"https:\/\/www.krafthand.de\/truck\/artikel\/artikeldatenbank-herthbuss-setzt-auf-cloud-anwendung-39197\/#article","isPartOf":{"@id":"https:\/\/www.krafthand.de\/truck\/artikel\/artikeldatenbank-herthbuss-setzt-auf-cloud-anwendung-39197\/"},"author":{"name":"georg.blenk@krafthand-medien.de","@id":"https:\/\/www.krafthand.de\/truck\/#\/schema\/person\/51fa80b1c57034c4bf63f9f988fc24ce"},"headline":"Artikeldatenbank: Herth+Buss setzt auf Cloud-Anwendung","datePublished":"2024-03-20T07:32:34+00:00","dateModified":"2024-03-20T07:35:27+00:00","mainEntityOfPage":{"@id":"https:\/\/www.krafthand.de\/truck\/artikel\/artikeldatenbank-herthbuss-setzt-auf-cloud-anwendung-39197\/"},"wordCount":232,"image":{"@id":"https:\/\/www.krafthand.de\/truck\/artikel\/artikeldatenbank-herthbuss-setzt-auf-cloud-anwendung-39197\/#primaryimage"},"thumbnailUrl":"https:\/\/static.krafthand-truck.de\/uploads\/2024\/03\/Herth_Buss_Artikeldatenbank_Cloud.jpg","keywords":["Cloud","Herth+Buss","Lkw-Teile","Microsoft Azure","Zubeh\u00f6r"],"articleSection":["Ersatzteile\/Zubeh\u00f6r","Unternehmen"],"inLanguage":"de"},{"@type":"WebPage","@id":"https:\/\/www.krafthand.de\/truck\/artikel\/artikeldatenbank-herthbuss-setzt-auf-cloud-anwendung-39197\/","url":"https:\/\/www.krafthand.de\/truck\/artikel\/artikeldatenbank-herthbuss-setzt-auf-cloud-anwendung-39197\/","name":"Artikeldatenbank: Herth+Buss setzt auf Cloud-Anwendung - Krafthand-Truck","isPartOf":{"@id":"https:\/\/www.krafthand.de\/truck\/#website"},"primaryImageOfPage":{"@id":"https:\/\/www.krafthand.de\/truck\/artikel\/artikeldatenbank-herthbuss-setzt-auf-cloud-anwendung-39197\/#primaryimage"},"image":{"@id":"https:\/\/www.krafthand.de\/truck\/artikel\/artikeldatenbank-herthbuss-setzt-auf-cloud-anwendung-39197\/#primaryimage"},"thumbnailUrl":"https:\/\/static.krafthand-truck.de\/uploads\/2024\/03\/Herth_Buss_Artikeldatenbank_Cloud.jpg","datePublished":"2024-03-20T07:32:34+00:00","dateModified":"2024-03-20T07:35:27+00:00","author":{"@id":"https:\/\/www.krafthand.de\/truck\/#\/schema\/person\/51fa80b1c57034c4bf63f9f988fc24ce"},"description":"Der Ersatzteilspezialist Herth+Buss setzt auf eine neue Artikeldatenbank basierend auf der Azure-Cloud von Microsoft.","breadcrumb":{"@id":"https:\/\/www.krafthand.de\/truck\/artikel\/artikeldatenbank-herthbuss-setzt-auf-cloud-anwendung-39197\/#breadcrumb"},"inLanguage":"de","potentialAction":[{"@type":"ReadAction","target":["https:\/\/www.krafthand.de\/truck\/artikel\/artikeldatenbank-herthbuss-setzt-auf-cloud-anwendung-39197\/"]}]},{"@type":"ImageObject","inLanguage":"de","@id":"https:\/\/www.krafthand.de\/truck\/artikel\/artikeldatenbank-herthbuss-setzt-auf-cloud-anwendung-39197\/#primaryimage","url":"https:\/\/static.krafthand-truck.de\/uploads\/2024\/03\/Herth_Buss_Artikeldatenbank_Cloud.jpg","contentUrl":"https:\/\/static.krafthand-truck.de\/uploads\/2024\/03\/Herth_Buss_Artikeldatenbank_Cloud.jpg","width":1200,"height":821},{"@type":"BreadcrumbList","@id":"https:\/\/www.krafthand.de\/truck\/artikel\/artikeldatenbank-herthbuss-setzt-auf-cloud-anwendung-39197\/#breadcrumb","itemListElement":[{"@type":"ListItem","position":1,"name":"Krafthand-Truck","item":"https:\/\/www.krafthand.de\/truck\/"},{"@type":"ListItem","position":2,"name":"Nfz-Branche","item":"https:\/\/www.krafthand.de\/truck\/kategorie\/branche\/"},{"@type":"ListItem","position":3,"name":"Unternehmen","item":"https:\/\/www.krafthand.de\/truck\/kategorie\/branche\/unternehmen\/"},{"@type":"ListItem","position":4,"name":"Artikeldatenbank: Herth+Buss setzt auf Cloud-Anwendung"}]},{"@type":"WebSite","@id":"https:\/\/www.krafthand.de\/truck\/#website","url":"https:\/\/www.krafthand.de\/truck\/","name":"Krafthand-Truck","description":"","potentialAction":[{"@type":"SearchAction","target":{"@type":"EntryPoint","urlTemplate":"https:\/\/www.krafthand.de\/truck\/?s={search_term_string}"},"query-input":{"@type":"PropertyValueSpecification","valueRequired":true,"valueName":"search_term_string"}}],"inLanguage":"de"},{"@type":"Person","@id":"https:\/\/www.krafthand.de\/truck\/#\/schema\/person\/51fa80b1c57034c4bf63f9f988fc24ce","name":"georg.blenk@krafthand-medien.de","image":{"@type":"ImageObject","inLanguage":"de","@id":"https:\/\/secure.gravatar.com\/avatar\/93713c30affe0aa95d3a4130e499bb1abee2eb31adbdd9ce2aa1543538490215?s=96&d=mm&r=g","url":"https:\/\/secure.gravatar.com\/avatar\/93713c30affe0aa95d3a4130e499bb1abee2eb31adbdd9ce2aa1543538490215?s=96&d=mm&r=g","contentUrl":"https:\/\/secure.gravatar.com\/avatar\/93713c30affe0aa95d3a4130e499bb1abee2eb31adbdd9ce2aa1543538490215?s=96&d=mm&r=g","caption":"georg.blenk@krafthand-medien.de"}}]}},"_links":{"self":[{"href":"https:\/\/www.krafthand.de\/truck\/wp-json\/wp\/v2\/posts\/39197","targetHints":{"allow":["GET"]}}],"collection":[{"href":"https:\/\/www.krafthand.de\/truck\/wp-json\/wp\/v2\/posts"}],"about":[{"href":"https:\/\/www.krafthand.de\/truck\/wp-json\/wp\/v2\/types\/post"}],"author":[{"embeddable":true,"href":"https:\/\/www.krafthand.de\/truck\/wp-json\/wp\/v2\/users\/9"}],"replies":[{"embeddable":true,"href":"https:\/\/www.krafthand.de\/truck\/wp-json\/wp\/v2\/comments?post=39197"}],"version-history":[{"count":10,"href":"https:\/\/www.krafthand.de\/truck\/wp-json\/wp\/v2\/posts\/39197\/revisions"}],"predecessor-version":[{"id":39208,"href":"https:\/\/www.krafthand.de\/truck\/wp-json\/wp\/v2\/posts\/39197\/revisions\/39208"}],"wp:featuredmedia":[{"embeddable":true,"href":"https:\/\/www.krafthand.de\/truck\/wp-json\/wp\/v2\/media\/39205"}],"wp:attachment":[{"href":"https:\/\/www.krafthand.de\/truck\/wp-json\/wp\/v2\/media?parent=39197"}],"wp:term":[{"taxonomy":"category","embeddable":true,"href":"https:\/\/www.krafthand.de\/truck\/wp-json\/wp\/v2\/categories?post=39197"},{"taxonomy":"post_tag","embeddable":true,"href":"https:\/\/www.krafthand.de\/truck\/wp-json\/wp\/v2\/tags?post=39197"},{"taxonomy":"settings","embeddable":true,"href":"https:\/\/www.krafthand.de\/truck\/wp-json\/wp\/v2\/settings?post=39197"}],"curies":[{"name":"wp","href":"https:\/\/api.w.org\/{rel}","templated":true}]}}