{"id":39178,"date":"2024-03-19T07:56:23","date_gmt":"2024-03-19T06:56:23","guid":{"rendered":"https:\/\/www.krafthand.de\/truck\/?p=39178"},"modified":"2024-03-19T07:56:23","modified_gmt":"2024-03-19T06:56:23","slug":"alcar-deutschland-oliver-j-schneider-wird-geschaeftsfuehrer-vertrieb","status":"publish","type":"post","link":"https:\/\/www.krafthand.de\/truck\/artikel\/alcar-deutschland-oliver-j-schneider-wird-geschaeftsfuehrer-vertrieb-39178\/","title":{"rendered":"ALCAR Deutschland: Oliver J. Schneider wird Gesch\u00e4ftsf\u00fchrer Vertrieb"},"content":{"rendered":"<p>Mit April 2024 \u00fcbernimmt Oliver J. Schneider als Gesch\u00e4ftsf\u00fchrer Vertrieb gemeinsam mit dem Gesch\u00e4ftsf\u00fchrer Klaus K\u00fcfer die Leitung der ALCAR Deutschland mit Sitz in Siegburg.\u00a0 In seiner neuen Funktion als Gesch\u00e4ftsf\u00fchrer zeichnet Oliver J. Schneider f\u00fcr die Weiterentwicklung der Bereiche Vertrieb und Marketing f\u00fcr alle Kundengruppen der <a href=\"https:\/\/www.alcar.de\/rdks\/lkw\/\" target=\"_blank\" rel=\"noopener\">ALCAR Deutschland<\/a> verantwortlich.<\/p>\n<p>Neben seiner Funktion bei ALCAR Deutschland unterst\u00fctzt Oliver J. Schneider auch das internationale Vertriebsteam bei \u00fcberregionalen Projekten. Klaus K\u00fcfer wird sich in seiner Funktion als Gesch\u00e4ftsf\u00fchrer auf die Bereiche Finanz, Logistik, IT und Administration fokussieren.<\/p>\n<p>Schneider war zuvor mehr als zw\u00f6lf Jahre f\u00fcr Borbet als Gesch\u00e4ftsf\u00fchrer der Borbet Vertriebs GmbH t\u00e4tig und arbeitet seit insgesamt \u00fcber 29 Jahren in der Leichtmetallr\u00e4derbranche.<\/p>\n<blockquote><p>\u201eWir freuen uns sehr, dass wir mit Oliver Schneider einen hochspezialisierten und erfolgreichen Kenner der R\u00e4derbranche in Europa an Bord holen konnten. Mit seiner Expertise wird Oliver Schneider f\u00fcr die gesamte ALCAR Gruppe einen wichtigen Beitrag leisten, unsere f\u00fchrende Marktstellung in Europa zu festigen und erfolgreich auszubauen&#8220;, so Alexander Riklin, CEO der ALCAR Gruppe.<\/p><\/blockquote>\n<p>Die heutige ALCAR Gruppe wurde im Fr\u00fchsommer 1984 als BBV Beteiligung GmbH gegr\u00fcndet. Das Unternehmen expandierte in den 40 Jahren sukzessive und entwickelte sich zum Marktf\u00fchrer f\u00fcr Stahl- und Leichtmetallr\u00e4der im europ\u00e4ischen Pkw-Nachr\u00fcstmarkt. Seit 2014 kam der Bereich Reifendruck-Kontrollsensoren f\u00fcr Pkw und Lkw hinzu und wurde seitdem kontinuierlich ausgebaut und bildet gemeinsam mit dem Bereich Reifen und Komplettr\u00e4der eine weitere wichtige Haupts\u00e4ule der ALCAR Gruppe in Europa.<\/p>\n","protected":false},"excerpt":{"rendered":"<p>Mit April 2024 \u00fcbernimmt Oliver J. Schneider als Gesch\u00e4ftsf\u00fchrer Vertrieb gemeinsam mit dem Gesch\u00e4ftsf\u00fchrer Klaus K\u00fcfer die Leitung der ALCAR Deutschland mit Sitz in Siegburg.\u00a0 <span class=\"excerpt-more__dots\">&#8230;<\/span> <a class=\"excerpt-more__link\" href=\"https:\/\/www.krafthand.de\/truck\/artikel\/alcar-deutschland-oliver-j-schneider-wird-geschaeftsfuehrer-vertrieb-39178\/\" >weiter<\/a><\/p>\n","protected":false},"author":9,"featured_media":39182,"comment_status":"closed","ping_status":"closed","sticky":false,"template":"","format":"standard","meta":{"footnotes":""},"categories":[4238,4227],"tags":[5251,5895,1372],"settings":[4766,3523],"class_list":["post-39178","post","type-post","status-publish","format-standard","has-post-thumbnail","hentry","category-koepfe","category-rad-reifen-bremse","tag-alcar","tag-oliver-schneider","tag-rdks"],"yoast_head":"<!-- This site is optimized with the Yoast SEO plugin v27.3 - https:\/\/yoast.com\/product\/yoast-seo-wordpress\/ -->\n<title>Oliver J. Schneider als Gesch\u00e4ftsf\u00fchrer Vertrieb bei Alcar<\/title>\n<meta name=\"description\" content=\"Mit April 2024 \u00fcbernimmt Oliver J. Schneider als Gesch\u00e4ftsf\u00fchrer Vertrieb gemeinsam mit dem Gesch\u00e4ftsf\u00fchrer Klaus K\u00fcfer die Leitung der ALCAR Deutschland mit Sitz in Siegburg.\u00a0\" \/>\n<meta name=\"robots\" content=\"index, follow, max-snippet:-1, max-image-preview:large, max-video-preview:-1\" \/>\n<link rel=\"canonical\" href=\"https:\/\/www.krafthand.de\/truck\/artikel\/alcar-deutschland-oliver-j-schneider-wird-geschaeftsfuehrer-vertrieb-39178\/\" \/>\n<meta property=\"og:locale\" content=\"de_DE\" \/>\n<meta property=\"og:type\" content=\"article\" \/>\n<meta property=\"og:title\" content=\"Oliver J. Schneider als Gesch\u00e4ftsf\u00fchrer Vertrieb bei Alcar\" \/>\n<meta property=\"og:description\" content=\"Mit April 2024 \u00fcbernimmt Oliver J. Schneider als Gesch\u00e4ftsf\u00fchrer Vertrieb gemeinsam mit dem Gesch\u00e4ftsf\u00fchrer Klaus K\u00fcfer die Leitung der ALCAR Deutschland mit Sitz in Siegburg.\u00a0\" \/>\n<meta property=\"og:url\" content=\"https:\/\/www.krafthand-truck.de\/artikel\/alcar-deutschland-oliver-j-schneider-wird-geschaeftsfuehrer-vertrieb-39178\/\" \/>\n<meta property=\"og:site_name\" content=\"Krafthand-Truck\" \/>\n<meta property=\"article:published_time\" content=\"2024-03-19T06:56:23+00:00\" \/>\n<meta property=\"og:image\" content=\"https:\/\/static.krafthand-truck.de\/uploads\/2024\/03\/ALCAR_Oliver_J_Schneider.jpg\" \/>\n\t<meta property=\"og:image:width\" content=\"800\" \/>\n\t<meta property=\"og:image:height\" content=\"1064\" \/>\n\t<meta property=\"og:image:type\" content=\"image\/jpeg\" \/>\n<meta name=\"author\" content=\"georg.blenk@krafthand-medien.de\" \/>\n<meta name=\"twitter:card\" content=\"summary_large_image\" \/>\n<meta name=\"twitter:label1\" content=\"Verfasst von\" \/>\n\t<meta name=\"twitter:data1\" content=\"georg.blenk@krafthand-medien.de\" \/>\n\t<meta name=\"twitter:label2\" content=\"Gesch\u00e4tzte Lesezeit\" \/>\n\t<meta name=\"twitter:data2\" content=\"2\u00a0Minuten\" \/>\n<script type=\"application\/ld+json\" class=\"yoast-schema-graph\">{\"@context\":\"https:\\\/\\\/schema.org\",\"@graph\":[{\"@type\":\"Article\",\"@id\":\"https:\\\/\\\/www.krafthand.de\\\/truck\\\/artikel\\\/alcar-deutschland-oliver-j-schneider-wird-geschaeftsfuehrer-vertrieb-39178\\\/#article\",\"isPartOf\":{\"@id\":\"https:\\\/\\\/www.krafthand.de\\\/truck\\\/artikel\\\/alcar-deutschland-oliver-j-schneider-wird-geschaeftsfuehrer-vertrieb-39178\\\/\"},\"author\":{\"name\":\"georg.blenk@krafthand-medien.de\",\"@id\":\"https:\\\/\\\/www.krafthand.de\\\/truck\\\/#\\\/schema\\\/person\\\/51fa80b1c57034c4bf63f9f988fc24ce\"},\"headline\":\"ALCAR Deutschland: Oliver J. Schneider wird Gesch\u00e4ftsf\u00fchrer Vertrieb\",\"datePublished\":\"2024-03-19T06:56:23+00:00\",\"mainEntityOfPage\":{\"@id\":\"https:\\\/\\\/www.krafthand.de\\\/truck\\\/artikel\\\/alcar-deutschland-oliver-j-schneider-wird-geschaeftsfuehrer-vertrieb-39178\\\/\"},\"wordCount\":269,\"image\":{\"@id\":\"https:\\\/\\\/www.krafthand.de\\\/truck\\\/artikel\\\/alcar-deutschland-oliver-j-schneider-wird-geschaeftsfuehrer-vertrieb-39178\\\/#primaryimage\"},\"thumbnailUrl\":\"https:\\\/\\\/static.krafthand-truck.de\\\/uploads\\\/2024\\\/03\\\/ALCAR_Oliver_J_Schneider.jpg\",\"keywords\":[\"Alcar\",\"Oliver Schneider\",\"RDKS\"],\"articleSection\":[\"K\u00f6pfe\\\/Personen\",\"Rad\\\/Reifen\\\/Bremse\"],\"inLanguage\":\"de\"},{\"@type\":\"WebPage\",\"@id\":\"https:\\\/\\\/www.krafthand.de\\\/truck\\\/artikel\\\/alcar-deutschland-oliver-j-schneider-wird-geschaeftsfuehrer-vertrieb-39178\\\/\",\"url\":\"https:\\\/\\\/www.krafthand.de\\\/truck\\\/artikel\\\/alcar-deutschland-oliver-j-schneider-wird-geschaeftsfuehrer-vertrieb-39178\\\/\",\"name\":\"Oliver J. Schneider als Gesch\u00e4ftsf\u00fchrer Vertrieb bei Alcar\",\"isPartOf\":{\"@id\":\"https:\\\/\\\/www.krafthand.de\\\/truck\\\/#website\"},\"primaryImageOfPage\":{\"@id\":\"https:\\\/\\\/www.krafthand.de\\\/truck\\\/artikel\\\/alcar-deutschland-oliver-j-schneider-wird-geschaeftsfuehrer-vertrieb-39178\\\/#primaryimage\"},\"image\":{\"@id\":\"https:\\\/\\\/www.krafthand.de\\\/truck\\\/artikel\\\/alcar-deutschland-oliver-j-schneider-wird-geschaeftsfuehrer-vertrieb-39178\\\/#primaryimage\"},\"thumbnailUrl\":\"https:\\\/\\\/static.krafthand-truck.de\\\/uploads\\\/2024\\\/03\\\/ALCAR_Oliver_J_Schneider.jpg\",\"datePublished\":\"2024-03-19T06:56:23+00:00\",\"author\":{\"@id\":\"https:\\\/\\\/www.krafthand.de\\\/truck\\\/#\\\/schema\\\/person\\\/51fa80b1c57034c4bf63f9f988fc24ce\"},\"description\":\"Mit April 2024 \u00fcbernimmt Oliver J. Schneider als Gesch\u00e4ftsf\u00fchrer Vertrieb gemeinsam mit dem Gesch\u00e4ftsf\u00fchrer Klaus K\u00fcfer die Leitung der ALCAR Deutschland mit Sitz in Siegburg.\u00a0\",\"breadcrumb\":{\"@id\":\"https:\\\/\\\/www.krafthand.de\\\/truck\\\/artikel\\\/alcar-deutschland-oliver-j-schneider-wird-geschaeftsfuehrer-vertrieb-39178\\\/#breadcrumb\"},\"inLanguage\":\"de\",\"potentialAction\":[{\"@type\":\"ReadAction\",\"target\":[\"https:\\\/\\\/www.krafthand.de\\\/truck\\\/artikel\\\/alcar-deutschland-oliver-j-schneider-wird-geschaeftsfuehrer-vertrieb-39178\\\/\"]}]},{\"@type\":\"ImageObject\",\"inLanguage\":\"de\",\"@id\":\"https:\\\/\\\/www.krafthand.de\\\/truck\\\/artikel\\\/alcar-deutschland-oliver-j-schneider-wird-geschaeftsfuehrer-vertrieb-39178\\\/#primaryimage\",\"url\":\"https:\\\/\\\/static.krafthand-truck.de\\\/uploads\\\/2024\\\/03\\\/ALCAR_Oliver_J_Schneider.jpg\",\"contentUrl\":\"https:\\\/\\\/static.krafthand-truck.de\\\/uploads\\\/2024\\\/03\\\/ALCAR_Oliver_J_Schneider.jpg\",\"width\":800,\"height\":1064},{\"@type\":\"BreadcrumbList\",\"@id\":\"https:\\\/\\\/www.krafthand.de\\\/truck\\\/artikel\\\/alcar-deutschland-oliver-j-schneider-wird-geschaeftsfuehrer-vertrieb-39178\\\/#breadcrumb\",\"itemListElement\":[{\"@type\":\"ListItem\",\"position\":1,\"name\":\"Krafthand-Truck\",\"item\":\"https:\\\/\\\/www.krafthand.de\\\/truck\\\/\"},{\"@type\":\"ListItem\",\"position\":2,\"name\":\"Nfz-Branche\",\"item\":\"https:\\\/\\\/www.krafthand.de\\\/truck\\\/kategorie\\\/branche\\\/\"},{\"@type\":\"ListItem\",\"position\":3,\"name\":\"K\u00f6pfe\\\/Personen\",\"item\":\"https:\\\/\\\/www.krafthand.de\\\/truck\\\/kategorie\\\/branche\\\/koepfe\\\/\"},{\"@type\":\"ListItem\",\"position\":4,\"name\":\"ALCAR Deutschland: Oliver J. Schneider wird Gesch\u00e4ftsf\u00fchrer Vertrieb\"}]},{\"@type\":\"WebSite\",\"@id\":\"https:\\\/\\\/www.krafthand.de\\\/truck\\\/#website\",\"url\":\"https:\\\/\\\/www.krafthand.de\\\/truck\\\/\",\"name\":\"Krafthand-Truck\",\"description\":\"\",\"potentialAction\":[{\"@type\":\"SearchAction\",\"target\":{\"@type\":\"EntryPoint\",\"urlTemplate\":\"https:\\\/\\\/www.krafthand.de\\\/truck\\\/?s={search_term_string}\"},\"query-input\":{\"@type\":\"PropertyValueSpecification\",\"valueRequired\":true,\"valueName\":\"search_term_string\"}}],\"inLanguage\":\"de\"},{\"@type\":\"Person\",\"@id\":\"https:\\\/\\\/www.krafthand.de\\\/truck\\\/#\\\/schema\\\/person\\\/51fa80b1c57034c4bf63f9f988fc24ce\",\"name\":\"georg.blenk@krafthand-medien.de\",\"image\":{\"@type\":\"ImageObject\",\"inLanguage\":\"de\",\"@id\":\"https:\\\/\\\/secure.gravatar.com\\\/avatar\\\/93713c30affe0aa95d3a4130e499bb1abee2eb31adbdd9ce2aa1543538490215?s=96&d=mm&r=g\",\"url\":\"https:\\\/\\\/secure.gravatar.com\\\/avatar\\\/93713c30affe0aa95d3a4130e499bb1abee2eb31adbdd9ce2aa1543538490215?s=96&d=mm&r=g\",\"contentUrl\":\"https:\\\/\\\/secure.gravatar.com\\\/avatar\\\/93713c30affe0aa95d3a4130e499bb1abee2eb31adbdd9ce2aa1543538490215?s=96&d=mm&r=g\",\"caption\":\"georg.blenk@krafthand-medien.de\"}}]}<\/script>\n<!-- \/ Yoast SEO plugin. -->","yoast_head_json":{"title":"Oliver J. Schneider als Gesch\u00e4ftsf\u00fchrer Vertrieb bei Alcar","description":"Mit April 2024 \u00fcbernimmt Oliver J. Schneider als Gesch\u00e4ftsf\u00fchrer Vertrieb gemeinsam mit dem Gesch\u00e4ftsf\u00fchrer Klaus K\u00fcfer die Leitung der ALCAR Deutschland mit Sitz in Siegburg.\u00a0","robots":{"index":"index","follow":"follow","max-snippet":"max-snippet:-1","max-image-preview":"max-image-preview:large","max-video-preview":"max-video-preview:-1"},"canonical":"https:\/\/www.krafthand.de\/truck\/artikel\/alcar-deutschland-oliver-j-schneider-wird-geschaeftsfuehrer-vertrieb-39178\/","og_locale":"de_DE","og_type":"article","og_title":"Oliver J. Schneider als Gesch\u00e4ftsf\u00fchrer Vertrieb bei Alcar","og_description":"Mit April 2024 \u00fcbernimmt Oliver J. Schneider als Gesch\u00e4ftsf\u00fchrer Vertrieb gemeinsam mit dem Gesch\u00e4ftsf\u00fchrer Klaus K\u00fcfer die Leitung der ALCAR Deutschland mit Sitz in Siegburg.\u00a0","og_url":"https:\/\/www.krafthand-truck.de\/artikel\/alcar-deutschland-oliver-j-schneider-wird-geschaeftsfuehrer-vertrieb-39178\/","og_site_name":"Krafthand-Truck","article_published_time":"2024-03-19T06:56:23+00:00","og_image":[{"width":800,"height":1064,"url":"https:\/\/static.krafthand-truck.de\/uploads\/2024\/03\/ALCAR_Oliver_J_Schneider.jpg","type":"image\/jpeg"}],"author":"georg.blenk@krafthand-medien.de","twitter_card":"summary_large_image","twitter_misc":{"Verfasst von":"georg.blenk@krafthand-medien.de","Gesch\u00e4tzte Lesezeit":"2\u00a0Minuten"},"schema":{"@context":"https:\/\/schema.org","@graph":[{"@type":"Article","@id":"https:\/\/www.krafthand.de\/truck\/artikel\/alcar-deutschland-oliver-j-schneider-wird-geschaeftsfuehrer-vertrieb-39178\/#article","isPartOf":{"@id":"https:\/\/www.krafthand.de\/truck\/artikel\/alcar-deutschland-oliver-j-schneider-wird-geschaeftsfuehrer-vertrieb-39178\/"},"author":{"name":"georg.blenk@krafthand-medien.de","@id":"https:\/\/www.krafthand.de\/truck\/#\/schema\/person\/51fa80b1c57034c4bf63f9f988fc24ce"},"headline":"ALCAR Deutschland: Oliver J. Schneider wird Gesch\u00e4ftsf\u00fchrer Vertrieb","datePublished":"2024-03-19T06:56:23+00:00","mainEntityOfPage":{"@id":"https:\/\/www.krafthand.de\/truck\/artikel\/alcar-deutschland-oliver-j-schneider-wird-geschaeftsfuehrer-vertrieb-39178\/"},"wordCount":269,"image":{"@id":"https:\/\/www.krafthand.de\/truck\/artikel\/alcar-deutschland-oliver-j-schneider-wird-geschaeftsfuehrer-vertrieb-39178\/#primaryimage"},"thumbnailUrl":"https:\/\/static.krafthand-truck.de\/uploads\/2024\/03\/ALCAR_Oliver_J_Schneider.jpg","keywords":["Alcar","Oliver Schneider","RDKS"],"articleSection":["K\u00f6pfe\/Personen","Rad\/Reifen\/Bremse"],"inLanguage":"de"},{"@type":"WebPage","@id":"https:\/\/www.krafthand.de\/truck\/artikel\/alcar-deutschland-oliver-j-schneider-wird-geschaeftsfuehrer-vertrieb-39178\/","url":"https:\/\/www.krafthand.de\/truck\/artikel\/alcar-deutschland-oliver-j-schneider-wird-geschaeftsfuehrer-vertrieb-39178\/","name":"Oliver J. Schneider als Gesch\u00e4ftsf\u00fchrer Vertrieb bei Alcar","isPartOf":{"@id":"https:\/\/www.krafthand.de\/truck\/#website"},"primaryImageOfPage":{"@id":"https:\/\/www.krafthand.de\/truck\/artikel\/alcar-deutschland-oliver-j-schneider-wird-geschaeftsfuehrer-vertrieb-39178\/#primaryimage"},"image":{"@id":"https:\/\/www.krafthand.de\/truck\/artikel\/alcar-deutschland-oliver-j-schneider-wird-geschaeftsfuehrer-vertrieb-39178\/#primaryimage"},"thumbnailUrl":"https:\/\/static.krafthand-truck.de\/uploads\/2024\/03\/ALCAR_Oliver_J_Schneider.jpg","datePublished":"2024-03-19T06:56:23+00:00","author":{"@id":"https:\/\/www.krafthand.de\/truck\/#\/schema\/person\/51fa80b1c57034c4bf63f9f988fc24ce"},"description":"Mit April 2024 \u00fcbernimmt Oliver J. Schneider als Gesch\u00e4ftsf\u00fchrer Vertrieb gemeinsam mit dem Gesch\u00e4ftsf\u00fchrer Klaus K\u00fcfer die Leitung der ALCAR Deutschland mit Sitz in Siegburg.\u00a0","breadcrumb":{"@id":"https:\/\/www.krafthand.de\/truck\/artikel\/alcar-deutschland-oliver-j-schneider-wird-geschaeftsfuehrer-vertrieb-39178\/#breadcrumb"},"inLanguage":"de","potentialAction":[{"@type":"ReadAction","target":["https:\/\/www.krafthand.de\/truck\/artikel\/alcar-deutschland-oliver-j-schneider-wird-geschaeftsfuehrer-vertrieb-39178\/"]}]},{"@type":"ImageObject","inLanguage":"de","@id":"https:\/\/www.krafthand.de\/truck\/artikel\/alcar-deutschland-oliver-j-schneider-wird-geschaeftsfuehrer-vertrieb-39178\/#primaryimage","url":"https:\/\/static.krafthand-truck.de\/uploads\/2024\/03\/ALCAR_Oliver_J_Schneider.jpg","contentUrl":"https:\/\/static.krafthand-truck.de\/uploads\/2024\/03\/ALCAR_Oliver_J_Schneider.jpg","width":800,"height":1064},{"@type":"BreadcrumbList","@id":"https:\/\/www.krafthand.de\/truck\/artikel\/alcar-deutschland-oliver-j-schneider-wird-geschaeftsfuehrer-vertrieb-39178\/#breadcrumb","itemListElement":[{"@type":"ListItem","position":1,"name":"Krafthand-Truck","item":"https:\/\/www.krafthand.de\/truck\/"},{"@type":"ListItem","position":2,"name":"Nfz-Branche","item":"https:\/\/www.krafthand.de\/truck\/kategorie\/branche\/"},{"@type":"ListItem","position":3,"name":"K\u00f6pfe\/Personen","item":"https:\/\/www.krafthand.de\/truck\/kategorie\/branche\/koepfe\/"},{"@type":"ListItem","position":4,"name":"ALCAR Deutschland: Oliver J. Schneider wird Gesch\u00e4ftsf\u00fchrer Vertrieb"}]},{"@type":"WebSite","@id":"https:\/\/www.krafthand.de\/truck\/#website","url":"https:\/\/www.krafthand.de\/truck\/","name":"Krafthand-Truck","description":"","potentialAction":[{"@type":"SearchAction","target":{"@type":"EntryPoint","urlTemplate":"https:\/\/www.krafthand.de\/truck\/?s={search_term_string}"},"query-input":{"@type":"PropertyValueSpecification","valueRequired":true,"valueName":"search_term_string"}}],"inLanguage":"de"},{"@type":"Person","@id":"https:\/\/www.krafthand.de\/truck\/#\/schema\/person\/51fa80b1c57034c4bf63f9f988fc24ce","name":"georg.blenk@krafthand-medien.de","image":{"@type":"ImageObject","inLanguage":"de","@id":"https:\/\/secure.gravatar.com\/avatar\/93713c30affe0aa95d3a4130e499bb1abee2eb31adbdd9ce2aa1543538490215?s=96&d=mm&r=g","url":"https:\/\/secure.gravatar.com\/avatar\/93713c30affe0aa95d3a4130e499bb1abee2eb31adbdd9ce2aa1543538490215?s=96&d=mm&r=g","contentUrl":"https:\/\/secure.gravatar.com\/avatar\/93713c30affe0aa95d3a4130e499bb1abee2eb31adbdd9ce2aa1543538490215?s=96&d=mm&r=g","caption":"georg.blenk@krafthand-medien.de"}}]}},"_links":{"self":[{"href":"https:\/\/www.krafthand.de\/truck\/wp-json\/wp\/v2\/posts\/39178","targetHints":{"allow":["GET"]}}],"collection":[{"href":"https:\/\/www.krafthand.de\/truck\/wp-json\/wp\/v2\/posts"}],"about":[{"href":"https:\/\/www.krafthand.de\/truck\/wp-json\/wp\/v2\/types\/post"}],"author":[{"embeddable":true,"href":"https:\/\/www.krafthand.de\/truck\/wp-json\/wp\/v2\/users\/9"}],"replies":[{"embeddable":true,"href":"https:\/\/www.krafthand.de\/truck\/wp-json\/wp\/v2\/comments?post=39178"}],"version-history":[{"count":4,"href":"https:\/\/www.krafthand.de\/truck\/wp-json\/wp\/v2\/posts\/39178\/revisions"}],"predecessor-version":[{"id":39183,"href":"https:\/\/www.krafthand.de\/truck\/wp-json\/wp\/v2\/posts\/39178\/revisions\/39183"}],"wp:featuredmedia":[{"embeddable":true,"href":"https:\/\/www.krafthand.de\/truck\/wp-json\/wp\/v2\/media\/39182"}],"wp:attachment":[{"href":"https:\/\/www.krafthand.de\/truck\/wp-json\/wp\/v2\/media?parent=39178"}],"wp:term":[{"taxonomy":"category","embeddable":true,"href":"https:\/\/www.krafthand.de\/truck\/wp-json\/wp\/v2\/categories?post=39178"},{"taxonomy":"post_tag","embeddable":true,"href":"https:\/\/www.krafthand.de\/truck\/wp-json\/wp\/v2\/tags?post=39178"},{"taxonomy":"settings","embeddable":true,"href":"https:\/\/www.krafthand.de\/truck\/wp-json\/wp\/v2\/settings?post=39178"}],"curies":[{"name":"wp","href":"https:\/\/api.w.org\/{rel}","templated":true}]}}