{"id":39156,"date":"2024-03-15T10:29:03","date_gmt":"2024-03-15T09:29:03","guid":{"rendered":"https:\/\/www.krafthand.de\/truck\/?p=39156"},"modified":"2024-03-15T10:29:56","modified_gmt":"2024-03-15T09:29:56","slug":"den-trailer-leicht-gemacht","status":"publish","type":"post","link":"https:\/\/www.krafthand.de\/truck\/artikel\/den-trailer-leicht-gemacht-39156\/","title":{"rendered":"Den Trailer leicht gemacht!"},"content":{"rendered":"<p>Auf der NUFAM in Karlsruhe pr\u00e4sentierte ZF letztes Jahr ein neues Konzept zur Elektrifizierung von Sattelaufliegern. Integriert in die Trailer-L\u00f6sung ist die elektrische Antriebsachse AxTrax 2 sowie ein modulares Batteriesystem zur Unterst\u00fctzung der Rekuperation und Traktion. Auf diese Weise soll das System einen schweren Diesel-Lkw zu einem Hybridfahrzeug, das bis zu 16 Prozent Kraftstoff und CO2 sparen kann, machen. Die optionale Ausf\u00fchrung als Plug-in-Hybrid erm\u00f6gliche sogar Einsparungen von bis zu 40 Prozent. Im rein elektrischen Gespann eingesetzt k\u00f6nne die Komplettl\u00f6sung zur Reichweitenverl\u00e4ngerung beitragen. Doch wie funktioniert der E-Trailer im Detail?<\/p>\n<h3>Simulation eines leichteren Trailers<\/h3>\n<p>Vereinfacht gesagt wird durch den elektrischen Antrieb dem Lkw ein leichterer Trailer simuliert, weil sich dieser teilweise oder vollst\u00e4ndig selbst antreibt. Dadurch wird der Kraftstoffverbrauch und der CO2-Aussto\u00df im besten Fall so weit reduziert, als ob die Zugmaschine ohne Trailer unterwegs w\u00e4re. Bei Lkw mit elektrischem Antrieb erh\u00f6ht der elektrifizierte Trailer durch die Entlastung der Zugmaschine die Reichweite.<br \/>\nNeben der Antriebsunterst\u00fctzung erm\u00f6glicht die E-Achse im Trailer beim Bremsen und Bergabfahren die Rekuperation von elektrischer Energie, die in einer Batterie gespeichert wird. Diese Energie kann f\u00fcr die beschriebene Traktionsunterst\u00fctzung oder auch f\u00fcr den Betrieb von elektrifizierten K\u00fchl- und Nebenaggregaten im Trailer genutzt werden, beispielsweise zur Versorgung des elektrischen Nebenabtriebs-Systems ZF <a href=\"https:\/\/www.krafthand.de\/truck\/artikel\/eworx-schnittstelle-von-zf-fuer-nebenabtriebe-bei-e-lkw-30258\/\" target=\"_blank\" rel=\"noopener\">eWorX<\/a>. Gleichzeitig wird durch die Rekuperation auch die Emission von Bremsstaub reduziert.<br \/>\nEin weiterer Vorteil des elektrischen Achsantriebs im Trailer ist der Zugewinn an Fahrstabilit\u00e4t und Sicherheit, insbesondere bei erh\u00f6htem Schlupf an der Antriebsachse der Zugmaschine.<br \/>\n<a href=\"https:\/\/www.zf.com\/products\/de\/cv\/home\/cv.html\" target=\"_blank\" rel=\"noopener\">ZF<\/a> liefert das komplette System zur Trailer-Elektrifizierung, inklusive eigener elektrischer Achse AxTrax 2, Trailer-EBS und Batteriesystembox. Diese Plug-and-play-L\u00f6sung reduziert den komplexen Integrationsaufwand bei den Trailer-Herstellern erheblich.<\/p>\n<figure id=\"attachment_39161\" aria-describedby=\"caption-attachment-39161\" style=\"width: 800px\" class=\"wp-caption aligncenter\"><img fetchpriority=\"high\" decoding=\"async\" class=\"wp-image-39161\" src=\"https:\/\/static.krafthand-truck.de\/uploads\/2024\/03\/ZF_E_Achse_Trailer_AxTraks2-300x138.jpg\" alt=\"\" width=\"800\" height=\"368\" srcset=\"https:\/\/static.krafthand-truck.de\/uploads\/2024\/03\/ZF_E_Achse_Trailer_AxTraks2-300x138.jpg 300w, https:\/\/static.krafthand-truck.de\/uploads\/2024\/03\/ZF_E_Achse_Trailer_AxTraks2-1024x471.jpg 1024w, https:\/\/static.krafthand-truck.de\/uploads\/2024\/03\/ZF_E_Achse_Trailer_AxTraks2-768x353.jpg 768w, https:\/\/static.krafthand-truck.de\/uploads\/2024\/03\/ZF_E_Achse_Trailer_AxTraks2.jpg 1200w\" sizes=\"(max-width: 800px) 100vw, 800px\" \/><figcaption id=\"caption-attachment-39161\" class=\"wp-caption-text\">Die elektrische Achse AxTrax2. Bild: ZF<\/figcaption><\/figure>\n<h3>Kein Aufschieben auf die Zugmaschine<\/h3>\n<p>Eine intelligente Steuerung verhindert laut ZF zu jedem Zeitpunkt ein Aufschieben des Trailers auf die Zugmaschine und damit auch jegliche negative Beeinflussung des Zugfahrzeugs. Die Steuerung funktioniert in der aktuellen Version unabh\u00e4ngig von der Zugmaschine, ist also eine Stand-alone-L\u00f6sung. Die elektrifizierte Trailer-Technologie erkennt eigenst\u00e4ndig, ob die aktuelle Fahrsituation Rekuperation oder Zusatzantrieb erlaubt oder das System beispielsweise im Falle eines ABS-Ereignisses abgeschaltet werden muss. Die heutigen standardisierten Schnittstellen f\u00fcr die Kommunikation mit dem Zugfahrzeug reichen laut ZF aus, um die Technologie darzustellen. Zudem sei die Integration des Zusatzantriebs im Trailer so ausgelegt, dass f\u00fcr den Fahrer kein Unterschied zum Standard-Trailer bemerkbar ist \u2013 au\u00dfer dem geringeren Kraftstoff- beziehungsweise Strom-Verbrauchs der Zugmaschine.<\/p>\n<h3>Der \u201avirtuelle\u2018 K\u00f6nigszapfen<\/h3>\n<p>Grunds\u00e4tzlich gilt es, zwischen den Fahrsituationen zu unterscheiden. Beschleunigt der Lkw oder f\u00e4hrt er mit konstanter Geschwindigkeit, darf der Trailer nicht st\u00e4rker schieben als die Zugmaschine zieht. Dies wird durch die elektronische Steuerung im Trailer verhindert. Verz\u00f6gert der Lkw, wirkt durch die Masse des Trailers auf den K\u00f6nigszapfen eine Kraft, die vom Grad der Rekuperation abh\u00e4ngig ist. Diese Kraft ist jedoch aufgrund der Bremswirkung der Rekuperation geringer als bei heutigen Trailern. Entscheidend ist laut ZF, dass die gesetzlichen Vorgaben (beispielsweise das EG-Bremsenband) eingehalten werden und keine negative Beeinflussung der Fahrdynamik erfolgt. Auch dies sei durch die Elektronik gew\u00e4hrleistet. Bei der technischen L\u00f6sung dieser Regelung setzt ZF auf einen \u201avirtuellen K\u00f6nigszapfen\u2018. Das System im Trailer nutzt daf\u00fcr verf\u00fcgbare Signale aus dem Brems- und E-Antriebssystem und erkennt selbst\u00e4ndig, welche Fahrsituation vorliegt. Eine Sensierung der Kraft am K\u00f6nigszapfen ist dabei nicht erforderlich. Einfl\u00fcsse durch Verschmutzung und Verschlei\u00df k\u00f6nnten dadurch ebenfalls vermieden werden.<\/p>\n<figure id=\"attachment_39163\" aria-describedby=\"caption-attachment-39163\" style=\"width: 800px\" class=\"wp-caption aligncenter\"><img decoding=\"async\" class=\"wp-image-39163\" src=\"https:\/\/static.krafthand-truck.de\/uploads\/2024\/03\/ZF_E_Trailer_Prototyp-300x186.jpg\" alt=\"\" width=\"800\" height=\"495\" srcset=\"https:\/\/static.krafthand-truck.de\/uploads\/2024\/03\/ZF_E_Trailer_Prototyp-300x186.jpg 300w, https:\/\/static.krafthand-truck.de\/uploads\/2024\/03\/ZF_E_Trailer_Prototyp-1024x634.jpg 1024w, https:\/\/static.krafthand-truck.de\/uploads\/2024\/03\/ZF_E_Trailer_Prototyp-768x476.jpg 768w, https:\/\/static.krafthand-truck.de\/uploads\/2024\/03\/ZF_E_Trailer_Prototyp.jpg 1200w\" sizes=\"(max-width: 800px) 100vw, 800px\" \/><figcaption id=\"caption-attachment-39163\" class=\"wp-caption-text\">Ein Prototyp des E-Trailers von ZF war auf der NUFAM 2023 zu sehen. Anbieter wie Trailer-Dynamics verfolgen eine vergleichbare Strategie. Bild: Georg Blenk<\/figcaption><\/figure>\n<p>&nbsp;<\/p>\n<h3>Kopplung mit jeder beliebigen Zugmaschine<\/h3>\n<figure id=\"attachment_39165\" aria-describedby=\"caption-attachment-39165\" style=\"width: 320px\" class=\"wp-caption alignleft\"><a href=\"https:\/\/static.krafthand-truck.de\/uploads\/2024\/03\/ZF_Bernd_Meurer.jpg\" target=\"_blank\" rel=\"noopener\"><img decoding=\"async\" class=\"wp-image-39165\" src=\"https:\/\/static.krafthand-truck.de\/uploads\/2024\/03\/ZF_Bernd_Meurer-300x200.jpg\" alt=\"\" width=\"320\" height=\"213\" srcset=\"https:\/\/static.krafthand-truck.de\/uploads\/2024\/03\/ZF_Bernd_Meurer-300x200.jpg 300w, https:\/\/static.krafthand-truck.de\/uploads\/2024\/03\/ZF_Bernd_Meurer-1024x682.jpg 1024w, https:\/\/static.krafthand-truck.de\/uploads\/2024\/03\/ZF_Bernd_Meurer-768x512.jpg 768w, https:\/\/static.krafthand-truck.de\/uploads\/2024\/03\/ZF_Bernd_Meurer.jpg 1064w\" sizes=\"(max-width: 320px) 100vw, 320px\" \/><\/a><figcaption id=\"caption-attachment-39165\" class=\"wp-caption-text\"><em>\u201eDer elektrifizierte Trailer von ZF ist eine Stand-alone-L\u00f6sung und kann mit jedem beliebigen Zugfahrzeug gekoppelt werden. Damit schafft ZF eine hohe Flexibilit\u00e4t im Fuhrpark sowie einen direkten Mehrwert f\u00fcr Logistikbetriebe\u201c<\/em>, erkl\u00e4rt Dr. Bernd Meurer, Leiter des Produktsegments Trailer-Elektrifizierung bei ZF. Bild: ZF<\/figcaption><\/figure>\n<p>Der elektrifizierte Trailer von ZF kann mit jedem beliebigen Zugfahrzeug gekoppelt werden \u2013 unabh\u00e4ngig von Marke und Antriebsart des Zugfahrzeugs. Die Schnittstellen zur Zugmaschine sind identisch zu den heute vorhandenen Fahrzeugen. Zus\u00e4tzliche Anschl\u00fcsse und Steckverbindungen sind nicht erforderlich. Damit m\u00f6chte ZF eine hohe Flexibilit\u00e4t im Fuhrpark sowie einen direkten Mehrwert f\u00fcr Logistikbetriebe schaffen, die nicht mit festen Truck-Trailer Kombinationen fahren und h\u00e4ufig umsatteln m\u00fcssen. Diese Flexibilit\u00e4t ist der Vorteil der Stand-alone-L\u00f6sung von ZF.<\/p>\n<h3>Fehlerdiagnose erfolgt \u00fcber EBS<\/h3>\n<p>Grunds\u00e4tzlich wird der elektrifizierte Trailer eine Betriebszustandsanzeige haben. Weiterhin besteht laut ZF die M\u00f6glichkeit, diese Informationen dem Flottenmanagementsystem ZF SCALAR und Backend-Systemen zur Verf\u00fcgung zu stellen. OBD ist f\u00fcr Trailer nicht verpflichtend. Eine Fehlerdiagnose kann \u2013 wie auch heute \u2013 \u00fcber das Trailer-EBS erfolgen. Nach wie vor bleiben Zugfahrzeug und Trailer eigenst\u00e4ndige Fahrzeuge. Es besteht keine Hochvolt-Verbindung zwischen den Fahrzeugen.<\/p>\n<h3>Gesetzliche Rahmenbedingungen<\/h3>\n<p>Vor kurzem haben sich EU-Rat und EU-Parlament auf die CO2-Vorgaben f\u00fcr Nutzfahrzeuge geeinigt. Ein formeller Beschluss steht aber noch aus. Aber es ist absehbar, dass in den EU-Vorschriften ein sogenannter \u201aE-Anh\u00e4nger\u2018 eingef\u00fchrt wird. Gleichzeitig sollen nun auch Trailer zur CO2-Reduzierung beitragen. Ab 2030 ist eine Reduktion bei Sattelaufliegern um 10 Prozent und bei Anh\u00e4ngern um 7,5 Prozent vorgesehen.<br \/>\nZF unterst\u00fctzt eigenen Angaben zufolge die europ\u00e4ischen Gremien bei der Anpassung der zahlreichen Regularien, damit elektrifizierte Trailer baldm\u00f6glichst auf Europas Stra\u00dfen zugelassen und betrieben werden k\u00f6nnen. Dies betrifft beispielsweise die Typgenehmigung nach EU 2018\/858, die Bremsenregelung nach UN ECE R13 sowie Ma\u00dfe und Gewichte.<br \/>\nEine weitere Voraussetzung ist die Ber\u00fccksichtigung der Trailer im EU-Simulationstool <strong>VECTO<\/strong>, mit dem die Werte f\u00fcr Kraftstoffverbrauch und CO2-Emission berechnet werden. Dieser Prozess befindet sich laut ZF in Bearbeitung. \u00c4hnlich wie bei Lkw oder Pkw w\u00e4ren finanzielle Anreize durch eine Incentivierung zielf\u00fchrend, um mit elektrifizierten Trailern die Dekarbonisierung im G\u00fcterverkehr voranzutreiben. Mit der Umsetzung der Zulassungsregelungen wird fr\u00fchestens ab 2026 gerechnet. Und ab 2030 gelten dann, wie oben erw\u00e4hnt, die CO2-Ziele f\u00fcr die Hersteller von Anh\u00e4ngern. Die Nutzung der rekuperierten elektrischen Energie ausschlie\u00dflich f\u00fcr den Betrieb von K\u00fchl- und Nebenaggregaten ist im \u00dcbrigen heute schon zugelassen.<\/p>\n<p><i>Den Beitrag finden Sie auch in der Print-Ausgabe 1-2024 der <a href=\"https:\/\/www.krafthand.de\/truck\/magazin\/\" title=\"Zum Magazin\">Krafthand-Truck<\/a>.<\/i><\/p>\r\n\t\t\t\t<div class=\"post-author\">\r\n\t\t\t\t\t<div class=\"khm-cp-author clearfix\">\r\n\t\t\t\t\t\t<div class=\"khm-cp-author__content\">\r\n\t\t\t\t\t\t\t\tKontakt zum Autor:<br \/>\r\n\t\t\t\t\t\t\t\t<strong>Georg Blenk<\/strong>, 08247 \/ 3007-45 |  <a href=\"mailto:georg.blenk@krafthand-medien.de\">georg.blenk@krafthand-medien.de<\/a>\r\n\t\t\t\t\t\t\t<div class=\"khm-cp-author__image\">\r\n\t\t\t\t\t\t<img src=\"https:\/\/static.krafthand-truck.de\/uploads\/2021\/01\/Blenk_6104-250x300-1-removebg-preview.png\" class=\"img-responsive\">\r\n\t\t\t\t\t<\/div>\r\n\t\t\t\t\t\t<\/div>\r\n\t\t\t\t\t<\/div>\r\n\t\t\t\t<\/div>\r\n\t\t\t\t","protected":false},"excerpt":{"rendered":"<p>Auf der NUFAM in Karlsruhe pr\u00e4sentierte ZF letztes Jahr ein neues Konzept zur Elektrifizierung von Sattelaufliegern. Integriert in die Trailer-L\u00f6sung ist die elektrische Antriebsachse AxTrax 2 sowie ein modulares Batteriesystem zur Unterst\u00fctzung der Rekuperation und Traktion. Wie funktioniert der E-Trailer im Detail und was ist rechtlich m\u00f6glich? Wir haben nachgehakt. <span class=\"excerpt-more__dots\">&#8230;<\/span> <a class=\"excerpt-more__link\" href=\"https:\/\/www.krafthand.de\/truck\/artikel\/den-trailer-leicht-gemacht-39156\/\" >weiter<\/a><\/p>\n","protected":false},"author":9,"featured_media":39158,"comment_status":"closed","ping_status":"closed","sticky":false,"template":"","format":"standard","meta":{"footnotes":""},"categories":[4224],"tags":[5893,5140,5696,388,5012,187],"settings":[3524,4766,3523],"class_list":["post-39156","post","type-post","status-publish","format-standard","has-post-thumbnail","hentry","category-e-antrieb","tag-bernd-meurer","tag-e-achse","tag-e-trailer","tag-krone","tag-trailer-dynamics","tag-zf"],"yoast_head":"<!-- This site is optimized with the Yoast SEO plugin v27.3 - https:\/\/yoast.com\/product\/yoast-seo-wordpress\/ -->\n<title>Die Funktionsweise des E-Trailers von ZF - Krafthand-Truck<\/title>\n<meta name=\"description\" content=\"ZF hat letztes Jahr einen elektrifizierten Trailer vorgestellt. Wie funktioniert der E-Trailer im Detail? Wir haben nachgehakt!\" \/>\n<meta name=\"robots\" content=\"index, follow, max-snippet:-1, max-image-preview:large, max-video-preview:-1\" \/>\n<link rel=\"canonical\" href=\"https:\/\/www.krafthand.de\/truck\/artikel\/den-trailer-leicht-gemacht-39156\/\" \/>\n<meta property=\"og:locale\" content=\"de_DE\" \/>\n<meta property=\"og:type\" content=\"article\" \/>\n<meta property=\"og:title\" content=\"Die Funktionsweise des E-Trailers von ZF - Krafthand-Truck\" \/>\n<meta property=\"og:description\" content=\"ZF hat letztes Jahr einen elektrifizierten Trailer vorgestellt. Wie funktioniert der E-Trailer im Detail? Wir haben nachgehakt!\" \/>\n<meta property=\"og:url\" content=\"https:\/\/www.krafthand-truck.de\/artikel\/den-trailer-leicht-gemacht-39156\/\" \/>\n<meta property=\"og:site_name\" content=\"Krafthand-Truck\" \/>\n<meta property=\"article:published_time\" content=\"2024-03-15T09:29:03+00:00\" \/>\n<meta property=\"article:modified_time\" content=\"2024-03-15T09:29:56+00:00\" \/>\n<meta property=\"og:image\" content=\"https:\/\/static.krafthand-truck.de\/uploads\/2024\/03\/ZF_E_Trailer_01.jpg\" \/>\n\t<meta property=\"og:image:width\" content=\"1200\" \/>\n\t<meta property=\"og:image:height\" content=\"620\" \/>\n\t<meta property=\"og:image:type\" content=\"image\/jpeg\" \/>\n<meta name=\"author\" content=\"georg.blenk@krafthand-medien.de\" \/>\n<meta name=\"twitter:card\" content=\"summary_large_image\" \/>\n<meta name=\"twitter:label1\" content=\"Verfasst von\" \/>\n\t<meta name=\"twitter:data1\" content=\"georg.blenk@krafthand-medien.de\" \/>\n\t<meta name=\"twitter:label2\" content=\"Gesch\u00e4tzte Lesezeit\" \/>\n\t<meta name=\"twitter:data2\" content=\"7\u00a0Minuten\" \/>\n<script type=\"application\/ld+json\" class=\"yoast-schema-graph\">{\"@context\":\"https:\\\/\\\/schema.org\",\"@graph\":[{\"@type\":\"Article\",\"@id\":\"https:\\\/\\\/www.krafthand.de\\\/truck\\\/artikel\\\/den-trailer-leicht-gemacht-39156\\\/#article\",\"isPartOf\":{\"@id\":\"https:\\\/\\\/www.krafthand.de\\\/truck\\\/artikel\\\/den-trailer-leicht-gemacht-39156\\\/\"},\"author\":{\"name\":\"georg.blenk@krafthand-medien.de\",\"@id\":\"https:\\\/\\\/www.krafthand.de\\\/truck\\\/#\\\/schema\\\/person\\\/51fa80b1c57034c4bf63f9f988fc24ce\"},\"headline\":\"Den Trailer leicht gemacht!\",\"datePublished\":\"2024-03-15T09:29:03+00:00\",\"dateModified\":\"2024-03-15T09:29:56+00:00\",\"mainEntityOfPage\":{\"@id\":\"https:\\\/\\\/www.krafthand.de\\\/truck\\\/artikel\\\/den-trailer-leicht-gemacht-39156\\\/\"},\"wordCount\":1044,\"image\":{\"@id\":\"https:\\\/\\\/www.krafthand.de\\\/truck\\\/artikel\\\/den-trailer-leicht-gemacht-39156\\\/#primaryimage\"},\"thumbnailUrl\":\"https:\\\/\\\/static.krafthand-truck.de\\\/uploads\\\/2024\\\/03\\\/ZF_E_Trailer_01.jpg\",\"keywords\":[\"Bernd Meurer\",\"e-Achse\",\"E-Trailer\",\"Krone\",\"Trailer-Dynamics\",\"ZF\"],\"articleSection\":[\"E-Antrieb (BEV\\\/FCEV)\"],\"inLanguage\":\"de\"},{\"@type\":\"WebPage\",\"@id\":\"https:\\\/\\\/www.krafthand.de\\\/truck\\\/artikel\\\/den-trailer-leicht-gemacht-39156\\\/\",\"url\":\"https:\\\/\\\/www.krafthand.de\\\/truck\\\/artikel\\\/den-trailer-leicht-gemacht-39156\\\/\",\"name\":\"Die Funktionsweise des E-Trailers von ZF - Krafthand-Truck\",\"isPartOf\":{\"@id\":\"https:\\\/\\\/www.krafthand.de\\\/truck\\\/#website\"},\"primaryImageOfPage\":{\"@id\":\"https:\\\/\\\/www.krafthand.de\\\/truck\\\/artikel\\\/den-trailer-leicht-gemacht-39156\\\/#primaryimage\"},\"image\":{\"@id\":\"https:\\\/\\\/www.krafthand.de\\\/truck\\\/artikel\\\/den-trailer-leicht-gemacht-39156\\\/#primaryimage\"},\"thumbnailUrl\":\"https:\\\/\\\/static.krafthand-truck.de\\\/uploads\\\/2024\\\/03\\\/ZF_E_Trailer_01.jpg\",\"datePublished\":\"2024-03-15T09:29:03+00:00\",\"dateModified\":\"2024-03-15T09:29:56+00:00\",\"author\":{\"@id\":\"https:\\\/\\\/www.krafthand.de\\\/truck\\\/#\\\/schema\\\/person\\\/51fa80b1c57034c4bf63f9f988fc24ce\"},\"description\":\"ZF hat letztes Jahr einen elektrifizierten Trailer vorgestellt. Wie funktioniert der E-Trailer im Detail? Wir haben nachgehakt!\",\"breadcrumb\":{\"@id\":\"https:\\\/\\\/www.krafthand.de\\\/truck\\\/artikel\\\/den-trailer-leicht-gemacht-39156\\\/#breadcrumb\"},\"inLanguage\":\"de\",\"potentialAction\":[{\"@type\":\"ReadAction\",\"target\":[\"https:\\\/\\\/www.krafthand.de\\\/truck\\\/artikel\\\/den-trailer-leicht-gemacht-39156\\\/\"]}]},{\"@type\":\"ImageObject\",\"inLanguage\":\"de\",\"@id\":\"https:\\\/\\\/www.krafthand.de\\\/truck\\\/artikel\\\/den-trailer-leicht-gemacht-39156\\\/#primaryimage\",\"url\":\"https:\\\/\\\/static.krafthand-truck.de\\\/uploads\\\/2024\\\/03\\\/ZF_E_Trailer_01.jpg\",\"contentUrl\":\"https:\\\/\\\/static.krafthand-truck.de\\\/uploads\\\/2024\\\/03\\\/ZF_E_Trailer_01.jpg\",\"width\":1200,\"height\":620},{\"@type\":\"BreadcrumbList\",\"@id\":\"https:\\\/\\\/www.krafthand.de\\\/truck\\\/artikel\\\/den-trailer-leicht-gemacht-39156\\\/#breadcrumb\",\"itemListElement\":[{\"@type\":\"ListItem\",\"position\":1,\"name\":\"Krafthand-Truck\",\"item\":\"https:\\\/\\\/www.krafthand.de\\\/truck\\\/\"},{\"@type\":\"ListItem\",\"position\":2,\"name\":\"Nfz-Technik\",\"item\":\"https:\\\/\\\/www.krafthand.de\\\/truck\\\/kategorie\\\/nfz-technik\\\/\"},{\"@type\":\"ListItem\",\"position\":3,\"name\":\"E-Antrieb (BEV\\\/FCEV)\",\"item\":\"https:\\\/\\\/www.krafthand.de\\\/truck\\\/kategorie\\\/nfz-technik\\\/e-antrieb\\\/\"},{\"@type\":\"ListItem\",\"position\":4,\"name\":\"Den Trailer leicht gemacht!\"}]},{\"@type\":\"WebSite\",\"@id\":\"https:\\\/\\\/www.krafthand.de\\\/truck\\\/#website\",\"url\":\"https:\\\/\\\/www.krafthand.de\\\/truck\\\/\",\"name\":\"Krafthand-Truck\",\"description\":\"\",\"potentialAction\":[{\"@type\":\"SearchAction\",\"target\":{\"@type\":\"EntryPoint\",\"urlTemplate\":\"https:\\\/\\\/www.krafthand.de\\\/truck\\\/?s={search_term_string}\"},\"query-input\":{\"@type\":\"PropertyValueSpecification\",\"valueRequired\":true,\"valueName\":\"search_term_string\"}}],\"inLanguage\":\"de\"},{\"@type\":\"Person\",\"@id\":\"https:\\\/\\\/www.krafthand.de\\\/truck\\\/#\\\/schema\\\/person\\\/51fa80b1c57034c4bf63f9f988fc24ce\",\"name\":\"georg.blenk@krafthand-medien.de\",\"image\":{\"@type\":\"ImageObject\",\"inLanguage\":\"de\",\"@id\":\"https:\\\/\\\/secure.gravatar.com\\\/avatar\\\/93713c30affe0aa95d3a4130e499bb1abee2eb31adbdd9ce2aa1543538490215?s=96&d=mm&r=g\",\"url\":\"https:\\\/\\\/secure.gravatar.com\\\/avatar\\\/93713c30affe0aa95d3a4130e499bb1abee2eb31adbdd9ce2aa1543538490215?s=96&d=mm&r=g\",\"contentUrl\":\"https:\\\/\\\/secure.gravatar.com\\\/avatar\\\/93713c30affe0aa95d3a4130e499bb1abee2eb31adbdd9ce2aa1543538490215?s=96&d=mm&r=g\",\"caption\":\"georg.blenk@krafthand-medien.de\"}}]}<\/script>\n<!-- \/ Yoast SEO plugin. -->","yoast_head_json":{"title":"Die Funktionsweise des E-Trailers von ZF - Krafthand-Truck","description":"ZF hat letztes Jahr einen elektrifizierten Trailer vorgestellt. Wie funktioniert der E-Trailer im Detail? Wir haben nachgehakt!","robots":{"index":"index","follow":"follow","max-snippet":"max-snippet:-1","max-image-preview":"max-image-preview:large","max-video-preview":"max-video-preview:-1"},"canonical":"https:\/\/www.krafthand.de\/truck\/artikel\/den-trailer-leicht-gemacht-39156\/","og_locale":"de_DE","og_type":"article","og_title":"Die Funktionsweise des E-Trailers von ZF - Krafthand-Truck","og_description":"ZF hat letztes Jahr einen elektrifizierten Trailer vorgestellt. Wie funktioniert der E-Trailer im Detail? Wir haben nachgehakt!","og_url":"https:\/\/www.krafthand-truck.de\/artikel\/den-trailer-leicht-gemacht-39156\/","og_site_name":"Krafthand-Truck","article_published_time":"2024-03-15T09:29:03+00:00","article_modified_time":"2024-03-15T09:29:56+00:00","og_image":[{"width":1200,"height":620,"url":"https:\/\/static.krafthand-truck.de\/uploads\/2024\/03\/ZF_E_Trailer_01.jpg","type":"image\/jpeg"}],"author":"georg.blenk@krafthand-medien.de","twitter_card":"summary_large_image","twitter_misc":{"Verfasst von":"georg.blenk@krafthand-medien.de","Gesch\u00e4tzte Lesezeit":"7\u00a0Minuten"},"schema":{"@context":"https:\/\/schema.org","@graph":[{"@type":"Article","@id":"https:\/\/www.krafthand.de\/truck\/artikel\/den-trailer-leicht-gemacht-39156\/#article","isPartOf":{"@id":"https:\/\/www.krafthand.de\/truck\/artikel\/den-trailer-leicht-gemacht-39156\/"},"author":{"name":"georg.blenk@krafthand-medien.de","@id":"https:\/\/www.krafthand.de\/truck\/#\/schema\/person\/51fa80b1c57034c4bf63f9f988fc24ce"},"headline":"Den Trailer leicht gemacht!","datePublished":"2024-03-15T09:29:03+00:00","dateModified":"2024-03-15T09:29:56+00:00","mainEntityOfPage":{"@id":"https:\/\/www.krafthand.de\/truck\/artikel\/den-trailer-leicht-gemacht-39156\/"},"wordCount":1044,"image":{"@id":"https:\/\/www.krafthand.de\/truck\/artikel\/den-trailer-leicht-gemacht-39156\/#primaryimage"},"thumbnailUrl":"https:\/\/static.krafthand-truck.de\/uploads\/2024\/03\/ZF_E_Trailer_01.jpg","keywords":["Bernd Meurer","e-Achse","E-Trailer","Krone","Trailer-Dynamics","ZF"],"articleSection":["E-Antrieb (BEV\/FCEV)"],"inLanguage":"de"},{"@type":"WebPage","@id":"https:\/\/www.krafthand.de\/truck\/artikel\/den-trailer-leicht-gemacht-39156\/","url":"https:\/\/www.krafthand.de\/truck\/artikel\/den-trailer-leicht-gemacht-39156\/","name":"Die Funktionsweise des E-Trailers von ZF - Krafthand-Truck","isPartOf":{"@id":"https:\/\/www.krafthand.de\/truck\/#website"},"primaryImageOfPage":{"@id":"https:\/\/www.krafthand.de\/truck\/artikel\/den-trailer-leicht-gemacht-39156\/#primaryimage"},"image":{"@id":"https:\/\/www.krafthand.de\/truck\/artikel\/den-trailer-leicht-gemacht-39156\/#primaryimage"},"thumbnailUrl":"https:\/\/static.krafthand-truck.de\/uploads\/2024\/03\/ZF_E_Trailer_01.jpg","datePublished":"2024-03-15T09:29:03+00:00","dateModified":"2024-03-15T09:29:56+00:00","author":{"@id":"https:\/\/www.krafthand.de\/truck\/#\/schema\/person\/51fa80b1c57034c4bf63f9f988fc24ce"},"description":"ZF hat letztes Jahr einen elektrifizierten Trailer vorgestellt. Wie funktioniert der E-Trailer im Detail? Wir haben nachgehakt!","breadcrumb":{"@id":"https:\/\/www.krafthand.de\/truck\/artikel\/den-trailer-leicht-gemacht-39156\/#breadcrumb"},"inLanguage":"de","potentialAction":[{"@type":"ReadAction","target":["https:\/\/www.krafthand.de\/truck\/artikel\/den-trailer-leicht-gemacht-39156\/"]}]},{"@type":"ImageObject","inLanguage":"de","@id":"https:\/\/www.krafthand.de\/truck\/artikel\/den-trailer-leicht-gemacht-39156\/#primaryimage","url":"https:\/\/static.krafthand-truck.de\/uploads\/2024\/03\/ZF_E_Trailer_01.jpg","contentUrl":"https:\/\/static.krafthand-truck.de\/uploads\/2024\/03\/ZF_E_Trailer_01.jpg","width":1200,"height":620},{"@type":"BreadcrumbList","@id":"https:\/\/www.krafthand.de\/truck\/artikel\/den-trailer-leicht-gemacht-39156\/#breadcrumb","itemListElement":[{"@type":"ListItem","position":1,"name":"Krafthand-Truck","item":"https:\/\/www.krafthand.de\/truck\/"},{"@type":"ListItem","position":2,"name":"Nfz-Technik","item":"https:\/\/www.krafthand.de\/truck\/kategorie\/nfz-technik\/"},{"@type":"ListItem","position":3,"name":"E-Antrieb (BEV\/FCEV)","item":"https:\/\/www.krafthand.de\/truck\/kategorie\/nfz-technik\/e-antrieb\/"},{"@type":"ListItem","position":4,"name":"Den Trailer leicht gemacht!"}]},{"@type":"WebSite","@id":"https:\/\/www.krafthand.de\/truck\/#website","url":"https:\/\/www.krafthand.de\/truck\/","name":"Krafthand-Truck","description":"","potentialAction":[{"@type":"SearchAction","target":{"@type":"EntryPoint","urlTemplate":"https:\/\/www.krafthand.de\/truck\/?s={search_term_string}"},"query-input":{"@type":"PropertyValueSpecification","valueRequired":true,"valueName":"search_term_string"}}],"inLanguage":"de"},{"@type":"Person","@id":"https:\/\/www.krafthand.de\/truck\/#\/schema\/person\/51fa80b1c57034c4bf63f9f988fc24ce","name":"georg.blenk@krafthand-medien.de","image":{"@type":"ImageObject","inLanguage":"de","@id":"https:\/\/secure.gravatar.com\/avatar\/93713c30affe0aa95d3a4130e499bb1abee2eb31adbdd9ce2aa1543538490215?s=96&d=mm&r=g","url":"https:\/\/secure.gravatar.com\/avatar\/93713c30affe0aa95d3a4130e499bb1abee2eb31adbdd9ce2aa1543538490215?s=96&d=mm&r=g","contentUrl":"https:\/\/secure.gravatar.com\/avatar\/93713c30affe0aa95d3a4130e499bb1abee2eb31adbdd9ce2aa1543538490215?s=96&d=mm&r=g","caption":"georg.blenk@krafthand-medien.de"}}]}},"_links":{"self":[{"href":"https:\/\/www.krafthand.de\/truck\/wp-json\/wp\/v2\/posts\/39156","targetHints":{"allow":["GET"]}}],"collection":[{"href":"https:\/\/www.krafthand.de\/truck\/wp-json\/wp\/v2\/posts"}],"about":[{"href":"https:\/\/www.krafthand.de\/truck\/wp-json\/wp\/v2\/types\/post"}],"author":[{"embeddable":true,"href":"https:\/\/www.krafthand.de\/truck\/wp-json\/wp\/v2\/users\/9"}],"replies":[{"embeddable":true,"href":"https:\/\/www.krafthand.de\/truck\/wp-json\/wp\/v2\/comments?post=39156"}],"version-history":[{"count":8,"href":"https:\/\/www.krafthand.de\/truck\/wp-json\/wp\/v2\/posts\/39156\/revisions"}],"predecessor-version":[{"id":39168,"href":"https:\/\/www.krafthand.de\/truck\/wp-json\/wp\/v2\/posts\/39156\/revisions\/39168"}],"wp:featuredmedia":[{"embeddable":true,"href":"https:\/\/www.krafthand.de\/truck\/wp-json\/wp\/v2\/media\/39158"}],"wp:attachment":[{"href":"https:\/\/www.krafthand.de\/truck\/wp-json\/wp\/v2\/media?parent=39156"}],"wp:term":[{"taxonomy":"category","embeddable":true,"href":"https:\/\/www.krafthand.de\/truck\/wp-json\/wp\/v2\/categories?post=39156"},{"taxonomy":"post_tag","embeddable":true,"href":"https:\/\/www.krafthand.de\/truck\/wp-json\/wp\/v2\/tags?post=39156"},{"taxonomy":"settings","embeddable":true,"href":"https:\/\/www.krafthand.de\/truck\/wp-json\/wp\/v2\/settings?post=39156"}],"curies":[{"name":"wp","href":"https:\/\/api.w.org\/{rel}","templated":true}]}}