{"id":39151,"date":"2024-03-15T09:51:20","date_gmt":"2024-03-15T08:51:20","guid":{"rendered":"https:\/\/www.krafthand.de\/truck\/?p=39151"},"modified":"2024-03-15T09:53:09","modified_gmt":"2024-03-15T08:53:09","slug":"neue-nox-sensoren-von-dinex","status":"publish","type":"post","link":"https:\/\/www.krafthand.de\/truck\/artikel\/neue-nox-sensoren-von-dinex-39151\/","title":{"rendered":"NOx-Sensoren Gen. II von Dinex"},"content":{"rendered":"<p>Der Spezialist f\u00fcr Abgasnachbehandlung Dinex, hat neue NOx-Sensoren f\u00fcr den Aftermarket vorgestellt. Die Sensoren der Generation II sind f\u00fcr Nutzfahrzeuge aller gro\u00dfen Hersteller (Big 7) lieferbar, OE-Sensoren k\u00f6nnten einfach ersetzt werden.<\/p>\n<p>Die Bauteile wurden laut Dinex umfangreichen Pr\u00fcfungen sowie Feldtests unterzogen, bei denen unter anderem die Messgenauigkeit, die Reaktionszeit, die Langlebigkeit sowie die Verarbeitungsqualit\u00e4t gepr\u00fcft wurden. Au\u00dferdem sei die Software besser gegen m\u00f6gliche Probleme bei Updates gesch\u00fctzt. Die Sensoren\/Steuerger\u00e4te k\u00f6nnten zudem neu geflasht werden, falls die Software aus irgendeinem Grund abl\u00e4uft.<\/p>\n<p><a href=\"https:\/\/www.dinex.de\" target=\"_blank\" rel=\"noopener\">Dinex<\/a> bietet zum Thema NOx-Sensoren zus\u00e4tzlich FAQ, Schulungsvideos sowie ein aktualisiertes Handbuch an. Einen Tipp liefert das schwedische Unternehmen vorab: Bevor man einen NOx-Sensor austauscht, sollte man sicherstellen, dass der Motor und das Abgassystem gut gewartet sind. Dazu geh\u00f6re ein regelm\u00e4\u00dfiger Tausch des DPF, der Einsatz von AdBlue bester Qualit\u00e4t sowie der regelm\u00e4\u00dfige Tausch des Filters und der Einspritzd\u00fcse. Auch dem Turbolader sowie dem AGR-Ventil sollte man seine Aufmerksamkeit schenken.<\/p>\n<p><i>Den Beitrag finden Sie auch in der Print-Ausgabe 1-2024 der <a href=\"https:\/\/www.krafthand.de\/truck\/magazin\/\" title=\"Zum Magazin\">Krafthand-Truck<\/a>.<\/i><\/p>","protected":false},"excerpt":{"rendered":"<p>Der Spezialist f\u00fcr Abgasnachbehandlung Dinex, hat neue NOx-Sensoren f\u00fcr den Aftermarket vorgestellt. Die Sensoren der Generation II sind f\u00fcr Nutzfahrzeuge aller gro\u00dfen Hersteller (Big 7) lieferbar, OE-Sensoren k\u00f6nnten einfach ersetzt werden. <span class=\"excerpt-more__dots\">&#8230;<\/span> <a class=\"excerpt-more__link\" href=\"https:\/\/www.krafthand.de\/truck\/artikel\/neue-nox-sensoren-von-dinex-39151\/\" >weiter<\/a><\/p>\n","protected":false},"author":9,"featured_media":39152,"comment_status":"closed","ping_status":"closed","sticky":false,"template":"","format":"standard","meta":{"footnotes":""},"categories":[4912],"tags":[962,5892,3945],"settings":[4766,3523],"class_list":["post-39151","post","type-post","status-publish","format-standard","has-post-thumbnail","hentry","category-ersatzteile-zubehoer","tag-dinex","tag-nox","tag-nox-sensor"],"yoast_head":"<!-- This site is optimized with the Yoast SEO plugin v27.3 - https:\/\/yoast.com\/product\/yoast-seo-wordpress\/ -->\n<title>NOx-Sensoren Gen. II von Dinex - Krafthand-Truck<\/title>\n<meta name=\"description\" content=\"Dinex hat neue NOx-Sensoren f\u00fcr den Aftermarket vorgestellt. Die Sensoren der Generation II sind f\u00fcr Nfz aller gro\u00dfen Hersteller lieferbar.\" \/>\n<meta name=\"robots\" content=\"index, follow, max-snippet:-1, max-image-preview:large, max-video-preview:-1\" \/>\n<link rel=\"canonical\" href=\"https:\/\/www.krafthand.de\/truck\/artikel\/neue-nox-sensoren-von-dinex-39151\/\" \/>\n<meta property=\"og:locale\" content=\"de_DE\" \/>\n<meta property=\"og:type\" content=\"article\" \/>\n<meta property=\"og:title\" content=\"NOx-Sensoren Gen. II von Dinex - Krafthand-Truck\" \/>\n<meta property=\"og:description\" content=\"Dinex hat neue NOx-Sensoren f\u00fcr den Aftermarket vorgestellt. Die Sensoren der Generation II sind f\u00fcr Nfz aller gro\u00dfen Hersteller lieferbar.\" \/>\n<meta property=\"og:url\" content=\"https:\/\/www.krafthand-truck.de\/artikel\/neue-nox-sensoren-von-dinex-39151\/\" \/>\n<meta property=\"og:site_name\" content=\"Krafthand-Truck\" \/>\n<meta property=\"article:published_time\" content=\"2024-03-15T08:51:20+00:00\" \/>\n<meta property=\"article:modified_time\" content=\"2024-03-15T08:53:09+00:00\" \/>\n<meta property=\"og:image\" content=\"https:\/\/static.krafthand-truck.de\/uploads\/2024\/03\/Dinex_NOx_Sensoren_Lkw.jpg\" \/>\n\t<meta property=\"og:image:width\" content=\"800\" \/>\n\t<meta property=\"og:image:height\" content=\"924\" \/>\n\t<meta property=\"og:image:type\" content=\"image\/jpeg\" \/>\n<meta name=\"author\" content=\"georg.blenk@krafthand-medien.de\" \/>\n<meta name=\"twitter:card\" content=\"summary_large_image\" \/>\n<meta name=\"twitter:label1\" content=\"Verfasst von\" \/>\n\t<meta name=\"twitter:data1\" content=\"georg.blenk@krafthand-medien.de\" \/>\n\t<meta name=\"twitter:label2\" content=\"Gesch\u00e4tzte Lesezeit\" \/>\n\t<meta name=\"twitter:data2\" content=\"2\u00a0Minuten\" \/>\n<script type=\"application\/ld+json\" class=\"yoast-schema-graph\">{\"@context\":\"https:\\\/\\\/schema.org\",\"@graph\":[{\"@type\":\"Article\",\"@id\":\"https:\\\/\\\/www.krafthand.de\\\/truck\\\/artikel\\\/neue-nox-sensoren-von-dinex-39151\\\/#article\",\"isPartOf\":{\"@id\":\"https:\\\/\\\/www.krafthand.de\\\/truck\\\/artikel\\\/neue-nox-sensoren-von-dinex-39151\\\/\"},\"author\":{\"name\":\"georg.blenk@krafthand-medien.de\",\"@id\":\"https:\\\/\\\/www.krafthand.de\\\/truck\\\/#\\\/schema\\\/person\\\/51fa80b1c57034c4bf63f9f988fc24ce\"},\"headline\":\"NOx-Sensoren Gen. II von Dinex\",\"datePublished\":\"2024-03-15T08:51:20+00:00\",\"dateModified\":\"2024-03-15T08:53:09+00:00\",\"mainEntityOfPage\":{\"@id\":\"https:\\\/\\\/www.krafthand.de\\\/truck\\\/artikel\\\/neue-nox-sensoren-von-dinex-39151\\\/\"},\"wordCount\":176,\"image\":{\"@id\":\"https:\\\/\\\/www.krafthand.de\\\/truck\\\/artikel\\\/neue-nox-sensoren-von-dinex-39151\\\/#primaryimage\"},\"thumbnailUrl\":\"https:\\\/\\\/static.krafthand-truck.de\\\/uploads\\\/2024\\\/03\\\/Dinex_NOx_Sensoren_Lkw.jpg\",\"keywords\":[\"Dinex\",\"NOx\",\"NOx-Sensor\"],\"articleSection\":[\"Ersatzteile\\\/Zubeh\u00f6r\"],\"inLanguage\":\"de\"},{\"@type\":\"WebPage\",\"@id\":\"https:\\\/\\\/www.krafthand.de\\\/truck\\\/artikel\\\/neue-nox-sensoren-von-dinex-39151\\\/\",\"url\":\"https:\\\/\\\/www.krafthand.de\\\/truck\\\/artikel\\\/neue-nox-sensoren-von-dinex-39151\\\/\",\"name\":\"NOx-Sensoren Gen. II von Dinex - Krafthand-Truck\",\"isPartOf\":{\"@id\":\"https:\\\/\\\/www.krafthand.de\\\/truck\\\/#website\"},\"primaryImageOfPage\":{\"@id\":\"https:\\\/\\\/www.krafthand.de\\\/truck\\\/artikel\\\/neue-nox-sensoren-von-dinex-39151\\\/#primaryimage\"},\"image\":{\"@id\":\"https:\\\/\\\/www.krafthand.de\\\/truck\\\/artikel\\\/neue-nox-sensoren-von-dinex-39151\\\/#primaryimage\"},\"thumbnailUrl\":\"https:\\\/\\\/static.krafthand-truck.de\\\/uploads\\\/2024\\\/03\\\/Dinex_NOx_Sensoren_Lkw.jpg\",\"datePublished\":\"2024-03-15T08:51:20+00:00\",\"dateModified\":\"2024-03-15T08:53:09+00:00\",\"author\":{\"@id\":\"https:\\\/\\\/www.krafthand.de\\\/truck\\\/#\\\/schema\\\/person\\\/51fa80b1c57034c4bf63f9f988fc24ce\"},\"description\":\"Dinex hat neue NOx-Sensoren f\u00fcr den Aftermarket vorgestellt. Die Sensoren der Generation II sind f\u00fcr Nfz aller gro\u00dfen Hersteller lieferbar.\",\"breadcrumb\":{\"@id\":\"https:\\\/\\\/www.krafthand.de\\\/truck\\\/artikel\\\/neue-nox-sensoren-von-dinex-39151\\\/#breadcrumb\"},\"inLanguage\":\"de\",\"potentialAction\":[{\"@type\":\"ReadAction\",\"target\":[\"https:\\\/\\\/www.krafthand.de\\\/truck\\\/artikel\\\/neue-nox-sensoren-von-dinex-39151\\\/\"]}]},{\"@type\":\"ImageObject\",\"inLanguage\":\"de\",\"@id\":\"https:\\\/\\\/www.krafthand.de\\\/truck\\\/artikel\\\/neue-nox-sensoren-von-dinex-39151\\\/#primaryimage\",\"url\":\"https:\\\/\\\/static.krafthand-truck.de\\\/uploads\\\/2024\\\/03\\\/Dinex_NOx_Sensoren_Lkw.jpg\",\"contentUrl\":\"https:\\\/\\\/static.krafthand-truck.de\\\/uploads\\\/2024\\\/03\\\/Dinex_NOx_Sensoren_Lkw.jpg\",\"width\":800,\"height\":924},{\"@type\":\"BreadcrumbList\",\"@id\":\"https:\\\/\\\/www.krafthand.de\\\/truck\\\/artikel\\\/neue-nox-sensoren-von-dinex-39151\\\/#breadcrumb\",\"itemListElement\":[{\"@type\":\"ListItem\",\"position\":1,\"name\":\"Krafthand-Truck\",\"item\":\"https:\\\/\\\/www.krafthand.de\\\/truck\\\/\"},{\"@type\":\"ListItem\",\"position\":2,\"name\":\"Nfz-Service\",\"item\":\"https:\\\/\\\/www.krafthand.de\\\/truck\\\/kategorie\\\/nfz-service\\\/\"},{\"@type\":\"ListItem\",\"position\":3,\"name\":\"Ersatzteile\\\/Zubeh\u00f6r\",\"item\":\"https:\\\/\\\/www.krafthand.de\\\/truck\\\/kategorie\\\/nfz-service\\\/ersatzteile-zubehoer\\\/\"},{\"@type\":\"ListItem\",\"position\":4,\"name\":\"NOx-Sensoren Gen. II von Dinex\"}]},{\"@type\":\"WebSite\",\"@id\":\"https:\\\/\\\/www.krafthand.de\\\/truck\\\/#website\",\"url\":\"https:\\\/\\\/www.krafthand.de\\\/truck\\\/\",\"name\":\"Krafthand-Truck\",\"description\":\"\",\"potentialAction\":[{\"@type\":\"SearchAction\",\"target\":{\"@type\":\"EntryPoint\",\"urlTemplate\":\"https:\\\/\\\/www.krafthand.de\\\/truck\\\/?s={search_term_string}\"},\"query-input\":{\"@type\":\"PropertyValueSpecification\",\"valueRequired\":true,\"valueName\":\"search_term_string\"}}],\"inLanguage\":\"de\"},{\"@type\":\"Person\",\"@id\":\"https:\\\/\\\/www.krafthand.de\\\/truck\\\/#\\\/schema\\\/person\\\/51fa80b1c57034c4bf63f9f988fc24ce\",\"name\":\"georg.blenk@krafthand-medien.de\",\"image\":{\"@type\":\"ImageObject\",\"inLanguage\":\"de\",\"@id\":\"https:\\\/\\\/secure.gravatar.com\\\/avatar\\\/93713c30affe0aa95d3a4130e499bb1abee2eb31adbdd9ce2aa1543538490215?s=96&d=mm&r=g\",\"url\":\"https:\\\/\\\/secure.gravatar.com\\\/avatar\\\/93713c30affe0aa95d3a4130e499bb1abee2eb31adbdd9ce2aa1543538490215?s=96&d=mm&r=g\",\"contentUrl\":\"https:\\\/\\\/secure.gravatar.com\\\/avatar\\\/93713c30affe0aa95d3a4130e499bb1abee2eb31adbdd9ce2aa1543538490215?s=96&d=mm&r=g\",\"caption\":\"georg.blenk@krafthand-medien.de\"}}]}<\/script>\n<!-- \/ Yoast SEO plugin. -->","yoast_head_json":{"title":"NOx-Sensoren Gen. II von Dinex - Krafthand-Truck","description":"Dinex hat neue NOx-Sensoren f\u00fcr den Aftermarket vorgestellt. Die Sensoren der Generation II sind f\u00fcr Nfz aller gro\u00dfen Hersteller lieferbar.","robots":{"index":"index","follow":"follow","max-snippet":"max-snippet:-1","max-image-preview":"max-image-preview:large","max-video-preview":"max-video-preview:-1"},"canonical":"https:\/\/www.krafthand.de\/truck\/artikel\/neue-nox-sensoren-von-dinex-39151\/","og_locale":"de_DE","og_type":"article","og_title":"NOx-Sensoren Gen. II von Dinex - Krafthand-Truck","og_description":"Dinex hat neue NOx-Sensoren f\u00fcr den Aftermarket vorgestellt. Die Sensoren der Generation II sind f\u00fcr Nfz aller gro\u00dfen Hersteller lieferbar.","og_url":"https:\/\/www.krafthand-truck.de\/artikel\/neue-nox-sensoren-von-dinex-39151\/","og_site_name":"Krafthand-Truck","article_published_time":"2024-03-15T08:51:20+00:00","article_modified_time":"2024-03-15T08:53:09+00:00","og_image":[{"width":800,"height":924,"url":"https:\/\/static.krafthand-truck.de\/uploads\/2024\/03\/Dinex_NOx_Sensoren_Lkw.jpg","type":"image\/jpeg"}],"author":"georg.blenk@krafthand-medien.de","twitter_card":"summary_large_image","twitter_misc":{"Verfasst von":"georg.blenk@krafthand-medien.de","Gesch\u00e4tzte Lesezeit":"2\u00a0Minuten"},"schema":{"@context":"https:\/\/schema.org","@graph":[{"@type":"Article","@id":"https:\/\/www.krafthand.de\/truck\/artikel\/neue-nox-sensoren-von-dinex-39151\/#article","isPartOf":{"@id":"https:\/\/www.krafthand.de\/truck\/artikel\/neue-nox-sensoren-von-dinex-39151\/"},"author":{"name":"georg.blenk@krafthand-medien.de","@id":"https:\/\/www.krafthand.de\/truck\/#\/schema\/person\/51fa80b1c57034c4bf63f9f988fc24ce"},"headline":"NOx-Sensoren Gen. II von Dinex","datePublished":"2024-03-15T08:51:20+00:00","dateModified":"2024-03-15T08:53:09+00:00","mainEntityOfPage":{"@id":"https:\/\/www.krafthand.de\/truck\/artikel\/neue-nox-sensoren-von-dinex-39151\/"},"wordCount":176,"image":{"@id":"https:\/\/www.krafthand.de\/truck\/artikel\/neue-nox-sensoren-von-dinex-39151\/#primaryimage"},"thumbnailUrl":"https:\/\/static.krafthand-truck.de\/uploads\/2024\/03\/Dinex_NOx_Sensoren_Lkw.jpg","keywords":["Dinex","NOx","NOx-Sensor"],"articleSection":["Ersatzteile\/Zubeh\u00f6r"],"inLanguage":"de"},{"@type":"WebPage","@id":"https:\/\/www.krafthand.de\/truck\/artikel\/neue-nox-sensoren-von-dinex-39151\/","url":"https:\/\/www.krafthand.de\/truck\/artikel\/neue-nox-sensoren-von-dinex-39151\/","name":"NOx-Sensoren Gen. II von Dinex - Krafthand-Truck","isPartOf":{"@id":"https:\/\/www.krafthand.de\/truck\/#website"},"primaryImageOfPage":{"@id":"https:\/\/www.krafthand.de\/truck\/artikel\/neue-nox-sensoren-von-dinex-39151\/#primaryimage"},"image":{"@id":"https:\/\/www.krafthand.de\/truck\/artikel\/neue-nox-sensoren-von-dinex-39151\/#primaryimage"},"thumbnailUrl":"https:\/\/static.krafthand-truck.de\/uploads\/2024\/03\/Dinex_NOx_Sensoren_Lkw.jpg","datePublished":"2024-03-15T08:51:20+00:00","dateModified":"2024-03-15T08:53:09+00:00","author":{"@id":"https:\/\/www.krafthand.de\/truck\/#\/schema\/person\/51fa80b1c57034c4bf63f9f988fc24ce"},"description":"Dinex hat neue NOx-Sensoren f\u00fcr den Aftermarket vorgestellt. Die Sensoren der Generation II sind f\u00fcr Nfz aller gro\u00dfen Hersteller lieferbar.","breadcrumb":{"@id":"https:\/\/www.krafthand.de\/truck\/artikel\/neue-nox-sensoren-von-dinex-39151\/#breadcrumb"},"inLanguage":"de","potentialAction":[{"@type":"ReadAction","target":["https:\/\/www.krafthand.de\/truck\/artikel\/neue-nox-sensoren-von-dinex-39151\/"]}]},{"@type":"ImageObject","inLanguage":"de","@id":"https:\/\/www.krafthand.de\/truck\/artikel\/neue-nox-sensoren-von-dinex-39151\/#primaryimage","url":"https:\/\/static.krafthand-truck.de\/uploads\/2024\/03\/Dinex_NOx_Sensoren_Lkw.jpg","contentUrl":"https:\/\/static.krafthand-truck.de\/uploads\/2024\/03\/Dinex_NOx_Sensoren_Lkw.jpg","width":800,"height":924},{"@type":"BreadcrumbList","@id":"https:\/\/www.krafthand.de\/truck\/artikel\/neue-nox-sensoren-von-dinex-39151\/#breadcrumb","itemListElement":[{"@type":"ListItem","position":1,"name":"Krafthand-Truck","item":"https:\/\/www.krafthand.de\/truck\/"},{"@type":"ListItem","position":2,"name":"Nfz-Service","item":"https:\/\/www.krafthand.de\/truck\/kategorie\/nfz-service\/"},{"@type":"ListItem","position":3,"name":"Ersatzteile\/Zubeh\u00f6r","item":"https:\/\/www.krafthand.de\/truck\/kategorie\/nfz-service\/ersatzteile-zubehoer\/"},{"@type":"ListItem","position":4,"name":"NOx-Sensoren Gen. II von Dinex"}]},{"@type":"WebSite","@id":"https:\/\/www.krafthand.de\/truck\/#website","url":"https:\/\/www.krafthand.de\/truck\/","name":"Krafthand-Truck","description":"","potentialAction":[{"@type":"SearchAction","target":{"@type":"EntryPoint","urlTemplate":"https:\/\/www.krafthand.de\/truck\/?s={search_term_string}"},"query-input":{"@type":"PropertyValueSpecification","valueRequired":true,"valueName":"search_term_string"}}],"inLanguage":"de"},{"@type":"Person","@id":"https:\/\/www.krafthand.de\/truck\/#\/schema\/person\/51fa80b1c57034c4bf63f9f988fc24ce","name":"georg.blenk@krafthand-medien.de","image":{"@type":"ImageObject","inLanguage":"de","@id":"https:\/\/secure.gravatar.com\/avatar\/93713c30affe0aa95d3a4130e499bb1abee2eb31adbdd9ce2aa1543538490215?s=96&d=mm&r=g","url":"https:\/\/secure.gravatar.com\/avatar\/93713c30affe0aa95d3a4130e499bb1abee2eb31adbdd9ce2aa1543538490215?s=96&d=mm&r=g","contentUrl":"https:\/\/secure.gravatar.com\/avatar\/93713c30affe0aa95d3a4130e499bb1abee2eb31adbdd9ce2aa1543538490215?s=96&d=mm&r=g","caption":"georg.blenk@krafthand-medien.de"}}]}},"_links":{"self":[{"href":"https:\/\/www.krafthand.de\/truck\/wp-json\/wp\/v2\/posts\/39151","targetHints":{"allow":["GET"]}}],"collection":[{"href":"https:\/\/www.krafthand.de\/truck\/wp-json\/wp\/v2\/posts"}],"about":[{"href":"https:\/\/www.krafthand.de\/truck\/wp-json\/wp\/v2\/types\/post"}],"author":[{"embeddable":true,"href":"https:\/\/www.krafthand.de\/truck\/wp-json\/wp\/v2\/users\/9"}],"replies":[{"embeddable":true,"href":"https:\/\/www.krafthand.de\/truck\/wp-json\/wp\/v2\/comments?post=39151"}],"version-history":[{"count":3,"href":"https:\/\/www.krafthand.de\/truck\/wp-json\/wp\/v2\/posts\/39151\/revisions"}],"predecessor-version":[{"id":39155,"href":"https:\/\/www.krafthand.de\/truck\/wp-json\/wp\/v2\/posts\/39151\/revisions\/39155"}],"wp:featuredmedia":[{"embeddable":true,"href":"https:\/\/www.krafthand.de\/truck\/wp-json\/wp\/v2\/media\/39152"}],"wp:attachment":[{"href":"https:\/\/www.krafthand.de\/truck\/wp-json\/wp\/v2\/media?parent=39151"}],"wp:term":[{"taxonomy":"category","embeddable":true,"href":"https:\/\/www.krafthand.de\/truck\/wp-json\/wp\/v2\/categories?post=39151"},{"taxonomy":"post_tag","embeddable":true,"href":"https:\/\/www.krafthand.de\/truck\/wp-json\/wp\/v2\/tags?post=39151"},{"taxonomy":"settings","embeddable":true,"href":"https:\/\/www.krafthand.de\/truck\/wp-json\/wp\/v2\/settings?post=39151"}],"curies":[{"name":"wp","href":"https:\/\/api.w.org\/{rel}","templated":true}]}}