{"id":39140,"date":"2024-03-15T09:40:02","date_gmt":"2024-03-15T08:40:02","guid":{"rendered":"https:\/\/www.krafthand.de\/truck\/?p=39140"},"modified":"2024-03-15T09:42:14","modified_gmt":"2024-03-15T08:42:14","slug":"neue-energieampeln-von-autopstenhoj","status":"publish","type":"post","link":"https:\/\/www.krafthand.de\/truck\/artikel\/neue-energieampeln-von-autopstenhoj-39140\/","title":{"rendered":"Neue Energieampeln von Autopstenhoj"},"content":{"rendered":"<p>Der Spezialist f\u00fcr Hebetechnik und Werkstattausr\u00fcstung <a href=\"https:\/\/www.autopstenhoj.com\/de\/\" target=\"_blank\" rel=\"noopener\">Autopstenhoj<\/a>, hat neu entwickelte Energieampeln f\u00fcr den hindernisfreien Zugang zu Strom und Druckluft in der Werkstatt vorgestellt. Die Ampeln sind bei Lieferung anschlussfertig vorverdrahtet. Im Halterahmen sind zwei Druckluftanschl\u00fcsse integriert. Auf der Unterseite schlie\u00dft der Rahmen mit einem Schutzb\u00fcgel ab.<\/p>\n<p>Die Energieampeln selbst h\u00e4ngen an einem mitgelieferten Luftzylinder, der 600 mm h\u00f6henverstellbar ist. Mit einem Handgriff kann man so die komplette Einheit auf die geeignete Arbeitsh\u00f6he senken und sp\u00e4ter wieder anheben. Die Ampel verbleibt auf der eingestellten H\u00f6he. Zus\u00e4tzlich kann man die Energieeinheit um eine Halteschale f\u00fcr Batterieladeger\u00e4te erweitern. Sie ist in der H\u00f6he und der Breite einstellbar.<\/p>\n<h4>Energieampel Standard<\/h4>\n<ul>\n<li>Sicherungskomponenten inkl. Fi-Schutzschalter, Absicherung unter transparenter Bet\u00e4tigungsklappe<\/li>\n<li>Konform mit Schaltanlagennorm DIN EN 61439, IP44 spritzwassergesch\u00fctzt, Schrank RAL 9002 I B\u00fcgel RAL 7016<\/li>\n<li>Pneumatischer Hub: 600 mm<\/li>\n<li>Anschl\u00fcsse: 3 x 230 V, 1 x 230 V I 1 x 400V\/3ph\/16A, LAN-Anschluss<\/li>\n<\/ul>\n<h4>Energieampel Plus<\/h4>\n<ul>\n<li>Variante, zus\u00e4tzlich vorbereitet auf den Anbau einer Autostenhoj Unterflur-Steuerung<\/li>\n<li>R\u00fcckseite zus\u00e4tzlich vorbereitet f\u00fcr SPS-Steuerung<\/li>\n<\/ul>\n","protected":false},"excerpt":{"rendered":"<p>Der Spezialist f\u00fcr Hebetechnik und Werkstattausr\u00fcstung Autopstenhoj, hat neu entwickelte Energieampeln f\u00fcr den hindernisfreien Zugang zu Strom und Druckluft in der Werkstatt vorgestellt. Die Ampeln sind bei Lieferung anschlussfertig vorverdrahtet. <span class=\"excerpt-more__dots\">&#8230;<\/span> <a class=\"excerpt-more__link\" href=\"https:\/\/www.krafthand.de\/truck\/artikel\/neue-energieampeln-von-autopstenhoj-39140\/\" >weiter<\/a><\/p>\n","protected":false},"author":9,"featured_media":39148,"comment_status":"closed","ping_status":"closed","sticky":false,"template":"","format":"standard","meta":{"footnotes":""},"categories":[4220],"tags":[3018,4694,5890,5891],"settings":[4766,3523],"class_list":["post-39140","post","type-post","status-publish","format-standard","has-post-thumbnail","hentry","category-werkstattausruestung","tag-autopstenhoj","tag-druckluft","tag-energieampel","tag-strom"],"yoast_head":"<!-- This site is optimized with the Yoast SEO plugin v27.3 - https:\/\/yoast.com\/product\/yoast-seo-wordpress\/ -->\n<title>Neue Energieampeln - Zentraler Zugang zu Strom und Druckluft<\/title>\n<meta name=\"description\" content=\"Autopstenhoj hat neu entwickelte Energieampeln f\u00fcr den hindernisfreien Zugang zu Strom und Druckluft in der Werkstatt vorgestellt.\" \/>\n<meta name=\"robots\" content=\"index, follow, max-snippet:-1, max-image-preview:large, max-video-preview:-1\" \/>\n<link rel=\"canonical\" href=\"https:\/\/www.krafthand.de\/truck\/artikel\/neue-energieampeln-von-autopstenhoj-39140\/\" \/>\n<meta property=\"og:locale\" content=\"de_DE\" \/>\n<meta property=\"og:type\" content=\"article\" \/>\n<meta property=\"og:title\" content=\"Neue Energieampeln - Zentraler Zugang zu Strom und Druckluft\" \/>\n<meta property=\"og:description\" content=\"Autopstenhoj hat neu entwickelte Energieampeln f\u00fcr den hindernisfreien Zugang zu Strom und Druckluft in der Werkstatt vorgestellt.\" \/>\n<meta property=\"og:url\" content=\"https:\/\/www.krafthand-truck.de\/artikel\/neue-energieampeln-von-autopstenhoj-39140\/\" \/>\n<meta property=\"og:site_name\" content=\"Krafthand-Truck\" \/>\n<meta property=\"article:published_time\" content=\"2024-03-15T08:40:02+00:00\" \/>\n<meta property=\"article:modified_time\" content=\"2024-03-15T08:42:14+00:00\" \/>\n<meta property=\"og:image\" content=\"https:\/\/static.krafthand-truck.de\/uploads\/2024\/03\/Autopstenhoj_Energieampeln_Werkstatt.jpg\" \/>\n\t<meta property=\"og:image:width\" content=\"1200\" \/>\n\t<meta property=\"og:image:height\" content=\"797\" \/>\n\t<meta property=\"og:image:type\" content=\"image\/jpeg\" \/>\n<meta name=\"author\" content=\"georg.blenk@krafthand-medien.de\" \/>\n<meta name=\"twitter:card\" content=\"summary_large_image\" \/>\n<meta name=\"twitter:label1\" content=\"Verfasst von\" \/>\n\t<meta name=\"twitter:data1\" content=\"georg.blenk@krafthand-medien.de\" \/>\n\t<meta name=\"twitter:label2\" content=\"Gesch\u00e4tzte Lesezeit\" \/>\n\t<meta name=\"twitter:data2\" content=\"2\u00a0Minuten\" \/>\n<script type=\"application\/ld+json\" class=\"yoast-schema-graph\">{\"@context\":\"https:\\\/\\\/schema.org\",\"@graph\":[{\"@type\":\"Article\",\"@id\":\"https:\\\/\\\/www.krafthand.de\\\/truck\\\/artikel\\\/neue-energieampeln-von-autopstenhoj-39140\\\/#article\",\"isPartOf\":{\"@id\":\"https:\\\/\\\/www.krafthand.de\\\/truck\\\/artikel\\\/neue-energieampeln-von-autopstenhoj-39140\\\/\"},\"author\":{\"name\":\"georg.blenk@krafthand-medien.de\",\"@id\":\"https:\\\/\\\/www.krafthand.de\\\/truck\\\/#\\\/schema\\\/person\\\/51fa80b1c57034c4bf63f9f988fc24ce\"},\"headline\":\"Neue Energieampeln von Autopstenhoj\",\"datePublished\":\"2024-03-15T08:40:02+00:00\",\"dateModified\":\"2024-03-15T08:42:14+00:00\",\"mainEntityOfPage\":{\"@id\":\"https:\\\/\\\/www.krafthand.de\\\/truck\\\/artikel\\\/neue-energieampeln-von-autopstenhoj-39140\\\/\"},\"wordCount\":181,\"image\":{\"@id\":\"https:\\\/\\\/www.krafthand.de\\\/truck\\\/artikel\\\/neue-energieampeln-von-autopstenhoj-39140\\\/#primaryimage\"},\"thumbnailUrl\":\"https:\\\/\\\/static.krafthand-truck.de\\\/uploads\\\/2024\\\/03\\\/Autopstenhoj_Energieampeln_Werkstatt.jpg\",\"keywords\":[\"Autopstenhoj\",\"Druckluft\",\"Energieampel\",\"Strom\"],\"articleSection\":[\"Werkstattausr\u00fcstung\"],\"inLanguage\":\"de\"},{\"@type\":\"WebPage\",\"@id\":\"https:\\\/\\\/www.krafthand.de\\\/truck\\\/artikel\\\/neue-energieampeln-von-autopstenhoj-39140\\\/\",\"url\":\"https:\\\/\\\/www.krafthand.de\\\/truck\\\/artikel\\\/neue-energieampeln-von-autopstenhoj-39140\\\/\",\"name\":\"Neue Energieampeln - Zentraler Zugang zu Strom und Druckluft\",\"isPartOf\":{\"@id\":\"https:\\\/\\\/www.krafthand.de\\\/truck\\\/#website\"},\"primaryImageOfPage\":{\"@id\":\"https:\\\/\\\/www.krafthand.de\\\/truck\\\/artikel\\\/neue-energieampeln-von-autopstenhoj-39140\\\/#primaryimage\"},\"image\":{\"@id\":\"https:\\\/\\\/www.krafthand.de\\\/truck\\\/artikel\\\/neue-energieampeln-von-autopstenhoj-39140\\\/#primaryimage\"},\"thumbnailUrl\":\"https:\\\/\\\/static.krafthand-truck.de\\\/uploads\\\/2024\\\/03\\\/Autopstenhoj_Energieampeln_Werkstatt.jpg\",\"datePublished\":\"2024-03-15T08:40:02+00:00\",\"dateModified\":\"2024-03-15T08:42:14+00:00\",\"author\":{\"@id\":\"https:\\\/\\\/www.krafthand.de\\\/truck\\\/#\\\/schema\\\/person\\\/51fa80b1c57034c4bf63f9f988fc24ce\"},\"description\":\"Autopstenhoj hat neu entwickelte Energieampeln f\u00fcr den hindernisfreien Zugang zu Strom und Druckluft in der Werkstatt vorgestellt.\",\"breadcrumb\":{\"@id\":\"https:\\\/\\\/www.krafthand.de\\\/truck\\\/artikel\\\/neue-energieampeln-von-autopstenhoj-39140\\\/#breadcrumb\"},\"inLanguage\":\"de\",\"potentialAction\":[{\"@type\":\"ReadAction\",\"target\":[\"https:\\\/\\\/www.krafthand.de\\\/truck\\\/artikel\\\/neue-energieampeln-von-autopstenhoj-39140\\\/\"]}]},{\"@type\":\"ImageObject\",\"inLanguage\":\"de\",\"@id\":\"https:\\\/\\\/www.krafthand.de\\\/truck\\\/artikel\\\/neue-energieampeln-von-autopstenhoj-39140\\\/#primaryimage\",\"url\":\"https:\\\/\\\/static.krafthand-truck.de\\\/uploads\\\/2024\\\/03\\\/Autopstenhoj_Energieampeln_Werkstatt.jpg\",\"contentUrl\":\"https:\\\/\\\/static.krafthand-truck.de\\\/uploads\\\/2024\\\/03\\\/Autopstenhoj_Energieampeln_Werkstatt.jpg\",\"width\":1200,\"height\":797},{\"@type\":\"BreadcrumbList\",\"@id\":\"https:\\\/\\\/www.krafthand.de\\\/truck\\\/artikel\\\/neue-energieampeln-von-autopstenhoj-39140\\\/#breadcrumb\",\"itemListElement\":[{\"@type\":\"ListItem\",\"position\":1,\"name\":\"Krafthand-Truck\",\"item\":\"https:\\\/\\\/www.krafthand.de\\\/truck\\\/\"},{\"@type\":\"ListItem\",\"position\":2,\"name\":\"Nfz-Service\",\"item\":\"https:\\\/\\\/www.krafthand.de\\\/truck\\\/kategorie\\\/nfz-service\\\/\"},{\"@type\":\"ListItem\",\"position\":3,\"name\":\"Werkstattausr\u00fcstung\",\"item\":\"https:\\\/\\\/www.krafthand.de\\\/truck\\\/kategorie\\\/nfz-service\\\/werkstattausruestung\\\/\"},{\"@type\":\"ListItem\",\"position\":4,\"name\":\"Neue Energieampeln von Autopstenhoj\"}]},{\"@type\":\"WebSite\",\"@id\":\"https:\\\/\\\/www.krafthand.de\\\/truck\\\/#website\",\"url\":\"https:\\\/\\\/www.krafthand.de\\\/truck\\\/\",\"name\":\"Krafthand-Truck\",\"description\":\"\",\"potentialAction\":[{\"@type\":\"SearchAction\",\"target\":{\"@type\":\"EntryPoint\",\"urlTemplate\":\"https:\\\/\\\/www.krafthand.de\\\/truck\\\/?s={search_term_string}\"},\"query-input\":{\"@type\":\"PropertyValueSpecification\",\"valueRequired\":true,\"valueName\":\"search_term_string\"}}],\"inLanguage\":\"de\"},{\"@type\":\"Person\",\"@id\":\"https:\\\/\\\/www.krafthand.de\\\/truck\\\/#\\\/schema\\\/person\\\/51fa80b1c57034c4bf63f9f988fc24ce\",\"name\":\"georg.blenk@krafthand-medien.de\",\"image\":{\"@type\":\"ImageObject\",\"inLanguage\":\"de\",\"@id\":\"https:\\\/\\\/secure.gravatar.com\\\/avatar\\\/93713c30affe0aa95d3a4130e499bb1abee2eb31adbdd9ce2aa1543538490215?s=96&d=mm&r=g\",\"url\":\"https:\\\/\\\/secure.gravatar.com\\\/avatar\\\/93713c30affe0aa95d3a4130e499bb1abee2eb31adbdd9ce2aa1543538490215?s=96&d=mm&r=g\",\"contentUrl\":\"https:\\\/\\\/secure.gravatar.com\\\/avatar\\\/93713c30affe0aa95d3a4130e499bb1abee2eb31adbdd9ce2aa1543538490215?s=96&d=mm&r=g\",\"caption\":\"georg.blenk@krafthand-medien.de\"}}]}<\/script>\n<!-- \/ Yoast SEO plugin. -->","yoast_head_json":{"title":"Neue Energieampeln - Zentraler Zugang zu Strom und Druckluft","description":"Autopstenhoj hat neu entwickelte Energieampeln f\u00fcr den hindernisfreien Zugang zu Strom und Druckluft in der Werkstatt vorgestellt.","robots":{"index":"index","follow":"follow","max-snippet":"max-snippet:-1","max-image-preview":"max-image-preview:large","max-video-preview":"max-video-preview:-1"},"canonical":"https:\/\/www.krafthand.de\/truck\/artikel\/neue-energieampeln-von-autopstenhoj-39140\/","og_locale":"de_DE","og_type":"article","og_title":"Neue Energieampeln - Zentraler Zugang zu Strom und Druckluft","og_description":"Autopstenhoj hat neu entwickelte Energieampeln f\u00fcr den hindernisfreien Zugang zu Strom und Druckluft in der Werkstatt vorgestellt.","og_url":"https:\/\/www.krafthand-truck.de\/artikel\/neue-energieampeln-von-autopstenhoj-39140\/","og_site_name":"Krafthand-Truck","article_published_time":"2024-03-15T08:40:02+00:00","article_modified_time":"2024-03-15T08:42:14+00:00","og_image":[{"width":1200,"height":797,"url":"https:\/\/static.krafthand-truck.de\/uploads\/2024\/03\/Autopstenhoj_Energieampeln_Werkstatt.jpg","type":"image\/jpeg"}],"author":"georg.blenk@krafthand-medien.de","twitter_card":"summary_large_image","twitter_misc":{"Verfasst von":"georg.blenk@krafthand-medien.de","Gesch\u00e4tzte Lesezeit":"2\u00a0Minuten"},"schema":{"@context":"https:\/\/schema.org","@graph":[{"@type":"Article","@id":"https:\/\/www.krafthand.de\/truck\/artikel\/neue-energieampeln-von-autopstenhoj-39140\/#article","isPartOf":{"@id":"https:\/\/www.krafthand.de\/truck\/artikel\/neue-energieampeln-von-autopstenhoj-39140\/"},"author":{"name":"georg.blenk@krafthand-medien.de","@id":"https:\/\/www.krafthand.de\/truck\/#\/schema\/person\/51fa80b1c57034c4bf63f9f988fc24ce"},"headline":"Neue Energieampeln von Autopstenhoj","datePublished":"2024-03-15T08:40:02+00:00","dateModified":"2024-03-15T08:42:14+00:00","mainEntityOfPage":{"@id":"https:\/\/www.krafthand.de\/truck\/artikel\/neue-energieampeln-von-autopstenhoj-39140\/"},"wordCount":181,"image":{"@id":"https:\/\/www.krafthand.de\/truck\/artikel\/neue-energieampeln-von-autopstenhoj-39140\/#primaryimage"},"thumbnailUrl":"https:\/\/static.krafthand-truck.de\/uploads\/2024\/03\/Autopstenhoj_Energieampeln_Werkstatt.jpg","keywords":["Autopstenhoj","Druckluft","Energieampel","Strom"],"articleSection":["Werkstattausr\u00fcstung"],"inLanguage":"de"},{"@type":"WebPage","@id":"https:\/\/www.krafthand.de\/truck\/artikel\/neue-energieampeln-von-autopstenhoj-39140\/","url":"https:\/\/www.krafthand.de\/truck\/artikel\/neue-energieampeln-von-autopstenhoj-39140\/","name":"Neue Energieampeln - Zentraler Zugang zu Strom und Druckluft","isPartOf":{"@id":"https:\/\/www.krafthand.de\/truck\/#website"},"primaryImageOfPage":{"@id":"https:\/\/www.krafthand.de\/truck\/artikel\/neue-energieampeln-von-autopstenhoj-39140\/#primaryimage"},"image":{"@id":"https:\/\/www.krafthand.de\/truck\/artikel\/neue-energieampeln-von-autopstenhoj-39140\/#primaryimage"},"thumbnailUrl":"https:\/\/static.krafthand-truck.de\/uploads\/2024\/03\/Autopstenhoj_Energieampeln_Werkstatt.jpg","datePublished":"2024-03-15T08:40:02+00:00","dateModified":"2024-03-15T08:42:14+00:00","author":{"@id":"https:\/\/www.krafthand.de\/truck\/#\/schema\/person\/51fa80b1c57034c4bf63f9f988fc24ce"},"description":"Autopstenhoj hat neu entwickelte Energieampeln f\u00fcr den hindernisfreien Zugang zu Strom und Druckluft in der Werkstatt vorgestellt.","breadcrumb":{"@id":"https:\/\/www.krafthand.de\/truck\/artikel\/neue-energieampeln-von-autopstenhoj-39140\/#breadcrumb"},"inLanguage":"de","potentialAction":[{"@type":"ReadAction","target":["https:\/\/www.krafthand.de\/truck\/artikel\/neue-energieampeln-von-autopstenhoj-39140\/"]}]},{"@type":"ImageObject","inLanguage":"de","@id":"https:\/\/www.krafthand.de\/truck\/artikel\/neue-energieampeln-von-autopstenhoj-39140\/#primaryimage","url":"https:\/\/static.krafthand-truck.de\/uploads\/2024\/03\/Autopstenhoj_Energieampeln_Werkstatt.jpg","contentUrl":"https:\/\/static.krafthand-truck.de\/uploads\/2024\/03\/Autopstenhoj_Energieampeln_Werkstatt.jpg","width":1200,"height":797},{"@type":"BreadcrumbList","@id":"https:\/\/www.krafthand.de\/truck\/artikel\/neue-energieampeln-von-autopstenhoj-39140\/#breadcrumb","itemListElement":[{"@type":"ListItem","position":1,"name":"Krafthand-Truck","item":"https:\/\/www.krafthand.de\/truck\/"},{"@type":"ListItem","position":2,"name":"Nfz-Service","item":"https:\/\/www.krafthand.de\/truck\/kategorie\/nfz-service\/"},{"@type":"ListItem","position":3,"name":"Werkstattausr\u00fcstung","item":"https:\/\/www.krafthand.de\/truck\/kategorie\/nfz-service\/werkstattausruestung\/"},{"@type":"ListItem","position":4,"name":"Neue Energieampeln von Autopstenhoj"}]},{"@type":"WebSite","@id":"https:\/\/www.krafthand.de\/truck\/#website","url":"https:\/\/www.krafthand.de\/truck\/","name":"Krafthand-Truck","description":"","potentialAction":[{"@type":"SearchAction","target":{"@type":"EntryPoint","urlTemplate":"https:\/\/www.krafthand.de\/truck\/?s={search_term_string}"},"query-input":{"@type":"PropertyValueSpecification","valueRequired":true,"valueName":"search_term_string"}}],"inLanguage":"de"},{"@type":"Person","@id":"https:\/\/www.krafthand.de\/truck\/#\/schema\/person\/51fa80b1c57034c4bf63f9f988fc24ce","name":"georg.blenk@krafthand-medien.de","image":{"@type":"ImageObject","inLanguage":"de","@id":"https:\/\/secure.gravatar.com\/avatar\/93713c30affe0aa95d3a4130e499bb1abee2eb31adbdd9ce2aa1543538490215?s=96&d=mm&r=g","url":"https:\/\/secure.gravatar.com\/avatar\/93713c30affe0aa95d3a4130e499bb1abee2eb31adbdd9ce2aa1543538490215?s=96&d=mm&r=g","contentUrl":"https:\/\/secure.gravatar.com\/avatar\/93713c30affe0aa95d3a4130e499bb1abee2eb31adbdd9ce2aa1543538490215?s=96&d=mm&r=g","caption":"georg.blenk@krafthand-medien.de"}}]}},"_links":{"self":[{"href":"https:\/\/www.krafthand.de\/truck\/wp-json\/wp\/v2\/posts\/39140","targetHints":{"allow":["GET"]}}],"collection":[{"href":"https:\/\/www.krafthand.de\/truck\/wp-json\/wp\/v2\/posts"}],"about":[{"href":"https:\/\/www.krafthand.de\/truck\/wp-json\/wp\/v2\/types\/post"}],"author":[{"embeddable":true,"href":"https:\/\/www.krafthand.de\/truck\/wp-json\/wp\/v2\/users\/9"}],"replies":[{"embeddable":true,"href":"https:\/\/www.krafthand.de\/truck\/wp-json\/wp\/v2\/comments?post=39140"}],"version-history":[{"count":9,"href":"https:\/\/www.krafthand.de\/truck\/wp-json\/wp\/v2\/posts\/39140\/revisions"}],"predecessor-version":[{"id":39150,"href":"https:\/\/www.krafthand.de\/truck\/wp-json\/wp\/v2\/posts\/39140\/revisions\/39150"}],"wp:featuredmedia":[{"embeddable":true,"href":"https:\/\/www.krafthand.de\/truck\/wp-json\/wp\/v2\/media\/39148"}],"wp:attachment":[{"href":"https:\/\/www.krafthand.de\/truck\/wp-json\/wp\/v2\/media?parent=39140"}],"wp:term":[{"taxonomy":"category","embeddable":true,"href":"https:\/\/www.krafthand.de\/truck\/wp-json\/wp\/v2\/categories?post=39140"},{"taxonomy":"post_tag","embeddable":true,"href":"https:\/\/www.krafthand.de\/truck\/wp-json\/wp\/v2\/tags?post=39140"},{"taxonomy":"settings","embeddable":true,"href":"https:\/\/www.krafthand.de\/truck\/wp-json\/wp\/v2\/settings?post=39140"}],"curies":[{"name":"wp","href":"https:\/\/api.w.org\/{rel}","templated":true}]}}