{"id":39107,"date":"2024-03-12T09:42:56","date_gmt":"2024-03-12T08:42:56","guid":{"rendered":"https:\/\/www.krafthand.de\/truck\/?p=39107"},"modified":"2024-03-12T09:42:56","modified_gmt":"2024-03-12T08:42:56","slug":"tipps-bei-problemen-mit-der-klimaanlage-behalten-sie-einen-kuehlen-kopf","status":"publish","type":"post","link":"https:\/\/www.krafthand.de\/truck\/artikel\/tipps-bei-problemen-mit-der-klimaanlage-behalten-sie-einen-kuehlen-kopf-39107\/","title":{"rendered":"Tipps bei Problemen mit der Klimaanlage &#8211; Behalten Sie einen k\u00fchlen Kopf!"},"content":{"rendered":"<p>Durch Routine und eine \u201aDas haben wir schon immer so gemacht\u2018-Mentalit\u00e4t passieren immer wieder Fehler, die zu unn\u00f6tigen Problemen mit dem Kunden und teuren Folgekosten f\u00fchren. Das gilt auch bei Service- und Reparaturarbeiten an der Klimaanlage. Oftmals sind es nur kleine Fallen, in die selbst versierte Werkstattprofis tappen.<\/p>\n<h3>Klimaservice ist Ganzjahresgesch\u00e4ft<\/h3>\n<p>Das Gesch\u00e4ft mit dem Klimaservice hat sich aufgrund der hohen Ausstattungsquote l\u00e4ngst vom Saison- zum Ganzjahresgesch\u00e4ft entwickelt. Nichtsdestotrotz gibt es saisonale Hochs und Tiefs, was den Bedarf an Klimaarbeiten anbelangt. Eine typische Klima-Hochzeit ist das Fr\u00fchjahr, wenn viele Lkw-Fahrer ihre Klimaanlagen mit steigenden Au\u00dfentemperaturen aus dem Winterschlaf erwecken. Sp\u00e4testens jetzt ist so mancher \u00fcberrascht, wenn ihm nur ein laues L\u00fcftchen aus der auf \u201aMAX\u2018-gestellten Aircondition entgegenweht. Eine klassische Beanstandung, die sich jedoch nicht immer mit klassischen Methoden beheben l\u00e4sst. Manchmal ist \u201aum die Ecke denken\u2018 angesagt.<\/p>\n<h3>Der Filtertrockner \u2013 oft vergessen<\/h3>\n<figure id=\"attachment_39111\" aria-describedby=\"caption-attachment-39111\" style=\"width: 420px\" class=\"wp-caption alignleft\"><a href=\"https:\/\/static.krafthand-truck.de\/uploads\/2024\/03\/Klimaservice_Lkw_Filtertrockner.jpg\" target=\"_blank\" rel=\"noopener\"><img fetchpriority=\"high\" decoding=\"async\" class=\"wp-image-39111\" src=\"https:\/\/static.krafthand-truck.de\/uploads\/2024\/03\/Klimaservice_Lkw_Filtertrockner-300x200.jpg\" alt=\"\" width=\"420\" height=\"279\" srcset=\"https:\/\/static.krafthand-truck.de\/uploads\/2024\/03\/Klimaservice_Lkw_Filtertrockner-300x200.jpg 300w, https:\/\/static.krafthand-truck.de\/uploads\/2024\/03\/Klimaservice_Lkw_Filtertrockner-768x511.jpg 768w, https:\/\/static.krafthand-truck.de\/uploads\/2024\/03\/Klimaservice_Lkw_Filtertrockner.jpg 1024w\" sizes=\"(max-width: 420px) 100vw, 420px\" \/><\/a><figcaption id=\"caption-attachment-39111\" class=\"wp-caption-text\">Wird beim Klimaservice h\u00e4ufig vergessen, der Filtertrockner. Ist sein Filterkissen mit Feuchtigkeit ges\u00e4ttigt, kann es sich aufl\u00f6sen. Die dabei entstehenden harten Partikel verteilen sich im K\u00e4ltemittelkreislauf und k\u00f6nnen sogar einen Kompressor-Totalschaden verursachen. Bild: Kuss<\/figcaption><\/figure>\n<p>Die K\u00e4lteleistung l\u00e4sst im Fahrbetrieb zeitweise stark nach und f\u00e4llt schlie\u00dflich ganz aus, um dann auf wundersame Weise wieder einzusetzen, nachdem der Motor kurz abgestellt war. Die Problembeschreibung ist typisch f\u00fcr einen tempor\u00e4res Vereisen des Verdampfers und\/oder des Drosselventils. Beim Abstellen taut die Stauw\u00e4rme des Motors das Eis auf und die Aircondition funktioniert wieder einwandfrei \u2013 bis zur n\u00e4chsten Vereisung. Urs\u00e4chlich ist ein zu hoher Feuchtegehalt im K\u00e4ltemittel. Beim Drucktest mit dem Serviceger\u00e4t verh\u00e4lt sich der Niederdruck \u00fcblicherweise normal und der Hochdruck meist \u00e4hnlich, mit der Tendenz, den oberen Grenzwert zu \u00fcberschreiten. Au\u00dferdem schwankt die Ausblastemperatur deutlich.<br \/>\nDie Ursache f\u00fcr den hohen Feuchtegehalt im K\u00e4ltemittelkreislauf kann ein \u00fcberalterter Filtertrockner\/Akkumulator sein. Der sollte nicht nur Schmutzpartikel, die mit dem K\u00e4ltemittel zirkulieren, auffangen, sondern in seinem hygroskopischen (wasseranziehenden) Trocknermedium die im System befindliche Feuchtigkeit binden. Allerdings kann er nur eine gewisse Menge Feuchtigkeit aufnehmen. Ist der S\u00e4ttigungspunkt \u00fcberschritten, zirkuliert die \u00fcbersch\u00fcssige Feuchtigkeit im System. Wenn sich das K\u00e4ltemittelgas schlie\u00dflich im Drosselventil oder im Verdampfer entspannt, kommt es zur beschriebenen Fehlfunktion. Klimafachleute raten deshalb, den Filter-Trockner\/Akkumulator sp\u00e4testens alle zwei Jahre, in jedem Fall aber nach einem \u00d6ffnen des K\u00e4ltemittelkreislaufs, zu ersetzen.<\/p>\n<h3>Gerne \u00fcbersehen: der Kondensator<\/h3>\n<figure id=\"attachment_39113\" aria-describedby=\"caption-attachment-39113\" style=\"width: 420px\" class=\"wp-caption alignright\"><a href=\"https:\/\/static.krafthand-truck.de\/uploads\/2024\/03\/Klimaservice_Lkw_Kondensator-.jpg\" target=\"_blank\" rel=\"noopener\"><img decoding=\"async\" class=\"wp-image-39113\" src=\"https:\/\/static.krafthand-truck.de\/uploads\/2024\/03\/Klimaservice_Lkw_Kondensator--300x178.jpg\" alt=\"\" width=\"420\" height=\"249\" srcset=\"https:\/\/static.krafthand-truck.de\/uploads\/2024\/03\/Klimaservice_Lkw_Kondensator--300x178.jpg 300w, https:\/\/static.krafthand-truck.de\/uploads\/2024\/03\/Klimaservice_Lkw_Kondensator--1024x607.jpg 1024w, https:\/\/static.krafthand-truck.de\/uploads\/2024\/03\/Klimaservice_Lkw_Kondensator--768x456.jpg 768w, https:\/\/static.krafthand-truck.de\/uploads\/2024\/03\/Klimaservice_Lkw_Kondensator-.jpg 1106w\" sizes=\"(max-width: 420px) 100vw, 420px\" \/><\/a><figcaption id=\"caption-attachment-39113\" class=\"wp-caption-text\">Der Klimakondensator wird mitunter von Steinen, Insekten oder gar V\u00f6gel getroffen. Manchmal verursachen sie sogar ein Loch im K\u00fchlernetz, was an austretendem Kompressor\u00f6l zu sehen ist. Bild: Kuss<\/figcaption><\/figure>\n<p>Klima-Kondensatoren (Klima-K\u00fchler) k\u00f6nnen zwei Probleme haben: Undichtigkeiten und Verstopfungen. Da sie im \u201aEinschussbereich\u2018 von Fremdk\u00f6rpern wie Steinen, Insekten oder auch V\u00f6geln liegen, kommt es immer wieder zu Besch\u00e4digungen und Undichtigkeiten. Aufgewirbelte Gegenst\u00e4nde k\u00f6nnen ein Loch in das K\u00fchlernetz schlagen, so dass das K\u00e4ltemittel sofort entweicht. Andererseits verletzen sie den Korrosionsschutz der meist aus Aluminium bestehenden Komponente, so dass sie im Laufe der Zeit zu oxidieren beginnt, was schlie\u00dflich im Lochfra\u00df endet. In einem solchen Fall kommt es meist zu einem schleichenden K\u00e4ltemittelverlust. Wird bei einem Klimaservice ein Lecksuch-Additiv beigegeben, lassen sich Leckagen mit der UV-Lampe schnell und unkompliziert lokalisieren.<br \/>\nSpeziell bei Fernverkehrs- und Baustellen-Lkw machen auch ins K\u00fchlernetz eingedrungener Stra\u00dfenschmutz, Plastikt\u00fcten oder Papierfetzen Probleme, da der Kondensator meist vor dem K\u00fchlmittelk\u00fchler verbaut ist. Die unfreiwillige Blockade behindert die W\u00e4rmeabgabe am Kondensator, was die K\u00fchlleistung im Extremfall drastisch verschlechtert. Der Fahrer bem\u00e4ngelt typischerweise, dass die Klimaanlage bei sehr hohen Au\u00dfentemperaturen und besonders bei l\u00e4ngerem Stop-and-Go-Verkehr nur ein laues L\u00fcftchen produziert, w\u00e4hrend sich die Ku\u0308hlleistung bei schnellerer \u00dcberland- oder Autobahnfahrt merklich verbessert. M\u00f6glicherweise ist dem Trucker auch aufgefallen, dass der Kondensatorl\u00fcfter h\u00e4ufiger als fr\u00fcher l\u00e4uft oder seit geraumer Zeit bei betriebswarmem Motor sogar permanent arbeitet. Klimaprofis k\u00f6nnen dies an den Anlagendr\u00fccken nachvollziehen: \u00dcblicherweise ist sowohl der Hoch- als auch der Niederdruck zu hoch. Auch mit einer Messung der Ausstr\u00f6mtemperatur an den Mittenausstr\u00f6mern l\u00e4sst sich das Verhalten verifizieren: Nach anf\u00e4nglichem K\u00fchlen steigt die Temperatur auf die Umgebungstemperatur. Ein zugesetzter Kondensator l\u00e4sst sich durch vorsichtiges Ausblasen mit Druckluft entgegen der Einstr\u00f6mrichtung reinigen.<\/p>\n<h3>Mangelnde Schmierung und Abrieb<\/h3>\n<figure id=\"attachment_39115\" aria-describedby=\"caption-attachment-39115\" style=\"width: 420px\" class=\"wp-caption alignleft\"><a href=\"https:\/\/static.krafthand-truck.de\/uploads\/2024\/03\/Klimaservice_lkw_Filtersieb.jpg\" target=\"_blank\" rel=\"noopener\"><img decoding=\"async\" class=\"wp-image-39115\" src=\"https:\/\/static.krafthand-truck.de\/uploads\/2024\/03\/Klimaservice_lkw_Filtersieb-300x125.jpg\" alt=\"\" width=\"420\" height=\"174\" srcset=\"https:\/\/static.krafthand-truck.de\/uploads\/2024\/03\/Klimaservice_lkw_Filtersieb-300x125.jpg 300w, https:\/\/static.krafthand-truck.de\/uploads\/2024\/03\/Klimaservice_lkw_Filtersieb-1024x425.jpg 1024w, https:\/\/static.krafthand-truck.de\/uploads\/2024\/03\/Klimaservice_lkw_Filtersieb-768x319.jpg 768w, https:\/\/static.krafthand-truck.de\/uploads\/2024\/03\/Klimaservice_lkw_Filtersieb.jpg 1200w\" sizes=\"(max-width: 420px) 100vw, 420px\" \/><\/a><figcaption id=\"caption-attachment-39115\" class=\"wp-caption-text\">Um nach einem Kompressorschaden den neu eingebauten Verdichter vor sch\u00e4dlichen Partikeln zu sch\u00fctzen, sollte man sicherheitshalber ein engmaschiges Feinsieb in die Ansaugleitung einsetzen. Bild: Kuss<\/figcaption><\/figure>\n<p>H\u00e4ufig sind Probleme mit der Schmierung f\u00fcr einen Totalschaden des Kompressors verantwortlich. Bei mangelnder Schmierung entsteht Abrieb, von feinsten Metallpartikeln bis hin zu handfesten Sp\u00e4nen, die sich, solange der Kompressor noch l\u00e4uft, im K\u00e4ltemittelkreislauf verteilen. Vor dem Einbau eines neuen Verdichters muss man diese sch\u00e4dlichen Partikel restlos entfernen. Andernfalls drohen in der Folgezeit Funktionsst\u00f6rungen, im Extremfall sogar ein neuerlicher Kompressor-Totalschaden.<br \/>\nIn der Praxis haben sich drei Reinigungsmethoden etabliert: Ausblasen mit Stickstoff, Sp\u00fclen mit K\u00e4ltemittel und Reinigen mit chemischen Reinigungsmitteln. Die Methoden unterscheiden sich sowohl in ihrer Wirksamkeit als auch in der Handhabung, zudem sind sie unterschiedlich zeit- und kostenaufw\u00e4ndig. In jedem Fall muss man die Anlage \u00f6ffnen, um s\u00e4mtliche Bauteile und Leitungsabschnitte einzeln und entgegen der K\u00e4ltemittel-Flussrichtung reinigen zu k\u00f6nnen. Komponenten wie Kompressor, Filtertrockner\/Akkumulator, Leitungsfilter, Expansionsorgan (Expansionsventil beziehungsweise Festdrossel, auch: Orifice-Tube, Harrison-Ventil) sowie Kondensatoren und Verdampfer in \u201aMulti-Pass\u2018- \/ \u201aMulti-Flow\u2018-Bauweise, lassen sich allerdings nicht reinigen und sind daher in jedem Fall zu ersetzen.<br \/>\nKlima-Profis, die auf Nummer sicher gehen m\u00f6chten, bauen zus\u00e4tzlich auf der Saugseite des Kompressors ein feinmaschiges Filtersieb ein, welches vagabundierende Schmutzpartikel zur\u00fcckh\u00e4lt, bevor sie in den Verdichterraum gelangen. Je nach Verschmutzung empfiehlt es sich das Schutzsieb mehrfach zu ersetzen und dabei die Maschenweite schrittweise zu verringern.<\/p>\n<h3>&#8218;No-Go&#8216;: F\u00fcllen undichter Anlagen zur Fehlersuche<\/h3>\n<p>Zu den typischen Werkstatt-S\u00fcnden geh\u00f6rt es, bei mangelnder K\u00e4lteleistung nach der Winterpause der Klimaanlage, ohne vorgeschaltete Leckage-Pr\u00fcfung im Automatikmodus des Serviceger\u00e4ts einen Klimaservice vorzunehmen. Dabei wird das Ka\u0308ltemittel abgesaugt, h\u00e4ufig ohne die Ist-F\u00fcllmenge genauer zu beachten. Nach dem Auff\u00fcllen der korrekten Menge l\u00e4uft die Anlage zwar wieder, aber nur so lange, bis erneut zu wenig K\u00e4ltemittel im Kreislauf ist. Ein solches Vorgehen ist klar verboten. Das Gesetz schreibt vor, ein m\u00f6gliches Leck zuerst mit einem geeigneten Produkt wie einem UV-Kontrastmittel aufzusp\u00fcren oder eine Druckpr\u00fcfung mittels Stickstoffs, oder Einsatz von Formiergas durchzuf\u00fchren. Wird eine Leckage festgestellt, muss sie behoben werden, danach erfolgt erneut eine Dichtheitspr\u00fcfung. Erst dann wird mit neuem K\u00e4ltemittel aufgef\u00fcllt.<br \/>\nBei einem Mikro-Leck empfiehlt es sich, mit einem Spezialadapter prophylaktisch UV-Kontrastmittel einzuf\u00fcllen, um die sp\u00e4tere Lecksuche zu erleichtern. Solange der Kompressor noch arbeitet, zirkuliert das Lecksuch-Additiv mit dem K\u00e4ltemittel und verteilt sich in der gesamten Anlage. Undichtigkeiten, speziell auch Mikro- und Vibrationslecks, lassen sich dann mit der UV-Lampe anhand der deutlich sichtbaren Austrittsspuren entlarven.<\/p>\n<p><strong>Tipp: Bei einem schleichenden Verlust von K\u00e4ltemittel auch den Dichtring der Kompressor-Antriebswelle pr\u00fcfen!<\/strong><\/p>\n<h3>Vorsicht Hochspannung!<\/h3>\n<p>Die Zulassungszahlen von batterieelektrischen Nutzfahrzeugen gemessen am Gesamtbestand bewegen sich noch auf niedrigem Niveau, doch der Anteil steigt stetig. Grunds\u00e4tzlich entspricht der Aufbau der Klimaanlagen und der Komponenten jenen von Verbrennern. E-Fahrzeuge verdichten jedoch das K\u00e4ltemittel bauartbedingt nicht mit einem riemengetriebenen Kompressor, sondern mit einer elektrisch angetriebenen Variante. Die hat zur Folge, dass ein spezielles, nicht-leitendes, kurzschlussfestes Kompressor\u00f6l ben\u00f6tigt wird. Das hei\u00dft, beim Wechsel auf ein E-Kompressor\u00f6l muss das Klimaserviceger\u00e4t gesp\u00fclt werden, damit keine gef\u00e4hrliche Quervermischung erfolgt. \u00dcblicherweise ist dieser Sp\u00fclvorgang in der Ger\u00e4tesoftware hinterlegt, muss aber vom Anwender aktiv angesto\u00dfen werden.<\/p>\n<p>&nbsp;<\/p>\n<div class=\"infobox box-grey\"><\/p>\n<h3>CO2-Klimaanlagen (R744)<\/h3>\n<p><figure id=\"attachment_39117\" aria-describedby=\"caption-attachment-39117\" style=\"width: 280px\" class=\"wp-caption alignright\"><a href=\"https:\/\/static.krafthand-truck.de\/uploads\/2024\/03\/Klimaservice_Lkw_Bus_R744_CO2_AVL_Ditest.jpg\" target=\"_blank\" rel=\"noopener\"><img loading=\"lazy\" decoding=\"async\" class=\"wp-image-39117\" src=\"https:\/\/static.krafthand-truck.de\/uploads\/2024\/03\/Klimaservice_Lkw_Bus_R744_CO2_AVL_Ditest-214x300.jpg\" alt=\"\" width=\"280\" height=\"392\" srcset=\"https:\/\/static.krafthand-truck.de\/uploads\/2024\/03\/Klimaservice_Lkw_Bus_R744_CO2_AVL_Ditest-214x300.jpg 214w, https:\/\/static.krafthand-truck.de\/uploads\/2024\/03\/Klimaservice_Lkw_Bus_R744_CO2_AVL_Ditest-732x1024.jpg 732w, https:\/\/static.krafthand-truck.de\/uploads\/2024\/03\/Klimaservice_Lkw_Bus_R744_CO2_AVL_Ditest-768x1074.jpg 768w, https:\/\/static.krafthand-truck.de\/uploads\/2024\/03\/Klimaservice_Lkw_Bus_R744_CO2_AVL_Ditest.jpg 800w\" sizes=\"(max-width: 280px) 100vw, 280px\" \/><\/a><figcaption id=\"caption-attachment-39117\" class=\"wp-caption-text\">Nutzfahrzeug-Werkst\u00e4tten, die sich mit dem Service an CO2-Busklimaanlagen besch\u00e4ftigen, ben\u00f6tigen ein entsprechendes Servicegera\u0308t. Im Bild das vollautomatische \u201eADS 340\u201c von AVL Ditest. Bild: AVL Ditest<\/figcaption><\/figure><\/p>\n<p>Klimaanlagen von Pkw und Lkw unterscheiden sich in der K\u00e4ltemittelf\u00fcllmenge und der Dimension der Komponenten. Nach derzeitigem Stand der Technik ist es jedoch unwahrscheinlich, dass es der Nutzfahrzeugprofi beim Klimaservice auch mit dem K\u00e4ltemittel R744, also CO2, zutun bekommt. Dies gilt zumindest f\u00fcr die Fahrzeugklimaanlage, nicht f\u00fcr die Aufdach-Klimaanlagen von Bussen im \u00d6PNV.<br \/>\nCO2-Klimaanlagen neigen konstruktionsbedingt und aufgrund der h\u00f6here Dr\u00fccke Im Klimakreislauf zu Undichtigkeiten, speziell, wenn Vibrationen im Spiel sind. Zudem ist anzunehmen, dass es noch dauern wird, bis sich batterieelektrische- sowie Brennstoffzellen-Lkw mit W\u00e4rmepumpe auf unseren Stra\u00dfen bewegen. Dann jedoch kommt kein Lkw-Mechatroniker mehr umhin, sich mit R744 zu befassen. Die CO2-W\u00e4rmepumpe ist pr\u00e4destiniert daf\u00fcr, eingebettet in das Thermomanagementsystem eines BEV\/FCEV, die Temperatur in der Kabine, die der Brennstoffzelle und der Batterien zu organisieren.<br \/>\nIn Bus-Werkst\u00e4tten dagegen geh\u00f6rt ein R744-Klimaserviceger\u00e4t schon heute immer \u00f6fter zur Grundausstattung. Elektrobusse wie der Mercedes-Benz eCitaro oder der Urbino von Solaris nutzen das klimafreundlichere Naturgas zum Heizen und K\u00fchlen des Fahrgastraums.<\/p>\n<p><\/div>\n<p><i>Den Beitrag finden Sie auch in der Print-Ausgabe 1-2024 der <a href=\"https:\/\/www.krafthand.de\/truck\/magazin\/\" title=\"Zum Magazin\">Krafthand-Truck<\/a>.<\/i><\/p>\r\n\t\t\t\t<div class=\"post-author\">\r\n\t\t\t\t\t<div class=\"khm-cp-author clearfix\">\r\n\t\t\t\t\t\t<div class=\"khm-cp-author__content\">\r\n\t\t\t\t\t\t\t\tKontakt zum Autor:<br \/>\r\n\t\t\t\t\t\t\t\t<strong>Klaus Kuss<\/strong>, 08247 \/ 3007-177 |  <a href=\"mailto:klaus.kuss@krafthand-medien.de\">klaus.kuss@krafthand-medien.de<\/a>\r\n\t\t\t\t\t\t\t<div class=\"khm-cp-author__image\">\r\n\t\t\t\t\t\t<img src=\"https:\/\/static.krafthand-truck.de\/uploads\/2018\/01\/Kuss_Klaus-250x300.png\" class=\"img-responsive\">\r\n\t\t\t\t\t<\/div>\r\n\t\t\t\t\t\t<\/div>\r\n\t\t\t\t\t<\/div>\r\n\t\t\t\t<\/div>\r\n\t\t\t\t","protected":false},"excerpt":{"rendered":"<p>Durch Routine und eine \u201aDas haben wir schon immer so gemacht\u2018-Mentalit\u00e4t passieren immer wieder Fehler, die zu unn\u00f6tigen Problemen mit dem Kunden und teuren Folgekosten f\u00fchren. Das gilt auch bei Service- und Reparaturarbeiten an der Klimaanlage. Oftmals sind es nur kleine Fallen, in die selbst versierte Werkstattprofis tappen. <span class=\"excerpt-more__dots\">&#8230;<\/span> <a class=\"excerpt-more__link\" href=\"https:\/\/www.krafthand.de\/truck\/artikel\/tipps-bei-problemen-mit-der-klimaanlage-behalten-sie-einen-kuehlen-kopf-39107\/\" >weiter<\/a><\/p>\n","protected":false},"author":9,"featured_media":39108,"comment_status":"closed","ping_status":"closed","sticky":false,"template":"","format":"standard","meta":{"footnotes":""},"categories":[4222,4218],"tags":[974,70,80,1401],"settings":[3524,4766,3523],"class_list":["post-39107","post","type-post","status-publish","format-standard","has-post-thumbnail","hentry","category-nfz-technik","category-werkstattpraxis","tag-avl-ditest","tag-klimaanlage","tag-klimaservice","tag-mahle"],"yoast_head":"<!-- This site is optimized with the Yoast SEO plugin v27.3 - https:\/\/yoast.com\/product\/yoast-seo-wordpress\/ -->\n<title>Nutzfahrzeuge: Tipps bei Problemen mit der Klimaanlage<\/title>\n<meta name=\"description\" content=\"Bei Service-Arbeiten an der Lkw-Klimaanlage gibt es Einiges zu beachten. Oft sind es nur kleine Fallen, in die selbst versierte Profis tappen.\" \/>\n<meta name=\"robots\" content=\"index, follow, max-snippet:-1, max-image-preview:large, max-video-preview:-1\" \/>\n<link rel=\"canonical\" href=\"https:\/\/www.krafthand.de\/truck\/artikel\/tipps-bei-problemen-mit-der-klimaanlage-behalten-sie-einen-kuehlen-kopf-39107\/\" \/>\n<meta property=\"og:locale\" content=\"de_DE\" \/>\n<meta property=\"og:type\" content=\"article\" \/>\n<meta property=\"og:title\" content=\"Nutzfahrzeuge: Tipps bei Problemen mit der Klimaanlage\" \/>\n<meta property=\"og:description\" content=\"Bei Service-Arbeiten an der Lkw-Klimaanlage gibt es Einiges zu beachten. Oft sind es nur kleine Fallen, in die selbst versierte Profis tappen.\" \/>\n<meta property=\"og:url\" content=\"https:\/\/www.krafthand-truck.de\/artikel\/tipps-bei-problemen-mit-der-klimaanlage-behalten-sie-einen-kuehlen-kopf-39107\/\" \/>\n<meta property=\"og:site_name\" content=\"Krafthand-Truck\" \/>\n<meta property=\"article:published_time\" content=\"2024-03-12T08:42:56+00:00\" \/>\n<meta property=\"og:image\" content=\"https:\/\/static.krafthand-truck.de\/uploads\/2024\/03\/Mahle_Klimaanlage_Lkw.jpg\" \/>\n\t<meta property=\"og:image:width\" content=\"1200\" \/>\n\t<meta property=\"og:image:height\" content=\"675\" \/>\n\t<meta property=\"og:image:type\" content=\"image\/jpeg\" \/>\n<meta name=\"author\" content=\"georg.blenk@krafthand-medien.de\" \/>\n<meta name=\"twitter:card\" content=\"summary_large_image\" \/>\n<meta name=\"twitter:label1\" content=\"Verfasst von\" \/>\n\t<meta name=\"twitter:data1\" content=\"georg.blenk@krafthand-medien.de\" \/>\n\t<meta name=\"twitter:label2\" content=\"Gesch\u00e4tzte Lesezeit\" \/>\n\t<meta name=\"twitter:data2\" content=\"9\u00a0Minuten\" \/>\n<script type=\"application\/ld+json\" class=\"yoast-schema-graph\">{\"@context\":\"https:\\\/\\\/schema.org\",\"@graph\":[{\"@type\":\"Article\",\"@id\":\"https:\\\/\\\/www.krafthand.de\\\/truck\\\/artikel\\\/tipps-bei-problemen-mit-der-klimaanlage-behalten-sie-einen-kuehlen-kopf-39107\\\/#article\",\"isPartOf\":{\"@id\":\"https:\\\/\\\/www.krafthand.de\\\/truck\\\/artikel\\\/tipps-bei-problemen-mit-der-klimaanlage-behalten-sie-einen-kuehlen-kopf-39107\\\/\"},\"author\":{\"name\":\"georg.blenk@krafthand-medien.de\",\"@id\":\"https:\\\/\\\/www.krafthand.de\\\/truck\\\/#\\\/schema\\\/person\\\/51fa80b1c57034c4bf63f9f988fc24ce\"},\"headline\":\"Tipps bei Problemen mit der Klimaanlage &#8211; Behalten Sie einen k\u00fchlen Kopf!\",\"datePublished\":\"2024-03-12T08:42:56+00:00\",\"mainEntityOfPage\":{\"@id\":\"https:\\\/\\\/www.krafthand.de\\\/truck\\\/artikel\\\/tipps-bei-problemen-mit-der-klimaanlage-behalten-sie-einen-kuehlen-kopf-39107\\\/\"},\"wordCount\":1544,\"image\":{\"@id\":\"https:\\\/\\\/www.krafthand.de\\\/truck\\\/artikel\\\/tipps-bei-problemen-mit-der-klimaanlage-behalten-sie-einen-kuehlen-kopf-39107\\\/#primaryimage\"},\"thumbnailUrl\":\"https:\\\/\\\/static.krafthand-truck.de\\\/uploads\\\/2024\\\/03\\\/Mahle_Klimaanlage_Lkw.jpg\",\"keywords\":[\"AVL Ditest\",\"Klimaanlage\",\"Klimaservice\",\"Mahle\"],\"articleSection\":[\"Nfz-Technik\",\"Werkstattpraxis\"],\"inLanguage\":\"de\"},{\"@type\":\"WebPage\",\"@id\":\"https:\\\/\\\/www.krafthand.de\\\/truck\\\/artikel\\\/tipps-bei-problemen-mit-der-klimaanlage-behalten-sie-einen-kuehlen-kopf-39107\\\/\",\"url\":\"https:\\\/\\\/www.krafthand.de\\\/truck\\\/artikel\\\/tipps-bei-problemen-mit-der-klimaanlage-behalten-sie-einen-kuehlen-kopf-39107\\\/\",\"name\":\"Nutzfahrzeuge: Tipps bei Problemen mit der Klimaanlage\",\"isPartOf\":{\"@id\":\"https:\\\/\\\/www.krafthand.de\\\/truck\\\/#website\"},\"primaryImageOfPage\":{\"@id\":\"https:\\\/\\\/www.krafthand.de\\\/truck\\\/artikel\\\/tipps-bei-problemen-mit-der-klimaanlage-behalten-sie-einen-kuehlen-kopf-39107\\\/#primaryimage\"},\"image\":{\"@id\":\"https:\\\/\\\/www.krafthand.de\\\/truck\\\/artikel\\\/tipps-bei-problemen-mit-der-klimaanlage-behalten-sie-einen-kuehlen-kopf-39107\\\/#primaryimage\"},\"thumbnailUrl\":\"https:\\\/\\\/static.krafthand-truck.de\\\/uploads\\\/2024\\\/03\\\/Mahle_Klimaanlage_Lkw.jpg\",\"datePublished\":\"2024-03-12T08:42:56+00:00\",\"author\":{\"@id\":\"https:\\\/\\\/www.krafthand.de\\\/truck\\\/#\\\/schema\\\/person\\\/51fa80b1c57034c4bf63f9f988fc24ce\"},\"description\":\"Bei Service-Arbeiten an der Lkw-Klimaanlage gibt es Einiges zu beachten. Oft sind es nur kleine Fallen, in die selbst versierte Profis tappen.\",\"breadcrumb\":{\"@id\":\"https:\\\/\\\/www.krafthand.de\\\/truck\\\/artikel\\\/tipps-bei-problemen-mit-der-klimaanlage-behalten-sie-einen-kuehlen-kopf-39107\\\/#breadcrumb\"},\"inLanguage\":\"de\",\"potentialAction\":[{\"@type\":\"ReadAction\",\"target\":[\"https:\\\/\\\/www.krafthand.de\\\/truck\\\/artikel\\\/tipps-bei-problemen-mit-der-klimaanlage-behalten-sie-einen-kuehlen-kopf-39107\\\/\"]}]},{\"@type\":\"ImageObject\",\"inLanguage\":\"de\",\"@id\":\"https:\\\/\\\/www.krafthand.de\\\/truck\\\/artikel\\\/tipps-bei-problemen-mit-der-klimaanlage-behalten-sie-einen-kuehlen-kopf-39107\\\/#primaryimage\",\"url\":\"https:\\\/\\\/static.krafthand-truck.de\\\/uploads\\\/2024\\\/03\\\/Mahle_Klimaanlage_Lkw.jpg\",\"contentUrl\":\"https:\\\/\\\/static.krafthand-truck.de\\\/uploads\\\/2024\\\/03\\\/Mahle_Klimaanlage_Lkw.jpg\",\"width\":1200,\"height\":675},{\"@type\":\"BreadcrumbList\",\"@id\":\"https:\\\/\\\/www.krafthand.de\\\/truck\\\/artikel\\\/tipps-bei-problemen-mit-der-klimaanlage-behalten-sie-einen-kuehlen-kopf-39107\\\/#breadcrumb\",\"itemListElement\":[{\"@type\":\"ListItem\",\"position\":1,\"name\":\"Krafthand-Truck\",\"item\":\"https:\\\/\\\/www.krafthand.de\\\/truck\\\/\"},{\"@type\":\"ListItem\",\"position\":2,\"name\":\"Nfz-Service\",\"item\":\"https:\\\/\\\/www.krafthand.de\\\/truck\\\/kategorie\\\/nfz-service\\\/\"},{\"@type\":\"ListItem\",\"position\":3,\"name\":\"Werkstattpraxis\",\"item\":\"https:\\\/\\\/www.krafthand.de\\\/truck\\\/kategorie\\\/nfz-service\\\/werkstattpraxis\\\/\"},{\"@type\":\"ListItem\",\"position\":4,\"name\":\"Tipps bei Problemen mit der Klimaanlage &#8211; Behalten Sie einen k\u00fchlen Kopf!\"}]},{\"@type\":\"WebSite\",\"@id\":\"https:\\\/\\\/www.krafthand.de\\\/truck\\\/#website\",\"url\":\"https:\\\/\\\/www.krafthand.de\\\/truck\\\/\",\"name\":\"Krafthand-Truck\",\"description\":\"\",\"potentialAction\":[{\"@type\":\"SearchAction\",\"target\":{\"@type\":\"EntryPoint\",\"urlTemplate\":\"https:\\\/\\\/www.krafthand.de\\\/truck\\\/?s={search_term_string}\"},\"query-input\":{\"@type\":\"PropertyValueSpecification\",\"valueRequired\":true,\"valueName\":\"search_term_string\"}}],\"inLanguage\":\"de\"},{\"@type\":\"Person\",\"@id\":\"https:\\\/\\\/www.krafthand.de\\\/truck\\\/#\\\/schema\\\/person\\\/51fa80b1c57034c4bf63f9f988fc24ce\",\"name\":\"georg.blenk@krafthand-medien.de\",\"image\":{\"@type\":\"ImageObject\",\"inLanguage\":\"de\",\"@id\":\"https:\\\/\\\/secure.gravatar.com\\\/avatar\\\/93713c30affe0aa95d3a4130e499bb1abee2eb31adbdd9ce2aa1543538490215?s=96&d=mm&r=g\",\"url\":\"https:\\\/\\\/secure.gravatar.com\\\/avatar\\\/93713c30affe0aa95d3a4130e499bb1abee2eb31adbdd9ce2aa1543538490215?s=96&d=mm&r=g\",\"contentUrl\":\"https:\\\/\\\/secure.gravatar.com\\\/avatar\\\/93713c30affe0aa95d3a4130e499bb1abee2eb31adbdd9ce2aa1543538490215?s=96&d=mm&r=g\",\"caption\":\"georg.blenk@krafthand-medien.de\"}}]}<\/script>\n<!-- \/ Yoast SEO plugin. -->","yoast_head_json":{"title":"Nutzfahrzeuge: Tipps bei Problemen mit der Klimaanlage","description":"Bei Service-Arbeiten an der Lkw-Klimaanlage gibt es Einiges zu beachten. Oft sind es nur kleine Fallen, in die selbst versierte Profis tappen.","robots":{"index":"index","follow":"follow","max-snippet":"max-snippet:-1","max-image-preview":"max-image-preview:large","max-video-preview":"max-video-preview:-1"},"canonical":"https:\/\/www.krafthand.de\/truck\/artikel\/tipps-bei-problemen-mit-der-klimaanlage-behalten-sie-einen-kuehlen-kopf-39107\/","og_locale":"de_DE","og_type":"article","og_title":"Nutzfahrzeuge: Tipps bei Problemen mit der Klimaanlage","og_description":"Bei Service-Arbeiten an der Lkw-Klimaanlage gibt es Einiges zu beachten. Oft sind es nur kleine Fallen, in die selbst versierte Profis tappen.","og_url":"https:\/\/www.krafthand-truck.de\/artikel\/tipps-bei-problemen-mit-der-klimaanlage-behalten-sie-einen-kuehlen-kopf-39107\/","og_site_name":"Krafthand-Truck","article_published_time":"2024-03-12T08:42:56+00:00","og_image":[{"width":1200,"height":675,"url":"https:\/\/static.krafthand-truck.de\/uploads\/2024\/03\/Mahle_Klimaanlage_Lkw.jpg","type":"image\/jpeg"}],"author":"georg.blenk@krafthand-medien.de","twitter_card":"summary_large_image","twitter_misc":{"Verfasst von":"georg.blenk@krafthand-medien.de","Gesch\u00e4tzte Lesezeit":"9\u00a0Minuten"},"schema":{"@context":"https:\/\/schema.org","@graph":[{"@type":"Article","@id":"https:\/\/www.krafthand.de\/truck\/artikel\/tipps-bei-problemen-mit-der-klimaanlage-behalten-sie-einen-kuehlen-kopf-39107\/#article","isPartOf":{"@id":"https:\/\/www.krafthand.de\/truck\/artikel\/tipps-bei-problemen-mit-der-klimaanlage-behalten-sie-einen-kuehlen-kopf-39107\/"},"author":{"name":"georg.blenk@krafthand-medien.de","@id":"https:\/\/www.krafthand.de\/truck\/#\/schema\/person\/51fa80b1c57034c4bf63f9f988fc24ce"},"headline":"Tipps bei Problemen mit der Klimaanlage &#8211; Behalten Sie einen k\u00fchlen Kopf!","datePublished":"2024-03-12T08:42:56+00:00","mainEntityOfPage":{"@id":"https:\/\/www.krafthand.de\/truck\/artikel\/tipps-bei-problemen-mit-der-klimaanlage-behalten-sie-einen-kuehlen-kopf-39107\/"},"wordCount":1544,"image":{"@id":"https:\/\/www.krafthand.de\/truck\/artikel\/tipps-bei-problemen-mit-der-klimaanlage-behalten-sie-einen-kuehlen-kopf-39107\/#primaryimage"},"thumbnailUrl":"https:\/\/static.krafthand-truck.de\/uploads\/2024\/03\/Mahle_Klimaanlage_Lkw.jpg","keywords":["AVL Ditest","Klimaanlage","Klimaservice","Mahle"],"articleSection":["Nfz-Technik","Werkstattpraxis"],"inLanguage":"de"},{"@type":"WebPage","@id":"https:\/\/www.krafthand.de\/truck\/artikel\/tipps-bei-problemen-mit-der-klimaanlage-behalten-sie-einen-kuehlen-kopf-39107\/","url":"https:\/\/www.krafthand.de\/truck\/artikel\/tipps-bei-problemen-mit-der-klimaanlage-behalten-sie-einen-kuehlen-kopf-39107\/","name":"Nutzfahrzeuge: Tipps bei Problemen mit der Klimaanlage","isPartOf":{"@id":"https:\/\/www.krafthand.de\/truck\/#website"},"primaryImageOfPage":{"@id":"https:\/\/www.krafthand.de\/truck\/artikel\/tipps-bei-problemen-mit-der-klimaanlage-behalten-sie-einen-kuehlen-kopf-39107\/#primaryimage"},"image":{"@id":"https:\/\/www.krafthand.de\/truck\/artikel\/tipps-bei-problemen-mit-der-klimaanlage-behalten-sie-einen-kuehlen-kopf-39107\/#primaryimage"},"thumbnailUrl":"https:\/\/static.krafthand-truck.de\/uploads\/2024\/03\/Mahle_Klimaanlage_Lkw.jpg","datePublished":"2024-03-12T08:42:56+00:00","author":{"@id":"https:\/\/www.krafthand.de\/truck\/#\/schema\/person\/51fa80b1c57034c4bf63f9f988fc24ce"},"description":"Bei Service-Arbeiten an der Lkw-Klimaanlage gibt es Einiges zu beachten. Oft sind es nur kleine Fallen, in die selbst versierte Profis tappen.","breadcrumb":{"@id":"https:\/\/www.krafthand.de\/truck\/artikel\/tipps-bei-problemen-mit-der-klimaanlage-behalten-sie-einen-kuehlen-kopf-39107\/#breadcrumb"},"inLanguage":"de","potentialAction":[{"@type":"ReadAction","target":["https:\/\/www.krafthand.de\/truck\/artikel\/tipps-bei-problemen-mit-der-klimaanlage-behalten-sie-einen-kuehlen-kopf-39107\/"]}]},{"@type":"ImageObject","inLanguage":"de","@id":"https:\/\/www.krafthand.de\/truck\/artikel\/tipps-bei-problemen-mit-der-klimaanlage-behalten-sie-einen-kuehlen-kopf-39107\/#primaryimage","url":"https:\/\/static.krafthand-truck.de\/uploads\/2024\/03\/Mahle_Klimaanlage_Lkw.jpg","contentUrl":"https:\/\/static.krafthand-truck.de\/uploads\/2024\/03\/Mahle_Klimaanlage_Lkw.jpg","width":1200,"height":675},{"@type":"BreadcrumbList","@id":"https:\/\/www.krafthand.de\/truck\/artikel\/tipps-bei-problemen-mit-der-klimaanlage-behalten-sie-einen-kuehlen-kopf-39107\/#breadcrumb","itemListElement":[{"@type":"ListItem","position":1,"name":"Krafthand-Truck","item":"https:\/\/www.krafthand.de\/truck\/"},{"@type":"ListItem","position":2,"name":"Nfz-Service","item":"https:\/\/www.krafthand.de\/truck\/kategorie\/nfz-service\/"},{"@type":"ListItem","position":3,"name":"Werkstattpraxis","item":"https:\/\/www.krafthand.de\/truck\/kategorie\/nfz-service\/werkstattpraxis\/"},{"@type":"ListItem","position":4,"name":"Tipps bei Problemen mit der Klimaanlage &#8211; Behalten Sie einen k\u00fchlen Kopf!"}]},{"@type":"WebSite","@id":"https:\/\/www.krafthand.de\/truck\/#website","url":"https:\/\/www.krafthand.de\/truck\/","name":"Krafthand-Truck","description":"","potentialAction":[{"@type":"SearchAction","target":{"@type":"EntryPoint","urlTemplate":"https:\/\/www.krafthand.de\/truck\/?s={search_term_string}"},"query-input":{"@type":"PropertyValueSpecification","valueRequired":true,"valueName":"search_term_string"}}],"inLanguage":"de"},{"@type":"Person","@id":"https:\/\/www.krafthand.de\/truck\/#\/schema\/person\/51fa80b1c57034c4bf63f9f988fc24ce","name":"georg.blenk@krafthand-medien.de","image":{"@type":"ImageObject","inLanguage":"de","@id":"https:\/\/secure.gravatar.com\/avatar\/93713c30affe0aa95d3a4130e499bb1abee2eb31adbdd9ce2aa1543538490215?s=96&d=mm&r=g","url":"https:\/\/secure.gravatar.com\/avatar\/93713c30affe0aa95d3a4130e499bb1abee2eb31adbdd9ce2aa1543538490215?s=96&d=mm&r=g","contentUrl":"https:\/\/secure.gravatar.com\/avatar\/93713c30affe0aa95d3a4130e499bb1abee2eb31adbdd9ce2aa1543538490215?s=96&d=mm&r=g","caption":"georg.blenk@krafthand-medien.de"}}]}},"_links":{"self":[{"href":"https:\/\/www.krafthand.de\/truck\/wp-json\/wp\/v2\/posts\/39107","targetHints":{"allow":["GET"]}}],"collection":[{"href":"https:\/\/www.krafthand.de\/truck\/wp-json\/wp\/v2\/posts"}],"about":[{"href":"https:\/\/www.krafthand.de\/truck\/wp-json\/wp\/v2\/types\/post"}],"author":[{"embeddable":true,"href":"https:\/\/www.krafthand.de\/truck\/wp-json\/wp\/v2\/users\/9"}],"replies":[{"embeddable":true,"href":"https:\/\/www.krafthand.de\/truck\/wp-json\/wp\/v2\/comments?post=39107"}],"version-history":[{"count":8,"href":"https:\/\/www.krafthand.de\/truck\/wp-json\/wp\/v2\/posts\/39107\/revisions"}],"predecessor-version":[{"id":39120,"href":"https:\/\/www.krafthand.de\/truck\/wp-json\/wp\/v2\/posts\/39107\/revisions\/39120"}],"wp:featuredmedia":[{"embeddable":true,"href":"https:\/\/www.krafthand.de\/truck\/wp-json\/wp\/v2\/media\/39108"}],"wp:attachment":[{"href":"https:\/\/www.krafthand.de\/truck\/wp-json\/wp\/v2\/media?parent=39107"}],"wp:term":[{"taxonomy":"category","embeddable":true,"href":"https:\/\/www.krafthand.de\/truck\/wp-json\/wp\/v2\/categories?post=39107"},{"taxonomy":"post_tag","embeddable":true,"href":"https:\/\/www.krafthand.de\/truck\/wp-json\/wp\/v2\/tags?post=39107"},{"taxonomy":"settings","embeddable":true,"href":"https:\/\/www.krafthand.de\/truck\/wp-json\/wp\/v2\/settings?post=39107"}],"curies":[{"name":"wp","href":"https:\/\/api.w.org\/{rel}","templated":true}]}}