{"id":39077,"date":"2024-03-06T11:20:12","date_gmt":"2024-03-06T10:20:12","guid":{"rendered":"https:\/\/www.krafthand.de\/truck\/?p=39077"},"modified":"2024-03-07T08:15:37","modified_gmt":"2024-03-07T07:15:37","slug":"supermarktkette-tesco-erweitert-ihre-elektroflotte-um-151-iveco-edaily","status":"publish","type":"post","link":"https:\/\/www.krafthand.de\/truck\/artikel\/supermarktkette-tesco-erweitert-ihre-elektroflotte-um-151-iveco-edaily-39077\/","title":{"rendered":"Supermarktkette Tesco erweitert ihre Elektroflotte um 151 IVECO eDaily\u00a0"},"content":{"rendered":"<p>IVECO hat den ersten eDaily an Tesco, einer der gr\u00f6\u00dften Supermarktketten Gro\u00dfbritanniens, ausgeliefert. Das Fahrzeug mit zwei Batterien, das die Tesco-Zustellflotte erg\u00e4nzt, ist auf Nutzlast und Reichweite optimiert. Weitere 150 eDaily-Modelle in der Variante mit zwei Batterien sollen bis Ende 2024 die wachsende Tesco-Elektrofahrzeugflotte erg\u00e4nzen.<\/p>\n<figure id=\"attachment_38087\" aria-describedby=\"caption-attachment-38087\" style=\"width: 360px\" class=\"wp-caption alignright\"><a href=\"https:\/\/static.krafthand-truck.de\/uploads\/2023\/11\/DAILY_Innenraum_MY24.jpg\" target=\"_blank\" rel=\"noopener\"><img fetchpriority=\"high\" decoding=\"async\" class=\"wp-image-38087\" src=\"https:\/\/static.krafthand-truck.de\/uploads\/2023\/11\/DAILY_Innenraum_MY24-300x200.jpg\" alt=\"\" width=\"360\" height=\"240\" srcset=\"https:\/\/static.krafthand-truck.de\/uploads\/2023\/11\/DAILY_Innenraum_MY24-300x200.jpg 300w, https:\/\/static.krafthand-truck.de\/uploads\/2023\/11\/DAILY_Innenraum_MY24-1024x683.jpg 1024w, https:\/\/static.krafthand-truck.de\/uploads\/2023\/11\/DAILY_Innenraum_MY24-768x512.jpg 768w, https:\/\/static.krafthand-truck.de\/uploads\/2023\/11\/DAILY_Innenraum_MY24.jpg 1200w\" sizes=\"(max-width: 360px) 100vw, 360px\" \/><\/a><figcaption id=\"caption-attachment-38087\" class=\"wp-caption-text\">Neues Cockpit f\u00fcr den Daily\/eDaily, Modelljahr 2024<\/figcaption><\/figure>\n<p>Der erste eDaily des Typs 42S14E erm\u00f6glicht durch seinen modularen Batterieaufbau lokal emissionsfreie Lieferungen an Kunden. Sein Elektromotor leistet 140 kW bei einem Drehmoment von 400 Nm. Mit einer Schnellladeleistung von 80 kW l\u00e4sst sich die Reichweite um bis zu 100 Kilometer in nur 30 Minuten verl\u00e4ngern. Ein 22-kW-Bordladeger\u00e4t erm\u00f6glicht es Tesco, den <a href=\"https:\/\/www.krafthand.de\/truck\/artikel\/eine-milliarde-investiert-iveco-zuendet-feuerwerk-an-neuerungen-37963\/\" target=\"_blank\" rel=\"noopener\">IVECO<\/a> eDaily \u00fcberall zu laden. Der K\u00fchlaufbau kann die Vorteile des 15-kW-Nebenabtriebs aussch\u00f6pfen und verderbliche Waren w\u00e4hrend der Auslieferungsfahrten k\u00fchlen. Ein zweiter 12-V-Nebenabtrieb liefert Niederspannungsstrom f\u00fcr eine zus\u00e4tzliche K\u00fchlung.<\/p>\n","protected":false},"excerpt":{"rendered":"<p>IVECO hat den ersten eDaily an Tesco, einer der gr\u00f6\u00dften Supermarktketten Gro\u00dfbritanniens, ausgeliefert. Das Fahrzeug mit zwei Batterien, das die Tesco-Zustellflotte erg\u00e4nzt, ist auf Nutzlast und Reichweite optimiert. Weitere 150 eDaily-Modelle in der Variante mit zwei Batterien sollen bis Ende 2024 die Tesco-Elektrofahrzeugflotte erg\u00e4nzen. <span class=\"excerpt-more__dots\">&#8230;<\/span> <a class=\"excerpt-more__link\" href=\"https:\/\/www.krafthand.de\/truck\/artikel\/supermarktkette-tesco-erweitert-ihre-elektroflotte-um-151-iveco-edaily-39077\/\" >weiter<\/a><\/p>\n","protected":false},"author":9,"featured_media":39079,"comment_status":"closed","ping_status":"closed","sticky":false,"template":"","format":"standard","meta":{"footnotes":""},"categories":[4224,4915],"tags":[5466,29,5886],"settings":[3523],"class_list":["post-39077","post","type-post","status-publish","format-standard","has-post-thumbnail","hentry","category-e-antrieb","category-neue-fahrzeuge","tag-edaily","tag-iveco","tag-tesco"],"yoast_head":"<!-- This site is optimized with the Yoast SEO plugin v27.3 - https:\/\/yoast.com\/product\/yoast-seo-wordpress\/ -->\n<title>Supermarktkette Tesco erweitert ihre Elektroflotte um 151 IVECO eDaily\u00a0 - Krafthand-Truck<\/title>\n<meta name=\"description\" content=\"IVECO hat den ersten eDaily an Tesco, einer der gr\u00f6\u00dften Supermarktketten Gro\u00dfbritanniens, ausgeliefert. Weitere 150 eDaily-Modelle sind geplant.\" \/>\n<meta name=\"robots\" content=\"index, follow, max-snippet:-1, max-image-preview:large, max-video-preview:-1\" \/>\n<link rel=\"canonical\" href=\"https:\/\/www.krafthand.de\/truck\/artikel\/supermarktkette-tesco-erweitert-ihre-elektroflotte-um-151-iveco-edaily-39077\/\" \/>\n<meta property=\"og:locale\" content=\"de_DE\" \/>\n<meta property=\"og:type\" content=\"article\" \/>\n<meta property=\"og:title\" content=\"Supermarktkette Tesco erweitert ihre Elektroflotte um 151 IVECO eDaily\u00a0 - Krafthand-Truck\" \/>\n<meta property=\"og:description\" content=\"IVECO hat den ersten eDaily an Tesco, einer der gr\u00f6\u00dften Supermarktketten Gro\u00dfbritanniens, ausgeliefert. Weitere 150 eDaily-Modelle sind geplant.\" \/>\n<meta property=\"og:url\" content=\"https:\/\/www.krafthand-truck.de\/artikel\/supermarktkette-tesco-erweitert-ihre-elektroflotte-um-151-iveco-edaily-39077\/\" \/>\n<meta property=\"og:site_name\" content=\"Krafthand-Truck\" \/>\n<meta property=\"article:published_time\" content=\"2024-03-06T10:20:12+00:00\" \/>\n<meta property=\"article:modified_time\" content=\"2024-03-07T07:15:37+00:00\" \/>\n<meta property=\"og:image\" content=\"https:\/\/static.krafthand-truck.de\/uploads\/2024\/03\/Iveco_Tesco_eDaily.jpg\" \/>\n\t<meta property=\"og:image:width\" content=\"1200\" \/>\n\t<meta property=\"og:image:height\" content=\"800\" \/>\n\t<meta property=\"og:image:type\" content=\"image\/jpeg\" \/>\n<meta name=\"author\" content=\"georg.blenk@krafthand-medien.de\" \/>\n<meta name=\"twitter:card\" content=\"summary_large_image\" \/>\n<meta name=\"twitter:label1\" content=\"Verfasst von\" \/>\n\t<meta name=\"twitter:data1\" content=\"georg.blenk@krafthand-medien.de\" \/>\n\t<meta name=\"twitter:label2\" content=\"Gesch\u00e4tzte Lesezeit\" \/>\n\t<meta name=\"twitter:data2\" content=\"2\u00a0Minuten\" \/>\n<script type=\"application\/ld+json\" class=\"yoast-schema-graph\">{\"@context\":\"https:\\\/\\\/schema.org\",\"@graph\":[{\"@type\":\"Article\",\"@id\":\"https:\\\/\\\/www.krafthand.de\\\/truck\\\/artikel\\\/supermarktkette-tesco-erweitert-ihre-elektroflotte-um-151-iveco-edaily-39077\\\/#article\",\"isPartOf\":{\"@id\":\"https:\\\/\\\/www.krafthand.de\\\/truck\\\/artikel\\\/supermarktkette-tesco-erweitert-ihre-elektroflotte-um-151-iveco-edaily-39077\\\/\"},\"author\":{\"name\":\"georg.blenk@krafthand-medien.de\",\"@id\":\"https:\\\/\\\/www.krafthand.de\\\/truck\\\/#\\\/schema\\\/person\\\/51fa80b1c57034c4bf63f9f988fc24ce\"},\"headline\":\"Supermarktkette Tesco erweitert ihre Elektroflotte um 151 IVECO eDaily\u00a0\",\"datePublished\":\"2024-03-06T10:20:12+00:00\",\"dateModified\":\"2024-03-07T07:15:37+00:00\",\"mainEntityOfPage\":{\"@id\":\"https:\\\/\\\/www.krafthand.de\\\/truck\\\/artikel\\\/supermarktkette-tesco-erweitert-ihre-elektroflotte-um-151-iveco-edaily-39077\\\/\"},\"wordCount\":160,\"image\":{\"@id\":\"https:\\\/\\\/www.krafthand.de\\\/truck\\\/artikel\\\/supermarktkette-tesco-erweitert-ihre-elektroflotte-um-151-iveco-edaily-39077\\\/#primaryimage\"},\"thumbnailUrl\":\"https:\\\/\\\/static.krafthand-truck.de\\\/uploads\\\/2024\\\/03\\\/Iveco_Tesco_eDaily.jpg\",\"keywords\":[\"eDaily\",\"Iveco\",\"Tesco\"],\"articleSection\":[\"E-Antrieb (BEV\\\/FCEV)\",\"Neue Fahrzeuge\"],\"inLanguage\":\"de\"},{\"@type\":\"WebPage\",\"@id\":\"https:\\\/\\\/www.krafthand.de\\\/truck\\\/artikel\\\/supermarktkette-tesco-erweitert-ihre-elektroflotte-um-151-iveco-edaily-39077\\\/\",\"url\":\"https:\\\/\\\/www.krafthand.de\\\/truck\\\/artikel\\\/supermarktkette-tesco-erweitert-ihre-elektroflotte-um-151-iveco-edaily-39077\\\/\",\"name\":\"Supermarktkette Tesco erweitert ihre Elektroflotte um 151 IVECO eDaily\u00a0 - Krafthand-Truck\",\"isPartOf\":{\"@id\":\"https:\\\/\\\/www.krafthand.de\\\/truck\\\/#website\"},\"primaryImageOfPage\":{\"@id\":\"https:\\\/\\\/www.krafthand.de\\\/truck\\\/artikel\\\/supermarktkette-tesco-erweitert-ihre-elektroflotte-um-151-iveco-edaily-39077\\\/#primaryimage\"},\"image\":{\"@id\":\"https:\\\/\\\/www.krafthand.de\\\/truck\\\/artikel\\\/supermarktkette-tesco-erweitert-ihre-elektroflotte-um-151-iveco-edaily-39077\\\/#primaryimage\"},\"thumbnailUrl\":\"https:\\\/\\\/static.krafthand-truck.de\\\/uploads\\\/2024\\\/03\\\/Iveco_Tesco_eDaily.jpg\",\"datePublished\":\"2024-03-06T10:20:12+00:00\",\"dateModified\":\"2024-03-07T07:15:37+00:00\",\"author\":{\"@id\":\"https:\\\/\\\/www.krafthand.de\\\/truck\\\/#\\\/schema\\\/person\\\/51fa80b1c57034c4bf63f9f988fc24ce\"},\"description\":\"IVECO hat den ersten eDaily an Tesco, einer der gr\u00f6\u00dften Supermarktketten Gro\u00dfbritanniens, ausgeliefert. Weitere 150 eDaily-Modelle sind geplant.\",\"breadcrumb\":{\"@id\":\"https:\\\/\\\/www.krafthand.de\\\/truck\\\/artikel\\\/supermarktkette-tesco-erweitert-ihre-elektroflotte-um-151-iveco-edaily-39077\\\/#breadcrumb\"},\"inLanguage\":\"de\",\"potentialAction\":[{\"@type\":\"ReadAction\",\"target\":[\"https:\\\/\\\/www.krafthand.de\\\/truck\\\/artikel\\\/supermarktkette-tesco-erweitert-ihre-elektroflotte-um-151-iveco-edaily-39077\\\/\"]}]},{\"@type\":\"ImageObject\",\"inLanguage\":\"de\",\"@id\":\"https:\\\/\\\/www.krafthand.de\\\/truck\\\/artikel\\\/supermarktkette-tesco-erweitert-ihre-elektroflotte-um-151-iveco-edaily-39077\\\/#primaryimage\",\"url\":\"https:\\\/\\\/static.krafthand-truck.de\\\/uploads\\\/2024\\\/03\\\/Iveco_Tesco_eDaily.jpg\",\"contentUrl\":\"https:\\\/\\\/static.krafthand-truck.de\\\/uploads\\\/2024\\\/03\\\/Iveco_Tesco_eDaily.jpg\",\"width\":1200,\"height\":800},{\"@type\":\"BreadcrumbList\",\"@id\":\"https:\\\/\\\/www.krafthand.de\\\/truck\\\/artikel\\\/supermarktkette-tesco-erweitert-ihre-elektroflotte-um-151-iveco-edaily-39077\\\/#breadcrumb\",\"itemListElement\":[{\"@type\":\"ListItem\",\"position\":1,\"name\":\"Krafthand-Truck\",\"item\":\"https:\\\/\\\/www.krafthand.de\\\/truck\\\/\"},{\"@type\":\"ListItem\",\"position\":2,\"name\":\"IT+Fuhrpark\",\"item\":\"https:\\\/\\\/www.krafthand.de\\\/truck\\\/kategorie\\\/fuhrpark\\\/\"},{\"@type\":\"ListItem\",\"position\":3,\"name\":\"Neue Fahrzeuge\",\"item\":\"https:\\\/\\\/www.krafthand.de\\\/truck\\\/kategorie\\\/fuhrpark\\\/neue-fahrzeuge\\\/\"},{\"@type\":\"ListItem\",\"position\":4,\"name\":\"Supermarktkette Tesco erweitert ihre Elektroflotte um 151 IVECO eDaily\u00a0\"}]},{\"@type\":\"WebSite\",\"@id\":\"https:\\\/\\\/www.krafthand.de\\\/truck\\\/#website\",\"url\":\"https:\\\/\\\/www.krafthand.de\\\/truck\\\/\",\"name\":\"Krafthand-Truck\",\"description\":\"\",\"potentialAction\":[{\"@type\":\"SearchAction\",\"target\":{\"@type\":\"EntryPoint\",\"urlTemplate\":\"https:\\\/\\\/www.krafthand.de\\\/truck\\\/?s={search_term_string}\"},\"query-input\":{\"@type\":\"PropertyValueSpecification\",\"valueRequired\":true,\"valueName\":\"search_term_string\"}}],\"inLanguage\":\"de\"},{\"@type\":\"Person\",\"@id\":\"https:\\\/\\\/www.krafthand.de\\\/truck\\\/#\\\/schema\\\/person\\\/51fa80b1c57034c4bf63f9f988fc24ce\",\"name\":\"georg.blenk@krafthand-medien.de\",\"image\":{\"@type\":\"ImageObject\",\"inLanguage\":\"de\",\"@id\":\"https:\\\/\\\/secure.gravatar.com\\\/avatar\\\/93713c30affe0aa95d3a4130e499bb1abee2eb31adbdd9ce2aa1543538490215?s=96&d=mm&r=g\",\"url\":\"https:\\\/\\\/secure.gravatar.com\\\/avatar\\\/93713c30affe0aa95d3a4130e499bb1abee2eb31adbdd9ce2aa1543538490215?s=96&d=mm&r=g\",\"contentUrl\":\"https:\\\/\\\/secure.gravatar.com\\\/avatar\\\/93713c30affe0aa95d3a4130e499bb1abee2eb31adbdd9ce2aa1543538490215?s=96&d=mm&r=g\",\"caption\":\"georg.blenk@krafthand-medien.de\"}}]}<\/script>\n<!-- \/ Yoast SEO plugin. -->","yoast_head_json":{"title":"Supermarktkette Tesco erweitert ihre Elektroflotte um 151 IVECO eDaily\u00a0 - Krafthand-Truck","description":"IVECO hat den ersten eDaily an Tesco, einer der gr\u00f6\u00dften Supermarktketten Gro\u00dfbritanniens, ausgeliefert. Weitere 150 eDaily-Modelle sind geplant.","robots":{"index":"index","follow":"follow","max-snippet":"max-snippet:-1","max-image-preview":"max-image-preview:large","max-video-preview":"max-video-preview:-1"},"canonical":"https:\/\/www.krafthand.de\/truck\/artikel\/supermarktkette-tesco-erweitert-ihre-elektroflotte-um-151-iveco-edaily-39077\/","og_locale":"de_DE","og_type":"article","og_title":"Supermarktkette Tesco erweitert ihre Elektroflotte um 151 IVECO eDaily\u00a0 - Krafthand-Truck","og_description":"IVECO hat den ersten eDaily an Tesco, einer der gr\u00f6\u00dften Supermarktketten Gro\u00dfbritanniens, ausgeliefert. Weitere 150 eDaily-Modelle sind geplant.","og_url":"https:\/\/www.krafthand-truck.de\/artikel\/supermarktkette-tesco-erweitert-ihre-elektroflotte-um-151-iveco-edaily-39077\/","og_site_name":"Krafthand-Truck","article_published_time":"2024-03-06T10:20:12+00:00","article_modified_time":"2024-03-07T07:15:37+00:00","og_image":[{"width":1200,"height":800,"url":"https:\/\/static.krafthand-truck.de\/uploads\/2024\/03\/Iveco_Tesco_eDaily.jpg","type":"image\/jpeg"}],"author":"georg.blenk@krafthand-medien.de","twitter_card":"summary_large_image","twitter_misc":{"Verfasst von":"georg.blenk@krafthand-medien.de","Gesch\u00e4tzte Lesezeit":"2\u00a0Minuten"},"schema":{"@context":"https:\/\/schema.org","@graph":[{"@type":"Article","@id":"https:\/\/www.krafthand.de\/truck\/artikel\/supermarktkette-tesco-erweitert-ihre-elektroflotte-um-151-iveco-edaily-39077\/#article","isPartOf":{"@id":"https:\/\/www.krafthand.de\/truck\/artikel\/supermarktkette-tesco-erweitert-ihre-elektroflotte-um-151-iveco-edaily-39077\/"},"author":{"name":"georg.blenk@krafthand-medien.de","@id":"https:\/\/www.krafthand.de\/truck\/#\/schema\/person\/51fa80b1c57034c4bf63f9f988fc24ce"},"headline":"Supermarktkette Tesco erweitert ihre Elektroflotte um 151 IVECO eDaily\u00a0","datePublished":"2024-03-06T10:20:12+00:00","dateModified":"2024-03-07T07:15:37+00:00","mainEntityOfPage":{"@id":"https:\/\/www.krafthand.de\/truck\/artikel\/supermarktkette-tesco-erweitert-ihre-elektroflotte-um-151-iveco-edaily-39077\/"},"wordCount":160,"image":{"@id":"https:\/\/www.krafthand.de\/truck\/artikel\/supermarktkette-tesco-erweitert-ihre-elektroflotte-um-151-iveco-edaily-39077\/#primaryimage"},"thumbnailUrl":"https:\/\/static.krafthand-truck.de\/uploads\/2024\/03\/Iveco_Tesco_eDaily.jpg","keywords":["eDaily","Iveco","Tesco"],"articleSection":["E-Antrieb (BEV\/FCEV)","Neue Fahrzeuge"],"inLanguage":"de"},{"@type":"WebPage","@id":"https:\/\/www.krafthand.de\/truck\/artikel\/supermarktkette-tesco-erweitert-ihre-elektroflotte-um-151-iveco-edaily-39077\/","url":"https:\/\/www.krafthand.de\/truck\/artikel\/supermarktkette-tesco-erweitert-ihre-elektroflotte-um-151-iveco-edaily-39077\/","name":"Supermarktkette Tesco erweitert ihre Elektroflotte um 151 IVECO eDaily\u00a0 - Krafthand-Truck","isPartOf":{"@id":"https:\/\/www.krafthand.de\/truck\/#website"},"primaryImageOfPage":{"@id":"https:\/\/www.krafthand.de\/truck\/artikel\/supermarktkette-tesco-erweitert-ihre-elektroflotte-um-151-iveco-edaily-39077\/#primaryimage"},"image":{"@id":"https:\/\/www.krafthand.de\/truck\/artikel\/supermarktkette-tesco-erweitert-ihre-elektroflotte-um-151-iveco-edaily-39077\/#primaryimage"},"thumbnailUrl":"https:\/\/static.krafthand-truck.de\/uploads\/2024\/03\/Iveco_Tesco_eDaily.jpg","datePublished":"2024-03-06T10:20:12+00:00","dateModified":"2024-03-07T07:15:37+00:00","author":{"@id":"https:\/\/www.krafthand.de\/truck\/#\/schema\/person\/51fa80b1c57034c4bf63f9f988fc24ce"},"description":"IVECO hat den ersten eDaily an Tesco, einer der gr\u00f6\u00dften Supermarktketten Gro\u00dfbritanniens, ausgeliefert. Weitere 150 eDaily-Modelle sind geplant.","breadcrumb":{"@id":"https:\/\/www.krafthand.de\/truck\/artikel\/supermarktkette-tesco-erweitert-ihre-elektroflotte-um-151-iveco-edaily-39077\/#breadcrumb"},"inLanguage":"de","potentialAction":[{"@type":"ReadAction","target":["https:\/\/www.krafthand.de\/truck\/artikel\/supermarktkette-tesco-erweitert-ihre-elektroflotte-um-151-iveco-edaily-39077\/"]}]},{"@type":"ImageObject","inLanguage":"de","@id":"https:\/\/www.krafthand.de\/truck\/artikel\/supermarktkette-tesco-erweitert-ihre-elektroflotte-um-151-iveco-edaily-39077\/#primaryimage","url":"https:\/\/static.krafthand-truck.de\/uploads\/2024\/03\/Iveco_Tesco_eDaily.jpg","contentUrl":"https:\/\/static.krafthand-truck.de\/uploads\/2024\/03\/Iveco_Tesco_eDaily.jpg","width":1200,"height":800},{"@type":"BreadcrumbList","@id":"https:\/\/www.krafthand.de\/truck\/artikel\/supermarktkette-tesco-erweitert-ihre-elektroflotte-um-151-iveco-edaily-39077\/#breadcrumb","itemListElement":[{"@type":"ListItem","position":1,"name":"Krafthand-Truck","item":"https:\/\/www.krafthand.de\/truck\/"},{"@type":"ListItem","position":2,"name":"IT+Fuhrpark","item":"https:\/\/www.krafthand.de\/truck\/kategorie\/fuhrpark\/"},{"@type":"ListItem","position":3,"name":"Neue Fahrzeuge","item":"https:\/\/www.krafthand.de\/truck\/kategorie\/fuhrpark\/neue-fahrzeuge\/"},{"@type":"ListItem","position":4,"name":"Supermarktkette Tesco erweitert ihre Elektroflotte um 151 IVECO eDaily\u00a0"}]},{"@type":"WebSite","@id":"https:\/\/www.krafthand.de\/truck\/#website","url":"https:\/\/www.krafthand.de\/truck\/","name":"Krafthand-Truck","description":"","potentialAction":[{"@type":"SearchAction","target":{"@type":"EntryPoint","urlTemplate":"https:\/\/www.krafthand.de\/truck\/?s={search_term_string}"},"query-input":{"@type":"PropertyValueSpecification","valueRequired":true,"valueName":"search_term_string"}}],"inLanguage":"de"},{"@type":"Person","@id":"https:\/\/www.krafthand.de\/truck\/#\/schema\/person\/51fa80b1c57034c4bf63f9f988fc24ce","name":"georg.blenk@krafthand-medien.de","image":{"@type":"ImageObject","inLanguage":"de","@id":"https:\/\/secure.gravatar.com\/avatar\/93713c30affe0aa95d3a4130e499bb1abee2eb31adbdd9ce2aa1543538490215?s=96&d=mm&r=g","url":"https:\/\/secure.gravatar.com\/avatar\/93713c30affe0aa95d3a4130e499bb1abee2eb31adbdd9ce2aa1543538490215?s=96&d=mm&r=g","contentUrl":"https:\/\/secure.gravatar.com\/avatar\/93713c30affe0aa95d3a4130e499bb1abee2eb31adbdd9ce2aa1543538490215?s=96&d=mm&r=g","caption":"georg.blenk@krafthand-medien.de"}}]}},"_links":{"self":[{"href":"https:\/\/www.krafthand.de\/truck\/wp-json\/wp\/v2\/posts\/39077","targetHints":{"allow":["GET"]}}],"collection":[{"href":"https:\/\/www.krafthand.de\/truck\/wp-json\/wp\/v2\/posts"}],"about":[{"href":"https:\/\/www.krafthand.de\/truck\/wp-json\/wp\/v2\/types\/post"}],"author":[{"embeddable":true,"href":"https:\/\/www.krafthand.de\/truck\/wp-json\/wp\/v2\/users\/9"}],"replies":[{"embeddable":true,"href":"https:\/\/www.krafthand.de\/truck\/wp-json\/wp\/v2\/comments?post=39077"}],"version-history":[{"count":8,"href":"https:\/\/www.krafthand.de\/truck\/wp-json\/wp\/v2\/posts\/39077\/revisions"}],"predecessor-version":[{"id":39086,"href":"https:\/\/www.krafthand.de\/truck\/wp-json\/wp\/v2\/posts\/39077\/revisions\/39086"}],"wp:featuredmedia":[{"embeddable":true,"href":"https:\/\/www.krafthand.de\/truck\/wp-json\/wp\/v2\/media\/39079"}],"wp:attachment":[{"href":"https:\/\/www.krafthand.de\/truck\/wp-json\/wp\/v2\/media?parent=39077"}],"wp:term":[{"taxonomy":"category","embeddable":true,"href":"https:\/\/www.krafthand.de\/truck\/wp-json\/wp\/v2\/categories?post=39077"},{"taxonomy":"post_tag","embeddable":true,"href":"https:\/\/www.krafthand.de\/truck\/wp-json\/wp\/v2\/tags?post=39077"},{"taxonomy":"settings","embeddable":true,"href":"https:\/\/www.krafthand.de\/truck\/wp-json\/wp\/v2\/settings?post=39077"}],"curies":[{"name":"wp","href":"https:\/\/api.w.org\/{rel}","templated":true}]}}