{"id":39006,"date":"2024-03-05T09:20:21","date_gmt":"2024-03-05T08:20:21","guid":{"rendered":"https:\/\/www.krafthand.de\/truck\/?p=39006"},"modified":"2024-03-05T09:50:26","modified_gmt":"2024-03-05T08:50:26","slug":"sensoren-und-kameras-fuer-fahrerassistenzsysteme","status":"publish","type":"post","link":"https:\/\/www.krafthand.de\/truck\/artikel\/sensoren-und-kameras-fuer-fahrerassistenzsysteme-39006\/","title":{"rendered":"Sensoren + Kameras f\u00fcr Assistenzsysteme"},"content":{"rendered":"<p>Fahrerassistenzsysteme (Advanced Driver Assistance Systems \u2013 ADAS) sind l\u00e4ngst auf dem Nutzfahrzeugmarkt etabliert. Schon seit 2015 m\u00fcssen Lkw mit automatischen Notbremsassistenten und Spurhaltewarnsystemen ausgestattet sein. Ab 2024 werden weitere Fahrerassistenzsysteme EU-weit zur Pflicht. Dazu geh\u00f6ren beispielsweise der Geschwindigkeitsassistent, ein Abbiegeassistent oder der Unfalldatenschreiber. F\u00fcr die freien Nutzfahrzeugwerkst\u00e4tten wachsen damit die Herausforderungen bei Wartung und Reparatur von Lkws und Bussen. Fahrerassistenzsysteme m\u00fcssen gepr\u00fcft und nach einer Reparatur auch neu kalibriert werden. Zudem brauchen die Werkst\u00e4tten Zugang zu Ersatzteilen, insbesondere zu den Sensoren, die die Daten f\u00fcr die Fahrerassistenzsysteme liefern.<\/p>\n<h3>Sensoren von Wabco<\/h3>\n<p><a href=\"https:\/\/aftermarket.zf.com\/de\/aftermarket-portal\/unsere-marken\/wabco\/\" target=\"_blank\" rel=\"noopener\">ZF Aftermarket<\/a> bietet deshalb erstmals unter seiner Marke Wabco Sensoren f\u00fcr Nutzfahrzeuganwendungen auf dem freien Ersatzteilmarkt an. Dabei handelt es sich um den Radarsensor f\u00fcr den automatischen Notbremsassistenten OnGuardACTIVE und die Frontkamera f\u00fcr den Spurhalteassistenten OnLaneALERT. Die Bauteile stellt ZF Aftermarket in OE-Spezifikation und -Qualit\u00e4t f\u00fcr viele Nutzfahrzeugmodelle der Marken DAF und Iveco bereit. Die notwendigen Halter und Verkleidungen sind ebenfalls im Programm.<\/p>\n<p>Insbesondere bei Unfallreparaturen haben freie Werkst\u00e4tten mit diesen Neuaufnahmen nun die Chance, eine komplette Instandsetzung durchzuf\u00fchren, ohne auf die Zusammenarbeit mit ihrem gewohnten Lieferanten verzichten zu m\u00fcssen. ZF Aftermarket weist allerdings darauf hin, dass Sensoren nach dem Einbau mit der Original-Diagnosesoftware des Fahrzeugherstellers angelernt werden m\u00fcssen.<\/p>\n","protected":false},"excerpt":{"rendered":"<p>Fahrerassistenzsysteme sind l\u00e4ngst auf dem Nutzfahrzeugmarkt etabliert. Schon seit 2015 m\u00fcssen Lkw mit automatischen Notbremsassistenten und Spurhaltewarnsystemen ausgestattet sein. Ab 2024 werden weitere Fahrerassistenzsysteme EU-weit zur Pflicht. ZF Aftermarket bietet deshalb erstmals unter seiner Marke Wabco Sensoren f\u00fcr Nutzfahrzeuganwendungen auf dem freien Ersatzteilmarkt an. <span class=\"excerpt-more__dots\">&#8230;<\/span> <a class=\"excerpt-more__link\" href=\"https:\/\/www.krafthand.de\/truck\/artikel\/sensoren-und-kameras-fuer-fahrerassistenzsysteme-39006\/\" >weiter<\/a><\/p>\n","protected":false},"author":9,"featured_media":39008,"comment_status":"closed","ping_status":"closed","sticky":false,"template":"","format":"standard","meta":{"footnotes":""},"categories":[4225],"tags":[4769,885,887,1825,120,2987],"settings":[4766,3523],"class_list":["post-39006","post","type-post","status-publish","format-standard","has-post-thumbnail","hentry","category-ssistenzsysteme","tag-adas","tag-fahrerassistenzsysteme","tag-kamera","tag-radarsensor","tag-wabco","tag-zf-aftermarket"],"yoast_head":"<!-- This site is optimized with the Yoast SEO plugin v27.3 - https:\/\/yoast.com\/product\/yoast-seo-wordpress\/ -->\n<title>Sensoren f\u00fcr Nutzfahrzeuganwendungen von ZF\/Wabco<\/title>\n<meta name=\"description\" content=\"ZF Aftermarket bietet unter seiner Marke Wabco Sensoren f\u00fcr Nutzfahrzeuganwendungen auf dem freien Ersatzteilmarkt an.\" \/>\n<meta name=\"robots\" content=\"index, follow, max-snippet:-1, max-image-preview:large, max-video-preview:-1\" \/>\n<link rel=\"canonical\" href=\"https:\/\/www.krafthand.de\/truck\/artikel\/sensoren-und-kameras-fuer-fahrerassistenzsysteme-39006\/\" \/>\n<meta property=\"og:locale\" content=\"de_DE\" \/>\n<meta property=\"og:type\" content=\"article\" \/>\n<meta property=\"og:title\" content=\"Sensoren f\u00fcr Nutzfahrzeuganwendungen von ZF\/Wabco\" \/>\n<meta property=\"og:description\" content=\"ZF Aftermarket bietet unter seiner Marke Wabco Sensoren f\u00fcr Nutzfahrzeuganwendungen auf dem freien Ersatzteilmarkt an.\" \/>\n<meta property=\"og:url\" content=\"https:\/\/www.krafthand-truck.de\/artikel\/sensoren-und-kameras-fuer-fahrerassistenzsysteme-39006\/\" \/>\n<meta property=\"og:site_name\" content=\"Krafthand-Truck\" \/>\n<meta property=\"article:published_time\" content=\"2024-03-05T08:20:21+00:00\" \/>\n<meta property=\"article:modified_time\" content=\"2024-03-05T08:50:26+00:00\" \/>\n<meta property=\"og:image\" content=\"https:\/\/static.krafthand-truck.de\/uploads\/2024\/03\/ZF_Aftermarket_Wabco_Sensoren_Kameras_ADAS_Lkw.jpg\" \/>\n\t<meta property=\"og:image:width\" content=\"960\" \/>\n\t<meta property=\"og:image:height\" content=\"1036\" \/>\n\t<meta property=\"og:image:type\" content=\"image\/jpeg\" \/>\n<meta name=\"author\" content=\"georg.blenk@krafthand-medien.de\" \/>\n<meta name=\"twitter:card\" content=\"summary_large_image\" \/>\n<meta name=\"twitter:label1\" content=\"Verfasst von\" \/>\n\t<meta name=\"twitter:data1\" content=\"georg.blenk@krafthand-medien.de\" \/>\n\t<meta name=\"twitter:label2\" content=\"Gesch\u00e4tzte Lesezeit\" \/>\n\t<meta name=\"twitter:data2\" content=\"2\u00a0Minuten\" \/>\n<script type=\"application\/ld+json\" class=\"yoast-schema-graph\">{\"@context\":\"https:\\\/\\\/schema.org\",\"@graph\":[{\"@type\":\"Article\",\"@id\":\"https:\\\/\\\/www.krafthand.de\\\/truck\\\/artikel\\\/sensoren-und-kameras-fuer-fahrerassistenzsysteme-39006\\\/#article\",\"isPartOf\":{\"@id\":\"https:\\\/\\\/www.krafthand.de\\\/truck\\\/artikel\\\/sensoren-und-kameras-fuer-fahrerassistenzsysteme-39006\\\/\"},\"author\":{\"name\":\"georg.blenk@krafthand-medien.de\",\"@id\":\"https:\\\/\\\/www.krafthand.de\\\/truck\\\/#\\\/schema\\\/person\\\/51fa80b1c57034c4bf63f9f988fc24ce\"},\"headline\":\"Sensoren + Kameras f\u00fcr Assistenzsysteme\",\"datePublished\":\"2024-03-05T08:20:21+00:00\",\"dateModified\":\"2024-03-05T08:50:26+00:00\",\"mainEntityOfPage\":{\"@id\":\"https:\\\/\\\/www.krafthand.de\\\/truck\\\/artikel\\\/sensoren-und-kameras-fuer-fahrerassistenzsysteme-39006\\\/\"},\"wordCount\":220,\"image\":{\"@id\":\"https:\\\/\\\/www.krafthand.de\\\/truck\\\/artikel\\\/sensoren-und-kameras-fuer-fahrerassistenzsysteme-39006\\\/#primaryimage\"},\"thumbnailUrl\":\"https:\\\/\\\/static.krafthand-truck.de\\\/uploads\\\/2024\\\/03\\\/ZF_Aftermarket_Wabco_Sensoren_Kameras_ADAS_Lkw.jpg\",\"keywords\":[\"ADAS\",\"Fahrerassistenzsysteme\",\"Kamera\",\"Radarsensor\",\"Wabco\",\"ZF Aftermarket\"],\"articleSection\":[\"Assistenzsysteme\"],\"inLanguage\":\"de\"},{\"@type\":\"WebPage\",\"@id\":\"https:\\\/\\\/www.krafthand.de\\\/truck\\\/artikel\\\/sensoren-und-kameras-fuer-fahrerassistenzsysteme-39006\\\/\",\"url\":\"https:\\\/\\\/www.krafthand.de\\\/truck\\\/artikel\\\/sensoren-und-kameras-fuer-fahrerassistenzsysteme-39006\\\/\",\"name\":\"Sensoren f\u00fcr Nutzfahrzeuganwendungen von ZF\\\/Wabco\",\"isPartOf\":{\"@id\":\"https:\\\/\\\/www.krafthand.de\\\/truck\\\/#website\"},\"primaryImageOfPage\":{\"@id\":\"https:\\\/\\\/www.krafthand.de\\\/truck\\\/artikel\\\/sensoren-und-kameras-fuer-fahrerassistenzsysteme-39006\\\/#primaryimage\"},\"image\":{\"@id\":\"https:\\\/\\\/www.krafthand.de\\\/truck\\\/artikel\\\/sensoren-und-kameras-fuer-fahrerassistenzsysteme-39006\\\/#primaryimage\"},\"thumbnailUrl\":\"https:\\\/\\\/static.krafthand-truck.de\\\/uploads\\\/2024\\\/03\\\/ZF_Aftermarket_Wabco_Sensoren_Kameras_ADAS_Lkw.jpg\",\"datePublished\":\"2024-03-05T08:20:21+00:00\",\"dateModified\":\"2024-03-05T08:50:26+00:00\",\"author\":{\"@id\":\"https:\\\/\\\/www.krafthand.de\\\/truck\\\/#\\\/schema\\\/person\\\/51fa80b1c57034c4bf63f9f988fc24ce\"},\"description\":\"ZF Aftermarket bietet unter seiner Marke Wabco Sensoren f\u00fcr Nutzfahrzeuganwendungen auf dem freien Ersatzteilmarkt an.\",\"breadcrumb\":{\"@id\":\"https:\\\/\\\/www.krafthand.de\\\/truck\\\/artikel\\\/sensoren-und-kameras-fuer-fahrerassistenzsysteme-39006\\\/#breadcrumb\"},\"inLanguage\":\"de\",\"potentialAction\":[{\"@type\":\"ReadAction\",\"target\":[\"https:\\\/\\\/www.krafthand.de\\\/truck\\\/artikel\\\/sensoren-und-kameras-fuer-fahrerassistenzsysteme-39006\\\/\"]}]},{\"@type\":\"ImageObject\",\"inLanguage\":\"de\",\"@id\":\"https:\\\/\\\/www.krafthand.de\\\/truck\\\/artikel\\\/sensoren-und-kameras-fuer-fahrerassistenzsysteme-39006\\\/#primaryimage\",\"url\":\"https:\\\/\\\/static.krafthand-truck.de\\\/uploads\\\/2024\\\/03\\\/ZF_Aftermarket_Wabco_Sensoren_Kameras_ADAS_Lkw.jpg\",\"contentUrl\":\"https:\\\/\\\/static.krafthand-truck.de\\\/uploads\\\/2024\\\/03\\\/ZF_Aftermarket_Wabco_Sensoren_Kameras_ADAS_Lkw.jpg\",\"width\":960,\"height\":1036},{\"@type\":\"BreadcrumbList\",\"@id\":\"https:\\\/\\\/www.krafthand.de\\\/truck\\\/artikel\\\/sensoren-und-kameras-fuer-fahrerassistenzsysteme-39006\\\/#breadcrumb\",\"itemListElement\":[{\"@type\":\"ListItem\",\"position\":1,\"name\":\"Krafthand-Truck\",\"item\":\"https:\\\/\\\/www.krafthand.de\\\/truck\\\/\"},{\"@type\":\"ListItem\",\"position\":2,\"name\":\"Nfz-Technik\",\"item\":\"https:\\\/\\\/www.krafthand.de\\\/truck\\\/kategorie\\\/nfz-technik\\\/\"},{\"@type\":\"ListItem\",\"position\":3,\"name\":\"Assistenzsysteme\",\"item\":\"https:\\\/\\\/www.krafthand.de\\\/truck\\\/kategorie\\\/nfz-technik\\\/ssistenzsysteme\\\/\"},{\"@type\":\"ListItem\",\"position\":4,\"name\":\"Sensoren + Kameras f\u00fcr Assistenzsysteme\"}]},{\"@type\":\"WebSite\",\"@id\":\"https:\\\/\\\/www.krafthand.de\\\/truck\\\/#website\",\"url\":\"https:\\\/\\\/www.krafthand.de\\\/truck\\\/\",\"name\":\"Krafthand-Truck\",\"description\":\"\",\"potentialAction\":[{\"@type\":\"SearchAction\",\"target\":{\"@type\":\"EntryPoint\",\"urlTemplate\":\"https:\\\/\\\/www.krafthand.de\\\/truck\\\/?s={search_term_string}\"},\"query-input\":{\"@type\":\"PropertyValueSpecification\",\"valueRequired\":true,\"valueName\":\"search_term_string\"}}],\"inLanguage\":\"de\"},{\"@type\":\"Person\",\"@id\":\"https:\\\/\\\/www.krafthand.de\\\/truck\\\/#\\\/schema\\\/person\\\/51fa80b1c57034c4bf63f9f988fc24ce\",\"name\":\"georg.blenk@krafthand-medien.de\",\"image\":{\"@type\":\"ImageObject\",\"inLanguage\":\"de\",\"@id\":\"https:\\\/\\\/secure.gravatar.com\\\/avatar\\\/93713c30affe0aa95d3a4130e499bb1abee2eb31adbdd9ce2aa1543538490215?s=96&d=mm&r=g\",\"url\":\"https:\\\/\\\/secure.gravatar.com\\\/avatar\\\/93713c30affe0aa95d3a4130e499bb1abee2eb31adbdd9ce2aa1543538490215?s=96&d=mm&r=g\",\"contentUrl\":\"https:\\\/\\\/secure.gravatar.com\\\/avatar\\\/93713c30affe0aa95d3a4130e499bb1abee2eb31adbdd9ce2aa1543538490215?s=96&d=mm&r=g\",\"caption\":\"georg.blenk@krafthand-medien.de\"}}]}<\/script>\n<!-- \/ Yoast SEO plugin. -->","yoast_head_json":{"title":"Sensoren f\u00fcr Nutzfahrzeuganwendungen von ZF\/Wabco","description":"ZF Aftermarket bietet unter seiner Marke Wabco Sensoren f\u00fcr Nutzfahrzeuganwendungen auf dem freien Ersatzteilmarkt an.","robots":{"index":"index","follow":"follow","max-snippet":"max-snippet:-1","max-image-preview":"max-image-preview:large","max-video-preview":"max-video-preview:-1"},"canonical":"https:\/\/www.krafthand.de\/truck\/artikel\/sensoren-und-kameras-fuer-fahrerassistenzsysteme-39006\/","og_locale":"de_DE","og_type":"article","og_title":"Sensoren f\u00fcr Nutzfahrzeuganwendungen von ZF\/Wabco","og_description":"ZF Aftermarket bietet unter seiner Marke Wabco Sensoren f\u00fcr Nutzfahrzeuganwendungen auf dem freien Ersatzteilmarkt an.","og_url":"https:\/\/www.krafthand-truck.de\/artikel\/sensoren-und-kameras-fuer-fahrerassistenzsysteme-39006\/","og_site_name":"Krafthand-Truck","article_published_time":"2024-03-05T08:20:21+00:00","article_modified_time":"2024-03-05T08:50:26+00:00","og_image":[{"width":960,"height":1036,"url":"https:\/\/static.krafthand-truck.de\/uploads\/2024\/03\/ZF_Aftermarket_Wabco_Sensoren_Kameras_ADAS_Lkw.jpg","type":"image\/jpeg"}],"author":"georg.blenk@krafthand-medien.de","twitter_card":"summary_large_image","twitter_misc":{"Verfasst von":"georg.blenk@krafthand-medien.de","Gesch\u00e4tzte Lesezeit":"2\u00a0Minuten"},"schema":{"@context":"https:\/\/schema.org","@graph":[{"@type":"Article","@id":"https:\/\/www.krafthand.de\/truck\/artikel\/sensoren-und-kameras-fuer-fahrerassistenzsysteme-39006\/#article","isPartOf":{"@id":"https:\/\/www.krafthand.de\/truck\/artikel\/sensoren-und-kameras-fuer-fahrerassistenzsysteme-39006\/"},"author":{"name":"georg.blenk@krafthand-medien.de","@id":"https:\/\/www.krafthand.de\/truck\/#\/schema\/person\/51fa80b1c57034c4bf63f9f988fc24ce"},"headline":"Sensoren + Kameras f\u00fcr Assistenzsysteme","datePublished":"2024-03-05T08:20:21+00:00","dateModified":"2024-03-05T08:50:26+00:00","mainEntityOfPage":{"@id":"https:\/\/www.krafthand.de\/truck\/artikel\/sensoren-und-kameras-fuer-fahrerassistenzsysteme-39006\/"},"wordCount":220,"image":{"@id":"https:\/\/www.krafthand.de\/truck\/artikel\/sensoren-und-kameras-fuer-fahrerassistenzsysteme-39006\/#primaryimage"},"thumbnailUrl":"https:\/\/static.krafthand-truck.de\/uploads\/2024\/03\/ZF_Aftermarket_Wabco_Sensoren_Kameras_ADAS_Lkw.jpg","keywords":["ADAS","Fahrerassistenzsysteme","Kamera","Radarsensor","Wabco","ZF Aftermarket"],"articleSection":["Assistenzsysteme"],"inLanguage":"de"},{"@type":"WebPage","@id":"https:\/\/www.krafthand.de\/truck\/artikel\/sensoren-und-kameras-fuer-fahrerassistenzsysteme-39006\/","url":"https:\/\/www.krafthand.de\/truck\/artikel\/sensoren-und-kameras-fuer-fahrerassistenzsysteme-39006\/","name":"Sensoren f\u00fcr Nutzfahrzeuganwendungen von ZF\/Wabco","isPartOf":{"@id":"https:\/\/www.krafthand.de\/truck\/#website"},"primaryImageOfPage":{"@id":"https:\/\/www.krafthand.de\/truck\/artikel\/sensoren-und-kameras-fuer-fahrerassistenzsysteme-39006\/#primaryimage"},"image":{"@id":"https:\/\/www.krafthand.de\/truck\/artikel\/sensoren-und-kameras-fuer-fahrerassistenzsysteme-39006\/#primaryimage"},"thumbnailUrl":"https:\/\/static.krafthand-truck.de\/uploads\/2024\/03\/ZF_Aftermarket_Wabco_Sensoren_Kameras_ADAS_Lkw.jpg","datePublished":"2024-03-05T08:20:21+00:00","dateModified":"2024-03-05T08:50:26+00:00","author":{"@id":"https:\/\/www.krafthand.de\/truck\/#\/schema\/person\/51fa80b1c57034c4bf63f9f988fc24ce"},"description":"ZF Aftermarket bietet unter seiner Marke Wabco Sensoren f\u00fcr Nutzfahrzeuganwendungen auf dem freien Ersatzteilmarkt an.","breadcrumb":{"@id":"https:\/\/www.krafthand.de\/truck\/artikel\/sensoren-und-kameras-fuer-fahrerassistenzsysteme-39006\/#breadcrumb"},"inLanguage":"de","potentialAction":[{"@type":"ReadAction","target":["https:\/\/www.krafthand.de\/truck\/artikel\/sensoren-und-kameras-fuer-fahrerassistenzsysteme-39006\/"]}]},{"@type":"ImageObject","inLanguage":"de","@id":"https:\/\/www.krafthand.de\/truck\/artikel\/sensoren-und-kameras-fuer-fahrerassistenzsysteme-39006\/#primaryimage","url":"https:\/\/static.krafthand-truck.de\/uploads\/2024\/03\/ZF_Aftermarket_Wabco_Sensoren_Kameras_ADAS_Lkw.jpg","contentUrl":"https:\/\/static.krafthand-truck.de\/uploads\/2024\/03\/ZF_Aftermarket_Wabco_Sensoren_Kameras_ADAS_Lkw.jpg","width":960,"height":1036},{"@type":"BreadcrumbList","@id":"https:\/\/www.krafthand.de\/truck\/artikel\/sensoren-und-kameras-fuer-fahrerassistenzsysteme-39006\/#breadcrumb","itemListElement":[{"@type":"ListItem","position":1,"name":"Krafthand-Truck","item":"https:\/\/www.krafthand.de\/truck\/"},{"@type":"ListItem","position":2,"name":"Nfz-Technik","item":"https:\/\/www.krafthand.de\/truck\/kategorie\/nfz-technik\/"},{"@type":"ListItem","position":3,"name":"Assistenzsysteme","item":"https:\/\/www.krafthand.de\/truck\/kategorie\/nfz-technik\/ssistenzsysteme\/"},{"@type":"ListItem","position":4,"name":"Sensoren + Kameras f\u00fcr Assistenzsysteme"}]},{"@type":"WebSite","@id":"https:\/\/www.krafthand.de\/truck\/#website","url":"https:\/\/www.krafthand.de\/truck\/","name":"Krafthand-Truck","description":"","potentialAction":[{"@type":"SearchAction","target":{"@type":"EntryPoint","urlTemplate":"https:\/\/www.krafthand.de\/truck\/?s={search_term_string}"},"query-input":{"@type":"PropertyValueSpecification","valueRequired":true,"valueName":"search_term_string"}}],"inLanguage":"de"},{"@type":"Person","@id":"https:\/\/www.krafthand.de\/truck\/#\/schema\/person\/51fa80b1c57034c4bf63f9f988fc24ce","name":"georg.blenk@krafthand-medien.de","image":{"@type":"ImageObject","inLanguage":"de","@id":"https:\/\/secure.gravatar.com\/avatar\/93713c30affe0aa95d3a4130e499bb1abee2eb31adbdd9ce2aa1543538490215?s=96&d=mm&r=g","url":"https:\/\/secure.gravatar.com\/avatar\/93713c30affe0aa95d3a4130e499bb1abee2eb31adbdd9ce2aa1543538490215?s=96&d=mm&r=g","contentUrl":"https:\/\/secure.gravatar.com\/avatar\/93713c30affe0aa95d3a4130e499bb1abee2eb31adbdd9ce2aa1543538490215?s=96&d=mm&r=g","caption":"georg.blenk@krafthand-medien.de"}}]}},"_links":{"self":[{"href":"https:\/\/www.krafthand.de\/truck\/wp-json\/wp\/v2\/posts\/39006","targetHints":{"allow":["GET"]}}],"collection":[{"href":"https:\/\/www.krafthand.de\/truck\/wp-json\/wp\/v2\/posts"}],"about":[{"href":"https:\/\/www.krafthand.de\/truck\/wp-json\/wp\/v2\/types\/post"}],"author":[{"embeddable":true,"href":"https:\/\/www.krafthand.de\/truck\/wp-json\/wp\/v2\/users\/9"}],"replies":[{"embeddable":true,"href":"https:\/\/www.krafthand.de\/truck\/wp-json\/wp\/v2\/comments?post=39006"}],"version-history":[{"count":5,"href":"https:\/\/www.krafthand.de\/truck\/wp-json\/wp\/v2\/posts\/39006\/revisions"}],"predecessor-version":[{"id":39012,"href":"https:\/\/www.krafthand.de\/truck\/wp-json\/wp\/v2\/posts\/39006\/revisions\/39012"}],"wp:featuredmedia":[{"embeddable":true,"href":"https:\/\/www.krafthand.de\/truck\/wp-json\/wp\/v2\/media\/39008"}],"wp:attachment":[{"href":"https:\/\/www.krafthand.de\/truck\/wp-json\/wp\/v2\/media?parent=39006"}],"wp:term":[{"taxonomy":"category","embeddable":true,"href":"https:\/\/www.krafthand.de\/truck\/wp-json\/wp\/v2\/categories?post=39006"},{"taxonomy":"post_tag","embeddable":true,"href":"https:\/\/www.krafthand.de\/truck\/wp-json\/wp\/v2\/tags?post=39006"},{"taxonomy":"settings","embeddable":true,"href":"https:\/\/www.krafthand.de\/truck\/wp-json\/wp\/v2\/settings?post=39006"}],"curies":[{"name":"wp","href":"https:\/\/api.w.org\/{rel}","templated":true}]}}