{"id":38998,"date":"2024-03-04T16:28:55","date_gmt":"2024-03-04T15:28:55","guid":{"rendered":"https:\/\/www.krafthand.de\/truck\/?p=38998"},"modified":"2024-03-04T16:28:55","modified_gmt":"2024-03-04T15:28:55","slug":"daimler-truck-neuer-standort-fuer-vertrieb-und-service-von-lkw-und-bussen","status":"publish","type":"post","link":"https:\/\/www.krafthand.de\/truck\/artikel\/daimler-truck-neuer-standort-fuer-vertrieb-und-service-von-lkw-und-bussen-38998\/","title":{"rendered":"Daimler Truck: Neuer Standort f\u00fcr Vertrieb und Service von Lkw und Bussen"},"content":{"rendered":"<p>Knapp eineinhalb Jahre nach der Grundsteinlegung hat Daimler Truck am vergangenen Freitag das Nutzfahrzeugzentrum Mercedes-Benz Stuttgart offiziell in Betrieb genommen. Der Standort ist von Beginn an auf Nutzfahrzeuge, die von Batterie- und Brennstoffzellen-Technologie angetrieben werden, ausgelegt.<br \/>\nAuf einer Fl\u00e4che von rund 22.000 Quadratmetern werden in Stuttgart-Feuerbach ab sofort Vertrieb und Service von Lkw der Marken Mercedes-Benz und FUSO sowie Service von Bussen der Marken Mercedes-Benz und Setra angeboten. Der Standort an der Wernerstra\u00dfe wird zudem als Mietst\u00fctzpunkt f\u00fcr CharterWay Fahrzeuge fungieren.<\/p>\n<h3>Neubau bereit f\u00fcr Batterie- und Brennstoffzellen-Fahrzeuge<\/h3>\n<figure id=\"attachment_39001\" aria-describedby=\"caption-attachment-39001\" style=\"width: 420px\" class=\"wp-caption alignright\"><a href=\"https:\/\/static.krafthand-truck.de\/uploads\/2024\/03\/Daimler_Truck_Stuttgart_Volker_Huentrup_Frank_Nopper_Stina_Fagermann_Mark_Pless.jpg\" target=\"_blank\" rel=\"noopener\"><img fetchpriority=\"high\" decoding=\"async\" class=\"wp-image-39001\" src=\"https:\/\/static.krafthand-truck.de\/uploads\/2024\/03\/Daimler_Truck_Stuttgart_Volker_Huentrup_Frank_Nopper_Stina_Fagermann_Mark_Pless-300x200.jpg\" alt=\"\" width=\"420\" height=\"280\" srcset=\"https:\/\/static.krafthand-truck.de\/uploads\/2024\/03\/Daimler_Truck_Stuttgart_Volker_Huentrup_Frank_Nopper_Stina_Fagermann_Mark_Pless-300x200.jpg 300w, https:\/\/static.krafthand-truck.de\/uploads\/2024\/03\/Daimler_Truck_Stuttgart_Volker_Huentrup_Frank_Nopper_Stina_Fagermann_Mark_Pless-1024x683.jpg 1024w, https:\/\/static.krafthand-truck.de\/uploads\/2024\/03\/Daimler_Truck_Stuttgart_Volker_Huentrup_Frank_Nopper_Stina_Fagermann_Mark_Pless-768x512.jpg 768w, https:\/\/static.krafthand-truck.de\/uploads\/2024\/03\/Daimler_Truck_Stuttgart_Volker_Huentrup_Frank_Nopper_Stina_Fagermann_Mark_Pless.jpg 1200w\" sizes=\"(max-width: 420px) 100vw, 420px\" \/><\/a><figcaption id=\"caption-attachment-39001\" class=\"wp-caption-text\">Offizielle Er\u00f6ffnung: (v.l.n.r.) Volker H\u00fcntrup, Leiter Own Retail Mercedes-Benz Trucks Europe, Frank Nopper, Oberb\u00fcrgermeister der Landeshauptstadt Stuttgart, Stina Fagerman, Leiterin Marketing, Vertrieb und Services Mercedes-Benz Trucks und Mark Ple\u00df, Center- &amp; Verkaufsleiter Mercedes-Benz Trucks Stuttgart &amp; Reutlingen.<\/figcaption><\/figure>\n<p>Der Neubau ist von Beginn an auf die Zukunft des Transportwesens hervorragend vorbereitet: So wurden beispielsweise Hochvolt-Arbeitspl\u00e4tze eingerichtet, um batterieelektrische Modelle wie die Mercedes-Benz Lkw eActros und eEconic, den FUSO eCanter sowie den Stadtbus Mercedes-Benz eCitaro im Service bedienen zu k\u00f6nnen. Zudem ist in Stuttgart ein hochmoderner, variabel anpassbarer Arbeitsplatz entstanden, um an den D\u00e4chern von Fahrzeugen \u2013 am Lkw-Fahrerhaus oder Omnibusdach \u2013 zu arbeiten. Dieser sogenannte Dacharbeitsplatz ist insbesondere f\u00fcr den elektrischen Stadtbus Mercedes-Benz eCitaro relevant, da er seine Batterien auf dem Dach tr\u00e4gt.<\/p>\n<p>Am Standort in Feuerbach wurde auch die Wartung und Reparatur von Fahrzeugen mit Antriebstechnologien basierend auf Wasserstoff von Beginn an ber\u00fccksichtigt: In der Werkstatt befindet sich ein vollumf\u00e4nglich ausger\u00fcsteter Gasarbeitsplatz mit Gassensoren und einer spezifischen Abluftanlage, die bereits die Anforderungen f\u00fcr Wasserstoff erf\u00fcllt. Die Voraussetzungen f\u00fcr das Ablassen von Wasserstoff auf einem sogenannten Evaluierungsplatz vor der Werkstatt und die nach einem Werkstattaufenthalt erforderliche Grundbetankung werden bis Mitte 2025 installiert. Damit geh\u00f6rt das Nutzfahrzeugzentrum Stuttgart zu den ersten Mercedes-Benz Nutzfahrzeugbetrieben in Deutschland, die alle Voraussetzungen f\u00fcr Reparatur und Wartung wasserstoffbetriebener Fahrzeuge erf\u00fcllen werden.<\/p>\n<h3>Ladeinfrastruktur f\u00fcr Kunden und Mitarbeiter<\/h3>\n<p>Nat\u00fcrlich wurden am Standort auch ausreichend Elektro-Ladepl\u00e4tze eingeplant: f\u00fcr Mitarbeiter- und Kunden-Pkw in Summe sechs Lades\u00e4ulen mit zw\u00f6lf Ladepunkten, f\u00fcr Lkw und Busse stehen vorerst zwei Lades\u00e4ulen mit vier Ladepunkten f\u00fcr Ladekapazit\u00e4ten bis 300 Kilowatt zur Verf\u00fcgung, an denen Kundenfahrzeuge nach Verlassen des Service sowie die CharterWay Mietfahrzeuge wieder aufgeladen werden k\u00f6nnen. Eine dynamische Lastmanagement-Verteilung erlaubt die bedarfsgerechte Steuerung des Ladestromes zwischen den Ladepunkten.<\/p>\n<h3>Moderne Werkstatt, moderne Arbeitspl\u00e4tze<\/h3>\n<figure id=\"attachment_39003\" aria-describedby=\"caption-attachment-39003\" style=\"width: 420px\" class=\"wp-caption alignleft\"><a href=\"https:\/\/static.krafthand-truck.de\/uploads\/2024\/03\/Daimler_Truck_Stuttgart_E_Lkw_Service-scaled.jpg\" target=\"_blank\" rel=\"noopener\"><img decoding=\"async\" class=\"wp-image-39003\" src=\"https:\/\/static.krafthand-truck.de\/uploads\/2024\/03\/Daimler_Truck_Stuttgart_E_Lkw_Service-300x201.jpg\" alt=\"\" width=\"420\" height=\"281\" srcset=\"https:\/\/static.krafthand-truck.de\/uploads\/2024\/03\/Daimler_Truck_Stuttgart_E_Lkw_Service-300x201.jpg 300w, https:\/\/static.krafthand-truck.de\/uploads\/2024\/03\/Daimler_Truck_Stuttgart_E_Lkw_Service-1024x684.jpg 1024w, https:\/\/static.krafthand-truck.de\/uploads\/2024\/03\/Daimler_Truck_Stuttgart_E_Lkw_Service-768x513.jpg 768w, https:\/\/static.krafthand-truck.de\/uploads\/2024\/03\/Daimler_Truck_Stuttgart_E_Lkw_Service-1536x1027.jpg 1536w, https:\/\/static.krafthand-truck.de\/uploads\/2024\/03\/Daimler_Truck_Stuttgart_E_Lkw_Service-2048x1369.jpg 2048w, https:\/\/static.krafthand-truck.de\/uploads\/2024\/03\/Daimler_Truck_Stuttgart_E_Lkw_Service-1320x882.jpg 1320w\" sizes=\"(max-width: 420px) 100vw, 420px\" \/><\/a><figcaption id=\"caption-attachment-39003\" class=\"wp-caption-text\">Die Werkstatt ist unter anderem mit zwei Rollenpr\u00fcfst\u00e4nden f\u00fcr Bremsenpr\u00fcfungen, einem Tachopr\u00fcfstand, einer Abteilung f\u00fcr Karosseriearbeiten sowie vier Deckenkr\u00e4nen, z.B. zum Ausheben von Motoren und Getrieben, ausgestattet.<\/figcaption><\/figure>\n<p>Das neuen Nutzfahrzeugzentrum wurde nach modernsten Gesichtspunkten gestaltet. Es bietet Wartezonen f\u00fcr die Kunden, f\u00fcr die rund 60 Mitarbeiterinnen und Mitarbeiter sind die Wege so kurz wie m\u00f6glich ausgelegt. Wo m\u00f6glich, wurden Arbeitsabl\u00e4ufe digitalisiert.<\/p>\n<p>Die Werkstatt ist unter anderem mit zwei Rollenpr\u00fcfst\u00e4nden f\u00fcr Bremsenpr\u00fcfungen, einem Tachopr\u00fcfstand, einer Abteilung f\u00fcr Karosseriearbeiten sowie vier Deckenkr\u00e4nen, z.B. zum Ausheben von Motoren und Getrieben, ausgestattet. Dank einer sogenannten Truck Lift Anlage kann eine komplette Lkw-Anh\u00e4nger-Kombination angehoben werden, um ergonomisch optimal beispielsweise Arbeiten an R\u00e4dern und Bremsen durchzuf\u00fchren. Mit zwei Werkstattwagen nimmt der Standort in Feuerbach am mobilen Pannendienst in und um Stuttgart teil.<\/p>\n<h3>Nachhaltigkeit am Standort<\/h3>\n<p>F\u00fcr die Energieversorgung des Standorts mit ein- bis zweigeschossigen Geb\u00e4uden und einer Bruttogrundfl\u00e4che von rd. 4.600 Quadratmetern wurde eine Photovoltaik-Anlage installiert, die einen Gro\u00dfteil der Energieversorgung \u00fcbernehmen kann. In Kombination mit der Beheizung der Geb\u00e4ude \u00fcber W\u00e4rmepumpen hat das Bauvorhaben damit den BEG-40-Standard f\u00fcr effiziente Geb\u00e4ude erreicht. Es ben\u00f6tigt also h\u00f6chstens 40 Prozent des durch das Geb\u00e4udeenergiegesetz vorgegebenen maximalen Energiebedarfs.<\/p>\n<h3>Lage in Stuttgart-Feuerbach ideal f\u00fcr neues Nutzfahrzeugzentrum<\/h3>\n<p>Das Grundst\u00fcck im Norden Stuttgarts ist hervorragend f\u00fcr den neuen Standort geeignet. Sowohl zur A81, Anschluss Zuffenhausen, als auch zur Tangente der B10 zwischen Neckartal und Autobahn besteht eine gute Anbindung. Gleiches gilt f\u00fcr den Verteilerverkehr Richtung Innenstadt. Die N\u00e4he zur Innenstadt bringt zudem kurze Wege f\u00fcr die Stadtbuskunden und<br \/>\nspart Zeit f\u00fcr den Transfer zum und vom Service.<\/p>\n","protected":false},"excerpt":{"rendered":"<p>Knapp eineinhalb Jahre nach der Grundsteinlegung hat Daimler Truck am vergangenen Freitag das Nutzfahrzeugzentrum Mercedes-Benz Stuttgart offiziell in Betrieb genommen. Der Standort ist von Beginn an auf Nutzfahrzeuge, die von Batterie- und Brennstoffzellen-Technologie angetrieben werden, ausgelegt. <span class=\"excerpt-more__dots\">&#8230;<\/span> <a class=\"excerpt-more__link\" href=\"https:\/\/www.krafthand.de\/truck\/artikel\/daimler-truck-neuer-standort-fuer-vertrieb-und-service-von-lkw-und-bussen-38998\/\" >weiter<\/a><\/p>\n","protected":false},"author":9,"featured_media":39000,"comment_status":"closed","ping_status":"closed","sticky":false,"template":"","format":"standard","meta":{"footnotes":""},"categories":[4235],"tags":[4492,5879,1153,3201],"settings":[4766],"class_list":["post-38998","post","type-post","status-publish","format-standard","has-post-thumbnail","hentry","category-unternehmen","tag-daimler-truck","tag-lkw-service","tag-nutzfahrzeugzentrum","tag-stuttgart"],"yoast_head":"<!-- This site is optimized with the Yoast SEO plugin v27.3 - https:\/\/yoast.com\/product\/yoast-seo-wordpress\/ -->\n<title>Daimler Truck: Neuer Standort f\u00fcr Vertrieb und Service von Lkw und Bussen - Krafthand-Truck<\/title>\n<meta name=\"description\" content=\"Daimler Truck hat nach anderthalb Jahren Bauzeit sein Nutzfahrzeugzentrum in Stuttgart-Feuerbach offiziell in Betrieb genommen.\" \/>\n<meta name=\"robots\" content=\"index, follow, max-snippet:-1, max-image-preview:large, max-video-preview:-1\" \/>\n<link rel=\"canonical\" href=\"https:\/\/www.krafthand.de\/truck\/artikel\/daimler-truck-neuer-standort-fuer-vertrieb-und-service-von-lkw-und-bussen-38998\/\" \/>\n<meta property=\"og:locale\" content=\"de_DE\" \/>\n<meta property=\"og:type\" content=\"article\" \/>\n<meta property=\"og:title\" content=\"Daimler Truck: Neuer Standort f\u00fcr Vertrieb und Service von Lkw und Bussen - Krafthand-Truck\" \/>\n<meta property=\"og:description\" content=\"Daimler Truck hat nach anderthalb Jahren Bauzeit sein Nutzfahrzeugzentrum in Stuttgart-Feuerbach offiziell in Betrieb genommen.\" \/>\n<meta property=\"og:url\" content=\"https:\/\/www.krafthand-truck.de\/artikel\/daimler-truck-neuer-standort-fuer-vertrieb-und-service-von-lkw-und-bussen-38998\/\" \/>\n<meta property=\"og:site_name\" content=\"Krafthand-Truck\" \/>\n<meta property=\"article:published_time\" content=\"2024-03-04T15:28:55+00:00\" \/>\n<meta property=\"og:image\" content=\"https:\/\/static.krafthand-truck.de\/uploads\/2024\/03\/Daimler_Truck_Nutzfahrzeugzentrum_Stuttgart.jpg\" \/>\n\t<meta property=\"og:image:width\" content=\"1200\" \/>\n\t<meta property=\"og:image:height\" content=\"666\" \/>\n\t<meta property=\"og:image:type\" content=\"image\/jpeg\" \/>\n<meta name=\"author\" content=\"georg.blenk@krafthand-medien.de\" \/>\n<meta name=\"twitter:card\" content=\"summary_large_image\" \/>\n<meta name=\"twitter:label1\" content=\"Verfasst von\" \/>\n\t<meta name=\"twitter:data1\" content=\"georg.blenk@krafthand-medien.de\" \/>\n\t<meta name=\"twitter:label2\" content=\"Gesch\u00e4tzte Lesezeit\" \/>\n\t<meta name=\"twitter:data2\" content=\"5\u00a0Minuten\" \/>\n<script type=\"application\/ld+json\" class=\"yoast-schema-graph\">{\"@context\":\"https:\\\/\\\/schema.org\",\"@graph\":[{\"@type\":\"Article\",\"@id\":\"https:\\\/\\\/www.krafthand.de\\\/truck\\\/artikel\\\/daimler-truck-neuer-standort-fuer-vertrieb-und-service-von-lkw-und-bussen-38998\\\/#article\",\"isPartOf\":{\"@id\":\"https:\\\/\\\/www.krafthand.de\\\/truck\\\/artikel\\\/daimler-truck-neuer-standort-fuer-vertrieb-und-service-von-lkw-und-bussen-38998\\\/\"},\"author\":{\"name\":\"georg.blenk@krafthand-medien.de\",\"@id\":\"https:\\\/\\\/www.krafthand.de\\\/truck\\\/#\\\/schema\\\/person\\\/51fa80b1c57034c4bf63f9f988fc24ce\"},\"headline\":\"Daimler Truck: Neuer Standort f\u00fcr Vertrieb und Service von Lkw und Bussen\",\"datePublished\":\"2024-03-04T15:28:55+00:00\",\"mainEntityOfPage\":{\"@id\":\"https:\\\/\\\/www.krafthand.de\\\/truck\\\/artikel\\\/daimler-truck-neuer-standort-fuer-vertrieb-und-service-von-lkw-und-bussen-38998\\\/\"},\"wordCount\":729,\"image\":{\"@id\":\"https:\\\/\\\/www.krafthand.de\\\/truck\\\/artikel\\\/daimler-truck-neuer-standort-fuer-vertrieb-und-service-von-lkw-und-bussen-38998\\\/#primaryimage\"},\"thumbnailUrl\":\"https:\\\/\\\/static.krafthand-truck.de\\\/uploads\\\/2024\\\/03\\\/Daimler_Truck_Nutzfahrzeugzentrum_Stuttgart.jpg\",\"keywords\":[\"Daimler Truck\",\"Lkw-Service\",\"Nutzfahrzeugzentrum\",\"Stuttgart\"],\"articleSection\":[\"Unternehmen\"],\"inLanguage\":\"de\"},{\"@type\":\"WebPage\",\"@id\":\"https:\\\/\\\/www.krafthand.de\\\/truck\\\/artikel\\\/daimler-truck-neuer-standort-fuer-vertrieb-und-service-von-lkw-und-bussen-38998\\\/\",\"url\":\"https:\\\/\\\/www.krafthand.de\\\/truck\\\/artikel\\\/daimler-truck-neuer-standort-fuer-vertrieb-und-service-von-lkw-und-bussen-38998\\\/\",\"name\":\"Daimler Truck: Neuer Standort f\u00fcr Vertrieb und Service von Lkw und Bussen - Krafthand-Truck\",\"isPartOf\":{\"@id\":\"https:\\\/\\\/www.krafthand.de\\\/truck\\\/#website\"},\"primaryImageOfPage\":{\"@id\":\"https:\\\/\\\/www.krafthand.de\\\/truck\\\/artikel\\\/daimler-truck-neuer-standort-fuer-vertrieb-und-service-von-lkw-und-bussen-38998\\\/#primaryimage\"},\"image\":{\"@id\":\"https:\\\/\\\/www.krafthand.de\\\/truck\\\/artikel\\\/daimler-truck-neuer-standort-fuer-vertrieb-und-service-von-lkw-und-bussen-38998\\\/#primaryimage\"},\"thumbnailUrl\":\"https:\\\/\\\/static.krafthand-truck.de\\\/uploads\\\/2024\\\/03\\\/Daimler_Truck_Nutzfahrzeugzentrum_Stuttgart.jpg\",\"datePublished\":\"2024-03-04T15:28:55+00:00\",\"author\":{\"@id\":\"https:\\\/\\\/www.krafthand.de\\\/truck\\\/#\\\/schema\\\/person\\\/51fa80b1c57034c4bf63f9f988fc24ce\"},\"description\":\"Daimler Truck hat nach anderthalb Jahren Bauzeit sein Nutzfahrzeugzentrum in Stuttgart-Feuerbach offiziell in Betrieb genommen.\",\"breadcrumb\":{\"@id\":\"https:\\\/\\\/www.krafthand.de\\\/truck\\\/artikel\\\/daimler-truck-neuer-standort-fuer-vertrieb-und-service-von-lkw-und-bussen-38998\\\/#breadcrumb\"},\"inLanguage\":\"de\",\"potentialAction\":[{\"@type\":\"ReadAction\",\"target\":[\"https:\\\/\\\/www.krafthand.de\\\/truck\\\/artikel\\\/daimler-truck-neuer-standort-fuer-vertrieb-und-service-von-lkw-und-bussen-38998\\\/\"]}]},{\"@type\":\"ImageObject\",\"inLanguage\":\"de\",\"@id\":\"https:\\\/\\\/www.krafthand.de\\\/truck\\\/artikel\\\/daimler-truck-neuer-standort-fuer-vertrieb-und-service-von-lkw-und-bussen-38998\\\/#primaryimage\",\"url\":\"https:\\\/\\\/static.krafthand-truck.de\\\/uploads\\\/2024\\\/03\\\/Daimler_Truck_Nutzfahrzeugzentrum_Stuttgart.jpg\",\"contentUrl\":\"https:\\\/\\\/static.krafthand-truck.de\\\/uploads\\\/2024\\\/03\\\/Daimler_Truck_Nutzfahrzeugzentrum_Stuttgart.jpg\",\"width\":1200,\"height\":666},{\"@type\":\"BreadcrumbList\",\"@id\":\"https:\\\/\\\/www.krafthand.de\\\/truck\\\/artikel\\\/daimler-truck-neuer-standort-fuer-vertrieb-und-service-von-lkw-und-bussen-38998\\\/#breadcrumb\",\"itemListElement\":[{\"@type\":\"ListItem\",\"position\":1,\"name\":\"Krafthand-Truck\",\"item\":\"https:\\\/\\\/www.krafthand.de\\\/truck\\\/\"},{\"@type\":\"ListItem\",\"position\":2,\"name\":\"Nfz-Branche\",\"item\":\"https:\\\/\\\/www.krafthand.de\\\/truck\\\/kategorie\\\/branche\\\/\"},{\"@type\":\"ListItem\",\"position\":3,\"name\":\"Unternehmen\",\"item\":\"https:\\\/\\\/www.krafthand.de\\\/truck\\\/kategorie\\\/branche\\\/unternehmen\\\/\"},{\"@type\":\"ListItem\",\"position\":4,\"name\":\"Daimler Truck: Neuer Standort f\u00fcr Vertrieb und Service von Lkw und Bussen\"}]},{\"@type\":\"WebSite\",\"@id\":\"https:\\\/\\\/www.krafthand.de\\\/truck\\\/#website\",\"url\":\"https:\\\/\\\/www.krafthand.de\\\/truck\\\/\",\"name\":\"Krafthand-Truck\",\"description\":\"\",\"potentialAction\":[{\"@type\":\"SearchAction\",\"target\":{\"@type\":\"EntryPoint\",\"urlTemplate\":\"https:\\\/\\\/www.krafthand.de\\\/truck\\\/?s={search_term_string}\"},\"query-input\":{\"@type\":\"PropertyValueSpecification\",\"valueRequired\":true,\"valueName\":\"search_term_string\"}}],\"inLanguage\":\"de\"},{\"@type\":\"Person\",\"@id\":\"https:\\\/\\\/www.krafthand.de\\\/truck\\\/#\\\/schema\\\/person\\\/51fa80b1c57034c4bf63f9f988fc24ce\",\"name\":\"georg.blenk@krafthand-medien.de\",\"image\":{\"@type\":\"ImageObject\",\"inLanguage\":\"de\",\"@id\":\"https:\\\/\\\/secure.gravatar.com\\\/avatar\\\/93713c30affe0aa95d3a4130e499bb1abee2eb31adbdd9ce2aa1543538490215?s=96&d=mm&r=g\",\"url\":\"https:\\\/\\\/secure.gravatar.com\\\/avatar\\\/93713c30affe0aa95d3a4130e499bb1abee2eb31adbdd9ce2aa1543538490215?s=96&d=mm&r=g\",\"contentUrl\":\"https:\\\/\\\/secure.gravatar.com\\\/avatar\\\/93713c30affe0aa95d3a4130e499bb1abee2eb31adbdd9ce2aa1543538490215?s=96&d=mm&r=g\",\"caption\":\"georg.blenk@krafthand-medien.de\"}}]}<\/script>\n<!-- \/ Yoast SEO plugin. -->","yoast_head_json":{"title":"Daimler Truck: Neuer Standort f\u00fcr Vertrieb und Service von Lkw und Bussen - Krafthand-Truck","description":"Daimler Truck hat nach anderthalb Jahren Bauzeit sein Nutzfahrzeugzentrum in Stuttgart-Feuerbach offiziell in Betrieb genommen.","robots":{"index":"index","follow":"follow","max-snippet":"max-snippet:-1","max-image-preview":"max-image-preview:large","max-video-preview":"max-video-preview:-1"},"canonical":"https:\/\/www.krafthand.de\/truck\/artikel\/daimler-truck-neuer-standort-fuer-vertrieb-und-service-von-lkw-und-bussen-38998\/","og_locale":"de_DE","og_type":"article","og_title":"Daimler Truck: Neuer Standort f\u00fcr Vertrieb und Service von Lkw und Bussen - Krafthand-Truck","og_description":"Daimler Truck hat nach anderthalb Jahren Bauzeit sein Nutzfahrzeugzentrum in Stuttgart-Feuerbach offiziell in Betrieb genommen.","og_url":"https:\/\/www.krafthand-truck.de\/artikel\/daimler-truck-neuer-standort-fuer-vertrieb-und-service-von-lkw-und-bussen-38998\/","og_site_name":"Krafthand-Truck","article_published_time":"2024-03-04T15:28:55+00:00","og_image":[{"width":1200,"height":666,"url":"https:\/\/static.krafthand-truck.de\/uploads\/2024\/03\/Daimler_Truck_Nutzfahrzeugzentrum_Stuttgart.jpg","type":"image\/jpeg"}],"author":"georg.blenk@krafthand-medien.de","twitter_card":"summary_large_image","twitter_misc":{"Verfasst von":"georg.blenk@krafthand-medien.de","Gesch\u00e4tzte Lesezeit":"5\u00a0Minuten"},"schema":{"@context":"https:\/\/schema.org","@graph":[{"@type":"Article","@id":"https:\/\/www.krafthand.de\/truck\/artikel\/daimler-truck-neuer-standort-fuer-vertrieb-und-service-von-lkw-und-bussen-38998\/#article","isPartOf":{"@id":"https:\/\/www.krafthand.de\/truck\/artikel\/daimler-truck-neuer-standort-fuer-vertrieb-und-service-von-lkw-und-bussen-38998\/"},"author":{"name":"georg.blenk@krafthand-medien.de","@id":"https:\/\/www.krafthand.de\/truck\/#\/schema\/person\/51fa80b1c57034c4bf63f9f988fc24ce"},"headline":"Daimler Truck: Neuer Standort f\u00fcr Vertrieb und Service von Lkw und Bussen","datePublished":"2024-03-04T15:28:55+00:00","mainEntityOfPage":{"@id":"https:\/\/www.krafthand.de\/truck\/artikel\/daimler-truck-neuer-standort-fuer-vertrieb-und-service-von-lkw-und-bussen-38998\/"},"wordCount":729,"image":{"@id":"https:\/\/www.krafthand.de\/truck\/artikel\/daimler-truck-neuer-standort-fuer-vertrieb-und-service-von-lkw-und-bussen-38998\/#primaryimage"},"thumbnailUrl":"https:\/\/static.krafthand-truck.de\/uploads\/2024\/03\/Daimler_Truck_Nutzfahrzeugzentrum_Stuttgart.jpg","keywords":["Daimler Truck","Lkw-Service","Nutzfahrzeugzentrum","Stuttgart"],"articleSection":["Unternehmen"],"inLanguage":"de"},{"@type":"WebPage","@id":"https:\/\/www.krafthand.de\/truck\/artikel\/daimler-truck-neuer-standort-fuer-vertrieb-und-service-von-lkw-und-bussen-38998\/","url":"https:\/\/www.krafthand.de\/truck\/artikel\/daimler-truck-neuer-standort-fuer-vertrieb-und-service-von-lkw-und-bussen-38998\/","name":"Daimler Truck: Neuer Standort f\u00fcr Vertrieb und Service von Lkw und Bussen - Krafthand-Truck","isPartOf":{"@id":"https:\/\/www.krafthand.de\/truck\/#website"},"primaryImageOfPage":{"@id":"https:\/\/www.krafthand.de\/truck\/artikel\/daimler-truck-neuer-standort-fuer-vertrieb-und-service-von-lkw-und-bussen-38998\/#primaryimage"},"image":{"@id":"https:\/\/www.krafthand.de\/truck\/artikel\/daimler-truck-neuer-standort-fuer-vertrieb-und-service-von-lkw-und-bussen-38998\/#primaryimage"},"thumbnailUrl":"https:\/\/static.krafthand-truck.de\/uploads\/2024\/03\/Daimler_Truck_Nutzfahrzeugzentrum_Stuttgart.jpg","datePublished":"2024-03-04T15:28:55+00:00","author":{"@id":"https:\/\/www.krafthand.de\/truck\/#\/schema\/person\/51fa80b1c57034c4bf63f9f988fc24ce"},"description":"Daimler Truck hat nach anderthalb Jahren Bauzeit sein Nutzfahrzeugzentrum in Stuttgart-Feuerbach offiziell in Betrieb genommen.","breadcrumb":{"@id":"https:\/\/www.krafthand.de\/truck\/artikel\/daimler-truck-neuer-standort-fuer-vertrieb-und-service-von-lkw-und-bussen-38998\/#breadcrumb"},"inLanguage":"de","potentialAction":[{"@type":"ReadAction","target":["https:\/\/www.krafthand.de\/truck\/artikel\/daimler-truck-neuer-standort-fuer-vertrieb-und-service-von-lkw-und-bussen-38998\/"]}]},{"@type":"ImageObject","inLanguage":"de","@id":"https:\/\/www.krafthand.de\/truck\/artikel\/daimler-truck-neuer-standort-fuer-vertrieb-und-service-von-lkw-und-bussen-38998\/#primaryimage","url":"https:\/\/static.krafthand-truck.de\/uploads\/2024\/03\/Daimler_Truck_Nutzfahrzeugzentrum_Stuttgart.jpg","contentUrl":"https:\/\/static.krafthand-truck.de\/uploads\/2024\/03\/Daimler_Truck_Nutzfahrzeugzentrum_Stuttgart.jpg","width":1200,"height":666},{"@type":"BreadcrumbList","@id":"https:\/\/www.krafthand.de\/truck\/artikel\/daimler-truck-neuer-standort-fuer-vertrieb-und-service-von-lkw-und-bussen-38998\/#breadcrumb","itemListElement":[{"@type":"ListItem","position":1,"name":"Krafthand-Truck","item":"https:\/\/www.krafthand.de\/truck\/"},{"@type":"ListItem","position":2,"name":"Nfz-Branche","item":"https:\/\/www.krafthand.de\/truck\/kategorie\/branche\/"},{"@type":"ListItem","position":3,"name":"Unternehmen","item":"https:\/\/www.krafthand.de\/truck\/kategorie\/branche\/unternehmen\/"},{"@type":"ListItem","position":4,"name":"Daimler Truck: Neuer Standort f\u00fcr Vertrieb und Service von Lkw und Bussen"}]},{"@type":"WebSite","@id":"https:\/\/www.krafthand.de\/truck\/#website","url":"https:\/\/www.krafthand.de\/truck\/","name":"Krafthand-Truck","description":"","potentialAction":[{"@type":"SearchAction","target":{"@type":"EntryPoint","urlTemplate":"https:\/\/www.krafthand.de\/truck\/?s={search_term_string}"},"query-input":{"@type":"PropertyValueSpecification","valueRequired":true,"valueName":"search_term_string"}}],"inLanguage":"de"},{"@type":"Person","@id":"https:\/\/www.krafthand.de\/truck\/#\/schema\/person\/51fa80b1c57034c4bf63f9f988fc24ce","name":"georg.blenk@krafthand-medien.de","image":{"@type":"ImageObject","inLanguage":"de","@id":"https:\/\/secure.gravatar.com\/avatar\/93713c30affe0aa95d3a4130e499bb1abee2eb31adbdd9ce2aa1543538490215?s=96&d=mm&r=g","url":"https:\/\/secure.gravatar.com\/avatar\/93713c30affe0aa95d3a4130e499bb1abee2eb31adbdd9ce2aa1543538490215?s=96&d=mm&r=g","contentUrl":"https:\/\/secure.gravatar.com\/avatar\/93713c30affe0aa95d3a4130e499bb1abee2eb31adbdd9ce2aa1543538490215?s=96&d=mm&r=g","caption":"georg.blenk@krafthand-medien.de"}}]}},"_links":{"self":[{"href":"https:\/\/www.krafthand.de\/truck\/wp-json\/wp\/v2\/posts\/38998","targetHints":{"allow":["GET"]}}],"collection":[{"href":"https:\/\/www.krafthand.de\/truck\/wp-json\/wp\/v2\/posts"}],"about":[{"href":"https:\/\/www.krafthand.de\/truck\/wp-json\/wp\/v2\/types\/post"}],"author":[{"embeddable":true,"href":"https:\/\/www.krafthand.de\/truck\/wp-json\/wp\/v2\/users\/9"}],"replies":[{"embeddable":true,"href":"https:\/\/www.krafthand.de\/truck\/wp-json\/wp\/v2\/comments?post=38998"}],"version-history":[{"count":4,"href":"https:\/\/www.krafthand.de\/truck\/wp-json\/wp\/v2\/posts\/38998\/revisions"}],"predecessor-version":[{"id":39005,"href":"https:\/\/www.krafthand.de\/truck\/wp-json\/wp\/v2\/posts\/38998\/revisions\/39005"}],"wp:featuredmedia":[{"embeddable":true,"href":"https:\/\/www.krafthand.de\/truck\/wp-json\/wp\/v2\/media\/39000"}],"wp:attachment":[{"href":"https:\/\/www.krafthand.de\/truck\/wp-json\/wp\/v2\/media?parent=38998"}],"wp:term":[{"taxonomy":"category","embeddable":true,"href":"https:\/\/www.krafthand.de\/truck\/wp-json\/wp\/v2\/categories?post=38998"},{"taxonomy":"post_tag","embeddable":true,"href":"https:\/\/www.krafthand.de\/truck\/wp-json\/wp\/v2\/tags?post=38998"},{"taxonomy":"settings","embeddable":true,"href":"https:\/\/www.krafthand.de\/truck\/wp-json\/wp\/v2\/settings?post=38998"}],"curies":[{"name":"wp","href":"https:\/\/api.w.org\/{rel}","templated":true}]}}