{"id":38970,"date":"2024-03-06T08:14:03","date_gmt":"2024-03-06T07:14:03","guid":{"rendered":"https:\/\/www.krafthand.de\/truck\/?p=38970"},"modified":"2024-03-06T08:26:53","modified_gmt":"2024-03-06T07:26:53","slug":"1-round-table-nfz-aftermarket-wo-geht-die-reise-hin","status":"publish","type":"post","link":"https:\/\/www.krafthand.de\/truck\/artikel\/1-round-table-nfz-aftermarket-wo-geht-die-reise-hin-38970\/","title":{"rendered":"#1 Round-Table Nfz-Aftermarket: Wo geht die Reise hin?"},"content":{"rendered":"<p>K\u00fcrzlich fand der erste Roundtable Nfz-Aftermarket statt, initiiert von Krafthand-Truck und der Initiative \u201aQualit\u00e4t ist Mehrwert\u2018. Am \u201avirtuellen\u2018 Tisch sa\u00dfen neben dem Autor, Florian Schl\u00fcter, Director Aftermarket Strategy &amp; Business-Planning EMEA, bei <a href=\"https:\/\/www.knorr-bremse.de\/de\/commercialvehicles\/introductionpage.jsp\" target=\"_blank\" rel=\"noopener\">Knorr-Bremse Systeme f\u00fcr Nutzfahrzeuge<\/a>, Elmar Bauer, Leiter Netzwerkmanagement f\u00fcr den Bereich Nutzfahrzeuge bei <a href=\"https:\/\/aftermarket.zf.com\/de\/aftermarket-portal\/\" target=\"_blank\" rel=\"noopener\">ZF Aftermarket<\/a>, Thomas Fischer, Vorstand AAMPACT e.V. sowie Kristiane Guth (Qualit\u00e4t ist Mehrwert.) Wo geht die Reise im Nutzfahrzeug-Aftermarket hin? Die Perspektiven sind vielversprechend, doch es gibt einige Herausforderungen!<\/p>\n<h3>Das Marktumfeld<\/h3>\n<p>Aktuell existieren in Deutschland rund 3.700 Nutzfahrzeugwerkst\u00e4tten. In Europa sind es laut Studie \u201aAftermarket f\u00fcr Nutzfahrzeuge 2022\u2018 der Unternehmensberatung BBE insgesamt 22.200 Betriebe, die sich auf Nutzfahrzeuge spezialisiert haben. Dabei handelt es sich um 34 Prozent OES-Betriebe, 66 Prozent sind markenunabh\u00e4ngige Werkst\u00e4tten. Die Basis der Zahlen bildet die Aftersales-Access-Database der Wolk-Aftersales-Experts GmbH. Das gesamte Umsatzvolumen des Nfz-Teilehandels betrug in Europa 7.892 Millionen Euro. Laut Studie wird f\u00fcr das Jahr 2023 nochmal eine Steigerung erwartet. Unterstellt man \u2013 auch aufgrund der weiter steigenden Transportvolumina und der positiven Absatzzahlen der OEM \u2013 auch mehr Werkstattauftr\u00e4ge, so stehen den Nfz-Werkst\u00e4tten k\u00fcnftig goldene Zeiten bevor. Stopp \u2013 ganz so einfach ist es nicht.<\/p>\n<h3>Herausforderung Technik<\/h3>\n<figure id=\"attachment_38979\" aria-describedby=\"caption-attachment-38979\" style=\"width: 220px\" class=\"wp-caption alignright\"><a href=\"https:\/\/static.krafthand-truck.de\/uploads\/2024\/03\/ZF_Aftermarket_Elmar_Bauer.jpg\" target=\"_blank\" rel=\"noopener\"><img fetchpriority=\"high\" decoding=\"async\" class=\"wp-image-38979\" src=\"https:\/\/static.krafthand-truck.de\/uploads\/2024\/03\/ZF_Aftermarket_Elmar_Bauer-243x300.jpg\" alt=\"\" width=\"220\" height=\"271\" srcset=\"https:\/\/static.krafthand-truck.de\/uploads\/2024\/03\/ZF_Aftermarket_Elmar_Bauer-243x300.jpg 243w, https:\/\/static.krafthand-truck.de\/uploads\/2024\/03\/ZF_Aftermarket_Elmar_Bauer-768x948.jpg 768w, https:\/\/static.krafthand-truck.de\/uploads\/2024\/03\/ZF_Aftermarket_Elmar_Bauer.jpg 800w\" sizes=\"(max-width: 220px) 100vw, 220px\" \/><\/a><figcaption id=\"caption-attachment-38979\" class=\"wp-caption-text\"><em>\u201eDie Datenunterst\u00fctzung und die Weitergabe von technischem Know-how an freie Nfz-Betriebe sind f\u00fcr uns heute und in Zukunft Kernthemen\u201c<\/em>, so Elmar Bauer. Bild: ZF<\/figcaption><\/figure>\n<p>Geht es um den Erfolg des eigenen Werkstattbetriebs ist auch in Zukunft die Technik- und Servicekompetenz ausschlaggebend. Dies gilt umso mehr, wenn man ein Mehrmarken-Konzept betreibt und zus\u00e4tzlich auch das Trailer-Gesch\u00e4ft bedient. Hier kommt der Qualit\u00e4tsbegriff ins Spiel, der sich einerseits auf die Teile- und Teileversorgung bezieht, aber auch auf das interne technische Know-how, auf die Qualit\u00e4t der Reparaturinformationen und der Werkstattausr\u00fcstung. <em>\u201eDie technische Komplexit\u00e4t durch mehr Mechatronik und Elektronik ist gestiegen und wird weiter steigen. Nehmen Sie beispielsweise kamera- oder radar-basierte Fahrerassistenzsysteme, perspektivisch kommen die E-Trucks hinzu\u201c<\/em>, so Florian Schl\u00fcter. <em>&#8222;Dazu ben\u00f6tigen Werkst\u00e4tten Systemkompetenz und Diagnosem\u00f6glichkeiten, die ZF als der f\u00fchrende Zulieferer im Nutzfahrzeugbereich unter seinen diversen Produktmarken anbietet\u201c<\/em>, erg\u00e4nzt Elmar Bauer. Schl\u00fcter und Bauer sehen es beide als ihre Aufgabe an, die Nfz-Betriebe hier nachhaltig zu unterst\u00fctzen, sei es mit ihrer Technikkompetenz oder ihrer OE-Erfahrung. Bauer bringt auch die Fahrzeugdiagnose ins Spiel: <em>\u201eWir bieten bei ZF mit dem Wabco-W\u00fcrth-Mehrmarkentester, ein Tool zur Diagnose von komplexen technischen Systemen an, vom Motor und dem Getriebe bis zur Bremse. Das Thema Datenunterst\u00fctzung und die Weitergabe von technischem Know-how an freie Nfz-Betriebe sind f\u00fcr uns heute und in Zukunft ein Kernthema.\u201c<\/em> Auch Knorr-Bremse sieht sich dahingehend gewappnet, so Florian Schl\u00fcter: <em>\u201eWir wollen speziell Nfz-Mehrmarkenbetriebe unterst\u00fctzen und bieten mit <a href=\"https:\/\/www.krafthand.de\/truck\/artikel\/das-neue-mehrmarken-diagnosegeraet-von-jaltest-cojali-30343\/\" target=\"_blank\" rel=\"noopener\">Jaltest Diagnostics (Cojali)<\/a> ebenfalls eine umfassende Mehrmarken-Diagnosel\u00f6sung an\u201c<\/em>, erg\u00e4nzt Schl\u00fcter. Die Abdeckung soll bei rund 200 Nutzfahrzeugmarken und knappen 6.000 Nutzfahrzeugmodellen liegen.<\/p>\n<p>&nbsp;<\/p>\n<hr \/>\n<h3>\u00dcber die Initiative \u201aQualit\u00e4t ist Mehrwert\u2018<\/h3>\n<figure id=\"attachment_38976\" aria-describedby=\"caption-attachment-38976\" style=\"width: 320px\" class=\"wp-caption alignleft\"><img decoding=\"async\" class=\"wp-image-38976\" src=\"https:\/\/static.krafthand-truck.de\/uploads\/2024\/03\/Qualitaet_ist_Mehrwert_Logo-300x128.jpg\" alt=\"\" width=\"320\" height=\"137\" srcset=\"https:\/\/static.krafthand-truck.de\/uploads\/2024\/03\/Qualitaet_ist_Mehrwert_Logo-300x128.jpg 300w, https:\/\/static.krafthand-truck.de\/uploads\/2024\/03\/Qualitaet_ist_Mehrwert_Logo-768x328.jpg 768w, https:\/\/static.krafthand-truck.de\/uploads\/2024\/03\/Qualitaet_ist_Mehrwert_Logo.jpg 800w\" sizes=\"(max-width: 320px) 100vw, 320px\" \/><figcaption id=\"caption-attachment-38976\" class=\"wp-caption-text\">Bild: Qualit\u00e4t ist Mehrwert<\/figcaption><\/figure>\n<p>\u201aQualit\u00e4t ist Mehrwert\u2018 ist eine Initiative namhafter Hersteller von Automobilteilen im Automotive-Aftermarket. Ziel ist es, das Qualit\u00e4tsbewusstsein bei der Fahrzeugreparatur signifikant zu steigern. Dazu werden dem Teilehandel, den Nfz- und Kfz-Werkst\u00e4tten und den Autofahrern die Vorteile von Qualit\u00e4tsteilen vor Augen gef\u00fchrt \u2013 mit Informationsmaterial, bei Veranstaltungen und auf der Website. Alle Partner, aktuelle Termine und Informationen gibt es im Internet unter: <a href=\"https:\/\/qualitaet-ist-mehrwert.de\" target=\"_blank\" rel=\"noopener\">www.qualitaet-ist-mehrwert.de<\/a><\/p>\n<hr \/>\n<p>&nbsp;<\/p>\n<h3>Prozessoptimierung<\/h3>\n<figure id=\"attachment_38977\" aria-describedby=\"caption-attachment-38977\" style=\"width: 220px\" class=\"wp-caption alignright\"><a href=\"https:\/\/static.krafthand-truck.de\/uploads\/2024\/03\/Knorr_Bremse_Florian_Schlueter.jpg\"><img decoding=\"async\" class=\"wp-image-38977\" src=\"https:\/\/static.krafthand-truck.de\/uploads\/2024\/03\/Knorr_Bremse_Florian_Schlueter-240x300.jpg\" alt=\"\" width=\"220\" height=\"276\" srcset=\"https:\/\/static.krafthand-truck.de\/uploads\/2024\/03\/Knorr_Bremse_Florian_Schlueter-240x300.jpg 240w, https:\/\/static.krafthand-truck.de\/uploads\/2024\/03\/Knorr_Bremse_Florian_Schlueter-768x962.jpg 768w, https:\/\/static.krafthand-truck.de\/uploads\/2024\/03\/Knorr_Bremse_Florian_Schlueter.jpg 800w\" sizes=\"(max-width: 220px) 100vw, 220px\" \/><\/a><figcaption id=\"caption-attachment-38977\" class=\"wp-caption-text\"><em>\u201cWir geben als Knorr-Bremse TruckServices den freien Werkstattbetrieben notwendige technische Hilfsmittel und das entsprechende Know-how an die Hand\u201c<\/em>, so Florian Schl\u00fcter. Bild: Knorr-Bremse<\/figcaption><\/figure>\n<p>Vor allem bei den Werkstattprozessen sehen die Diskutanten erhebliches Potenzial und vor allem dringenden Handlungsbedarf. Es geht um die Datenvernetzung und die vorausschauende Wartung. <em>\u201eMit der Komplexit\u00e4t der Fahrzeuge steigt proportional auch die Kundenerwartung an die Services der Werkst\u00e4tten. F\u00fcr den Betrieb einer Werkstatt ist die Digitalisierung wiederkehrender Prozesse entscheidend. Dabei geht es darum, sie schneller, effektiver und sicherer zu gestalten. Die gesparte Zeit kann dann in die Entwicklung neuer Gesch\u00e4ftsmodelle investiert werden, die den Erfolg auch in Zukunft sicherstellen. Warum sollte eine freie Werkstatt beispielsweise nicht auch das Monitoring und das Service-Management einer kompletten Kundenflotte anbieten k\u00f6nnen?\u201c<\/em>, so Elmar Bauer. Ein Stichwort dabei ist die Remote-Diagnose. <em>\u201eBei Truck-OEMs l\u00e4uft \u00fcber die werkseitig installierte Telematikeinheit der Zugriff auf die Fahrzeugdaten, \u00fcber Callcenter die Kommunikation. Das Fahrzeug wird der n\u00e4chsten Werkstatt zugewiesen, die ben\u00f6tigten Teile sind bereits bestellt. Wir haben jedoch als Zulieferer auch die Power solche Systeme im Aftermarket weiter auszubauen. Mit Jaltest Diagnostics verf\u00fcgen wir bereits \u00fcber ein Remote-Diagnosetool. Letztendlich m\u00fcssen wir den freien Werkst\u00e4tten die geeigneten Instrumente an die Hand geben, um wettbewerbsf\u00e4hig zu bleiben\u201c<\/em>, erg\u00e4nzt Schl\u00fcter.<\/p>\n<blockquote class=\"khm-quote\"><p>Wir haben als Zulieferer auch die Power Systeme zur Prozessoptimierung im Aftermarket weiter auszubauen. (Florian Schl\u00fcter) <\/p><\/blockquote>\n<figure id=\"attachment_38981\" aria-describedby=\"caption-attachment-38981\" style=\"width: 420px\" class=\"wp-caption alignleft\"><a href=\"https:\/\/static.krafthand-truck.de\/uploads\/2024\/03\/Cojali_Jaltest_Geraet.jpg\" target=\"_blank\" rel=\"noopener\"><img loading=\"lazy\" decoding=\"async\" class=\"wp-image-38981\" src=\"https:\/\/static.krafthand-truck.de\/uploads\/2024\/03\/Cojali_Jaltest_Geraet-300x185.jpg\" alt=\"\" width=\"420\" height=\"259\" srcset=\"https:\/\/static.krafthand-truck.de\/uploads\/2024\/03\/Cojali_Jaltest_Geraet-300x185.jpg 300w, https:\/\/static.krafthand-truck.de\/uploads\/2024\/03\/Cojali_Jaltest_Geraet-1024x631.jpg 1024w, https:\/\/static.krafthand-truck.de\/uploads\/2024\/03\/Cojali_Jaltest_Geraet-768x473.jpg 768w, https:\/\/static.krafthand-truck.de\/uploads\/2024\/03\/Cojali_Jaltest_Geraet.jpg 1200w\" sizes=\"(max-width: 420px) 100vw, 420px\" \/><\/a><figcaption id=\"caption-attachment-38981\" class=\"wp-caption-text\">Mehrmarken-Tester und Softwareanwendung von Jaltest (Cojali). Bild: Georg Blenk<\/figcaption><\/figure>\n<p>Wann kommt also welches Fahrzeug, mit welchen Fehlern rein? Hier gilt es gezielt Ineffizienzen abzubauen, da sind sich alle einig. Dies betrifft die Kommunikation mit dem Kunden, aber auch die Dokumentation, beispielsweise der Fahrzeughistorie und der Reparaturauftr\u00e4ge. <em>\u201eIn der Aftermarket-Landschaft m\u00fcssen wir alle neue Wege der Zusammenarbeit finden \u2013 insbesondere der digitalen Zusammenarbeit\u201c<\/em>, so Elmar Bauer. So lie\u00dfe sich der tats\u00e4chliche Vorsprung, den OES-Werkst\u00e4tten prozessseitig haben, abbauen. <em>\u201eWenn freie Nfz-Werkst\u00e4tten bereit sind mitzugehen, neue Technologien und Gesch\u00e4ftsmodelle zu integrieren, haben sie allerbeste Perspektiven. Hinzu kommt der Vorteil der Mehrmarken-Kompetenz und des Preismodells\u201c<\/em>, so Schl\u00fcter. <em>\u201eLkw-Fahrer und Werkst\u00e4tten m\u00fcssen fr\u00fchzeitig und umfassend \u00fcber das jeweilige Fahrzeug informiert sein. Mit der Optimierung der Datenvernetzung, der Prozesse, des Flottenmanagements (Predictive-Maintenance) lassen sich auch die TCO optimieren\u201c<\/em>, so Bauer und erg\u00e4nzt: <em>\u201eF\u00fcr Flottenbetreiber hat ZF unter anderem seine digitale Flottenmanagementplattform Scalar entwickelt, die den Betrieb von Fahrzeugflotten durch KI-basierte, automatisierte Entscheidungsfindung verbessert und so f\u00fcr hohe Effizienz sorgt. Kombiniert mit ihrem Werkstattkonzept f\u00fcr den Nutzfahrzeugmarkt, ZF (pro)Service, bietet ZF Aftermarket ein umfangreiches Produktprogramm und das richtige Know-how, um die Nutzfahrzeugbetriebe zukunftsf\u00e4hig zu machen. Unser Ziel ist es, ein starker Partner f\u00fcr flottenorientierte Nutzfahrzeugbetriebe zu sein. Denn nur durch das perfekte Zusammenspiel von Werkstatt, Handel und Teilelieferanten lassen sich die Vorteile des IAM hier voll ausspielen.&#8220;<\/em><\/p>\n<h3>Geeignetes Fachpersonal<\/h3>\n<figure id=\"attachment_38982\" aria-describedby=\"caption-attachment-38982\" style=\"width: 420px\" class=\"wp-caption alignright\"><a href=\"https:\/\/static.krafthand-truck.de\/uploads\/2024\/03\/ZF_Scalar.jpg\" target=\"_blank\" rel=\"noopener\"><img loading=\"lazy\" decoding=\"async\" class=\"wp-image-38982\" src=\"https:\/\/static.krafthand-truck.de\/uploads\/2024\/03\/ZF_Scalar-300x184.jpg\" alt=\"\" width=\"420\" height=\"257\" srcset=\"https:\/\/static.krafthand-truck.de\/uploads\/2024\/03\/ZF_Scalar-300x184.jpg 300w, https:\/\/static.krafthand-truck.de\/uploads\/2024\/03\/ZF_Scalar-1024x627.jpg 1024w, https:\/\/static.krafthand-truck.de\/uploads\/2024\/03\/ZF_Scalar-768x470.jpg 768w, https:\/\/static.krafthand-truck.de\/uploads\/2024\/03\/ZF_Scalar.jpg 1200w\" sizes=\"(max-width: 420px) 100vw, 420px\" \/><\/a><figcaption id=\"caption-attachment-38982\" class=\"wp-caption-text\">ZF Scalar \u2013 Orchestrierung der Flotte: Nfz-Werkst\u00e4tten werden immer mehr ins Flottenmanagement eingebunden. Schon heute k\u00f6nnen zahlreiche Fahrzeug- und Wartungsdaten (Remote-Data-Hub) abgerufen werden. Bild: ZF<\/figcaption><\/figure>\n<p>Grunds\u00e4tzlich befindet sich die Nfz-Werkstatt bei der Suche nach geeignetem Personal im Wettbewerb mit den OEMs und der Zulieferindustrie. Das f\u00e4ngt schon bei den tendenziell h\u00f6heren Geh\u00e4ltern und anderen Benefits an. Doch lokale Nfz-Betriebe k\u00f6nnen mit einer Vielzahl anderer Vorteile punkten. So ist oftmals kein Umzug n\u00f6tig, der Weg zum Arbeitgeber ist mitunter k\u00fcrzer. Zudem k\u00f6nnen Arbeitszeiten individueller und auf \u201aZuruf\u2018 gestaltet werden, das Umfeld ist oftmals famili\u00e4r gepr\u00e4gt, die Entscheidungswege sind kurz. <em>\u201cWir geben den freien Werkstattbetrieben die notwendigen technischen Hilfsmittel und das entsprechende Know-how an die Hand\u201c<\/em>, so Florian Schl\u00fcter. Im Grunde m\u00fcsse man sich laut Schl\u00fcter in Hinblick auf die zunehmende Globalisierung zuk\u00fcnftig sowieso mit anderen Marken und Technologien auseinandersetzen, bis hin zu chinesischen Fahrzeugen.<\/p>\n<blockquote class=\"khm-quote\"><p>Die Integration des Trailers in das Gesamtsystem \u201aFahrzeug\u2018 mischt die Karten komplett neu, mit gro\u00dfen Potenzialen f\u00fcr freie Werkst\u00e4tten. (Elmar Bauer) <\/p><\/blockquote>\n<p>Wo sich ebenfalls alle einig sind: Es bedarf dringend mehr Kommunikations- und Aufkl\u00e4rungsarbeit in Hinblick auf die Nachwuchsf\u00f6rderung und das Recruiting in Sachen Lkw-Service. Schlie\u00dflich halten l\u00e4ngst neue, spannende Technologien Einzug. Das Thema Lkw m\u00fcsse ganzheitlich betrachtet werden, das Zusatzgesch\u00e4ft mit Trailern nimmt immer mehr Fahrt auf. Man denke nur an die Entwicklung des eTrailer, der integrativer Bestandteil des gesamten Zuges ist \u2013 egal ob Diesel-Zugmaschine, BEV oder FCEV. Die Entwicklungsdynamik in Sachen alternative Antriebe und Digitalisierung ist tats\u00e4chlich immens. Das klingt f\u00fcr das Berufsbild mehr als spannend! <em>\u201eWir haben das Thema im Rahmen unserer Initiative \u201aQualit\u00e4t ist Mehrwert aufgegriffen\u201c<\/em>, so Kristiane Guth, und Thomas Fischer erg\u00e4nzt: <em>\u201eWir brauchen mehr Aufmerksamkeit, dass es den IAM \u00fcberhaupt gibt.\u201c<\/em><\/p>\n<h3>Der Teilehandel<\/h3>\n<p>Der Wettbewerb im Bereich Lkw-Teile ist intensiver geworden.<em> \u201eDer Einsatz von Ersatzeilen in Erstausr\u00fcster-Qualit\u00e4t ist in puncto Passgenauigkeit, Lebensdauer und Sicherheit dabei die beste Wahl \u2013 und der ideale Schutz vor nachtr\u00e4glichen Reklamationen. Eine Reparatur oder Wartung am Fahrzeug ist nur dann preiswert, wenn die Qualit\u00e4t der verwendeten Produkte und der Werkstattarbeit stimmt. Nur dann ist ein Flottenfahrzeug ohne Folgekosten l\u00e4nger zuverl\u00e4ssig, sicher und damit wirtschaftlich unterwegs\u201c<\/em>, berichtet Elmar Bauer. Zus\u00e4tzlich spielten laut Florian Schl\u00fcter auch die Eigenmarken der wenigen gro\u00dfen Teileh\u00e4ndler eine zunehmende Rolle. Der Markt wird wachsen und sich konsolidieren, wenngleich unterschiedliche ERP-Systeme Probleme bereiten werden. Der freie Teilehandel kann jedoch seine Vorteile weiter ausspielen und entsprechend Marken \u2013 und Mehrmarkenbetriebe mit Produkten, attraktiven Preismodellen, technischem-Know-how und zuk\u00fcnftig auch mit L\u00f6sungen in Richtung Fahrzeugmanagement bedienen. <em>\u201eOE kann eben nur eine Marke\u201c<\/em>, so Bauer. <em>\u201eAls Aftermarket-Division eines der f\u00fchrenden Entwickler und Hersteller von Originalteilen sehen wir uns gefordert, daf\u00fcr zu sorgen, dass die beste Produktqualit\u00e4t beim Verbraucher ankommt\u201c<\/em>, so Bauer. <em>\u201eMit den Marken Sachs, Lemf\u00f6rder, TRW und Wabco deckt ZF Aftermarket einen gro\u00dfen Teil des Ersatzteilbedarfs eines Werkstattbetriebs ab.\u201c<\/em><\/p>\n<h3>Nachhaltiges (Teile-) handeln<\/h3>\n<figure id=\"attachment_38984\" aria-describedby=\"caption-attachment-38984\" style=\"width: 220px\" class=\"wp-caption alignleft\"><a href=\"https:\/\/static.krafthand-truck.de\/uploads\/2024\/03\/Thomas_Fischer_Qualitaet_ist_Mehrwert.jpg\" target=\"_blank\" rel=\"noopener\"><img loading=\"lazy\" decoding=\"async\" class=\"wp-image-38984\" src=\"https:\/\/static.krafthand-truck.de\/uploads\/2024\/03\/Thomas_Fischer_Qualitaet_ist_Mehrwert-250x300.jpg\" alt=\"\" width=\"220\" height=\"264\" srcset=\"https:\/\/static.krafthand-truck.de\/uploads\/2024\/03\/Thomas_Fischer_Qualitaet_ist_Mehrwert-250x300.jpg 250w, https:\/\/static.krafthand-truck.de\/uploads\/2024\/03\/Thomas_Fischer_Qualitaet_ist_Mehrwert-768x921.jpg 768w, https:\/\/static.krafthand-truck.de\/uploads\/2024\/03\/Thomas_Fischer_Qualitaet_ist_Mehrwert.jpg 800w\" sizes=\"(max-width: 220px) 100vw, 220px\" \/><\/a><figcaption id=\"caption-attachment-38984\" class=\"wp-caption-text\">Initiative \u201aQualit\u00e4t ist Mehrwert\u2018: <em>\u201eWir haben das Thema Nfz-Aftermarket auf unserer Agenda und arbeiten mit unseren Mitgliedern an den Herausforderungen und Chancen\u201c<\/em>, so Thomas Fischer. Bild: Qualit\u00e4t ist Mehrwert<\/figcaption><\/figure>\n<p>Nachhaltigkeit ist mehr als ein Schlagwort, es ist l\u00e4ngst ein Mehrwert f\u00fcr alle Beteiligten. <em>\u201eDas Thema Nachhaltigkeit wird in Zukunft f\u00fcr alle Teile der Wertsch\u00f6pfungs- und Lieferkette von entscheidender Bedeutung sein. Dazu geh\u00f6ren auch Flotten und die f\u00fcr den Service verantwortlichen Werkst\u00e4tten\u201c<\/em>, erkl\u00e4rt Elmar Bauer. <em>\u201eF\u00fcr viele Kunden wird das Thema Nachhaltigkeit bei der Fahrzeugreparatur immer wichtiger. Deshalb sollten Werkst\u00e4tten aktiv wiederaufgearbeitete Teile nutzen und die Altteile (\u201aCores\u2018) zur\u00fcckgeben, denn echte Kreislaufwirtschaft kann nur gelingen, wenn wir alle zusammenarbeiten. Aufarbeitung ist ein wesentlicher Bestandteil dieses Ansatzes und hat bei ZF bereits eine lange Tradition.\u201c<\/em> Auch Knorr-Bremse ist hier besonders aktiv: <em>\u201eWir k\u00fcmmern uns bereits seit 2015 in unserem Remanufacturing-Werk im tschechischen Liberec unter anderem um die Aufbereitung von EBS-Komponenten, um Bremss\u00e4ttel oder Kompressoren. Von den rund 10.000 Artikeln, die wir im Aftermarket anbieten, sind mehr als 1.000 davon aufgearbeitete Produkte unserer Marke EconX, mit steigender Tendenz\u201c<\/em>, so Schl\u00fcter. Im \u00dcbrigen vollziehen alle aufbereiteten Teile den gleichen end-of-line-test wie die neuen Teile und werden auf Erstausr\u00fcstungs-Montage-Linien gefertigt. \u00dcber Jaltest Tools bietet Knorr-Bremse beispielsweise auch eine ECU-Testvorrichtung an, die eine Diagnose und Reparatur von Steuerger\u00e4ten durch Fachpersonal erm\u00f6glicht.<br \/>\nAuch das Thema Teile-Verpackung spielt eine Rolle, wobei es eher um die Optimierung des Versandes und damit die Reduzierung von Verpackungsmaterial durch Reduzierung von Expressversendungen geht.<\/p>\n<h3>Fazit und Erfolgsfaktoren<\/h3>\n<p>Bei den Anforderungen an die Nfz-Werkst\u00e4tten decken sich die Aussagen. <em>\u201eDie Werkst\u00e4tten m\u00fcssen kontinuierlich an ihren Prozessen und Schnittstellen mit dem Kunden arbeiten. Zudem braucht es starke Partnerschaften im Bereich Systemkompetenz, neue Technologien und Datenmanagement. Hier sehen wir uns als Zulieferer mit in der Pflicht\u201c<\/em>, erkl\u00e4rt Elmar Bauer. Die freien Werkst\u00e4tten m\u00fcssten dabei ihren Kostenvorteil ausspielen, aber auch die Kommunikation verbessern. In dieselbe Kerbe schl\u00e4gt Florian Schl\u00fcter von Knorr-Bremse: <em>\u201eOptimierte Prozesse sind das \u201aA und O\u2019 f\u00fcr eine Effizienzsteigerung, die in Zukunft noch mehr an Bedeutung gewinnen wird. Wir als Zulieferer sind daher gefragt, Know-how- und softwareseitig einen entscheidenden Beitrag zu leisten. Zudem m\u00fcssen wir allesamt weiterhin daran arbeiten, den Job in der Werkstatt noch attraktiver zu machen. Ich bin mir im \u00dcbrigen sicher, dass freie Nfz-Betriebe, die voran gehen, eine hochinteressante Zukunftsperspektive haben!\u201c<\/em><\/p>\n<p><i>Den Beitrag finden Sie auch in der Print-Ausgabe 1-2024 der <a href=\"https:\/\/www.krafthand.de\/truck\/magazin\/\" title=\"Zum Magazin\">Krafthand-Truck<\/a>.<\/i><\/p>\r\n\t\t\t\t<div class=\"post-author\">\r\n\t\t\t\t\t<div class=\"khm-cp-author clearfix\">\r\n\t\t\t\t\t\t<div class=\"khm-cp-author__content\">\r\n\t\t\t\t\t\t\t\tKontakt zum Autor:<br \/>\r\n\t\t\t\t\t\t\t\t<strong>Georg Blenk<\/strong>, 08247 \/ 3007-45 |  <a href=\"mailto:georg.blenk@krafthand-medien.de\">georg.blenk@krafthand-medien.de<\/a>\r\n\t\t\t\t\t\t\t<div class=\"khm-cp-author__image\">\r\n\t\t\t\t\t\t<img src=\"https:\/\/static.krafthand-truck.de\/uploads\/2021\/01\/Blenk_6104-250x300-1-removebg-preview.png\" class=\"img-responsive\">\r\n\t\t\t\t\t<\/div>\r\n\t\t\t\t\t\t<\/div>\r\n\t\t\t\t\t<\/div>\r\n\t\t\t\t<\/div>\r\n\t\t\t\t","protected":false},"excerpt":{"rendered":"<p>K\u00fcrzlich fand der erste Roundtable Nfz-Aftermarket statt, initiiert von Krafthand-Truck und der Initiative \u201aQualit\u00e4t ist Mehrwert\u2018. Am \u201avirtuellen\u2018 Tisch sa\u00dfen neben dem Autor, Florian Schl\u00fcter, Director Aftermarket Strategy &#038; Business-Planning EMEA, bei Knorr-Bremse Systeme f\u00fcr Nutzfahrzeuge, Elmar Bauer, Leiter Netzwerkmanagement f\u00fcr den Bereich Nutzfahrzeuge bei ZF Aftermarket, Thomas Fischer, Vorstand AAMPACT e.V. sowie Kristiane Guth (Qualit\u00e4t ist Mehrwert.) Wo geht die Reise im Nutzfahrzeug-Aftermarket hin? Die Perspektiven sind vielversprechend, doch es gibt einige Herausforderungen! <span class=\"excerpt-more__dots\">&#8230;<\/span> <a class=\"excerpt-more__link\" href=\"https:\/\/www.krafthand.de\/truck\/artikel\/1-round-table-nfz-aftermarket-wo-geht-die-reise-hin-38970\/\" >weiter<\/a><\/p>\n","protected":false},"author":9,"featured_media":38972,"comment_status":"closed","ping_status":"closed","sticky":false,"template":"","format":"standard","meta":{"footnotes":""},"categories":[4238,4235],"tags":[4782,186,4118,5878,187],"settings":[3524,4766,3523],"class_list":["post-38970","post","type-post","status-publish","format-standard","has-post-thumbnail","hentry","category-koepfe","category-unternehmen","tag-cojali","tag-knorr-bremse","tag-qualitaet-ist-mehrwert","tag-roundtable","tag-zf"],"yoast_head":"<!-- This site is optimized with the Yoast SEO plugin v27.3 - https:\/\/yoast.com\/product\/yoast-seo-wordpress\/ -->\n<title>1# Roundtable-Nfz-Aftermarket - Krafthand-Truck<\/title>\n<meta name=\"description\" content=\"K\u00fcrzlich fand der erste Roundtable Nfz-Aftermarket statt, initiiert von Krafthand-Truck und der Initiative \u201aQualit\u00e4t ist Mehrwert\u2018.\" \/>\n<meta name=\"robots\" content=\"index, follow, max-snippet:-1, max-image-preview:large, max-video-preview:-1\" \/>\n<link rel=\"canonical\" href=\"https:\/\/www.krafthand.de\/truck\/artikel\/1-round-table-nfz-aftermarket-wo-geht-die-reise-hin-38970\/\" \/>\n<meta property=\"og:locale\" content=\"de_DE\" \/>\n<meta property=\"og:type\" content=\"article\" \/>\n<meta property=\"og:title\" content=\"1# Roundtable-Nfz-Aftermarket - Krafthand-Truck\" \/>\n<meta property=\"og:description\" content=\"K\u00fcrzlich fand der erste Roundtable Nfz-Aftermarket statt, initiiert von Krafthand-Truck und der Initiative \u201aQualit\u00e4t ist Mehrwert\u2018.\" \/>\n<meta property=\"og:url\" content=\"https:\/\/www.krafthand-truck.de\/artikel\/1-round-table-nfz-aftermarket-wo-geht-die-reise-hin-38970\/\" \/>\n<meta property=\"og:site_name\" content=\"Krafthand-Truck\" \/>\n<meta property=\"article:published_time\" content=\"2024-03-06T07:14:03+00:00\" \/>\n<meta property=\"article:modified_time\" content=\"2024-03-06T07:26:53+00:00\" \/>\n<meta property=\"og:image\" content=\"https:\/\/static.krafthand-truck.de\/uploads\/2024\/03\/1_Roundtable_Aftermarket_Aufmacher.jpg\" \/>\n\t<meta property=\"og:image:width\" content=\"1200\" \/>\n\t<meta property=\"og:image:height\" content=\"597\" \/>\n\t<meta property=\"og:image:type\" content=\"image\/jpeg\" \/>\n<meta name=\"author\" content=\"georg.blenk@krafthand-medien.de\" \/>\n<meta name=\"twitter:card\" content=\"summary_large_image\" \/>\n<meta name=\"twitter:label1\" content=\"Verfasst von\" \/>\n\t<meta name=\"twitter:data1\" content=\"georg.blenk@krafthand-medien.de\" \/>\n\t<meta name=\"twitter:label2\" content=\"Gesch\u00e4tzte Lesezeit\" \/>\n\t<meta name=\"twitter:data2\" content=\"12\u00a0Minuten\" \/>\n<script type=\"application\/ld+json\" class=\"yoast-schema-graph\">{\"@context\":\"https:\\\/\\\/schema.org\",\"@graph\":[{\"@type\":\"Article\",\"@id\":\"https:\\\/\\\/www.krafthand.de\\\/truck\\\/artikel\\\/1-round-table-nfz-aftermarket-wo-geht-die-reise-hin-38970\\\/#article\",\"isPartOf\":{\"@id\":\"https:\\\/\\\/www.krafthand.de\\\/truck\\\/artikel\\\/1-round-table-nfz-aftermarket-wo-geht-die-reise-hin-38970\\\/\"},\"author\":{\"name\":\"georg.blenk@krafthand-medien.de\",\"@id\":\"https:\\\/\\\/www.krafthand.de\\\/truck\\\/#\\\/schema\\\/person\\\/51fa80b1c57034c4bf63f9f988fc24ce\"},\"headline\":\"#1 Round-Table Nfz-Aftermarket: Wo geht die Reise hin?\",\"datePublished\":\"2024-03-06T07:14:03+00:00\",\"dateModified\":\"2024-03-06T07:26:53+00:00\",\"mainEntityOfPage\":{\"@id\":\"https:\\\/\\\/www.krafthand.de\\\/truck\\\/artikel\\\/1-round-table-nfz-aftermarket-wo-geht-die-reise-hin-38970\\\/\"},\"wordCount\":1988,\"image\":{\"@id\":\"https:\\\/\\\/www.krafthand.de\\\/truck\\\/artikel\\\/1-round-table-nfz-aftermarket-wo-geht-die-reise-hin-38970\\\/#primaryimage\"},\"thumbnailUrl\":\"https:\\\/\\\/static.krafthand-truck.de\\\/uploads\\\/2024\\\/03\\\/1_Roundtable_Aftermarket_Aufmacher.jpg\",\"keywords\":[\"Cojali\",\"Knorr-Bremse\",\"Qualit\u00e4t ist Mehrwert\",\"Roundtable\",\"ZF\"],\"articleSection\":[\"K\u00f6pfe\\\/Personen\",\"Unternehmen\"],\"inLanguage\":\"de\"},{\"@type\":\"WebPage\",\"@id\":\"https:\\\/\\\/www.krafthand.de\\\/truck\\\/artikel\\\/1-round-table-nfz-aftermarket-wo-geht-die-reise-hin-38970\\\/\",\"url\":\"https:\\\/\\\/www.krafthand.de\\\/truck\\\/artikel\\\/1-round-table-nfz-aftermarket-wo-geht-die-reise-hin-38970\\\/\",\"name\":\"1# Roundtable-Nfz-Aftermarket - Krafthand-Truck\",\"isPartOf\":{\"@id\":\"https:\\\/\\\/www.krafthand.de\\\/truck\\\/#website\"},\"primaryImageOfPage\":{\"@id\":\"https:\\\/\\\/www.krafthand.de\\\/truck\\\/artikel\\\/1-round-table-nfz-aftermarket-wo-geht-die-reise-hin-38970\\\/#primaryimage\"},\"image\":{\"@id\":\"https:\\\/\\\/www.krafthand.de\\\/truck\\\/artikel\\\/1-round-table-nfz-aftermarket-wo-geht-die-reise-hin-38970\\\/#primaryimage\"},\"thumbnailUrl\":\"https:\\\/\\\/static.krafthand-truck.de\\\/uploads\\\/2024\\\/03\\\/1_Roundtable_Aftermarket_Aufmacher.jpg\",\"datePublished\":\"2024-03-06T07:14:03+00:00\",\"dateModified\":\"2024-03-06T07:26:53+00:00\",\"author\":{\"@id\":\"https:\\\/\\\/www.krafthand.de\\\/truck\\\/#\\\/schema\\\/person\\\/51fa80b1c57034c4bf63f9f988fc24ce\"},\"description\":\"K\u00fcrzlich fand der erste Roundtable Nfz-Aftermarket statt, initiiert von Krafthand-Truck und der Initiative \u201aQualit\u00e4t ist Mehrwert\u2018.\",\"breadcrumb\":{\"@id\":\"https:\\\/\\\/www.krafthand.de\\\/truck\\\/artikel\\\/1-round-table-nfz-aftermarket-wo-geht-die-reise-hin-38970\\\/#breadcrumb\"},\"inLanguage\":\"de\",\"potentialAction\":[{\"@type\":\"ReadAction\",\"target\":[\"https:\\\/\\\/www.krafthand.de\\\/truck\\\/artikel\\\/1-round-table-nfz-aftermarket-wo-geht-die-reise-hin-38970\\\/\"]}]},{\"@type\":\"ImageObject\",\"inLanguage\":\"de\",\"@id\":\"https:\\\/\\\/www.krafthand.de\\\/truck\\\/artikel\\\/1-round-table-nfz-aftermarket-wo-geht-die-reise-hin-38970\\\/#primaryimage\",\"url\":\"https:\\\/\\\/static.krafthand-truck.de\\\/uploads\\\/2024\\\/03\\\/1_Roundtable_Aftermarket_Aufmacher.jpg\",\"contentUrl\":\"https:\\\/\\\/static.krafthand-truck.de\\\/uploads\\\/2024\\\/03\\\/1_Roundtable_Aftermarket_Aufmacher.jpg\",\"width\":1200,\"height\":597},{\"@type\":\"BreadcrumbList\",\"@id\":\"https:\\\/\\\/www.krafthand.de\\\/truck\\\/artikel\\\/1-round-table-nfz-aftermarket-wo-geht-die-reise-hin-38970\\\/#breadcrumb\",\"itemListElement\":[{\"@type\":\"ListItem\",\"position\":1,\"name\":\"Krafthand-Truck\",\"item\":\"https:\\\/\\\/www.krafthand.de\\\/truck\\\/\"},{\"@type\":\"ListItem\",\"position\":2,\"name\":\"Nfz-Branche\",\"item\":\"https:\\\/\\\/www.krafthand.de\\\/truck\\\/kategorie\\\/branche\\\/\"},{\"@type\":\"ListItem\",\"position\":3,\"name\":\"K\u00f6pfe\\\/Personen\",\"item\":\"https:\\\/\\\/www.krafthand.de\\\/truck\\\/kategorie\\\/branche\\\/koepfe\\\/\"},{\"@type\":\"ListItem\",\"position\":4,\"name\":\"#1 Round-Table Nfz-Aftermarket: Wo geht die Reise hin?\"}]},{\"@type\":\"WebSite\",\"@id\":\"https:\\\/\\\/www.krafthand.de\\\/truck\\\/#website\",\"url\":\"https:\\\/\\\/www.krafthand.de\\\/truck\\\/\",\"name\":\"Krafthand-Truck\",\"description\":\"\",\"potentialAction\":[{\"@type\":\"SearchAction\",\"target\":{\"@type\":\"EntryPoint\",\"urlTemplate\":\"https:\\\/\\\/www.krafthand.de\\\/truck\\\/?s={search_term_string}\"},\"query-input\":{\"@type\":\"PropertyValueSpecification\",\"valueRequired\":true,\"valueName\":\"search_term_string\"}}],\"inLanguage\":\"de\"},{\"@type\":\"Person\",\"@id\":\"https:\\\/\\\/www.krafthand.de\\\/truck\\\/#\\\/schema\\\/person\\\/51fa80b1c57034c4bf63f9f988fc24ce\",\"name\":\"georg.blenk@krafthand-medien.de\",\"image\":{\"@type\":\"ImageObject\",\"inLanguage\":\"de\",\"@id\":\"https:\\\/\\\/secure.gravatar.com\\\/avatar\\\/93713c30affe0aa95d3a4130e499bb1abee2eb31adbdd9ce2aa1543538490215?s=96&d=mm&r=g\",\"url\":\"https:\\\/\\\/secure.gravatar.com\\\/avatar\\\/93713c30affe0aa95d3a4130e499bb1abee2eb31adbdd9ce2aa1543538490215?s=96&d=mm&r=g\",\"contentUrl\":\"https:\\\/\\\/secure.gravatar.com\\\/avatar\\\/93713c30affe0aa95d3a4130e499bb1abee2eb31adbdd9ce2aa1543538490215?s=96&d=mm&r=g\",\"caption\":\"georg.blenk@krafthand-medien.de\"}}]}<\/script>\n<!-- \/ Yoast SEO plugin. -->","yoast_head_json":{"title":"1# Roundtable-Nfz-Aftermarket - Krafthand-Truck","description":"K\u00fcrzlich fand der erste Roundtable Nfz-Aftermarket statt, initiiert von Krafthand-Truck und der Initiative \u201aQualit\u00e4t ist Mehrwert\u2018.","robots":{"index":"index","follow":"follow","max-snippet":"max-snippet:-1","max-image-preview":"max-image-preview:large","max-video-preview":"max-video-preview:-1"},"canonical":"https:\/\/www.krafthand.de\/truck\/artikel\/1-round-table-nfz-aftermarket-wo-geht-die-reise-hin-38970\/","og_locale":"de_DE","og_type":"article","og_title":"1# Roundtable-Nfz-Aftermarket - Krafthand-Truck","og_description":"K\u00fcrzlich fand der erste Roundtable Nfz-Aftermarket statt, initiiert von Krafthand-Truck und der Initiative \u201aQualit\u00e4t ist Mehrwert\u2018.","og_url":"https:\/\/www.krafthand-truck.de\/artikel\/1-round-table-nfz-aftermarket-wo-geht-die-reise-hin-38970\/","og_site_name":"Krafthand-Truck","article_published_time":"2024-03-06T07:14:03+00:00","article_modified_time":"2024-03-06T07:26:53+00:00","og_image":[{"width":1200,"height":597,"url":"https:\/\/static.krafthand-truck.de\/uploads\/2024\/03\/1_Roundtable_Aftermarket_Aufmacher.jpg","type":"image\/jpeg"}],"author":"georg.blenk@krafthand-medien.de","twitter_card":"summary_large_image","twitter_misc":{"Verfasst von":"georg.blenk@krafthand-medien.de","Gesch\u00e4tzte Lesezeit":"12\u00a0Minuten"},"schema":{"@context":"https:\/\/schema.org","@graph":[{"@type":"Article","@id":"https:\/\/www.krafthand.de\/truck\/artikel\/1-round-table-nfz-aftermarket-wo-geht-die-reise-hin-38970\/#article","isPartOf":{"@id":"https:\/\/www.krafthand.de\/truck\/artikel\/1-round-table-nfz-aftermarket-wo-geht-die-reise-hin-38970\/"},"author":{"name":"georg.blenk@krafthand-medien.de","@id":"https:\/\/www.krafthand.de\/truck\/#\/schema\/person\/51fa80b1c57034c4bf63f9f988fc24ce"},"headline":"#1 Round-Table Nfz-Aftermarket: Wo geht die Reise hin?","datePublished":"2024-03-06T07:14:03+00:00","dateModified":"2024-03-06T07:26:53+00:00","mainEntityOfPage":{"@id":"https:\/\/www.krafthand.de\/truck\/artikel\/1-round-table-nfz-aftermarket-wo-geht-die-reise-hin-38970\/"},"wordCount":1988,"image":{"@id":"https:\/\/www.krafthand.de\/truck\/artikel\/1-round-table-nfz-aftermarket-wo-geht-die-reise-hin-38970\/#primaryimage"},"thumbnailUrl":"https:\/\/static.krafthand-truck.de\/uploads\/2024\/03\/1_Roundtable_Aftermarket_Aufmacher.jpg","keywords":["Cojali","Knorr-Bremse","Qualit\u00e4t ist Mehrwert","Roundtable","ZF"],"articleSection":["K\u00f6pfe\/Personen","Unternehmen"],"inLanguage":"de"},{"@type":"WebPage","@id":"https:\/\/www.krafthand.de\/truck\/artikel\/1-round-table-nfz-aftermarket-wo-geht-die-reise-hin-38970\/","url":"https:\/\/www.krafthand.de\/truck\/artikel\/1-round-table-nfz-aftermarket-wo-geht-die-reise-hin-38970\/","name":"1# Roundtable-Nfz-Aftermarket - Krafthand-Truck","isPartOf":{"@id":"https:\/\/www.krafthand.de\/truck\/#website"},"primaryImageOfPage":{"@id":"https:\/\/www.krafthand.de\/truck\/artikel\/1-round-table-nfz-aftermarket-wo-geht-die-reise-hin-38970\/#primaryimage"},"image":{"@id":"https:\/\/www.krafthand.de\/truck\/artikel\/1-round-table-nfz-aftermarket-wo-geht-die-reise-hin-38970\/#primaryimage"},"thumbnailUrl":"https:\/\/static.krafthand-truck.de\/uploads\/2024\/03\/1_Roundtable_Aftermarket_Aufmacher.jpg","datePublished":"2024-03-06T07:14:03+00:00","dateModified":"2024-03-06T07:26:53+00:00","author":{"@id":"https:\/\/www.krafthand.de\/truck\/#\/schema\/person\/51fa80b1c57034c4bf63f9f988fc24ce"},"description":"K\u00fcrzlich fand der erste Roundtable Nfz-Aftermarket statt, initiiert von Krafthand-Truck und der Initiative \u201aQualit\u00e4t ist Mehrwert\u2018.","breadcrumb":{"@id":"https:\/\/www.krafthand.de\/truck\/artikel\/1-round-table-nfz-aftermarket-wo-geht-die-reise-hin-38970\/#breadcrumb"},"inLanguage":"de","potentialAction":[{"@type":"ReadAction","target":["https:\/\/www.krafthand.de\/truck\/artikel\/1-round-table-nfz-aftermarket-wo-geht-die-reise-hin-38970\/"]}]},{"@type":"ImageObject","inLanguage":"de","@id":"https:\/\/www.krafthand.de\/truck\/artikel\/1-round-table-nfz-aftermarket-wo-geht-die-reise-hin-38970\/#primaryimage","url":"https:\/\/static.krafthand-truck.de\/uploads\/2024\/03\/1_Roundtable_Aftermarket_Aufmacher.jpg","contentUrl":"https:\/\/static.krafthand-truck.de\/uploads\/2024\/03\/1_Roundtable_Aftermarket_Aufmacher.jpg","width":1200,"height":597},{"@type":"BreadcrumbList","@id":"https:\/\/www.krafthand.de\/truck\/artikel\/1-round-table-nfz-aftermarket-wo-geht-die-reise-hin-38970\/#breadcrumb","itemListElement":[{"@type":"ListItem","position":1,"name":"Krafthand-Truck","item":"https:\/\/www.krafthand.de\/truck\/"},{"@type":"ListItem","position":2,"name":"Nfz-Branche","item":"https:\/\/www.krafthand.de\/truck\/kategorie\/branche\/"},{"@type":"ListItem","position":3,"name":"K\u00f6pfe\/Personen","item":"https:\/\/www.krafthand.de\/truck\/kategorie\/branche\/koepfe\/"},{"@type":"ListItem","position":4,"name":"#1 Round-Table Nfz-Aftermarket: Wo geht die Reise hin?"}]},{"@type":"WebSite","@id":"https:\/\/www.krafthand.de\/truck\/#website","url":"https:\/\/www.krafthand.de\/truck\/","name":"Krafthand-Truck","description":"","potentialAction":[{"@type":"SearchAction","target":{"@type":"EntryPoint","urlTemplate":"https:\/\/www.krafthand.de\/truck\/?s={search_term_string}"},"query-input":{"@type":"PropertyValueSpecification","valueRequired":true,"valueName":"search_term_string"}}],"inLanguage":"de"},{"@type":"Person","@id":"https:\/\/www.krafthand.de\/truck\/#\/schema\/person\/51fa80b1c57034c4bf63f9f988fc24ce","name":"georg.blenk@krafthand-medien.de","image":{"@type":"ImageObject","inLanguage":"de","@id":"https:\/\/secure.gravatar.com\/avatar\/93713c30affe0aa95d3a4130e499bb1abee2eb31adbdd9ce2aa1543538490215?s=96&d=mm&r=g","url":"https:\/\/secure.gravatar.com\/avatar\/93713c30affe0aa95d3a4130e499bb1abee2eb31adbdd9ce2aa1543538490215?s=96&d=mm&r=g","contentUrl":"https:\/\/secure.gravatar.com\/avatar\/93713c30affe0aa95d3a4130e499bb1abee2eb31adbdd9ce2aa1543538490215?s=96&d=mm&r=g","caption":"georg.blenk@krafthand-medien.de"}}]}},"_links":{"self":[{"href":"https:\/\/www.krafthand.de\/truck\/wp-json\/wp\/v2\/posts\/38970","targetHints":{"allow":["GET"]}}],"collection":[{"href":"https:\/\/www.krafthand.de\/truck\/wp-json\/wp\/v2\/posts"}],"about":[{"href":"https:\/\/www.krafthand.de\/truck\/wp-json\/wp\/v2\/types\/post"}],"author":[{"embeddable":true,"href":"https:\/\/www.krafthand.de\/truck\/wp-json\/wp\/v2\/users\/9"}],"replies":[{"embeddable":true,"href":"https:\/\/www.krafthand.de\/truck\/wp-json\/wp\/v2\/comments?post=38970"}],"version-history":[{"count":20,"href":"https:\/\/www.krafthand.de\/truck\/wp-json\/wp\/v2\/posts\/38970\/revisions"}],"predecessor-version":[{"id":38997,"href":"https:\/\/www.krafthand.de\/truck\/wp-json\/wp\/v2\/posts\/38970\/revisions\/38997"}],"wp:featuredmedia":[{"embeddable":true,"href":"https:\/\/www.krafthand.de\/truck\/wp-json\/wp\/v2\/media\/38972"}],"wp:attachment":[{"href":"https:\/\/www.krafthand.de\/truck\/wp-json\/wp\/v2\/media?parent=38970"}],"wp:term":[{"taxonomy":"category","embeddable":true,"href":"https:\/\/www.krafthand.de\/truck\/wp-json\/wp\/v2\/categories?post=38970"},{"taxonomy":"post_tag","embeddable":true,"href":"https:\/\/www.krafthand.de\/truck\/wp-json\/wp\/v2\/tags?post=38970"},{"taxonomy":"settings","embeddable":true,"href":"https:\/\/www.krafthand.de\/truck\/wp-json\/wp\/v2\/settings?post=38970"}],"curies":[{"name":"wp","href":"https:\/\/api.w.org\/{rel}","templated":true}]}}