{"id":38954,"date":"2024-03-01T11:01:27","date_gmt":"2024-03-01T10:01:27","guid":{"rendered":"https:\/\/www.krafthand.de\/truck\/?p=38954"},"modified":"2024-03-01T11:19:31","modified_gmt":"2024-03-01T10:19:31","slug":"steyr-automotive-bestaetigt-schritt-zur-fortfuehrung-der-volta-trucks-produktion","status":"publish","type":"post","link":"https:\/\/www.krafthand.de\/truck\/artikel\/steyr-automotive-bestaetigt-schritt-zur-fortfuehrung-der-volta-trucks-produktion-38954\/","title":{"rendered":"Steyr Automotive best\u00e4tigt Schritt zur Fortf\u00fchrung der Volta-Trucks-Produktion."},"content":{"rendered":"<p>Der \u00f6sterreichische Nutzfahrzeugbauer Steyr Automotive hat bekanntgegeben, dass eine erste Vereinbarung zur Fortf\u00fchrung der Produktion von <a href=\"https:\/\/voltatrucks.com\/de\/\" target=\"_blank\" rel=\"noopener\">Volta-Trucks<\/a> Lkw unterzeichnet wurde. Volta-Trucks vermeldete am 17.Oktober 2023, dass das Unternehmen in die Insolvenz gehen m\u00fcsse. Ein Grund war ein ebenfalls zahlungsunf\u00e4higer Batterielieferant. Somit k\u00f6nnten die Produktionsziele nicht erreicht werden. Das schwedische Unternehmen lies seinen 16-Tonnen Truck Volta-Zero seit April 2023 bei Steyr Automotive fertigen. Nun werde man in Steyr mit der Produktion fortfahren. Die aktuelle Vereinbarung sei das Ergebnis intensiver Verhandlungen und einer konstruktiven Zusammenarbeit aller beteiligten Parteien, so eine Sprecherin von <a href=\"https:\/\/steyr-automotive.com\" target=\"_blank\" rel=\"noopener\">Steyr Automotive<\/a>.<\/p>\n<blockquote><p>&#8222;Wir sind \u00e4u\u00dferst erfreut \u00fcber die Unterzeichnung dieser Vereinbarung, da diese einen wichtigen Meilenstein f\u00fcr die Wiederaufnahme der Produktion in diesem f\u00fcr uns wichtigen Gesch\u00e4ftszweig darstellt. Wir sind mit unserem Team hochmotiviert diesen innovativen Lkw gemeinsam mit unserem Vertragspartner Volta Commercial Vehicles auf die Stra\u00dfe zu bringen,\u201c so die Gesch\u00e4ftsf\u00fchrung von Steyr Automotive.<\/p><\/blockquote>\n","protected":false},"excerpt":{"rendered":"<p>Der \u00f6sterreichische Zulieferer und Nutzfahrzeugbauer Steyr Automotive hat bekanntgegeben, dass eine erste Vereinbarung zur Fortf\u00fchrung der Produktion von Volta-Trucks Lkw unterzeichnet wurde. <span class=\"excerpt-more__dots\">&#8230;<\/span> <a class=\"excerpt-more__link\" href=\"https:\/\/www.krafthand.de\/truck\/artikel\/steyr-automotive-bestaetigt-schritt-zur-fortfuehrung-der-volta-trucks-produktion-38954\/\" >weiter<\/a><\/p>\n","protected":false},"author":9,"featured_media":26446,"comment_status":"closed","ping_status":"closed","sticky":false,"template":"","format":"standard","meta":{"footnotes":""},"categories":[4224,4235],"tags":[5875,5876,4175,4176],"settings":[3523],"class_list":["post-38954","post","type-post","status-publish","format-standard","has-post-thumbnail","hentry","category-e-antrieb","category-unternehmen","tag-steyr-automotive","tag-volta","tag-volta-zero","tag-volta-trucks"],"yoast_head":"<!-- This site is optimized with the Yoast SEO plugin v27.3 - https:\/\/yoast.com\/product\/yoast-seo-wordpress\/ -->\n<title>Steyr Automotive - Produktion des Volta Zero soll wieder starten<\/title>\n<meta name=\"description\" content=\"Steyr Automotive hat bekanntgegeben, dass eine erste Vereinbarung zur Fortf\u00fchrung der Produktion von Volta-Trucks Lkw unterzeichnet wurde.\" \/>\n<meta name=\"robots\" content=\"index, follow, max-snippet:-1, max-image-preview:large, max-video-preview:-1\" \/>\n<link rel=\"canonical\" href=\"https:\/\/www.krafthand.de\/truck\/artikel\/steyr-automotive-bestaetigt-schritt-zur-fortfuehrung-der-volta-trucks-produktion-38954\/\" \/>\n<meta property=\"og:locale\" content=\"de_DE\" \/>\n<meta property=\"og:type\" content=\"article\" \/>\n<meta property=\"og:title\" content=\"Steyr Automotive - Produktion des Volta Zero soll wieder starten\" \/>\n<meta property=\"og:description\" content=\"Steyr Automotive hat bekanntgegeben, dass eine erste Vereinbarung zur Fortf\u00fchrung der Produktion von Volta-Trucks Lkw unterzeichnet wurde.\" \/>\n<meta property=\"og:url\" content=\"https:\/\/www.krafthand-truck.de\/artikel\/steyr-automotive-bestaetigt-schritt-zur-fortfuehrung-der-volta-trucks-produktion-38954\/\" \/>\n<meta property=\"og:site_name\" content=\"Krafthand-Truck\" \/>\n<meta property=\"article:published_time\" content=\"2024-03-01T10:01:27+00:00\" \/>\n<meta property=\"article:modified_time\" content=\"2024-03-01T10:19:31+00:00\" \/>\n<meta property=\"og:image\" content=\"https:\/\/static.krafthand-truck.de\/uploads\/2021\/02\/Volta_Zero_DSCF1038.jpg\" \/>\n\t<meta property=\"og:image:width\" content=\"1000\" \/>\n\t<meta property=\"og:image:height\" content=\"687\" \/>\n\t<meta property=\"og:image:type\" content=\"image\/jpeg\" \/>\n<meta name=\"author\" content=\"georg.blenk@krafthand-medien.de\" \/>\n<meta name=\"twitter:card\" content=\"summary_large_image\" \/>\n<meta name=\"twitter:label1\" content=\"Verfasst von\" \/>\n\t<meta name=\"twitter:data1\" content=\"georg.blenk@krafthand-medien.de\" \/>\n\t<meta name=\"twitter:label2\" content=\"Gesch\u00e4tzte Lesezeit\" \/>\n\t<meta name=\"twitter:data2\" content=\"1\u00a0Minute\" \/>\n<script type=\"application\/ld+json\" class=\"yoast-schema-graph\">{\"@context\":\"https:\\\/\\\/schema.org\",\"@graph\":[{\"@type\":\"Article\",\"@id\":\"https:\\\/\\\/www.krafthand.de\\\/truck\\\/artikel\\\/steyr-automotive-bestaetigt-schritt-zur-fortfuehrung-der-volta-trucks-produktion-38954\\\/#article\",\"isPartOf\":{\"@id\":\"https:\\\/\\\/www.krafthand.de\\\/truck\\\/artikel\\\/steyr-automotive-bestaetigt-schritt-zur-fortfuehrung-der-volta-trucks-produktion-38954\\\/\"},\"author\":{\"name\":\"georg.blenk@krafthand-medien.de\",\"@id\":\"https:\\\/\\\/www.krafthand.de\\\/truck\\\/#\\\/schema\\\/person\\\/51fa80b1c57034c4bf63f9f988fc24ce\"},\"headline\":\"Steyr Automotive best\u00e4tigt Schritt zur Fortf\u00fchrung der Volta-Trucks-Produktion.\",\"datePublished\":\"2024-03-01T10:01:27+00:00\",\"dateModified\":\"2024-03-01T10:19:31+00:00\",\"mainEntityOfPage\":{\"@id\":\"https:\\\/\\\/www.krafthand.de\\\/truck\\\/artikel\\\/steyr-automotive-bestaetigt-schritt-zur-fortfuehrung-der-volta-trucks-produktion-38954\\\/\"},\"wordCount\":164,\"image\":{\"@id\":\"https:\\\/\\\/www.krafthand.de\\\/truck\\\/artikel\\\/steyr-automotive-bestaetigt-schritt-zur-fortfuehrung-der-volta-trucks-produktion-38954\\\/#primaryimage\"},\"thumbnailUrl\":\"https:\\\/\\\/static.krafthand-truck.de\\\/uploads\\\/2021\\\/02\\\/Volta_Zero_DSCF1038.jpg\",\"keywords\":[\"Steyr Automotive\",\"Volta\",\"Volta Zero\",\"Volta-Trucks\"],\"articleSection\":[\"E-Antrieb (BEV\\\/FCEV)\",\"Unternehmen\"],\"inLanguage\":\"de\"},{\"@type\":\"WebPage\",\"@id\":\"https:\\\/\\\/www.krafthand.de\\\/truck\\\/artikel\\\/steyr-automotive-bestaetigt-schritt-zur-fortfuehrung-der-volta-trucks-produktion-38954\\\/\",\"url\":\"https:\\\/\\\/www.krafthand.de\\\/truck\\\/artikel\\\/steyr-automotive-bestaetigt-schritt-zur-fortfuehrung-der-volta-trucks-produktion-38954\\\/\",\"name\":\"Steyr Automotive - Produktion des Volta Zero soll wieder starten\",\"isPartOf\":{\"@id\":\"https:\\\/\\\/www.krafthand.de\\\/truck\\\/#website\"},\"primaryImageOfPage\":{\"@id\":\"https:\\\/\\\/www.krafthand.de\\\/truck\\\/artikel\\\/steyr-automotive-bestaetigt-schritt-zur-fortfuehrung-der-volta-trucks-produktion-38954\\\/#primaryimage\"},\"image\":{\"@id\":\"https:\\\/\\\/www.krafthand.de\\\/truck\\\/artikel\\\/steyr-automotive-bestaetigt-schritt-zur-fortfuehrung-der-volta-trucks-produktion-38954\\\/#primaryimage\"},\"thumbnailUrl\":\"https:\\\/\\\/static.krafthand-truck.de\\\/uploads\\\/2021\\\/02\\\/Volta_Zero_DSCF1038.jpg\",\"datePublished\":\"2024-03-01T10:01:27+00:00\",\"dateModified\":\"2024-03-01T10:19:31+00:00\",\"author\":{\"@id\":\"https:\\\/\\\/www.krafthand.de\\\/truck\\\/#\\\/schema\\\/person\\\/51fa80b1c57034c4bf63f9f988fc24ce\"},\"description\":\"Steyr Automotive hat bekanntgegeben, dass eine erste Vereinbarung zur Fortf\u00fchrung der Produktion von Volta-Trucks Lkw unterzeichnet wurde.\",\"breadcrumb\":{\"@id\":\"https:\\\/\\\/www.krafthand.de\\\/truck\\\/artikel\\\/steyr-automotive-bestaetigt-schritt-zur-fortfuehrung-der-volta-trucks-produktion-38954\\\/#breadcrumb\"},\"inLanguage\":\"de\",\"potentialAction\":[{\"@type\":\"ReadAction\",\"target\":[\"https:\\\/\\\/www.krafthand.de\\\/truck\\\/artikel\\\/steyr-automotive-bestaetigt-schritt-zur-fortfuehrung-der-volta-trucks-produktion-38954\\\/\"]}]},{\"@type\":\"ImageObject\",\"inLanguage\":\"de\",\"@id\":\"https:\\\/\\\/www.krafthand.de\\\/truck\\\/artikel\\\/steyr-automotive-bestaetigt-schritt-zur-fortfuehrung-der-volta-trucks-produktion-38954\\\/#primaryimage\",\"url\":\"https:\\\/\\\/static.krafthand-truck.de\\\/uploads\\\/2021\\\/02\\\/Volta_Zero_DSCF1038.jpg\",\"contentUrl\":\"https:\\\/\\\/static.krafthand-truck.de\\\/uploads\\\/2021\\\/02\\\/Volta_Zero_DSCF1038.jpg\",\"width\":1000,\"height\":687,\"caption\":\"Volta Zero, E-Lkw\"},{\"@type\":\"BreadcrumbList\",\"@id\":\"https:\\\/\\\/www.krafthand.de\\\/truck\\\/artikel\\\/steyr-automotive-bestaetigt-schritt-zur-fortfuehrung-der-volta-trucks-produktion-38954\\\/#breadcrumb\",\"itemListElement\":[{\"@type\":\"ListItem\",\"position\":1,\"name\":\"Krafthand-Truck\",\"item\":\"https:\\\/\\\/www.krafthand.de\\\/truck\\\/\"},{\"@type\":\"ListItem\",\"position\":2,\"name\":\"Nfz-Branche\",\"item\":\"https:\\\/\\\/www.krafthand.de\\\/truck\\\/kategorie\\\/branche\\\/\"},{\"@type\":\"ListItem\",\"position\":3,\"name\":\"Unternehmen\",\"item\":\"https:\\\/\\\/www.krafthand.de\\\/truck\\\/kategorie\\\/branche\\\/unternehmen\\\/\"},{\"@type\":\"ListItem\",\"position\":4,\"name\":\"Steyr Automotive best\u00e4tigt Schritt zur Fortf\u00fchrung der Volta-Trucks-Produktion.\"}]},{\"@type\":\"WebSite\",\"@id\":\"https:\\\/\\\/www.krafthand.de\\\/truck\\\/#website\",\"url\":\"https:\\\/\\\/www.krafthand.de\\\/truck\\\/\",\"name\":\"Krafthand-Truck\",\"description\":\"\",\"potentialAction\":[{\"@type\":\"SearchAction\",\"target\":{\"@type\":\"EntryPoint\",\"urlTemplate\":\"https:\\\/\\\/www.krafthand.de\\\/truck\\\/?s={search_term_string}\"},\"query-input\":{\"@type\":\"PropertyValueSpecification\",\"valueRequired\":true,\"valueName\":\"search_term_string\"}}],\"inLanguage\":\"de\"},{\"@type\":\"Person\",\"@id\":\"https:\\\/\\\/www.krafthand.de\\\/truck\\\/#\\\/schema\\\/person\\\/51fa80b1c57034c4bf63f9f988fc24ce\",\"name\":\"georg.blenk@krafthand-medien.de\",\"image\":{\"@type\":\"ImageObject\",\"inLanguage\":\"de\",\"@id\":\"https:\\\/\\\/secure.gravatar.com\\\/avatar\\\/93713c30affe0aa95d3a4130e499bb1abee2eb31adbdd9ce2aa1543538490215?s=96&d=mm&r=g\",\"url\":\"https:\\\/\\\/secure.gravatar.com\\\/avatar\\\/93713c30affe0aa95d3a4130e499bb1abee2eb31adbdd9ce2aa1543538490215?s=96&d=mm&r=g\",\"contentUrl\":\"https:\\\/\\\/secure.gravatar.com\\\/avatar\\\/93713c30affe0aa95d3a4130e499bb1abee2eb31adbdd9ce2aa1543538490215?s=96&d=mm&r=g\",\"caption\":\"georg.blenk@krafthand-medien.de\"}}]}<\/script>\n<!-- \/ Yoast SEO plugin. -->","yoast_head_json":{"title":"Steyr Automotive - Produktion des Volta Zero soll wieder starten","description":"Steyr Automotive hat bekanntgegeben, dass eine erste Vereinbarung zur Fortf\u00fchrung der Produktion von Volta-Trucks Lkw unterzeichnet wurde.","robots":{"index":"index","follow":"follow","max-snippet":"max-snippet:-1","max-image-preview":"max-image-preview:large","max-video-preview":"max-video-preview:-1"},"canonical":"https:\/\/www.krafthand.de\/truck\/artikel\/steyr-automotive-bestaetigt-schritt-zur-fortfuehrung-der-volta-trucks-produktion-38954\/","og_locale":"de_DE","og_type":"article","og_title":"Steyr Automotive - Produktion des Volta Zero soll wieder starten","og_description":"Steyr Automotive hat bekanntgegeben, dass eine erste Vereinbarung zur Fortf\u00fchrung der Produktion von Volta-Trucks Lkw unterzeichnet wurde.","og_url":"https:\/\/www.krafthand-truck.de\/artikel\/steyr-automotive-bestaetigt-schritt-zur-fortfuehrung-der-volta-trucks-produktion-38954\/","og_site_name":"Krafthand-Truck","article_published_time":"2024-03-01T10:01:27+00:00","article_modified_time":"2024-03-01T10:19:31+00:00","og_image":[{"width":1000,"height":687,"url":"https:\/\/static.krafthand-truck.de\/uploads\/2021\/02\/Volta_Zero_DSCF1038.jpg","type":"image\/jpeg"}],"author":"georg.blenk@krafthand-medien.de","twitter_card":"summary_large_image","twitter_misc":{"Verfasst von":"georg.blenk@krafthand-medien.de","Gesch\u00e4tzte Lesezeit":"1\u00a0Minute"},"schema":{"@context":"https:\/\/schema.org","@graph":[{"@type":"Article","@id":"https:\/\/www.krafthand.de\/truck\/artikel\/steyr-automotive-bestaetigt-schritt-zur-fortfuehrung-der-volta-trucks-produktion-38954\/#article","isPartOf":{"@id":"https:\/\/www.krafthand.de\/truck\/artikel\/steyr-automotive-bestaetigt-schritt-zur-fortfuehrung-der-volta-trucks-produktion-38954\/"},"author":{"name":"georg.blenk@krafthand-medien.de","@id":"https:\/\/www.krafthand.de\/truck\/#\/schema\/person\/51fa80b1c57034c4bf63f9f988fc24ce"},"headline":"Steyr Automotive best\u00e4tigt Schritt zur Fortf\u00fchrung der Volta-Trucks-Produktion.","datePublished":"2024-03-01T10:01:27+00:00","dateModified":"2024-03-01T10:19:31+00:00","mainEntityOfPage":{"@id":"https:\/\/www.krafthand.de\/truck\/artikel\/steyr-automotive-bestaetigt-schritt-zur-fortfuehrung-der-volta-trucks-produktion-38954\/"},"wordCount":164,"image":{"@id":"https:\/\/www.krafthand.de\/truck\/artikel\/steyr-automotive-bestaetigt-schritt-zur-fortfuehrung-der-volta-trucks-produktion-38954\/#primaryimage"},"thumbnailUrl":"https:\/\/static.krafthand-truck.de\/uploads\/2021\/02\/Volta_Zero_DSCF1038.jpg","keywords":["Steyr Automotive","Volta","Volta Zero","Volta-Trucks"],"articleSection":["E-Antrieb (BEV\/FCEV)","Unternehmen"],"inLanguage":"de"},{"@type":"WebPage","@id":"https:\/\/www.krafthand.de\/truck\/artikel\/steyr-automotive-bestaetigt-schritt-zur-fortfuehrung-der-volta-trucks-produktion-38954\/","url":"https:\/\/www.krafthand.de\/truck\/artikel\/steyr-automotive-bestaetigt-schritt-zur-fortfuehrung-der-volta-trucks-produktion-38954\/","name":"Steyr Automotive - Produktion des Volta Zero soll wieder starten","isPartOf":{"@id":"https:\/\/www.krafthand.de\/truck\/#website"},"primaryImageOfPage":{"@id":"https:\/\/www.krafthand.de\/truck\/artikel\/steyr-automotive-bestaetigt-schritt-zur-fortfuehrung-der-volta-trucks-produktion-38954\/#primaryimage"},"image":{"@id":"https:\/\/www.krafthand.de\/truck\/artikel\/steyr-automotive-bestaetigt-schritt-zur-fortfuehrung-der-volta-trucks-produktion-38954\/#primaryimage"},"thumbnailUrl":"https:\/\/static.krafthand-truck.de\/uploads\/2021\/02\/Volta_Zero_DSCF1038.jpg","datePublished":"2024-03-01T10:01:27+00:00","dateModified":"2024-03-01T10:19:31+00:00","author":{"@id":"https:\/\/www.krafthand.de\/truck\/#\/schema\/person\/51fa80b1c57034c4bf63f9f988fc24ce"},"description":"Steyr Automotive hat bekanntgegeben, dass eine erste Vereinbarung zur Fortf\u00fchrung der Produktion von Volta-Trucks Lkw unterzeichnet wurde.","breadcrumb":{"@id":"https:\/\/www.krafthand.de\/truck\/artikel\/steyr-automotive-bestaetigt-schritt-zur-fortfuehrung-der-volta-trucks-produktion-38954\/#breadcrumb"},"inLanguage":"de","potentialAction":[{"@type":"ReadAction","target":["https:\/\/www.krafthand.de\/truck\/artikel\/steyr-automotive-bestaetigt-schritt-zur-fortfuehrung-der-volta-trucks-produktion-38954\/"]}]},{"@type":"ImageObject","inLanguage":"de","@id":"https:\/\/www.krafthand.de\/truck\/artikel\/steyr-automotive-bestaetigt-schritt-zur-fortfuehrung-der-volta-trucks-produktion-38954\/#primaryimage","url":"https:\/\/static.krafthand-truck.de\/uploads\/2021\/02\/Volta_Zero_DSCF1038.jpg","contentUrl":"https:\/\/static.krafthand-truck.de\/uploads\/2021\/02\/Volta_Zero_DSCF1038.jpg","width":1000,"height":687,"caption":"Volta Zero, E-Lkw"},{"@type":"BreadcrumbList","@id":"https:\/\/www.krafthand.de\/truck\/artikel\/steyr-automotive-bestaetigt-schritt-zur-fortfuehrung-der-volta-trucks-produktion-38954\/#breadcrumb","itemListElement":[{"@type":"ListItem","position":1,"name":"Krafthand-Truck","item":"https:\/\/www.krafthand.de\/truck\/"},{"@type":"ListItem","position":2,"name":"Nfz-Branche","item":"https:\/\/www.krafthand.de\/truck\/kategorie\/branche\/"},{"@type":"ListItem","position":3,"name":"Unternehmen","item":"https:\/\/www.krafthand.de\/truck\/kategorie\/branche\/unternehmen\/"},{"@type":"ListItem","position":4,"name":"Steyr Automotive best\u00e4tigt Schritt zur Fortf\u00fchrung der Volta-Trucks-Produktion."}]},{"@type":"WebSite","@id":"https:\/\/www.krafthand.de\/truck\/#website","url":"https:\/\/www.krafthand.de\/truck\/","name":"Krafthand-Truck","description":"","potentialAction":[{"@type":"SearchAction","target":{"@type":"EntryPoint","urlTemplate":"https:\/\/www.krafthand.de\/truck\/?s={search_term_string}"},"query-input":{"@type":"PropertyValueSpecification","valueRequired":true,"valueName":"search_term_string"}}],"inLanguage":"de"},{"@type":"Person","@id":"https:\/\/www.krafthand.de\/truck\/#\/schema\/person\/51fa80b1c57034c4bf63f9f988fc24ce","name":"georg.blenk@krafthand-medien.de","image":{"@type":"ImageObject","inLanguage":"de","@id":"https:\/\/secure.gravatar.com\/avatar\/93713c30affe0aa95d3a4130e499bb1abee2eb31adbdd9ce2aa1543538490215?s=96&d=mm&r=g","url":"https:\/\/secure.gravatar.com\/avatar\/93713c30affe0aa95d3a4130e499bb1abee2eb31adbdd9ce2aa1543538490215?s=96&d=mm&r=g","contentUrl":"https:\/\/secure.gravatar.com\/avatar\/93713c30affe0aa95d3a4130e499bb1abee2eb31adbdd9ce2aa1543538490215?s=96&d=mm&r=g","caption":"georg.blenk@krafthand-medien.de"}}]}},"_links":{"self":[{"href":"https:\/\/www.krafthand.de\/truck\/wp-json\/wp\/v2\/posts\/38954","targetHints":{"allow":["GET"]}}],"collection":[{"href":"https:\/\/www.krafthand.de\/truck\/wp-json\/wp\/v2\/posts"}],"about":[{"href":"https:\/\/www.krafthand.de\/truck\/wp-json\/wp\/v2\/types\/post"}],"author":[{"embeddable":true,"href":"https:\/\/www.krafthand.de\/truck\/wp-json\/wp\/v2\/users\/9"}],"replies":[{"embeddable":true,"href":"https:\/\/www.krafthand.de\/truck\/wp-json\/wp\/v2\/comments?post=38954"}],"version-history":[{"count":9,"href":"https:\/\/www.krafthand.de\/truck\/wp-json\/wp\/v2\/posts\/38954\/revisions"}],"predecessor-version":[{"id":38963,"href":"https:\/\/www.krafthand.de\/truck\/wp-json\/wp\/v2\/posts\/38954\/revisions\/38963"}],"wp:featuredmedia":[{"embeddable":true,"href":"https:\/\/www.krafthand.de\/truck\/wp-json\/wp\/v2\/media\/26446"}],"wp:attachment":[{"href":"https:\/\/www.krafthand.de\/truck\/wp-json\/wp\/v2\/media?parent=38954"}],"wp:term":[{"taxonomy":"category","embeddable":true,"href":"https:\/\/www.krafthand.de\/truck\/wp-json\/wp\/v2\/categories?post=38954"},{"taxonomy":"post_tag","embeddable":true,"href":"https:\/\/www.krafthand.de\/truck\/wp-json\/wp\/v2\/tags?post=38954"},{"taxonomy":"settings","embeddable":true,"href":"https:\/\/www.krafthand.de\/truck\/wp-json\/wp\/v2\/settings?post=38954"}],"curies":[{"name":"wp","href":"https:\/\/api.w.org\/{rel}","templated":true}]}}