{"id":38905,"date":"2024-02-23T12:57:05","date_gmt":"2024-02-23T11:57:05","guid":{"rendered":"https:\/\/www.krafthand.de\/truck\/?p=38905"},"modified":"2024-02-23T12:59:04","modified_gmt":"2024-02-23T11:59:04","slug":"man-plant-weitere-batterie-reparaturzentren-in-europa","status":"publish","type":"post","link":"https:\/\/www.krafthand.de\/truck\/artikel\/man-plant-weitere-batterie-reparaturzentren-in-europa-38905\/","title":{"rendered":"MAN plant weitere Batterie-Reparaturzentren in Europa"},"content":{"rendered":"<p>In den Jahren 2024 und 2025 m\u00f6chte MAN Truck &amp; Bus weitere Batterie-Reparaturzentren in Italien, D\u00e4nemark\/Norwegen, \u00d6sterreich, Belgien, Niederlande, Frankreich, Polen und UK aufbauen. Weitere L\u00e4nder in Europa seien in Planung. Daf\u00fcr werden laut MAN in den n\u00e4chsten zwei Jahren Investitionen in Millionenh\u00f6he get\u00e4tigt. Zwei Batterie-Reparaturzentren sind in Deutschland (Standort Hannover-Laatzen) und Spanien (Barcelona) bereits in Betrieb.<\/p>\n<p>Das Ausrollen der Battery-Repair-Hubs in Europa sei laut <a href=\"https:\/\/www.man.eu\/corporate\/de\/homepage.html\" target=\"_blank\" rel=\"noopener\">MAN<\/a> notwendig, weil 2024 die ersten Einheiten der neuen MAN eTruck Generation an Kunden ausgeliefert werden. \u00dcber 1.000 batterie-elektrische MAN Stadtbusse sowie mehr als 2.400 rein elektrische MAN Vans sind bereits auf Europas Stra\u00dfen unterwegs. Mit dem Hochlauf der Produktion des MAN eTrucks w\u00fcrde die elektrische Fahrzeugpopulation in den kommenden Jahren weiter signifikant steigen. Darauf bereitet sich der M\u00fcnchner Nutzfahrzeughersteller nun intensiv innerhalb seiner Service-Organisation vor.<\/p>\n<blockquote><p>\u201eDie Batteriereparatur ist f\u00fcr MAN eine Notwendigkeit, um die Wirtschaftlichkeit und Einsaztbereitschaft der Elektro-Fahrzeuge unserer Kunden auf hohem Niveau sicherzustellen. Dar\u00fcber hinaus leisten wir einen gro\u00dfen Beitrag zum Closed-Loop-Ansatz der Traktionsbatterien, denn das Batterieleben im Fahrzeug wird dadurch verl\u00e4ngert, was wichtige Ressourcen schont\u201c, sagt Christopher Kunstmann, Senior Vice President Customer Service Management bei MAN Truck &amp; Bus.<\/p><\/blockquote>\n<p>Das erste Batterie-Reparaturzentrum und der damit verbundene Know-How-Aufbau, was die Instandsetzung von Batterien betrifft, datiert auf das Jahr 2020. Die ersten Pilotinstandsetzungen und Prozessdokumentationen erfolgten f\u00fcr die Batterie des elektrischen Transporters MAN eTGE, der 2018 seinen Marktstart hatte. Darauf folgten die Batteriepacks des Verteiler-Lkw MAN eTGM, der ab 2020 in einer Kleinserie aufgelegt wurde, sowie der Serienstart des elektrischen Stadtbuses MAN Lion\u2019s City E &#8211; ebenfalls im Jahr 2020. F\u00fcr all diese unterschiedlichen Batterien wurden jeweils Reparaturschritte erprobt, Mitarbeiter qualifiziert, Reparaturanleitungen erstellt und Anforderungen an den Arbeitsplatz festgelegt.<\/p>\n<figure id=\"attachment_38910\" aria-describedby=\"caption-attachment-38910\" style=\"width: 420px\" class=\"wp-caption alignleft\"><a href=\"https:\/\/static.krafthand-truck.de\/uploads\/2024\/02\/MAN_Lkw_Batteriereparatur_02.jpg\" target=\"_blank\" rel=\"noopener\"><img fetchpriority=\"high\" decoding=\"async\" class=\"wp-image-38910\" src=\"https:\/\/static.krafthand-truck.de\/uploads\/2024\/02\/MAN_Lkw_Batteriereparatur_02-300x200.jpg\" alt=\"\" width=\"420\" height=\"280\" srcset=\"https:\/\/static.krafthand-truck.de\/uploads\/2024\/02\/MAN_Lkw_Batteriereparatur_02-300x200.jpg 300w, https:\/\/static.krafthand-truck.de\/uploads\/2024\/02\/MAN_Lkw_Batteriereparatur_02-1024x683.jpg 1024w, https:\/\/static.krafthand-truck.de\/uploads\/2024\/02\/MAN_Lkw_Batteriereparatur_02-768x512.jpg 768w, https:\/\/static.krafthand-truck.de\/uploads\/2024\/02\/MAN_Lkw_Batteriereparatur_02.jpg 1200w\" sizes=\"(max-width: 420px) 100vw, 420px\" \/><\/a><figcaption id=\"caption-attachment-38910\" class=\"wp-caption-text\">Zustandspr\u00fcfung einer Lkw-Batterie im MAN Batterie-Reparaturzentrum Hannover-Laatzen.<\/figcaption><\/figure>\n<p>Das Wissen, das im ersten MAN Batterie-Reparaturzentrum in Hannover-Laatzen aufgebaut wurde, wird jetzt sukzessive in die weiteren M\u00e4rkte \u00fcbertragen. Perspektivisch soll in jedem Markt, in dem MAN mit batterie-elektrischen Nutzfahrzeugen vertreten ist, ein Battery-Repair-Hub betrieben werden. Durch kurze Transportwege und bestens geschulte Techniker vor Ort kann damit eine schnelle Instandsetzung der Batterie gew\u00e4hrleistet werden. Das f\u00fchrt zu geringen Standzeiten des Fahrzeugs.<\/p>\n<p>&nbsp;<\/p>\n<h3>Standorte m\u00fcssen bestimmte Kriterien erf\u00fcllen<\/h3>\n<p>Ein Batterie-Reparaturzentrum hat bei MAN bestimmte Kriterien zu erf\u00fcllen, die sich aus der Praxiserfahrung sowie aus gesetzlichen Normen in den jeweiligen L\u00e4ndern ergeben. Zum einen ist das entsprechende Hochvolt- und Spezialwerkzeug erforderlich, das f\u00fcr den Umgang mit den jeweiligen Batterietypen der Fahrzeuge ben\u00f6tigt wird. Au\u00dferdem muss f\u00fcr die dort arbeitenden Elektrofachkr\u00e4fte spezielle Schutzausr\u00fcstung vorhanden sein. Auch die R\u00e4umlichkeiten halten bestimmte Anforderungen ein, z.B. Zugangskontrolle, Doppelfl\u00fcgelt\u00fcren, Klimatisierung, Be- und Entl\u00fcftungskonzept, 400 V-Steckdose und Lastenkran.<\/p>\n<p>Grunds\u00e4tzlich sei das oberste Ziel von MAN Truck &amp; Bus, die Batterie so lange im Fahrzeug zu nutzen wie m\u00f6glich. Deshalb steht die Reparatur und das Remanufacturing im Zentrum der aktuellen Ma\u00dfnahmen. Seit 2023 leitet MAN im REVAMP-Projekt, ein Konsortium aus neun Partnern aus Industrie und Wissenschaft. Dieses auf drei Jahre angelegte Projekt hat das Ziel, den Prozess der Zustandsbewertung von gebrauchten Fahrzeugbatterien zu automatisieren. Mit diesem Wissen sollen Batterien wirtschaftlich wiederaufbereitet werden (Remanufacturing), um anschlie\u00dfend im Fahrzeug (2nd Use) oder zu anderem Zweck (2nd Life) eingesetzt zu werden. Das REVAMP-Projekt wird vom Bundesministerium f\u00fcr Wirtschaft und Klimaschutz (BMWK) gef\u00f6rdert.<\/p>\n<h3>Die Battery Closed Loop Strategie<\/h3>\n<p>Das Reparieren der Batterie und ihre Wiederaufbereitung sind wesentliche Elemente der Battery Closed Loop Strategie sowie der Nachhaltigkeitsstragie von MAN. Daf\u00fcr sind die Diagonsef\u00e4higkeit der Batterie und deren wirtschaftliche Demontage von essentieller Bedeutung. Das \u00fcbergeordnete Ziel ist es, einen geschlossenen Kreislauf f\u00fcr die Batterien zu etablieren. Wichtige Meilensteine in diesem Batteriekreislauf sind nach der ersten Nutzung im Fahrzeug, zum einen ein weiterer Einsatz im Fahrzeug (2nd Use) oder in einer anderen Anwendung (2nd Life).<\/p>\n<p>Um den Wiederverwertungskreis (Closed Loop) der wertvollen Batteriematerialien zu schlie\u00dfen, hat MAN bereits heute die Themen Recycling sowie die R\u00fcckf\u00fchrung der reycelten Rohstoffe (Rezyklat) in neue Batteriezellen im Fokus. Durch den f\u00fcr die Elektrifizierung des MAN Portfolios steigenden Bedarf an Batteriezellen werden Treibhausgasemissionen in der Lieferkette steigen, sofern dem nicht durch dedizierte Ma\u00dfnahmen entgegenwirkt wird. Die Nutzung von Sekund\u00e4rmaterial stellt dabei eine der m\u00f6glichen Stellschrauben dar, die es zur Dekarbonisierung des Hotspots \u201eBatteriezelle\u201c zu adressieren gilt. Damit leisten wir auch einen Beitrag in Richtung bilanzieller Treibshausgasneutralit\u00e4t (\u201eNet-Zero\u201c) zu der sich MAN bei der Science Based Targets initiative (SBTi) im Jahr 2021 verpflichtet hat.<\/p>\n<p>Voraussetzung f\u00fcr den Closed Loop ist, dass ausreichend recyceltes Material zur Verf\u00fcgung steht. Damit dies zuk\u00fcnftig der Fall ist, arbeitet MAN gerade mit seiner Muttergesellschaft <a href=\"https:\/\/traton.com\/de.html\" target=\"_blank\" rel=\"noopener\">TRATON SE<\/a> und dem COE (Center of Excellence) der Volkswagen AG an Konzepten, die geschlossene Kreisl\u00e4ufe erm\u00f6glichen sollen. Das Ziel ist es hier, das zuk\u00fcnftig ausreichend Rezyklat f\u00fcr neue Batterien zur Verf\u00fcgung steht, um auch den Zielwerten der neuen <strong>Batterieverordnung<\/strong> (BattVO) der Europ\u00e4ischen Union zu entsprechen.<\/p>\n<p>Um dem Ziel des Battery Closed Loop n\u00e4her zu kommen, ist MAN Truck &amp; Bus im Jahr 2023 auch Partner des M\u00fcnchner Start-Up-Netzwerkes Circular Republic geworden. <a href=\"https:\/\/www.circular-republic.org\/\" target=\"_blank\" rel=\"noopener\">Circular Republic<\/a> ist Teil der UnternehmerTUM GmbH, und hat sich zur Aufgabe gesetzt, etablierte Unternehmen und Start-ups zusammen zu bringen, um Innovationen der Kreislaufwirtschaft umzusetzen und weiter zu entwickeln. In einem ersten Projekt unter der F\u00fchrung von Circular Republic arbeitet MAN gemeinsam mit weiteren Kooperationspartnern an der teilautomatisierten Zerlegung von Traktionsbatterien sowie dem Recycling der Zellmodule.<\/p>\n\r\n\t\t\t\t<div class=\"post-author\">\r\n\t\t\t\t\t<div class=\"khm-cp-author clearfix\">\r\n\t\t\t\t\t\t<div class=\"khm-cp-author__content\">\r\n\t\t\t\t\t\t\t\tKontakt zum Autor:<br \/>\r\n\t\t\t\t\t\t\t\t<strong>Georg Blenk<\/strong>, 08247 \/ 3007-45 |  <a href=\"mailto:georg.blenk@krafthand-medien.de\">georg.blenk@krafthand-medien.de<\/a>\r\n\t\t\t\t\t\t\t<div class=\"khm-cp-author__image\">\r\n\t\t\t\t\t\t<img src=\"https:\/\/static.krafthand-truck.de\/uploads\/2021\/01\/Blenk_6104-250x300-1-removebg-preview.png\" class=\"img-responsive\">\r\n\t\t\t\t\t<\/div>\r\n\t\t\t\t\t\t<\/div>\r\n\t\t\t\t\t<\/div>\r\n\t\t\t\t<\/div>\r\n\t\t\t\t","protected":false},"excerpt":{"rendered":"<p>In den Jahren 2024 und 2025 m\u00f6chte MAN Truck &#038; Bus weitere Batterie-Reparaturzentren in Italien, D\u00e4nemark\/Norwegen, \u00d6sterreich, Belgien, Niederlande, Frankreich, Polen und UK aufbauen. Weitere L\u00e4nder in Europa seien in Planung. Daf\u00fcr werden laut MAN in den n\u00e4chsten zwei Jahren Investitionen in Millionenh\u00f6he get\u00e4tigt. Zwei Batterie-Reparaturzentren sind in Deutschland (Standort Hannover-Laatzen) und Spanien (Barcelona) bereits in Betrieb. <span class=\"excerpt-more__dots\">&#8230;<\/span> <a class=\"excerpt-more__link\" href=\"https:\/\/www.krafthand.de\/truck\/artikel\/man-plant-weitere-batterie-reparaturzentren-in-europa-38905\/\" >weiter<\/a><\/p>\n","protected":false},"author":9,"featured_media":38907,"comment_status":"closed","ping_status":"closed","sticky":false,"template":"","format":"standard","meta":{"footnotes":""},"categories":[4224],"tags":[1502,152,5867],"settings":[3524,4766,3523],"class_list":["post-38905","post","type-post","status-publish","format-standard","has-post-thumbnail","hentry","category-e-antrieb","tag-batterie","tag-man","tag-reparaturzentrum"],"yoast_head":"<!-- This site is optimized with the Yoast SEO plugin v27.3 - https:\/\/yoast.com\/product\/yoast-seo-wordpress\/ -->\n<title>MAN baut neue Batterie-Reparaturzentren - Krafthand-Truck<\/title>\n<meta name=\"description\" content=\"MAN Truck &amp; Bus m\u00f6chte weitere Batterie-Reparaturzentren in Italien, D\u00e4nemark\/Norwegen, \u00d6sterreich, Belgien, Niederlande, Frankreich, Polen und UK aufbauen.\" \/>\n<meta name=\"robots\" content=\"index, follow, max-snippet:-1, max-image-preview:large, max-video-preview:-1\" \/>\n<link rel=\"canonical\" href=\"https:\/\/www.krafthand.de\/truck\/artikel\/man-plant-weitere-batterie-reparaturzentren-in-europa-38905\/\" \/>\n<meta property=\"og:locale\" content=\"de_DE\" \/>\n<meta property=\"og:type\" content=\"article\" \/>\n<meta property=\"og:title\" content=\"MAN baut neue Batterie-Reparaturzentren - Krafthand-Truck\" \/>\n<meta property=\"og:description\" content=\"MAN Truck &amp; Bus m\u00f6chte weitere Batterie-Reparaturzentren in Italien, D\u00e4nemark\/Norwegen, \u00d6sterreich, Belgien, Niederlande, Frankreich, Polen und UK aufbauen.\" \/>\n<meta property=\"og:url\" content=\"https:\/\/www.krafthand-truck.de\/artikel\/man-plant-weitere-batterie-reparaturzentren-in-europa-38905\/\" \/>\n<meta property=\"og:site_name\" content=\"Krafthand-Truck\" \/>\n<meta property=\"article:published_time\" content=\"2024-02-23T11:57:05+00:00\" \/>\n<meta property=\"article:modified_time\" content=\"2024-02-23T11:59:04+00:00\" \/>\n<meta property=\"og:image\" content=\"https:\/\/static.krafthand-truck.de\/uploads\/2024\/02\/MAN_Lkw_Batteriereparatur_01.jpg\" \/>\n\t<meta property=\"og:image:width\" content=\"1200\" \/>\n\t<meta property=\"og:image:height\" content=\"611\" \/>\n\t<meta property=\"og:image:type\" content=\"image\/jpeg\" \/>\n<meta name=\"author\" content=\"georg.blenk@krafthand-medien.de\" \/>\n<meta name=\"twitter:card\" content=\"summary_large_image\" \/>\n<meta name=\"twitter:label1\" content=\"Verfasst von\" \/>\n\t<meta name=\"twitter:data1\" content=\"georg.blenk@krafthand-medien.de\" \/>\n\t<meta name=\"twitter:label2\" content=\"Gesch\u00e4tzte Lesezeit\" \/>\n\t<meta name=\"twitter:data2\" content=\"5\u00a0Minuten\" \/>\n<script type=\"application\/ld+json\" class=\"yoast-schema-graph\">{\"@context\":\"https:\\\/\\\/schema.org\",\"@graph\":[{\"@type\":\"Article\",\"@id\":\"https:\\\/\\\/www.krafthand.de\\\/truck\\\/artikel\\\/man-plant-weitere-batterie-reparaturzentren-in-europa-38905\\\/#article\",\"isPartOf\":{\"@id\":\"https:\\\/\\\/www.krafthand.de\\\/truck\\\/artikel\\\/man-plant-weitere-batterie-reparaturzentren-in-europa-38905\\\/\"},\"author\":{\"name\":\"georg.blenk@krafthand-medien.de\",\"@id\":\"https:\\\/\\\/www.krafthand.de\\\/truck\\\/#\\\/schema\\\/person\\\/51fa80b1c57034c4bf63f9f988fc24ce\"},\"headline\":\"MAN plant weitere Batterie-Reparaturzentren in Europa\",\"datePublished\":\"2024-02-23T11:57:05+00:00\",\"dateModified\":\"2024-02-23T11:59:04+00:00\",\"mainEntityOfPage\":{\"@id\":\"https:\\\/\\\/www.krafthand.de\\\/truck\\\/artikel\\\/man-plant-weitere-batterie-reparaturzentren-in-europa-38905\\\/\"},\"wordCount\":924,\"image\":{\"@id\":\"https:\\\/\\\/www.krafthand.de\\\/truck\\\/artikel\\\/man-plant-weitere-batterie-reparaturzentren-in-europa-38905\\\/#primaryimage\"},\"thumbnailUrl\":\"https:\\\/\\\/static.krafthand-truck.de\\\/uploads\\\/2024\\\/02\\\/MAN_Lkw_Batteriereparatur_01.jpg\",\"keywords\":[\"Batterie\",\"MAN\",\"Reparaturzentrum\"],\"articleSection\":[\"E-Antrieb (BEV\\\/FCEV)\"],\"inLanguage\":\"de\"},{\"@type\":\"WebPage\",\"@id\":\"https:\\\/\\\/www.krafthand.de\\\/truck\\\/artikel\\\/man-plant-weitere-batterie-reparaturzentren-in-europa-38905\\\/\",\"url\":\"https:\\\/\\\/www.krafthand.de\\\/truck\\\/artikel\\\/man-plant-weitere-batterie-reparaturzentren-in-europa-38905\\\/\",\"name\":\"MAN baut neue Batterie-Reparaturzentren - Krafthand-Truck\",\"isPartOf\":{\"@id\":\"https:\\\/\\\/www.krafthand.de\\\/truck\\\/#website\"},\"primaryImageOfPage\":{\"@id\":\"https:\\\/\\\/www.krafthand.de\\\/truck\\\/artikel\\\/man-plant-weitere-batterie-reparaturzentren-in-europa-38905\\\/#primaryimage\"},\"image\":{\"@id\":\"https:\\\/\\\/www.krafthand.de\\\/truck\\\/artikel\\\/man-plant-weitere-batterie-reparaturzentren-in-europa-38905\\\/#primaryimage\"},\"thumbnailUrl\":\"https:\\\/\\\/static.krafthand-truck.de\\\/uploads\\\/2024\\\/02\\\/MAN_Lkw_Batteriereparatur_01.jpg\",\"datePublished\":\"2024-02-23T11:57:05+00:00\",\"dateModified\":\"2024-02-23T11:59:04+00:00\",\"author\":{\"@id\":\"https:\\\/\\\/www.krafthand.de\\\/truck\\\/#\\\/schema\\\/person\\\/51fa80b1c57034c4bf63f9f988fc24ce\"},\"description\":\"MAN Truck & Bus m\u00f6chte weitere Batterie-Reparaturzentren in Italien, D\u00e4nemark\\\/Norwegen, \u00d6sterreich, Belgien, Niederlande, Frankreich, Polen und UK aufbauen.\",\"breadcrumb\":{\"@id\":\"https:\\\/\\\/www.krafthand.de\\\/truck\\\/artikel\\\/man-plant-weitere-batterie-reparaturzentren-in-europa-38905\\\/#breadcrumb\"},\"inLanguage\":\"de\",\"potentialAction\":[{\"@type\":\"ReadAction\",\"target\":[\"https:\\\/\\\/www.krafthand.de\\\/truck\\\/artikel\\\/man-plant-weitere-batterie-reparaturzentren-in-europa-38905\\\/\"]}]},{\"@type\":\"ImageObject\",\"inLanguage\":\"de\",\"@id\":\"https:\\\/\\\/www.krafthand.de\\\/truck\\\/artikel\\\/man-plant-weitere-batterie-reparaturzentren-in-europa-38905\\\/#primaryimage\",\"url\":\"https:\\\/\\\/static.krafthand-truck.de\\\/uploads\\\/2024\\\/02\\\/MAN_Lkw_Batteriereparatur_01.jpg\",\"contentUrl\":\"https:\\\/\\\/static.krafthand-truck.de\\\/uploads\\\/2024\\\/02\\\/MAN_Lkw_Batteriereparatur_01.jpg\",\"width\":1200,\"height\":611},{\"@type\":\"BreadcrumbList\",\"@id\":\"https:\\\/\\\/www.krafthand.de\\\/truck\\\/artikel\\\/man-plant-weitere-batterie-reparaturzentren-in-europa-38905\\\/#breadcrumb\",\"itemListElement\":[{\"@type\":\"ListItem\",\"position\":1,\"name\":\"Krafthand-Truck\",\"item\":\"https:\\\/\\\/www.krafthand.de\\\/truck\\\/\"},{\"@type\":\"ListItem\",\"position\":2,\"name\":\"Nfz-Technik\",\"item\":\"https:\\\/\\\/www.krafthand.de\\\/truck\\\/kategorie\\\/nfz-technik\\\/\"},{\"@type\":\"ListItem\",\"position\":3,\"name\":\"E-Antrieb (BEV\\\/FCEV)\",\"item\":\"https:\\\/\\\/www.krafthand.de\\\/truck\\\/kategorie\\\/nfz-technik\\\/e-antrieb\\\/\"},{\"@type\":\"ListItem\",\"position\":4,\"name\":\"MAN plant weitere Batterie-Reparaturzentren in Europa\"}]},{\"@type\":\"WebSite\",\"@id\":\"https:\\\/\\\/www.krafthand.de\\\/truck\\\/#website\",\"url\":\"https:\\\/\\\/www.krafthand.de\\\/truck\\\/\",\"name\":\"Krafthand-Truck\",\"description\":\"\",\"potentialAction\":[{\"@type\":\"SearchAction\",\"target\":{\"@type\":\"EntryPoint\",\"urlTemplate\":\"https:\\\/\\\/www.krafthand.de\\\/truck\\\/?s={search_term_string}\"},\"query-input\":{\"@type\":\"PropertyValueSpecification\",\"valueRequired\":true,\"valueName\":\"search_term_string\"}}],\"inLanguage\":\"de\"},{\"@type\":\"Person\",\"@id\":\"https:\\\/\\\/www.krafthand.de\\\/truck\\\/#\\\/schema\\\/person\\\/51fa80b1c57034c4bf63f9f988fc24ce\",\"name\":\"georg.blenk@krafthand-medien.de\",\"image\":{\"@type\":\"ImageObject\",\"inLanguage\":\"de\",\"@id\":\"https:\\\/\\\/secure.gravatar.com\\\/avatar\\\/93713c30affe0aa95d3a4130e499bb1abee2eb31adbdd9ce2aa1543538490215?s=96&d=mm&r=g\",\"url\":\"https:\\\/\\\/secure.gravatar.com\\\/avatar\\\/93713c30affe0aa95d3a4130e499bb1abee2eb31adbdd9ce2aa1543538490215?s=96&d=mm&r=g\",\"contentUrl\":\"https:\\\/\\\/secure.gravatar.com\\\/avatar\\\/93713c30affe0aa95d3a4130e499bb1abee2eb31adbdd9ce2aa1543538490215?s=96&d=mm&r=g\",\"caption\":\"georg.blenk@krafthand-medien.de\"}}]}<\/script>\n<!-- \/ Yoast SEO plugin. -->","yoast_head_json":{"title":"MAN baut neue Batterie-Reparaturzentren - Krafthand-Truck","description":"MAN Truck & Bus m\u00f6chte weitere Batterie-Reparaturzentren in Italien, D\u00e4nemark\/Norwegen, \u00d6sterreich, Belgien, Niederlande, Frankreich, Polen und UK aufbauen.","robots":{"index":"index","follow":"follow","max-snippet":"max-snippet:-1","max-image-preview":"max-image-preview:large","max-video-preview":"max-video-preview:-1"},"canonical":"https:\/\/www.krafthand.de\/truck\/artikel\/man-plant-weitere-batterie-reparaturzentren-in-europa-38905\/","og_locale":"de_DE","og_type":"article","og_title":"MAN baut neue Batterie-Reparaturzentren - Krafthand-Truck","og_description":"MAN Truck & Bus m\u00f6chte weitere Batterie-Reparaturzentren in Italien, D\u00e4nemark\/Norwegen, \u00d6sterreich, Belgien, Niederlande, Frankreich, Polen und UK aufbauen.","og_url":"https:\/\/www.krafthand-truck.de\/artikel\/man-plant-weitere-batterie-reparaturzentren-in-europa-38905\/","og_site_name":"Krafthand-Truck","article_published_time":"2024-02-23T11:57:05+00:00","article_modified_time":"2024-02-23T11:59:04+00:00","og_image":[{"width":1200,"height":611,"url":"https:\/\/static.krafthand-truck.de\/uploads\/2024\/02\/MAN_Lkw_Batteriereparatur_01.jpg","type":"image\/jpeg"}],"author":"georg.blenk@krafthand-medien.de","twitter_card":"summary_large_image","twitter_misc":{"Verfasst von":"georg.blenk@krafthand-medien.de","Gesch\u00e4tzte Lesezeit":"5\u00a0Minuten"},"schema":{"@context":"https:\/\/schema.org","@graph":[{"@type":"Article","@id":"https:\/\/www.krafthand.de\/truck\/artikel\/man-plant-weitere-batterie-reparaturzentren-in-europa-38905\/#article","isPartOf":{"@id":"https:\/\/www.krafthand.de\/truck\/artikel\/man-plant-weitere-batterie-reparaturzentren-in-europa-38905\/"},"author":{"name":"georg.blenk@krafthand-medien.de","@id":"https:\/\/www.krafthand.de\/truck\/#\/schema\/person\/51fa80b1c57034c4bf63f9f988fc24ce"},"headline":"MAN plant weitere Batterie-Reparaturzentren in Europa","datePublished":"2024-02-23T11:57:05+00:00","dateModified":"2024-02-23T11:59:04+00:00","mainEntityOfPage":{"@id":"https:\/\/www.krafthand.de\/truck\/artikel\/man-plant-weitere-batterie-reparaturzentren-in-europa-38905\/"},"wordCount":924,"image":{"@id":"https:\/\/www.krafthand.de\/truck\/artikel\/man-plant-weitere-batterie-reparaturzentren-in-europa-38905\/#primaryimage"},"thumbnailUrl":"https:\/\/static.krafthand-truck.de\/uploads\/2024\/02\/MAN_Lkw_Batteriereparatur_01.jpg","keywords":["Batterie","MAN","Reparaturzentrum"],"articleSection":["E-Antrieb (BEV\/FCEV)"],"inLanguage":"de"},{"@type":"WebPage","@id":"https:\/\/www.krafthand.de\/truck\/artikel\/man-plant-weitere-batterie-reparaturzentren-in-europa-38905\/","url":"https:\/\/www.krafthand.de\/truck\/artikel\/man-plant-weitere-batterie-reparaturzentren-in-europa-38905\/","name":"MAN baut neue Batterie-Reparaturzentren - Krafthand-Truck","isPartOf":{"@id":"https:\/\/www.krafthand.de\/truck\/#website"},"primaryImageOfPage":{"@id":"https:\/\/www.krafthand.de\/truck\/artikel\/man-plant-weitere-batterie-reparaturzentren-in-europa-38905\/#primaryimage"},"image":{"@id":"https:\/\/www.krafthand.de\/truck\/artikel\/man-plant-weitere-batterie-reparaturzentren-in-europa-38905\/#primaryimage"},"thumbnailUrl":"https:\/\/static.krafthand-truck.de\/uploads\/2024\/02\/MAN_Lkw_Batteriereparatur_01.jpg","datePublished":"2024-02-23T11:57:05+00:00","dateModified":"2024-02-23T11:59:04+00:00","author":{"@id":"https:\/\/www.krafthand.de\/truck\/#\/schema\/person\/51fa80b1c57034c4bf63f9f988fc24ce"},"description":"MAN Truck & Bus m\u00f6chte weitere Batterie-Reparaturzentren in Italien, D\u00e4nemark\/Norwegen, \u00d6sterreich, Belgien, Niederlande, Frankreich, Polen und UK aufbauen.","breadcrumb":{"@id":"https:\/\/www.krafthand.de\/truck\/artikel\/man-plant-weitere-batterie-reparaturzentren-in-europa-38905\/#breadcrumb"},"inLanguage":"de","potentialAction":[{"@type":"ReadAction","target":["https:\/\/www.krafthand.de\/truck\/artikel\/man-plant-weitere-batterie-reparaturzentren-in-europa-38905\/"]}]},{"@type":"ImageObject","inLanguage":"de","@id":"https:\/\/www.krafthand.de\/truck\/artikel\/man-plant-weitere-batterie-reparaturzentren-in-europa-38905\/#primaryimage","url":"https:\/\/static.krafthand-truck.de\/uploads\/2024\/02\/MAN_Lkw_Batteriereparatur_01.jpg","contentUrl":"https:\/\/static.krafthand-truck.de\/uploads\/2024\/02\/MAN_Lkw_Batteriereparatur_01.jpg","width":1200,"height":611},{"@type":"BreadcrumbList","@id":"https:\/\/www.krafthand.de\/truck\/artikel\/man-plant-weitere-batterie-reparaturzentren-in-europa-38905\/#breadcrumb","itemListElement":[{"@type":"ListItem","position":1,"name":"Krafthand-Truck","item":"https:\/\/www.krafthand.de\/truck\/"},{"@type":"ListItem","position":2,"name":"Nfz-Technik","item":"https:\/\/www.krafthand.de\/truck\/kategorie\/nfz-technik\/"},{"@type":"ListItem","position":3,"name":"E-Antrieb (BEV\/FCEV)","item":"https:\/\/www.krafthand.de\/truck\/kategorie\/nfz-technik\/e-antrieb\/"},{"@type":"ListItem","position":4,"name":"MAN plant weitere Batterie-Reparaturzentren in Europa"}]},{"@type":"WebSite","@id":"https:\/\/www.krafthand.de\/truck\/#website","url":"https:\/\/www.krafthand.de\/truck\/","name":"Krafthand-Truck","description":"","potentialAction":[{"@type":"SearchAction","target":{"@type":"EntryPoint","urlTemplate":"https:\/\/www.krafthand.de\/truck\/?s={search_term_string}"},"query-input":{"@type":"PropertyValueSpecification","valueRequired":true,"valueName":"search_term_string"}}],"inLanguage":"de"},{"@type":"Person","@id":"https:\/\/www.krafthand.de\/truck\/#\/schema\/person\/51fa80b1c57034c4bf63f9f988fc24ce","name":"georg.blenk@krafthand-medien.de","image":{"@type":"ImageObject","inLanguage":"de","@id":"https:\/\/secure.gravatar.com\/avatar\/93713c30affe0aa95d3a4130e499bb1abee2eb31adbdd9ce2aa1543538490215?s=96&d=mm&r=g","url":"https:\/\/secure.gravatar.com\/avatar\/93713c30affe0aa95d3a4130e499bb1abee2eb31adbdd9ce2aa1543538490215?s=96&d=mm&r=g","contentUrl":"https:\/\/secure.gravatar.com\/avatar\/93713c30affe0aa95d3a4130e499bb1abee2eb31adbdd9ce2aa1543538490215?s=96&d=mm&r=g","caption":"georg.blenk@krafthand-medien.de"}}]}},"_links":{"self":[{"href":"https:\/\/www.krafthand.de\/truck\/wp-json\/wp\/v2\/posts\/38905","targetHints":{"allow":["GET"]}}],"collection":[{"href":"https:\/\/www.krafthand.de\/truck\/wp-json\/wp\/v2\/posts"}],"about":[{"href":"https:\/\/www.krafthand.de\/truck\/wp-json\/wp\/v2\/types\/post"}],"author":[{"embeddable":true,"href":"https:\/\/www.krafthand.de\/truck\/wp-json\/wp\/v2\/users\/9"}],"replies":[{"embeddable":true,"href":"https:\/\/www.krafthand.de\/truck\/wp-json\/wp\/v2\/comments?post=38905"}],"version-history":[{"count":8,"href":"https:\/\/www.krafthand.de\/truck\/wp-json\/wp\/v2\/posts\/38905\/revisions"}],"predecessor-version":[{"id":38915,"href":"https:\/\/www.krafthand.de\/truck\/wp-json\/wp\/v2\/posts\/38905\/revisions\/38915"}],"wp:featuredmedia":[{"embeddable":true,"href":"https:\/\/www.krafthand.de\/truck\/wp-json\/wp\/v2\/media\/38907"}],"wp:attachment":[{"href":"https:\/\/www.krafthand.de\/truck\/wp-json\/wp\/v2\/media?parent=38905"}],"wp:term":[{"taxonomy":"category","embeddable":true,"href":"https:\/\/www.krafthand.de\/truck\/wp-json\/wp\/v2\/categories?post=38905"},{"taxonomy":"post_tag","embeddable":true,"href":"https:\/\/www.krafthand.de\/truck\/wp-json\/wp\/v2\/tags?post=38905"},{"taxonomy":"settings","embeddable":true,"href":"https:\/\/www.krafthand.de\/truck\/wp-json\/wp\/v2\/settings?post=38905"}],"curies":[{"name":"wp","href":"https:\/\/api.w.org\/{rel}","templated":true}]}}