{"id":38892,"date":"2024-02-22T12:06:43","date_gmt":"2024-02-22T11:06:43","guid":{"rendered":"https:\/\/www.krafthand.de\/truck\/?p=38892"},"modified":"2024-02-22T12:38:17","modified_gmt":"2024-02-22T11:38:17","slug":"vibracoustic-die-lagerung-von-batteriepacks-bei-e-lkw","status":"publish","type":"post","link":"https:\/\/www.krafthand.de\/truck\/artikel\/vibracoustic-die-lagerung-von-batteriepacks-bei-e-lkw-38892\/","title":{"rendered":"Vibracoustic:\u00a0Die Lagerung von Batteriepacks bei E-Lkw"},"content":{"rendered":"<p>Der Nutzfahrzeugsektor befindet sich in einer Phase des Wandels. Der verst\u00e4rkte Fokus auf alternative Antriebe zielt darauf ab, auch den Transport von G\u00fctern und Personen nachhaltiger zu gestalten. Dieser Wandel bringt aber auch neue technische Herausforderungen mit sich. Mitunter sind es Details, die auf den ersten Blick weniger Beachtung finden, aber eine zentrale Bedeutung haben. So verh\u00e4lt es sich beispielsweise mit der Akustik von Elektromotoren und Umrichtern oder mit der Lagerung von schweren Batteriepacks bei Lkw.<br \/>\n<a href=\"https:\/\/www.vibracoustic.com\/de\/produkt-kategorie\/lkw-produkte\/\" target=\"_blank\" rel=\"noopener\">Vibracoustic<\/a> mit Sitz in Weinheim, geh\u00f6rt zu den f\u00fchrenden Unternehmen im Bereich \u201aNVH\u2018 und entwickelt entsprechende NVH-Technologien f\u00fcr die Ausstattung von Nutzfahrzeugen mit emissionsarmen und emissionsfreien Antriebsstr\u00e4ngen. Dabei steht \u201aNVH\u2018 f\u00fcr \u201aNoise\u2018, \u201aVibration\u2018 and \u201aHarshness\u2018 (\u201aGer\u00e4usch\u2018, \u201aVibration\u2018 und \u201aRauhigkeit\u2018) und bezeichnet s\u00e4mtliche h\u00f6r- oder sp\u00fcrbaren Schwingungen an Kraftfahrzeugen und Maschinen.<\/p>\n<h3>Beispiel Batteriepacks<\/h3>\n<p>Unabh\u00e4ngig davon, ob ein vollelektrischer, hybrider oder brennstoffzellenbetriebener Antrieb in Betracht gezogen wird, ist die effektive Befestigung und der Schutz der Batteriepacks ein entscheidender Faktor. Diese Packs k\u00f6nnen je nach Fahrzeug zwischen 100 und 6.000 kg wiegen, was erhebliche Herausforderungen in Bezug auf Gewicht, Montage, Crashbelastung und NVH mit sich bringt. Vibracoustic hat deshalb entsprechende Montagel\u00f6sungen entwickelt, um die Anforderungen der Hersteller an Design, Belastung und Haltbarkeit zu erf\u00fcllen.<br \/>\nDie Anforderungen und \u00dcberlegungen f\u00fcr die Lagerung von Batteriepacks sind dabei vielschichtig. Sie m\u00fcssen die \u00dcbertragung von Fahrbahnanregungen auf das Batteriepaket minimieren, einschlie\u00dflich der Kompensation jeglicher Durchbiegung oder Bewegung des Chassis oder der Fahrzeugstruktur. Zudem m\u00fcssen die Lager die strukturelle Integrit\u00e4t und die Gesamtsteifigkeit des Rahmens verbessern, insbesondere wenn die Batterie ein integriertes Element des Fahrgestells ist.<br \/>\nDie Lager von Vibracoustic sind laut Angaben speziell f\u00fcr gro\u00dfe Verfahrwege ausgelegt und gew\u00e4hrleisten so Stabilit\u00e4t und Schutz unter allen Betriebsbedingungen. Dar\u00fcber hinaus spielen die Batterielager eine wichtige Rolle f\u00fcr die Sicherheit, da sie dazu beitragen, die auf die Batterie einwirkenden Kr\u00e4fte bei einem Aufprall zu reduzieren, indem sie eine Rolle als robuster Energieabsorber und -ableiter spielen.<\/p>\n<p><i>Den Beitrag finden Sie auch in der Print-Ausgabe 1-2024 der <a href=\"https:\/\/www.krafthand.de\/truck\/magazin\/\" title=\"Zum Magazin\">Krafthand-Truck<\/a>.<\/i><\/p>","protected":false},"excerpt":{"rendered":"<p>Der verst\u00e4rkte Fokus auf alternative Antriebe im Nutzfahrzeugbereich bringt neue technische Herausforderungen mit sich. Mitunter sind es Details, die auf den ersten Blick weniger Beachtung finden, aber eine zentrale Bedeutung haben. So verh\u00e4lt es sich beispielsweise mit der Akustik von Elektromotoren und Umrichtern oder mit der Lagerung von schweren Batteriepacks bei Lkw. <span class=\"excerpt-more__dots\">&#8230;<\/span> <a class=\"excerpt-more__link\" href=\"https:\/\/www.krafthand.de\/truck\/artikel\/vibracoustic-die-lagerung-von-batteriepacks-bei-e-lkw-38892\/\" >weiter<\/a><\/p>\n","protected":false},"author":9,"featured_media":38893,"comment_status":"closed","ping_status":"closed","sticky":false,"template":"","format":"standard","meta":{"footnotes":""},"categories":[4224],"tags":[5262,5864,5865,3315],"settings":[4766,3523],"class_list":["post-38892","post","type-post","status-publish","format-standard","has-post-thumbnail","hentry","category-e-antrieb","tag-batteriepack","tag-nvh","tag-schwingungen","tag-vibracoustic"],"yoast_head":"<!-- This site is optimized with the Yoast SEO plugin v27.3 - https:\/\/yoast.com\/product\/yoast-seo-wordpress\/ -->\n<title>Die Lagerung von Batteriepacks bei E-Lkw<\/title>\n<meta name=\"description\" content=\"Vibracoustic entwickelt NVH-Technologien f\u00fcr die Ausstattung von Nutzfahrzeugen mit emissionsarmen und emissionsfreien Antriebsstr\u00e4ngen.\" \/>\n<meta name=\"robots\" content=\"index, follow, max-snippet:-1, max-image-preview:large, max-video-preview:-1\" \/>\n<link rel=\"canonical\" href=\"https:\/\/www.krafthand.de\/truck\/artikel\/vibracoustic-die-lagerung-von-batteriepacks-bei-e-lkw-38892\/\" \/>\n<meta property=\"og:locale\" content=\"de_DE\" \/>\n<meta property=\"og:type\" content=\"article\" \/>\n<meta property=\"og:title\" content=\"Die Lagerung von Batteriepacks bei E-Lkw\" \/>\n<meta property=\"og:description\" content=\"Vibracoustic entwickelt NVH-Technologien f\u00fcr die Ausstattung von Nutzfahrzeugen mit emissionsarmen und emissionsfreien Antriebsstr\u00e4ngen.\" \/>\n<meta property=\"og:url\" content=\"https:\/\/www.krafthand-truck.de\/artikel\/vibracoustic-die-lagerung-von-batteriepacks-bei-e-lkw-38892\/\" \/>\n<meta property=\"og:site_name\" content=\"Krafthand-Truck\" \/>\n<meta property=\"article:published_time\" content=\"2024-02-22T11:06:43+00:00\" \/>\n<meta property=\"article:modified_time\" content=\"2024-02-22T11:38:17+00:00\" \/>\n<meta property=\"og:image\" content=\"https:\/\/static.krafthand-truck.de\/uploads\/2024\/02\/Vibracoustic_Lagerung_Batteriepack_E_Lkw-.jpg\" \/>\n\t<meta property=\"og:image:width\" content=\"1024\" \/>\n\t<meta property=\"og:image:height\" content=\"768\" \/>\n\t<meta property=\"og:image:type\" content=\"image\/jpeg\" \/>\n<meta name=\"author\" content=\"georg.blenk@krafthand-medien.de\" \/>\n<meta name=\"twitter:card\" content=\"summary_large_image\" \/>\n<meta name=\"twitter:label1\" content=\"Verfasst von\" \/>\n\t<meta name=\"twitter:data1\" content=\"georg.blenk@krafthand-medien.de\" \/>\n\t<meta name=\"twitter:label2\" content=\"Gesch\u00e4tzte Lesezeit\" \/>\n\t<meta name=\"twitter:data2\" content=\"2\u00a0Minuten\" \/>\n<script type=\"application\/ld+json\" class=\"yoast-schema-graph\">{\"@context\":\"https:\\\/\\\/schema.org\",\"@graph\":[{\"@type\":\"Article\",\"@id\":\"https:\\\/\\\/www.krafthand.de\\\/truck\\\/artikel\\\/vibracoustic-die-lagerung-von-batteriepacks-bei-e-lkw-38892\\\/#article\",\"isPartOf\":{\"@id\":\"https:\\\/\\\/www.krafthand.de\\\/truck\\\/artikel\\\/vibracoustic-die-lagerung-von-batteriepacks-bei-e-lkw-38892\\\/\"},\"author\":{\"name\":\"georg.blenk@krafthand-medien.de\",\"@id\":\"https:\\\/\\\/www.krafthand.de\\\/truck\\\/#\\\/schema\\\/person\\\/51fa80b1c57034c4bf63f9f988fc24ce\"},\"headline\":\"Vibracoustic:\u00a0Die Lagerung von Batteriepacks bei E-Lkw\",\"datePublished\":\"2024-02-22T11:06:43+00:00\",\"dateModified\":\"2024-02-22T11:38:17+00:00\",\"mainEntityOfPage\":{\"@id\":\"https:\\\/\\\/www.krafthand.de\\\/truck\\\/artikel\\\/vibracoustic-die-lagerung-von-batteriepacks-bei-e-lkw-38892\\\/\"},\"wordCount\":344,\"image\":{\"@id\":\"https:\\\/\\\/www.krafthand.de\\\/truck\\\/artikel\\\/vibracoustic-die-lagerung-von-batteriepacks-bei-e-lkw-38892\\\/#primaryimage\"},\"thumbnailUrl\":\"https:\\\/\\\/static.krafthand-truck.de\\\/uploads\\\/2024\\\/02\\\/Vibracoustic_Lagerung_Batteriepack_E_Lkw-.jpg\",\"keywords\":[\"Batteriepack\",\"NVH\",\"Schwingungen\",\"Vibracoustic\"],\"articleSection\":[\"E-Antrieb (BEV\\\/FCEV)\"],\"inLanguage\":\"de\"},{\"@type\":\"WebPage\",\"@id\":\"https:\\\/\\\/www.krafthand.de\\\/truck\\\/artikel\\\/vibracoustic-die-lagerung-von-batteriepacks-bei-e-lkw-38892\\\/\",\"url\":\"https:\\\/\\\/www.krafthand.de\\\/truck\\\/artikel\\\/vibracoustic-die-lagerung-von-batteriepacks-bei-e-lkw-38892\\\/\",\"name\":\"Die Lagerung von Batteriepacks bei E-Lkw\",\"isPartOf\":{\"@id\":\"https:\\\/\\\/www.krafthand.de\\\/truck\\\/#website\"},\"primaryImageOfPage\":{\"@id\":\"https:\\\/\\\/www.krafthand.de\\\/truck\\\/artikel\\\/vibracoustic-die-lagerung-von-batteriepacks-bei-e-lkw-38892\\\/#primaryimage\"},\"image\":{\"@id\":\"https:\\\/\\\/www.krafthand.de\\\/truck\\\/artikel\\\/vibracoustic-die-lagerung-von-batteriepacks-bei-e-lkw-38892\\\/#primaryimage\"},\"thumbnailUrl\":\"https:\\\/\\\/static.krafthand-truck.de\\\/uploads\\\/2024\\\/02\\\/Vibracoustic_Lagerung_Batteriepack_E_Lkw-.jpg\",\"datePublished\":\"2024-02-22T11:06:43+00:00\",\"dateModified\":\"2024-02-22T11:38:17+00:00\",\"author\":{\"@id\":\"https:\\\/\\\/www.krafthand.de\\\/truck\\\/#\\\/schema\\\/person\\\/51fa80b1c57034c4bf63f9f988fc24ce\"},\"description\":\"Vibracoustic entwickelt NVH-Technologien f\u00fcr die Ausstattung von Nutzfahrzeugen mit emissionsarmen und emissionsfreien Antriebsstr\u00e4ngen.\",\"breadcrumb\":{\"@id\":\"https:\\\/\\\/www.krafthand.de\\\/truck\\\/artikel\\\/vibracoustic-die-lagerung-von-batteriepacks-bei-e-lkw-38892\\\/#breadcrumb\"},\"inLanguage\":\"de\",\"potentialAction\":[{\"@type\":\"ReadAction\",\"target\":[\"https:\\\/\\\/www.krafthand.de\\\/truck\\\/artikel\\\/vibracoustic-die-lagerung-von-batteriepacks-bei-e-lkw-38892\\\/\"]}]},{\"@type\":\"ImageObject\",\"inLanguage\":\"de\",\"@id\":\"https:\\\/\\\/www.krafthand.de\\\/truck\\\/artikel\\\/vibracoustic-die-lagerung-von-batteriepacks-bei-e-lkw-38892\\\/#primaryimage\",\"url\":\"https:\\\/\\\/static.krafthand-truck.de\\\/uploads\\\/2024\\\/02\\\/Vibracoustic_Lagerung_Batteriepack_E_Lkw-.jpg\",\"contentUrl\":\"https:\\\/\\\/static.krafthand-truck.de\\\/uploads\\\/2024\\\/02\\\/Vibracoustic_Lagerung_Batteriepack_E_Lkw-.jpg\",\"width\":1024,\"height\":768},{\"@type\":\"BreadcrumbList\",\"@id\":\"https:\\\/\\\/www.krafthand.de\\\/truck\\\/artikel\\\/vibracoustic-die-lagerung-von-batteriepacks-bei-e-lkw-38892\\\/#breadcrumb\",\"itemListElement\":[{\"@type\":\"ListItem\",\"position\":1,\"name\":\"Krafthand-Truck\",\"item\":\"https:\\\/\\\/www.krafthand.de\\\/truck\\\/\"},{\"@type\":\"ListItem\",\"position\":2,\"name\":\"Nfz-Technik\",\"item\":\"https:\\\/\\\/www.krafthand.de\\\/truck\\\/kategorie\\\/nfz-technik\\\/\"},{\"@type\":\"ListItem\",\"position\":3,\"name\":\"E-Antrieb (BEV\\\/FCEV)\",\"item\":\"https:\\\/\\\/www.krafthand.de\\\/truck\\\/kategorie\\\/nfz-technik\\\/e-antrieb\\\/\"},{\"@type\":\"ListItem\",\"position\":4,\"name\":\"Vibracoustic:\u00a0Die Lagerung von Batteriepacks bei E-Lkw\"}]},{\"@type\":\"WebSite\",\"@id\":\"https:\\\/\\\/www.krafthand.de\\\/truck\\\/#website\",\"url\":\"https:\\\/\\\/www.krafthand.de\\\/truck\\\/\",\"name\":\"Krafthand-Truck\",\"description\":\"\",\"potentialAction\":[{\"@type\":\"SearchAction\",\"target\":{\"@type\":\"EntryPoint\",\"urlTemplate\":\"https:\\\/\\\/www.krafthand.de\\\/truck\\\/?s={search_term_string}\"},\"query-input\":{\"@type\":\"PropertyValueSpecification\",\"valueRequired\":true,\"valueName\":\"search_term_string\"}}],\"inLanguage\":\"de\"},{\"@type\":\"Person\",\"@id\":\"https:\\\/\\\/www.krafthand.de\\\/truck\\\/#\\\/schema\\\/person\\\/51fa80b1c57034c4bf63f9f988fc24ce\",\"name\":\"georg.blenk@krafthand-medien.de\",\"image\":{\"@type\":\"ImageObject\",\"inLanguage\":\"de\",\"@id\":\"https:\\\/\\\/secure.gravatar.com\\\/avatar\\\/93713c30affe0aa95d3a4130e499bb1abee2eb31adbdd9ce2aa1543538490215?s=96&d=mm&r=g\",\"url\":\"https:\\\/\\\/secure.gravatar.com\\\/avatar\\\/93713c30affe0aa95d3a4130e499bb1abee2eb31adbdd9ce2aa1543538490215?s=96&d=mm&r=g\",\"contentUrl\":\"https:\\\/\\\/secure.gravatar.com\\\/avatar\\\/93713c30affe0aa95d3a4130e499bb1abee2eb31adbdd9ce2aa1543538490215?s=96&d=mm&r=g\",\"caption\":\"georg.blenk@krafthand-medien.de\"}}]}<\/script>\n<!-- \/ Yoast SEO plugin. -->","yoast_head_json":{"title":"Die Lagerung von Batteriepacks bei E-Lkw","description":"Vibracoustic entwickelt NVH-Technologien f\u00fcr die Ausstattung von Nutzfahrzeugen mit emissionsarmen und emissionsfreien Antriebsstr\u00e4ngen.","robots":{"index":"index","follow":"follow","max-snippet":"max-snippet:-1","max-image-preview":"max-image-preview:large","max-video-preview":"max-video-preview:-1"},"canonical":"https:\/\/www.krafthand.de\/truck\/artikel\/vibracoustic-die-lagerung-von-batteriepacks-bei-e-lkw-38892\/","og_locale":"de_DE","og_type":"article","og_title":"Die Lagerung von Batteriepacks bei E-Lkw","og_description":"Vibracoustic entwickelt NVH-Technologien f\u00fcr die Ausstattung von Nutzfahrzeugen mit emissionsarmen und emissionsfreien Antriebsstr\u00e4ngen.","og_url":"https:\/\/www.krafthand-truck.de\/artikel\/vibracoustic-die-lagerung-von-batteriepacks-bei-e-lkw-38892\/","og_site_name":"Krafthand-Truck","article_published_time":"2024-02-22T11:06:43+00:00","article_modified_time":"2024-02-22T11:38:17+00:00","og_image":[{"width":1024,"height":768,"url":"https:\/\/static.krafthand-truck.de\/uploads\/2024\/02\/Vibracoustic_Lagerung_Batteriepack_E_Lkw-.jpg","type":"image\/jpeg"}],"author":"georg.blenk@krafthand-medien.de","twitter_card":"summary_large_image","twitter_misc":{"Verfasst von":"georg.blenk@krafthand-medien.de","Gesch\u00e4tzte Lesezeit":"2\u00a0Minuten"},"schema":{"@context":"https:\/\/schema.org","@graph":[{"@type":"Article","@id":"https:\/\/www.krafthand.de\/truck\/artikel\/vibracoustic-die-lagerung-von-batteriepacks-bei-e-lkw-38892\/#article","isPartOf":{"@id":"https:\/\/www.krafthand.de\/truck\/artikel\/vibracoustic-die-lagerung-von-batteriepacks-bei-e-lkw-38892\/"},"author":{"name":"georg.blenk@krafthand-medien.de","@id":"https:\/\/www.krafthand.de\/truck\/#\/schema\/person\/51fa80b1c57034c4bf63f9f988fc24ce"},"headline":"Vibracoustic:\u00a0Die Lagerung von Batteriepacks bei E-Lkw","datePublished":"2024-02-22T11:06:43+00:00","dateModified":"2024-02-22T11:38:17+00:00","mainEntityOfPage":{"@id":"https:\/\/www.krafthand.de\/truck\/artikel\/vibracoustic-die-lagerung-von-batteriepacks-bei-e-lkw-38892\/"},"wordCount":344,"image":{"@id":"https:\/\/www.krafthand.de\/truck\/artikel\/vibracoustic-die-lagerung-von-batteriepacks-bei-e-lkw-38892\/#primaryimage"},"thumbnailUrl":"https:\/\/static.krafthand-truck.de\/uploads\/2024\/02\/Vibracoustic_Lagerung_Batteriepack_E_Lkw-.jpg","keywords":["Batteriepack","NVH","Schwingungen","Vibracoustic"],"articleSection":["E-Antrieb (BEV\/FCEV)"],"inLanguage":"de"},{"@type":"WebPage","@id":"https:\/\/www.krafthand.de\/truck\/artikel\/vibracoustic-die-lagerung-von-batteriepacks-bei-e-lkw-38892\/","url":"https:\/\/www.krafthand.de\/truck\/artikel\/vibracoustic-die-lagerung-von-batteriepacks-bei-e-lkw-38892\/","name":"Die Lagerung von Batteriepacks bei E-Lkw","isPartOf":{"@id":"https:\/\/www.krafthand.de\/truck\/#website"},"primaryImageOfPage":{"@id":"https:\/\/www.krafthand.de\/truck\/artikel\/vibracoustic-die-lagerung-von-batteriepacks-bei-e-lkw-38892\/#primaryimage"},"image":{"@id":"https:\/\/www.krafthand.de\/truck\/artikel\/vibracoustic-die-lagerung-von-batteriepacks-bei-e-lkw-38892\/#primaryimage"},"thumbnailUrl":"https:\/\/static.krafthand-truck.de\/uploads\/2024\/02\/Vibracoustic_Lagerung_Batteriepack_E_Lkw-.jpg","datePublished":"2024-02-22T11:06:43+00:00","dateModified":"2024-02-22T11:38:17+00:00","author":{"@id":"https:\/\/www.krafthand.de\/truck\/#\/schema\/person\/51fa80b1c57034c4bf63f9f988fc24ce"},"description":"Vibracoustic entwickelt NVH-Technologien f\u00fcr die Ausstattung von Nutzfahrzeugen mit emissionsarmen und emissionsfreien Antriebsstr\u00e4ngen.","breadcrumb":{"@id":"https:\/\/www.krafthand.de\/truck\/artikel\/vibracoustic-die-lagerung-von-batteriepacks-bei-e-lkw-38892\/#breadcrumb"},"inLanguage":"de","potentialAction":[{"@type":"ReadAction","target":["https:\/\/www.krafthand.de\/truck\/artikel\/vibracoustic-die-lagerung-von-batteriepacks-bei-e-lkw-38892\/"]}]},{"@type":"ImageObject","inLanguage":"de","@id":"https:\/\/www.krafthand.de\/truck\/artikel\/vibracoustic-die-lagerung-von-batteriepacks-bei-e-lkw-38892\/#primaryimage","url":"https:\/\/static.krafthand-truck.de\/uploads\/2024\/02\/Vibracoustic_Lagerung_Batteriepack_E_Lkw-.jpg","contentUrl":"https:\/\/static.krafthand-truck.de\/uploads\/2024\/02\/Vibracoustic_Lagerung_Batteriepack_E_Lkw-.jpg","width":1024,"height":768},{"@type":"BreadcrumbList","@id":"https:\/\/www.krafthand.de\/truck\/artikel\/vibracoustic-die-lagerung-von-batteriepacks-bei-e-lkw-38892\/#breadcrumb","itemListElement":[{"@type":"ListItem","position":1,"name":"Krafthand-Truck","item":"https:\/\/www.krafthand.de\/truck\/"},{"@type":"ListItem","position":2,"name":"Nfz-Technik","item":"https:\/\/www.krafthand.de\/truck\/kategorie\/nfz-technik\/"},{"@type":"ListItem","position":3,"name":"E-Antrieb (BEV\/FCEV)","item":"https:\/\/www.krafthand.de\/truck\/kategorie\/nfz-technik\/e-antrieb\/"},{"@type":"ListItem","position":4,"name":"Vibracoustic:\u00a0Die Lagerung von Batteriepacks bei E-Lkw"}]},{"@type":"WebSite","@id":"https:\/\/www.krafthand.de\/truck\/#website","url":"https:\/\/www.krafthand.de\/truck\/","name":"Krafthand-Truck","description":"","potentialAction":[{"@type":"SearchAction","target":{"@type":"EntryPoint","urlTemplate":"https:\/\/www.krafthand.de\/truck\/?s={search_term_string}"},"query-input":{"@type":"PropertyValueSpecification","valueRequired":true,"valueName":"search_term_string"}}],"inLanguage":"de"},{"@type":"Person","@id":"https:\/\/www.krafthand.de\/truck\/#\/schema\/person\/51fa80b1c57034c4bf63f9f988fc24ce","name":"georg.blenk@krafthand-medien.de","image":{"@type":"ImageObject","inLanguage":"de","@id":"https:\/\/secure.gravatar.com\/avatar\/93713c30affe0aa95d3a4130e499bb1abee2eb31adbdd9ce2aa1543538490215?s=96&d=mm&r=g","url":"https:\/\/secure.gravatar.com\/avatar\/93713c30affe0aa95d3a4130e499bb1abee2eb31adbdd9ce2aa1543538490215?s=96&d=mm&r=g","contentUrl":"https:\/\/secure.gravatar.com\/avatar\/93713c30affe0aa95d3a4130e499bb1abee2eb31adbdd9ce2aa1543538490215?s=96&d=mm&r=g","caption":"georg.blenk@krafthand-medien.de"}}]}},"_links":{"self":[{"href":"https:\/\/www.krafthand.de\/truck\/wp-json\/wp\/v2\/posts\/38892","targetHints":{"allow":["GET"]}}],"collection":[{"href":"https:\/\/www.krafthand.de\/truck\/wp-json\/wp\/v2\/posts"}],"about":[{"href":"https:\/\/www.krafthand.de\/truck\/wp-json\/wp\/v2\/types\/post"}],"author":[{"embeddable":true,"href":"https:\/\/www.krafthand.de\/truck\/wp-json\/wp\/v2\/users\/9"}],"replies":[{"embeddable":true,"href":"https:\/\/www.krafthand.de\/truck\/wp-json\/wp\/v2\/comments?post=38892"}],"version-history":[{"count":3,"href":"https:\/\/www.krafthand.de\/truck\/wp-json\/wp\/v2\/posts\/38892\/revisions"}],"predecessor-version":[{"id":38896,"href":"https:\/\/www.krafthand.de\/truck\/wp-json\/wp\/v2\/posts\/38892\/revisions\/38896"}],"wp:featuredmedia":[{"embeddable":true,"href":"https:\/\/www.krafthand.de\/truck\/wp-json\/wp\/v2\/media\/38893"}],"wp:attachment":[{"href":"https:\/\/www.krafthand.de\/truck\/wp-json\/wp\/v2\/media?parent=38892"}],"wp:term":[{"taxonomy":"category","embeddable":true,"href":"https:\/\/www.krafthand.de\/truck\/wp-json\/wp\/v2\/categories?post=38892"},{"taxonomy":"post_tag","embeddable":true,"href":"https:\/\/www.krafthand.de\/truck\/wp-json\/wp\/v2\/tags?post=38892"},{"taxonomy":"settings","embeddable":true,"href":"https:\/\/www.krafthand.de\/truck\/wp-json\/wp\/v2\/settings?post=38892"}],"curies":[{"name":"wp","href":"https:\/\/api.w.org\/{rel}","templated":true}]}}