{"id":38879,"date":"2024-02-19T14:02:39","date_gmt":"2024-02-19T13:02:39","guid":{"rendered":"https:\/\/www.krafthand.de\/truck\/?p=38879"},"modified":"2024-03-04T10:03:00","modified_gmt":"2024-03-04T09:03:00","slug":"goodyear-maximilian-weber-verantwortlich-fuer-das-lkw-reifengeschaeft","status":"publish","type":"post","link":"https:\/\/www.krafthand.de\/truck\/artikel\/goodyear-maximilian-weber-verantwortlich-fuer-das-lkw-reifengeschaeft-38879\/","title":{"rendered":"Goodyear: Maximilian Weber verantwortlich f\u00fcr das Lkw-Reifengesch\u00e4ft"},"content":{"rendered":"<p>Goodyear gab die Ernennung von Maximilian Weber zum Sales General Manager Commercial DACH bekannt. Er wird k\u00fcnftig f\u00fcr den Vertrieb von LKW-Reifen in Deutschland, \u00d6sterreich und der Schweiz verantwortlich sein.<\/p>\n<p>Weber begann seine Karriere 2008 in der deutschen <a href=\"https:\/\/www.goodyear.eu\/de_de\/truck.html\" target=\"_blank\" rel=\"noopener\">Goodyear<\/a>-Gesellschaft und \u00fcbernahm im Laufe der Jahre zunehmend Verantwortung in verschiedenen Rollen. Zuletzt leitete er als Sales General Manager Consumer das Pkw-Reifengesch\u00e4ft des Reifenherstellers in BeNeLux (Belgien, Niederlande, Luxemburg). Davor war Weber mehrere Jahre lang f\u00fcr den Aufbau und die Leitung des Bereichs Sales-Operations f\u00fcr das europ\u00e4ische Pkw-Reifengesch\u00e4ft zust\u00e4ndig.<\/p>\n<p>Weber folgt auf Oliver Sindermann, der zum Director Revenue Management Commercial EMEA ernannt wurde und damit erweiterte Verantwortung f\u00fcr das Lkw-Reifengesch\u00e4ft in der EMEA-Region \u00fcbernimmt.<\/p>\n","protected":false},"excerpt":{"rendered":"<p>Goodyear gab die Ernennung von Maximilian Weber zum Sales General Manager Commercial DACH bekannt. Er wird k\u00fcnftig f\u00fcr den Vertrieb von LKW-Reifen in Deutschland, \u00d6sterreich und der Schweiz verantwortlich sein. Weber begann seine Karriere 2008 in der deutschen Goodyear-Gesellschaft und \u00fcbernahm im Laufe der Jahre zunehmend Verantwortung in verschiedenen Rollen. Zuletzt leitete er als Sales <span class=\"excerpt-more__dots\">&#8230;<\/span> <a class=\"excerpt-more__link\" href=\"https:\/\/www.krafthand.de\/truck\/artikel\/goodyear-maximilian-weber-verantwortlich-fuer-das-lkw-reifengeschaeft-38879\/\" >weiter<\/a><\/p>\n","protected":false},"author":9,"featured_media":38880,"comment_status":"closed","ping_status":"closed","sticky":false,"template":"","format":"standard","meta":{"footnotes":""},"categories":[4238],"tags":[191,5861,99],"settings":[],"class_list":["post-38879","post","type-post","status-publish","format-standard","has-post-thumbnail","hentry","category-koepfe","tag-goodyear","tag-maximilian-weber","tag-reifen"],"yoast_head":"<!-- This site is optimized with the Yoast SEO plugin v27.3 - https:\/\/yoast.com\/product\/yoast-seo-wordpress\/ -->\n<title>Goodyear: Maximilian Weber neuer Vertriebschef f\u00fcr Lkw-Reifen<\/title>\n<meta name=\"description\" content=\"Goodyear gab die Ernennung von Maximilian Weber zum Sales General Manager Commercial DACH bekannt. Er wird f\u00fcr den Vertrieb von LKW-Reifen verantwortlich sein.\" \/>\n<meta name=\"robots\" content=\"index, follow, max-snippet:-1, max-image-preview:large, max-video-preview:-1\" \/>\n<link rel=\"canonical\" href=\"https:\/\/www.krafthand.de\/truck\/artikel\/goodyear-maximilian-weber-verantwortlich-fuer-das-lkw-reifengeschaeft-38879\/\" \/>\n<meta property=\"og:locale\" content=\"de_DE\" \/>\n<meta property=\"og:type\" content=\"article\" \/>\n<meta property=\"og:title\" content=\"Goodyear: Maximilian Weber neuer Vertriebschef f\u00fcr Lkw-Reifen\" \/>\n<meta property=\"og:description\" content=\"Goodyear gab die Ernennung von Maximilian Weber zum Sales General Manager Commercial DACH bekannt. Er wird f\u00fcr den Vertrieb von LKW-Reifen verantwortlich sein.\" \/>\n<meta property=\"og:url\" content=\"https:\/\/www.krafthand-truck.de\/artikel\/goodyear-maximilian-weber-verantwortlich-fuer-das-lkw-reifengeschaeft-38879\/\" \/>\n<meta property=\"og:site_name\" content=\"Krafthand-Truck\" \/>\n<meta property=\"article:published_time\" content=\"2024-02-19T13:02:39+00:00\" \/>\n<meta property=\"article:modified_time\" content=\"2024-03-04T09:03:00+00:00\" \/>\n<meta property=\"og:image\" content=\"https:\/\/static.krafthand-truck.de\/uploads\/2024\/02\/Goodyear_Maximilian_Weber.jpg\" \/>\n\t<meta property=\"og:image:width\" content=\"800\" \/>\n\t<meta property=\"og:image:height\" content=\"529\" \/>\n\t<meta property=\"og:image:type\" content=\"image\/jpeg\" \/>\n<meta name=\"author\" content=\"georg.blenk@krafthand-medien.de\" \/>\n<meta name=\"twitter:card\" content=\"summary_large_image\" \/>\n<meta name=\"twitter:label1\" content=\"Verfasst von\" \/>\n\t<meta name=\"twitter:data1\" content=\"georg.blenk@krafthand-medien.de\" \/>\n\t<meta name=\"twitter:label2\" content=\"Gesch\u00e4tzte Lesezeit\" \/>\n\t<meta name=\"twitter:data2\" content=\"1\u00a0Minute\" \/>\n<script type=\"application\/ld+json\" class=\"yoast-schema-graph\">{\"@context\":\"https:\\\/\\\/schema.org\",\"@graph\":[{\"@type\":\"Article\",\"@id\":\"https:\\\/\\\/www.krafthand.de\\\/truck\\\/artikel\\\/goodyear-maximilian-weber-verantwortlich-fuer-das-lkw-reifengeschaeft-38879\\\/#article\",\"isPartOf\":{\"@id\":\"https:\\\/\\\/www.krafthand.de\\\/truck\\\/artikel\\\/goodyear-maximilian-weber-verantwortlich-fuer-das-lkw-reifengeschaeft-38879\\\/\"},\"author\":{\"name\":\"georg.blenk@krafthand-medien.de\",\"@id\":\"https:\\\/\\\/www.krafthand.de\\\/truck\\\/#\\\/schema\\\/person\\\/51fa80b1c57034c4bf63f9f988fc24ce\"},\"headline\":\"Goodyear: Maximilian Weber verantwortlich f\u00fcr das Lkw-Reifengesch\u00e4ft\",\"datePublished\":\"2024-02-19T13:02:39+00:00\",\"dateModified\":\"2024-03-04T09:03:00+00:00\",\"mainEntityOfPage\":{\"@id\":\"https:\\\/\\\/www.krafthand.de\\\/truck\\\/artikel\\\/goodyear-maximilian-weber-verantwortlich-fuer-das-lkw-reifengeschaeft-38879\\\/\"},\"wordCount\":130,\"image\":{\"@id\":\"https:\\\/\\\/www.krafthand.de\\\/truck\\\/artikel\\\/goodyear-maximilian-weber-verantwortlich-fuer-das-lkw-reifengeschaeft-38879\\\/#primaryimage\"},\"thumbnailUrl\":\"https:\\\/\\\/static.krafthand-truck.de\\\/uploads\\\/2024\\\/02\\\/Goodyear_Maximilian_Weber.jpg\",\"keywords\":[\"Goodyear\",\"Maximilian Weber\",\"Reifen\"],\"articleSection\":[\"K\u00f6pfe\\\/Personen\"],\"inLanguage\":\"de\"},{\"@type\":\"WebPage\",\"@id\":\"https:\\\/\\\/www.krafthand.de\\\/truck\\\/artikel\\\/goodyear-maximilian-weber-verantwortlich-fuer-das-lkw-reifengeschaeft-38879\\\/\",\"url\":\"https:\\\/\\\/www.krafthand.de\\\/truck\\\/artikel\\\/goodyear-maximilian-weber-verantwortlich-fuer-das-lkw-reifengeschaeft-38879\\\/\",\"name\":\"Goodyear: Maximilian Weber neuer Vertriebschef f\u00fcr Lkw-Reifen\",\"isPartOf\":{\"@id\":\"https:\\\/\\\/www.krafthand.de\\\/truck\\\/#website\"},\"primaryImageOfPage\":{\"@id\":\"https:\\\/\\\/www.krafthand.de\\\/truck\\\/artikel\\\/goodyear-maximilian-weber-verantwortlich-fuer-das-lkw-reifengeschaeft-38879\\\/#primaryimage\"},\"image\":{\"@id\":\"https:\\\/\\\/www.krafthand.de\\\/truck\\\/artikel\\\/goodyear-maximilian-weber-verantwortlich-fuer-das-lkw-reifengeschaeft-38879\\\/#primaryimage\"},\"thumbnailUrl\":\"https:\\\/\\\/static.krafthand-truck.de\\\/uploads\\\/2024\\\/02\\\/Goodyear_Maximilian_Weber.jpg\",\"datePublished\":\"2024-02-19T13:02:39+00:00\",\"dateModified\":\"2024-03-04T09:03:00+00:00\",\"author\":{\"@id\":\"https:\\\/\\\/www.krafthand.de\\\/truck\\\/#\\\/schema\\\/person\\\/51fa80b1c57034c4bf63f9f988fc24ce\"},\"description\":\"Goodyear gab die Ernennung von Maximilian Weber zum Sales General Manager Commercial DACH bekannt. Er wird f\u00fcr den Vertrieb von LKW-Reifen verantwortlich sein.\",\"breadcrumb\":{\"@id\":\"https:\\\/\\\/www.krafthand.de\\\/truck\\\/artikel\\\/goodyear-maximilian-weber-verantwortlich-fuer-das-lkw-reifengeschaeft-38879\\\/#breadcrumb\"},\"inLanguage\":\"de\",\"potentialAction\":[{\"@type\":\"ReadAction\",\"target\":[\"https:\\\/\\\/www.krafthand.de\\\/truck\\\/artikel\\\/goodyear-maximilian-weber-verantwortlich-fuer-das-lkw-reifengeschaeft-38879\\\/\"]}]},{\"@type\":\"ImageObject\",\"inLanguage\":\"de\",\"@id\":\"https:\\\/\\\/www.krafthand.de\\\/truck\\\/artikel\\\/goodyear-maximilian-weber-verantwortlich-fuer-das-lkw-reifengeschaeft-38879\\\/#primaryimage\",\"url\":\"https:\\\/\\\/static.krafthand-truck.de\\\/uploads\\\/2024\\\/02\\\/Goodyear_Maximilian_Weber.jpg\",\"contentUrl\":\"https:\\\/\\\/static.krafthand-truck.de\\\/uploads\\\/2024\\\/02\\\/Goodyear_Maximilian_Weber.jpg\",\"width\":800,\"height\":529},{\"@type\":\"BreadcrumbList\",\"@id\":\"https:\\\/\\\/www.krafthand.de\\\/truck\\\/artikel\\\/goodyear-maximilian-weber-verantwortlich-fuer-das-lkw-reifengeschaeft-38879\\\/#breadcrumb\",\"itemListElement\":[{\"@type\":\"ListItem\",\"position\":1,\"name\":\"Krafthand-Truck\",\"item\":\"https:\\\/\\\/www.krafthand.de\\\/truck\\\/\"},{\"@type\":\"ListItem\",\"position\":2,\"name\":\"Nfz-Branche\",\"item\":\"https:\\\/\\\/www.krafthand.de\\\/truck\\\/kategorie\\\/branche\\\/\"},{\"@type\":\"ListItem\",\"position\":3,\"name\":\"K\u00f6pfe\\\/Personen\",\"item\":\"https:\\\/\\\/www.krafthand.de\\\/truck\\\/kategorie\\\/branche\\\/koepfe\\\/\"},{\"@type\":\"ListItem\",\"position\":4,\"name\":\"Goodyear: Maximilian Weber verantwortlich f\u00fcr das Lkw-Reifengesch\u00e4ft\"}]},{\"@type\":\"WebSite\",\"@id\":\"https:\\\/\\\/www.krafthand.de\\\/truck\\\/#website\",\"url\":\"https:\\\/\\\/www.krafthand.de\\\/truck\\\/\",\"name\":\"Krafthand-Truck\",\"description\":\"\",\"potentialAction\":[{\"@type\":\"SearchAction\",\"target\":{\"@type\":\"EntryPoint\",\"urlTemplate\":\"https:\\\/\\\/www.krafthand.de\\\/truck\\\/?s={search_term_string}\"},\"query-input\":{\"@type\":\"PropertyValueSpecification\",\"valueRequired\":true,\"valueName\":\"search_term_string\"}}],\"inLanguage\":\"de\"},{\"@type\":\"Person\",\"@id\":\"https:\\\/\\\/www.krafthand.de\\\/truck\\\/#\\\/schema\\\/person\\\/51fa80b1c57034c4bf63f9f988fc24ce\",\"name\":\"georg.blenk@krafthand-medien.de\",\"image\":{\"@type\":\"ImageObject\",\"inLanguage\":\"de\",\"@id\":\"https:\\\/\\\/secure.gravatar.com\\\/avatar\\\/93713c30affe0aa95d3a4130e499bb1abee2eb31adbdd9ce2aa1543538490215?s=96&d=mm&r=g\",\"url\":\"https:\\\/\\\/secure.gravatar.com\\\/avatar\\\/93713c30affe0aa95d3a4130e499bb1abee2eb31adbdd9ce2aa1543538490215?s=96&d=mm&r=g\",\"contentUrl\":\"https:\\\/\\\/secure.gravatar.com\\\/avatar\\\/93713c30affe0aa95d3a4130e499bb1abee2eb31adbdd9ce2aa1543538490215?s=96&d=mm&r=g\",\"caption\":\"georg.blenk@krafthand-medien.de\"}}]}<\/script>\n<!-- \/ Yoast SEO plugin. -->","yoast_head_json":{"title":"Goodyear: Maximilian Weber neuer Vertriebschef f\u00fcr Lkw-Reifen","description":"Goodyear gab die Ernennung von Maximilian Weber zum Sales General Manager Commercial DACH bekannt. Er wird f\u00fcr den Vertrieb von LKW-Reifen verantwortlich sein.","robots":{"index":"index","follow":"follow","max-snippet":"max-snippet:-1","max-image-preview":"max-image-preview:large","max-video-preview":"max-video-preview:-1"},"canonical":"https:\/\/www.krafthand.de\/truck\/artikel\/goodyear-maximilian-weber-verantwortlich-fuer-das-lkw-reifengeschaeft-38879\/","og_locale":"de_DE","og_type":"article","og_title":"Goodyear: Maximilian Weber neuer Vertriebschef f\u00fcr Lkw-Reifen","og_description":"Goodyear gab die Ernennung von Maximilian Weber zum Sales General Manager Commercial DACH bekannt. Er wird f\u00fcr den Vertrieb von LKW-Reifen verantwortlich sein.","og_url":"https:\/\/www.krafthand-truck.de\/artikel\/goodyear-maximilian-weber-verantwortlich-fuer-das-lkw-reifengeschaeft-38879\/","og_site_name":"Krafthand-Truck","article_published_time":"2024-02-19T13:02:39+00:00","article_modified_time":"2024-03-04T09:03:00+00:00","og_image":[{"width":800,"height":529,"url":"https:\/\/static.krafthand-truck.de\/uploads\/2024\/02\/Goodyear_Maximilian_Weber.jpg","type":"image\/jpeg"}],"author":"georg.blenk@krafthand-medien.de","twitter_card":"summary_large_image","twitter_misc":{"Verfasst von":"georg.blenk@krafthand-medien.de","Gesch\u00e4tzte Lesezeit":"1\u00a0Minute"},"schema":{"@context":"https:\/\/schema.org","@graph":[{"@type":"Article","@id":"https:\/\/www.krafthand.de\/truck\/artikel\/goodyear-maximilian-weber-verantwortlich-fuer-das-lkw-reifengeschaeft-38879\/#article","isPartOf":{"@id":"https:\/\/www.krafthand.de\/truck\/artikel\/goodyear-maximilian-weber-verantwortlich-fuer-das-lkw-reifengeschaeft-38879\/"},"author":{"name":"georg.blenk@krafthand-medien.de","@id":"https:\/\/www.krafthand.de\/truck\/#\/schema\/person\/51fa80b1c57034c4bf63f9f988fc24ce"},"headline":"Goodyear: Maximilian Weber verantwortlich f\u00fcr das Lkw-Reifengesch\u00e4ft","datePublished":"2024-02-19T13:02:39+00:00","dateModified":"2024-03-04T09:03:00+00:00","mainEntityOfPage":{"@id":"https:\/\/www.krafthand.de\/truck\/artikel\/goodyear-maximilian-weber-verantwortlich-fuer-das-lkw-reifengeschaeft-38879\/"},"wordCount":130,"image":{"@id":"https:\/\/www.krafthand.de\/truck\/artikel\/goodyear-maximilian-weber-verantwortlich-fuer-das-lkw-reifengeschaeft-38879\/#primaryimage"},"thumbnailUrl":"https:\/\/static.krafthand-truck.de\/uploads\/2024\/02\/Goodyear_Maximilian_Weber.jpg","keywords":["Goodyear","Maximilian Weber","Reifen"],"articleSection":["K\u00f6pfe\/Personen"],"inLanguage":"de"},{"@type":"WebPage","@id":"https:\/\/www.krafthand.de\/truck\/artikel\/goodyear-maximilian-weber-verantwortlich-fuer-das-lkw-reifengeschaeft-38879\/","url":"https:\/\/www.krafthand.de\/truck\/artikel\/goodyear-maximilian-weber-verantwortlich-fuer-das-lkw-reifengeschaeft-38879\/","name":"Goodyear: Maximilian Weber neuer Vertriebschef f\u00fcr Lkw-Reifen","isPartOf":{"@id":"https:\/\/www.krafthand.de\/truck\/#website"},"primaryImageOfPage":{"@id":"https:\/\/www.krafthand.de\/truck\/artikel\/goodyear-maximilian-weber-verantwortlich-fuer-das-lkw-reifengeschaeft-38879\/#primaryimage"},"image":{"@id":"https:\/\/www.krafthand.de\/truck\/artikel\/goodyear-maximilian-weber-verantwortlich-fuer-das-lkw-reifengeschaeft-38879\/#primaryimage"},"thumbnailUrl":"https:\/\/static.krafthand-truck.de\/uploads\/2024\/02\/Goodyear_Maximilian_Weber.jpg","datePublished":"2024-02-19T13:02:39+00:00","dateModified":"2024-03-04T09:03:00+00:00","author":{"@id":"https:\/\/www.krafthand.de\/truck\/#\/schema\/person\/51fa80b1c57034c4bf63f9f988fc24ce"},"description":"Goodyear gab die Ernennung von Maximilian Weber zum Sales General Manager Commercial DACH bekannt. Er wird f\u00fcr den Vertrieb von LKW-Reifen verantwortlich sein.","breadcrumb":{"@id":"https:\/\/www.krafthand.de\/truck\/artikel\/goodyear-maximilian-weber-verantwortlich-fuer-das-lkw-reifengeschaeft-38879\/#breadcrumb"},"inLanguage":"de","potentialAction":[{"@type":"ReadAction","target":["https:\/\/www.krafthand.de\/truck\/artikel\/goodyear-maximilian-weber-verantwortlich-fuer-das-lkw-reifengeschaeft-38879\/"]}]},{"@type":"ImageObject","inLanguage":"de","@id":"https:\/\/www.krafthand.de\/truck\/artikel\/goodyear-maximilian-weber-verantwortlich-fuer-das-lkw-reifengeschaeft-38879\/#primaryimage","url":"https:\/\/static.krafthand-truck.de\/uploads\/2024\/02\/Goodyear_Maximilian_Weber.jpg","contentUrl":"https:\/\/static.krafthand-truck.de\/uploads\/2024\/02\/Goodyear_Maximilian_Weber.jpg","width":800,"height":529},{"@type":"BreadcrumbList","@id":"https:\/\/www.krafthand.de\/truck\/artikel\/goodyear-maximilian-weber-verantwortlich-fuer-das-lkw-reifengeschaeft-38879\/#breadcrumb","itemListElement":[{"@type":"ListItem","position":1,"name":"Krafthand-Truck","item":"https:\/\/www.krafthand.de\/truck\/"},{"@type":"ListItem","position":2,"name":"Nfz-Branche","item":"https:\/\/www.krafthand.de\/truck\/kategorie\/branche\/"},{"@type":"ListItem","position":3,"name":"K\u00f6pfe\/Personen","item":"https:\/\/www.krafthand.de\/truck\/kategorie\/branche\/koepfe\/"},{"@type":"ListItem","position":4,"name":"Goodyear: Maximilian Weber verantwortlich f\u00fcr das Lkw-Reifengesch\u00e4ft"}]},{"@type":"WebSite","@id":"https:\/\/www.krafthand.de\/truck\/#website","url":"https:\/\/www.krafthand.de\/truck\/","name":"Krafthand-Truck","description":"","potentialAction":[{"@type":"SearchAction","target":{"@type":"EntryPoint","urlTemplate":"https:\/\/www.krafthand.de\/truck\/?s={search_term_string}"},"query-input":{"@type":"PropertyValueSpecification","valueRequired":true,"valueName":"search_term_string"}}],"inLanguage":"de"},{"@type":"Person","@id":"https:\/\/www.krafthand.de\/truck\/#\/schema\/person\/51fa80b1c57034c4bf63f9f988fc24ce","name":"georg.blenk@krafthand-medien.de","image":{"@type":"ImageObject","inLanguage":"de","@id":"https:\/\/secure.gravatar.com\/avatar\/93713c30affe0aa95d3a4130e499bb1abee2eb31adbdd9ce2aa1543538490215?s=96&d=mm&r=g","url":"https:\/\/secure.gravatar.com\/avatar\/93713c30affe0aa95d3a4130e499bb1abee2eb31adbdd9ce2aa1543538490215?s=96&d=mm&r=g","contentUrl":"https:\/\/secure.gravatar.com\/avatar\/93713c30affe0aa95d3a4130e499bb1abee2eb31adbdd9ce2aa1543538490215?s=96&d=mm&r=g","caption":"georg.blenk@krafthand-medien.de"}}]}},"_links":{"self":[{"href":"https:\/\/www.krafthand.de\/truck\/wp-json\/wp\/v2\/posts\/38879","targetHints":{"allow":["GET"]}}],"collection":[{"href":"https:\/\/www.krafthand.de\/truck\/wp-json\/wp\/v2\/posts"}],"about":[{"href":"https:\/\/www.krafthand.de\/truck\/wp-json\/wp\/v2\/types\/post"}],"author":[{"embeddable":true,"href":"https:\/\/www.krafthand.de\/truck\/wp-json\/wp\/v2\/users\/9"}],"replies":[{"embeddable":true,"href":"https:\/\/www.krafthand.de\/truck\/wp-json\/wp\/v2\/comments?post=38879"}],"version-history":[{"count":1,"href":"https:\/\/www.krafthand.de\/truck\/wp-json\/wp\/v2\/posts\/38879\/revisions"}],"predecessor-version":[{"id":38881,"href":"https:\/\/www.krafthand.de\/truck\/wp-json\/wp\/v2\/posts\/38879\/revisions\/38881"}],"wp:featuredmedia":[{"embeddable":true,"href":"https:\/\/www.krafthand.de\/truck\/wp-json\/wp\/v2\/media\/38880"}],"wp:attachment":[{"href":"https:\/\/www.krafthand.de\/truck\/wp-json\/wp\/v2\/media?parent=38879"}],"wp:term":[{"taxonomy":"category","embeddable":true,"href":"https:\/\/www.krafthand.de\/truck\/wp-json\/wp\/v2\/categories?post=38879"},{"taxonomy":"post_tag","embeddable":true,"href":"https:\/\/www.krafthand.de\/truck\/wp-json\/wp\/v2\/tags?post=38879"},{"taxonomy":"settings","embeddable":true,"href":"https:\/\/www.krafthand.de\/truck\/wp-json\/wp\/v2\/settings?post=38879"}],"curies":[{"name":"wp","href":"https:\/\/api.w.org\/{rel}","templated":true}]}}