{"id":38796,"date":"2024-02-13T13:13:57","date_gmt":"2024-02-13T12:13:57","guid":{"rendered":"https:\/\/www.krafthand.de\/truck\/?p=38796"},"modified":"2024-02-13T13:18:10","modified_gmt":"2024-02-13T12:18:10","slug":"neue-foerderperiode-umwelt-und-sicherheit-beginnt","status":"publish","type":"post","link":"https:\/\/www.krafthand.de\/truck\/artikel\/neue-foerderperiode-umwelt-und-sicherheit-beginnt-38796\/","title":{"rendered":"Neue F\u00f6rderperiode &#8218;Umweltschutz und Sicherheit&#8216; hat begonnen"},"content":{"rendered":"<p>Aus dem De-Minimis-F\u00f6rderprogramm wird ab der F\u00f6rderperiode 2024 das Programm &#8218;Umweltschutz und Sicherheit&#8216;. Im Rahmen dessen f\u00f6rdert der Bund zahlreiche Features, unter anderem auch Investitionen in sichere Auflieger und Anh\u00e4nger. Seit dem 5.2.2024 und bis 31.Mai 2024 k\u00f6nnen Unternehmen des G\u00fcterkraftverkehrs mit schweren Nutzfahrzeugen F\u00f6rderantr\u00e4ge stellen und bei Kauf, Miete und Leasing eines Trailers und bis zu 2.000 Euro je Fahrzeug erhalten.<\/p>\n<p>F\u00f6rderantr\u00e4ge k\u00f6nnen \u00fcber das Onlineportal des Bundesamts f\u00fcr Logistik und Mobilit\u00e4t (BALM) <a href=\"https:\/\/www.balm.bund.de\/DE\/Home\/home_node.html\" target=\"_blank\" rel=\"noopener\">www.balm.bund.de<\/a> gestellt werden. Unter der gleichen Adresse stehen auch alle Informationen zum Programm zum Download bereit. Mit den Zusch\u00fcssen f\u00f6rdert der Staat unter anderem Investitionen, die dem Umweltschutz und der Verkehrssicherheit dienen.<\/p>\n<p>Der F\u00f6rderkatalog des Programms umfasst eine Vielzahl von Systemen, welche die Sicherheit und die Transporteffizienz und damit auch die Nachhaltigkeit eines Nutzfahrzeugs optimieren sollen. Dazu z\u00e4hlen beispielsweise Telematik- und Reifendruck\u00fcberwachungs- sowie -Nachf\u00fcllsysteme, Dachplanen-Hubvorrichtungen, um gef\u00e4hrliche Dachlasten wie Eis zu entfernen, Rampenanfahrhilfen, Lenkachsen, rollwiderstandsoptimierte Reifen, schnittfeste Planen, Trennw\u00e4nde und K\u00fchlvorh\u00e4nge sowie aerodynamisch g\u00fcnstige Luftleitk\u00f6rper. Die vollst\u00e4ndige Liste findet sich ebenfalls auf der Internetseite des BALM.<\/p>\n<h3>Wer zuerst beantragt, erh\u00e4lt zuerst \u2013 solange das Geld reicht<\/h3>\n<p>Die F\u00f6rderantr\u00e4ge m\u00fcssen vor dem Abschluss des Fahrzeugkaufs oder dem Beginn eines Miet- und Leasingvertrags gestellt werden. F\u00f6rderf\u00e4hig sind nur Ma\u00dfnahmen, die ein Unternehmen innerhalb von drei Monaten nach Zugang des Zuwendungsbescheids durchf\u00fchrt. Die H\u00f6he der Zuwendung betr\u00e4gt h\u00f6chstens 80 Prozent der zuwendungsf\u00e4higen Ausgaben. Der F\u00f6rderh\u00f6chstbetrag pro Unternehmen ist abh\u00e4ngig von der Zahl der auf das Unternehmen zugelassenen schweren Nutzfahrzeuge und betr\u00e4gt pro Jahr und pro Fahrzeug maximal 2.000 Euro Au\u00dferdem kann ein Unternehmen insgesamt h\u00f6chstens 33.000 Euro pro Jahr erhalten. Die Vergabe der F\u00f6rdermittel erfolgt nach dem Windhundprinzip. Das hei\u00dft: Das BALM bearbeitet die Antr\u00e4ge nach dem Eingangszeitstempel und gew\u00e4hrt h\u00f6chstens so lange Zusch\u00fcsse, bis der F\u00f6rdertopf aufgebraucht ist. Das letzte Budget 2023 war relativ rasch ausgesch\u00f6pft!<\/p>\n","protected":false},"excerpt":{"rendered":"<p>Aus dem De-Minimis-F\u00f6rderprogramm wird ab der F\u00f6rderperiode 2024 das Programm &#8218;Umweltschutz und Sicherheit&#8216;. Im Rahmen dessen f\u00f6rdert der Bund zahlreiche Features, unter anderem auch Investitionen in sichere Auflieger und Anh\u00e4nger. <span class=\"excerpt-more__dots\">&#8230;<\/span> <a class=\"excerpt-more__link\" href=\"https:\/\/www.krafthand.de\/truck\/artikel\/neue-foerderperiode-umwelt-und-sicherheit-beginnt-38796\/\" >weiter<\/a><\/p>\n","protected":false},"author":9,"featured_media":38800,"comment_status":"closed","ping_status":"closed","sticky":false,"template":"","format":"standard","meta":{"footnotes":""},"categories":[4915,4245],"tags":[4302,5009,5840],"settings":[4766,3523],"class_list":["post-38796","post","type-post","status-publish","format-standard","has-post-thumbnail","hentry","category-neue-fahrzeuge","category-verbaende","tag-deminimis","tag-foerderprogramm","tag-umweltschutz-und-sicherheit"],"yoast_head":"<!-- This site is optimized with the Yoast SEO plugin v27.3 - https:\/\/yoast.com\/product\/yoast-seo-wordpress\/ -->\n<title>F\u00f6rderprogramm &#039;Umweltschutz und Sicherheit&#039;<\/title>\n<meta name=\"description\" content=\"Aus dem De-Minimis-F\u00f6rderprogramm wird ab der F\u00f6rderperiode 2024 das Programm &#039;Umweltschutz und Sicherheit&#039;.\" \/>\n<meta name=\"robots\" content=\"index, follow, max-snippet:-1, max-image-preview:large, max-video-preview:-1\" \/>\n<link rel=\"canonical\" href=\"https:\/\/www.krafthand.de\/truck\/artikel\/neue-foerderperiode-umwelt-und-sicherheit-beginnt-38796\/\" \/>\n<meta property=\"og:locale\" content=\"de_DE\" \/>\n<meta property=\"og:type\" content=\"article\" \/>\n<meta property=\"og:title\" content=\"F\u00f6rderprogramm &#039;Umweltschutz und Sicherheit&#039;\" \/>\n<meta property=\"og:description\" content=\"Aus dem De-Minimis-F\u00f6rderprogramm wird ab der F\u00f6rderperiode 2024 das Programm &#039;Umweltschutz und Sicherheit&#039;.\" \/>\n<meta property=\"og:url\" content=\"https:\/\/www.krafthand-truck.de\/artikel\/neue-foerderperiode-umwelt-und-sicherheit-beginnt-38796\/\" \/>\n<meta property=\"og:site_name\" content=\"Krafthand-Truck\" \/>\n<meta property=\"article:published_time\" content=\"2024-02-13T12:13:57+00:00\" \/>\n<meta property=\"article:modified_time\" content=\"2024-02-13T12:18:10+00:00\" \/>\n<meta property=\"og:image\" content=\"https:\/\/static.krafthand-truck.de\/uploads\/2024\/02\/Koegel_Foerderperiode_De_Minimis.jpg\" \/>\n\t<meta property=\"og:image:width\" content=\"1080\" \/>\n\t<meta property=\"og:image:height\" content=\"608\" \/>\n\t<meta property=\"og:image:type\" content=\"image\/jpeg\" \/>\n<meta name=\"author\" content=\"georg.blenk@krafthand-medien.de\" \/>\n<meta name=\"twitter:card\" content=\"summary_large_image\" \/>\n<meta name=\"twitter:label1\" content=\"Verfasst von\" \/>\n\t<meta name=\"twitter:data1\" content=\"georg.blenk@krafthand-medien.de\" \/>\n\t<meta name=\"twitter:label2\" content=\"Gesch\u00e4tzte Lesezeit\" \/>\n\t<meta name=\"twitter:data2\" content=\"2\u00a0Minuten\" \/>\n<script type=\"application\/ld+json\" class=\"yoast-schema-graph\">{\"@context\":\"https:\\\/\\\/schema.org\",\"@graph\":[{\"@type\":\"Article\",\"@id\":\"https:\\\/\\\/www.krafthand.de\\\/truck\\\/artikel\\\/neue-foerderperiode-umwelt-und-sicherheit-beginnt-38796\\\/#article\",\"isPartOf\":{\"@id\":\"https:\\\/\\\/www.krafthand.de\\\/truck\\\/artikel\\\/neue-foerderperiode-umwelt-und-sicherheit-beginnt-38796\\\/\"},\"author\":{\"name\":\"georg.blenk@krafthand-medien.de\",\"@id\":\"https:\\\/\\\/www.krafthand.de\\\/truck\\\/#\\\/schema\\\/person\\\/51fa80b1c57034c4bf63f9f988fc24ce\"},\"headline\":\"Neue F\u00f6rderperiode &#8218;Umweltschutz und Sicherheit&#8216; hat begonnen\",\"datePublished\":\"2024-02-13T12:13:57+00:00\",\"dateModified\":\"2024-02-13T12:18:10+00:00\",\"mainEntityOfPage\":{\"@id\":\"https:\\\/\\\/www.krafthand.de\\\/truck\\\/artikel\\\/neue-foerderperiode-umwelt-und-sicherheit-beginnt-38796\\\/\"},\"wordCount\":352,\"image\":{\"@id\":\"https:\\\/\\\/www.krafthand.de\\\/truck\\\/artikel\\\/neue-foerderperiode-umwelt-und-sicherheit-beginnt-38796\\\/#primaryimage\"},\"thumbnailUrl\":\"https:\\\/\\\/static.krafthand-truck.de\\\/uploads\\\/2024\\\/02\\\/Koegel_Foerderperiode_De_Minimis.jpg\",\"keywords\":[\"DeMinimis\",\"F\u00f6rderprogramm\",\"Umweltschutz und Sicherheit\"],\"articleSection\":[\"Neue Fahrzeuge\",\"Verb\u00e4nde\\\/Politik\\\/Recht\"],\"inLanguage\":\"de\"},{\"@type\":\"WebPage\",\"@id\":\"https:\\\/\\\/www.krafthand.de\\\/truck\\\/artikel\\\/neue-foerderperiode-umwelt-und-sicherheit-beginnt-38796\\\/\",\"url\":\"https:\\\/\\\/www.krafthand.de\\\/truck\\\/artikel\\\/neue-foerderperiode-umwelt-und-sicherheit-beginnt-38796\\\/\",\"name\":\"F\u00f6rderprogramm 'Umweltschutz und Sicherheit'\",\"isPartOf\":{\"@id\":\"https:\\\/\\\/www.krafthand.de\\\/truck\\\/#website\"},\"primaryImageOfPage\":{\"@id\":\"https:\\\/\\\/www.krafthand.de\\\/truck\\\/artikel\\\/neue-foerderperiode-umwelt-und-sicherheit-beginnt-38796\\\/#primaryimage\"},\"image\":{\"@id\":\"https:\\\/\\\/www.krafthand.de\\\/truck\\\/artikel\\\/neue-foerderperiode-umwelt-und-sicherheit-beginnt-38796\\\/#primaryimage\"},\"thumbnailUrl\":\"https:\\\/\\\/static.krafthand-truck.de\\\/uploads\\\/2024\\\/02\\\/Koegel_Foerderperiode_De_Minimis.jpg\",\"datePublished\":\"2024-02-13T12:13:57+00:00\",\"dateModified\":\"2024-02-13T12:18:10+00:00\",\"author\":{\"@id\":\"https:\\\/\\\/www.krafthand.de\\\/truck\\\/#\\\/schema\\\/person\\\/51fa80b1c57034c4bf63f9f988fc24ce\"},\"description\":\"Aus dem De-Minimis-F\u00f6rderprogramm wird ab der F\u00f6rderperiode 2024 das Programm 'Umweltschutz und Sicherheit'.\",\"breadcrumb\":{\"@id\":\"https:\\\/\\\/www.krafthand.de\\\/truck\\\/artikel\\\/neue-foerderperiode-umwelt-und-sicherheit-beginnt-38796\\\/#breadcrumb\"},\"inLanguage\":\"de\",\"potentialAction\":[{\"@type\":\"ReadAction\",\"target\":[\"https:\\\/\\\/www.krafthand.de\\\/truck\\\/artikel\\\/neue-foerderperiode-umwelt-und-sicherheit-beginnt-38796\\\/\"]}]},{\"@type\":\"ImageObject\",\"inLanguage\":\"de\",\"@id\":\"https:\\\/\\\/www.krafthand.de\\\/truck\\\/artikel\\\/neue-foerderperiode-umwelt-und-sicherheit-beginnt-38796\\\/#primaryimage\",\"url\":\"https:\\\/\\\/static.krafthand-truck.de\\\/uploads\\\/2024\\\/02\\\/Koegel_Foerderperiode_De_Minimis.jpg\",\"contentUrl\":\"https:\\\/\\\/static.krafthand-truck.de\\\/uploads\\\/2024\\\/02\\\/Koegel_Foerderperiode_De_Minimis.jpg\",\"width\":1080,\"height\":608},{\"@type\":\"BreadcrumbList\",\"@id\":\"https:\\\/\\\/www.krafthand.de\\\/truck\\\/artikel\\\/neue-foerderperiode-umwelt-und-sicherheit-beginnt-38796\\\/#breadcrumb\",\"itemListElement\":[{\"@type\":\"ListItem\",\"position\":1,\"name\":\"Krafthand-Truck\",\"item\":\"https:\\\/\\\/www.krafthand.de\\\/truck\\\/\"},{\"@type\":\"ListItem\",\"position\":2,\"name\":\"IT+Fuhrpark\",\"item\":\"https:\\\/\\\/www.krafthand.de\\\/truck\\\/kategorie\\\/fuhrpark\\\/\"},{\"@type\":\"ListItem\",\"position\":3,\"name\":\"Neue Fahrzeuge\",\"item\":\"https:\\\/\\\/www.krafthand.de\\\/truck\\\/kategorie\\\/fuhrpark\\\/neue-fahrzeuge\\\/\"},{\"@type\":\"ListItem\",\"position\":4,\"name\":\"Neue F\u00f6rderperiode &#8218;Umweltschutz und Sicherheit&#8216; hat begonnen\"}]},{\"@type\":\"WebSite\",\"@id\":\"https:\\\/\\\/www.krafthand.de\\\/truck\\\/#website\",\"url\":\"https:\\\/\\\/www.krafthand.de\\\/truck\\\/\",\"name\":\"Krafthand-Truck\",\"description\":\"\",\"potentialAction\":[{\"@type\":\"SearchAction\",\"target\":{\"@type\":\"EntryPoint\",\"urlTemplate\":\"https:\\\/\\\/www.krafthand.de\\\/truck\\\/?s={search_term_string}\"},\"query-input\":{\"@type\":\"PropertyValueSpecification\",\"valueRequired\":true,\"valueName\":\"search_term_string\"}}],\"inLanguage\":\"de\"},{\"@type\":\"Person\",\"@id\":\"https:\\\/\\\/www.krafthand.de\\\/truck\\\/#\\\/schema\\\/person\\\/51fa80b1c57034c4bf63f9f988fc24ce\",\"name\":\"georg.blenk@krafthand-medien.de\",\"image\":{\"@type\":\"ImageObject\",\"inLanguage\":\"de\",\"@id\":\"https:\\\/\\\/secure.gravatar.com\\\/avatar\\\/93713c30affe0aa95d3a4130e499bb1abee2eb31adbdd9ce2aa1543538490215?s=96&d=mm&r=g\",\"url\":\"https:\\\/\\\/secure.gravatar.com\\\/avatar\\\/93713c30affe0aa95d3a4130e499bb1abee2eb31adbdd9ce2aa1543538490215?s=96&d=mm&r=g\",\"contentUrl\":\"https:\\\/\\\/secure.gravatar.com\\\/avatar\\\/93713c30affe0aa95d3a4130e499bb1abee2eb31adbdd9ce2aa1543538490215?s=96&d=mm&r=g\",\"caption\":\"georg.blenk@krafthand-medien.de\"}}]}<\/script>\n<!-- \/ Yoast SEO plugin. -->","yoast_head_json":{"title":"F\u00f6rderprogramm 'Umweltschutz und Sicherheit'","description":"Aus dem De-Minimis-F\u00f6rderprogramm wird ab der F\u00f6rderperiode 2024 das Programm 'Umweltschutz und Sicherheit'.","robots":{"index":"index","follow":"follow","max-snippet":"max-snippet:-1","max-image-preview":"max-image-preview:large","max-video-preview":"max-video-preview:-1"},"canonical":"https:\/\/www.krafthand.de\/truck\/artikel\/neue-foerderperiode-umwelt-und-sicherheit-beginnt-38796\/","og_locale":"de_DE","og_type":"article","og_title":"F\u00f6rderprogramm 'Umweltschutz und Sicherheit'","og_description":"Aus dem De-Minimis-F\u00f6rderprogramm wird ab der F\u00f6rderperiode 2024 das Programm 'Umweltschutz und Sicherheit'.","og_url":"https:\/\/www.krafthand-truck.de\/artikel\/neue-foerderperiode-umwelt-und-sicherheit-beginnt-38796\/","og_site_name":"Krafthand-Truck","article_published_time":"2024-02-13T12:13:57+00:00","article_modified_time":"2024-02-13T12:18:10+00:00","og_image":[{"width":1080,"height":608,"url":"https:\/\/static.krafthand-truck.de\/uploads\/2024\/02\/Koegel_Foerderperiode_De_Minimis.jpg","type":"image\/jpeg"}],"author":"georg.blenk@krafthand-medien.de","twitter_card":"summary_large_image","twitter_misc":{"Verfasst von":"georg.blenk@krafthand-medien.de","Gesch\u00e4tzte Lesezeit":"2\u00a0Minuten"},"schema":{"@context":"https:\/\/schema.org","@graph":[{"@type":"Article","@id":"https:\/\/www.krafthand.de\/truck\/artikel\/neue-foerderperiode-umwelt-und-sicherheit-beginnt-38796\/#article","isPartOf":{"@id":"https:\/\/www.krafthand.de\/truck\/artikel\/neue-foerderperiode-umwelt-und-sicherheit-beginnt-38796\/"},"author":{"name":"georg.blenk@krafthand-medien.de","@id":"https:\/\/www.krafthand.de\/truck\/#\/schema\/person\/51fa80b1c57034c4bf63f9f988fc24ce"},"headline":"Neue F\u00f6rderperiode &#8218;Umweltschutz und Sicherheit&#8216; hat begonnen","datePublished":"2024-02-13T12:13:57+00:00","dateModified":"2024-02-13T12:18:10+00:00","mainEntityOfPage":{"@id":"https:\/\/www.krafthand.de\/truck\/artikel\/neue-foerderperiode-umwelt-und-sicherheit-beginnt-38796\/"},"wordCount":352,"image":{"@id":"https:\/\/www.krafthand.de\/truck\/artikel\/neue-foerderperiode-umwelt-und-sicherheit-beginnt-38796\/#primaryimage"},"thumbnailUrl":"https:\/\/static.krafthand-truck.de\/uploads\/2024\/02\/Koegel_Foerderperiode_De_Minimis.jpg","keywords":["DeMinimis","F\u00f6rderprogramm","Umweltschutz und Sicherheit"],"articleSection":["Neue Fahrzeuge","Verb\u00e4nde\/Politik\/Recht"],"inLanguage":"de"},{"@type":"WebPage","@id":"https:\/\/www.krafthand.de\/truck\/artikel\/neue-foerderperiode-umwelt-und-sicherheit-beginnt-38796\/","url":"https:\/\/www.krafthand.de\/truck\/artikel\/neue-foerderperiode-umwelt-und-sicherheit-beginnt-38796\/","name":"F\u00f6rderprogramm 'Umweltschutz und Sicherheit'","isPartOf":{"@id":"https:\/\/www.krafthand.de\/truck\/#website"},"primaryImageOfPage":{"@id":"https:\/\/www.krafthand.de\/truck\/artikel\/neue-foerderperiode-umwelt-und-sicherheit-beginnt-38796\/#primaryimage"},"image":{"@id":"https:\/\/www.krafthand.de\/truck\/artikel\/neue-foerderperiode-umwelt-und-sicherheit-beginnt-38796\/#primaryimage"},"thumbnailUrl":"https:\/\/static.krafthand-truck.de\/uploads\/2024\/02\/Koegel_Foerderperiode_De_Minimis.jpg","datePublished":"2024-02-13T12:13:57+00:00","dateModified":"2024-02-13T12:18:10+00:00","author":{"@id":"https:\/\/www.krafthand.de\/truck\/#\/schema\/person\/51fa80b1c57034c4bf63f9f988fc24ce"},"description":"Aus dem De-Minimis-F\u00f6rderprogramm wird ab der F\u00f6rderperiode 2024 das Programm 'Umweltschutz und Sicherheit'.","breadcrumb":{"@id":"https:\/\/www.krafthand.de\/truck\/artikel\/neue-foerderperiode-umwelt-und-sicherheit-beginnt-38796\/#breadcrumb"},"inLanguage":"de","potentialAction":[{"@type":"ReadAction","target":["https:\/\/www.krafthand.de\/truck\/artikel\/neue-foerderperiode-umwelt-und-sicherheit-beginnt-38796\/"]}]},{"@type":"ImageObject","inLanguage":"de","@id":"https:\/\/www.krafthand.de\/truck\/artikel\/neue-foerderperiode-umwelt-und-sicherheit-beginnt-38796\/#primaryimage","url":"https:\/\/static.krafthand-truck.de\/uploads\/2024\/02\/Koegel_Foerderperiode_De_Minimis.jpg","contentUrl":"https:\/\/static.krafthand-truck.de\/uploads\/2024\/02\/Koegel_Foerderperiode_De_Minimis.jpg","width":1080,"height":608},{"@type":"BreadcrumbList","@id":"https:\/\/www.krafthand.de\/truck\/artikel\/neue-foerderperiode-umwelt-und-sicherheit-beginnt-38796\/#breadcrumb","itemListElement":[{"@type":"ListItem","position":1,"name":"Krafthand-Truck","item":"https:\/\/www.krafthand.de\/truck\/"},{"@type":"ListItem","position":2,"name":"IT+Fuhrpark","item":"https:\/\/www.krafthand.de\/truck\/kategorie\/fuhrpark\/"},{"@type":"ListItem","position":3,"name":"Neue Fahrzeuge","item":"https:\/\/www.krafthand.de\/truck\/kategorie\/fuhrpark\/neue-fahrzeuge\/"},{"@type":"ListItem","position":4,"name":"Neue F\u00f6rderperiode &#8218;Umweltschutz und Sicherheit&#8216; hat begonnen"}]},{"@type":"WebSite","@id":"https:\/\/www.krafthand.de\/truck\/#website","url":"https:\/\/www.krafthand.de\/truck\/","name":"Krafthand-Truck","description":"","potentialAction":[{"@type":"SearchAction","target":{"@type":"EntryPoint","urlTemplate":"https:\/\/www.krafthand.de\/truck\/?s={search_term_string}"},"query-input":{"@type":"PropertyValueSpecification","valueRequired":true,"valueName":"search_term_string"}}],"inLanguage":"de"},{"@type":"Person","@id":"https:\/\/www.krafthand.de\/truck\/#\/schema\/person\/51fa80b1c57034c4bf63f9f988fc24ce","name":"georg.blenk@krafthand-medien.de","image":{"@type":"ImageObject","inLanguage":"de","@id":"https:\/\/secure.gravatar.com\/avatar\/93713c30affe0aa95d3a4130e499bb1abee2eb31adbdd9ce2aa1543538490215?s=96&d=mm&r=g","url":"https:\/\/secure.gravatar.com\/avatar\/93713c30affe0aa95d3a4130e499bb1abee2eb31adbdd9ce2aa1543538490215?s=96&d=mm&r=g","contentUrl":"https:\/\/secure.gravatar.com\/avatar\/93713c30affe0aa95d3a4130e499bb1abee2eb31adbdd9ce2aa1543538490215?s=96&d=mm&r=g","caption":"georg.blenk@krafthand-medien.de"}}]}},"_links":{"self":[{"href":"https:\/\/www.krafthand.de\/truck\/wp-json\/wp\/v2\/posts\/38796","targetHints":{"allow":["GET"]}}],"collection":[{"href":"https:\/\/www.krafthand.de\/truck\/wp-json\/wp\/v2\/posts"}],"about":[{"href":"https:\/\/www.krafthand.de\/truck\/wp-json\/wp\/v2\/types\/post"}],"author":[{"embeddable":true,"href":"https:\/\/www.krafthand.de\/truck\/wp-json\/wp\/v2\/users\/9"}],"replies":[{"embeddable":true,"href":"https:\/\/www.krafthand.de\/truck\/wp-json\/wp\/v2\/comments?post=38796"}],"version-history":[{"count":8,"href":"https:\/\/www.krafthand.de\/truck\/wp-json\/wp\/v2\/posts\/38796\/revisions"}],"predecessor-version":[{"id":38805,"href":"https:\/\/www.krafthand.de\/truck\/wp-json\/wp\/v2\/posts\/38796\/revisions\/38805"}],"wp:featuredmedia":[{"embeddable":true,"href":"https:\/\/www.krafthand.de\/truck\/wp-json\/wp\/v2\/media\/38800"}],"wp:attachment":[{"href":"https:\/\/www.krafthand.de\/truck\/wp-json\/wp\/v2\/media?parent=38796"}],"wp:term":[{"taxonomy":"category","embeddable":true,"href":"https:\/\/www.krafthand.de\/truck\/wp-json\/wp\/v2\/categories?post=38796"},{"taxonomy":"post_tag","embeddable":true,"href":"https:\/\/www.krafthand.de\/truck\/wp-json\/wp\/v2\/tags?post=38796"},{"taxonomy":"settings","embeddable":true,"href":"https:\/\/www.krafthand.de\/truck\/wp-json\/wp\/v2\/settings?post=38796"}],"curies":[{"name":"wp","href":"https:\/\/api.w.org\/{rel}","templated":true}]}}