{"id":38771,"date":"2024-02-12T14:37:04","date_gmt":"2024-02-12T13:37:04","guid":{"rendered":"https:\/\/www.krafthand.de\/truck\/?p=38771"},"modified":"2024-02-15T11:45:01","modified_gmt":"2024-02-15T10:45:01","slug":"mit-zaudern-ist-man-noch-nie-weit-gekommen","status":"publish","type":"post","link":"https:\/\/www.krafthand.de\/truck\/artikel\/mit-zaudern-ist-man-noch-nie-weit-gekommen-38771\/","title":{"rendered":"\u201eMit Zaudern ist man noch nie weit gekommen.\u201c"},"content":{"rendered":"<p>Die Max Wild GmbH mit Hauptsitz im schw\u00e4bischen Berkheim ist ein familiengef\u00fchrtes Traditionsunternehmen. Es wird in zweiter und dritter Generation von den Br\u00fcdern Roland, Elmar, Jochen, Christian und Markus Wild gef\u00fchrt. Aktuell besch\u00e4ftigt der Spezialist f\u00fcr Abbrucharbeiten, Schwertransporte, Fl\u00e4chenrecycling, Tief- und Erdbau, Bohrtechnik sowie Rohrleitungsbau rund 650 Mitarbeiter und Mitarbeiterinnen sowie 60 Azubis. Das Unternehmen hat \u00fcber 440 Nutzfahrzeuge unterschiedlichster Art im Einsatz, alleine im S\u00fcdwesten Deutschlands gibt es 17 Standorte. Im August 2020 er\u00f6ffnete das Unternehmen einen neuen, hochmodernen Werkstattbetrieb. \u201aDIE WERKSTATT\u2018 ist markenunabh\u00e4ngig und auf Pkw, Lkw, Tieflader, Baumaschinen und Spezialfahrzeuge spezialisiert. Dazu geh\u00f6rt auch eine Stahlbau-Abteilung. Zudem habe man die Elektromobilit\u00e4t im Blick. Neu ist ebenfalls eine hochmoderne Waschstra\u00dfe, die nahezu ohne Frischwasser auskommt. Wir haben uns mit Daniel Wild, Gesch\u00e4ftsfeldleiter <a href=\"https:\/\/www.diewerkstatt.online\" target=\"_blank\" rel=\"noopener\">\u201aDIE WERKSTATT\u2018<\/a> \u00fcber die Herausforderungen die der Betrieb einer Mehrmarkenwerkstatt in dieser Gr\u00f6\u00dfe mit sich bringt, unterhalten.<\/p>\n<p><strong>Sehr geehrter Herr Wild, sie tragen f\u00fcr den neuen Werkstattbetrieb die Verantwortung. Was geh\u00f6rt zu Ihren Aufgaben?<\/strong><br \/>\nAls Gesch\u00e4ftsfeldleiter f\u00fcr die Werkstatt bin ich tats\u00e4chlich f\u00fcr alle Themen rund um unseren neuen Werkstattbetrieb verantwortlich. Das f\u00e4ngt bei der Leitung von 70 Mitarbeitern an und h\u00f6rt bei kleineren Reparaturen rund um die Werkstatt sowie am Geb\u00e4ude auf. Zudem trage ich die komplette kaufm\u00e4nnische Verantwortung. Die Zielvorgaben bekomme ich von unserer Gesch\u00e4ftsleitung.<\/p>\n<p><strong>Wie gro\u00df ist der neue Werkstattbetrieb, wieviel Lkw- und Pkw-Arbeitspl\u00e4tze halten Sie vor?<\/strong><br \/>\nWir verf\u00fcgen am Standort Burtenbach \u00fcber sieben Pkw- und zw\u00f6lf Lkw-Reparaturpl\u00e4tze, vier Tieflader- und zehn Baumaschinen-Pl\u00e4tze. Hinzu kommen sieben Arbeitspl\u00e4tze f\u00fcr Schwei\u00dfarbeiten sowie eine Lackierkabine mit 21 Metern L\u00e4nge.<\/p>\n<p>&nbsp;<\/p>\n<div class=\"infobox box-grey\"><\/p>\n<h4>Zur Person<\/h4>\n<p><figure id=\"attachment_38774\" aria-describedby=\"caption-attachment-38774\" style=\"width: 160px\" class=\"wp-caption alignleft\"><a href=\"https:\/\/static.krafthand-truck.de\/uploads\/2024\/02\/Max_Wild_Daniel_Wild_Portrait.jpg\" target=\"_blank\" rel=\"noopener\"><img decoding=\"async\" class=\"wp-image-38774\" src=\"https:\/\/static.krafthand-truck.de\/uploads\/2024\/02\/Max_Wild_Daniel_Wild_Portrait-238x300.jpg\" alt=\"\" width=\"160\" height=\"202\" srcset=\"https:\/\/static.krafthand-truck.de\/uploads\/2024\/02\/Max_Wild_Daniel_Wild_Portrait-238x300.jpg 238w, https:\/\/static.krafthand-truck.de\/uploads\/2024\/02\/Max_Wild_Daniel_Wild_Portrait-768x969.jpg 768w, https:\/\/static.krafthand-truck.de\/uploads\/2024\/02\/Max_Wild_Daniel_Wild_Portrait.jpg 800w\" sizes=\"(max-width: 160px) 100vw, 160px\" \/><\/a><figcaption id=\"caption-attachment-38774\" class=\"wp-caption-text\">Daniel Wild. Bild: Blenk<\/figcaption><\/figure><\/p>\n<p>Daniel Wild (33) ist gelernter Kfz-Mechatroniker. Seine Ausbildung hat er in einer Lkw-Werkstatt bei MAN in Memmingen absolviert. Anschlie\u00dfend machte Daniel Wild sein Fachabitur. Es folgte ein f\u00fcnf-monatiger Auslandsaufenthalt in Australien. Im Nachgang absolvierte er erfolgreich ein Studium mit der Fachrichtung \u201aMechatronik mit Fachrichtung Fahrzeugtechnik\u2018 in Ulm.<\/p>\n<p>Seit 2016 ist Daniel Wild im Familienunternehmen, der Firma Max Wild, t\u00e4tig. Seit 2019 ist er Gesch\u00e4ftsfeldleiter und Hauptverantwortlicher f\u00fcr \u201aDie Werkstatt\u2018 sowie f\u00fcr den Gebrauchtmaschinenhandel und die Produktion des Mud-Cleaners.<br \/>\n<\/div>\n<p>&nbsp;<\/p>\n<p><strong>Wie viele Mechatroniker(innen) sind bei der Max Wild GmbH besch\u00e4ftigt und wie begegnen Sie dem Nachwuchsmangel?<\/strong><br \/>\nWir besch\u00e4ftigen rund 50 Mechatroniker(innen) in den Fachbereichen Kfz, Nfz sowie Land- und Baumaschinen. Hinzu kommen auch Schwei\u00dfer und Lackierer. Wir haben alleine in der Werkstatt 20 Azubis. Nat\u00fcrlich versuchen wir auch so viele wie m\u00f6glich zu \u00fcbernehmen. Uns ist es dabei sehr wichtig, auf alle Mitarbeiter pers\u00f6nlich einzugehen und sie quasi mitzunehmen. Dabei ist es v\u00f6llig egal, ob es sich um einen Azubi, den Hausmeister oder einen Kfz-Meister handelt. Ich behandle alle gleich. Die Bed\u00fcrfnisse von jungen Menschen sind ganz andere, als die von \u00e4lteren. Man sollte verstehen, wie man am besten junge Leute integriert und motiviert, gleichsam an die Hand nimmt. Dann klappt es auch im Tagesgesch\u00e4ft. Besonders junge Mechatroniker(innen) sind wichtige Botschafter f\u00fcr unser Unternehmen, im besten Fall bringen sie neue, motivierte Leute mit.<\/p>\n<blockquote class=\"khm-quote\"><p>\u201eBesonders junge Mechatroniker(innen) sind wichtige Botschafter f\u00fcr unser Unternehmen.\u201c<\/p><\/blockquote>\n<p>&nbsp;<\/p>\n<figure id=\"attachment_38777\" aria-describedby=\"caption-attachment-38777\" style=\"width: 800px\" class=\"wp-caption aligncenter\"><img fetchpriority=\"high\" decoding=\"async\" class=\"wp-image-38777\" src=\"https:\/\/static.krafthand-truck.de\/uploads\/2024\/02\/Max_Wild_die_Werkstatt_Lkw-300x188.jpg\" alt=\"\" width=\"800\" height=\"501\" srcset=\"https:\/\/static.krafthand-truck.de\/uploads\/2024\/02\/Max_Wild_die_Werkstatt_Lkw-300x188.jpg 300w, https:\/\/static.krafthand-truck.de\/uploads\/2024\/02\/Max_Wild_die_Werkstatt_Lkw-1024x641.jpg 1024w, https:\/\/static.krafthand-truck.de\/uploads\/2024\/02\/Max_Wild_die_Werkstatt_Lkw-768x481.jpg 768w, https:\/\/static.krafthand-truck.de\/uploads\/2024\/02\/Max_Wild_die_Werkstatt_Lkw.jpg 1200w\" sizes=\"(max-width: 800px) 100vw, 800px\" \/><figcaption id=\"caption-attachment-38777\" class=\"wp-caption-text\">Der Werkstattbetrieb verf\u00fcgt \u00fcber 12 hochmoderne Lkw-Arbeitspl\u00e4tze. Bild: Max Wild<\/figcaption><\/figure>\n<p>&nbsp;<\/p>\n<p><strong>Wenn man heute einen neuen Service-Betrieb baut und einrichtet, sind erstmal viele Fragen offen. Was waren die gr\u00f6\u00dften Herausforderungen?<\/strong><br \/>\nDie gr\u00f6\u00dfte Herausforderung ist sicherlich erstmal den Mut f\u00fcr solch ein Projekt aufzubringen. Hinzu kommt die \u00dcberzeugung, dass solch ein Mammutprojekt auch funktioniert. Man sollte sich nicht beirren lassen und nicht vom Weg abkommen. Ich war mir jedoch zu 100 Prozent sicher, dass der Bedarf an Service-Dienstleistungen auch den Gro\u00dfbau rechtfertigt. Nat\u00fcrlich gab es auch kritische Stimmen, sowohl intern als auch extern. Ob das wohl aufgeht? Sie \u00fcbernehmen sich! Diese Werkstatt k\u00f6nne man niemals auslasten, es ist alles viel zu gro\u00df geplant. Tats\u00e4chlich ist es heute so, dass wir bereits erweitern m\u00fcssten, weil uns der Platz ausgeht.<\/p>\n<blockquote class=\"khm-quote\"><p>\u201eOb das aufgeht? Sie \u00fcbernehmen sich!\u201c<\/p><\/blockquote>\n<p><strong>Neben den Servicearbeiten an hauseigenen Fahrzeugen, steht Ihr Betrieb auch f\u00fcr s\u00e4mtliche Kunden au\u00dferhalb zur Verf\u00fcgung. Sie haben mit \u201aDIE WERKSTATT\u2018 zudem eine eigene Marke kreiert, der Anschluss an ein Werkstattkonzept kommt nicht in Frage?<\/strong><br \/>\nWir waren zu Beginn mit allen gro\u00dfen Herstellern in Kontakt und haben uns dann aber relativ schnell daf\u00fcr entschieden unabh\u00e4ngig zu bleiben. Nach den Gespr\u00e4chen war klar, dass wir als \u201afreie Werkstatt\u2018 auftreten m\u00f6chten.<\/p>\n<p><strong>Sie sind mit \u201aDIE WERKSTATT\u2018 aber Systempartner zahlreicher namhafter Unternehmen. Mit welchen Unternehmen arbeiten Sie im Lkw-\/Trailer-Bereich zusammen?<\/strong><br \/>\nGenau, wir sind offizieller Servicepartner von <a href=\"https:\/\/www.meiller.com\/de\/\" target=\"_blank\" rel=\"noopener\">Meiller<\/a>, <a href=\"https:\/\/www.broshuis.com\/de\/\" target=\"_blank\" rel=\"noopener\">Broshuis<\/a>, <a href=\"https:\/\/www.doll.eu\/de\/\" target=\"_blank\" rel=\"noopener\">Doll<\/a>, <a href=\"https:\/\/www.goldhofer.com\" target=\"_blank\" rel=\"noopener\">Goldhofer<\/a>, <a href=\"https:\/\/www.koegel.com\" target=\"_blank\" rel=\"noopener\">K\u00f6gel<\/a>, <a href=\"https:\/\/www.krone-trailer.com\" target=\"_blank\" rel=\"noopener\">Krone<\/a> und auch von <a href=\"https:\/\/www.toll-collect.de\/de\/toll_collect\/tc_homepage.html\" target=\"_blank\" rel=\"noopener\">Toll-Collect<\/a>.<\/p>\n<p><strong>Sprechen wir \u00fcber die Teilelogistik. Welche Software setzen Sie ein, wie gro\u00df ist Ihr Ersatzteillager?<\/strong><br \/>\nWas die Software angeht, arbeiten wir mit einem Warenwirtschaftsprogramm der Firma <a href=\"https:\/\/werbas.com\" target=\"_blank\" rel=\"noopener\">Werbas<\/a>. In unserem Lager besch\u00e4ftigen wir derzeit sieben Lageristen, die auch teils im Schichtbetrieb bis 24 Uhr da sind. Damit sind wir \u00fcberaus flexibel und reaktionsschnell. Insgesamt haben wir \u00fcber 6.500 verschiedene Artikel unterschiedlicher Lieferanten wie <a href=\"https:\/\/winkler.com\/de\/\" target=\"_blank\" rel=\"noopener\">Winkler<\/a>, <a href=\"https:\/\/www.wm.de\/de\/\" target=\"_blank\" rel=\"noopener\">WM<\/a> oder Kfz-Hefele, auf Lager.<\/p>\n<p>&nbsp;<\/p>\n<figure id=\"attachment_38778\" aria-describedby=\"caption-attachment-38778\" style=\"width: 800px\" class=\"wp-caption aligncenter\"><img decoding=\"async\" class=\"wp-image-38778\" src=\"https:\/\/static.krafthand-truck.de\/uploads\/2024\/02\/Max_Wild_die_Werkstatt_Lkw_Waschanlage-300x191.jpg\" alt=\"\" width=\"800\" height=\"509\" srcset=\"https:\/\/static.krafthand-truck.de\/uploads\/2024\/02\/Max_Wild_die_Werkstatt_Lkw_Waschanlage-300x191.jpg 300w, https:\/\/static.krafthand-truck.de\/uploads\/2024\/02\/Max_Wild_die_Werkstatt_Lkw_Waschanlage-1024x651.jpg 1024w, https:\/\/static.krafthand-truck.de\/uploads\/2024\/02\/Max_Wild_die_Werkstatt_Lkw_Waschanlage-768x488.jpg 768w, https:\/\/static.krafthand-truck.de\/uploads\/2024\/02\/Max_Wild_die_Werkstatt_Lkw_Waschanlage.jpg 1200w\" sizes=\"(max-width: 800px) 100vw, 800px\" \/><figcaption id=\"caption-attachment-38778\" class=\"wp-caption-text\">Am Standort steht auch ein eine hochmoderne Lkw-Waschstra\u00dfe zur Verf\u00fcgung, die gr\u00f6\u00dftenteils ohne Frischwasser auskommt. Bild: Georg Blenk<\/figcaption><\/figure>\n<p>&nbsp;<\/p>\n<p><strong>Guter Rat ist teuer. Darf ich Sie dennoch um einen praktischen Ratschlag bitten, den Sie (freien) Nfz-Werkst\u00e4tten mit auf den Weg geben k\u00f6nnen?<\/strong><br \/>\nFreie Werkst\u00e4tten werden oftmals falsch eingesch\u00e4tzt. Viele denken beispielsweise, dass bei der Wartung und Reparatur in einer unabh\u00e4ngigen Werkstatt die Fahrzeuggarantie oder die Gew\u00e4hrleistung erlischt. Mitunter herrscht auch die Meinung vor, dass man als freier Werkstattbetrieb nicht so leistungsf\u00e4hig ist wie ein Markenbetrieb. Beides ist schlicht falsch und absolut nicht der Fall! Im Gegenteil, wir sind \u00fcberaus flexibel und k\u00f6nnen alle Fabrikate. Ausnahmen sind Garantiearbeiten bei Fahrzeugherstellern. Voraussetzung ist nat\u00fcrlich, dass man sich st\u00e4ndig weiterbildet und am Ball bleibt. Dies gilt vor allem auch f\u00fcr entsprechende Weiterbildungs-Angebote was die Belegschaft angeht. Zudem kann ich jedem Unternehmer, egal ob im Pkw- und Nfz-Service-Gesch\u00e4ft, zu Mut und Entschlossenheit raten, egal wie gro\u00df das Unternehmen ist. Mit zaudern, z\u00f6gern und hadern ist man noch nie weit gekommen.<\/p>\n<p><i>Den Beitrag finden Sie auch in der Print-Ausgabe 1-2024 der <a href=\"https:\/\/www.krafthand.de\/truck\/magazin\/\" title=\"Zum Magazin\">Krafthand-Truck<\/a>.<\/i><\/p>\r\n\t\t\t\t<div class=\"post-author\">\r\n\t\t\t\t\t<div class=\"khm-cp-author clearfix\">\r\n\t\t\t\t\t\t<div class=\"khm-cp-author__content\">\r\n\t\t\t\t\t\t\t\tKontakt zum Autor:<br \/>\r\n\t\t\t\t\t\t\t\t<strong>Georg Blenk<\/strong>, 08247 \/ 3007-45 |  <a href=\"mailto:georg.blenk@krafthand-medien.de\">georg.blenk@krafthand-medien.de<\/a>\r\n\t\t\t\t\t\t\t<div class=\"khm-cp-author__image\">\r\n\t\t\t\t\t\t<img src=\"https:\/\/static.krafthand-truck.de\/uploads\/2021\/01\/Blenk_6104-250x300-1-removebg-preview.png\" class=\"img-responsive\">\r\n\t\t\t\t\t<\/div>\r\n\t\t\t\t\t\t<\/div>\r\n\t\t\t\t\t<\/div>\r\n\t\t\t\t<\/div>\r\n\t\t\t\t","protected":false},"excerpt":{"rendered":"<p>Die Max Wild GmbH mit Hauptsitz im schw\u00e4bischen Berkheim ist ein familiengef\u00fchrtes Traditionsunternehmen. Es wird in zweiter und dritter Generation gef\u00fchrt. Erst 2020 hat man eine nagelneue Werkstatt f\u00fcr Pkw, Lkw und Baumaschinen er\u00f6ffnet. Wir haben mit Gesch\u00e4ftsfeldleiter Daniel Wild \u00fcber das Unternehmen und die Herausforderungen gesprochen. <span class=\"excerpt-more__dots\">&#8230;<\/span> <a class=\"excerpt-more__link\" href=\"https:\/\/www.krafthand.de\/truck\/artikel\/mit-zaudern-ist-man-noch-nie-weit-gekommen-38771\/\" >weiter<\/a><\/p>\n","protected":false},"author":9,"featured_media":38772,"comment_status":"closed","ping_status":"closed","sticky":false,"template":"","format":"standard","meta":{"footnotes":""},"categories":[4230,4235],"tags":[5849,5850,5848,3472,460,4084],"settings":[3524,4766,3523],"class_list":["post-38771","post","type-post","status-publish","format-standard","has-post-thumbnail","hentry","category-fuhrpark","category-unternehmen","tag-daniel-wild","tag-die-werkstatt","tag-max-wild","tag-werbas","tag-winkler","tag-wm-se"],"yoast_head":"<!-- This site is optimized with the Yoast SEO plugin v27.3 - https:\/\/yoast.com\/product\/yoast-seo-wordpress\/ -->\n<title>\u201eMit Zaudern ist man noch nie weit gekommen.\u201c - Krafthand-Truck<\/title>\n<meta name=\"description\" content=\"2020 hat die Max Wild GmbH eine neue Werkstatt f\u00fcr Pkw, Lkw und Baumaschinen er\u00f6ffnet. Wir haben mit Daniel Wild \u00fcber die Herausforderungen gesprochen.\" \/>\n<meta name=\"robots\" content=\"index, follow, max-snippet:-1, max-image-preview:large, max-video-preview:-1\" \/>\n<link rel=\"canonical\" href=\"https:\/\/www.krafthand.de\/truck\/artikel\/mit-zaudern-ist-man-noch-nie-weit-gekommen-38771\/\" \/>\n<meta property=\"og:locale\" content=\"de_DE\" \/>\n<meta property=\"og:type\" content=\"article\" \/>\n<meta property=\"og:title\" content=\"\u201eMit Zaudern ist man noch nie weit gekommen.\u201c - Krafthand-Truck\" \/>\n<meta property=\"og:description\" content=\"2020 hat die Max Wild GmbH eine neue Werkstatt f\u00fcr Pkw, Lkw und Baumaschinen er\u00f6ffnet. Wir haben mit Daniel Wild \u00fcber die Herausforderungen gesprochen.\" \/>\n<meta property=\"og:url\" content=\"https:\/\/www.krafthand-truck.de\/artikel\/mit-zaudern-ist-man-noch-nie-weit-gekommen-38771\/\" \/>\n<meta property=\"og:site_name\" content=\"Krafthand-Truck\" \/>\n<meta property=\"article:published_time\" content=\"2024-02-12T13:37:04+00:00\" \/>\n<meta property=\"article:modified_time\" content=\"2024-02-15T10:45:01+00:00\" \/>\n<meta property=\"og:image\" content=\"https:\/\/static.krafthand-truck.de\/uploads\/2024\/02\/Max_Wild_Daniel_Wild_Interview_01.jpg\" \/>\n\t<meta property=\"og:image:width\" content=\"1200\" \/>\n\t<meta property=\"og:image:height\" content=\"608\" \/>\n\t<meta property=\"og:image:type\" content=\"image\/jpeg\" \/>\n<meta name=\"author\" content=\"georg.blenk@krafthand-medien.de\" \/>\n<meta name=\"twitter:card\" content=\"summary_large_image\" \/>\n<meta name=\"twitter:label1\" content=\"Verfasst von\" \/>\n\t<meta name=\"twitter:data1\" content=\"georg.blenk@krafthand-medien.de\" \/>\n\t<meta name=\"twitter:label2\" content=\"Gesch\u00e4tzte Lesezeit\" \/>\n\t<meta name=\"twitter:data2\" content=\"7\u00a0Minuten\" \/>\n<script type=\"application\/ld+json\" class=\"yoast-schema-graph\">{\"@context\":\"https:\\\/\\\/schema.org\",\"@graph\":[{\"@type\":\"Article\",\"@id\":\"https:\\\/\\\/www.krafthand.de\\\/truck\\\/artikel\\\/mit-zaudern-ist-man-noch-nie-weit-gekommen-38771\\\/#article\",\"isPartOf\":{\"@id\":\"https:\\\/\\\/www.krafthand.de\\\/truck\\\/artikel\\\/mit-zaudern-ist-man-noch-nie-weit-gekommen-38771\\\/\"},\"author\":{\"name\":\"georg.blenk@krafthand-medien.de\",\"@id\":\"https:\\\/\\\/www.krafthand.de\\\/truck\\\/#\\\/schema\\\/person\\\/51fa80b1c57034c4bf63f9f988fc24ce\"},\"headline\":\"\u201eMit Zaudern ist man noch nie weit gekommen.\u201c\",\"datePublished\":\"2024-02-12T13:37:04+00:00\",\"dateModified\":\"2024-02-15T10:45:01+00:00\",\"mainEntityOfPage\":{\"@id\":\"https:\\\/\\\/www.krafthand.de\\\/truck\\\/artikel\\\/mit-zaudern-ist-man-noch-nie-weit-gekommen-38771\\\/\"},\"wordCount\":1076,\"image\":{\"@id\":\"https:\\\/\\\/www.krafthand.de\\\/truck\\\/artikel\\\/mit-zaudern-ist-man-noch-nie-weit-gekommen-38771\\\/#primaryimage\"},\"thumbnailUrl\":\"https:\\\/\\\/static.krafthand-truck.de\\\/uploads\\\/2024\\\/02\\\/Max_Wild_Daniel_Wild_Interview_01.jpg\",\"keywords\":[\"Daniel Wild\",\"Die Werkstatt\",\"Max Wild\",\"Werbas\",\"Winkler\",\"WM SE\"],\"articleSection\":[\"IT+Fuhrpark\",\"Unternehmen\"],\"inLanguage\":\"de\"},{\"@type\":\"WebPage\",\"@id\":\"https:\\\/\\\/www.krafthand.de\\\/truck\\\/artikel\\\/mit-zaudern-ist-man-noch-nie-weit-gekommen-38771\\\/\",\"url\":\"https:\\\/\\\/www.krafthand.de\\\/truck\\\/artikel\\\/mit-zaudern-ist-man-noch-nie-weit-gekommen-38771\\\/\",\"name\":\"\u201eMit Zaudern ist man noch nie weit gekommen.\u201c - Krafthand-Truck\",\"isPartOf\":{\"@id\":\"https:\\\/\\\/www.krafthand.de\\\/truck\\\/#website\"},\"primaryImageOfPage\":{\"@id\":\"https:\\\/\\\/www.krafthand.de\\\/truck\\\/artikel\\\/mit-zaudern-ist-man-noch-nie-weit-gekommen-38771\\\/#primaryimage\"},\"image\":{\"@id\":\"https:\\\/\\\/www.krafthand.de\\\/truck\\\/artikel\\\/mit-zaudern-ist-man-noch-nie-weit-gekommen-38771\\\/#primaryimage\"},\"thumbnailUrl\":\"https:\\\/\\\/static.krafthand-truck.de\\\/uploads\\\/2024\\\/02\\\/Max_Wild_Daniel_Wild_Interview_01.jpg\",\"datePublished\":\"2024-02-12T13:37:04+00:00\",\"dateModified\":\"2024-02-15T10:45:01+00:00\",\"author\":{\"@id\":\"https:\\\/\\\/www.krafthand.de\\\/truck\\\/#\\\/schema\\\/person\\\/51fa80b1c57034c4bf63f9f988fc24ce\"},\"description\":\"2020 hat die Max Wild GmbH eine neue Werkstatt f\u00fcr Pkw, Lkw und Baumaschinen er\u00f6ffnet. Wir haben mit Daniel Wild \u00fcber die Herausforderungen gesprochen.\",\"breadcrumb\":{\"@id\":\"https:\\\/\\\/www.krafthand.de\\\/truck\\\/artikel\\\/mit-zaudern-ist-man-noch-nie-weit-gekommen-38771\\\/#breadcrumb\"},\"inLanguage\":\"de\",\"potentialAction\":[{\"@type\":\"ReadAction\",\"target\":[\"https:\\\/\\\/www.krafthand.de\\\/truck\\\/artikel\\\/mit-zaudern-ist-man-noch-nie-weit-gekommen-38771\\\/\"]}]},{\"@type\":\"ImageObject\",\"inLanguage\":\"de\",\"@id\":\"https:\\\/\\\/www.krafthand.de\\\/truck\\\/artikel\\\/mit-zaudern-ist-man-noch-nie-weit-gekommen-38771\\\/#primaryimage\",\"url\":\"https:\\\/\\\/static.krafthand-truck.de\\\/uploads\\\/2024\\\/02\\\/Max_Wild_Daniel_Wild_Interview_01.jpg\",\"contentUrl\":\"https:\\\/\\\/static.krafthand-truck.de\\\/uploads\\\/2024\\\/02\\\/Max_Wild_Daniel_Wild_Interview_01.jpg\",\"width\":1200,\"height\":608},{\"@type\":\"BreadcrumbList\",\"@id\":\"https:\\\/\\\/www.krafthand.de\\\/truck\\\/artikel\\\/mit-zaudern-ist-man-noch-nie-weit-gekommen-38771\\\/#breadcrumb\",\"itemListElement\":[{\"@type\":\"ListItem\",\"position\":1,\"name\":\"Krafthand-Truck\",\"item\":\"https:\\\/\\\/www.krafthand.de\\\/truck\\\/\"},{\"@type\":\"ListItem\",\"position\":2,\"name\":\"Nfz-Branche\",\"item\":\"https:\\\/\\\/www.krafthand.de\\\/truck\\\/kategorie\\\/branche\\\/\"},{\"@type\":\"ListItem\",\"position\":3,\"name\":\"Unternehmen\",\"item\":\"https:\\\/\\\/www.krafthand.de\\\/truck\\\/kategorie\\\/branche\\\/unternehmen\\\/\"},{\"@type\":\"ListItem\",\"position\":4,\"name\":\"\u201eMit Zaudern ist man noch nie weit gekommen.\u201c\"}]},{\"@type\":\"WebSite\",\"@id\":\"https:\\\/\\\/www.krafthand.de\\\/truck\\\/#website\",\"url\":\"https:\\\/\\\/www.krafthand.de\\\/truck\\\/\",\"name\":\"Krafthand-Truck\",\"description\":\"\",\"potentialAction\":[{\"@type\":\"SearchAction\",\"target\":{\"@type\":\"EntryPoint\",\"urlTemplate\":\"https:\\\/\\\/www.krafthand.de\\\/truck\\\/?s={search_term_string}\"},\"query-input\":{\"@type\":\"PropertyValueSpecification\",\"valueRequired\":true,\"valueName\":\"search_term_string\"}}],\"inLanguage\":\"de\"},{\"@type\":\"Person\",\"@id\":\"https:\\\/\\\/www.krafthand.de\\\/truck\\\/#\\\/schema\\\/person\\\/51fa80b1c57034c4bf63f9f988fc24ce\",\"name\":\"georg.blenk@krafthand-medien.de\",\"image\":{\"@type\":\"ImageObject\",\"inLanguage\":\"de\",\"@id\":\"https:\\\/\\\/secure.gravatar.com\\\/avatar\\\/93713c30affe0aa95d3a4130e499bb1abee2eb31adbdd9ce2aa1543538490215?s=96&d=mm&r=g\",\"url\":\"https:\\\/\\\/secure.gravatar.com\\\/avatar\\\/93713c30affe0aa95d3a4130e499bb1abee2eb31adbdd9ce2aa1543538490215?s=96&d=mm&r=g\",\"contentUrl\":\"https:\\\/\\\/secure.gravatar.com\\\/avatar\\\/93713c30affe0aa95d3a4130e499bb1abee2eb31adbdd9ce2aa1543538490215?s=96&d=mm&r=g\",\"caption\":\"georg.blenk@krafthand-medien.de\"}}]}<\/script>\n<!-- \/ Yoast SEO plugin. -->","yoast_head_json":{"title":"\u201eMit Zaudern ist man noch nie weit gekommen.\u201c - Krafthand-Truck","description":"2020 hat die Max Wild GmbH eine neue Werkstatt f\u00fcr Pkw, Lkw und Baumaschinen er\u00f6ffnet. Wir haben mit Daniel Wild \u00fcber die Herausforderungen gesprochen.","robots":{"index":"index","follow":"follow","max-snippet":"max-snippet:-1","max-image-preview":"max-image-preview:large","max-video-preview":"max-video-preview:-1"},"canonical":"https:\/\/www.krafthand.de\/truck\/artikel\/mit-zaudern-ist-man-noch-nie-weit-gekommen-38771\/","og_locale":"de_DE","og_type":"article","og_title":"\u201eMit Zaudern ist man noch nie weit gekommen.\u201c - Krafthand-Truck","og_description":"2020 hat die Max Wild GmbH eine neue Werkstatt f\u00fcr Pkw, Lkw und Baumaschinen er\u00f6ffnet. Wir haben mit Daniel Wild \u00fcber die Herausforderungen gesprochen.","og_url":"https:\/\/www.krafthand-truck.de\/artikel\/mit-zaudern-ist-man-noch-nie-weit-gekommen-38771\/","og_site_name":"Krafthand-Truck","article_published_time":"2024-02-12T13:37:04+00:00","article_modified_time":"2024-02-15T10:45:01+00:00","og_image":[{"width":1200,"height":608,"url":"https:\/\/static.krafthand-truck.de\/uploads\/2024\/02\/Max_Wild_Daniel_Wild_Interview_01.jpg","type":"image\/jpeg"}],"author":"georg.blenk@krafthand-medien.de","twitter_card":"summary_large_image","twitter_misc":{"Verfasst von":"georg.blenk@krafthand-medien.de","Gesch\u00e4tzte Lesezeit":"7\u00a0Minuten"},"schema":{"@context":"https:\/\/schema.org","@graph":[{"@type":"Article","@id":"https:\/\/www.krafthand.de\/truck\/artikel\/mit-zaudern-ist-man-noch-nie-weit-gekommen-38771\/#article","isPartOf":{"@id":"https:\/\/www.krafthand.de\/truck\/artikel\/mit-zaudern-ist-man-noch-nie-weit-gekommen-38771\/"},"author":{"name":"georg.blenk@krafthand-medien.de","@id":"https:\/\/www.krafthand.de\/truck\/#\/schema\/person\/51fa80b1c57034c4bf63f9f988fc24ce"},"headline":"\u201eMit Zaudern ist man noch nie weit gekommen.\u201c","datePublished":"2024-02-12T13:37:04+00:00","dateModified":"2024-02-15T10:45:01+00:00","mainEntityOfPage":{"@id":"https:\/\/www.krafthand.de\/truck\/artikel\/mit-zaudern-ist-man-noch-nie-weit-gekommen-38771\/"},"wordCount":1076,"image":{"@id":"https:\/\/www.krafthand.de\/truck\/artikel\/mit-zaudern-ist-man-noch-nie-weit-gekommen-38771\/#primaryimage"},"thumbnailUrl":"https:\/\/static.krafthand-truck.de\/uploads\/2024\/02\/Max_Wild_Daniel_Wild_Interview_01.jpg","keywords":["Daniel Wild","Die Werkstatt","Max Wild","Werbas","Winkler","WM SE"],"articleSection":["IT+Fuhrpark","Unternehmen"],"inLanguage":"de"},{"@type":"WebPage","@id":"https:\/\/www.krafthand.de\/truck\/artikel\/mit-zaudern-ist-man-noch-nie-weit-gekommen-38771\/","url":"https:\/\/www.krafthand.de\/truck\/artikel\/mit-zaudern-ist-man-noch-nie-weit-gekommen-38771\/","name":"\u201eMit Zaudern ist man noch nie weit gekommen.\u201c - Krafthand-Truck","isPartOf":{"@id":"https:\/\/www.krafthand.de\/truck\/#website"},"primaryImageOfPage":{"@id":"https:\/\/www.krafthand.de\/truck\/artikel\/mit-zaudern-ist-man-noch-nie-weit-gekommen-38771\/#primaryimage"},"image":{"@id":"https:\/\/www.krafthand.de\/truck\/artikel\/mit-zaudern-ist-man-noch-nie-weit-gekommen-38771\/#primaryimage"},"thumbnailUrl":"https:\/\/static.krafthand-truck.de\/uploads\/2024\/02\/Max_Wild_Daniel_Wild_Interview_01.jpg","datePublished":"2024-02-12T13:37:04+00:00","dateModified":"2024-02-15T10:45:01+00:00","author":{"@id":"https:\/\/www.krafthand.de\/truck\/#\/schema\/person\/51fa80b1c57034c4bf63f9f988fc24ce"},"description":"2020 hat die Max Wild GmbH eine neue Werkstatt f\u00fcr Pkw, Lkw und Baumaschinen er\u00f6ffnet. Wir haben mit Daniel Wild \u00fcber die Herausforderungen gesprochen.","breadcrumb":{"@id":"https:\/\/www.krafthand.de\/truck\/artikel\/mit-zaudern-ist-man-noch-nie-weit-gekommen-38771\/#breadcrumb"},"inLanguage":"de","potentialAction":[{"@type":"ReadAction","target":["https:\/\/www.krafthand.de\/truck\/artikel\/mit-zaudern-ist-man-noch-nie-weit-gekommen-38771\/"]}]},{"@type":"ImageObject","inLanguage":"de","@id":"https:\/\/www.krafthand.de\/truck\/artikel\/mit-zaudern-ist-man-noch-nie-weit-gekommen-38771\/#primaryimage","url":"https:\/\/static.krafthand-truck.de\/uploads\/2024\/02\/Max_Wild_Daniel_Wild_Interview_01.jpg","contentUrl":"https:\/\/static.krafthand-truck.de\/uploads\/2024\/02\/Max_Wild_Daniel_Wild_Interview_01.jpg","width":1200,"height":608},{"@type":"BreadcrumbList","@id":"https:\/\/www.krafthand.de\/truck\/artikel\/mit-zaudern-ist-man-noch-nie-weit-gekommen-38771\/#breadcrumb","itemListElement":[{"@type":"ListItem","position":1,"name":"Krafthand-Truck","item":"https:\/\/www.krafthand.de\/truck\/"},{"@type":"ListItem","position":2,"name":"Nfz-Branche","item":"https:\/\/www.krafthand.de\/truck\/kategorie\/branche\/"},{"@type":"ListItem","position":3,"name":"Unternehmen","item":"https:\/\/www.krafthand.de\/truck\/kategorie\/branche\/unternehmen\/"},{"@type":"ListItem","position":4,"name":"\u201eMit Zaudern ist man noch nie weit gekommen.\u201c"}]},{"@type":"WebSite","@id":"https:\/\/www.krafthand.de\/truck\/#website","url":"https:\/\/www.krafthand.de\/truck\/","name":"Krafthand-Truck","description":"","potentialAction":[{"@type":"SearchAction","target":{"@type":"EntryPoint","urlTemplate":"https:\/\/www.krafthand.de\/truck\/?s={search_term_string}"},"query-input":{"@type":"PropertyValueSpecification","valueRequired":true,"valueName":"search_term_string"}}],"inLanguage":"de"},{"@type":"Person","@id":"https:\/\/www.krafthand.de\/truck\/#\/schema\/person\/51fa80b1c57034c4bf63f9f988fc24ce","name":"georg.blenk@krafthand-medien.de","image":{"@type":"ImageObject","inLanguage":"de","@id":"https:\/\/secure.gravatar.com\/avatar\/93713c30affe0aa95d3a4130e499bb1abee2eb31adbdd9ce2aa1543538490215?s=96&d=mm&r=g","url":"https:\/\/secure.gravatar.com\/avatar\/93713c30affe0aa95d3a4130e499bb1abee2eb31adbdd9ce2aa1543538490215?s=96&d=mm&r=g","contentUrl":"https:\/\/secure.gravatar.com\/avatar\/93713c30affe0aa95d3a4130e499bb1abee2eb31adbdd9ce2aa1543538490215?s=96&d=mm&r=g","caption":"georg.blenk@krafthand-medien.de"}}]}},"_links":{"self":[{"href":"https:\/\/www.krafthand.de\/truck\/wp-json\/wp\/v2\/posts\/38771","targetHints":{"allow":["GET"]}}],"collection":[{"href":"https:\/\/www.krafthand.de\/truck\/wp-json\/wp\/v2\/posts"}],"about":[{"href":"https:\/\/www.krafthand.de\/truck\/wp-json\/wp\/v2\/types\/post"}],"author":[{"embeddable":true,"href":"https:\/\/www.krafthand.de\/truck\/wp-json\/wp\/v2\/users\/9"}],"replies":[{"embeddable":true,"href":"https:\/\/www.krafthand.de\/truck\/wp-json\/wp\/v2\/comments?post=38771"}],"version-history":[{"count":19,"href":"https:\/\/www.krafthand.de\/truck\/wp-json\/wp\/v2\/posts\/38771\/revisions"}],"predecessor-version":[{"id":38794,"href":"https:\/\/www.krafthand.de\/truck\/wp-json\/wp\/v2\/posts\/38771\/revisions\/38794"}],"wp:featuredmedia":[{"embeddable":true,"href":"https:\/\/www.krafthand.de\/truck\/wp-json\/wp\/v2\/media\/38772"}],"wp:attachment":[{"href":"https:\/\/www.krafthand.de\/truck\/wp-json\/wp\/v2\/media?parent=38771"}],"wp:term":[{"taxonomy":"category","embeddable":true,"href":"https:\/\/www.krafthand.de\/truck\/wp-json\/wp\/v2\/categories?post=38771"},{"taxonomy":"post_tag","embeddable":true,"href":"https:\/\/www.krafthand.de\/truck\/wp-json\/wp\/v2\/tags?post=38771"},{"taxonomy":"settings","embeddable":true,"href":"https:\/\/www.krafthand.de\/truck\/wp-json\/wp\/v2\/settings?post=38771"}],"curies":[{"name":"wp","href":"https:\/\/api.w.org\/{rel}","templated":true}]}}