{"id":38721,"date":"2022-06-08T14:17:58","date_gmt":"2022-06-08T12:17:58","guid":{"rendered":"https:\/\/www.krafthand.de\/truck\/?p=38721"},"modified":"2024-02-08T14:49:56","modified_gmt":"2024-02-08T13:49:56","slug":"spannend-und-facettenreich","status":"publish","type":"post","link":"https:\/\/www.krafthand.de\/truck\/artikel\/spannend-und-facettenreich-38721\/","title":{"rendered":"Spannend und facettenreich!"},"content":{"rendered":"<p>Die Rahmenbedingungen f\u00fcr Speditionen und Nfz-Werkst\u00e4tten sind derzeit alles andere als gut. Hohe Treibstoff- und Materialkosten, politische Unw\u00e4gbarkeiten und Lieferengp\u00e4sse machen allen Branchenteilnehmern zu schaffen. Der Preisdruck und damit der Wettbewerb ist hart. Hinzu kommt der Fachkr\u00e4ftemangel. Das Thema schwebt wie ein Damoklesschwert \u00fcber der Branche. Allein auf der Jobb\u00f6rse \u201aIndeed\u2018 sind aktuell rund 1.300 offene Stellen als Kfz-\/Nfz-Mechatroniker(in) zu finden.<\/p>\n<p>Ein Weg um dem Nachwuchsmangel zu begegnen, sei laut Anton Bigelmaier, Bereichsleiter Aftermarket beim Trailer-Hersteller K\u00f6gel, die G\u00fctertransportbranche durch Initiativen verst\u00e4rkt ins Blickfeld der jungen Menschen zu r\u00fccken. Dazu geh\u00f6rten beispielsweise Image-Kampagnen. Die spannenden technischen Entwicklungen im Nutzfahrzeugsektor m\u00fcssten dabei im Vordergrund stehen (Beitrag Seite 54).<\/p>\n<h2><em>&#8222;Investitionen in den Lkw-Werkstattbetrieb, sind gleichzeitig Investitionen in neues, motiviertes Personal!&#8220;<\/em><\/h2>\n<p>Der Bundesverband G\u00fcterkraftverkehr, Logistik und Entsorgung e.V. (BVL) hat beispielsweise zusammen mit der KRAVAG-Versicherung die Initiative \u201aMach was Abgefahrenes\u2018 ins Leben gerufen um junge Menschen f\u00fcr die Ausbildung zum Berufskraftfahrer zu begeistern. Das Kfz-Gewerbe sprach mit Influencern und Multiplikatoren wie beispielsweise \u2019JP\u2018 Kr\u00e4mer oder Lina van de Mars \u00fcber Social-Media-Kan\u00e4le gezielt junge Leute an. Was die Nutzfahrzeug-Servicebranche angeht ist hier aber noch richtig Luft nach oben!<\/p>\n<p>Aber auch Unternehmen gehen voran: <em>\u201eWir setzten verst\u00e4rkt auf die Ausbildung von eigenen Fachkr\u00e4ften. Es ist f\u00fcr uns eine lohnende Investition in die Zukunft\u201c<\/em>, so Oliver Bange, Vice President Central Region bei TIP Trailerservices (Seite 50).<\/p>\n<p>Ein junger Nfz-Mechatroniker hat sich k\u00fcrzlich gegen\u00fcber Krafthand-Truck wie folgt ge\u00e4u\u00dfert: <em>\u201eIch freue mich, dass ich eine super Stelle gefunden habe. Mein neuer Arbeitsplatz ist modern, sauber und technisch top ausgestattet.\u201c<\/em> Investitionen in den Lkw-Werkstattbetrieb sind also gleichzeitig auch Investitionen in neues, motiviertes Personal.<\/p>\n<p>In der vorliegenden Ausgabe zeigen zahlreiche Beitr\u00e4ge, wie spannend und facettenreich die Lkw-Service-Branche ist und in Zukunft sein wird. Ich w\u00fcnsche eine kurzweilige Lekt\u00fcre!<\/p>\n<p>Ihr<\/p>\n<p>Georg Blenk<\/p>\n<p><i>Den Beitrag finden Sie auch in der Print-Ausgabe 2-2022 der <a href=\"https:\/\/www.krafthand.de\/truck\/magazin\/\" title=\"Zum Magazin\">Krafthand-Truck<\/a>.<\/i><\/p>","protected":false},"excerpt":{"rendered":"<p>Die Rahmenbedingungen f\u00fcr Speditionen und Nfz-Werkst\u00e4tten sind derzeit alles andere als gut. Hohe Treibstoff- und Materialkosten, politische Unw\u00e4gbarkeiten und Lieferengp\u00e4sse machen allen Branchenteilnehmern zu schaffen. Der Preisdruck und damit der Wettbewerb ist hart. Hinzu kommt der Fachkr\u00e4ftemangel. <span class=\"excerpt-more__dots\">&#8230;<\/span> <a class=\"excerpt-more__link\" href=\"https:\/\/www.krafthand.de\/truck\/artikel\/spannend-und-facettenreich-38721\/\" >weiter<\/a><\/p>\n","protected":false},"author":9,"featured_media":38726,"comment_status":"closed","ping_status":"closed","sticky":false,"template":"","format":"standard","meta":{"footnotes":""},"categories":[5841,4324],"tags":[202,4591,2038],"settings":[],"class_list":["post-38721","post","type-post","status-publish","format-standard","has-post-thumbnail","hentry","category-editorial","category-schulungen-bildung","tag-koegel","tag-kravag","tag-tip-trailer-services"],"yoast_head":"<!-- This site is optimized with the Yoast SEO plugin v27.3 - https:\/\/yoast.com\/product\/yoast-seo-wordpress\/ -->\n<title>Spannend und facettenreich! - Krafthand-Truck<\/title>\n<meta name=\"description\" content=\"Die Rahmenbedingungen f\u00fcr Speditionen und Nfz-Werkst\u00e4tten sind derzeit alles andere als gut. Hohe Treibstoffkosten, politische Unw\u00e4gbarkeiten machen allen zu schaffen.\" \/>\n<meta name=\"robots\" content=\"index, follow, max-snippet:-1, max-image-preview:large, max-video-preview:-1\" \/>\n<link rel=\"canonical\" href=\"https:\/\/www.krafthand.de\/truck\/artikel\/spannend-und-facettenreich-38721\/\" \/>\n<meta property=\"og:locale\" content=\"de_DE\" \/>\n<meta property=\"og:type\" content=\"article\" \/>\n<meta property=\"og:title\" content=\"Spannend und facettenreich! - Krafthand-Truck\" \/>\n<meta property=\"og:description\" content=\"Die Rahmenbedingungen f\u00fcr Speditionen und Nfz-Werkst\u00e4tten sind derzeit alles andere als gut. Hohe Treibstoffkosten, politische Unw\u00e4gbarkeiten machen allen zu schaffen.\" \/>\n<meta property=\"og:url\" content=\"https:\/\/www.krafthand-truck.de\/artikel\/spannend-und-facettenreich-38721\/\" \/>\n<meta property=\"og:site_name\" content=\"Krafthand-Truck\" \/>\n<meta property=\"article:published_time\" content=\"2022-06-08T12:17:58+00:00\" \/>\n<meta property=\"article:modified_time\" content=\"2024-02-08T13:49:56+00:00\" \/>\n<meta property=\"og:image\" content=\"https:\/\/static.krafthand-truck.de\/uploads\/2023\/03\/Georg_Blenk_Portrait_02.jpg\" \/>\n\t<meta property=\"og:image:width\" content=\"1200\" \/>\n\t<meta property=\"og:image:height\" content=\"826\" \/>\n\t<meta property=\"og:image:type\" content=\"image\/jpeg\" \/>\n<meta name=\"author\" content=\"georg.blenk@krafthand-medien.de\" \/>\n<meta name=\"twitter:card\" content=\"summary_large_image\" \/>\n<meta name=\"twitter:label1\" content=\"Verfasst von\" \/>\n\t<meta name=\"twitter:data1\" content=\"georg.blenk@krafthand-medien.de\" \/>\n\t<meta name=\"twitter:label2\" content=\"Gesch\u00e4tzte Lesezeit\" \/>\n\t<meta name=\"twitter:data2\" content=\"2\u00a0Minuten\" \/>\n<script type=\"application\/ld+json\" class=\"yoast-schema-graph\">{\"@context\":\"https:\\\/\\\/schema.org\",\"@graph\":[{\"@type\":\"Article\",\"@id\":\"https:\\\/\\\/www.krafthand.de\\\/truck\\\/artikel\\\/spannend-und-facettenreich-38721\\\/#article\",\"isPartOf\":{\"@id\":\"https:\\\/\\\/www.krafthand.de\\\/truck\\\/artikel\\\/spannend-und-facettenreich-38721\\\/\"},\"author\":{\"name\":\"georg.blenk@krafthand-medien.de\",\"@id\":\"https:\\\/\\\/www.krafthand.de\\\/truck\\\/#\\\/schema\\\/person\\\/51fa80b1c57034c4bf63f9f988fc24ce\"},\"headline\":\"Spannend und facettenreich!\",\"datePublished\":\"2022-06-08T12:17:58+00:00\",\"dateModified\":\"2024-02-08T13:49:56+00:00\",\"mainEntityOfPage\":{\"@id\":\"https:\\\/\\\/www.krafthand.de\\\/truck\\\/artikel\\\/spannend-und-facettenreich-38721\\\/\"},\"wordCount\":320,\"image\":{\"@id\":\"https:\\\/\\\/www.krafthand.de\\\/truck\\\/artikel\\\/spannend-und-facettenreich-38721\\\/#primaryimage\"},\"thumbnailUrl\":\"https:\\\/\\\/static.krafthand-truck.de\\\/uploads\\\/2023\\\/03\\\/Georg_Blenk_Portrait_02.jpg\",\"keywords\":[\"K\u00f6gel\",\"Kravag\",\"TIP Trailer Services\"],\"articleSection\":[\"Editorial\",\"Schulungen\\\/Bildung\"],\"inLanguage\":\"de\"},{\"@type\":\"WebPage\",\"@id\":\"https:\\\/\\\/www.krafthand.de\\\/truck\\\/artikel\\\/spannend-und-facettenreich-38721\\\/\",\"url\":\"https:\\\/\\\/www.krafthand.de\\\/truck\\\/artikel\\\/spannend-und-facettenreich-38721\\\/\",\"name\":\"Spannend und facettenreich! - Krafthand-Truck\",\"isPartOf\":{\"@id\":\"https:\\\/\\\/www.krafthand.de\\\/truck\\\/#website\"},\"primaryImageOfPage\":{\"@id\":\"https:\\\/\\\/www.krafthand.de\\\/truck\\\/artikel\\\/spannend-und-facettenreich-38721\\\/#primaryimage\"},\"image\":{\"@id\":\"https:\\\/\\\/www.krafthand.de\\\/truck\\\/artikel\\\/spannend-und-facettenreich-38721\\\/#primaryimage\"},\"thumbnailUrl\":\"https:\\\/\\\/static.krafthand-truck.de\\\/uploads\\\/2023\\\/03\\\/Georg_Blenk_Portrait_02.jpg\",\"datePublished\":\"2022-06-08T12:17:58+00:00\",\"dateModified\":\"2024-02-08T13:49:56+00:00\",\"author\":{\"@id\":\"https:\\\/\\\/www.krafthand.de\\\/truck\\\/#\\\/schema\\\/person\\\/51fa80b1c57034c4bf63f9f988fc24ce\"},\"description\":\"Die Rahmenbedingungen f\u00fcr Speditionen und Nfz-Werkst\u00e4tten sind derzeit alles andere als gut. Hohe Treibstoffkosten, politische Unw\u00e4gbarkeiten machen allen zu schaffen.\",\"breadcrumb\":{\"@id\":\"https:\\\/\\\/www.krafthand.de\\\/truck\\\/artikel\\\/spannend-und-facettenreich-38721\\\/#breadcrumb\"},\"inLanguage\":\"de\",\"potentialAction\":[{\"@type\":\"ReadAction\",\"target\":[\"https:\\\/\\\/www.krafthand.de\\\/truck\\\/artikel\\\/spannend-und-facettenreich-38721\\\/\"]}]},{\"@type\":\"ImageObject\",\"inLanguage\":\"de\",\"@id\":\"https:\\\/\\\/www.krafthand.de\\\/truck\\\/artikel\\\/spannend-und-facettenreich-38721\\\/#primaryimage\",\"url\":\"https:\\\/\\\/static.krafthand-truck.de\\\/uploads\\\/2023\\\/03\\\/Georg_Blenk_Portrait_02.jpg\",\"contentUrl\":\"https:\\\/\\\/static.krafthand-truck.de\\\/uploads\\\/2023\\\/03\\\/Georg_Blenk_Portrait_02.jpg\",\"width\":1200,\"height\":826},{\"@type\":\"BreadcrumbList\",\"@id\":\"https:\\\/\\\/www.krafthand.de\\\/truck\\\/artikel\\\/spannend-und-facettenreich-38721\\\/#breadcrumb\",\"itemListElement\":[{\"@type\":\"ListItem\",\"position\":1,\"name\":\"Krafthand-Truck\",\"item\":\"https:\\\/\\\/www.krafthand.de\\\/truck\\\/\"},{\"@type\":\"ListItem\",\"position\":2,\"name\":\"Editorial\",\"item\":\"https:\\\/\\\/www.krafthand.de\\\/truck\\\/kategorie\\\/editorial\\\/\"},{\"@type\":\"ListItem\",\"position\":3,\"name\":\"Spannend und facettenreich!\"}]},{\"@type\":\"WebSite\",\"@id\":\"https:\\\/\\\/www.krafthand.de\\\/truck\\\/#website\",\"url\":\"https:\\\/\\\/www.krafthand.de\\\/truck\\\/\",\"name\":\"Krafthand-Truck\",\"description\":\"\",\"potentialAction\":[{\"@type\":\"SearchAction\",\"target\":{\"@type\":\"EntryPoint\",\"urlTemplate\":\"https:\\\/\\\/www.krafthand.de\\\/truck\\\/?s={search_term_string}\"},\"query-input\":{\"@type\":\"PropertyValueSpecification\",\"valueRequired\":true,\"valueName\":\"search_term_string\"}}],\"inLanguage\":\"de\"},{\"@type\":\"Person\",\"@id\":\"https:\\\/\\\/www.krafthand.de\\\/truck\\\/#\\\/schema\\\/person\\\/51fa80b1c57034c4bf63f9f988fc24ce\",\"name\":\"georg.blenk@krafthand-medien.de\",\"image\":{\"@type\":\"ImageObject\",\"inLanguage\":\"de\",\"@id\":\"https:\\\/\\\/secure.gravatar.com\\\/avatar\\\/93713c30affe0aa95d3a4130e499bb1abee2eb31adbdd9ce2aa1543538490215?s=96&d=mm&r=g\",\"url\":\"https:\\\/\\\/secure.gravatar.com\\\/avatar\\\/93713c30affe0aa95d3a4130e499bb1abee2eb31adbdd9ce2aa1543538490215?s=96&d=mm&r=g\",\"contentUrl\":\"https:\\\/\\\/secure.gravatar.com\\\/avatar\\\/93713c30affe0aa95d3a4130e499bb1abee2eb31adbdd9ce2aa1543538490215?s=96&d=mm&r=g\",\"caption\":\"georg.blenk@krafthand-medien.de\"}}]}<\/script>\n<!-- \/ Yoast SEO plugin. -->","yoast_head_json":{"title":"Spannend und facettenreich! - Krafthand-Truck","description":"Die Rahmenbedingungen f\u00fcr Speditionen und Nfz-Werkst\u00e4tten sind derzeit alles andere als gut. Hohe Treibstoffkosten, politische Unw\u00e4gbarkeiten machen allen zu schaffen.","robots":{"index":"index","follow":"follow","max-snippet":"max-snippet:-1","max-image-preview":"max-image-preview:large","max-video-preview":"max-video-preview:-1"},"canonical":"https:\/\/www.krafthand.de\/truck\/artikel\/spannend-und-facettenreich-38721\/","og_locale":"de_DE","og_type":"article","og_title":"Spannend und facettenreich! - Krafthand-Truck","og_description":"Die Rahmenbedingungen f\u00fcr Speditionen und Nfz-Werkst\u00e4tten sind derzeit alles andere als gut. Hohe Treibstoffkosten, politische Unw\u00e4gbarkeiten machen allen zu schaffen.","og_url":"https:\/\/www.krafthand-truck.de\/artikel\/spannend-und-facettenreich-38721\/","og_site_name":"Krafthand-Truck","article_published_time":"2022-06-08T12:17:58+00:00","article_modified_time":"2024-02-08T13:49:56+00:00","og_image":[{"width":1200,"height":826,"url":"https:\/\/static.krafthand-truck.de\/uploads\/2023\/03\/Georg_Blenk_Portrait_02.jpg","type":"image\/jpeg"}],"author":"georg.blenk@krafthand-medien.de","twitter_card":"summary_large_image","twitter_misc":{"Verfasst von":"georg.blenk@krafthand-medien.de","Gesch\u00e4tzte Lesezeit":"2\u00a0Minuten"},"schema":{"@context":"https:\/\/schema.org","@graph":[{"@type":"Article","@id":"https:\/\/www.krafthand.de\/truck\/artikel\/spannend-und-facettenreich-38721\/#article","isPartOf":{"@id":"https:\/\/www.krafthand.de\/truck\/artikel\/spannend-und-facettenreich-38721\/"},"author":{"name":"georg.blenk@krafthand-medien.de","@id":"https:\/\/www.krafthand.de\/truck\/#\/schema\/person\/51fa80b1c57034c4bf63f9f988fc24ce"},"headline":"Spannend und facettenreich!","datePublished":"2022-06-08T12:17:58+00:00","dateModified":"2024-02-08T13:49:56+00:00","mainEntityOfPage":{"@id":"https:\/\/www.krafthand.de\/truck\/artikel\/spannend-und-facettenreich-38721\/"},"wordCount":320,"image":{"@id":"https:\/\/www.krafthand.de\/truck\/artikel\/spannend-und-facettenreich-38721\/#primaryimage"},"thumbnailUrl":"https:\/\/static.krafthand-truck.de\/uploads\/2023\/03\/Georg_Blenk_Portrait_02.jpg","keywords":["K\u00f6gel","Kravag","TIP Trailer Services"],"articleSection":["Editorial","Schulungen\/Bildung"],"inLanguage":"de"},{"@type":"WebPage","@id":"https:\/\/www.krafthand.de\/truck\/artikel\/spannend-und-facettenreich-38721\/","url":"https:\/\/www.krafthand.de\/truck\/artikel\/spannend-und-facettenreich-38721\/","name":"Spannend und facettenreich! - Krafthand-Truck","isPartOf":{"@id":"https:\/\/www.krafthand.de\/truck\/#website"},"primaryImageOfPage":{"@id":"https:\/\/www.krafthand.de\/truck\/artikel\/spannend-und-facettenreich-38721\/#primaryimage"},"image":{"@id":"https:\/\/www.krafthand.de\/truck\/artikel\/spannend-und-facettenreich-38721\/#primaryimage"},"thumbnailUrl":"https:\/\/static.krafthand-truck.de\/uploads\/2023\/03\/Georg_Blenk_Portrait_02.jpg","datePublished":"2022-06-08T12:17:58+00:00","dateModified":"2024-02-08T13:49:56+00:00","author":{"@id":"https:\/\/www.krafthand.de\/truck\/#\/schema\/person\/51fa80b1c57034c4bf63f9f988fc24ce"},"description":"Die Rahmenbedingungen f\u00fcr Speditionen und Nfz-Werkst\u00e4tten sind derzeit alles andere als gut. Hohe Treibstoffkosten, politische Unw\u00e4gbarkeiten machen allen zu schaffen.","breadcrumb":{"@id":"https:\/\/www.krafthand.de\/truck\/artikel\/spannend-und-facettenreich-38721\/#breadcrumb"},"inLanguage":"de","potentialAction":[{"@type":"ReadAction","target":["https:\/\/www.krafthand.de\/truck\/artikel\/spannend-und-facettenreich-38721\/"]}]},{"@type":"ImageObject","inLanguage":"de","@id":"https:\/\/www.krafthand.de\/truck\/artikel\/spannend-und-facettenreich-38721\/#primaryimage","url":"https:\/\/static.krafthand-truck.de\/uploads\/2023\/03\/Georg_Blenk_Portrait_02.jpg","contentUrl":"https:\/\/static.krafthand-truck.de\/uploads\/2023\/03\/Georg_Blenk_Portrait_02.jpg","width":1200,"height":826},{"@type":"BreadcrumbList","@id":"https:\/\/www.krafthand.de\/truck\/artikel\/spannend-und-facettenreich-38721\/#breadcrumb","itemListElement":[{"@type":"ListItem","position":1,"name":"Krafthand-Truck","item":"https:\/\/www.krafthand.de\/truck\/"},{"@type":"ListItem","position":2,"name":"Editorial","item":"https:\/\/www.krafthand.de\/truck\/kategorie\/editorial\/"},{"@type":"ListItem","position":3,"name":"Spannend und facettenreich!"}]},{"@type":"WebSite","@id":"https:\/\/www.krafthand.de\/truck\/#website","url":"https:\/\/www.krafthand.de\/truck\/","name":"Krafthand-Truck","description":"","potentialAction":[{"@type":"SearchAction","target":{"@type":"EntryPoint","urlTemplate":"https:\/\/www.krafthand.de\/truck\/?s={search_term_string}"},"query-input":{"@type":"PropertyValueSpecification","valueRequired":true,"valueName":"search_term_string"}}],"inLanguage":"de"},{"@type":"Person","@id":"https:\/\/www.krafthand.de\/truck\/#\/schema\/person\/51fa80b1c57034c4bf63f9f988fc24ce","name":"georg.blenk@krafthand-medien.de","image":{"@type":"ImageObject","inLanguage":"de","@id":"https:\/\/secure.gravatar.com\/avatar\/93713c30affe0aa95d3a4130e499bb1abee2eb31adbdd9ce2aa1543538490215?s=96&d=mm&r=g","url":"https:\/\/secure.gravatar.com\/avatar\/93713c30affe0aa95d3a4130e499bb1abee2eb31adbdd9ce2aa1543538490215?s=96&d=mm&r=g","contentUrl":"https:\/\/secure.gravatar.com\/avatar\/93713c30affe0aa95d3a4130e499bb1abee2eb31adbdd9ce2aa1543538490215?s=96&d=mm&r=g","caption":"georg.blenk@krafthand-medien.de"}}]}},"_links":{"self":[{"href":"https:\/\/www.krafthand.de\/truck\/wp-json\/wp\/v2\/posts\/38721","targetHints":{"allow":["GET"]}}],"collection":[{"href":"https:\/\/www.krafthand.de\/truck\/wp-json\/wp\/v2\/posts"}],"about":[{"href":"https:\/\/www.krafthand.de\/truck\/wp-json\/wp\/v2\/types\/post"}],"author":[{"embeddable":true,"href":"https:\/\/www.krafthand.de\/truck\/wp-json\/wp\/v2\/users\/9"}],"replies":[{"embeddable":true,"href":"https:\/\/www.krafthand.de\/truck\/wp-json\/wp\/v2\/comments?post=38721"}],"version-history":[{"count":1,"href":"https:\/\/www.krafthand.de\/truck\/wp-json\/wp\/v2\/posts\/38721\/revisions"}],"predecessor-version":[{"id":38722,"href":"https:\/\/www.krafthand.de\/truck\/wp-json\/wp\/v2\/posts\/38721\/revisions\/38722"}],"wp:featuredmedia":[{"embeddable":true,"href":"https:\/\/www.krafthand.de\/truck\/wp-json\/wp\/v2\/media\/38726"}],"wp:attachment":[{"href":"https:\/\/www.krafthand.de\/truck\/wp-json\/wp\/v2\/media?parent=38721"}],"wp:term":[{"taxonomy":"category","embeddable":true,"href":"https:\/\/www.krafthand.de\/truck\/wp-json\/wp\/v2\/categories?post=38721"},{"taxonomy":"post_tag","embeddable":true,"href":"https:\/\/www.krafthand.de\/truck\/wp-json\/wp\/v2\/tags?post=38721"},{"taxonomy":"settings","embeddable":true,"href":"https:\/\/www.krafthand.de\/truck\/wp-json\/wp\/v2\/settings?post=38721"}],"curies":[{"name":"wp","href":"https:\/\/api.w.org\/{rel}","templated":true}]}}