{"id":38719,"date":"2022-09-08T14:06:02","date_gmt":"2022-09-08T12:06:02","guid":{"rendered":"https:\/\/www.krafthand.de\/truck\/?p=38719"},"modified":"2024-02-11T11:30:11","modified_gmt":"2024-02-11T10:30:11","slug":"wir-sehen-uns","status":"publish","type":"post","link":"https:\/\/www.krafthand.de\/truck\/artikel\/wir-sehen-uns-38719\/","title":{"rendered":"Wir sehen uns!"},"content":{"rendered":"<p>Nach den zahlreichen, pandemiebedingten Absagen von Branchen-Veranstaltungen erf\u00fcllte es mich letztes Jahr mit gro\u00dfer Freude auf der NUFAM in Karlsruhe mit dabei zu sein. Jeder sehnte sich nach pers\u00f6nlichen Kontakten, alle waren aufgeschlossen, gut gelaunt, redselig. F\u00fcr mich war es eine besondere Veranstaltung. Ich hatte zu Jahresbeginn die Krafthand-Truck \u00fcbernommen und ordentlich umgekrempelt. Im Fr\u00fchjahr 2022 folgte dann die Autopromotec in Bologna \u2013 endlich wieder Messe!<\/p>\n<p>Nun stehen mit der Automechanika in Frankfurt und der IAA Transportation in Hannover im September gleich zwei Branchen-Highlights an. Die Stimmung ist euphorisch, die Vorfreude gro\u00df, trotz hoher Inzidenzen. In Frankfurt freuen sich die Veranstalter auf \u00fcber 2.600 Aussteller, davon 85 Prozent aus dem Ausland. In Hannover werden mehr als 1.200 Unternehmen aus \u00fcber 40 L\u00e4ndern erwartet.<\/p>\n<h2><em>&#8222;Es geht um die Zukunft der Nutzfahrzeugbranche.&#8220;<\/em><\/h2>\n<p>Eines eint die beiden Messen: Es geht um die Zukunft der gesamten Nutzfahrzeugbranche. Themen wie die Digitalisierung, die Transformation hin zu neuen Service-Konzepten, zu alternativen Antrieben, fortschrittliche Assistenzsysteme und die Entwicklung neuer Logistikprozesse stehen im Fokus. Altes neu denken. Ein positiver Nebeneffekt: Immer mehr junge, frische Unternehmen, Spin-Offs, Start-ups, erscheinen auf der Nutzfahrzeugb\u00fchne. Vieles wird auf \u201alinks\u2018 gedreht, gut so. Die reinste Form des Wahnsinns sei es, alles beim Alten zu lassen und zu hoffen, dass sich etwas ver\u00e4ndere, formulierte Albert Einstein.<br \/>\nIm vorliegenden Heft widmen wir uns wieder interessanten Service-Themen, stellen neue Fahrzeuge und Technologien vor und lassen zahlreiche Branchenplayer zu Wort kommen. Eine erste Orientierung zur Automechanika liefert der Werkstattkompass-Truck.<\/p>\n<p>Wir sehen uns!<\/p>\n<p>Ihr<br \/>\nGeorg Blenk<\/p>\n<p><i>Den Beitrag finden Sie auch in der Print-Ausgabe 3-2022 der <a href=\"https:\/\/www.krafthand.de\/truck\/magazin\/\" title=\"Zum Magazin\">Krafthand-Truck<\/a>.<\/i><\/p>","protected":false},"excerpt":{"rendered":"<p>Nach den zahlreichen, pandemiebedingten Absagen von Branchen-Veranstaltungen erf\u00fcllte es mich letztes Jahr mit gro\u00dfer Freude auf der NUFAM in Karlsruhe mit dabei zu sein. Jeder sehnte sich nach pers\u00f6nlichen Kontakten, alle waren aufgeschlossen, gut gelaunt, redselig. <span class=\"excerpt-more__dots\">&#8230;<\/span> <a class=\"excerpt-more__link\" href=\"https:\/\/www.krafthand.de\/truck\/artikel\/wir-sehen-uns-38719\/\" >weiter<\/a><\/p>\n","protected":false},"author":9,"featured_media":38764,"comment_status":"closed","ping_status":"closed","sticky":false,"template":"","format":"standard","meta":{"footnotes":""},"categories":[5841,4236],"tags":[1346,5238,407],"settings":[],"class_list":["post-38719","post","type-post","status-publish","format-standard","has-post-thumbnail","hentry","category-editorial","category-veranstaltungen","tag-automechanika","tag-iaa-transportation","tag-nufam"],"yoast_head":"<!-- This site is optimized with the Yoast SEO plugin v27.3 - https:\/\/yoast.com\/product\/yoast-seo-wordpress\/ -->\n<title>Wir sehen uns! - Krafthand-Truck<\/title>\n<meta name=\"description\" content=\"Nach pandemiebedingten Absagen von Branchen-Veranstaltungen erf\u00fcllte es mich mit gro\u00dfer Freude auf der NUFAM 2022 in Karlsruhe dabei zu sein.\" \/>\n<meta name=\"robots\" content=\"index, follow, max-snippet:-1, max-image-preview:large, max-video-preview:-1\" \/>\n<link rel=\"canonical\" href=\"https:\/\/www.krafthand.de\/truck\/artikel\/wir-sehen-uns-38719\/\" \/>\n<meta property=\"og:locale\" content=\"de_DE\" \/>\n<meta property=\"og:type\" content=\"article\" \/>\n<meta property=\"og:title\" content=\"Wir sehen uns! - Krafthand-Truck\" \/>\n<meta property=\"og:description\" content=\"Nach pandemiebedingten Absagen von Branchen-Veranstaltungen erf\u00fcllte es mich mit gro\u00dfer Freude auf der NUFAM 2022 in Karlsruhe dabei zu sein.\" \/>\n<meta property=\"og:url\" content=\"https:\/\/www.krafthand-truck.de\/artikel\/wir-sehen-uns-38719\/\" \/>\n<meta property=\"og:site_name\" content=\"Krafthand-Truck\" \/>\n<meta property=\"article:published_time\" content=\"2022-09-08T12:06:02+00:00\" \/>\n<meta property=\"article:modified_time\" content=\"2024-02-11T10:30:11+00:00\" \/>\n<meta property=\"og:image\" content=\"https:\/\/static.krafthand-truck.de\/uploads\/2024\/02\/Georg_Blenk_04.jpg\" \/>\n\t<meta property=\"og:image:width\" content=\"800\" \/>\n\t<meta property=\"og:image:height\" content=\"981\" \/>\n\t<meta property=\"og:image:type\" content=\"image\/jpeg\" \/>\n<meta name=\"author\" content=\"georg.blenk@krafthand-medien.de\" \/>\n<meta name=\"twitter:card\" content=\"summary_large_image\" \/>\n<meta name=\"twitter:label1\" content=\"Verfasst von\" \/>\n\t<meta name=\"twitter:data1\" content=\"georg.blenk@krafthand-medien.de\" \/>\n\t<meta name=\"twitter:label2\" content=\"Gesch\u00e4tzte Lesezeit\" \/>\n\t<meta name=\"twitter:data2\" content=\"2\u00a0Minuten\" \/>\n<script type=\"application\/ld+json\" class=\"yoast-schema-graph\">{\"@context\":\"https:\\\/\\\/schema.org\",\"@graph\":[{\"@type\":\"Article\",\"@id\":\"https:\\\/\\\/www.krafthand.de\\\/truck\\\/artikel\\\/wir-sehen-uns-38719\\\/#article\",\"isPartOf\":{\"@id\":\"https:\\\/\\\/www.krafthand.de\\\/truck\\\/artikel\\\/wir-sehen-uns-38719\\\/\"},\"author\":{\"name\":\"georg.blenk@krafthand-medien.de\",\"@id\":\"https:\\\/\\\/www.krafthand.de\\\/truck\\\/#\\\/schema\\\/person\\\/51fa80b1c57034c4bf63f9f988fc24ce\"},\"headline\":\"Wir sehen uns!\",\"datePublished\":\"2022-09-08T12:06:02+00:00\",\"dateModified\":\"2024-02-11T10:30:11+00:00\",\"mainEntityOfPage\":{\"@id\":\"https:\\\/\\\/www.krafthand.de\\\/truck\\\/artikel\\\/wir-sehen-uns-38719\\\/\"},\"wordCount\":253,\"image\":{\"@id\":\"https:\\\/\\\/www.krafthand.de\\\/truck\\\/artikel\\\/wir-sehen-uns-38719\\\/#primaryimage\"},\"thumbnailUrl\":\"https:\\\/\\\/static.krafthand-truck.de\\\/uploads\\\/2024\\\/02\\\/Georg_Blenk_04.jpg\",\"keywords\":[\"Automechanika\",\"IAA Transportation\",\"Nufam\"],\"articleSection\":[\"Editorial\",\"Veranstaltungen\\\/Messen\"],\"inLanguage\":\"de\"},{\"@type\":\"WebPage\",\"@id\":\"https:\\\/\\\/www.krafthand.de\\\/truck\\\/artikel\\\/wir-sehen-uns-38719\\\/\",\"url\":\"https:\\\/\\\/www.krafthand.de\\\/truck\\\/artikel\\\/wir-sehen-uns-38719\\\/\",\"name\":\"Wir sehen uns! - Krafthand-Truck\",\"isPartOf\":{\"@id\":\"https:\\\/\\\/www.krafthand.de\\\/truck\\\/#website\"},\"primaryImageOfPage\":{\"@id\":\"https:\\\/\\\/www.krafthand.de\\\/truck\\\/artikel\\\/wir-sehen-uns-38719\\\/#primaryimage\"},\"image\":{\"@id\":\"https:\\\/\\\/www.krafthand.de\\\/truck\\\/artikel\\\/wir-sehen-uns-38719\\\/#primaryimage\"},\"thumbnailUrl\":\"https:\\\/\\\/static.krafthand-truck.de\\\/uploads\\\/2024\\\/02\\\/Georg_Blenk_04.jpg\",\"datePublished\":\"2022-09-08T12:06:02+00:00\",\"dateModified\":\"2024-02-11T10:30:11+00:00\",\"author\":{\"@id\":\"https:\\\/\\\/www.krafthand.de\\\/truck\\\/#\\\/schema\\\/person\\\/51fa80b1c57034c4bf63f9f988fc24ce\"},\"description\":\"Nach pandemiebedingten Absagen von Branchen-Veranstaltungen erf\u00fcllte es mich mit gro\u00dfer Freude auf der NUFAM 2022 in Karlsruhe dabei zu sein.\",\"breadcrumb\":{\"@id\":\"https:\\\/\\\/www.krafthand.de\\\/truck\\\/artikel\\\/wir-sehen-uns-38719\\\/#breadcrumb\"},\"inLanguage\":\"de\",\"potentialAction\":[{\"@type\":\"ReadAction\",\"target\":[\"https:\\\/\\\/www.krafthand.de\\\/truck\\\/artikel\\\/wir-sehen-uns-38719\\\/\"]}]},{\"@type\":\"ImageObject\",\"inLanguage\":\"de\",\"@id\":\"https:\\\/\\\/www.krafthand.de\\\/truck\\\/artikel\\\/wir-sehen-uns-38719\\\/#primaryimage\",\"url\":\"https:\\\/\\\/static.krafthand-truck.de\\\/uploads\\\/2024\\\/02\\\/Georg_Blenk_04.jpg\",\"contentUrl\":\"https:\\\/\\\/static.krafthand-truck.de\\\/uploads\\\/2024\\\/02\\\/Georg_Blenk_04.jpg\",\"width\":800,\"height\":981},{\"@type\":\"BreadcrumbList\",\"@id\":\"https:\\\/\\\/www.krafthand.de\\\/truck\\\/artikel\\\/wir-sehen-uns-38719\\\/#breadcrumb\",\"itemListElement\":[{\"@type\":\"ListItem\",\"position\":1,\"name\":\"Krafthand-Truck\",\"item\":\"https:\\\/\\\/www.krafthand.de\\\/truck\\\/\"},{\"@type\":\"ListItem\",\"position\":2,\"name\":\"Editorial\",\"item\":\"https:\\\/\\\/www.krafthand.de\\\/truck\\\/kategorie\\\/editorial\\\/\"},{\"@type\":\"ListItem\",\"position\":3,\"name\":\"Wir sehen uns!\"}]},{\"@type\":\"WebSite\",\"@id\":\"https:\\\/\\\/www.krafthand.de\\\/truck\\\/#website\",\"url\":\"https:\\\/\\\/www.krafthand.de\\\/truck\\\/\",\"name\":\"Krafthand-Truck\",\"description\":\"\",\"potentialAction\":[{\"@type\":\"SearchAction\",\"target\":{\"@type\":\"EntryPoint\",\"urlTemplate\":\"https:\\\/\\\/www.krafthand.de\\\/truck\\\/?s={search_term_string}\"},\"query-input\":{\"@type\":\"PropertyValueSpecification\",\"valueRequired\":true,\"valueName\":\"search_term_string\"}}],\"inLanguage\":\"de\"},{\"@type\":\"Person\",\"@id\":\"https:\\\/\\\/www.krafthand.de\\\/truck\\\/#\\\/schema\\\/person\\\/51fa80b1c57034c4bf63f9f988fc24ce\",\"name\":\"georg.blenk@krafthand-medien.de\",\"image\":{\"@type\":\"ImageObject\",\"inLanguage\":\"de\",\"@id\":\"https:\\\/\\\/secure.gravatar.com\\\/avatar\\\/93713c30affe0aa95d3a4130e499bb1abee2eb31adbdd9ce2aa1543538490215?s=96&d=mm&r=g\",\"url\":\"https:\\\/\\\/secure.gravatar.com\\\/avatar\\\/93713c30affe0aa95d3a4130e499bb1abee2eb31adbdd9ce2aa1543538490215?s=96&d=mm&r=g\",\"contentUrl\":\"https:\\\/\\\/secure.gravatar.com\\\/avatar\\\/93713c30affe0aa95d3a4130e499bb1abee2eb31adbdd9ce2aa1543538490215?s=96&d=mm&r=g\",\"caption\":\"georg.blenk@krafthand-medien.de\"}}]}<\/script>\n<!-- \/ Yoast SEO plugin. -->","yoast_head_json":{"title":"Wir sehen uns! - Krafthand-Truck","description":"Nach pandemiebedingten Absagen von Branchen-Veranstaltungen erf\u00fcllte es mich mit gro\u00dfer Freude auf der NUFAM 2022 in Karlsruhe dabei zu sein.","robots":{"index":"index","follow":"follow","max-snippet":"max-snippet:-1","max-image-preview":"max-image-preview:large","max-video-preview":"max-video-preview:-1"},"canonical":"https:\/\/www.krafthand.de\/truck\/artikel\/wir-sehen-uns-38719\/","og_locale":"de_DE","og_type":"article","og_title":"Wir sehen uns! - Krafthand-Truck","og_description":"Nach pandemiebedingten Absagen von Branchen-Veranstaltungen erf\u00fcllte es mich mit gro\u00dfer Freude auf der NUFAM 2022 in Karlsruhe dabei zu sein.","og_url":"https:\/\/www.krafthand-truck.de\/artikel\/wir-sehen-uns-38719\/","og_site_name":"Krafthand-Truck","article_published_time":"2022-09-08T12:06:02+00:00","article_modified_time":"2024-02-11T10:30:11+00:00","og_image":[{"width":800,"height":981,"url":"https:\/\/static.krafthand-truck.de\/uploads\/2024\/02\/Georg_Blenk_04.jpg","type":"image\/jpeg"}],"author":"georg.blenk@krafthand-medien.de","twitter_card":"summary_large_image","twitter_misc":{"Verfasst von":"georg.blenk@krafthand-medien.de","Gesch\u00e4tzte Lesezeit":"2\u00a0Minuten"},"schema":{"@context":"https:\/\/schema.org","@graph":[{"@type":"Article","@id":"https:\/\/www.krafthand.de\/truck\/artikel\/wir-sehen-uns-38719\/#article","isPartOf":{"@id":"https:\/\/www.krafthand.de\/truck\/artikel\/wir-sehen-uns-38719\/"},"author":{"name":"georg.blenk@krafthand-medien.de","@id":"https:\/\/www.krafthand.de\/truck\/#\/schema\/person\/51fa80b1c57034c4bf63f9f988fc24ce"},"headline":"Wir sehen uns!","datePublished":"2022-09-08T12:06:02+00:00","dateModified":"2024-02-11T10:30:11+00:00","mainEntityOfPage":{"@id":"https:\/\/www.krafthand.de\/truck\/artikel\/wir-sehen-uns-38719\/"},"wordCount":253,"image":{"@id":"https:\/\/www.krafthand.de\/truck\/artikel\/wir-sehen-uns-38719\/#primaryimage"},"thumbnailUrl":"https:\/\/static.krafthand-truck.de\/uploads\/2024\/02\/Georg_Blenk_04.jpg","keywords":["Automechanika","IAA Transportation","Nufam"],"articleSection":["Editorial","Veranstaltungen\/Messen"],"inLanguage":"de"},{"@type":"WebPage","@id":"https:\/\/www.krafthand.de\/truck\/artikel\/wir-sehen-uns-38719\/","url":"https:\/\/www.krafthand.de\/truck\/artikel\/wir-sehen-uns-38719\/","name":"Wir sehen uns! - Krafthand-Truck","isPartOf":{"@id":"https:\/\/www.krafthand.de\/truck\/#website"},"primaryImageOfPage":{"@id":"https:\/\/www.krafthand.de\/truck\/artikel\/wir-sehen-uns-38719\/#primaryimage"},"image":{"@id":"https:\/\/www.krafthand.de\/truck\/artikel\/wir-sehen-uns-38719\/#primaryimage"},"thumbnailUrl":"https:\/\/static.krafthand-truck.de\/uploads\/2024\/02\/Georg_Blenk_04.jpg","datePublished":"2022-09-08T12:06:02+00:00","dateModified":"2024-02-11T10:30:11+00:00","author":{"@id":"https:\/\/www.krafthand.de\/truck\/#\/schema\/person\/51fa80b1c57034c4bf63f9f988fc24ce"},"description":"Nach pandemiebedingten Absagen von Branchen-Veranstaltungen erf\u00fcllte es mich mit gro\u00dfer Freude auf der NUFAM 2022 in Karlsruhe dabei zu sein.","breadcrumb":{"@id":"https:\/\/www.krafthand.de\/truck\/artikel\/wir-sehen-uns-38719\/#breadcrumb"},"inLanguage":"de","potentialAction":[{"@type":"ReadAction","target":["https:\/\/www.krafthand.de\/truck\/artikel\/wir-sehen-uns-38719\/"]}]},{"@type":"ImageObject","inLanguage":"de","@id":"https:\/\/www.krafthand.de\/truck\/artikel\/wir-sehen-uns-38719\/#primaryimage","url":"https:\/\/static.krafthand-truck.de\/uploads\/2024\/02\/Georg_Blenk_04.jpg","contentUrl":"https:\/\/static.krafthand-truck.de\/uploads\/2024\/02\/Georg_Blenk_04.jpg","width":800,"height":981},{"@type":"BreadcrumbList","@id":"https:\/\/www.krafthand.de\/truck\/artikel\/wir-sehen-uns-38719\/#breadcrumb","itemListElement":[{"@type":"ListItem","position":1,"name":"Krafthand-Truck","item":"https:\/\/www.krafthand.de\/truck\/"},{"@type":"ListItem","position":2,"name":"Editorial","item":"https:\/\/www.krafthand.de\/truck\/kategorie\/editorial\/"},{"@type":"ListItem","position":3,"name":"Wir sehen uns!"}]},{"@type":"WebSite","@id":"https:\/\/www.krafthand.de\/truck\/#website","url":"https:\/\/www.krafthand.de\/truck\/","name":"Krafthand-Truck","description":"","potentialAction":[{"@type":"SearchAction","target":{"@type":"EntryPoint","urlTemplate":"https:\/\/www.krafthand.de\/truck\/?s={search_term_string}"},"query-input":{"@type":"PropertyValueSpecification","valueRequired":true,"valueName":"search_term_string"}}],"inLanguage":"de"},{"@type":"Person","@id":"https:\/\/www.krafthand.de\/truck\/#\/schema\/person\/51fa80b1c57034c4bf63f9f988fc24ce","name":"georg.blenk@krafthand-medien.de","image":{"@type":"ImageObject","inLanguage":"de","@id":"https:\/\/secure.gravatar.com\/avatar\/93713c30affe0aa95d3a4130e499bb1abee2eb31adbdd9ce2aa1543538490215?s=96&d=mm&r=g","url":"https:\/\/secure.gravatar.com\/avatar\/93713c30affe0aa95d3a4130e499bb1abee2eb31adbdd9ce2aa1543538490215?s=96&d=mm&r=g","contentUrl":"https:\/\/secure.gravatar.com\/avatar\/93713c30affe0aa95d3a4130e499bb1abee2eb31adbdd9ce2aa1543538490215?s=96&d=mm&r=g","caption":"georg.blenk@krafthand-medien.de"}}]}},"_links":{"self":[{"href":"https:\/\/www.krafthand.de\/truck\/wp-json\/wp\/v2\/posts\/38719","targetHints":{"allow":["GET"]}}],"collection":[{"href":"https:\/\/www.krafthand.de\/truck\/wp-json\/wp\/v2\/posts"}],"about":[{"href":"https:\/\/www.krafthand.de\/truck\/wp-json\/wp\/v2\/types\/post"}],"author":[{"embeddable":true,"href":"https:\/\/www.krafthand.de\/truck\/wp-json\/wp\/v2\/users\/9"}],"replies":[{"embeddable":true,"href":"https:\/\/www.krafthand.de\/truck\/wp-json\/wp\/v2\/comments?post=38719"}],"version-history":[{"count":1,"href":"https:\/\/www.krafthand.de\/truck\/wp-json\/wp\/v2\/posts\/38719\/revisions"}],"predecessor-version":[{"id":38720,"href":"https:\/\/www.krafthand.de\/truck\/wp-json\/wp\/v2\/posts\/38719\/revisions\/38720"}],"wp:featuredmedia":[{"embeddable":true,"href":"https:\/\/www.krafthand.de\/truck\/wp-json\/wp\/v2\/media\/38764"}],"wp:attachment":[{"href":"https:\/\/www.krafthand.de\/truck\/wp-json\/wp\/v2\/media?parent=38719"}],"wp:term":[{"taxonomy":"category","embeddable":true,"href":"https:\/\/www.krafthand.de\/truck\/wp-json\/wp\/v2\/categories?post=38719"},{"taxonomy":"post_tag","embeddable":true,"href":"https:\/\/www.krafthand.de\/truck\/wp-json\/wp\/v2\/tags?post=38719"},{"taxonomy":"settings","embeddable":true,"href":"https:\/\/www.krafthand.de\/truck\/wp-json\/wp\/v2\/settings?post=38719"}],"curies":[{"name":"wp","href":"https:\/\/api.w.org\/{rel}","templated":true}]}}