{"id":38715,"date":"2023-03-08T13:52:24","date_gmt":"2023-03-08T12:52:24","guid":{"rendered":"https:\/\/www.krafthand.de\/truck\/?p=38715"},"modified":"2025-03-14T05:44:27","modified_gmt":"2025-03-14T04:44:27","slug":"nicht-reden-machen","status":"publish","type":"post","link":"https:\/\/www.krafthand.de\/truck\/artikel\/nicht-reden-machen-38715\/","title":{"rendered":"Nicht reden, machen!"},"content":{"rendered":"<p>Hitzig, aufgeladen wird die Diskussion um die zuk\u00fcnftige Motorisierung der Nutzfahrzeugflotten gef\u00fchrt. Nicht immer, aber allzu oft in den Sozialen Medien, von Jedermann in Facebook, von berufenen in LinkedIn, immer weniger auf Xing. Nicht mangelnde Fachkenntnis, nicht berufliche Befangenheit \u00e4rgern mich, vielmehr der teils schroffe, respektlose Ton.<\/p>\n<p>Dabei befinden wir uns in einer hochspannenden Zeit, ich meine technisch, antriebstechnisch. Gegenseitige Motivation und gesunder Wettbewerb auf Augenh\u00f6he ist angezeigt. Niemand wei\u00df zu einhundert Prozent welche Technologien, welche Energietr\u00e4ger sich durchsetzen werden, zu viele Faktoren, Unsicherheiten, politisch-gesellschaftliche Unw\u00e4gbarkeiten spielen hinein. Nur eines wissen wir: Wir m\u00fcssen runter mit den Schadstoffemissionen. H\u00f6chstwahrscheinlich wird es ein Mix.<\/p>\n<h2><em>&#8222;Eines wissen wir: Wir m\u00fcssen runter mit den Schadstoffemissionen!&#8220;<\/em><\/h2>\n<p>Ist es da nicht \u00e4u\u00dferst begr\u00fc\u00dfenswert, dass sich Gro\u00dfkonzerne, der Mittelstand, Start-Ups, zumal hochkooperativ, unterschiedlichen Antriebs- und Energiekonzepten widmen? Allesamt Spezialisten, allesamt hochmotiviert. Hinzu kommen Investoren, die an Ideen glauben, etwas bewegen m\u00f6chten. Arbeitspl\u00e4tze werden geschaffen, Berufsbilder werden aufgewertet, attraktiver, spannender. Ein Rennen um optimale L\u00f6sungen mit Perspektiven. Besser geht es doch gar nicht!<\/p>\n<p>Ja, aber? Ich wei\u00df, man kann lamentieren, kritisieren, notorisch besser wissen. Keine guten Eigenschaften, wenn es um tragf\u00e4hige L\u00f6sungen geht. Bernhard Wasner von Paul Nutzfahrzeuge bringt es im Interview (ab Seite 54) auf den Punkt: <strong><em>\u201eWir reden nicht, wir machen\u201c<\/em><\/strong>. Ach, im \u00dcbrigen: Warum Antriebs-Diversifizierung sinnvoll ist, lesen Sie ab Seite 28.<\/p>\n<p>Ihr<br \/>\nGeorg Blenk<\/p>\n","protected":false},"excerpt":{"rendered":"<p>Hitzig, aufgeladen wird die Diskussion um die zuk\u00fcnftige Motorisierung der Nutzfahrzeugflotten gef\u00fchrt. Nicht immer, aber allzu oft in den Sozialen Medien, von Jedermann in Facebook, von berufenen in LinkedIn, immer weniger auf Xing. Nicht mangelnde Fachkenntnis, nicht berufliche Befangenheit \u00e4rgern mich, vielmehr der teils schroffe, respektlose Ton. Dabei befinden wir uns in einer hochspannenden Zeit, <span class=\"excerpt-more__dots\">&#8230;<\/span> <a class=\"excerpt-more__link\" href=\"https:\/\/www.krafthand.de\/truck\/artikel\/nicht-reden-machen-38715\/\" >weiter<\/a><\/p>\n","protected":false},"author":9,"featured_media":0,"comment_status":"closed","ping_status":"closed","sticky":false,"template":"","format":"standard","meta":{"footnotes":""},"categories":[5841],"tags":[5546,4814,90],"settings":[],"class_list":["post-38715","post","type-post","status-publish","format-standard","hentry","category-editorial","tag-bernhard-wasner","tag-paul-nutzfahrzeuge","tag-schadstoffausstoss"],"yoast_head":"<!-- This site is optimized with the Yoast SEO plugin v27.3 - https:\/\/yoast.com\/product\/yoast-seo-wordpress\/ -->\n<title>Nicht reden, machen! - Krafthand-Truck<\/title>\n<meta name=\"robots\" content=\"index, follow, max-snippet:-1, max-image-preview:large, max-video-preview:-1\" \/>\n<link rel=\"canonical\" href=\"https:\/\/www.krafthand.de\/truck\/artikel\/nicht-reden-machen-38715\/\" \/>\n<meta property=\"og:locale\" content=\"de_DE\" \/>\n<meta property=\"og:type\" content=\"article\" \/>\n<meta property=\"og:title\" content=\"Nicht reden, machen! - Krafthand-Truck\" \/>\n<meta property=\"og:description\" content=\"Hitzig, aufgeladen wird die Diskussion um die zuk\u00fcnftige Motorisierung der Nutzfahrzeugflotten gef\u00fchrt. Nicht immer, aber allzu oft in den Sozialen Medien, von Jedermann in Facebook, von berufenen in LinkedIn, immer weniger auf Xing. Nicht mangelnde Fachkenntnis, nicht berufliche Befangenheit \u00e4rgern mich, vielmehr der teils schroffe, respektlose Ton. Dabei befinden wir uns in einer hochspannenden Zeit, ... weiter\" \/>\n<meta property=\"og:url\" content=\"https:\/\/www.krafthand-truck.de\/artikel\/nicht-reden-machen-38715\/\" \/>\n<meta property=\"og:site_name\" content=\"Krafthand-Truck\" \/>\n<meta property=\"article:published_time\" content=\"2023-03-08T12:52:24+00:00\" \/>\n<meta property=\"article:modified_time\" content=\"2025-03-14T04:44:27+00:00\" \/>\n<meta name=\"author\" content=\"georg.blenk@krafthand-medien.de\" \/>\n<meta name=\"twitter:card\" content=\"summary_large_image\" \/>\n<meta name=\"twitter:label1\" content=\"Verfasst von\" \/>\n\t<meta name=\"twitter:data1\" content=\"georg.blenk@krafthand-medien.de\" \/>\n\t<meta name=\"twitter:label2\" content=\"Gesch\u00e4tzte Lesezeit\" \/>\n\t<meta name=\"twitter:data2\" content=\"2\u00a0Minuten\" \/>\n<script type=\"application\/ld+json\" class=\"yoast-schema-graph\">{\"@context\":\"https:\\\/\\\/schema.org\",\"@graph\":[{\"@type\":\"Article\",\"@id\":\"https:\\\/\\\/www.krafthand.de\\\/truck\\\/artikel\\\/nicht-reden-machen-38715\\\/#article\",\"isPartOf\":{\"@id\":\"https:\\\/\\\/www.krafthand.de\\\/truck\\\/artikel\\\/nicht-reden-machen-38715\\\/\"},\"author\":{\"name\":\"georg.blenk@krafthand-medien.de\",\"@id\":\"https:\\\/\\\/www.krafthand.de\\\/truck\\\/#\\\/schema\\\/person\\\/51fa80b1c57034c4bf63f9f988fc24ce\"},\"headline\":\"Nicht reden, machen!\",\"datePublished\":\"2023-03-08T12:52:24+00:00\",\"dateModified\":\"2025-03-14T04:44:27+00:00\",\"mainEntityOfPage\":{\"@id\":\"https:\\\/\\\/www.krafthand.de\\\/truck\\\/artikel\\\/nicht-reden-machen-38715\\\/\"},\"wordCount\":238,\"keywords\":[\"Bernhard Wasner\",\"Paul Nutzfahrzeuge\",\"Schadstoffaussto\u00df\"],\"articleSection\":[\"Editorial\"],\"inLanguage\":\"de\"},{\"@type\":\"WebPage\",\"@id\":\"https:\\\/\\\/www.krafthand.de\\\/truck\\\/artikel\\\/nicht-reden-machen-38715\\\/\",\"url\":\"https:\\\/\\\/www.krafthand.de\\\/truck\\\/artikel\\\/nicht-reden-machen-38715\\\/\",\"name\":\"Nicht reden, machen! - Krafthand-Truck\",\"isPartOf\":{\"@id\":\"https:\\\/\\\/www.krafthand.de\\\/truck\\\/#website\"},\"datePublished\":\"2023-03-08T12:52:24+00:00\",\"dateModified\":\"2025-03-14T04:44:27+00:00\",\"author\":{\"@id\":\"https:\\\/\\\/www.krafthand.de\\\/truck\\\/#\\\/schema\\\/person\\\/51fa80b1c57034c4bf63f9f988fc24ce\"},\"breadcrumb\":{\"@id\":\"https:\\\/\\\/www.krafthand.de\\\/truck\\\/artikel\\\/nicht-reden-machen-38715\\\/#breadcrumb\"},\"inLanguage\":\"de\",\"potentialAction\":[{\"@type\":\"ReadAction\",\"target\":[\"https:\\\/\\\/www.krafthand.de\\\/truck\\\/artikel\\\/nicht-reden-machen-38715\\\/\"]}]},{\"@type\":\"BreadcrumbList\",\"@id\":\"https:\\\/\\\/www.krafthand.de\\\/truck\\\/artikel\\\/nicht-reden-machen-38715\\\/#breadcrumb\",\"itemListElement\":[{\"@type\":\"ListItem\",\"position\":1,\"name\":\"Krafthand-Truck\",\"item\":\"https:\\\/\\\/www.krafthand.de\\\/truck\\\/\"},{\"@type\":\"ListItem\",\"position\":2,\"name\":\"Editorial\",\"item\":\"https:\\\/\\\/www.krafthand.de\\\/truck\\\/kategorie\\\/editorial\\\/\"},{\"@type\":\"ListItem\",\"position\":3,\"name\":\"Nicht reden, machen!\"}]},{\"@type\":\"WebSite\",\"@id\":\"https:\\\/\\\/www.krafthand.de\\\/truck\\\/#website\",\"url\":\"https:\\\/\\\/www.krafthand.de\\\/truck\\\/\",\"name\":\"Krafthand-Truck\",\"description\":\"\",\"potentialAction\":[{\"@type\":\"SearchAction\",\"target\":{\"@type\":\"EntryPoint\",\"urlTemplate\":\"https:\\\/\\\/www.krafthand.de\\\/truck\\\/?s={search_term_string}\"},\"query-input\":{\"@type\":\"PropertyValueSpecification\",\"valueRequired\":true,\"valueName\":\"search_term_string\"}}],\"inLanguage\":\"de\"},{\"@type\":\"Person\",\"@id\":\"https:\\\/\\\/www.krafthand.de\\\/truck\\\/#\\\/schema\\\/person\\\/51fa80b1c57034c4bf63f9f988fc24ce\",\"name\":\"georg.blenk@krafthand-medien.de\",\"image\":{\"@type\":\"ImageObject\",\"inLanguage\":\"de\",\"@id\":\"https:\\\/\\\/secure.gravatar.com\\\/avatar\\\/93713c30affe0aa95d3a4130e499bb1abee2eb31adbdd9ce2aa1543538490215?s=96&d=mm&r=g\",\"url\":\"https:\\\/\\\/secure.gravatar.com\\\/avatar\\\/93713c30affe0aa95d3a4130e499bb1abee2eb31adbdd9ce2aa1543538490215?s=96&d=mm&r=g\",\"contentUrl\":\"https:\\\/\\\/secure.gravatar.com\\\/avatar\\\/93713c30affe0aa95d3a4130e499bb1abee2eb31adbdd9ce2aa1543538490215?s=96&d=mm&r=g\",\"caption\":\"georg.blenk@krafthand-medien.de\"}}]}<\/script>\n<!-- \/ Yoast SEO plugin. -->","yoast_head_json":{"title":"Nicht reden, machen! - Krafthand-Truck","robots":{"index":"index","follow":"follow","max-snippet":"max-snippet:-1","max-image-preview":"max-image-preview:large","max-video-preview":"max-video-preview:-1"},"canonical":"https:\/\/www.krafthand.de\/truck\/artikel\/nicht-reden-machen-38715\/","og_locale":"de_DE","og_type":"article","og_title":"Nicht reden, machen! - Krafthand-Truck","og_description":"Hitzig, aufgeladen wird die Diskussion um die zuk\u00fcnftige Motorisierung der Nutzfahrzeugflotten gef\u00fchrt. Nicht immer, aber allzu oft in den Sozialen Medien, von Jedermann in Facebook, von berufenen in LinkedIn, immer weniger auf Xing. Nicht mangelnde Fachkenntnis, nicht berufliche Befangenheit \u00e4rgern mich, vielmehr der teils schroffe, respektlose Ton. Dabei befinden wir uns in einer hochspannenden Zeit, ... weiter","og_url":"https:\/\/www.krafthand-truck.de\/artikel\/nicht-reden-machen-38715\/","og_site_name":"Krafthand-Truck","article_published_time":"2023-03-08T12:52:24+00:00","article_modified_time":"2025-03-14T04:44:27+00:00","author":"georg.blenk@krafthand-medien.de","twitter_card":"summary_large_image","twitter_misc":{"Verfasst von":"georg.blenk@krafthand-medien.de","Gesch\u00e4tzte Lesezeit":"2\u00a0Minuten"},"schema":{"@context":"https:\/\/schema.org","@graph":[{"@type":"Article","@id":"https:\/\/www.krafthand.de\/truck\/artikel\/nicht-reden-machen-38715\/#article","isPartOf":{"@id":"https:\/\/www.krafthand.de\/truck\/artikel\/nicht-reden-machen-38715\/"},"author":{"name":"georg.blenk@krafthand-medien.de","@id":"https:\/\/www.krafthand.de\/truck\/#\/schema\/person\/51fa80b1c57034c4bf63f9f988fc24ce"},"headline":"Nicht reden, machen!","datePublished":"2023-03-08T12:52:24+00:00","dateModified":"2025-03-14T04:44:27+00:00","mainEntityOfPage":{"@id":"https:\/\/www.krafthand.de\/truck\/artikel\/nicht-reden-machen-38715\/"},"wordCount":238,"keywords":["Bernhard Wasner","Paul Nutzfahrzeuge","Schadstoffaussto\u00df"],"articleSection":["Editorial"],"inLanguage":"de"},{"@type":"WebPage","@id":"https:\/\/www.krafthand.de\/truck\/artikel\/nicht-reden-machen-38715\/","url":"https:\/\/www.krafthand.de\/truck\/artikel\/nicht-reden-machen-38715\/","name":"Nicht reden, machen! - Krafthand-Truck","isPartOf":{"@id":"https:\/\/www.krafthand.de\/truck\/#website"},"datePublished":"2023-03-08T12:52:24+00:00","dateModified":"2025-03-14T04:44:27+00:00","author":{"@id":"https:\/\/www.krafthand.de\/truck\/#\/schema\/person\/51fa80b1c57034c4bf63f9f988fc24ce"},"breadcrumb":{"@id":"https:\/\/www.krafthand.de\/truck\/artikel\/nicht-reden-machen-38715\/#breadcrumb"},"inLanguage":"de","potentialAction":[{"@type":"ReadAction","target":["https:\/\/www.krafthand.de\/truck\/artikel\/nicht-reden-machen-38715\/"]}]},{"@type":"BreadcrumbList","@id":"https:\/\/www.krafthand.de\/truck\/artikel\/nicht-reden-machen-38715\/#breadcrumb","itemListElement":[{"@type":"ListItem","position":1,"name":"Krafthand-Truck","item":"https:\/\/www.krafthand.de\/truck\/"},{"@type":"ListItem","position":2,"name":"Editorial","item":"https:\/\/www.krafthand.de\/truck\/kategorie\/editorial\/"},{"@type":"ListItem","position":3,"name":"Nicht reden, machen!"}]},{"@type":"WebSite","@id":"https:\/\/www.krafthand.de\/truck\/#website","url":"https:\/\/www.krafthand.de\/truck\/","name":"Krafthand-Truck","description":"","potentialAction":[{"@type":"SearchAction","target":{"@type":"EntryPoint","urlTemplate":"https:\/\/www.krafthand.de\/truck\/?s={search_term_string}"},"query-input":{"@type":"PropertyValueSpecification","valueRequired":true,"valueName":"search_term_string"}}],"inLanguage":"de"},{"@type":"Person","@id":"https:\/\/www.krafthand.de\/truck\/#\/schema\/person\/51fa80b1c57034c4bf63f9f988fc24ce","name":"georg.blenk@krafthand-medien.de","image":{"@type":"ImageObject","inLanguage":"de","@id":"https:\/\/secure.gravatar.com\/avatar\/93713c30affe0aa95d3a4130e499bb1abee2eb31adbdd9ce2aa1543538490215?s=96&d=mm&r=g","url":"https:\/\/secure.gravatar.com\/avatar\/93713c30affe0aa95d3a4130e499bb1abee2eb31adbdd9ce2aa1543538490215?s=96&d=mm&r=g","contentUrl":"https:\/\/secure.gravatar.com\/avatar\/93713c30affe0aa95d3a4130e499bb1abee2eb31adbdd9ce2aa1543538490215?s=96&d=mm&r=g","caption":"georg.blenk@krafthand-medien.de"}}]}},"_links":{"self":[{"href":"https:\/\/www.krafthand.de\/truck\/wp-json\/wp\/v2\/posts\/38715","targetHints":{"allow":["GET"]}}],"collection":[{"href":"https:\/\/www.krafthand.de\/truck\/wp-json\/wp\/v2\/posts"}],"about":[{"href":"https:\/\/www.krafthand.de\/truck\/wp-json\/wp\/v2\/types\/post"}],"author":[{"embeddable":true,"href":"https:\/\/www.krafthand.de\/truck\/wp-json\/wp\/v2\/users\/9"}],"replies":[{"embeddable":true,"href":"https:\/\/www.krafthand.de\/truck\/wp-json\/wp\/v2\/comments?post=38715"}],"version-history":[{"count":1,"href":"https:\/\/www.krafthand.de\/truck\/wp-json\/wp\/v2\/posts\/38715\/revisions"}],"predecessor-version":[{"id":38716,"href":"https:\/\/www.krafthand.de\/truck\/wp-json\/wp\/v2\/posts\/38715\/revisions\/38716"}],"wp:attachment":[{"href":"https:\/\/www.krafthand.de\/truck\/wp-json\/wp\/v2\/media?parent=38715"}],"wp:term":[{"taxonomy":"category","embeddable":true,"href":"https:\/\/www.krafthand.de\/truck\/wp-json\/wp\/v2\/categories?post=38715"},{"taxonomy":"post_tag","embeddable":true,"href":"https:\/\/www.krafthand.de\/truck\/wp-json\/wp\/v2\/tags?post=38715"},{"taxonomy":"settings","embeddable":true,"href":"https:\/\/www.krafthand.de\/truck\/wp-json\/wp\/v2\/settings?post=38715"}],"curies":[{"name":"wp","href":"https:\/\/api.w.org\/{rel}","templated":true}]}}