{"id":38713,"date":"2023-06-08T13:51:17","date_gmt":"2023-06-08T11:51:17","guid":{"rendered":"https:\/\/www.krafthand.de\/truck\/?p=38713"},"modified":"2025-03-14T05:43:50","modified_gmt":"2025-03-14T04:43:50","slug":"bridging-the-gap","status":"publish","type":"post","link":"https:\/\/www.krafthand.de\/truck\/artikel\/bridging-the-gap-38713\/","title":{"rendered":"Bridging the gap!"},"content":{"rendered":"<p>Tagungen sind eine spannende Sache. Sie dienen der Pr\u00e4sentation, dem Informationsaustausch, dem Netzwerken. Unternehmensvertreter zeigen die neusten Technologien, erkl\u00e4ren Strategien, platzieren Botschaften, manchmal tragen sie auf. Zuweilen sind es auch zu viel Informationen auf einmal, zu viel Text, Grafiken, Bilder, Powerpoint eben.<\/p>\n<p>Die Handelsblatt-Jahrestagung Nutzfahrzeuge Mitte M\u00e4rz war ebenfalls spannend. Namhafte Vertreter(innen) von namhaften Unternehmen, zahlreiche Start-Ups pr\u00e4sentierten unter dem Motto \u201aBridging the Gap \u2013 Transformation Transport\u2018 in M\u00fcnchen ihre Innovationen. Es ging um die Antriebe der Zukunft, um Kraftstoffe, die Energieversorgung, die Digitalisierung, Automatisierung und Logistik. Es wurde diskutiert, Theorie und Praxis.<\/p>\n<h2><em>\u201eJetzt gilt es die Br\u00fccken zu schlagen und die Transformation voran zu bringen.\u201c<\/em><\/h2>\n<p>Gleichwohl kamen alle zu dem Schluss: Wir haben enormen Handlungsbedarf um die Herausforderungen der Transformation des Schwerlastverkehrs zu meistern. Wir m\u00fcssen die L\u00fccken zwischen technisch Machbarem, klimapolitisch Gebotenem und unternehmerisch Umsetzbarem schlie\u00dfen. Dazu braucht es die richtigen Rahmenbedingungen und das richtige Mindset. Das Know-how ist l\u00e4ngst da. Jetzt gilt es die Br\u00fccken zu schlagen, die Infrastrukturen zu schaffen und den Wandel voran zu bringen.<\/p>\n<p>Wir m\u00f6chten zu dieser Transformation beitragen und halten f\u00fcr Sie wieder spannende Themen bereit.<\/p>\n<p>Ihr<br \/>\nGeorg Blenk<\/p>\n<p><i>Den Beitrag finden Sie auch in der Print-Ausgabe 2-2023 der <a href=\"https:\/\/www.krafthand.de\/truck\/magazin\/\" title=\"Zum Magazin\">Krafthand-Truck<\/a>.<\/i><\/p>","protected":false},"excerpt":{"rendered":"<p>Tagungen sind eine spannende Sache. Sie dienen der Pr\u00e4sentation, dem Informationsaustausch, dem Netzwerken. Unternehmensvertreter zeigen die neusten Technologien, erkl\u00e4ren Strategien, platzieren Botschaften, manchmal tragen sie auf. Zuweilen sind es auch zu viel Informationen auf einmal, zu viel Text, Grafiken, Bilder, Powerpoint eben. <span class=\"excerpt-more__dots\">&#8230;<\/span> <a class=\"excerpt-more__link\" href=\"https:\/\/www.krafthand.de\/truck\/artikel\/bridging-the-gap-38713\/\" >weiter<\/a><\/p>\n","protected":false},"author":9,"featured_media":0,"comment_status":"closed","ping_status":"closed","sticky":false,"template":"","format":"standard","meta":{"footnotes":""},"categories":[5841,4236],"tags":[2151,5843,5844],"settings":[],"class_list":["post-38713","post","type-post","status-publish","format-standard","hentry","category-editorial","category-veranstaltungen","tag-dekra","tag-handelsblatt","tag-tagung"],"yoast_head":"<!-- This site is optimized with the Yoast SEO plugin v27.3 - https:\/\/yoast.com\/product\/yoast-seo-wordpress\/ -->\n<title>Bridging the gap! - Krafthand-Truck<\/title>\n<meta name=\"description\" content=\"Tagungen sind eine spannende Sache. Sie dienen der Pr\u00e4sentation, dem Informationsaustausch, dem Netzwerken.\" \/>\n<meta name=\"robots\" content=\"index, follow, max-snippet:-1, max-image-preview:large, max-video-preview:-1\" \/>\n<link rel=\"canonical\" href=\"https:\/\/www.krafthand.de\/truck\/artikel\/bridging-the-gap-38713\/\" \/>\n<meta property=\"og:locale\" content=\"de_DE\" \/>\n<meta property=\"og:type\" content=\"article\" \/>\n<meta property=\"og:title\" content=\"Bridging the gap! - Krafthand-Truck\" \/>\n<meta property=\"og:description\" content=\"Tagungen sind eine spannende Sache. Sie dienen der Pr\u00e4sentation, dem Informationsaustausch, dem Netzwerken.\" \/>\n<meta property=\"og:url\" content=\"https:\/\/www.krafthand-truck.de\/artikel\/bridging-the-gap-38713\/\" \/>\n<meta property=\"og:site_name\" content=\"Krafthand-Truck\" \/>\n<meta property=\"article:published_time\" content=\"2023-06-08T11:51:17+00:00\" \/>\n<meta property=\"article:modified_time\" content=\"2025-03-14T04:43:50+00:00\" \/>\n<meta name=\"author\" content=\"georg.blenk@krafthand-medien.de\" \/>\n<meta name=\"twitter:card\" content=\"summary_large_image\" \/>\n<meta name=\"twitter:label1\" content=\"Verfasst von\" \/>\n\t<meta name=\"twitter:data1\" content=\"georg.blenk@krafthand-medien.de\" \/>\n\t<meta name=\"twitter:label2\" content=\"Gesch\u00e4tzte Lesezeit\" \/>\n\t<meta name=\"twitter:data2\" content=\"2\u00a0Minuten\" \/>\n<script type=\"application\/ld+json\" class=\"yoast-schema-graph\">{\"@context\":\"https:\\\/\\\/schema.org\",\"@graph\":[{\"@type\":\"Article\",\"@id\":\"https:\\\/\\\/www.krafthand.de\\\/truck\\\/artikel\\\/bridging-the-gap-38713\\\/#article\",\"isPartOf\":{\"@id\":\"https:\\\/\\\/www.krafthand.de\\\/truck\\\/artikel\\\/bridging-the-gap-38713\\\/\"},\"author\":{\"name\":\"georg.blenk@krafthand-medien.de\",\"@id\":\"https:\\\/\\\/www.krafthand.de\\\/truck\\\/#\\\/schema\\\/person\\\/51fa80b1c57034c4bf63f9f988fc24ce\"},\"headline\":\"Bridging the gap!\",\"datePublished\":\"2023-06-08T11:51:17+00:00\",\"dateModified\":\"2025-03-14T04:43:50+00:00\",\"mainEntityOfPage\":{\"@id\":\"https:\\\/\\\/www.krafthand.de\\\/truck\\\/artikel\\\/bridging-the-gap-38713\\\/\"},\"wordCount\":203,\"keywords\":[\"Dekra\",\"Handelsblatt\",\"Tagung\"],\"articleSection\":[\"Editorial\",\"Veranstaltungen\\\/Messen\"],\"inLanguage\":\"de\"},{\"@type\":\"WebPage\",\"@id\":\"https:\\\/\\\/www.krafthand.de\\\/truck\\\/artikel\\\/bridging-the-gap-38713\\\/\",\"url\":\"https:\\\/\\\/www.krafthand.de\\\/truck\\\/artikel\\\/bridging-the-gap-38713\\\/\",\"name\":\"Bridging the gap! - Krafthand-Truck\",\"isPartOf\":{\"@id\":\"https:\\\/\\\/www.krafthand.de\\\/truck\\\/#website\"},\"datePublished\":\"2023-06-08T11:51:17+00:00\",\"dateModified\":\"2025-03-14T04:43:50+00:00\",\"author\":{\"@id\":\"https:\\\/\\\/www.krafthand.de\\\/truck\\\/#\\\/schema\\\/person\\\/51fa80b1c57034c4bf63f9f988fc24ce\"},\"description\":\"Tagungen sind eine spannende Sache. Sie dienen der Pr\u00e4sentation, dem Informationsaustausch, dem Netzwerken.\",\"breadcrumb\":{\"@id\":\"https:\\\/\\\/www.krafthand.de\\\/truck\\\/artikel\\\/bridging-the-gap-38713\\\/#breadcrumb\"},\"inLanguage\":\"de\",\"potentialAction\":[{\"@type\":\"ReadAction\",\"target\":[\"https:\\\/\\\/www.krafthand.de\\\/truck\\\/artikel\\\/bridging-the-gap-38713\\\/\"]}]},{\"@type\":\"BreadcrumbList\",\"@id\":\"https:\\\/\\\/www.krafthand.de\\\/truck\\\/artikel\\\/bridging-the-gap-38713\\\/#breadcrumb\",\"itemListElement\":[{\"@type\":\"ListItem\",\"position\":1,\"name\":\"Krafthand-Truck\",\"item\":\"https:\\\/\\\/www.krafthand.de\\\/truck\\\/\"},{\"@type\":\"ListItem\",\"position\":2,\"name\":\"Editorial\",\"item\":\"https:\\\/\\\/www.krafthand.de\\\/truck\\\/kategorie\\\/editorial\\\/\"},{\"@type\":\"ListItem\",\"position\":3,\"name\":\"Bridging the gap!\"}]},{\"@type\":\"WebSite\",\"@id\":\"https:\\\/\\\/www.krafthand.de\\\/truck\\\/#website\",\"url\":\"https:\\\/\\\/www.krafthand.de\\\/truck\\\/\",\"name\":\"Krafthand-Truck\",\"description\":\"\",\"potentialAction\":[{\"@type\":\"SearchAction\",\"target\":{\"@type\":\"EntryPoint\",\"urlTemplate\":\"https:\\\/\\\/www.krafthand.de\\\/truck\\\/?s={search_term_string}\"},\"query-input\":{\"@type\":\"PropertyValueSpecification\",\"valueRequired\":true,\"valueName\":\"search_term_string\"}}],\"inLanguage\":\"de\"},{\"@type\":\"Person\",\"@id\":\"https:\\\/\\\/www.krafthand.de\\\/truck\\\/#\\\/schema\\\/person\\\/51fa80b1c57034c4bf63f9f988fc24ce\",\"name\":\"georg.blenk@krafthand-medien.de\",\"image\":{\"@type\":\"ImageObject\",\"inLanguage\":\"de\",\"@id\":\"https:\\\/\\\/secure.gravatar.com\\\/avatar\\\/93713c30affe0aa95d3a4130e499bb1abee2eb31adbdd9ce2aa1543538490215?s=96&d=mm&r=g\",\"url\":\"https:\\\/\\\/secure.gravatar.com\\\/avatar\\\/93713c30affe0aa95d3a4130e499bb1abee2eb31adbdd9ce2aa1543538490215?s=96&d=mm&r=g\",\"contentUrl\":\"https:\\\/\\\/secure.gravatar.com\\\/avatar\\\/93713c30affe0aa95d3a4130e499bb1abee2eb31adbdd9ce2aa1543538490215?s=96&d=mm&r=g\",\"caption\":\"georg.blenk@krafthand-medien.de\"}}]}<\/script>\n<!-- \/ Yoast SEO plugin. -->","yoast_head_json":{"title":"Bridging the gap! - Krafthand-Truck","description":"Tagungen sind eine spannende Sache. Sie dienen der Pr\u00e4sentation, dem Informationsaustausch, dem Netzwerken.","robots":{"index":"index","follow":"follow","max-snippet":"max-snippet:-1","max-image-preview":"max-image-preview:large","max-video-preview":"max-video-preview:-1"},"canonical":"https:\/\/www.krafthand.de\/truck\/artikel\/bridging-the-gap-38713\/","og_locale":"de_DE","og_type":"article","og_title":"Bridging the gap! - Krafthand-Truck","og_description":"Tagungen sind eine spannende Sache. Sie dienen der Pr\u00e4sentation, dem Informationsaustausch, dem Netzwerken.","og_url":"https:\/\/www.krafthand-truck.de\/artikel\/bridging-the-gap-38713\/","og_site_name":"Krafthand-Truck","article_published_time":"2023-06-08T11:51:17+00:00","article_modified_time":"2025-03-14T04:43:50+00:00","author":"georg.blenk@krafthand-medien.de","twitter_card":"summary_large_image","twitter_misc":{"Verfasst von":"georg.blenk@krafthand-medien.de","Gesch\u00e4tzte Lesezeit":"2\u00a0Minuten"},"schema":{"@context":"https:\/\/schema.org","@graph":[{"@type":"Article","@id":"https:\/\/www.krafthand.de\/truck\/artikel\/bridging-the-gap-38713\/#article","isPartOf":{"@id":"https:\/\/www.krafthand.de\/truck\/artikel\/bridging-the-gap-38713\/"},"author":{"name":"georg.blenk@krafthand-medien.de","@id":"https:\/\/www.krafthand.de\/truck\/#\/schema\/person\/51fa80b1c57034c4bf63f9f988fc24ce"},"headline":"Bridging the gap!","datePublished":"2023-06-08T11:51:17+00:00","dateModified":"2025-03-14T04:43:50+00:00","mainEntityOfPage":{"@id":"https:\/\/www.krafthand.de\/truck\/artikel\/bridging-the-gap-38713\/"},"wordCount":203,"keywords":["Dekra","Handelsblatt","Tagung"],"articleSection":["Editorial","Veranstaltungen\/Messen"],"inLanguage":"de"},{"@type":"WebPage","@id":"https:\/\/www.krafthand.de\/truck\/artikel\/bridging-the-gap-38713\/","url":"https:\/\/www.krafthand.de\/truck\/artikel\/bridging-the-gap-38713\/","name":"Bridging the gap! - Krafthand-Truck","isPartOf":{"@id":"https:\/\/www.krafthand.de\/truck\/#website"},"datePublished":"2023-06-08T11:51:17+00:00","dateModified":"2025-03-14T04:43:50+00:00","author":{"@id":"https:\/\/www.krafthand.de\/truck\/#\/schema\/person\/51fa80b1c57034c4bf63f9f988fc24ce"},"description":"Tagungen sind eine spannende Sache. Sie dienen der Pr\u00e4sentation, dem Informationsaustausch, dem Netzwerken.","breadcrumb":{"@id":"https:\/\/www.krafthand.de\/truck\/artikel\/bridging-the-gap-38713\/#breadcrumb"},"inLanguage":"de","potentialAction":[{"@type":"ReadAction","target":["https:\/\/www.krafthand.de\/truck\/artikel\/bridging-the-gap-38713\/"]}]},{"@type":"BreadcrumbList","@id":"https:\/\/www.krafthand.de\/truck\/artikel\/bridging-the-gap-38713\/#breadcrumb","itemListElement":[{"@type":"ListItem","position":1,"name":"Krafthand-Truck","item":"https:\/\/www.krafthand.de\/truck\/"},{"@type":"ListItem","position":2,"name":"Editorial","item":"https:\/\/www.krafthand.de\/truck\/kategorie\/editorial\/"},{"@type":"ListItem","position":3,"name":"Bridging the gap!"}]},{"@type":"WebSite","@id":"https:\/\/www.krafthand.de\/truck\/#website","url":"https:\/\/www.krafthand.de\/truck\/","name":"Krafthand-Truck","description":"","potentialAction":[{"@type":"SearchAction","target":{"@type":"EntryPoint","urlTemplate":"https:\/\/www.krafthand.de\/truck\/?s={search_term_string}"},"query-input":{"@type":"PropertyValueSpecification","valueRequired":true,"valueName":"search_term_string"}}],"inLanguage":"de"},{"@type":"Person","@id":"https:\/\/www.krafthand.de\/truck\/#\/schema\/person\/51fa80b1c57034c4bf63f9f988fc24ce","name":"georg.blenk@krafthand-medien.de","image":{"@type":"ImageObject","inLanguage":"de","@id":"https:\/\/secure.gravatar.com\/avatar\/93713c30affe0aa95d3a4130e499bb1abee2eb31adbdd9ce2aa1543538490215?s=96&d=mm&r=g","url":"https:\/\/secure.gravatar.com\/avatar\/93713c30affe0aa95d3a4130e499bb1abee2eb31adbdd9ce2aa1543538490215?s=96&d=mm&r=g","contentUrl":"https:\/\/secure.gravatar.com\/avatar\/93713c30affe0aa95d3a4130e499bb1abee2eb31adbdd9ce2aa1543538490215?s=96&d=mm&r=g","caption":"georg.blenk@krafthand-medien.de"}}]}},"_links":{"self":[{"href":"https:\/\/www.krafthand.de\/truck\/wp-json\/wp\/v2\/posts\/38713","targetHints":{"allow":["GET"]}}],"collection":[{"href":"https:\/\/www.krafthand.de\/truck\/wp-json\/wp\/v2\/posts"}],"about":[{"href":"https:\/\/www.krafthand.de\/truck\/wp-json\/wp\/v2\/types\/post"}],"author":[{"embeddable":true,"href":"https:\/\/www.krafthand.de\/truck\/wp-json\/wp\/v2\/users\/9"}],"replies":[{"embeddable":true,"href":"https:\/\/www.krafthand.de\/truck\/wp-json\/wp\/v2\/comments?post=38713"}],"version-history":[{"count":1,"href":"https:\/\/www.krafthand.de\/truck\/wp-json\/wp\/v2\/posts\/38713\/revisions"}],"predecessor-version":[{"id":38714,"href":"https:\/\/www.krafthand.de\/truck\/wp-json\/wp\/v2\/posts\/38713\/revisions\/38714"}],"wp:attachment":[{"href":"https:\/\/www.krafthand.de\/truck\/wp-json\/wp\/v2\/media?parent=38713"}],"wp:term":[{"taxonomy":"category","embeddable":true,"href":"https:\/\/www.krafthand.de\/truck\/wp-json\/wp\/v2\/categories?post=38713"},{"taxonomy":"post_tag","embeddable":true,"href":"https:\/\/www.krafthand.de\/truck\/wp-json\/wp\/v2\/tags?post=38713"},{"taxonomy":"settings","embeddable":true,"href":"https:\/\/www.krafthand.de\/truck\/wp-json\/wp\/v2\/settings?post=38713"}],"curies":[{"name":"wp","href":"https:\/\/api.w.org\/{rel}","templated":true}]}}