{"id":38711,"date":"2023-09-08T13:42:10","date_gmt":"2023-09-08T11:42:10","guid":{"rendered":"https:\/\/www.krafthand.de\/truck\/?p=38711"},"modified":"2025-03-14T05:43:32","modified_gmt":"2025-03-14T04:43:32","slug":"begegnungen","status":"publish","type":"post","link":"https:\/\/www.krafthand.de\/truck\/artikel\/begegnungen-38711\/","title":{"rendered":"Begegnungen"},"content":{"rendered":"<p>Manch einer hatte den Abgesang auf die klassische Pr\u00e4senzmesse schon angestimmt. Das Format sei veraltet, zu teuer, nicht mehr zeitgem\u00e4\u00df. Man k\u00f6nne heute alles digital darstellen, sich zu Pr\u00e4sentationen zuschalten. Was pandemiebedingt geboten war, stellte sich jedoch rasch als Flop heraus. Der Mensch ist ein soziales Wesen, die pers\u00f6nliche Begegnung unersetzlich. Produkte, technische L\u00f6sungen m\u00fcssen real erfahren, hinterfragt, erkl\u00e4rt werden. Das kann nur eine Messe in klassischer Form bieten.<\/p>\n<p>Interessant sind hybride Konzepte, teils online, teils in Pr\u00e4senz. Eine digitale Erg\u00e4nzung, zur analogen Messe, beispielsweise in Form von Produktinformationen und Pr\u00e4sentationen. Die Besucher(innen) kommen besser informiert zur Veranstaltung und k\u00f6nnen im Nachgang gezielt Produktdetails abfragen. Kundenbindung, Transparenz.<\/p>\n<h2><em>\u201ePr\u00e4senzmessen haben eine Zukunft. Sie m\u00fcssen jedoch neu gedacht werden.\u201c<\/em><\/h2>\n<p>Was angesichts der \u00f6kologischen Herausforderungen vor denen wir stehen, keinen Sinn macht, sind \u00fcberbordende, gar pomp\u00f6se Auftritte. Aussteller, aber auch die Messebranche hat dies erkannt und die Anstrengungen hin zu mehr Nachhaltigkeit intensiviert. Weniger ist mehr. Umso mehr spielen neue, kommunikative Formate, Themenforen, Interviews, der Messestand als Begegnungsort eine Rolle. Das gilt auch f\u00fcr die Automobil- und Nutzfahrzeugbranche. Und um die ganze Welt zu reisen, kann man sich auch sparen. Messen sind regionale Veranstaltungen und werden in zahlreichen L\u00e4ndern angeboten.<\/p>\n<p>Ich pers\u00f6nlich freue mich auf zahlreiche Begegnungen. Wir sehen uns auf jeden Fall auf der IAA Mobility in M\u00fcnchen, der NUFAM in Karlsruhe, dem Nutzfahrzeugkongress in Berlin.<\/p>\n<p>Mit besten Gr\u00fc\u00dfen<\/p>\n<p>Georg Blenk<\/p>\n<p><i>Den Beitrag finden Sie auch in der Print-Ausgabe 3-2023 der <a href=\"https:\/\/www.krafthand.de\/truck\/magazin\/\" title=\"Zum Magazin\">Krafthand-Truck<\/a>.<\/i><\/p>","protected":false},"excerpt":{"rendered":"<p>Manch einer hatte den Abgesang auf die klassische Pr\u00e4senzmesse schon angestimmt. Das Format sei veraltet, zu teuer, nicht mehr zeitgem\u00e4\u00df. Man k\u00f6nne heute alles digital darstellen, sich zu Pr\u00e4sentationen zuschalten. <span class=\"excerpt-more__dots\">&#8230;<\/span> <a class=\"excerpt-more__link\" href=\"https:\/\/www.krafthand.de\/truck\/artikel\/begegnungen-38711\/\" >weiter<\/a><\/p>\n","protected":false},"author":9,"featured_media":0,"comment_status":"closed","ping_status":"closed","sticky":false,"template":"","format":"standard","meta":{"footnotes":""},"categories":[5841,4236],"tags":[1346,3940,3022,5238,407],"settings":[],"class_list":["post-38711","post","type-post","status-publish","format-standard","hentry","category-editorial","category-veranstaltungen","tag-automechanika","tag-branchenmesse","tag-hausmessen","tag-iaa-transportation","tag-nufam"],"yoast_head":"<!-- This site is optimized with the Yoast SEO plugin v27.3 - https:\/\/yoast.com\/product\/yoast-seo-wordpress\/ -->\n<title>Begegnungen - Krafthand-Truck<\/title>\n<meta name=\"description\" content=\"Manch einer hatte den Abgesang auf die klassische Pr\u00e4senzmesse schon angestimmt. Doch so einfach ist es nicht!\" \/>\n<meta name=\"robots\" content=\"index, follow, max-snippet:-1, max-image-preview:large, max-video-preview:-1\" \/>\n<link rel=\"canonical\" href=\"https:\/\/www.krafthand.de\/truck\/artikel\/begegnungen-38711\/\" \/>\n<meta property=\"og:locale\" content=\"de_DE\" \/>\n<meta property=\"og:type\" content=\"article\" \/>\n<meta property=\"og:title\" content=\"Begegnungen - Krafthand-Truck\" \/>\n<meta property=\"og:description\" content=\"Manch einer hatte den Abgesang auf die klassische Pr\u00e4senzmesse schon angestimmt. Doch so einfach ist es nicht!\" \/>\n<meta property=\"og:url\" content=\"https:\/\/www.krafthand-truck.de\/artikel\/begegnungen-38711\/\" \/>\n<meta property=\"og:site_name\" content=\"Krafthand-Truck\" \/>\n<meta property=\"article:published_time\" content=\"2023-09-08T11:42:10+00:00\" \/>\n<meta property=\"article:modified_time\" content=\"2025-03-14T04:43:32+00:00\" \/>\n<meta name=\"author\" content=\"georg.blenk@krafthand-medien.de\" \/>\n<meta name=\"twitter:card\" content=\"summary_large_image\" \/>\n<meta name=\"twitter:label1\" content=\"Verfasst von\" \/>\n\t<meta name=\"twitter:data1\" content=\"georg.blenk@krafthand-medien.de\" \/>\n\t<meta name=\"twitter:label2\" content=\"Gesch\u00e4tzte Lesezeit\" \/>\n\t<meta name=\"twitter:data2\" content=\"2\u00a0Minuten\" \/>\n<script type=\"application\/ld+json\" class=\"yoast-schema-graph\">{\"@context\":\"https:\\\/\\\/schema.org\",\"@graph\":[{\"@type\":\"Article\",\"@id\":\"https:\\\/\\\/www.krafthand.de\\\/truck\\\/artikel\\\/begegnungen-38711\\\/#article\",\"isPartOf\":{\"@id\":\"https:\\\/\\\/www.krafthand.de\\\/truck\\\/artikel\\\/begegnungen-38711\\\/\"},\"author\":{\"name\":\"georg.blenk@krafthand-medien.de\",\"@id\":\"https:\\\/\\\/www.krafthand.de\\\/truck\\\/#\\\/schema\\\/person\\\/51fa80b1c57034c4bf63f9f988fc24ce\"},\"headline\":\"Begegnungen\",\"datePublished\":\"2023-09-08T11:42:10+00:00\",\"dateModified\":\"2025-03-14T04:43:32+00:00\",\"mainEntityOfPage\":{\"@id\":\"https:\\\/\\\/www.krafthand.de\\\/truck\\\/artikel\\\/begegnungen-38711\\\/\"},\"wordCount\":250,\"keywords\":[\"Automechanika\",\"Branchenmesse\",\"Hausmessen\",\"IAA Transportation\",\"Nufam\"],\"articleSection\":[\"Editorial\",\"Veranstaltungen\\\/Messen\"],\"inLanguage\":\"de\"},{\"@type\":\"WebPage\",\"@id\":\"https:\\\/\\\/www.krafthand.de\\\/truck\\\/artikel\\\/begegnungen-38711\\\/\",\"url\":\"https:\\\/\\\/www.krafthand.de\\\/truck\\\/artikel\\\/begegnungen-38711\\\/\",\"name\":\"Begegnungen - Krafthand-Truck\",\"isPartOf\":{\"@id\":\"https:\\\/\\\/www.krafthand.de\\\/truck\\\/#website\"},\"datePublished\":\"2023-09-08T11:42:10+00:00\",\"dateModified\":\"2025-03-14T04:43:32+00:00\",\"author\":{\"@id\":\"https:\\\/\\\/www.krafthand.de\\\/truck\\\/#\\\/schema\\\/person\\\/51fa80b1c57034c4bf63f9f988fc24ce\"},\"description\":\"Manch einer hatte den Abgesang auf die klassische Pr\u00e4senzmesse schon angestimmt. Doch so einfach ist es nicht!\",\"breadcrumb\":{\"@id\":\"https:\\\/\\\/www.krafthand.de\\\/truck\\\/artikel\\\/begegnungen-38711\\\/#breadcrumb\"},\"inLanguage\":\"de\",\"potentialAction\":[{\"@type\":\"ReadAction\",\"target\":[\"https:\\\/\\\/www.krafthand.de\\\/truck\\\/artikel\\\/begegnungen-38711\\\/\"]}]},{\"@type\":\"BreadcrumbList\",\"@id\":\"https:\\\/\\\/www.krafthand.de\\\/truck\\\/artikel\\\/begegnungen-38711\\\/#breadcrumb\",\"itemListElement\":[{\"@type\":\"ListItem\",\"position\":1,\"name\":\"Krafthand-Truck\",\"item\":\"https:\\\/\\\/www.krafthand.de\\\/truck\\\/\"},{\"@type\":\"ListItem\",\"position\":2,\"name\":\"Editorial\",\"item\":\"https:\\\/\\\/www.krafthand.de\\\/truck\\\/kategorie\\\/editorial\\\/\"},{\"@type\":\"ListItem\",\"position\":3,\"name\":\"Begegnungen\"}]},{\"@type\":\"WebSite\",\"@id\":\"https:\\\/\\\/www.krafthand.de\\\/truck\\\/#website\",\"url\":\"https:\\\/\\\/www.krafthand.de\\\/truck\\\/\",\"name\":\"Krafthand-Truck\",\"description\":\"\",\"potentialAction\":[{\"@type\":\"SearchAction\",\"target\":{\"@type\":\"EntryPoint\",\"urlTemplate\":\"https:\\\/\\\/www.krafthand.de\\\/truck\\\/?s={search_term_string}\"},\"query-input\":{\"@type\":\"PropertyValueSpecification\",\"valueRequired\":true,\"valueName\":\"search_term_string\"}}],\"inLanguage\":\"de\"},{\"@type\":\"Person\",\"@id\":\"https:\\\/\\\/www.krafthand.de\\\/truck\\\/#\\\/schema\\\/person\\\/51fa80b1c57034c4bf63f9f988fc24ce\",\"name\":\"georg.blenk@krafthand-medien.de\",\"image\":{\"@type\":\"ImageObject\",\"inLanguage\":\"de\",\"@id\":\"https:\\\/\\\/secure.gravatar.com\\\/avatar\\\/93713c30affe0aa95d3a4130e499bb1abee2eb31adbdd9ce2aa1543538490215?s=96&d=mm&r=g\",\"url\":\"https:\\\/\\\/secure.gravatar.com\\\/avatar\\\/93713c30affe0aa95d3a4130e499bb1abee2eb31adbdd9ce2aa1543538490215?s=96&d=mm&r=g\",\"contentUrl\":\"https:\\\/\\\/secure.gravatar.com\\\/avatar\\\/93713c30affe0aa95d3a4130e499bb1abee2eb31adbdd9ce2aa1543538490215?s=96&d=mm&r=g\",\"caption\":\"georg.blenk@krafthand-medien.de\"}}]}<\/script>\n<!-- \/ Yoast SEO plugin. -->","yoast_head_json":{"title":"Begegnungen - Krafthand-Truck","description":"Manch einer hatte den Abgesang auf die klassische Pr\u00e4senzmesse schon angestimmt. Doch so einfach ist es nicht!","robots":{"index":"index","follow":"follow","max-snippet":"max-snippet:-1","max-image-preview":"max-image-preview:large","max-video-preview":"max-video-preview:-1"},"canonical":"https:\/\/www.krafthand.de\/truck\/artikel\/begegnungen-38711\/","og_locale":"de_DE","og_type":"article","og_title":"Begegnungen - Krafthand-Truck","og_description":"Manch einer hatte den Abgesang auf die klassische Pr\u00e4senzmesse schon angestimmt. Doch so einfach ist es nicht!","og_url":"https:\/\/www.krafthand-truck.de\/artikel\/begegnungen-38711\/","og_site_name":"Krafthand-Truck","article_published_time":"2023-09-08T11:42:10+00:00","article_modified_time":"2025-03-14T04:43:32+00:00","author":"georg.blenk@krafthand-medien.de","twitter_card":"summary_large_image","twitter_misc":{"Verfasst von":"georg.blenk@krafthand-medien.de","Gesch\u00e4tzte Lesezeit":"2\u00a0Minuten"},"schema":{"@context":"https:\/\/schema.org","@graph":[{"@type":"Article","@id":"https:\/\/www.krafthand.de\/truck\/artikel\/begegnungen-38711\/#article","isPartOf":{"@id":"https:\/\/www.krafthand.de\/truck\/artikel\/begegnungen-38711\/"},"author":{"name":"georg.blenk@krafthand-medien.de","@id":"https:\/\/www.krafthand.de\/truck\/#\/schema\/person\/51fa80b1c57034c4bf63f9f988fc24ce"},"headline":"Begegnungen","datePublished":"2023-09-08T11:42:10+00:00","dateModified":"2025-03-14T04:43:32+00:00","mainEntityOfPage":{"@id":"https:\/\/www.krafthand.de\/truck\/artikel\/begegnungen-38711\/"},"wordCount":250,"keywords":["Automechanika","Branchenmesse","Hausmessen","IAA Transportation","Nufam"],"articleSection":["Editorial","Veranstaltungen\/Messen"],"inLanguage":"de"},{"@type":"WebPage","@id":"https:\/\/www.krafthand.de\/truck\/artikel\/begegnungen-38711\/","url":"https:\/\/www.krafthand.de\/truck\/artikel\/begegnungen-38711\/","name":"Begegnungen - Krafthand-Truck","isPartOf":{"@id":"https:\/\/www.krafthand.de\/truck\/#website"},"datePublished":"2023-09-08T11:42:10+00:00","dateModified":"2025-03-14T04:43:32+00:00","author":{"@id":"https:\/\/www.krafthand.de\/truck\/#\/schema\/person\/51fa80b1c57034c4bf63f9f988fc24ce"},"description":"Manch einer hatte den Abgesang auf die klassische Pr\u00e4senzmesse schon angestimmt. Doch so einfach ist es nicht!","breadcrumb":{"@id":"https:\/\/www.krafthand.de\/truck\/artikel\/begegnungen-38711\/#breadcrumb"},"inLanguage":"de","potentialAction":[{"@type":"ReadAction","target":["https:\/\/www.krafthand.de\/truck\/artikel\/begegnungen-38711\/"]}]},{"@type":"BreadcrumbList","@id":"https:\/\/www.krafthand.de\/truck\/artikel\/begegnungen-38711\/#breadcrumb","itemListElement":[{"@type":"ListItem","position":1,"name":"Krafthand-Truck","item":"https:\/\/www.krafthand.de\/truck\/"},{"@type":"ListItem","position":2,"name":"Editorial","item":"https:\/\/www.krafthand.de\/truck\/kategorie\/editorial\/"},{"@type":"ListItem","position":3,"name":"Begegnungen"}]},{"@type":"WebSite","@id":"https:\/\/www.krafthand.de\/truck\/#website","url":"https:\/\/www.krafthand.de\/truck\/","name":"Krafthand-Truck","description":"","potentialAction":[{"@type":"SearchAction","target":{"@type":"EntryPoint","urlTemplate":"https:\/\/www.krafthand.de\/truck\/?s={search_term_string}"},"query-input":{"@type":"PropertyValueSpecification","valueRequired":true,"valueName":"search_term_string"}}],"inLanguage":"de"},{"@type":"Person","@id":"https:\/\/www.krafthand.de\/truck\/#\/schema\/person\/51fa80b1c57034c4bf63f9f988fc24ce","name":"georg.blenk@krafthand-medien.de","image":{"@type":"ImageObject","inLanguage":"de","@id":"https:\/\/secure.gravatar.com\/avatar\/93713c30affe0aa95d3a4130e499bb1abee2eb31adbdd9ce2aa1543538490215?s=96&d=mm&r=g","url":"https:\/\/secure.gravatar.com\/avatar\/93713c30affe0aa95d3a4130e499bb1abee2eb31adbdd9ce2aa1543538490215?s=96&d=mm&r=g","contentUrl":"https:\/\/secure.gravatar.com\/avatar\/93713c30affe0aa95d3a4130e499bb1abee2eb31adbdd9ce2aa1543538490215?s=96&d=mm&r=g","caption":"georg.blenk@krafthand-medien.de"}}]}},"_links":{"self":[{"href":"https:\/\/www.krafthand.de\/truck\/wp-json\/wp\/v2\/posts\/38711","targetHints":{"allow":["GET"]}}],"collection":[{"href":"https:\/\/www.krafthand.de\/truck\/wp-json\/wp\/v2\/posts"}],"about":[{"href":"https:\/\/www.krafthand.de\/truck\/wp-json\/wp\/v2\/types\/post"}],"author":[{"embeddable":true,"href":"https:\/\/www.krafthand.de\/truck\/wp-json\/wp\/v2\/users\/9"}],"replies":[{"embeddable":true,"href":"https:\/\/www.krafthand.de\/truck\/wp-json\/wp\/v2\/comments?post=38711"}],"version-history":[{"count":1,"href":"https:\/\/www.krafthand.de\/truck\/wp-json\/wp\/v2\/posts\/38711\/revisions"}],"predecessor-version":[{"id":38712,"href":"https:\/\/www.krafthand.de\/truck\/wp-json\/wp\/v2\/posts\/38711\/revisions\/38712"}],"wp:attachment":[{"href":"https:\/\/www.krafthand.de\/truck\/wp-json\/wp\/v2\/media?parent=38711"}],"wp:term":[{"taxonomy":"category","embeddable":true,"href":"https:\/\/www.krafthand.de\/truck\/wp-json\/wp\/v2\/categories?post=38711"},{"taxonomy":"post_tag","embeddable":true,"href":"https:\/\/www.krafthand.de\/truck\/wp-json\/wp\/v2\/tags?post=38711"},{"taxonomy":"settings","embeddable":true,"href":"https:\/\/www.krafthand.de\/truck\/wp-json\/wp\/v2\/settings?post=38711"}],"curies":[{"name":"wp","href":"https:\/\/api.w.org\/{rel}","templated":true}]}}