{"id":38705,"date":"2024-01-08T13:28:38","date_gmt":"2024-01-08T12:28:38","guid":{"rendered":"https:\/\/www.krafthand.de\/truck\/?p=38705"},"modified":"2024-02-08T13:36:21","modified_gmt":"2024-02-08T12:36:21","slug":"geschwindigkeit","status":"publish","type":"post","link":"https:\/\/www.krafthand.de\/truck\/artikel\/geschwindigkeit-38705\/","title":{"rendered":"Geschwindigkeit"},"content":{"rendered":"<p>Geschwindigkeit spielt in unserer Gesellschaft eine gro\u00dfe Rolle, privat, im Berufsleben, auch bei der Fahrzeugentwicklung, beim Ausbau neuer Infrastrukturen, auch in den Nfz-Werkst\u00e4tten, um die Fahrzeuge wieder auf die Stra\u00dfe zu bringen. <strong><em>\u201eDer Transportsektor ist der Spiegel unserer Gesellschaft\u201c<\/em><\/strong>, so Hartmut H\u00f6ppner, Staatssekret\u00e4r im Bundesministerium f\u00fcr Digitales und Verkehr, im Rahmen des Zukunftskongresses Nutzfahrzeuge in Berlin. Das kann man gut oder schlecht finden. Doch sind tats\u00e4chlich alle Beteiligten mit der gleichen Geschwindigkeit unterwegs? <strong><em>\u201eInsgesamt haben wir derzeit, eine sehr tr\u00e4ge Politik\u201c<\/em><\/strong>, erkl\u00e4rt Prof. Dr. Reindl, Direktor des Instituts f\u00fcr Automobilwirtschaft und Studiendekan an der HfWU, in der Daimler-Truck-Interviewreihe \u201aBe a Mover\u2018. Es geht um die Infrastruktur, die Rahmenbedingungen, gleichwohl auch um finanzielle Anreize.<\/p>\n<h2><em>\u201eDas \u201aHenne-Ei-Prinzip\u2018 aufbrechen.\u201c<\/em><\/h2>\n<p>Nat\u00fcrlich gehen technische Entwicklungen auch immer mit Unw\u00e4gbarkeiten einher. Die Richtung und die Qualit\u00e4t m\u00fcssen stimmen. Planungssicherheit, im besten Fall. Doch wenn man nicht voranschreitet, passiert auch nichts. Das \u201aHenne-Ei-Prinzip\u2018 aufbrechen. Schlie\u00dflich konnte Berta Benz mit ihrem Motorwagen auch nicht auf ein Tankstellenetz zur\u00fcckgreifen und ist trotzdem losgefahren.<\/p>\n<p>Tats\u00e4chlich investieren bereits zahlreiche Speditionen in Fahrzeuge mit alternativen Antrieben. <strong><em>\u201eGehen Sie voran und warten sie nicht auf die Politik\u201c<\/em><\/strong>, so Rolf Meyer, Gesellschafter und stellvertretender Aufsichtsratsvorsitzender der Meyer &amp; Meyer Unternehmensgruppe auf dem Zukunftskongress in Berlin. <strong><em>\u201eNicht viel labern, Machen!\u201c<\/em><\/strong>, erg\u00e4nzte ebenda Sascha H\u00e4hnke, Gesch\u00e4ftsf\u00fchrer bei der Remondis Sustainable Service GmbH.<\/p>\n<p>Jetzt ist die Politik ist am Zug, die Nutzfahrzeughersteller, die Speditionen und die Nfz-Werkst\u00e4tten stehen l\u00e4ngst in den Startl\u00f6chern. Also Herr H\u00f6ppner, Be a Mover! Und im \u00dcbrigen: Entschleunigung funktioniert am besten bei der Lekt\u00fcre von Printmedien.<\/p>\n<p>Mit besten Gr\u00fc\u00dfen<\/p>\n<p>Georg Blenk<\/p>\n<p><i>Den Beitrag finden Sie auch in der Print-Ausgabe 4-2023 der <a href=\"https:\/\/www.krafthand.de\/truck\/magazin\/\" title=\"Zum Magazin\">Krafthand-Truck<\/a>.<\/i><\/p>","protected":false},"excerpt":{"rendered":"<p>Geschwindigkeit spielt in unserer Gesellschaft eine gro\u00dfe Rolle, privat, im Berufsleben, auch bei der Fahrzeugentwicklung, beim Ausbau neuer Infrastrukturen, auch in den Nfz-Werkst\u00e4tten, um die Fahrzeuge wieder auf die Stra\u00dfe zu bringen. <span class=\"excerpt-more__dots\">&#8230;<\/span> <a class=\"excerpt-more__link\" href=\"https:\/\/www.krafthand.de\/truck\/artikel\/geschwindigkeit-38705\/\" >weiter<\/a><\/p>\n","protected":false},"author":9,"featured_media":38708,"comment_status":"closed","ping_status":"closed","sticky":false,"template":"","format":"standard","meta":{"footnotes":""},"categories":[5841,4245],"tags":[5661,5487,5842,1332,5736],"settings":[],"class_list":["post-38705","post","type-post","status-publish","format-standard","has-post-thumbnail","hentry","category-editorial","category-verbaende","tag-alternative-antriebe","tag-dekarbonisierung","tag-editorial","tag-innovation","tag-politik"],"yoast_head":"<!-- This site is optimized with the Yoast SEO plugin v27.3 - https:\/\/yoast.com\/product\/yoast-seo-wordpress\/ -->\n<title>Editorial Krafthand-Truck 4-2024<\/title>\n<meta name=\"description\" content=\"Geschwindigkeit spielt in unserer Gesellschaft eine gro\u00dfe Rolle, privat, beruflich, bei der Fahrzeugentwicklung, beim Ausbau der Infrastruktur und in Nfz-Werkst\u00e4tten.\" \/>\n<meta name=\"robots\" content=\"index, follow, max-snippet:-1, max-image-preview:large, max-video-preview:-1\" \/>\n<link rel=\"canonical\" href=\"https:\/\/www.krafthand.de\/truck\/artikel\/geschwindigkeit-38705\/\" \/>\n<meta property=\"og:locale\" content=\"de_DE\" \/>\n<meta property=\"og:type\" content=\"article\" \/>\n<meta property=\"og:title\" content=\"Editorial Krafthand-Truck 4-2024\" \/>\n<meta property=\"og:description\" content=\"Geschwindigkeit spielt in unserer Gesellschaft eine gro\u00dfe Rolle, privat, beruflich, bei der Fahrzeugentwicklung, beim Ausbau der Infrastruktur und in Nfz-Werkst\u00e4tten.\" \/>\n<meta property=\"og:url\" content=\"https:\/\/www.krafthand-truck.de\/artikel\/geschwindigkeit-38705\/\" \/>\n<meta property=\"og:site_name\" content=\"Krafthand-Truck\" \/>\n<meta property=\"article:published_time\" content=\"2024-01-08T12:28:38+00:00\" \/>\n<meta property=\"article:modified_time\" content=\"2024-02-08T12:36:21+00:00\" \/>\n<meta property=\"og:image\" content=\"https:\/\/static.krafthand-truck.de\/uploads\/2024\/01\/Georg_Blenk_Portrait.jpg\" \/>\n\t<meta property=\"og:image:width\" content=\"1339\" \/>\n\t<meta property=\"og:image:height\" content=\"890\" \/>\n\t<meta property=\"og:image:type\" content=\"image\/jpeg\" \/>\n<meta name=\"author\" content=\"georg.blenk@krafthand-medien.de\" \/>\n<meta name=\"twitter:card\" content=\"summary_large_image\" \/>\n<meta name=\"twitter:label1\" content=\"Verfasst von\" \/>\n\t<meta name=\"twitter:data1\" content=\"georg.blenk@krafthand-medien.de\" \/>\n\t<meta name=\"twitter:label2\" content=\"Gesch\u00e4tzte Lesezeit\" \/>\n\t<meta name=\"twitter:data2\" content=\"2\u00a0Minuten\" \/>\n<script type=\"application\/ld+json\" class=\"yoast-schema-graph\">{\"@context\":\"https:\\\/\\\/schema.org\",\"@graph\":[{\"@type\":\"Article\",\"@id\":\"https:\\\/\\\/www.krafthand.de\\\/truck\\\/artikel\\\/geschwindigkeit-38705\\\/#article\",\"isPartOf\":{\"@id\":\"https:\\\/\\\/www.krafthand.de\\\/truck\\\/artikel\\\/geschwindigkeit-38705\\\/\"},\"author\":{\"name\":\"georg.blenk@krafthand-medien.de\",\"@id\":\"https:\\\/\\\/www.krafthand.de\\\/truck\\\/#\\\/schema\\\/person\\\/51fa80b1c57034c4bf63f9f988fc24ce\"},\"headline\":\"Geschwindigkeit\",\"datePublished\":\"2024-01-08T12:28:38+00:00\",\"dateModified\":\"2024-02-08T12:36:21+00:00\",\"mainEntityOfPage\":{\"@id\":\"https:\\\/\\\/www.krafthand.de\\\/truck\\\/artikel\\\/geschwindigkeit-38705\\\/\"},\"wordCount\":286,\"image\":{\"@id\":\"https:\\\/\\\/www.krafthand.de\\\/truck\\\/artikel\\\/geschwindigkeit-38705\\\/#primaryimage\"},\"thumbnailUrl\":\"https:\\\/\\\/static.krafthand-truck.de\\\/uploads\\\/2024\\\/01\\\/Georg_Blenk_Portrait.jpg\",\"keywords\":[\"alternative Antriebe\",\"Dekarbonisierung\",\"Editorial\",\"Innovation\",\"Politik\"],\"articleSection\":[\"Editorial\",\"Verb\u00e4nde\\\/Politik\\\/Recht\"],\"inLanguage\":\"de\"},{\"@type\":\"WebPage\",\"@id\":\"https:\\\/\\\/www.krafthand.de\\\/truck\\\/artikel\\\/geschwindigkeit-38705\\\/\",\"url\":\"https:\\\/\\\/www.krafthand.de\\\/truck\\\/artikel\\\/geschwindigkeit-38705\\\/\",\"name\":\"Editorial Krafthand-Truck 4-2024\",\"isPartOf\":{\"@id\":\"https:\\\/\\\/www.krafthand.de\\\/truck\\\/#website\"},\"primaryImageOfPage\":{\"@id\":\"https:\\\/\\\/www.krafthand.de\\\/truck\\\/artikel\\\/geschwindigkeit-38705\\\/#primaryimage\"},\"image\":{\"@id\":\"https:\\\/\\\/www.krafthand.de\\\/truck\\\/artikel\\\/geschwindigkeit-38705\\\/#primaryimage\"},\"thumbnailUrl\":\"https:\\\/\\\/static.krafthand-truck.de\\\/uploads\\\/2024\\\/01\\\/Georg_Blenk_Portrait.jpg\",\"datePublished\":\"2024-01-08T12:28:38+00:00\",\"dateModified\":\"2024-02-08T12:36:21+00:00\",\"author\":{\"@id\":\"https:\\\/\\\/www.krafthand.de\\\/truck\\\/#\\\/schema\\\/person\\\/51fa80b1c57034c4bf63f9f988fc24ce\"},\"description\":\"Geschwindigkeit spielt in unserer Gesellschaft eine gro\u00dfe Rolle, privat, beruflich, bei der Fahrzeugentwicklung, beim Ausbau der Infrastruktur und in Nfz-Werkst\u00e4tten.\",\"breadcrumb\":{\"@id\":\"https:\\\/\\\/www.krafthand.de\\\/truck\\\/artikel\\\/geschwindigkeit-38705\\\/#breadcrumb\"},\"inLanguage\":\"de\",\"potentialAction\":[{\"@type\":\"ReadAction\",\"target\":[\"https:\\\/\\\/www.krafthand.de\\\/truck\\\/artikel\\\/geschwindigkeit-38705\\\/\"]}]},{\"@type\":\"ImageObject\",\"inLanguage\":\"de\",\"@id\":\"https:\\\/\\\/www.krafthand.de\\\/truck\\\/artikel\\\/geschwindigkeit-38705\\\/#primaryimage\",\"url\":\"https:\\\/\\\/static.krafthand-truck.de\\\/uploads\\\/2024\\\/01\\\/Georg_Blenk_Portrait.jpg\",\"contentUrl\":\"https:\\\/\\\/static.krafthand-truck.de\\\/uploads\\\/2024\\\/01\\\/Georg_Blenk_Portrait.jpg\",\"width\":1339,\"height\":890},{\"@type\":\"BreadcrumbList\",\"@id\":\"https:\\\/\\\/www.krafthand.de\\\/truck\\\/artikel\\\/geschwindigkeit-38705\\\/#breadcrumb\",\"itemListElement\":[{\"@type\":\"ListItem\",\"position\":1,\"name\":\"Krafthand-Truck\",\"item\":\"https:\\\/\\\/www.krafthand.de\\\/truck\\\/\"},{\"@type\":\"ListItem\",\"position\":2,\"name\":\"Editorial\",\"item\":\"https:\\\/\\\/www.krafthand.de\\\/truck\\\/kategorie\\\/editorial\\\/\"},{\"@type\":\"ListItem\",\"position\":3,\"name\":\"Geschwindigkeit\"}]},{\"@type\":\"WebSite\",\"@id\":\"https:\\\/\\\/www.krafthand.de\\\/truck\\\/#website\",\"url\":\"https:\\\/\\\/www.krafthand.de\\\/truck\\\/\",\"name\":\"Krafthand-Truck\",\"description\":\"\",\"potentialAction\":[{\"@type\":\"SearchAction\",\"target\":{\"@type\":\"EntryPoint\",\"urlTemplate\":\"https:\\\/\\\/www.krafthand.de\\\/truck\\\/?s={search_term_string}\"},\"query-input\":{\"@type\":\"PropertyValueSpecification\",\"valueRequired\":true,\"valueName\":\"search_term_string\"}}],\"inLanguage\":\"de\"},{\"@type\":\"Person\",\"@id\":\"https:\\\/\\\/www.krafthand.de\\\/truck\\\/#\\\/schema\\\/person\\\/51fa80b1c57034c4bf63f9f988fc24ce\",\"name\":\"georg.blenk@krafthand-medien.de\",\"image\":{\"@type\":\"ImageObject\",\"inLanguage\":\"de\",\"@id\":\"https:\\\/\\\/secure.gravatar.com\\\/avatar\\\/93713c30affe0aa95d3a4130e499bb1abee2eb31adbdd9ce2aa1543538490215?s=96&d=mm&r=g\",\"url\":\"https:\\\/\\\/secure.gravatar.com\\\/avatar\\\/93713c30affe0aa95d3a4130e499bb1abee2eb31adbdd9ce2aa1543538490215?s=96&d=mm&r=g\",\"contentUrl\":\"https:\\\/\\\/secure.gravatar.com\\\/avatar\\\/93713c30affe0aa95d3a4130e499bb1abee2eb31adbdd9ce2aa1543538490215?s=96&d=mm&r=g\",\"caption\":\"georg.blenk@krafthand-medien.de\"}}]}<\/script>\n<!-- \/ Yoast SEO plugin. -->","yoast_head_json":{"title":"Editorial Krafthand-Truck 4-2024","description":"Geschwindigkeit spielt in unserer Gesellschaft eine gro\u00dfe Rolle, privat, beruflich, bei der Fahrzeugentwicklung, beim Ausbau der Infrastruktur und in Nfz-Werkst\u00e4tten.","robots":{"index":"index","follow":"follow","max-snippet":"max-snippet:-1","max-image-preview":"max-image-preview:large","max-video-preview":"max-video-preview:-1"},"canonical":"https:\/\/www.krafthand.de\/truck\/artikel\/geschwindigkeit-38705\/","og_locale":"de_DE","og_type":"article","og_title":"Editorial Krafthand-Truck 4-2024","og_description":"Geschwindigkeit spielt in unserer Gesellschaft eine gro\u00dfe Rolle, privat, beruflich, bei der Fahrzeugentwicklung, beim Ausbau der Infrastruktur und in Nfz-Werkst\u00e4tten.","og_url":"https:\/\/www.krafthand-truck.de\/artikel\/geschwindigkeit-38705\/","og_site_name":"Krafthand-Truck","article_published_time":"2024-01-08T12:28:38+00:00","article_modified_time":"2024-02-08T12:36:21+00:00","og_image":[{"width":1339,"height":890,"url":"https:\/\/static.krafthand-truck.de\/uploads\/2024\/01\/Georg_Blenk_Portrait.jpg","type":"image\/jpeg"}],"author":"georg.blenk@krafthand-medien.de","twitter_card":"summary_large_image","twitter_misc":{"Verfasst von":"georg.blenk@krafthand-medien.de","Gesch\u00e4tzte Lesezeit":"2\u00a0Minuten"},"schema":{"@context":"https:\/\/schema.org","@graph":[{"@type":"Article","@id":"https:\/\/www.krafthand.de\/truck\/artikel\/geschwindigkeit-38705\/#article","isPartOf":{"@id":"https:\/\/www.krafthand.de\/truck\/artikel\/geschwindigkeit-38705\/"},"author":{"name":"georg.blenk@krafthand-medien.de","@id":"https:\/\/www.krafthand.de\/truck\/#\/schema\/person\/51fa80b1c57034c4bf63f9f988fc24ce"},"headline":"Geschwindigkeit","datePublished":"2024-01-08T12:28:38+00:00","dateModified":"2024-02-08T12:36:21+00:00","mainEntityOfPage":{"@id":"https:\/\/www.krafthand.de\/truck\/artikel\/geschwindigkeit-38705\/"},"wordCount":286,"image":{"@id":"https:\/\/www.krafthand.de\/truck\/artikel\/geschwindigkeit-38705\/#primaryimage"},"thumbnailUrl":"https:\/\/static.krafthand-truck.de\/uploads\/2024\/01\/Georg_Blenk_Portrait.jpg","keywords":["alternative Antriebe","Dekarbonisierung","Editorial","Innovation","Politik"],"articleSection":["Editorial","Verb\u00e4nde\/Politik\/Recht"],"inLanguage":"de"},{"@type":"WebPage","@id":"https:\/\/www.krafthand.de\/truck\/artikel\/geschwindigkeit-38705\/","url":"https:\/\/www.krafthand.de\/truck\/artikel\/geschwindigkeit-38705\/","name":"Editorial Krafthand-Truck 4-2024","isPartOf":{"@id":"https:\/\/www.krafthand.de\/truck\/#website"},"primaryImageOfPage":{"@id":"https:\/\/www.krafthand.de\/truck\/artikel\/geschwindigkeit-38705\/#primaryimage"},"image":{"@id":"https:\/\/www.krafthand.de\/truck\/artikel\/geschwindigkeit-38705\/#primaryimage"},"thumbnailUrl":"https:\/\/static.krafthand-truck.de\/uploads\/2024\/01\/Georg_Blenk_Portrait.jpg","datePublished":"2024-01-08T12:28:38+00:00","dateModified":"2024-02-08T12:36:21+00:00","author":{"@id":"https:\/\/www.krafthand.de\/truck\/#\/schema\/person\/51fa80b1c57034c4bf63f9f988fc24ce"},"description":"Geschwindigkeit spielt in unserer Gesellschaft eine gro\u00dfe Rolle, privat, beruflich, bei der Fahrzeugentwicklung, beim Ausbau der Infrastruktur und in Nfz-Werkst\u00e4tten.","breadcrumb":{"@id":"https:\/\/www.krafthand.de\/truck\/artikel\/geschwindigkeit-38705\/#breadcrumb"},"inLanguage":"de","potentialAction":[{"@type":"ReadAction","target":["https:\/\/www.krafthand.de\/truck\/artikel\/geschwindigkeit-38705\/"]}]},{"@type":"ImageObject","inLanguage":"de","@id":"https:\/\/www.krafthand.de\/truck\/artikel\/geschwindigkeit-38705\/#primaryimage","url":"https:\/\/static.krafthand-truck.de\/uploads\/2024\/01\/Georg_Blenk_Portrait.jpg","contentUrl":"https:\/\/static.krafthand-truck.de\/uploads\/2024\/01\/Georg_Blenk_Portrait.jpg","width":1339,"height":890},{"@type":"BreadcrumbList","@id":"https:\/\/www.krafthand.de\/truck\/artikel\/geschwindigkeit-38705\/#breadcrumb","itemListElement":[{"@type":"ListItem","position":1,"name":"Krafthand-Truck","item":"https:\/\/www.krafthand.de\/truck\/"},{"@type":"ListItem","position":2,"name":"Editorial","item":"https:\/\/www.krafthand.de\/truck\/kategorie\/editorial\/"},{"@type":"ListItem","position":3,"name":"Geschwindigkeit"}]},{"@type":"WebSite","@id":"https:\/\/www.krafthand.de\/truck\/#website","url":"https:\/\/www.krafthand.de\/truck\/","name":"Krafthand-Truck","description":"","potentialAction":[{"@type":"SearchAction","target":{"@type":"EntryPoint","urlTemplate":"https:\/\/www.krafthand.de\/truck\/?s={search_term_string}"},"query-input":{"@type":"PropertyValueSpecification","valueRequired":true,"valueName":"search_term_string"}}],"inLanguage":"de"},{"@type":"Person","@id":"https:\/\/www.krafthand.de\/truck\/#\/schema\/person\/51fa80b1c57034c4bf63f9f988fc24ce","name":"georg.blenk@krafthand-medien.de","image":{"@type":"ImageObject","inLanguage":"de","@id":"https:\/\/secure.gravatar.com\/avatar\/93713c30affe0aa95d3a4130e499bb1abee2eb31adbdd9ce2aa1543538490215?s=96&d=mm&r=g","url":"https:\/\/secure.gravatar.com\/avatar\/93713c30affe0aa95d3a4130e499bb1abee2eb31adbdd9ce2aa1543538490215?s=96&d=mm&r=g","contentUrl":"https:\/\/secure.gravatar.com\/avatar\/93713c30affe0aa95d3a4130e499bb1abee2eb31adbdd9ce2aa1543538490215?s=96&d=mm&r=g","caption":"georg.blenk@krafthand-medien.de"}}]}},"_links":{"self":[{"href":"https:\/\/www.krafthand.de\/truck\/wp-json\/wp\/v2\/posts\/38705","targetHints":{"allow":["GET"]}}],"collection":[{"href":"https:\/\/www.krafthand.de\/truck\/wp-json\/wp\/v2\/posts"}],"about":[{"href":"https:\/\/www.krafthand.de\/truck\/wp-json\/wp\/v2\/types\/post"}],"author":[{"embeddable":true,"href":"https:\/\/www.krafthand.de\/truck\/wp-json\/wp\/v2\/users\/9"}],"replies":[{"embeddable":true,"href":"https:\/\/www.krafthand.de\/truck\/wp-json\/wp\/v2\/comments?post=38705"}],"version-history":[{"count":4,"href":"https:\/\/www.krafthand.de\/truck\/wp-json\/wp\/v2\/posts\/38705\/revisions"}],"predecessor-version":[{"id":38710,"href":"https:\/\/www.krafthand.de\/truck\/wp-json\/wp\/v2\/posts\/38705\/revisions\/38710"}],"wp:featuredmedia":[{"embeddable":true,"href":"https:\/\/www.krafthand.de\/truck\/wp-json\/wp\/v2\/media\/38708"}],"wp:attachment":[{"href":"https:\/\/www.krafthand.de\/truck\/wp-json\/wp\/v2\/media?parent=38705"}],"wp:term":[{"taxonomy":"category","embeddable":true,"href":"https:\/\/www.krafthand.de\/truck\/wp-json\/wp\/v2\/categories?post=38705"},{"taxonomy":"post_tag","embeddable":true,"href":"https:\/\/www.krafthand.de\/truck\/wp-json\/wp\/v2\/tags?post=38705"},{"taxonomy":"settings","embeddable":true,"href":"https:\/\/www.krafthand.de\/truck\/wp-json\/wp\/v2\/settings?post=38705"}],"curies":[{"name":"wp","href":"https:\/\/api.w.org\/{rel}","templated":true}]}}