{"id":38674,"date":"2024-01-31T16:34:25","date_gmt":"2024-01-31T15:34:25","guid":{"rendered":"https:\/\/www.krafthand.de\/truck\/?p=38674"},"modified":"2024-01-31T16:59:01","modified_gmt":"2024-01-31T15:59:01","slug":"antragsstart-fuer-foerderprogramm-umweltschutz-und-sicherheit-vormals-de-minimis-am-5-2-2024","status":"publish","type":"post","link":"https:\/\/www.krafthand.de\/truck\/artikel\/antragsstart-fuer-foerderprogramm-umweltschutz-und-sicherheit-vormals-de-minimis-am-5-2-2024-38674\/","title":{"rendered":"Antragsstart f\u00fcr F\u00f6rderprogramm &#8218;Umweltschutz und Sicherheit&#8216; am 5.2.2024"},"content":{"rendered":"<p>Das Bundesamt f\u00fcr Logistik und Mobilit\u00e4t bezuschusst 2024 erneut Nutzfahrzeug-Technologien f\u00fcr mehr Effizienz und Sicherheit, wobei die Haushaltsmittel f\u00fcr das F\u00f6rderjahr 2023 bereits ausgesch\u00f6pft sind. Nicht alle Antragsteller die letztes Jahr einen Antrag gestellt haben, kommen also in den Genuss der F\u00f6rderung, k\u00f6nnen aber ab dem 5.2.20224, 9.00 Uhr erneut einen F\u00f6rderantrag stellen. Dies gilt nat\u00fcrlich auch f\u00fcr Unternehmen, die bisher noch keinen Antrag zum F\u00f6rderprogramm <a href=\"https:\/\/www.balm.bund.de\/DE\/Foerderprogramme\/Gueterkraftverkehr\/Deminimis\/Umweltschutz_und_Sicherheit_2024\/umweltschutz_und_sicherheit.html\" target=\"_blank\" rel=\"noopener\"><strong>&#8218;Umweltschutz und Sicherheit&#8216;<\/strong><\/a> (vormals &#8222;De-minimis&#8220;) gestellt haben. Antr\u00e4ge k\u00f6nnen \u00fcber das <a href=\"https:\/\/antrag.gbbmdv.bund.de\/de-minimis-dm-\" target=\"_blank\" rel=\"noopener\">eService-Portal<\/a> gestellt werden.<\/p>\n<h3>Was ist f\u00f6rderf\u00e4hig?<\/h3>\n<p>Gef\u00f6rdert werden fahrzeugbezogene Ma\u00dfnahme (zum Beispiel der Erwerb von Fahrerassistenz- oder Partikelminderungssystemen, Aufwendungen f\u00fcr die kostenpflichtige Nutzung von sicheren Parkpl\u00e4tzen in Deutschland sowie Ma\u00dfnahme zur Effizienzsteigerung (zum Beispiel der Erwerb von Telematiksystemen, Software zur Darstellung, Auswertung, Verwaltung, Archivierung der Daten des digitalen Tachografen).\u00a0 Details sind der aktuellen <a href=\"https:\/\/static.krafthand-truck.de\/uploads\/2024\/01\/Positivliste_De_Minimis_Foerderperiode_2023.pdf\" target=\"_blank\" rel=\"noopener\">Positivliste<\/a> (2023) zu entnehmen.<\/p>\n<h3>Neuer Name<\/h3>\n<p>Mit dem neuen Namen m\u00f6chte das Bundesamt mit einem Missverst\u00e4ndnis aufr\u00e4umen: In der juristischen Fachsprache bedeutet \u201eDe-minimis\u201c soviel wie \u201eBagatelle, Kleinigkeit\u201c und bezieht sich auf die von der EU erlaubten H\u00f6chstbetr\u00e4ge f\u00fcr die F\u00f6rderung von Transportunternehmen. Die Wirkung der gef\u00f6rderten Technologien ist jedoch alles andere als geringf\u00fcgig: Sie k\u00f6nnen den Kraftstoffverbrauch, die CO2- und L\u00e4rmemissionen ebenso drastisch senken wie das Unfall- und Diebstahlrisiko. Vorausgesetzt, man stellt seinen Antrag rechtzeitig \u2013 und w\u00e4hlt f\u00f6rderf\u00e4hige L\u00f6sungen aus, die maximalen Nutzen versprechen.<\/p>\n<h3>Beispiel: BPW<\/h3>\n<p>Die BPW Gruppe, beispielsweise bietet ein breites Spektrum an f\u00f6rderf\u00e4higen L\u00f6sungen f\u00fcr Trailer an, die den Transport wirtschaftlicher, sicherer und umweltfreundlicher machen. Einige erf\u00fcllen die F\u00f6rdervoraussetzungen mehrfach: Dazu geh\u00f6rt die Nachlauflenkachse LL, mit der die Man\u00f6vrierf\u00e4higkeit des Trailers erh\u00f6ht und dessen Reifenabrieb gesenkt wird. Doppelt f\u00f6rderw\u00fcrdig ist auch das automatische BPW Reifendruckregelsystem (RDKS\/RDRS) AirSave: Es sch\u00fctzt vor unfalltr\u00e4chtigen Reifenplatzern und spart bei einer Laufleistung von 120.000 Kilometern (durchschnittliche Druckabweichung von zehn Prozent) im Jahr laut BPW bis zu 250 Liter Diesel und damit 655 Kilogramm CO2. Zudem erh\u00f6he AirSave die Lebensdauer der Reifen um bis zu zehn Prozent.<\/p>\n<h3>Auch Ma\u00dfnahmen zum Diebstahlschutz werden bezuschusst<\/h3>\n<p>Das Bundesamt f\u00fcr Logistik und Mobilit\u00e4t bezuschusst dar\u00fcber hinaus auch Ma\u00dfnahmen zur Vermeidung von Diebst\u00e4hlen. Hier bieten die Telematik-Experten der BPW Gruppe vielf\u00e4ltige L\u00f6sungen an: \u00dcber das Telematikportal Cargofleet3 von idem telematics l\u00e4sst sich der Trailer orten, sein Aktionsradius per Geofencing kontrollieren und der \u00d6ffnungsstatus der T\u00fcren \u00fcberwachen.<br \/>\nBPW bietet Transportunternehmen <a href=\"https:\/\/www.bpw.de\/flottenfoerderprogramme\/umweltschutz-und-sicherheit\" target=\"_blank\" rel=\"noopener\">online einen \u00dcberblick<\/a> \u00fcber f\u00f6rderf\u00e4hige L\u00f6sungen. Dar\u00fcber hinaus h\u00e4lt BPW auch einen Amortisationsrechner vor, mit dem sich die Einspareffekte vieler L\u00f6sungen in Abh\u00e4ngigkeit von Laufleistung, Achsanzahl und anderen individuellen Kriterien ermitteln lassen. Sie amortisieren sich teilweise schon im ersten Betriebsjahr. Durch die staatliche F\u00f6rderung wird der \u201eReturn on Investment\u201c noch weiter vorgezogen.<\/p>\n\r\n\t\t\t\t<div class=\"post-author\">\r\n\t\t\t\t\t<div class=\"khm-cp-author clearfix\">\r\n\t\t\t\t\t\t<div class=\"khm-cp-author__content\">\r\n\t\t\t\t\t\t\t\tKontakt zum Autor:<br \/>\r\n\t\t\t\t\t\t\t\t<strong>Georg Blenk<\/strong>, 08247 \/ 3007-45 |  <a href=\"mailto:georg.blenk@krafthand-medien.de\">georg.blenk@krafthand-medien.de<\/a>\r\n\t\t\t\t\t\t\t<div class=\"khm-cp-author__image\">\r\n\t\t\t\t\t\t<img src=\"https:\/\/static.krafthand-truck.de\/uploads\/2021\/01\/Blenk_6104-250x300-1-removebg-preview.png\" class=\"img-responsive\">\r\n\t\t\t\t\t<\/div>\r\n\t\t\t\t\t\t<\/div>\r\n\t\t\t\t\t<\/div>\r\n\t\t\t\t<\/div>\r\n\t\t\t\t","protected":false},"excerpt":{"rendered":"<p>Das Bundesamt f\u00fcr Logistik und Mobilit\u00e4t bezuschusst 2024 erneut Nutzfahrzeug-Technologien f\u00fcr mehr Effizienz und Sicherheit. Ab dem 5.2.20224, 9.00 Uhr kann man einen F\u00f6rderantrag stellen. Auch die Bezeichnung des F\u00f6rderprogramms ist neu. Es hei\u00dft jetzt &#8218;Umweltschutz und Sicherheit&#8216;, nicht mehr DeMinimis.  <span class=\"excerpt-more__dots\">&#8230;<\/span> <a class=\"excerpt-more__link\" href=\"https:\/\/www.krafthand.de\/truck\/artikel\/antragsstart-fuer-foerderprogramm-umweltschutz-und-sicherheit-vormals-de-minimis-am-5-2-2024-38674\/\" >weiter<\/a><\/p>\n","protected":false},"author":9,"featured_media":38685,"comment_status":"closed","ping_status":"closed","sticky":false,"template":"","format":"standard","meta":{"footnotes":""},"categories":[4245],"tags":[4302,5009,5840],"settings":[3524,4766,3523],"class_list":["post-38674","post","type-post","status-publish","format-standard","has-post-thumbnail","hentry","category-verbaende","tag-deminimis","tag-foerderprogramm","tag-umweltschutz-und-sicherheit"],"yoast_head":"<!-- This site is optimized with the Yoast SEO plugin v27.3 - https:\/\/yoast.com\/product\/yoast-seo-wordpress\/ -->\n<title>F\u00f6rderprogramm Umweltschutz und Sicherheit - vormals DeMinimis<\/title>\n<meta name=\"description\" content=\"Das Bundesamt f\u00fcr Logistik und Mobilit\u00e4t bezuschusst 2024 erneut Nutzfahrzeug-Technologien f\u00fcr mehr Effizienz und Sicherheit.\" \/>\n<meta name=\"robots\" content=\"index, follow, max-snippet:-1, max-image-preview:large, max-video-preview:-1\" \/>\n<link rel=\"canonical\" href=\"https:\/\/www.krafthand.de\/truck\/artikel\/antragsstart-fuer-foerderprogramm-umweltschutz-und-sicherheit-vormals-de-minimis-am-5-2-2024-38674\/\" \/>\n<meta property=\"og:locale\" content=\"de_DE\" \/>\n<meta property=\"og:type\" content=\"article\" \/>\n<meta property=\"og:title\" content=\"F\u00f6rderprogramm Umweltschutz und Sicherheit - vormals DeMinimis\" \/>\n<meta property=\"og:description\" content=\"Das Bundesamt f\u00fcr Logistik und Mobilit\u00e4t bezuschusst 2024 erneut Nutzfahrzeug-Technologien f\u00fcr mehr Effizienz und Sicherheit.\" \/>\n<meta property=\"og:url\" content=\"https:\/\/www.krafthand-truck.de\/artikel\/antragsstart-fuer-foerderprogramm-umweltschutz-und-sicherheit-vormals-de-minimis-am-5-2-2024-38674\/\" \/>\n<meta property=\"og:site_name\" content=\"Krafthand-Truck\" \/>\n<meta property=\"article:published_time\" content=\"2024-01-31T15:34:25+00:00\" \/>\n<meta property=\"article:modified_time\" content=\"2024-01-31T15:59:01+00:00\" \/>\n<meta property=\"og:image\" content=\"https:\/\/static.krafthand-truck.de\/uploads\/2024\/01\/BPW_Foerderprogramm_De_Minimis_Umweltschutz_und_Sicherheit_Lkw.jpg\" \/>\n\t<meta property=\"og:image:width\" content=\"1200\" \/>\n\t<meta property=\"og:image:height\" content=\"554\" \/>\n\t<meta property=\"og:image:type\" content=\"image\/jpeg\" \/>\n<meta name=\"author\" content=\"georg.blenk@krafthand-medien.de\" \/>\n<meta name=\"twitter:card\" content=\"summary_large_image\" \/>\n<meta name=\"twitter:label1\" content=\"Verfasst von\" \/>\n\t<meta name=\"twitter:data1\" content=\"georg.blenk@krafthand-medien.de\" \/>\n\t<meta name=\"twitter:label2\" content=\"Gesch\u00e4tzte Lesezeit\" \/>\n\t<meta name=\"twitter:data2\" content=\"3\u00a0Minuten\" \/>\n<script type=\"application\/ld+json\" class=\"yoast-schema-graph\">{\"@context\":\"https:\\\/\\\/schema.org\",\"@graph\":[{\"@type\":\"Article\",\"@id\":\"https:\\\/\\\/www.krafthand.de\\\/truck\\\/artikel\\\/antragsstart-fuer-foerderprogramm-umweltschutz-und-sicherheit-vormals-de-minimis-am-5-2-2024-38674\\\/#article\",\"isPartOf\":{\"@id\":\"https:\\\/\\\/www.krafthand.de\\\/truck\\\/artikel\\\/antragsstart-fuer-foerderprogramm-umweltschutz-und-sicherheit-vormals-de-minimis-am-5-2-2024-38674\\\/\"},\"author\":{\"name\":\"georg.blenk@krafthand-medien.de\",\"@id\":\"https:\\\/\\\/www.krafthand.de\\\/truck\\\/#\\\/schema\\\/person\\\/51fa80b1c57034c4bf63f9f988fc24ce\"},\"headline\":\"Antragsstart f\u00fcr F\u00f6rderprogramm &#8218;Umweltschutz und Sicherheit&#8216; am 5.2.2024\",\"datePublished\":\"2024-01-31T15:34:25+00:00\",\"dateModified\":\"2024-01-31T15:59:01+00:00\",\"mainEntityOfPage\":{\"@id\":\"https:\\\/\\\/www.krafthand.de\\\/truck\\\/artikel\\\/antragsstart-fuer-foerderprogramm-umweltschutz-und-sicherheit-vormals-de-minimis-am-5-2-2024-38674\\\/\"},\"wordCount\":495,\"image\":{\"@id\":\"https:\\\/\\\/www.krafthand.de\\\/truck\\\/artikel\\\/antragsstart-fuer-foerderprogramm-umweltschutz-und-sicherheit-vormals-de-minimis-am-5-2-2024-38674\\\/#primaryimage\"},\"thumbnailUrl\":\"https:\\\/\\\/static.krafthand-truck.de\\\/uploads\\\/2024\\\/01\\\/BPW_Foerderprogramm_De_Minimis_Umweltschutz_und_Sicherheit_Lkw.jpg\",\"keywords\":[\"DeMinimis\",\"F\u00f6rderprogramm\",\"Umweltschutz und Sicherheit\"],\"articleSection\":[\"Verb\u00e4nde\\\/Politik\\\/Recht\"],\"inLanguage\":\"de\"},{\"@type\":\"WebPage\",\"@id\":\"https:\\\/\\\/www.krafthand.de\\\/truck\\\/artikel\\\/antragsstart-fuer-foerderprogramm-umweltschutz-und-sicherheit-vormals-de-minimis-am-5-2-2024-38674\\\/\",\"url\":\"https:\\\/\\\/www.krafthand.de\\\/truck\\\/artikel\\\/antragsstart-fuer-foerderprogramm-umweltschutz-und-sicherheit-vormals-de-minimis-am-5-2-2024-38674\\\/\",\"name\":\"F\u00f6rderprogramm Umweltschutz und Sicherheit - vormals DeMinimis\",\"isPartOf\":{\"@id\":\"https:\\\/\\\/www.krafthand.de\\\/truck\\\/#website\"},\"primaryImageOfPage\":{\"@id\":\"https:\\\/\\\/www.krafthand.de\\\/truck\\\/artikel\\\/antragsstart-fuer-foerderprogramm-umweltschutz-und-sicherheit-vormals-de-minimis-am-5-2-2024-38674\\\/#primaryimage\"},\"image\":{\"@id\":\"https:\\\/\\\/www.krafthand.de\\\/truck\\\/artikel\\\/antragsstart-fuer-foerderprogramm-umweltschutz-und-sicherheit-vormals-de-minimis-am-5-2-2024-38674\\\/#primaryimage\"},\"thumbnailUrl\":\"https:\\\/\\\/static.krafthand-truck.de\\\/uploads\\\/2024\\\/01\\\/BPW_Foerderprogramm_De_Minimis_Umweltschutz_und_Sicherheit_Lkw.jpg\",\"datePublished\":\"2024-01-31T15:34:25+00:00\",\"dateModified\":\"2024-01-31T15:59:01+00:00\",\"author\":{\"@id\":\"https:\\\/\\\/www.krafthand.de\\\/truck\\\/#\\\/schema\\\/person\\\/51fa80b1c57034c4bf63f9f988fc24ce\"},\"description\":\"Das Bundesamt f\u00fcr Logistik und Mobilit\u00e4t bezuschusst 2024 erneut Nutzfahrzeug-Technologien f\u00fcr mehr Effizienz und Sicherheit.\",\"breadcrumb\":{\"@id\":\"https:\\\/\\\/www.krafthand.de\\\/truck\\\/artikel\\\/antragsstart-fuer-foerderprogramm-umweltschutz-und-sicherheit-vormals-de-minimis-am-5-2-2024-38674\\\/#breadcrumb\"},\"inLanguage\":\"de\",\"potentialAction\":[{\"@type\":\"ReadAction\",\"target\":[\"https:\\\/\\\/www.krafthand.de\\\/truck\\\/artikel\\\/antragsstart-fuer-foerderprogramm-umweltschutz-und-sicherheit-vormals-de-minimis-am-5-2-2024-38674\\\/\"]}]},{\"@type\":\"ImageObject\",\"inLanguage\":\"de\",\"@id\":\"https:\\\/\\\/www.krafthand.de\\\/truck\\\/artikel\\\/antragsstart-fuer-foerderprogramm-umweltschutz-und-sicherheit-vormals-de-minimis-am-5-2-2024-38674\\\/#primaryimage\",\"url\":\"https:\\\/\\\/static.krafthand-truck.de\\\/uploads\\\/2024\\\/01\\\/BPW_Foerderprogramm_De_Minimis_Umweltschutz_und_Sicherheit_Lkw.jpg\",\"contentUrl\":\"https:\\\/\\\/static.krafthand-truck.de\\\/uploads\\\/2024\\\/01\\\/BPW_Foerderprogramm_De_Minimis_Umweltschutz_und_Sicherheit_Lkw.jpg\",\"width\":1200,\"height\":554},{\"@type\":\"BreadcrumbList\",\"@id\":\"https:\\\/\\\/www.krafthand.de\\\/truck\\\/artikel\\\/antragsstart-fuer-foerderprogramm-umweltschutz-und-sicherheit-vormals-de-minimis-am-5-2-2024-38674\\\/#breadcrumb\",\"itemListElement\":[{\"@type\":\"ListItem\",\"position\":1,\"name\":\"Krafthand-Truck\",\"item\":\"https:\\\/\\\/www.krafthand.de\\\/truck\\\/\"},{\"@type\":\"ListItem\",\"position\":2,\"name\":\"Nfz-Branche\",\"item\":\"https:\\\/\\\/www.krafthand.de\\\/truck\\\/kategorie\\\/branche\\\/\"},{\"@type\":\"ListItem\",\"position\":3,\"name\":\"Verb\u00e4nde\\\/Politik\\\/Recht\",\"item\":\"https:\\\/\\\/www.krafthand.de\\\/truck\\\/kategorie\\\/branche\\\/verbaende\\\/\"},{\"@type\":\"ListItem\",\"position\":4,\"name\":\"Antragsstart f\u00fcr F\u00f6rderprogramm &#8218;Umweltschutz und Sicherheit&#8216; am 5.2.2024\"}]},{\"@type\":\"WebSite\",\"@id\":\"https:\\\/\\\/www.krafthand.de\\\/truck\\\/#website\",\"url\":\"https:\\\/\\\/www.krafthand.de\\\/truck\\\/\",\"name\":\"Krafthand-Truck\",\"description\":\"\",\"potentialAction\":[{\"@type\":\"SearchAction\",\"target\":{\"@type\":\"EntryPoint\",\"urlTemplate\":\"https:\\\/\\\/www.krafthand.de\\\/truck\\\/?s={search_term_string}\"},\"query-input\":{\"@type\":\"PropertyValueSpecification\",\"valueRequired\":true,\"valueName\":\"search_term_string\"}}],\"inLanguage\":\"de\"},{\"@type\":\"Person\",\"@id\":\"https:\\\/\\\/www.krafthand.de\\\/truck\\\/#\\\/schema\\\/person\\\/51fa80b1c57034c4bf63f9f988fc24ce\",\"name\":\"georg.blenk@krafthand-medien.de\",\"image\":{\"@type\":\"ImageObject\",\"inLanguage\":\"de\",\"@id\":\"https:\\\/\\\/secure.gravatar.com\\\/avatar\\\/93713c30affe0aa95d3a4130e499bb1abee2eb31adbdd9ce2aa1543538490215?s=96&d=mm&r=g\",\"url\":\"https:\\\/\\\/secure.gravatar.com\\\/avatar\\\/93713c30affe0aa95d3a4130e499bb1abee2eb31adbdd9ce2aa1543538490215?s=96&d=mm&r=g\",\"contentUrl\":\"https:\\\/\\\/secure.gravatar.com\\\/avatar\\\/93713c30affe0aa95d3a4130e499bb1abee2eb31adbdd9ce2aa1543538490215?s=96&d=mm&r=g\",\"caption\":\"georg.blenk@krafthand-medien.de\"}}]}<\/script>\n<!-- \/ Yoast SEO plugin. -->","yoast_head_json":{"title":"F\u00f6rderprogramm Umweltschutz und Sicherheit - vormals DeMinimis","description":"Das Bundesamt f\u00fcr Logistik und Mobilit\u00e4t bezuschusst 2024 erneut Nutzfahrzeug-Technologien f\u00fcr mehr Effizienz und Sicherheit.","robots":{"index":"index","follow":"follow","max-snippet":"max-snippet:-1","max-image-preview":"max-image-preview:large","max-video-preview":"max-video-preview:-1"},"canonical":"https:\/\/www.krafthand.de\/truck\/artikel\/antragsstart-fuer-foerderprogramm-umweltschutz-und-sicherheit-vormals-de-minimis-am-5-2-2024-38674\/","og_locale":"de_DE","og_type":"article","og_title":"F\u00f6rderprogramm Umweltschutz und Sicherheit - vormals DeMinimis","og_description":"Das Bundesamt f\u00fcr Logistik und Mobilit\u00e4t bezuschusst 2024 erneut Nutzfahrzeug-Technologien f\u00fcr mehr Effizienz und Sicherheit.","og_url":"https:\/\/www.krafthand-truck.de\/artikel\/antragsstart-fuer-foerderprogramm-umweltschutz-und-sicherheit-vormals-de-minimis-am-5-2-2024-38674\/","og_site_name":"Krafthand-Truck","article_published_time":"2024-01-31T15:34:25+00:00","article_modified_time":"2024-01-31T15:59:01+00:00","og_image":[{"width":1200,"height":554,"url":"https:\/\/static.krafthand-truck.de\/uploads\/2024\/01\/BPW_Foerderprogramm_De_Minimis_Umweltschutz_und_Sicherheit_Lkw.jpg","type":"image\/jpeg"}],"author":"georg.blenk@krafthand-medien.de","twitter_card":"summary_large_image","twitter_misc":{"Verfasst von":"georg.blenk@krafthand-medien.de","Gesch\u00e4tzte Lesezeit":"3\u00a0Minuten"},"schema":{"@context":"https:\/\/schema.org","@graph":[{"@type":"Article","@id":"https:\/\/www.krafthand.de\/truck\/artikel\/antragsstart-fuer-foerderprogramm-umweltschutz-und-sicherheit-vormals-de-minimis-am-5-2-2024-38674\/#article","isPartOf":{"@id":"https:\/\/www.krafthand.de\/truck\/artikel\/antragsstart-fuer-foerderprogramm-umweltschutz-und-sicherheit-vormals-de-minimis-am-5-2-2024-38674\/"},"author":{"name":"georg.blenk@krafthand-medien.de","@id":"https:\/\/www.krafthand.de\/truck\/#\/schema\/person\/51fa80b1c57034c4bf63f9f988fc24ce"},"headline":"Antragsstart f\u00fcr F\u00f6rderprogramm &#8218;Umweltschutz und Sicherheit&#8216; am 5.2.2024","datePublished":"2024-01-31T15:34:25+00:00","dateModified":"2024-01-31T15:59:01+00:00","mainEntityOfPage":{"@id":"https:\/\/www.krafthand.de\/truck\/artikel\/antragsstart-fuer-foerderprogramm-umweltschutz-und-sicherheit-vormals-de-minimis-am-5-2-2024-38674\/"},"wordCount":495,"image":{"@id":"https:\/\/www.krafthand.de\/truck\/artikel\/antragsstart-fuer-foerderprogramm-umweltschutz-und-sicherheit-vormals-de-minimis-am-5-2-2024-38674\/#primaryimage"},"thumbnailUrl":"https:\/\/static.krafthand-truck.de\/uploads\/2024\/01\/BPW_Foerderprogramm_De_Minimis_Umweltschutz_und_Sicherheit_Lkw.jpg","keywords":["DeMinimis","F\u00f6rderprogramm","Umweltschutz und Sicherheit"],"articleSection":["Verb\u00e4nde\/Politik\/Recht"],"inLanguage":"de"},{"@type":"WebPage","@id":"https:\/\/www.krafthand.de\/truck\/artikel\/antragsstart-fuer-foerderprogramm-umweltschutz-und-sicherheit-vormals-de-minimis-am-5-2-2024-38674\/","url":"https:\/\/www.krafthand.de\/truck\/artikel\/antragsstart-fuer-foerderprogramm-umweltschutz-und-sicherheit-vormals-de-minimis-am-5-2-2024-38674\/","name":"F\u00f6rderprogramm Umweltschutz und Sicherheit - vormals DeMinimis","isPartOf":{"@id":"https:\/\/www.krafthand.de\/truck\/#website"},"primaryImageOfPage":{"@id":"https:\/\/www.krafthand.de\/truck\/artikel\/antragsstart-fuer-foerderprogramm-umweltschutz-und-sicherheit-vormals-de-minimis-am-5-2-2024-38674\/#primaryimage"},"image":{"@id":"https:\/\/www.krafthand.de\/truck\/artikel\/antragsstart-fuer-foerderprogramm-umweltschutz-und-sicherheit-vormals-de-minimis-am-5-2-2024-38674\/#primaryimage"},"thumbnailUrl":"https:\/\/static.krafthand-truck.de\/uploads\/2024\/01\/BPW_Foerderprogramm_De_Minimis_Umweltschutz_und_Sicherheit_Lkw.jpg","datePublished":"2024-01-31T15:34:25+00:00","dateModified":"2024-01-31T15:59:01+00:00","author":{"@id":"https:\/\/www.krafthand.de\/truck\/#\/schema\/person\/51fa80b1c57034c4bf63f9f988fc24ce"},"description":"Das Bundesamt f\u00fcr Logistik und Mobilit\u00e4t bezuschusst 2024 erneut Nutzfahrzeug-Technologien f\u00fcr mehr Effizienz und Sicherheit.","breadcrumb":{"@id":"https:\/\/www.krafthand.de\/truck\/artikel\/antragsstart-fuer-foerderprogramm-umweltschutz-und-sicherheit-vormals-de-minimis-am-5-2-2024-38674\/#breadcrumb"},"inLanguage":"de","potentialAction":[{"@type":"ReadAction","target":["https:\/\/www.krafthand.de\/truck\/artikel\/antragsstart-fuer-foerderprogramm-umweltschutz-und-sicherheit-vormals-de-minimis-am-5-2-2024-38674\/"]}]},{"@type":"ImageObject","inLanguage":"de","@id":"https:\/\/www.krafthand.de\/truck\/artikel\/antragsstart-fuer-foerderprogramm-umweltschutz-und-sicherheit-vormals-de-minimis-am-5-2-2024-38674\/#primaryimage","url":"https:\/\/static.krafthand-truck.de\/uploads\/2024\/01\/BPW_Foerderprogramm_De_Minimis_Umweltschutz_und_Sicherheit_Lkw.jpg","contentUrl":"https:\/\/static.krafthand-truck.de\/uploads\/2024\/01\/BPW_Foerderprogramm_De_Minimis_Umweltschutz_und_Sicherheit_Lkw.jpg","width":1200,"height":554},{"@type":"BreadcrumbList","@id":"https:\/\/www.krafthand.de\/truck\/artikel\/antragsstart-fuer-foerderprogramm-umweltschutz-und-sicherheit-vormals-de-minimis-am-5-2-2024-38674\/#breadcrumb","itemListElement":[{"@type":"ListItem","position":1,"name":"Krafthand-Truck","item":"https:\/\/www.krafthand.de\/truck\/"},{"@type":"ListItem","position":2,"name":"Nfz-Branche","item":"https:\/\/www.krafthand.de\/truck\/kategorie\/branche\/"},{"@type":"ListItem","position":3,"name":"Verb\u00e4nde\/Politik\/Recht","item":"https:\/\/www.krafthand.de\/truck\/kategorie\/branche\/verbaende\/"},{"@type":"ListItem","position":4,"name":"Antragsstart f\u00fcr F\u00f6rderprogramm &#8218;Umweltschutz und Sicherheit&#8216; am 5.2.2024"}]},{"@type":"WebSite","@id":"https:\/\/www.krafthand.de\/truck\/#website","url":"https:\/\/www.krafthand.de\/truck\/","name":"Krafthand-Truck","description":"","potentialAction":[{"@type":"SearchAction","target":{"@type":"EntryPoint","urlTemplate":"https:\/\/www.krafthand.de\/truck\/?s={search_term_string}"},"query-input":{"@type":"PropertyValueSpecification","valueRequired":true,"valueName":"search_term_string"}}],"inLanguage":"de"},{"@type":"Person","@id":"https:\/\/www.krafthand.de\/truck\/#\/schema\/person\/51fa80b1c57034c4bf63f9f988fc24ce","name":"georg.blenk@krafthand-medien.de","image":{"@type":"ImageObject","inLanguage":"de","@id":"https:\/\/secure.gravatar.com\/avatar\/93713c30affe0aa95d3a4130e499bb1abee2eb31adbdd9ce2aa1543538490215?s=96&d=mm&r=g","url":"https:\/\/secure.gravatar.com\/avatar\/93713c30affe0aa95d3a4130e499bb1abee2eb31adbdd9ce2aa1543538490215?s=96&d=mm&r=g","contentUrl":"https:\/\/secure.gravatar.com\/avatar\/93713c30affe0aa95d3a4130e499bb1abee2eb31adbdd9ce2aa1543538490215?s=96&d=mm&r=g","caption":"georg.blenk@krafthand-medien.de"}}]}},"_links":{"self":[{"href":"https:\/\/www.krafthand.de\/truck\/wp-json\/wp\/v2\/posts\/38674","targetHints":{"allow":["GET"]}}],"collection":[{"href":"https:\/\/www.krafthand.de\/truck\/wp-json\/wp\/v2\/posts"}],"about":[{"href":"https:\/\/www.krafthand.de\/truck\/wp-json\/wp\/v2\/types\/post"}],"author":[{"embeddable":true,"href":"https:\/\/www.krafthand.de\/truck\/wp-json\/wp\/v2\/users\/9"}],"replies":[{"embeddable":true,"href":"https:\/\/www.krafthand.de\/truck\/wp-json\/wp\/v2\/comments?post=38674"}],"version-history":[{"count":12,"href":"https:\/\/www.krafthand.de\/truck\/wp-json\/wp\/v2\/posts\/38674\/revisions"}],"predecessor-version":[{"id":38688,"href":"https:\/\/www.krafthand.de\/truck\/wp-json\/wp\/v2\/posts\/38674\/revisions\/38688"}],"wp:featuredmedia":[{"embeddable":true,"href":"https:\/\/www.krafthand.de\/truck\/wp-json\/wp\/v2\/media\/38685"}],"wp:attachment":[{"href":"https:\/\/www.krafthand.de\/truck\/wp-json\/wp\/v2\/media?parent=38674"}],"wp:term":[{"taxonomy":"category","embeddable":true,"href":"https:\/\/www.krafthand.de\/truck\/wp-json\/wp\/v2\/categories?post=38674"},{"taxonomy":"post_tag","embeddable":true,"href":"https:\/\/www.krafthand.de\/truck\/wp-json\/wp\/v2\/tags?post=38674"},{"taxonomy":"settings","embeddable":true,"href":"https:\/\/www.krafthand.de\/truck\/wp-json\/wp\/v2\/settings?post=38674"}],"curies":[{"name":"wp","href":"https:\/\/api.w.org\/{rel}","templated":true}]}}