{"id":38651,"date":"2024-01-30T08:36:17","date_gmt":"2024-01-30T07:36:17","guid":{"rendered":"https:\/\/www.krafthand.de\/truck\/?p=38651"},"modified":"2024-01-30T08:44:15","modified_gmt":"2024-01-30T07:44:15","slug":"vergoelst-philipp-sombeck-leitet-nfz-geschaeft","status":"publish","type":"post","link":"https:\/\/www.krafthand.de\/truck\/artikel\/vergoelst-philipp-sombeck-leitet-nfz-geschaeft-38651\/","title":{"rendered":"Verg\u00f6lst: Philipp Sombeck leitet Nfz-Gesch\u00e4ft"},"content":{"rendered":"<p>Seit Anfang des Jahres verantwortet Philipp Sombeck das Flottengesch\u00e4ft f\u00fcr Nutzfahrzeugkunden bei der Continental Tochter <a href=\"https:\/\/vergoelst.de\" target=\"_blank\" rel=\"noopener\">Verg\u00f6lst<\/a>. Mit seinem Team m\u00f6chte Sombeck k\u00fcnftig auf eine noch engere Kundenbetreuung sowie auf die Erweiterung des Service-Angebots setzen.<\/p>\n<p>Sombeck startete 2002 seine duale Ausbildung zum Betriebswirt bei Continental. In den vergangenen zwei Jahrzehnten hat der Hannoveraner viele nationale und internationale Karriereschritte im Konzern durchlaufen. So hat er unter anderem T\u00e4tigkeiten im Produktmanagement, Pricing, Au\u00dfendienst und Key Account Management \u00fcbernommen.<\/p>\n<blockquote><p>\u201eEs geht zwar innerhalb des Konzerns immer um dieselben Produktgruppen, aber die Perspektive ist im Handel eine v\u00f6llig andere. Das Gesch\u00e4ftsfeld ist diverser und umfasst neben Reifen auch eine Vielzahl an Services und Dienstleistungen. Zudem wird dem Flottengesch\u00e4ft zuk\u00fcnftig eine noch st\u00e4rkere strategische Bedeutung zukommen \u2013 daher freue ich mich sehr, hier vertrieblich Verantwortung \u00fcbernehmen zu k\u00f6nnen\u201c, sagt Sombeck. In seiner Funktion als Nfz-Leiter berichtet er direkt an Sebastian Becker, Leiter Flottengesch\u00e4ft.<\/p><\/blockquote>\n<p><em>\u201eF\u00fcr dieses Jahr haben wir uns einiges vorgenommen. Die Entwicklung des Lkw-Marktes war zuletzt in der Branche und somit auch bei uns r\u00fcckl\u00e4ufig. Daher bedarf es einer umfassenden Analyse sowie der Ermittlung neuer Wege und M\u00f6glichkeiten: Wir m\u00f6chten unter anderem das Dienstleistungsangebot f\u00fcr unsere Nutzfahrzeugkunden erweitern \u2013 z.B. im Bereich Services f\u00fcr EM-Fahrzeuge<\/em>\u201c, so Sombeck.<\/p>\n","protected":false},"excerpt":{"rendered":"<p>Seit Anfang des Jahres verantwortet Philipp Sombeck das Flottengesch\u00e4ft f\u00fcr Nutzfahrzeugkunden bei der Continental Tochter Verg\u00f6lst. Mit seinem Team m\u00f6chte Sombeck k\u00fcnftig auf eine noch engere Kundenbetreuung sowie auf die Erweiterung des Service-Angebots setzen. <span class=\"excerpt-more__dots\">&#8230;<\/span> <a class=\"excerpt-more__link\" href=\"https:\/\/www.krafthand.de\/truck\/artikel\/vergoelst-philipp-sombeck-leitet-nfz-geschaeft-38651\/\" >weiter<\/a><\/p>\n","protected":false},"author":9,"featured_media":38653,"comment_status":"closed","ping_status":"closed","sticky":false,"template":"","format":"standard","meta":{"footnotes":""},"categories":[4238,4235],"tags":[98,5839,99,5838],"settings":[4766,3523],"class_list":["post-38651","post","type-post","status-publish","format-standard","has-post-thumbnail","hentry","category-koepfe","category-unternehmen","tag-continental","tag-philipp-sombeck","tag-reifen","tag-vergoelst"],"yoast_head":"<!-- This site is optimized with the Yoast SEO plugin v27.3 - https:\/\/yoast.com\/product\/yoast-seo-wordpress\/ -->\n<title>Verg\u00f6lst: Philipp Sombeck leitet Nfz-Gesch\u00e4ft - Krafthand-Truck<\/title>\n<meta name=\"description\" content=\"Lkw-Reifen: Philipp Sombeck verantwortet das Flottengesch\u00e4ft f\u00fcr Nutzfahrzeugkunden bei der Continental Tochter Verg\u00f6lst.\" \/>\n<meta name=\"robots\" content=\"index, follow, max-snippet:-1, max-image-preview:large, max-video-preview:-1\" \/>\n<link rel=\"canonical\" href=\"https:\/\/www.krafthand.de\/truck\/artikel\/vergoelst-philipp-sombeck-leitet-nfz-geschaeft-38651\/\" \/>\n<meta property=\"og:locale\" content=\"de_DE\" \/>\n<meta property=\"og:type\" content=\"article\" \/>\n<meta property=\"og:title\" content=\"Verg\u00f6lst: Philipp Sombeck leitet Nfz-Gesch\u00e4ft - Krafthand-Truck\" \/>\n<meta property=\"og:description\" content=\"Lkw-Reifen: Philipp Sombeck verantwortet das Flottengesch\u00e4ft f\u00fcr Nutzfahrzeugkunden bei der Continental Tochter Verg\u00f6lst.\" \/>\n<meta property=\"og:url\" content=\"https:\/\/www.krafthand-truck.de\/artikel\/vergoelst-philipp-sombeck-leitet-nfz-geschaeft-38651\/\" \/>\n<meta property=\"og:site_name\" content=\"Krafthand-Truck\" \/>\n<meta property=\"article:published_time\" content=\"2024-01-30T07:36:17+00:00\" \/>\n<meta property=\"article:modified_time\" content=\"2024-01-30T07:44:15+00:00\" \/>\n<meta property=\"og:image\" content=\"https:\/\/static.krafthand-truck.de\/uploads\/2024\/01\/Vergoelst_Leiter-Nutzfahrzeuge_Philipp-Sombeck.jpg\" \/>\n\t<meta property=\"og:image:width\" content=\"1200\" \/>\n\t<meta property=\"og:image:height\" content=\"838\" \/>\n\t<meta property=\"og:image:type\" content=\"image\/jpeg\" \/>\n<meta name=\"author\" content=\"georg.blenk@krafthand-medien.de\" \/>\n<meta name=\"twitter:card\" content=\"summary_large_image\" \/>\n<meta name=\"twitter:label1\" content=\"Verfasst von\" \/>\n\t<meta name=\"twitter:data1\" content=\"georg.blenk@krafthand-medien.de\" \/>\n\t<meta name=\"twitter:label2\" content=\"Gesch\u00e4tzte Lesezeit\" \/>\n\t<meta name=\"twitter:data2\" content=\"1\u00a0Minute\" \/>\n<script type=\"application\/ld+json\" class=\"yoast-schema-graph\">{\"@context\":\"https:\\\/\\\/schema.org\",\"@graph\":[{\"@type\":\"Article\",\"@id\":\"https:\\\/\\\/www.krafthand.de\\\/truck\\\/artikel\\\/vergoelst-philipp-sombeck-leitet-nfz-geschaeft-38651\\\/#article\",\"isPartOf\":{\"@id\":\"https:\\\/\\\/www.krafthand.de\\\/truck\\\/artikel\\\/vergoelst-philipp-sombeck-leitet-nfz-geschaeft-38651\\\/\"},\"author\":{\"name\":\"georg.blenk@krafthand-medien.de\",\"@id\":\"https:\\\/\\\/www.krafthand.de\\\/truck\\\/#\\\/schema\\\/person\\\/51fa80b1c57034c4bf63f9f988fc24ce\"},\"headline\":\"Verg\u00f6lst: Philipp Sombeck leitet Nfz-Gesch\u00e4ft\",\"datePublished\":\"2024-01-30T07:36:17+00:00\",\"dateModified\":\"2024-01-30T07:44:15+00:00\",\"mainEntityOfPage\":{\"@id\":\"https:\\\/\\\/www.krafthand.de\\\/truck\\\/artikel\\\/vergoelst-philipp-sombeck-leitet-nfz-geschaeft-38651\\\/\"},\"wordCount\":228,\"image\":{\"@id\":\"https:\\\/\\\/www.krafthand.de\\\/truck\\\/artikel\\\/vergoelst-philipp-sombeck-leitet-nfz-geschaeft-38651\\\/#primaryimage\"},\"thumbnailUrl\":\"https:\\\/\\\/static.krafthand-truck.de\\\/uploads\\\/2024\\\/01\\\/Vergoelst_Leiter-Nutzfahrzeuge_Philipp-Sombeck.jpg\",\"keywords\":[\"Continental\",\"Philipp Sombeck\",\"Reifen\",\"Verg\u00f6lst\"],\"articleSection\":[\"K\u00f6pfe\\\/Personen\",\"Unternehmen\"],\"inLanguage\":\"de\"},{\"@type\":\"WebPage\",\"@id\":\"https:\\\/\\\/www.krafthand.de\\\/truck\\\/artikel\\\/vergoelst-philipp-sombeck-leitet-nfz-geschaeft-38651\\\/\",\"url\":\"https:\\\/\\\/www.krafthand.de\\\/truck\\\/artikel\\\/vergoelst-philipp-sombeck-leitet-nfz-geschaeft-38651\\\/\",\"name\":\"Verg\u00f6lst: Philipp Sombeck leitet Nfz-Gesch\u00e4ft - Krafthand-Truck\",\"isPartOf\":{\"@id\":\"https:\\\/\\\/www.krafthand.de\\\/truck\\\/#website\"},\"primaryImageOfPage\":{\"@id\":\"https:\\\/\\\/www.krafthand.de\\\/truck\\\/artikel\\\/vergoelst-philipp-sombeck-leitet-nfz-geschaeft-38651\\\/#primaryimage\"},\"image\":{\"@id\":\"https:\\\/\\\/www.krafthand.de\\\/truck\\\/artikel\\\/vergoelst-philipp-sombeck-leitet-nfz-geschaeft-38651\\\/#primaryimage\"},\"thumbnailUrl\":\"https:\\\/\\\/static.krafthand-truck.de\\\/uploads\\\/2024\\\/01\\\/Vergoelst_Leiter-Nutzfahrzeuge_Philipp-Sombeck.jpg\",\"datePublished\":\"2024-01-30T07:36:17+00:00\",\"dateModified\":\"2024-01-30T07:44:15+00:00\",\"author\":{\"@id\":\"https:\\\/\\\/www.krafthand.de\\\/truck\\\/#\\\/schema\\\/person\\\/51fa80b1c57034c4bf63f9f988fc24ce\"},\"description\":\"Lkw-Reifen: Philipp Sombeck verantwortet das Flottengesch\u00e4ft f\u00fcr Nutzfahrzeugkunden bei der Continental Tochter Verg\u00f6lst.\",\"breadcrumb\":{\"@id\":\"https:\\\/\\\/www.krafthand.de\\\/truck\\\/artikel\\\/vergoelst-philipp-sombeck-leitet-nfz-geschaeft-38651\\\/#breadcrumb\"},\"inLanguage\":\"de\",\"potentialAction\":[{\"@type\":\"ReadAction\",\"target\":[\"https:\\\/\\\/www.krafthand.de\\\/truck\\\/artikel\\\/vergoelst-philipp-sombeck-leitet-nfz-geschaeft-38651\\\/\"]}]},{\"@type\":\"ImageObject\",\"inLanguage\":\"de\",\"@id\":\"https:\\\/\\\/www.krafthand.de\\\/truck\\\/artikel\\\/vergoelst-philipp-sombeck-leitet-nfz-geschaeft-38651\\\/#primaryimage\",\"url\":\"https:\\\/\\\/static.krafthand-truck.de\\\/uploads\\\/2024\\\/01\\\/Vergoelst_Leiter-Nutzfahrzeuge_Philipp-Sombeck.jpg\",\"contentUrl\":\"https:\\\/\\\/static.krafthand-truck.de\\\/uploads\\\/2024\\\/01\\\/Vergoelst_Leiter-Nutzfahrzeuge_Philipp-Sombeck.jpg\",\"width\":1200,\"height\":838},{\"@type\":\"BreadcrumbList\",\"@id\":\"https:\\\/\\\/www.krafthand.de\\\/truck\\\/artikel\\\/vergoelst-philipp-sombeck-leitet-nfz-geschaeft-38651\\\/#breadcrumb\",\"itemListElement\":[{\"@type\":\"ListItem\",\"position\":1,\"name\":\"Krafthand-Truck\",\"item\":\"https:\\\/\\\/www.krafthand.de\\\/truck\\\/\"},{\"@type\":\"ListItem\",\"position\":2,\"name\":\"Nfz-Branche\",\"item\":\"https:\\\/\\\/www.krafthand.de\\\/truck\\\/kategorie\\\/branche\\\/\"},{\"@type\":\"ListItem\",\"position\":3,\"name\":\"K\u00f6pfe\\\/Personen\",\"item\":\"https:\\\/\\\/www.krafthand.de\\\/truck\\\/kategorie\\\/branche\\\/koepfe\\\/\"},{\"@type\":\"ListItem\",\"position\":4,\"name\":\"Verg\u00f6lst: Philipp Sombeck leitet Nfz-Gesch\u00e4ft\"}]},{\"@type\":\"WebSite\",\"@id\":\"https:\\\/\\\/www.krafthand.de\\\/truck\\\/#website\",\"url\":\"https:\\\/\\\/www.krafthand.de\\\/truck\\\/\",\"name\":\"Krafthand-Truck\",\"description\":\"\",\"potentialAction\":[{\"@type\":\"SearchAction\",\"target\":{\"@type\":\"EntryPoint\",\"urlTemplate\":\"https:\\\/\\\/www.krafthand.de\\\/truck\\\/?s={search_term_string}\"},\"query-input\":{\"@type\":\"PropertyValueSpecification\",\"valueRequired\":true,\"valueName\":\"search_term_string\"}}],\"inLanguage\":\"de\"},{\"@type\":\"Person\",\"@id\":\"https:\\\/\\\/www.krafthand.de\\\/truck\\\/#\\\/schema\\\/person\\\/51fa80b1c57034c4bf63f9f988fc24ce\",\"name\":\"georg.blenk@krafthand-medien.de\",\"image\":{\"@type\":\"ImageObject\",\"inLanguage\":\"de\",\"@id\":\"https:\\\/\\\/secure.gravatar.com\\\/avatar\\\/93713c30affe0aa95d3a4130e499bb1abee2eb31adbdd9ce2aa1543538490215?s=96&d=mm&r=g\",\"url\":\"https:\\\/\\\/secure.gravatar.com\\\/avatar\\\/93713c30affe0aa95d3a4130e499bb1abee2eb31adbdd9ce2aa1543538490215?s=96&d=mm&r=g\",\"contentUrl\":\"https:\\\/\\\/secure.gravatar.com\\\/avatar\\\/93713c30affe0aa95d3a4130e499bb1abee2eb31adbdd9ce2aa1543538490215?s=96&d=mm&r=g\",\"caption\":\"georg.blenk@krafthand-medien.de\"}}]}<\/script>\n<!-- \/ Yoast SEO plugin. -->","yoast_head_json":{"title":"Verg\u00f6lst: Philipp Sombeck leitet Nfz-Gesch\u00e4ft - Krafthand-Truck","description":"Lkw-Reifen: Philipp Sombeck verantwortet das Flottengesch\u00e4ft f\u00fcr Nutzfahrzeugkunden bei der Continental Tochter Verg\u00f6lst.","robots":{"index":"index","follow":"follow","max-snippet":"max-snippet:-1","max-image-preview":"max-image-preview:large","max-video-preview":"max-video-preview:-1"},"canonical":"https:\/\/www.krafthand.de\/truck\/artikel\/vergoelst-philipp-sombeck-leitet-nfz-geschaeft-38651\/","og_locale":"de_DE","og_type":"article","og_title":"Verg\u00f6lst: Philipp Sombeck leitet Nfz-Gesch\u00e4ft - Krafthand-Truck","og_description":"Lkw-Reifen: Philipp Sombeck verantwortet das Flottengesch\u00e4ft f\u00fcr Nutzfahrzeugkunden bei der Continental Tochter Verg\u00f6lst.","og_url":"https:\/\/www.krafthand-truck.de\/artikel\/vergoelst-philipp-sombeck-leitet-nfz-geschaeft-38651\/","og_site_name":"Krafthand-Truck","article_published_time":"2024-01-30T07:36:17+00:00","article_modified_time":"2024-01-30T07:44:15+00:00","og_image":[{"width":1200,"height":838,"url":"https:\/\/static.krafthand-truck.de\/uploads\/2024\/01\/Vergoelst_Leiter-Nutzfahrzeuge_Philipp-Sombeck.jpg","type":"image\/jpeg"}],"author":"georg.blenk@krafthand-medien.de","twitter_card":"summary_large_image","twitter_misc":{"Verfasst von":"georg.blenk@krafthand-medien.de","Gesch\u00e4tzte Lesezeit":"1\u00a0Minute"},"schema":{"@context":"https:\/\/schema.org","@graph":[{"@type":"Article","@id":"https:\/\/www.krafthand.de\/truck\/artikel\/vergoelst-philipp-sombeck-leitet-nfz-geschaeft-38651\/#article","isPartOf":{"@id":"https:\/\/www.krafthand.de\/truck\/artikel\/vergoelst-philipp-sombeck-leitet-nfz-geschaeft-38651\/"},"author":{"name":"georg.blenk@krafthand-medien.de","@id":"https:\/\/www.krafthand.de\/truck\/#\/schema\/person\/51fa80b1c57034c4bf63f9f988fc24ce"},"headline":"Verg\u00f6lst: Philipp Sombeck leitet Nfz-Gesch\u00e4ft","datePublished":"2024-01-30T07:36:17+00:00","dateModified":"2024-01-30T07:44:15+00:00","mainEntityOfPage":{"@id":"https:\/\/www.krafthand.de\/truck\/artikel\/vergoelst-philipp-sombeck-leitet-nfz-geschaeft-38651\/"},"wordCount":228,"image":{"@id":"https:\/\/www.krafthand.de\/truck\/artikel\/vergoelst-philipp-sombeck-leitet-nfz-geschaeft-38651\/#primaryimage"},"thumbnailUrl":"https:\/\/static.krafthand-truck.de\/uploads\/2024\/01\/Vergoelst_Leiter-Nutzfahrzeuge_Philipp-Sombeck.jpg","keywords":["Continental","Philipp Sombeck","Reifen","Verg\u00f6lst"],"articleSection":["K\u00f6pfe\/Personen","Unternehmen"],"inLanguage":"de"},{"@type":"WebPage","@id":"https:\/\/www.krafthand.de\/truck\/artikel\/vergoelst-philipp-sombeck-leitet-nfz-geschaeft-38651\/","url":"https:\/\/www.krafthand.de\/truck\/artikel\/vergoelst-philipp-sombeck-leitet-nfz-geschaeft-38651\/","name":"Verg\u00f6lst: Philipp Sombeck leitet Nfz-Gesch\u00e4ft - Krafthand-Truck","isPartOf":{"@id":"https:\/\/www.krafthand.de\/truck\/#website"},"primaryImageOfPage":{"@id":"https:\/\/www.krafthand.de\/truck\/artikel\/vergoelst-philipp-sombeck-leitet-nfz-geschaeft-38651\/#primaryimage"},"image":{"@id":"https:\/\/www.krafthand.de\/truck\/artikel\/vergoelst-philipp-sombeck-leitet-nfz-geschaeft-38651\/#primaryimage"},"thumbnailUrl":"https:\/\/static.krafthand-truck.de\/uploads\/2024\/01\/Vergoelst_Leiter-Nutzfahrzeuge_Philipp-Sombeck.jpg","datePublished":"2024-01-30T07:36:17+00:00","dateModified":"2024-01-30T07:44:15+00:00","author":{"@id":"https:\/\/www.krafthand.de\/truck\/#\/schema\/person\/51fa80b1c57034c4bf63f9f988fc24ce"},"description":"Lkw-Reifen: Philipp Sombeck verantwortet das Flottengesch\u00e4ft f\u00fcr Nutzfahrzeugkunden bei der Continental Tochter Verg\u00f6lst.","breadcrumb":{"@id":"https:\/\/www.krafthand.de\/truck\/artikel\/vergoelst-philipp-sombeck-leitet-nfz-geschaeft-38651\/#breadcrumb"},"inLanguage":"de","potentialAction":[{"@type":"ReadAction","target":["https:\/\/www.krafthand.de\/truck\/artikel\/vergoelst-philipp-sombeck-leitet-nfz-geschaeft-38651\/"]}]},{"@type":"ImageObject","inLanguage":"de","@id":"https:\/\/www.krafthand.de\/truck\/artikel\/vergoelst-philipp-sombeck-leitet-nfz-geschaeft-38651\/#primaryimage","url":"https:\/\/static.krafthand-truck.de\/uploads\/2024\/01\/Vergoelst_Leiter-Nutzfahrzeuge_Philipp-Sombeck.jpg","contentUrl":"https:\/\/static.krafthand-truck.de\/uploads\/2024\/01\/Vergoelst_Leiter-Nutzfahrzeuge_Philipp-Sombeck.jpg","width":1200,"height":838},{"@type":"BreadcrumbList","@id":"https:\/\/www.krafthand.de\/truck\/artikel\/vergoelst-philipp-sombeck-leitet-nfz-geschaeft-38651\/#breadcrumb","itemListElement":[{"@type":"ListItem","position":1,"name":"Krafthand-Truck","item":"https:\/\/www.krafthand.de\/truck\/"},{"@type":"ListItem","position":2,"name":"Nfz-Branche","item":"https:\/\/www.krafthand.de\/truck\/kategorie\/branche\/"},{"@type":"ListItem","position":3,"name":"K\u00f6pfe\/Personen","item":"https:\/\/www.krafthand.de\/truck\/kategorie\/branche\/koepfe\/"},{"@type":"ListItem","position":4,"name":"Verg\u00f6lst: Philipp Sombeck leitet Nfz-Gesch\u00e4ft"}]},{"@type":"WebSite","@id":"https:\/\/www.krafthand.de\/truck\/#website","url":"https:\/\/www.krafthand.de\/truck\/","name":"Krafthand-Truck","description":"","potentialAction":[{"@type":"SearchAction","target":{"@type":"EntryPoint","urlTemplate":"https:\/\/www.krafthand.de\/truck\/?s={search_term_string}"},"query-input":{"@type":"PropertyValueSpecification","valueRequired":true,"valueName":"search_term_string"}}],"inLanguage":"de"},{"@type":"Person","@id":"https:\/\/www.krafthand.de\/truck\/#\/schema\/person\/51fa80b1c57034c4bf63f9f988fc24ce","name":"georg.blenk@krafthand-medien.de","image":{"@type":"ImageObject","inLanguage":"de","@id":"https:\/\/secure.gravatar.com\/avatar\/93713c30affe0aa95d3a4130e499bb1abee2eb31adbdd9ce2aa1543538490215?s=96&d=mm&r=g","url":"https:\/\/secure.gravatar.com\/avatar\/93713c30affe0aa95d3a4130e499bb1abee2eb31adbdd9ce2aa1543538490215?s=96&d=mm&r=g","contentUrl":"https:\/\/secure.gravatar.com\/avatar\/93713c30affe0aa95d3a4130e499bb1abee2eb31adbdd9ce2aa1543538490215?s=96&d=mm&r=g","caption":"georg.blenk@krafthand-medien.de"}}]}},"_links":{"self":[{"href":"https:\/\/www.krafthand.de\/truck\/wp-json\/wp\/v2\/posts\/38651","targetHints":{"allow":["GET"]}}],"collection":[{"href":"https:\/\/www.krafthand.de\/truck\/wp-json\/wp\/v2\/posts"}],"about":[{"href":"https:\/\/www.krafthand.de\/truck\/wp-json\/wp\/v2\/types\/post"}],"author":[{"embeddable":true,"href":"https:\/\/www.krafthand.de\/truck\/wp-json\/wp\/v2\/users\/9"}],"replies":[{"embeddable":true,"href":"https:\/\/www.krafthand.de\/truck\/wp-json\/wp\/v2\/comments?post=38651"}],"version-history":[{"count":3,"href":"https:\/\/www.krafthand.de\/truck\/wp-json\/wp\/v2\/posts\/38651\/revisions"}],"predecessor-version":[{"id":38655,"href":"https:\/\/www.krafthand.de\/truck\/wp-json\/wp\/v2\/posts\/38651\/revisions\/38655"}],"wp:featuredmedia":[{"embeddable":true,"href":"https:\/\/www.krafthand.de\/truck\/wp-json\/wp\/v2\/media\/38653"}],"wp:attachment":[{"href":"https:\/\/www.krafthand.de\/truck\/wp-json\/wp\/v2\/media?parent=38651"}],"wp:term":[{"taxonomy":"category","embeddable":true,"href":"https:\/\/www.krafthand.de\/truck\/wp-json\/wp\/v2\/categories?post=38651"},{"taxonomy":"post_tag","embeddable":true,"href":"https:\/\/www.krafthand.de\/truck\/wp-json\/wp\/v2\/tags?post=38651"},{"taxonomy":"settings","embeddable":true,"href":"https:\/\/www.krafthand.de\/truck\/wp-json\/wp\/v2\/settings?post=38651"}],"curies":[{"name":"wp","href":"https:\/\/api.w.org\/{rel}","templated":true}]}}