{"id":38602,"date":"2024-01-24T09:47:30","date_gmt":"2024-01-24T08:47:30","guid":{"rendered":"https:\/\/www.krafthand.de\/truck\/?p=38602"},"modified":"2024-01-24T14:51:14","modified_gmt":"2024-01-24T13:51:14","slug":"rts-transport-service-uebernimmt-500-iveco","status":"publish","type":"post","link":"https:\/\/www.krafthand.de\/truck\/artikel\/rts-transport-service-uebernimmt-500-iveco-38602\/","title":{"rendered":"RTS Transport Service \u00fcbernimmt 500. IVECO"},"content":{"rendered":"<p>Die RTS Transport Service GmbH mit Sitz in Dassendorf\u00a0 (Kreis Herzogtum Lauenburg in Schleswig-Holstein) hat k\u00fcrzlich den 500. IVECO in den Fuhrpark \u00fcbernommen. Es handelt sich um einen IVECO S-WAY mit Wechselbr\u00fcckenfahrgestell. Das Fahrzeug ist Teil einer Bestellung von 90 IVECO S-WAY im Rahmen der j\u00e4hrlichen Fuhrparkauffrischung von RTS.<\/p>\n<p>Die 90 neuen S-WAY komplettieren dabei die aktuell \u00fcber 350 Fahrzeuge gro\u00dfe Flotte. <a href=\"https:\/\/www.rts-transport-service.de\" target=\"_blank\" rel=\"noopener\">RTS<\/a> ist seit zehn Jahren Neufahrzeug- und Werkstattkunde bei der IVECO NORD Nutzfahrzeuge GmbH. Bei einer kleinen \u00dcbergabefeier \u00fcbernahmen Holger Struck, Gesch\u00e4ftsf\u00fchrer der RTS Transport Systeme GmbH, und J\u00fcrgen Klein, Gesch\u00e4ftsf\u00fchrer der RTS Transport Service GmbH, den 500. IVECO von Jochen Brettschneider, Gesch\u00e4ftsf\u00fchrer der IVECO NORD, Frank Jessen, Betriebsleiter, und Olaf Glanert, Kundenberater der IVECO NORD.<\/p>\n<p>Der 500. IVECO und die \u00fcbrigen 89 neuen <a href=\"https:\/\/www.iveco.com\/germany\/S-Way\" target=\"_blank\" rel=\"noopener\">IVECO S-WAY<\/a> kommen im nationalen Systemverkehr f\u00fcr die f\u00fchrenden Paketdienste und Sammelgutorganisationen sowie in der Getr\u00e4nkelogistik zum Einsatz. Bei den zuletzt ausgelieferten Fahrzeugen des Typs AS260S49Y\/FS CM 6&#215;2 handelt es sich um Wechselbr\u00fcckenfahrgestelle mit einer gelenkten Nachlaufachse, einem Active-Space-Gro\u00dfraumfahrerhaus und einem 490 PS starkem 13-Liter-Motor nach Euro-VI-Norm. Mit dem Multi-Wechselbr\u00fcckenfahrgestell eines deutschen Herstellers lassen sich BDF-Wechselbeh\u00e4lter (C715 \u2013 C782) bei einer Abstellh\u00f6he von 1.120 bis 1.320 Millimetern transportieren.<\/p>\n","protected":false},"excerpt":{"rendered":"<p>Die RTS Transport Service GmbH mit Sitz in Dassendorf\u00a0 (Kreis Herzogtum Lauenburg in Schleswig-Holstein) hat k\u00fcrzlich den 500. IVECO in den Fuhrpark \u00fcbernommen. Es handelt sich um einen IVECO S-WAY mit Wechselbr\u00fcckenfahrgestell. <span class=\"excerpt-more__dots\">&#8230;<\/span> <a class=\"excerpt-more__link\" href=\"https:\/\/www.krafthand.de\/truck\/artikel\/rts-transport-service-uebernimmt-500-iveco-38602\/\" >weiter<\/a><\/p>\n","protected":false},"author":9,"featured_media":38607,"comment_status":"closed","ping_status":"closed","sticky":false,"template":"","format":"standard","meta":{"footnotes":""},"categories":[4235],"tags":[29,4086],"settings":[4766,3523],"class_list":["post-38602","post","type-post","status-publish","format-standard","has-post-thumbnail","hentry","category-unternehmen","tag-iveco","tag-rts"],"yoast_head":"<!-- This site is optimized with the Yoast SEO plugin v27.3 - https:\/\/yoast.com\/product\/yoast-seo-wordpress\/ -->\n<title>RTS Transport Service \u00fcbernimmt 500. IVECO - Krafthand-Truck<\/title>\n<meta name=\"description\" content=\"Die RTS Transport Service GmbH mit Sitz in Dassendorf\u00a0hat k\u00fcrzlich den 500. IVECO in den Fuhrpark \u00fcbernommen.\" \/>\n<meta name=\"robots\" content=\"index, follow, max-snippet:-1, max-image-preview:large, max-video-preview:-1\" \/>\n<link rel=\"canonical\" href=\"https:\/\/www.krafthand.de\/truck\/artikel\/rts-transport-service-uebernimmt-500-iveco-38602\/\" \/>\n<meta property=\"og:locale\" content=\"de_DE\" \/>\n<meta property=\"og:type\" content=\"article\" \/>\n<meta property=\"og:title\" content=\"RTS Transport Service \u00fcbernimmt 500. IVECO - Krafthand-Truck\" \/>\n<meta property=\"og:description\" content=\"Die RTS Transport Service GmbH mit Sitz in Dassendorf\u00a0hat k\u00fcrzlich den 500. IVECO in den Fuhrpark \u00fcbernommen.\" \/>\n<meta property=\"og:url\" content=\"https:\/\/www.krafthand-truck.de\/artikel\/rts-transport-service-uebernimmt-500-iveco-38602\/\" \/>\n<meta property=\"og:site_name\" content=\"Krafthand-Truck\" \/>\n<meta property=\"article:published_time\" content=\"2024-01-24T08:47:30+00:00\" \/>\n<meta property=\"article:modified_time\" content=\"2024-01-24T13:51:14+00:00\" \/>\n<meta property=\"og:image\" content=\"https:\/\/static.krafthand-truck.de\/uploads\/2024\/01\/IVECO_RTS_Frank_Jessen_Juergen_Klein_Holger_Struck_Jochen_Brettschneider_Olaf_Glanert.jpg\" \/>\n\t<meta property=\"og:image:width\" content=\"1200\" \/>\n\t<meta property=\"og:image:height\" content=\"867\" \/>\n\t<meta property=\"og:image:type\" content=\"image\/jpeg\" \/>\n<meta name=\"author\" content=\"georg.blenk@krafthand-medien.de\" \/>\n<meta name=\"twitter:card\" content=\"summary_large_image\" \/>\n<meta name=\"twitter:label1\" content=\"Verfasst von\" \/>\n\t<meta name=\"twitter:data1\" content=\"georg.blenk@krafthand-medien.de\" \/>\n\t<meta name=\"twitter:label2\" content=\"Gesch\u00e4tzte Lesezeit\" \/>\n\t<meta name=\"twitter:data2\" content=\"2\u00a0Minuten\" \/>\n<script type=\"application\/ld+json\" class=\"yoast-schema-graph\">{\"@context\":\"https:\\\/\\\/schema.org\",\"@graph\":[{\"@type\":\"Article\",\"@id\":\"https:\\\/\\\/www.krafthand.de\\\/truck\\\/artikel\\\/rts-transport-service-uebernimmt-500-iveco-38602\\\/#article\",\"isPartOf\":{\"@id\":\"https:\\\/\\\/www.krafthand.de\\\/truck\\\/artikel\\\/rts-transport-service-uebernimmt-500-iveco-38602\\\/\"},\"author\":{\"name\":\"georg.blenk@krafthand-medien.de\",\"@id\":\"https:\\\/\\\/www.krafthand.de\\\/truck\\\/#\\\/schema\\\/person\\\/51fa80b1c57034c4bf63f9f988fc24ce\"},\"headline\":\"RTS Transport Service \u00fcbernimmt 500. IVECO\",\"datePublished\":\"2024-01-24T08:47:30+00:00\",\"dateModified\":\"2024-01-24T13:51:14+00:00\",\"mainEntityOfPage\":{\"@id\":\"https:\\\/\\\/www.krafthand.de\\\/truck\\\/artikel\\\/rts-transport-service-uebernimmt-500-iveco-38602\\\/\"},\"wordCount\":210,\"image\":{\"@id\":\"https:\\\/\\\/www.krafthand.de\\\/truck\\\/artikel\\\/rts-transport-service-uebernimmt-500-iveco-38602\\\/#primaryimage\"},\"thumbnailUrl\":\"https:\\\/\\\/static.krafthand-truck.de\\\/uploads\\\/2024\\\/01\\\/IVECO_RTS_Frank_Jessen_Juergen_Klein_Holger_Struck_Jochen_Brettschneider_Olaf_Glanert.jpg\",\"keywords\":[\"Iveco\",\"RTS\"],\"articleSection\":[\"Unternehmen\"],\"inLanguage\":\"de\"},{\"@type\":\"WebPage\",\"@id\":\"https:\\\/\\\/www.krafthand.de\\\/truck\\\/artikel\\\/rts-transport-service-uebernimmt-500-iveco-38602\\\/\",\"url\":\"https:\\\/\\\/www.krafthand.de\\\/truck\\\/artikel\\\/rts-transport-service-uebernimmt-500-iveco-38602\\\/\",\"name\":\"RTS Transport Service \u00fcbernimmt 500. IVECO - Krafthand-Truck\",\"isPartOf\":{\"@id\":\"https:\\\/\\\/www.krafthand.de\\\/truck\\\/#website\"},\"primaryImageOfPage\":{\"@id\":\"https:\\\/\\\/www.krafthand.de\\\/truck\\\/artikel\\\/rts-transport-service-uebernimmt-500-iveco-38602\\\/#primaryimage\"},\"image\":{\"@id\":\"https:\\\/\\\/www.krafthand.de\\\/truck\\\/artikel\\\/rts-transport-service-uebernimmt-500-iveco-38602\\\/#primaryimage\"},\"thumbnailUrl\":\"https:\\\/\\\/static.krafthand-truck.de\\\/uploads\\\/2024\\\/01\\\/IVECO_RTS_Frank_Jessen_Juergen_Klein_Holger_Struck_Jochen_Brettschneider_Olaf_Glanert.jpg\",\"datePublished\":\"2024-01-24T08:47:30+00:00\",\"dateModified\":\"2024-01-24T13:51:14+00:00\",\"author\":{\"@id\":\"https:\\\/\\\/www.krafthand.de\\\/truck\\\/#\\\/schema\\\/person\\\/51fa80b1c57034c4bf63f9f988fc24ce\"},\"description\":\"Die RTS Transport Service GmbH mit Sitz in Dassendorf\u00a0hat k\u00fcrzlich den 500. IVECO in den Fuhrpark \u00fcbernommen.\",\"breadcrumb\":{\"@id\":\"https:\\\/\\\/www.krafthand.de\\\/truck\\\/artikel\\\/rts-transport-service-uebernimmt-500-iveco-38602\\\/#breadcrumb\"},\"inLanguage\":\"de\",\"potentialAction\":[{\"@type\":\"ReadAction\",\"target\":[\"https:\\\/\\\/www.krafthand.de\\\/truck\\\/artikel\\\/rts-transport-service-uebernimmt-500-iveco-38602\\\/\"]}]},{\"@type\":\"ImageObject\",\"inLanguage\":\"de\",\"@id\":\"https:\\\/\\\/www.krafthand.de\\\/truck\\\/artikel\\\/rts-transport-service-uebernimmt-500-iveco-38602\\\/#primaryimage\",\"url\":\"https:\\\/\\\/static.krafthand-truck.de\\\/uploads\\\/2024\\\/01\\\/IVECO_RTS_Frank_Jessen_Juergen_Klein_Holger_Struck_Jochen_Brettschneider_Olaf_Glanert.jpg\",\"contentUrl\":\"https:\\\/\\\/static.krafthand-truck.de\\\/uploads\\\/2024\\\/01\\\/IVECO_RTS_Frank_Jessen_Juergen_Klein_Holger_Struck_Jochen_Brettschneider_Olaf_Glanert.jpg\",\"width\":1200,\"height\":867},{\"@type\":\"BreadcrumbList\",\"@id\":\"https:\\\/\\\/www.krafthand.de\\\/truck\\\/artikel\\\/rts-transport-service-uebernimmt-500-iveco-38602\\\/#breadcrumb\",\"itemListElement\":[{\"@type\":\"ListItem\",\"position\":1,\"name\":\"Krafthand-Truck\",\"item\":\"https:\\\/\\\/www.krafthand.de\\\/truck\\\/\"},{\"@type\":\"ListItem\",\"position\":2,\"name\":\"Nfz-Branche\",\"item\":\"https:\\\/\\\/www.krafthand.de\\\/truck\\\/kategorie\\\/branche\\\/\"},{\"@type\":\"ListItem\",\"position\":3,\"name\":\"Unternehmen\",\"item\":\"https:\\\/\\\/www.krafthand.de\\\/truck\\\/kategorie\\\/branche\\\/unternehmen\\\/\"},{\"@type\":\"ListItem\",\"position\":4,\"name\":\"RTS Transport Service \u00fcbernimmt 500. IVECO\"}]},{\"@type\":\"WebSite\",\"@id\":\"https:\\\/\\\/www.krafthand.de\\\/truck\\\/#website\",\"url\":\"https:\\\/\\\/www.krafthand.de\\\/truck\\\/\",\"name\":\"Krafthand-Truck\",\"description\":\"\",\"potentialAction\":[{\"@type\":\"SearchAction\",\"target\":{\"@type\":\"EntryPoint\",\"urlTemplate\":\"https:\\\/\\\/www.krafthand.de\\\/truck\\\/?s={search_term_string}\"},\"query-input\":{\"@type\":\"PropertyValueSpecification\",\"valueRequired\":true,\"valueName\":\"search_term_string\"}}],\"inLanguage\":\"de\"},{\"@type\":\"Person\",\"@id\":\"https:\\\/\\\/www.krafthand.de\\\/truck\\\/#\\\/schema\\\/person\\\/51fa80b1c57034c4bf63f9f988fc24ce\",\"name\":\"georg.blenk@krafthand-medien.de\",\"image\":{\"@type\":\"ImageObject\",\"inLanguage\":\"de\",\"@id\":\"https:\\\/\\\/secure.gravatar.com\\\/avatar\\\/93713c30affe0aa95d3a4130e499bb1abee2eb31adbdd9ce2aa1543538490215?s=96&d=mm&r=g\",\"url\":\"https:\\\/\\\/secure.gravatar.com\\\/avatar\\\/93713c30affe0aa95d3a4130e499bb1abee2eb31adbdd9ce2aa1543538490215?s=96&d=mm&r=g\",\"contentUrl\":\"https:\\\/\\\/secure.gravatar.com\\\/avatar\\\/93713c30affe0aa95d3a4130e499bb1abee2eb31adbdd9ce2aa1543538490215?s=96&d=mm&r=g\",\"caption\":\"georg.blenk@krafthand-medien.de\"}}]}<\/script>\n<!-- \/ Yoast SEO plugin. -->","yoast_head_json":{"title":"RTS Transport Service \u00fcbernimmt 500. IVECO - Krafthand-Truck","description":"Die RTS Transport Service GmbH mit Sitz in Dassendorf\u00a0hat k\u00fcrzlich den 500. IVECO in den Fuhrpark \u00fcbernommen.","robots":{"index":"index","follow":"follow","max-snippet":"max-snippet:-1","max-image-preview":"max-image-preview:large","max-video-preview":"max-video-preview:-1"},"canonical":"https:\/\/www.krafthand.de\/truck\/artikel\/rts-transport-service-uebernimmt-500-iveco-38602\/","og_locale":"de_DE","og_type":"article","og_title":"RTS Transport Service \u00fcbernimmt 500. IVECO - Krafthand-Truck","og_description":"Die RTS Transport Service GmbH mit Sitz in Dassendorf\u00a0hat k\u00fcrzlich den 500. IVECO in den Fuhrpark \u00fcbernommen.","og_url":"https:\/\/www.krafthand-truck.de\/artikel\/rts-transport-service-uebernimmt-500-iveco-38602\/","og_site_name":"Krafthand-Truck","article_published_time":"2024-01-24T08:47:30+00:00","article_modified_time":"2024-01-24T13:51:14+00:00","og_image":[{"width":1200,"height":867,"url":"https:\/\/static.krafthand-truck.de\/uploads\/2024\/01\/IVECO_RTS_Frank_Jessen_Juergen_Klein_Holger_Struck_Jochen_Brettschneider_Olaf_Glanert.jpg","type":"image\/jpeg"}],"author":"georg.blenk@krafthand-medien.de","twitter_card":"summary_large_image","twitter_misc":{"Verfasst von":"georg.blenk@krafthand-medien.de","Gesch\u00e4tzte Lesezeit":"2\u00a0Minuten"},"schema":{"@context":"https:\/\/schema.org","@graph":[{"@type":"Article","@id":"https:\/\/www.krafthand.de\/truck\/artikel\/rts-transport-service-uebernimmt-500-iveco-38602\/#article","isPartOf":{"@id":"https:\/\/www.krafthand.de\/truck\/artikel\/rts-transport-service-uebernimmt-500-iveco-38602\/"},"author":{"name":"georg.blenk@krafthand-medien.de","@id":"https:\/\/www.krafthand.de\/truck\/#\/schema\/person\/51fa80b1c57034c4bf63f9f988fc24ce"},"headline":"RTS Transport Service \u00fcbernimmt 500. IVECO","datePublished":"2024-01-24T08:47:30+00:00","dateModified":"2024-01-24T13:51:14+00:00","mainEntityOfPage":{"@id":"https:\/\/www.krafthand.de\/truck\/artikel\/rts-transport-service-uebernimmt-500-iveco-38602\/"},"wordCount":210,"image":{"@id":"https:\/\/www.krafthand.de\/truck\/artikel\/rts-transport-service-uebernimmt-500-iveco-38602\/#primaryimage"},"thumbnailUrl":"https:\/\/static.krafthand-truck.de\/uploads\/2024\/01\/IVECO_RTS_Frank_Jessen_Juergen_Klein_Holger_Struck_Jochen_Brettschneider_Olaf_Glanert.jpg","keywords":["Iveco","RTS"],"articleSection":["Unternehmen"],"inLanguage":"de"},{"@type":"WebPage","@id":"https:\/\/www.krafthand.de\/truck\/artikel\/rts-transport-service-uebernimmt-500-iveco-38602\/","url":"https:\/\/www.krafthand.de\/truck\/artikel\/rts-transport-service-uebernimmt-500-iveco-38602\/","name":"RTS Transport Service \u00fcbernimmt 500. IVECO - Krafthand-Truck","isPartOf":{"@id":"https:\/\/www.krafthand.de\/truck\/#website"},"primaryImageOfPage":{"@id":"https:\/\/www.krafthand.de\/truck\/artikel\/rts-transport-service-uebernimmt-500-iveco-38602\/#primaryimage"},"image":{"@id":"https:\/\/www.krafthand.de\/truck\/artikel\/rts-transport-service-uebernimmt-500-iveco-38602\/#primaryimage"},"thumbnailUrl":"https:\/\/static.krafthand-truck.de\/uploads\/2024\/01\/IVECO_RTS_Frank_Jessen_Juergen_Klein_Holger_Struck_Jochen_Brettschneider_Olaf_Glanert.jpg","datePublished":"2024-01-24T08:47:30+00:00","dateModified":"2024-01-24T13:51:14+00:00","author":{"@id":"https:\/\/www.krafthand.de\/truck\/#\/schema\/person\/51fa80b1c57034c4bf63f9f988fc24ce"},"description":"Die RTS Transport Service GmbH mit Sitz in Dassendorf\u00a0hat k\u00fcrzlich den 500. IVECO in den Fuhrpark \u00fcbernommen.","breadcrumb":{"@id":"https:\/\/www.krafthand.de\/truck\/artikel\/rts-transport-service-uebernimmt-500-iveco-38602\/#breadcrumb"},"inLanguage":"de","potentialAction":[{"@type":"ReadAction","target":["https:\/\/www.krafthand.de\/truck\/artikel\/rts-transport-service-uebernimmt-500-iveco-38602\/"]}]},{"@type":"ImageObject","inLanguage":"de","@id":"https:\/\/www.krafthand.de\/truck\/artikel\/rts-transport-service-uebernimmt-500-iveco-38602\/#primaryimage","url":"https:\/\/static.krafthand-truck.de\/uploads\/2024\/01\/IVECO_RTS_Frank_Jessen_Juergen_Klein_Holger_Struck_Jochen_Brettschneider_Olaf_Glanert.jpg","contentUrl":"https:\/\/static.krafthand-truck.de\/uploads\/2024\/01\/IVECO_RTS_Frank_Jessen_Juergen_Klein_Holger_Struck_Jochen_Brettschneider_Olaf_Glanert.jpg","width":1200,"height":867},{"@type":"BreadcrumbList","@id":"https:\/\/www.krafthand.de\/truck\/artikel\/rts-transport-service-uebernimmt-500-iveco-38602\/#breadcrumb","itemListElement":[{"@type":"ListItem","position":1,"name":"Krafthand-Truck","item":"https:\/\/www.krafthand.de\/truck\/"},{"@type":"ListItem","position":2,"name":"Nfz-Branche","item":"https:\/\/www.krafthand.de\/truck\/kategorie\/branche\/"},{"@type":"ListItem","position":3,"name":"Unternehmen","item":"https:\/\/www.krafthand.de\/truck\/kategorie\/branche\/unternehmen\/"},{"@type":"ListItem","position":4,"name":"RTS Transport Service \u00fcbernimmt 500. IVECO"}]},{"@type":"WebSite","@id":"https:\/\/www.krafthand.de\/truck\/#website","url":"https:\/\/www.krafthand.de\/truck\/","name":"Krafthand-Truck","description":"","potentialAction":[{"@type":"SearchAction","target":{"@type":"EntryPoint","urlTemplate":"https:\/\/www.krafthand.de\/truck\/?s={search_term_string}"},"query-input":{"@type":"PropertyValueSpecification","valueRequired":true,"valueName":"search_term_string"}}],"inLanguage":"de"},{"@type":"Person","@id":"https:\/\/www.krafthand.de\/truck\/#\/schema\/person\/51fa80b1c57034c4bf63f9f988fc24ce","name":"georg.blenk@krafthand-medien.de","image":{"@type":"ImageObject","inLanguage":"de","@id":"https:\/\/secure.gravatar.com\/avatar\/93713c30affe0aa95d3a4130e499bb1abee2eb31adbdd9ce2aa1543538490215?s=96&d=mm&r=g","url":"https:\/\/secure.gravatar.com\/avatar\/93713c30affe0aa95d3a4130e499bb1abee2eb31adbdd9ce2aa1543538490215?s=96&d=mm&r=g","contentUrl":"https:\/\/secure.gravatar.com\/avatar\/93713c30affe0aa95d3a4130e499bb1abee2eb31adbdd9ce2aa1543538490215?s=96&d=mm&r=g","caption":"georg.blenk@krafthand-medien.de"}}]}},"_links":{"self":[{"href":"https:\/\/www.krafthand.de\/truck\/wp-json\/wp\/v2\/posts\/38602","targetHints":{"allow":["GET"]}}],"collection":[{"href":"https:\/\/www.krafthand.de\/truck\/wp-json\/wp\/v2\/posts"}],"about":[{"href":"https:\/\/www.krafthand.de\/truck\/wp-json\/wp\/v2\/types\/post"}],"author":[{"embeddable":true,"href":"https:\/\/www.krafthand.de\/truck\/wp-json\/wp\/v2\/users\/9"}],"replies":[{"embeddable":true,"href":"https:\/\/www.krafthand.de\/truck\/wp-json\/wp\/v2\/comments?post=38602"}],"version-history":[{"count":5,"href":"https:\/\/www.krafthand.de\/truck\/wp-json\/wp\/v2\/posts\/38602\/revisions"}],"predecessor-version":[{"id":38608,"href":"https:\/\/www.krafthand.de\/truck\/wp-json\/wp\/v2\/posts\/38602\/revisions\/38608"}],"wp:featuredmedia":[{"embeddable":true,"href":"https:\/\/www.krafthand.de\/truck\/wp-json\/wp\/v2\/media\/38607"}],"wp:attachment":[{"href":"https:\/\/www.krafthand.de\/truck\/wp-json\/wp\/v2\/media?parent=38602"}],"wp:term":[{"taxonomy":"category","embeddable":true,"href":"https:\/\/www.krafthand.de\/truck\/wp-json\/wp\/v2\/categories?post=38602"},{"taxonomy":"post_tag","embeddable":true,"href":"https:\/\/www.krafthand.de\/truck\/wp-json\/wp\/v2\/tags?post=38602"},{"taxonomy":"settings","embeddable":true,"href":"https:\/\/www.krafthand.de\/truck\/wp-json\/wp\/v2\/settings?post=38602"}],"curies":[{"name":"wp","href":"https:\/\/api.w.org\/{rel}","templated":true}]}}