{"id":38577,"date":"2024-01-19T10:00:13","date_gmt":"2024-01-19T09:00:13","guid":{"rendered":"https:\/\/www.krafthand.de\/truck\/?p=38577"},"modified":"2024-01-19T10:17:02","modified_gmt":"2024-01-19T09:17:02","slug":"auflieger-von-berger-jetzt-im-vertrieb-von-schmitz-cargobull","status":"publish","type":"post","link":"https:\/\/www.krafthand.de\/truck\/artikel\/auflieger-von-berger-jetzt-im-vertrieb-von-schmitz-cargobull-38577\/","title":{"rendered":"Auflieger von Berger jetzt im Vertrieb von Schmitz Cargobull"},"content":{"rendered":"<p>Auflieger der Marke Berger-Ecotrail k\u00f6nnen seit Jahresbeginn \u00fcber das Schmitz Cargobull Vertriebsnetz bezogen werden. Die zust\u00e4ndigen Beh\u00f6rden haben der im September 2023 vereinbarten Zusammenarbeit \u00fcber die <a href=\"https:\/\/www.krafthand.de\/truck\/artikel\/schmitz-cargobull-ag-uebernimmt-49-prozent-der-berger-fahrzeugtechnik-gmbh-37526\/\" target=\"_blank\" rel=\"noopener\">49-prozentige Beteiligung<\/a> der Schmitz Cargobull AG an der Berger Fahrzeugtechnik GmbH zugestimmt.<\/p>\n<p>Die Berger Fahrzeugtechnik ist mit den <a href=\"https:\/\/www.krafthand.de\/truck\/artikel\/berger-baut-in-radfeld-gewichtsoptimierte-sattelauflieger-31533\/\" target=\"_blank\" rel=\"noopener\">Berger-Ecotrail<\/a> Fahrzeugen ein Spezialist f\u00fcr Premium-Leichtbaufahrzeuge mit umfassendem Know-how in der Leichtbaukonstruktion. Durch die B\u00fcndelung der Kompetenzen der beiden Unternehmen sind die Leichtbau-Auflieger aus dem Werk Radfeld (Inntal) in Tirol (\u00d6sterreich), nun auch \u00fcber die Schmitz Cargobull Vertriebskan\u00e4le verf\u00fcgbar. Die Kunden werden zudem Zugang auf die europaweite, fl\u00e4chendeckende Ersatzteilversorgung im Schmitz Cargobull Service Partner-Netzwerk erhalten. In einem n\u00e4chsten Schritt soll das komplette Serviceangebot von Schmitz Cargobull f\u00fcr die Leichtbaufahrzeuge von Berger zur Verf\u00fcgung stehen.<\/p>\n<blockquote><p>\u201eDie speziellen Leichtbaufahrzeuge Berger-Ecotrail sind nun auch \u00fcber die Schmitz Cargobull Ansprechpartner zu beziehen und die Transportunternehmen profitieren von einer erweiterten Fahrzeugauswahl sowie einem umfassenden Serviceangebot f\u00fcr beide Produktlinien\u201c, so Boris Billich, Vorstand Vertrieb der Schmitz Cargobull AG.<\/p><\/blockquote>\n<p>Roland Schneider, Gesch\u00e4ftsf\u00fchrer Vertrieb bei der Berger Fahrzeugtechnik GmbH mit Sitz in Tirol, \u00d6sterreich, erg\u00e4nzt: <em>\u201eUnsere Leichtbau-Sattelauflieger sind besonders f\u00fcr hohe Nutzlastanwendungen gefragt. Leichtbau-Trailer gewinnen aber vor allem in Hinblick auf Nutzlastoptimierung und mehr Nachhaltigkeit f\u00fcr immer mehr Transportunternehmen an Bedeutung. Die Kunden k\u00f6nnen nun das europaweite Vertriebs- und Servicenetz von Schmitz Cargobull nutzen, das ist zweifellos ein gro\u00dfer Mehrwert.\u201c<\/em><\/p>\n<p><i>Den Beitrag finden Sie auch in der Print-Ausgabe 1-2024 der <a href=\"https:\/\/www.krafthand.de\/truck\/magazin\/\" title=\"Zum Magazin\">Krafthand-Truck<\/a>.<\/i><\/p>","protected":false},"excerpt":{"rendered":"<p>Auflieger der Marke Berger Ecotrail k\u00f6nnen seit Jahresbeginn \u00fcber das Schmitz Cargobull Vertriebsnetz bezogen werden. Die zust\u00e4ndigen Beh\u00f6rden haben der im September 2023 vereinbarten Zusammenarbeit \u00fcber die 49-prozentige Beteiligung der Schmitz Cargobull AG an der Berger Fahrzeugtechnik GmbH zugestimmt.\u00a0 <span class=\"excerpt-more__dots\">&#8230;<\/span> <a class=\"excerpt-more__link\" href=\"https:\/\/www.krafthand.de\/truck\/artikel\/auflieger-von-berger-jetzt-im-vertrieb-von-schmitz-cargobull-38577\/\" >weiter<\/a><\/p>\n","protected":false},"author":9,"featured_media":38583,"comment_status":"closed","ping_status":"closed","sticky":false,"template":"","format":"standard","meta":{"footnotes":""},"categories":[4914,4235],"tags":[5112,4749],"settings":[4766,3523],"class_list":["post-38577","post","type-post","status-publish","format-standard","has-post-thumbnail","hentry","category-trailer-aufbauten","category-unternehmen","tag-berger-ecotrail","tag-schmitz-cargobul"],"yoast_head":"<!-- This site is optimized with the Yoast SEO plugin v27.3 - https:\/\/yoast.com\/product\/yoast-seo-wordpress\/ -->\n<title>Auflieger von Berger jetzt im Vertrieb von Schmitz Cargobull - Krafthand-Truck<\/title>\n<meta name=\"description\" content=\"Auflieger der Marke Berger-Ecotrail k\u00f6nnen seit Jahresbeginn \u00fcber das Schmitz Cargobull Vertriebsnetz bezogen werden.\" \/>\n<meta name=\"robots\" content=\"index, follow, max-snippet:-1, max-image-preview:large, max-video-preview:-1\" \/>\n<link rel=\"canonical\" href=\"https:\/\/www.krafthand.de\/truck\/artikel\/auflieger-von-berger-jetzt-im-vertrieb-von-schmitz-cargobull-38577\/\" \/>\n<meta property=\"og:locale\" content=\"de_DE\" \/>\n<meta property=\"og:type\" content=\"article\" \/>\n<meta property=\"og:title\" content=\"Auflieger von Berger jetzt im Vertrieb von Schmitz Cargobull - Krafthand-Truck\" \/>\n<meta property=\"og:description\" content=\"Auflieger der Marke Berger-Ecotrail k\u00f6nnen seit Jahresbeginn \u00fcber das Schmitz Cargobull Vertriebsnetz bezogen werden.\" \/>\n<meta property=\"og:url\" content=\"https:\/\/www.krafthand-truck.de\/artikel\/auflieger-von-berger-jetzt-im-vertrieb-von-schmitz-cargobull-38577\/\" \/>\n<meta property=\"og:site_name\" content=\"Krafthand-Truck\" \/>\n<meta property=\"article:published_time\" content=\"2024-01-19T09:00:13+00:00\" \/>\n<meta property=\"article:modified_time\" content=\"2024-01-19T09:17:02+00:00\" \/>\n<meta property=\"og:image\" content=\"https:\/\/static.krafthand-truck.de\/uploads\/2024\/01\/Berger_Ecotrail_Schmitz_Cargobull.jpg\" \/>\n\t<meta property=\"og:image:width\" content=\"1200\" \/>\n\t<meta property=\"og:image:height\" content=\"664\" \/>\n\t<meta property=\"og:image:type\" content=\"image\/jpeg\" \/>\n<meta name=\"author\" content=\"georg.blenk@krafthand-medien.de\" \/>\n<meta name=\"twitter:card\" content=\"summary_large_image\" \/>\n<meta name=\"twitter:label1\" content=\"Verfasst von\" \/>\n\t<meta name=\"twitter:data1\" content=\"georg.blenk@krafthand-medien.de\" \/>\n\t<meta name=\"twitter:label2\" content=\"Gesch\u00e4tzte Lesezeit\" \/>\n\t<meta name=\"twitter:data2\" content=\"2\u00a0Minuten\" \/>\n<script type=\"application\/ld+json\" class=\"yoast-schema-graph\">{\"@context\":\"https:\\\/\\\/schema.org\",\"@graph\":[{\"@type\":\"Article\",\"@id\":\"https:\\\/\\\/www.krafthand.de\\\/truck\\\/artikel\\\/auflieger-von-berger-jetzt-im-vertrieb-von-schmitz-cargobull-38577\\\/#article\",\"isPartOf\":{\"@id\":\"https:\\\/\\\/www.krafthand.de\\\/truck\\\/artikel\\\/auflieger-von-berger-jetzt-im-vertrieb-von-schmitz-cargobull-38577\\\/\"},\"author\":{\"name\":\"georg.blenk@krafthand-medien.de\",\"@id\":\"https:\\\/\\\/www.krafthand.de\\\/truck\\\/#\\\/schema\\\/person\\\/51fa80b1c57034c4bf63f9f988fc24ce\"},\"headline\":\"Auflieger von Berger jetzt im Vertrieb von Schmitz Cargobull\",\"datePublished\":\"2024-01-19T09:00:13+00:00\",\"dateModified\":\"2024-01-19T09:17:02+00:00\",\"mainEntityOfPage\":{\"@id\":\"https:\\\/\\\/www.krafthand.de\\\/truck\\\/artikel\\\/auflieger-von-berger-jetzt-im-vertrieb-von-schmitz-cargobull-38577\\\/\"},\"wordCount\":243,\"image\":{\"@id\":\"https:\\\/\\\/www.krafthand.de\\\/truck\\\/artikel\\\/auflieger-von-berger-jetzt-im-vertrieb-von-schmitz-cargobull-38577\\\/#primaryimage\"},\"thumbnailUrl\":\"https:\\\/\\\/static.krafthand-truck.de\\\/uploads\\\/2024\\\/01\\\/Berger_Ecotrail_Schmitz_Cargobull.jpg\",\"keywords\":[\"Berger-Ecotrail\",\"Schmitz Cargobul\"],\"articleSection\":[\"Trailer\\\/Aufbauten\",\"Unternehmen\"],\"inLanguage\":\"de\"},{\"@type\":\"WebPage\",\"@id\":\"https:\\\/\\\/www.krafthand.de\\\/truck\\\/artikel\\\/auflieger-von-berger-jetzt-im-vertrieb-von-schmitz-cargobull-38577\\\/\",\"url\":\"https:\\\/\\\/www.krafthand.de\\\/truck\\\/artikel\\\/auflieger-von-berger-jetzt-im-vertrieb-von-schmitz-cargobull-38577\\\/\",\"name\":\"Auflieger von Berger jetzt im Vertrieb von Schmitz Cargobull - Krafthand-Truck\",\"isPartOf\":{\"@id\":\"https:\\\/\\\/www.krafthand.de\\\/truck\\\/#website\"},\"primaryImageOfPage\":{\"@id\":\"https:\\\/\\\/www.krafthand.de\\\/truck\\\/artikel\\\/auflieger-von-berger-jetzt-im-vertrieb-von-schmitz-cargobull-38577\\\/#primaryimage\"},\"image\":{\"@id\":\"https:\\\/\\\/www.krafthand.de\\\/truck\\\/artikel\\\/auflieger-von-berger-jetzt-im-vertrieb-von-schmitz-cargobull-38577\\\/#primaryimage\"},\"thumbnailUrl\":\"https:\\\/\\\/static.krafthand-truck.de\\\/uploads\\\/2024\\\/01\\\/Berger_Ecotrail_Schmitz_Cargobull.jpg\",\"datePublished\":\"2024-01-19T09:00:13+00:00\",\"dateModified\":\"2024-01-19T09:17:02+00:00\",\"author\":{\"@id\":\"https:\\\/\\\/www.krafthand.de\\\/truck\\\/#\\\/schema\\\/person\\\/51fa80b1c57034c4bf63f9f988fc24ce\"},\"description\":\"Auflieger der Marke Berger-Ecotrail k\u00f6nnen seit Jahresbeginn \u00fcber das Schmitz Cargobull Vertriebsnetz bezogen werden.\",\"breadcrumb\":{\"@id\":\"https:\\\/\\\/www.krafthand.de\\\/truck\\\/artikel\\\/auflieger-von-berger-jetzt-im-vertrieb-von-schmitz-cargobull-38577\\\/#breadcrumb\"},\"inLanguage\":\"de\",\"potentialAction\":[{\"@type\":\"ReadAction\",\"target\":[\"https:\\\/\\\/www.krafthand.de\\\/truck\\\/artikel\\\/auflieger-von-berger-jetzt-im-vertrieb-von-schmitz-cargobull-38577\\\/\"]}]},{\"@type\":\"ImageObject\",\"inLanguage\":\"de\",\"@id\":\"https:\\\/\\\/www.krafthand.de\\\/truck\\\/artikel\\\/auflieger-von-berger-jetzt-im-vertrieb-von-schmitz-cargobull-38577\\\/#primaryimage\",\"url\":\"https:\\\/\\\/static.krafthand-truck.de\\\/uploads\\\/2024\\\/01\\\/Berger_Ecotrail_Schmitz_Cargobull.jpg\",\"contentUrl\":\"https:\\\/\\\/static.krafthand-truck.de\\\/uploads\\\/2024\\\/01\\\/Berger_Ecotrail_Schmitz_Cargobull.jpg\",\"width\":1200,\"height\":664},{\"@type\":\"BreadcrumbList\",\"@id\":\"https:\\\/\\\/www.krafthand.de\\\/truck\\\/artikel\\\/auflieger-von-berger-jetzt-im-vertrieb-von-schmitz-cargobull-38577\\\/#breadcrumb\",\"itemListElement\":[{\"@type\":\"ListItem\",\"position\":1,\"name\":\"Krafthand-Truck\",\"item\":\"https:\\\/\\\/www.krafthand.de\\\/truck\\\/\"},{\"@type\":\"ListItem\",\"position\":2,\"name\":\"Nfz-Branche\",\"item\":\"https:\\\/\\\/www.krafthand.de\\\/truck\\\/kategorie\\\/branche\\\/\"},{\"@type\":\"ListItem\",\"position\":3,\"name\":\"Unternehmen\",\"item\":\"https:\\\/\\\/www.krafthand.de\\\/truck\\\/kategorie\\\/branche\\\/unternehmen\\\/\"},{\"@type\":\"ListItem\",\"position\":4,\"name\":\"Auflieger von Berger jetzt im Vertrieb von Schmitz Cargobull\"}]},{\"@type\":\"WebSite\",\"@id\":\"https:\\\/\\\/www.krafthand.de\\\/truck\\\/#website\",\"url\":\"https:\\\/\\\/www.krafthand.de\\\/truck\\\/\",\"name\":\"Krafthand-Truck\",\"description\":\"\",\"potentialAction\":[{\"@type\":\"SearchAction\",\"target\":{\"@type\":\"EntryPoint\",\"urlTemplate\":\"https:\\\/\\\/www.krafthand.de\\\/truck\\\/?s={search_term_string}\"},\"query-input\":{\"@type\":\"PropertyValueSpecification\",\"valueRequired\":true,\"valueName\":\"search_term_string\"}}],\"inLanguage\":\"de\"},{\"@type\":\"Person\",\"@id\":\"https:\\\/\\\/www.krafthand.de\\\/truck\\\/#\\\/schema\\\/person\\\/51fa80b1c57034c4bf63f9f988fc24ce\",\"name\":\"georg.blenk@krafthand-medien.de\",\"image\":{\"@type\":\"ImageObject\",\"inLanguage\":\"de\",\"@id\":\"https:\\\/\\\/secure.gravatar.com\\\/avatar\\\/93713c30affe0aa95d3a4130e499bb1abee2eb31adbdd9ce2aa1543538490215?s=96&d=mm&r=g\",\"url\":\"https:\\\/\\\/secure.gravatar.com\\\/avatar\\\/93713c30affe0aa95d3a4130e499bb1abee2eb31adbdd9ce2aa1543538490215?s=96&d=mm&r=g\",\"contentUrl\":\"https:\\\/\\\/secure.gravatar.com\\\/avatar\\\/93713c30affe0aa95d3a4130e499bb1abee2eb31adbdd9ce2aa1543538490215?s=96&d=mm&r=g\",\"caption\":\"georg.blenk@krafthand-medien.de\"}}]}<\/script>\n<!-- \/ Yoast SEO plugin. -->","yoast_head_json":{"title":"Auflieger von Berger jetzt im Vertrieb von Schmitz Cargobull - Krafthand-Truck","description":"Auflieger der Marke Berger-Ecotrail k\u00f6nnen seit Jahresbeginn \u00fcber das Schmitz Cargobull Vertriebsnetz bezogen werden.","robots":{"index":"index","follow":"follow","max-snippet":"max-snippet:-1","max-image-preview":"max-image-preview:large","max-video-preview":"max-video-preview:-1"},"canonical":"https:\/\/www.krafthand.de\/truck\/artikel\/auflieger-von-berger-jetzt-im-vertrieb-von-schmitz-cargobull-38577\/","og_locale":"de_DE","og_type":"article","og_title":"Auflieger von Berger jetzt im Vertrieb von Schmitz Cargobull - Krafthand-Truck","og_description":"Auflieger der Marke Berger-Ecotrail k\u00f6nnen seit Jahresbeginn \u00fcber das Schmitz Cargobull Vertriebsnetz bezogen werden.","og_url":"https:\/\/www.krafthand-truck.de\/artikel\/auflieger-von-berger-jetzt-im-vertrieb-von-schmitz-cargobull-38577\/","og_site_name":"Krafthand-Truck","article_published_time":"2024-01-19T09:00:13+00:00","article_modified_time":"2024-01-19T09:17:02+00:00","og_image":[{"width":1200,"height":664,"url":"https:\/\/static.krafthand-truck.de\/uploads\/2024\/01\/Berger_Ecotrail_Schmitz_Cargobull.jpg","type":"image\/jpeg"}],"author":"georg.blenk@krafthand-medien.de","twitter_card":"summary_large_image","twitter_misc":{"Verfasst von":"georg.blenk@krafthand-medien.de","Gesch\u00e4tzte Lesezeit":"2\u00a0Minuten"},"schema":{"@context":"https:\/\/schema.org","@graph":[{"@type":"Article","@id":"https:\/\/www.krafthand.de\/truck\/artikel\/auflieger-von-berger-jetzt-im-vertrieb-von-schmitz-cargobull-38577\/#article","isPartOf":{"@id":"https:\/\/www.krafthand.de\/truck\/artikel\/auflieger-von-berger-jetzt-im-vertrieb-von-schmitz-cargobull-38577\/"},"author":{"name":"georg.blenk@krafthand-medien.de","@id":"https:\/\/www.krafthand.de\/truck\/#\/schema\/person\/51fa80b1c57034c4bf63f9f988fc24ce"},"headline":"Auflieger von Berger jetzt im Vertrieb von Schmitz Cargobull","datePublished":"2024-01-19T09:00:13+00:00","dateModified":"2024-01-19T09:17:02+00:00","mainEntityOfPage":{"@id":"https:\/\/www.krafthand.de\/truck\/artikel\/auflieger-von-berger-jetzt-im-vertrieb-von-schmitz-cargobull-38577\/"},"wordCount":243,"image":{"@id":"https:\/\/www.krafthand.de\/truck\/artikel\/auflieger-von-berger-jetzt-im-vertrieb-von-schmitz-cargobull-38577\/#primaryimage"},"thumbnailUrl":"https:\/\/static.krafthand-truck.de\/uploads\/2024\/01\/Berger_Ecotrail_Schmitz_Cargobull.jpg","keywords":["Berger-Ecotrail","Schmitz Cargobul"],"articleSection":["Trailer\/Aufbauten","Unternehmen"],"inLanguage":"de"},{"@type":"WebPage","@id":"https:\/\/www.krafthand.de\/truck\/artikel\/auflieger-von-berger-jetzt-im-vertrieb-von-schmitz-cargobull-38577\/","url":"https:\/\/www.krafthand.de\/truck\/artikel\/auflieger-von-berger-jetzt-im-vertrieb-von-schmitz-cargobull-38577\/","name":"Auflieger von Berger jetzt im Vertrieb von Schmitz Cargobull - Krafthand-Truck","isPartOf":{"@id":"https:\/\/www.krafthand.de\/truck\/#website"},"primaryImageOfPage":{"@id":"https:\/\/www.krafthand.de\/truck\/artikel\/auflieger-von-berger-jetzt-im-vertrieb-von-schmitz-cargobull-38577\/#primaryimage"},"image":{"@id":"https:\/\/www.krafthand.de\/truck\/artikel\/auflieger-von-berger-jetzt-im-vertrieb-von-schmitz-cargobull-38577\/#primaryimage"},"thumbnailUrl":"https:\/\/static.krafthand-truck.de\/uploads\/2024\/01\/Berger_Ecotrail_Schmitz_Cargobull.jpg","datePublished":"2024-01-19T09:00:13+00:00","dateModified":"2024-01-19T09:17:02+00:00","author":{"@id":"https:\/\/www.krafthand.de\/truck\/#\/schema\/person\/51fa80b1c57034c4bf63f9f988fc24ce"},"description":"Auflieger der Marke Berger-Ecotrail k\u00f6nnen seit Jahresbeginn \u00fcber das Schmitz Cargobull Vertriebsnetz bezogen werden.","breadcrumb":{"@id":"https:\/\/www.krafthand.de\/truck\/artikel\/auflieger-von-berger-jetzt-im-vertrieb-von-schmitz-cargobull-38577\/#breadcrumb"},"inLanguage":"de","potentialAction":[{"@type":"ReadAction","target":["https:\/\/www.krafthand.de\/truck\/artikel\/auflieger-von-berger-jetzt-im-vertrieb-von-schmitz-cargobull-38577\/"]}]},{"@type":"ImageObject","inLanguage":"de","@id":"https:\/\/www.krafthand.de\/truck\/artikel\/auflieger-von-berger-jetzt-im-vertrieb-von-schmitz-cargobull-38577\/#primaryimage","url":"https:\/\/static.krafthand-truck.de\/uploads\/2024\/01\/Berger_Ecotrail_Schmitz_Cargobull.jpg","contentUrl":"https:\/\/static.krafthand-truck.de\/uploads\/2024\/01\/Berger_Ecotrail_Schmitz_Cargobull.jpg","width":1200,"height":664},{"@type":"BreadcrumbList","@id":"https:\/\/www.krafthand.de\/truck\/artikel\/auflieger-von-berger-jetzt-im-vertrieb-von-schmitz-cargobull-38577\/#breadcrumb","itemListElement":[{"@type":"ListItem","position":1,"name":"Krafthand-Truck","item":"https:\/\/www.krafthand.de\/truck\/"},{"@type":"ListItem","position":2,"name":"Nfz-Branche","item":"https:\/\/www.krafthand.de\/truck\/kategorie\/branche\/"},{"@type":"ListItem","position":3,"name":"Unternehmen","item":"https:\/\/www.krafthand.de\/truck\/kategorie\/branche\/unternehmen\/"},{"@type":"ListItem","position":4,"name":"Auflieger von Berger jetzt im Vertrieb von Schmitz Cargobull"}]},{"@type":"WebSite","@id":"https:\/\/www.krafthand.de\/truck\/#website","url":"https:\/\/www.krafthand.de\/truck\/","name":"Krafthand-Truck","description":"","potentialAction":[{"@type":"SearchAction","target":{"@type":"EntryPoint","urlTemplate":"https:\/\/www.krafthand.de\/truck\/?s={search_term_string}"},"query-input":{"@type":"PropertyValueSpecification","valueRequired":true,"valueName":"search_term_string"}}],"inLanguage":"de"},{"@type":"Person","@id":"https:\/\/www.krafthand.de\/truck\/#\/schema\/person\/51fa80b1c57034c4bf63f9f988fc24ce","name":"georg.blenk@krafthand-medien.de","image":{"@type":"ImageObject","inLanguage":"de","@id":"https:\/\/secure.gravatar.com\/avatar\/93713c30affe0aa95d3a4130e499bb1abee2eb31adbdd9ce2aa1543538490215?s=96&d=mm&r=g","url":"https:\/\/secure.gravatar.com\/avatar\/93713c30affe0aa95d3a4130e499bb1abee2eb31adbdd9ce2aa1543538490215?s=96&d=mm&r=g","contentUrl":"https:\/\/secure.gravatar.com\/avatar\/93713c30affe0aa95d3a4130e499bb1abee2eb31adbdd9ce2aa1543538490215?s=96&d=mm&r=g","caption":"georg.blenk@krafthand-medien.de"}}]}},"_links":{"self":[{"href":"https:\/\/www.krafthand.de\/truck\/wp-json\/wp\/v2\/posts\/38577","targetHints":{"allow":["GET"]}}],"collection":[{"href":"https:\/\/www.krafthand.de\/truck\/wp-json\/wp\/v2\/posts"}],"about":[{"href":"https:\/\/www.krafthand.de\/truck\/wp-json\/wp\/v2\/types\/post"}],"author":[{"embeddable":true,"href":"https:\/\/www.krafthand.de\/truck\/wp-json\/wp\/v2\/users\/9"}],"replies":[{"embeddable":true,"href":"https:\/\/www.krafthand.de\/truck\/wp-json\/wp\/v2\/comments?post=38577"}],"version-history":[{"count":5,"href":"https:\/\/www.krafthand.de\/truck\/wp-json\/wp\/v2\/posts\/38577\/revisions"}],"predecessor-version":[{"id":38582,"href":"https:\/\/www.krafthand.de\/truck\/wp-json\/wp\/v2\/posts\/38577\/revisions\/38582"}],"wp:featuredmedia":[{"embeddable":true,"href":"https:\/\/www.krafthand.de\/truck\/wp-json\/wp\/v2\/media\/38583"}],"wp:attachment":[{"href":"https:\/\/www.krafthand.de\/truck\/wp-json\/wp\/v2\/media?parent=38577"}],"wp:term":[{"taxonomy":"category","embeddable":true,"href":"https:\/\/www.krafthand.de\/truck\/wp-json\/wp\/v2\/categories?post=38577"},{"taxonomy":"post_tag","embeddable":true,"href":"https:\/\/www.krafthand.de\/truck\/wp-json\/wp\/v2\/tags?post=38577"},{"taxonomy":"settings","embeddable":true,"href":"https:\/\/www.krafthand.de\/truck\/wp-json\/wp\/v2\/settings?post=38577"}],"curies":[{"name":"wp","href":"https:\/\/api.w.org\/{rel}","templated":true}]}}